{"id":8070,"date":"2015-10-14T16:13:05","date_gmt":"2015-10-14T14:13:05","guid":{"rendered":"https:\/\/www.iemj.org\/2015\/10\/14\/gala-concert-of-the-european-institute-for-jewish-music\/"},"modified":"2022-01-25T12:49:45","modified_gmt":"2022-01-25T11:49:45","slug":"gala-concert-of-the-european-institute-for-jewish-music","status":"publish","type":"post","link":"https:\/\/www.iemj.org\/en\/gala-concert-of-the-european-institute-for-jewish-music\/","title":{"rendered":"Gala concert of the European Institute of Jewish Music"},"content":{"rendered":"<p class=\"post_excerpt\"><strong>Organised by the Fondation Henriette Halphen, under the auspices of the Fondation du Juda\u00efsme Fran\u00e7ais<\/strong><\/p>\n<p><!--more--><\/p>\n<h2 class=\"post_excerpt\" style=\"text-align: center;\"><strong>Sunday November 8, 2015 at 5.30 PM Th\u00e9\u00e2tre Adyar &#8211; 4, square Rapp, 75007 Paris<\/strong><\/h2>\n<p><!--more--><\/p>\n<h2 style=\"text-align: center;\">The European Institute of Jewish Music is pleased to invite you to its great Gala Concert<\/h2>\n<h2 style=\"text-align: center;\"><strong>&#8220;la musique juive dans tous ses \u00e9tats&#8221;<\/strong><\/h2>\n<h2><\/h2>\n<h3 style=\"text-align: center;\"><strong>Featuring classical and klezmer music, Judeo-Spanish and Yiddish song, the concert will be followed by a cocktail. <\/strong><\/h3>\n<h1><\/h1>\n<h1><\/h1>\n\n\n<div class=\"wp-block-columns is-layout-flex wp-container-core-columns-is-layout-9d6595d7 wp-block-columns-is-layout-flex\">\n<div class=\"wp-block-columns is-layout-flex wp-container-core-columns-is-layout-9d6595d7 wp-block-columns-is-layout-flex\"><\/div>\n<\/div>\n\n\n<h1><\/h1>\n\n\n<div class=\"wp-block-columns is-layout-flex wp-container-core-columns-is-layout-9d6595d7 wp-block-columns-is-layout-flex\">\n<div class=\"wp-block-columns is-layout-flex wp-container-core-columns-is-layout-9d6595d7 wp-block-columns-is-layout-flex\">\u00a0<\/div>\n<\/div>\n\n\n<h3 style=\"text-align: center;\"><strong>CONCERT PROGRAM<\/strong><\/h3>\n<p>\u00a0<\/p>\n<center><strong>CLASSICAL MUSIC<\/strong><\/center>\n<p style=\"text-align: center;\"><strong>Fernand Halphen<\/strong><br \/>&#8211; Feuillet d\u2019album, for piano<br \/>&#8211; Andante religioso for cello and piano<br \/>&#8211; Sonate for piano and violin \u2013 1st movement<\/p>\n<p style=\"text-align: center;\"><strong> Alberto Hemsi <\/strong><br \/>&#8211; 2\u00e8me Suite Sefardie (1956) for piano and viola (French premiere)<\/p>\n<p style=\"text-align: center;\"><strong>Serge Kaufmann<\/strong><br \/>&#8211; Petite suite Klezmer for clarinet and piano (World premiere)<\/p>\n<p style=\"text-align: center;\"><strong>Georges Enesco<\/strong><br \/>&#8211; Nocturne Ville d\u2019Avrayen for piano,violin, alto and cello (World premiere of the original version)<\/p>\n<p style=\"text-align: center;\">Martine Bailly, cello ; Philippe Cuper, clarinet ; Yun-Yang Lee, piano ; Florin Szigeti, violin ; Ralph Szigeti, viola<\/p>\n<p style=\"text-align: center;\">\u00a0<\/p>\n<center><strong>TRADITIONNAL JUDEO-SPANISH SONGS<\/strong><\/center>\n<p style=\"text-align: center;\"><a href=\"http:\/\/kerenesther.org\/\">Keren Esther<\/a> (vocals) and Narciso Sa\u00fal (guitar)<\/p>\n<p>\u00a0<\/p>\n<center><strong>KLEZMER MUSIC AND YIDDISH SONGS<\/strong><\/center>\n<p style=\"text-align: center;\"><a href=\"http:\/\/yiddishmusic.wix.com\/yerushe\">Yerushe<\/a>: Eleonore Biezunski (vocals and violin) &#8211; Stephen Harrison (double-bass) &#8211; Michel Schick (clarinet) &#8211; Piotr Odrekhivskyy (accordion)<\/p>\n<p>\u00a0<\/p>\n<p><a href=\"https:\/\/www.iemj.org\/IMG\/pdf\/20151002_iemj_flyer_ok-2.pdf\">Consult the program of the concert.<\/a><br \/><a href=\"https:\/\/www.iemj.org\/IMG\/pdf\/dossier_presse_concert_gala_iemj_08-11-2015-2.pdf\">Download the press book.<\/a><\/p>\n<p><strong>Practical informations:<\/strong><br \/>Th\u00e9\u00e2tre Adyar &#8211; 4, square Rapp, 75007 Paris<br \/>M\u00e9tro: Ecole Militaire, RER C: Pont de l\u2019Alma, Bus : 42 \u2013 63 \u2013 69 \u2013 80 \u2013 87 \u2013 92<br \/>Admission: 25 \u20ac &#8211; 50 \u20ac* &#8211; 100 \u20ac* &#8211; 200 \u20ac* (*tax deductible with Cerfa)<br \/>Reservation highly recommended: +33 (0)1 45 82 20 52.<br \/>Contact: Jacqueline Roten : +33 (0)1 45 82 20 52 \u2013 <a href=\"contact@iemj.org\">contact@iemj.org<\/a><\/p>\n<p>You can also support the European Institute of Jewish Music by making a donation online. For all donation superior to 200 \u20ac, a Premium ticket.<\/p>\n<form action=\"https:\/\/www.paypal.com\/cgi-bin\/webscr\" method=\"post\" target=\"_top\"><input name=\"cmd\" type=\"hidden\" value=\"_s-xclick\" \/><br \/><input name=\"hosted_button_id\" type=\"hidden\" value=\"8MVMYKYLYM7R4\" \/><br \/><input alt=\"PayPal - la solution de paiement en ligne la plus simple et la plus s\u00e9curis\u00e9e !\" name=\"submit\" src=\"https:\/\/www.paypalobjects.com\/fr_FR\/FR\/i\/btn\/btn_donateCC_LG.gif\" type=\"image\" \/><br \/><img decoding=\"async\" src=\"https:\/\/www.paypalobjects.com\/fr_FR\/i\/scr\/pixel.gif\" alt=\"\" width=\"1\" height=\"1\" border=\"0\" \/><\/form>","protected":false},"excerpt":{"rendered":"<p>Organised by the Fondation Henriette Halphen, under the auspices of the Fondation du Juda\u00efsme Fran\u00e7ais<\/p>\n","protected":false},"author":1051,"featured_media":8068,"comment_status":"closed","ping_status":"open","sticky":false,"template":"","format":"standard","meta":{"_acf_changed":false,"footnotes":""},"categories":[1377,1369],"tags":[2222],"technique":[],"squelettes":[],"sujet":[],"formation":[],"genre":[],"fonds":[],"tradition":[],"type-de-contenu":[],"interprete-compositeur":[],"frise":[],"type-devenement":[],"tableaux-liens-externes":[],"class_list":["post-8070","post","type-post","status-publish","format-standard","has-post-thumbnail","hentry","category-concerts-events-en","category-events-en","tag-eijm-events-en"],"acf":[],"yoast_head":"<!-- This site is optimized with the Yoast SEO plugin v27.3 - https:\/\/yoast.com\/product\/yoast-seo-wordpress\/ -->\n<title>Gala concert of the European Institute of Jewish Music - Institut Europ\u00e9en des Musiques Juives<\/title>\n<meta name=\"robots\" content=\"noindex, follow\" \/>\n<meta property=\"og:locale\" content=\"en_US\" \/>\n<meta property=\"og:type\" content=\"article\" \/>\n<meta property=\"og:title\" content=\"Gala concert of the European Institute of Jewish Music - Institut Europ\u00e9en des Musiques Juives\" \/>\n<meta property=\"og:description\" content=\"Organised by the Fondation Henriette Halphen, under the auspices of the Fondation du Juda\u00efsme Fran\u00e7ais\" \/>\n<meta property=\"og:url\" content=\"https:\/\/www.iemj.org\/en\/gala-concert-of-the-european-institute-for-jewish-music\/\" \/>\n<meta property=\"og:site_name\" content=\"Institut Europ\u00e9en des Musiques Juives\" \/>\n<meta property=\"article:publisher\" content=\"https:\/\/www.facebook.com\/MusiquesJuives\/\" \/>\n<meta property=\"article:published_time\" content=\"2015-10-14T14:13:05+00:00\" \/>\n<meta property=\"article:modified_time\" content=\"2022-01-25T11:49:45+00:00\" \/>\n<meta property=\"og:image\" content=\"https:\/\/www.iemj.org\/wp-content\/uploads\/2015\/10\/arton1163.jpg\" \/>\n\t<meta property=\"og:image:width\" content=\"500\" \/>\n\t<meta property=\"og:image:height\" content=\"535\" \/>\n\t<meta property=\"og:image:type\" content=\"image\/jpeg\" \/>\n<meta name=\"author\" content=\"Eleonore Biezunski\" \/>\n<meta name=\"twitter:card\" content=\"summary_large_image\" \/>\n<meta name=\"twitter:label1\" content=\"Written by\" \/>\n\t<meta name=\"twitter:data1\" content=\"Eleonore Biezunski\" \/>\n\t<meta name=\"twitter:label2\" content=\"Est. reading time\" \/>\n\t<meta name=\"twitter:data2\" content=\"2 minutes\" \/>\n<script type=\"application\/ld+json\" class=\"yoast-schema-graph\">{\"@context\":\"https:\\\/\\\/schema.org\",\"@graph\":[{\"@type\":\"Article\",\"@id\":\"https:\\\/\\\/www.iemj.org\\\/en\\\/gala-concert-of-the-european-institute-for-jewish-music\\\/#article\",\"isPartOf\":{\"@id\":\"https:\\\/\\\/www.iemj.org\\\/en\\\/gala-concert-of-the-european-institute-for-jewish-music\\\/\"},\"author\":{\"name\":\"Eleonore Biezunski\",\"@id\":\"https:\\\/\\\/www.iemj.org\\\/en\\\/#\\\/schema\\\/person\\\/b642ef6ac700534beb3a478a1044fc58\"},\"headline\":\"Gala concert of the European Institute of Jewish Music\",\"datePublished\":\"2015-10-14T14:13:05+00:00\",\"dateModified\":\"2022-01-25T11:49:45+00:00\",\"mainEntityOfPage\":{\"@id\":\"https:\\\/\\\/www.iemj.org\\\/en\\\/gala-concert-of-the-european-institute-for-jewish-music\\\/\"},\"wordCount\":263,\"publisher\":{\"@id\":\"https:\\\/\\\/www.iemj.org\\\/en\\\/#organization\"},\"image\":{\"@id\":\"https:\\\/\\\/www.iemj.org\\\/en\\\/gala-concert-of-the-european-institute-for-jewish-music\\\/#primaryimage\"},\"thumbnailUrl\":\"https:\\\/\\\/www.iemj.org\\\/wp-content\\\/uploads\\\/2015\\\/10\\\/arton1163.jpg\",\"keywords\":[\"EIJM Events\"],\"articleSection\":[\"Concerts\",\"Events\"],\"inLanguage\":\"en-US\"},{\"@type\":\"WebPage\",\"@id\":\"https:\\\/\\\/www.iemj.org\\\/en\\\/gala-concert-of-the-european-institute-for-jewish-music\\\/\",\"url\":\"https:\\\/\\\/www.iemj.org\\\/en\\\/gala-concert-of-the-european-institute-for-jewish-music\\\/\",\"name\":\"Gala concert of the European Institute of Jewish Music - Institut Europ\u00e9en des Musiques Juives\",\"isPartOf\":{\"@id\":\"https:\\\/\\\/www.iemj.org\\\/en\\\/#website\"},\"primaryImageOfPage\":{\"@id\":\"https:\\\/\\\/www.iemj.org\\\/en\\\/gala-concert-of-the-european-institute-for-jewish-music\\\/#primaryimage\"},\"image\":{\"@id\":\"https:\\\/\\\/www.iemj.org\\\/en\\\/gala-concert-of-the-european-institute-for-jewish-music\\\/#primaryimage\"},\"thumbnailUrl\":\"https:\\\/\\\/www.iemj.org\\\/wp-content\\\/uploads\\\/2015\\\/10\\\/arton1163.jpg\",\"datePublished\":\"2015-10-14T14:13:05+00:00\",\"dateModified\":\"2022-01-25T11:49:45+00:00\",\"breadcrumb\":{\"@id\":\"https:\\\/\\\/www.iemj.org\\\/en\\\/gala-concert-of-the-european-institute-for-jewish-music\\\/#breadcrumb\"},\"inLanguage\":\"en-US\",\"potentialAction\":[{\"@type\":\"ReadAction\",\"target\":[\"https:\\\/\\\/www.iemj.org\\\/en\\\/gala-concert-of-the-european-institute-for-jewish-music\\\/\"]}]},{\"@type\":\"ImageObject\",\"inLanguage\":\"en-US\",\"@id\":\"https:\\\/\\\/www.iemj.org\\\/en\\\/gala-concert-of-the-european-institute-for-jewish-music\\\/#primaryimage\",\"url\":\"https:\\\/\\\/www.iemj.org\\\/wp-content\\\/uploads\\\/2015\\\/10\\\/arton1163.jpg\",\"contentUrl\":\"https:\\\/\\\/www.iemj.org\\\/wp-content\\\/uploads\\\/2015\\\/10\\\/arton1163.jpg\",\"width\":500,\"height\":535},{\"@type\":\"BreadcrumbList\",\"@id\":\"https:\\\/\\\/www.iemj.org\\\/en\\\/gala-concert-of-the-european-institute-for-jewish-music\\\/#breadcrumb\",\"itemListElement\":[{\"@type\":\"ListItem\",\"position\":1,\"name\":\"Accueil\",\"item\":\"https:\\\/\\\/www.iemj.org\\\/en\\\/\"},{\"@type\":\"ListItem\",\"position\":2,\"name\":\"Gala concert of the European Institute of Jewish Music\"}]},{\"@type\":\"WebSite\",\"@id\":\"https:\\\/\\\/www.iemj.org\\\/en\\\/#website\",\"url\":\"https:\\\/\\\/www.iemj.org\\\/en\\\/\",\"name\":\"Institut Europ\u00e9en des Musiques Juives\",\"description\":\"Des traditions musicales \u00e0 la port\u00e9e de tous\",\"publisher\":{\"@id\":\"https:\\\/\\\/www.iemj.org\\\/en\\\/#organization\"},\"potentialAction\":[{\"@type\":\"SearchAction\",\"target\":{\"@type\":\"EntryPoint\",\"urlTemplate\":\"https:\\\/\\\/www.iemj.org\\\/en\\\/?s={search_term_string}\"},\"query-input\":{\"@type\":\"PropertyValueSpecification\",\"valueRequired\":true,\"valueName\":\"search_term_string\"}}],\"inLanguage\":\"en-US\"},{\"@type\":\"Organization\",\"@id\":\"https:\\\/\\\/www.iemj.org\\\/en\\\/#organization\",\"name\":\"Institut Europ\u00e9en des Musiques Juives\",\"url\":\"https:\\\/\\\/www.iemj.org\\\/en\\\/\",\"logo\":{\"@type\":\"ImageObject\",\"inLanguage\":\"en-US\",\"@id\":\"https:\\\/\\\/www.iemj.org\\\/en\\\/#\\\/schema\\\/logo\\\/image\\\/\",\"url\":\"https:\\\/\\\/www.iemj.org\\\/wp-content\\\/uploads\\\/2021\\\/09\\\/Logo-IEMJ-Paypal.jpg\",\"contentUrl\":\"https:\\\/\\\/www.iemj.org\\\/wp-content\\\/uploads\\\/2021\\\/09\\\/Logo-IEMJ-Paypal.jpg\",\"width\":150,\"height\":50,\"caption\":\"Institut Europ\u00e9en des Musiques Juives\"},\"image\":{\"@id\":\"https:\\\/\\\/www.iemj.org\\\/en\\\/#\\\/schema\\\/logo\\\/image\\\/\"},\"sameAs\":[\"https:\\\/\\\/www.facebook.com\\\/MusiquesJuives\\\/\",\"https:\\\/\\\/www.instagram.com\\\/musiquesjuives\\\/\",\"https:\\\/\\\/www.youtube.com\\\/user\\\/musiquesjuives\"]},{\"@type\":\"Person\",\"@id\":\"https:\\\/\\\/www.iemj.org\\\/en\\\/#\\\/schema\\\/person\\\/b642ef6ac700534beb3a478a1044fc58\",\"name\":\"Eleonore Biezunski\",\"image\":{\"@type\":\"ImageObject\",\"inLanguage\":\"en-US\",\"@id\":\"https:\\\/\\\/secure.gravatar.com\\\/avatar\\\/23ebe6af626286145e05768bed85e683b6fb680909f71fae7052aa52346a660a?s=96&d=mm&r=g\",\"url\":\"https:\\\/\\\/secure.gravatar.com\\\/avatar\\\/23ebe6af626286145e05768bed85e683b6fb680909f71fae7052aa52346a660a?s=96&d=mm&r=g\",\"contentUrl\":\"https:\\\/\\\/secure.gravatar.com\\\/avatar\\\/23ebe6af626286145e05768bed85e683b6fb680909f71fae7052aa52346a660a?s=96&d=mm&r=g\",\"caption\":\"Eleonore Biezunski\"}}]}<\/script>\n<!-- \/ Yoast SEO plugin. -->","yoast_head_json":{"title":"Gala concert of the European Institute of Jewish Music - Institut Europ\u00e9en des Musiques Juives","robots":{"index":"noindex","follow":"follow"},"og_locale":"en_US","og_type":"article","og_title":"Gala concert of the European Institute of Jewish Music - Institut Europ\u00e9en des Musiques Juives","og_description":"Organised by the Fondation Henriette Halphen, under the auspices of the Fondation du Juda\u00efsme Fran\u00e7ais","og_url":"https:\/\/www.iemj.org\/en\/gala-concert-of-the-european-institute-for-jewish-music\/","og_site_name":"Institut Europ\u00e9en des Musiques Juives","article_publisher":"https:\/\/www.facebook.com\/MusiquesJuives\/","article_published_time":"2015-10-14T14:13:05+00:00","article_modified_time":"2022-01-25T11:49:45+00:00","og_image":[{"width":500,"height":535,"url":"https:\/\/www.iemj.org\/wp-content\/uploads\/2015\/10\/arton1163.jpg","type":"image\/jpeg"}],"author":"Eleonore Biezunski","twitter_card":"summary_large_image","twitter_misc":{"Written by":"Eleonore Biezunski","Est. reading time":"2 minutes"},"schema":{"@context":"https:\/\/schema.org","@graph":[{"@type":"Article","@id":"https:\/\/www.iemj.org\/en\/gala-concert-of-the-european-institute-for-jewish-music\/#article","isPartOf":{"@id":"https:\/\/www.iemj.org\/en\/gala-concert-of-the-european-institute-for-jewish-music\/"},"author":{"name":"Eleonore Biezunski","@id":"https:\/\/www.iemj.org\/en\/#\/schema\/person\/b642ef6ac700534beb3a478a1044fc58"},"headline":"Gala concert of the European Institute of Jewish Music","datePublished":"2015-10-14T14:13:05+00:00","dateModified":"2022-01-25T11:49:45+00:00","mainEntityOfPage":{"@id":"https:\/\/www.iemj.org\/en\/gala-concert-of-the-european-institute-for-jewish-music\/"},"wordCount":263,"publisher":{"@id":"https:\/\/www.iemj.org\/en\/#organization"},"image":{"@id":"https:\/\/www.iemj.org\/en\/gala-concert-of-the-european-institute-for-jewish-music\/#primaryimage"},"thumbnailUrl":"https:\/\/www.iemj.org\/wp-content\/uploads\/2015\/10\/arton1163.jpg","keywords":["EIJM Events"],"articleSection":["Concerts","Events"],"inLanguage":"en-US"},{"@type":"WebPage","@id":"https:\/\/www.iemj.org\/en\/gala-concert-of-the-european-institute-for-jewish-music\/","url":"https:\/\/www.iemj.org\/en\/gala-concert-of-the-european-institute-for-jewish-music\/","name":"Gala concert of the European Institute of Jewish Music - Institut Europ\u00e9en des Musiques Juives","isPartOf":{"@id":"https:\/\/www.iemj.org\/en\/#website"},"primaryImageOfPage":{"@id":"https:\/\/www.iemj.org\/en\/gala-concert-of-the-european-institute-for-jewish-music\/#primaryimage"},"image":{"@id":"https:\/\/www.iemj.org\/en\/gala-concert-of-the-european-institute-for-jewish-music\/#primaryimage"},"thumbnailUrl":"https:\/\/www.iemj.org\/wp-content\/uploads\/2015\/10\/arton1163.jpg","datePublished":"2015-10-14T14:13:05+00:00","dateModified":"2022-01-25T11:49:45+00:00","breadcrumb":{"@id":"https:\/\/www.iemj.org\/en\/gala-concert-of-the-european-institute-for-jewish-music\/#breadcrumb"},"inLanguage":"en-US","potentialAction":[{"@type":"ReadAction","target":["https:\/\/www.iemj.org\/en\/gala-concert-of-the-european-institute-for-jewish-music\/"]}]},{"@type":"ImageObject","inLanguage":"en-US","@id":"https:\/\/www.iemj.org\/en\/gala-concert-of-the-european-institute-for-jewish-music\/#primaryimage","url":"https:\/\/www.iemj.org\/wp-content\/uploads\/2015\/10\/arton1163.jpg","contentUrl":"https:\/\/www.iemj.org\/wp-content\/uploads\/2015\/10\/arton1163.jpg","width":500,"height":535},{"@type":"BreadcrumbList","@id":"https:\/\/www.iemj.org\/en\/gala-concert-of-the-european-institute-for-jewish-music\/#breadcrumb","itemListElement":[{"@type":"ListItem","position":1,"name":"Accueil","item":"https:\/\/www.iemj.org\/en\/"},{"@type":"ListItem","position":2,"name":"Gala concert of the European Institute of Jewish Music"}]},{"@type":"WebSite","@id":"https:\/\/www.iemj.org\/en\/#website","url":"https:\/\/www.iemj.org\/en\/","name":"Institut Europ\u00e9en des Musiques Juives","description":"Des traditions musicales \u00e0 la port\u00e9e de tous","publisher":{"@id":"https:\/\/www.iemj.org\/en\/#organization"},"potentialAction":[{"@type":"SearchAction","target":{"@type":"EntryPoint","urlTemplate":"https:\/\/www.iemj.org\/en\/?s={search_term_string}"},"query-input":{"@type":"PropertyValueSpecification","valueRequired":true,"valueName":"search_term_string"}}],"inLanguage":"en-US"},{"@type":"Organization","@id":"https:\/\/www.iemj.org\/en\/#organization","name":"Institut Europ\u00e9en des Musiques Juives","url":"https:\/\/www.iemj.org\/en\/","logo":{"@type":"ImageObject","inLanguage":"en-US","@id":"https:\/\/www.iemj.org\/en\/#\/schema\/logo\/image\/","url":"https:\/\/www.iemj.org\/wp-content\/uploads\/2021\/09\/Logo-IEMJ-Paypal.jpg","contentUrl":"https:\/\/www.iemj.org\/wp-content\/uploads\/2021\/09\/Logo-IEMJ-Paypal.jpg","width":150,"height":50,"caption":"Institut Europ\u00e9en des Musiques Juives"},"image":{"@id":"https:\/\/www.iemj.org\/en\/#\/schema\/logo\/image\/"},"sameAs":["https:\/\/www.facebook.com\/MusiquesJuives\/","https:\/\/www.instagram.com\/musiquesjuives\/","https:\/\/www.youtube.com\/user\/musiquesjuives"]},{"@type":"Person","@id":"https:\/\/www.iemj.org\/en\/#\/schema\/person\/b642ef6ac700534beb3a478a1044fc58","name":"Eleonore Biezunski","image":{"@type":"ImageObject","inLanguage":"en-US","@id":"https:\/\/secure.gravatar.com\/avatar\/23ebe6af626286145e05768bed85e683b6fb680909f71fae7052aa52346a660a?s=96&d=mm&r=g","url":"https:\/\/secure.gravatar.com\/avatar\/23ebe6af626286145e05768bed85e683b6fb680909f71fae7052aa52346a660a?s=96&d=mm&r=g","contentUrl":"https:\/\/secure.gravatar.com\/avatar\/23ebe6af626286145e05768bed85e683b6fb680909f71fae7052aa52346a660a?s=96&d=mm&r=g","caption":"Eleonore Biezunski"}}]}},"_links":{"self":[{"href":"https:\/\/www.iemj.org\/en\/wp-json\/wp\/v2\/posts\/8070","targetHints":{"allow":["GET"]}}],"collection":[{"href":"https:\/\/www.iemj.org\/en\/wp-json\/wp\/v2\/posts"}],"about":[{"href":"https:\/\/www.iemj.org\/en\/wp-json\/wp\/v2\/types\/post"}],"author":[{"embeddable":true,"href":"https:\/\/www.iemj.org\/en\/wp-json\/wp\/v2\/users\/1051"}],"replies":[{"embeddable":true,"href":"https:\/\/www.iemj.org\/en\/wp-json\/wp\/v2\/comments?post=8070"}],"version-history":[{"count":0,"href":"https:\/\/www.iemj.org\/en\/wp-json\/wp\/v2\/posts\/8070\/revisions"}],"wp:featuredmedia":[{"embeddable":true,"href":"https:\/\/www.iemj.org\/en\/wp-json\/wp\/v2\/media\/8068"}],"wp:attachment":[{"href":"https:\/\/www.iemj.org\/en\/wp-json\/wp\/v2\/media?parent=8070"}],"wp:term":[{"taxonomy":"category","embeddable":true,"href":"https:\/\/www.iemj.org\/en\/wp-json\/wp\/v2\/categories?post=8070"},{"taxonomy":"post_tag","embeddable":true,"href":"https:\/\/www.iemj.org\/en\/wp-json\/wp\/v2\/tags?post=8070"},{"taxonomy":"technique","embeddable":true,"href":"https:\/\/www.iemj.org\/en\/wp-json\/wp\/v2\/technique?post=8070"},{"taxonomy":"squelettes","embeddable":true,"href":"https:\/\/www.iemj.org\/en\/wp-json\/wp\/v2\/squelettes?post=8070"},{"taxonomy":"sujet","embeddable":true,"href":"https:\/\/www.iemj.org\/en\/wp-json\/wp\/v2\/sujet?post=8070"},{"taxonomy":"formation","embeddable":true,"href":"https:\/\/www.iemj.org\/en\/wp-json\/wp\/v2\/formation?post=8070"},{"taxonomy":"genre","embeddable":true,"href":"https:\/\/www.iemj.org\/en\/wp-json\/wp\/v2\/genre?post=8070"},{"taxonomy":"fonds","embeddable":true,"href":"https:\/\/www.iemj.org\/en\/wp-json\/wp\/v2\/fonds?post=8070"},{"taxonomy":"tradition","embeddable":true,"href":"https:\/\/www.iemj.org\/en\/wp-json\/wp\/v2\/tradition?post=8070"},{"taxonomy":"type-de-contenu","embeddable":true,"href":"https:\/\/www.iemj.org\/en\/wp-json\/wp\/v2\/type-de-contenu?post=8070"},{"taxonomy":"interprete-compositeur","embeddable":true,"href":"https:\/\/www.iemj.org\/en\/wp-json\/wp\/v2\/interprete-compositeur?post=8070"},{"taxonomy":"frise","embeddable":true,"href":"https:\/\/www.iemj.org\/en\/wp-json\/wp\/v2\/frise?post=8070"},{"taxonomy":"type-devenement","embeddable":true,"href":"https:\/\/www.iemj.org\/en\/wp-json\/wp\/v2\/type-devenement?post=8070"},{"taxonomy":"tableaux-liens-externes","embeddable":true,"href":"https:\/\/www.iemj.org\/en\/wp-json\/wp\/v2\/tableaux-liens-externes?post=8070"}],"curies":[{"name":"wp","href":"https:\/\/api.w.org\/{rel}","templated":true}]}}