{"id":81063,"date":"2022-02-17T11:14:41","date_gmt":"2022-02-17T10:14:41","guid":{"rendered":"https:\/\/www.iemj.org\/le-journal-danne-frank\/"},"modified":"2025-10-19T18:13:09","modified_gmt":"2025-10-19T16:13:09","slug":"le-journal-danne-frank","status":"publish","type":"post","link":"https:\/\/www.iemj.org\/en\/le-journal-danne-frank\/","title":{"rendered":"Anne Frank&#8217;s Diary"},"content":{"rendered":"<p><strong>This record is available for listening in its entirety in the playlist below.<\/strong><\/p>\n<p>The producer <strong>St\u00e9phane Dykman<\/strong> has invited the pianist and composer <strong>Carine GUTLERNER <\/strong>to propose a personal musical framework, with a main violin theme and developments for a chamber music ensemble: \u201cI thought of a uncomplicated and deep music, played by ten or fifteen musicians, not more. I knew Carine Gutlerner and was convinced that she had the necessary qualities to write a score at the same time powerful and melodic. The score was developed over a period of 12 months ( exceptional in film work) and in narrow liaison with the adaptation. Several pieces have influenced the assembling of whole sequences, even playing an essential role in the telling of the story. We began by recording the music as such, without considering the requirements of the film, every piece in itself, without any cutting. In a second stage we then recorded them according to the specific needs of the movie.<\/p>\n<p>The CD reflects this state of mind.<\/p>\n<p>We brought together some of the best French soloists. Not only are they first class artists and virtuosi on their instrument, but also very creative, giving imagination and inspiration to their interpretation. Carine Gutlerner, who conducts and plays the piano parts, has an extraordinary sense for pictures, she also captured the very special and moving atmosphere of the diary.<\/p>\n<p><strong>THE MUSICIANS<\/strong><\/p>\n<p><strong>Carine H.D. GUTLERNER<\/strong><\/p>\n<p>Composer, concert pianist and choral conductor. Trained by Flore Levine.<\/p>\n<p>First prize in piano at the Royal Conservatory of Brussels. Doctorate in piano (DMA) and Master in Choral Conducting at the University of Kansas. Performs with equal passion the classical and contemporary repertoire (ToruTakemitsu, Fr\u00e9d\u00e9ric Van Rossum, William Mayer, Georges Rochberg, Peter E\u00f6tv\u00f6s&#8230;). She also composed the original music for the reference film &#8220;Paul Delvaux : carnets de croquis et toiles&#8221;.<\/p>\n<p><strong><em>Carine Gutlerner <\/em><\/strong> <em><strong>dedicates this music to her father and the victims of the Holocaust.<\/strong><\/em><\/p>\n<p><a href=\"https:\/\/carinegutlerner.com\/\" target=\"_blank\" rel=\"noopener\">www.carinegutlerner.com<\/a><\/p>\n<p><strong>Laurent KORCIA<\/strong><\/p>\n<p>French violinist. Recorded the music for the film on a Stradivarius &#8220;Zahn&#8221; from 1719.<\/p>\n<p>Winner of numerous competitions including the &#8220;Paganini&#8221; at the age of 18, Grand Prix of the Jacques Thibaud competition, soloist with the greatest French and foreign orchestras. He has recorded Ysaye&#8217;s sonatas for solo violin, a &#8220;Bart\u00f3k&#8221; (Lyrinx) and &#8220;the violin of Central Europe&#8221; (with Georges Pludermacher at the piano &#8211; BMG\/RCA). Virtuosity, inventiveness, fiery temperament. Laurent Korcia plays on a Stradivarius &#8211; the &#8220;Zahn&#8221; &#8211; lent by LVMH.<\/p>\n<p><a href=\"http:\/\/www.agencedianedusaillant.com\" target=\"_blank\" rel=\"noopener\">www.agencedianedusaillant.com<\/a><\/p>\n<p><strong>Xavier PHILLIPS<\/strong><\/p>\n<p>French cellist. Recorded the music for the film on a Matteo Gofriller from 1710.<\/p>\n<p>Numerous prizes including the Rostropovitch competition (1990). Choc de la musique for his sonatas by Schnittke, Shostakovich and Prokofiev with the pianist H\u00fcseyin Sermet (Harmonia Mundi). Regularly plays with the world&#8217;s leading orchestras. Tour in Japan with Laurent Korcia and Jean-Marc Luisada.<\/p>\n<p><a href=\"http:\/\/www.xavierphillips.com\" target=\"_blank\" rel=\"noopener\">www.xavierphillips.com<\/a><\/p>\n<p><strong>Philippe BERNOLD<\/strong><\/p>\n<p>Flautist. First great prize in the Jean-Pierre Rampal International Flute Competition in 1987. The only French winner of this prestigious competition since its creation, he is considered one of the most brilliant representatives of the French flute school.<\/p>\n<p><u><a href=\"http:\/\/www.philippebernold.fr\" target=\"_blank\" rel=\"noopener\">www.philippebernold.fr<\/a><\/u><\/p>\n<p>And the other musicians: Herv\u00e9 Joulain, a member of the Paris-Bastille Wind Quartet, as well as Olivier Doise, Romain Guyot and Jean Fran\u00e7ois Duquesnoy, each of whom has a solo career. Florence Roussin and Vinciane B\u00e9ranger are members of the Quatuor Cosi. Emmanuelle Bertrand, first prize winner of the Japan Chamber Music Competition and of the Maurice Ravel International Academy. Bernard Cazauran, double bass teacher at the CNSM in Lyon, has played with the Orchestre de Paris under the direction of Solti, Berstein and Barenboim, and premiered the Henri Dutilleux dyptique. Christine Icart is considered one of the best harpists of her generation. Eric Sammut is a member of the Orchestre de Paris. Ariane Jacob, who is a pianist, has kindly lent her assistance for the celesta parts.<\/p>\n<p><strong>\u2014\u2014\u2014\u2014-<\/strong><\/p>\n<p>Produced by St\u00e9phane Dykman &amp; Globe Trotter Network SA (France). Recorded at Studio Davout (Paris) Sound recording &amp; Mixing Claude Ermelin, assistant St\u00e9phane Reichart. Editing: Florence Gambini. Mastering: Fran\u00e7ois Breillat (Digipro).<\/p>\n<p>Musical assistant: Claude Abromont. ADLEEK SA, all rights reserved. Images from the film extracted from the cartoon \u00a9 A-N<\/p>\n<p>Production committee Images from the Making of \u00a9 St\u00e9phane Dykman<\/p>\n\n\n<div data-wp-interactive=\"core\/file\" class=\"wp-block-file\"><object data-wp-bind--hidden=\"!state.hasPdfPreview\" hidden class=\"wp-block-file__embed\" data=\"https:\/\/www.iemj.org\/wp-content\/uploads\/2022\/02\/LIVRET-CD-Anne-FRANK.pdf\" type=\"application\/pdf\" style=\"width:100%;height:600px\" aria-label=\"Embed of CD-Anne FRANK&apos;s Booklet.\"><\/object><a id=\"wp-block-file--media-d7346249-2827-49c8-8d95-4ea8057e4ee9\" href=\"https:\/\/www.iemj.org\/wp-content\/uploads\/2022\/02\/LIVRET-CD-Anne-FRANK.pdf\" target=\"_blank\" rel=\"noreferrer noopener\">CD-Anne FRANK&#8217;s Booklet<\/a><a href=\"https:\/\/www.iemj.org\/wp-content\/uploads\/2022\/02\/LIVRET-CD-Anne-FRANK.pdf\" class=\"wp-block-file__button wp-element-button\" download aria-describedby=\"wp-block-file--media-d7346249-2827-49c8-8d95-4ea8057e4ee9\"><mark>T\u00e9l\u00e9charger<\/mark><\/a><\/div>\n\n\n<div class=\"wp-block-image\">\n<figure class=\"aligncenter size-large\"><img fetchpriority=\"high\" decoding=\"async\" width=\"1024\" height=\"133\" src=\"https:\/\/www.iemj.org\/wp-content\/uploads\/2024\/03\/AUDIO-PLAYER-1024x133.png\" alt=\"\" class=\"wp-image-110607\" srcset=\"https:\/\/www.iemj.org\/wp-content\/uploads\/2024\/03\/AUDIO-PLAYER-1024x133.png 1024w, https:\/\/www.iemj.org\/wp-content\/uploads\/2024\/03\/AUDIO-PLAYER-300x39.png 300w, https:\/\/www.iemj.org\/wp-content\/uploads\/2024\/03\/AUDIO-PLAYER-768x100.png 768w, https:\/\/www.iemj.org\/wp-content\/uploads\/2024\/03\/AUDIO-PLAYER-600x78.png 600w, https:\/\/www.iemj.org\/wp-content\/uploads\/2024\/03\/AUDIO-PLAYER.png 1210w\" sizes=\"(max-width: 1024px) 100vw, 1024px\" \/><\/figure>\n<\/div>","protected":false},"excerpt":{"rendered":"<p>This record is available for listening in its entirety in the playlist below. The producer St\u00e9phane Dykman has invited the pianist and composer Carine GUTLERNER to propose a personal musical<\/p>\n","protected":false},"author":5,"featured_media":80825,"comment_status":"closed","ping_status":"closed","sticky":false,"template":"","format":"standard","meta":{"_acf_changed":false,"footnotes":""},"categories":[1570,1562],"tags":[],"technique":[],"squelettes":[],"sujet":[1802],"formation":[],"genre":[],"fonds":[],"tradition":[],"type-de-contenu":[],"interprete-compositeur":[],"frise":[],"type-devenement":[],"tableaux-liens-externes":[],"class_list":["post-81063","post","type-post","status-publish","format-standard","has-post-thumbnail","hentry","category-cd-latest-acquisition-en","category-latest-acquisitions-en","sujet-shoah-en"],"acf":[],"yoast_head":"<!-- This site is optimized with the Yoast SEO plugin v27.3 - https:\/\/yoast.com\/product\/yoast-seo-wordpress\/ -->\n<title>Anne Frank&#039;s Diary - Institut Europ\u00e9en des Musiques Juives<\/title>\n<meta name=\"robots\" content=\"index, follow, max-snippet:-1, max-image-preview:large, max-video-preview:-1\" \/>\n<link rel=\"canonical\" href=\"https:\/\/www.iemj.org\/en\/le-journal-danne-frank\/\" \/>\n<meta property=\"og:locale\" content=\"en_US\" \/>\n<meta property=\"og:type\" content=\"article\" \/>\n<meta property=\"og:title\" content=\"Anne Frank&#039;s Diary - Institut Europ\u00e9en des Musiques Juives\" \/>\n<meta property=\"og:description\" content=\"This record is available for listening in its entirety in the playlist below. The producer St\u00e9phane Dykman has invited the pianist and composer Carine GUTLERNER to propose a personal musical\" \/>\n<meta property=\"og:url\" content=\"https:\/\/www.iemj.org\/en\/le-journal-danne-frank\/\" \/>\n<meta property=\"og:site_name\" content=\"Institut Europ\u00e9en des Musiques Juives\" \/>\n<meta property=\"article:publisher\" content=\"https:\/\/www.facebook.com\/MusiquesJuives\/\" \/>\n<meta property=\"article:published_time\" content=\"2022-02-17T10:14:41+00:00\" \/>\n<meta property=\"article:modified_time\" content=\"2025-10-19T16:13:09+00:00\" \/>\n<meta property=\"og:image\" content=\"https:\/\/www.iemj.org\/wp-content\/uploads\/2022\/02\/CD_1951_COUV-e1645376798673.jpg\" \/>\n\t<meta property=\"og:image:width\" content=\"350\" \/>\n\t<meta property=\"og:image:height\" content=\"310\" \/>\n\t<meta property=\"og:image:type\" content=\"image\/jpeg\" \/>\n<meta name=\"author\" content=\"Jacqueline ROTEN\" \/>\n<meta name=\"twitter:card\" content=\"summary_large_image\" \/>\n<meta name=\"twitter:label1\" content=\"Written by\" \/>\n\t<meta name=\"twitter:data1\" content=\"Jacqueline ROTEN\" \/>\n\t<meta name=\"twitter:label2\" content=\"Est. reading time\" \/>\n\t<meta name=\"twitter:data2\" content=\"4 minutes\" \/>\n<script type=\"application\/ld+json\" class=\"yoast-schema-graph\">{\"@context\":\"https:\\\/\\\/schema.org\",\"@graph\":[{\"@type\":\"Article\",\"@id\":\"https:\\\/\\\/www.iemj.org\\\/en\\\/le-journal-danne-frank\\\/#article\",\"isPartOf\":{\"@id\":\"https:\\\/\\\/www.iemj.org\\\/en\\\/le-journal-danne-frank\\\/\"},\"author\":{\"name\":\"Jacqueline ROTEN\",\"@id\":\"https:\\\/\\\/www.iemj.org\\\/en\\\/#\\\/schema\\\/person\\\/358e26c18aca017fcc4cc15437f7279c\"},\"headline\":\"Anne Frank&#8217;s Diary\",\"datePublished\":\"2022-02-17T10:14:41+00:00\",\"dateModified\":\"2025-10-19T16:13:09+00:00\",\"mainEntityOfPage\":{\"@id\":\"https:\\\/\\\/www.iemj.org\\\/en\\\/le-journal-danne-frank\\\/\"},\"wordCount\":721,\"publisher\":{\"@id\":\"https:\\\/\\\/www.iemj.org\\\/en\\\/#organization\"},\"image\":{\"@id\":\"https:\\\/\\\/www.iemj.org\\\/en\\\/le-journal-danne-frank\\\/#primaryimage\"},\"thumbnailUrl\":\"https:\\\/\\\/www.iemj.org\\\/wp-content\\\/uploads\\\/2022\\\/02\\\/CD_1951_COUV-e1645376798673.jpg\",\"articleSection\":[\"CD\",\"Latest Acquisitions\"],\"inLanguage\":\"en-US\"},{\"@type\":\"WebPage\",\"@id\":\"https:\\\/\\\/www.iemj.org\\\/en\\\/le-journal-danne-frank\\\/\",\"url\":\"https:\\\/\\\/www.iemj.org\\\/en\\\/le-journal-danne-frank\\\/\",\"name\":\"Anne Frank's Diary - Institut Europ\u00e9en des Musiques Juives\",\"isPartOf\":{\"@id\":\"https:\\\/\\\/www.iemj.org\\\/en\\\/#website\"},\"primaryImageOfPage\":{\"@id\":\"https:\\\/\\\/www.iemj.org\\\/en\\\/le-journal-danne-frank\\\/#primaryimage\"},\"image\":{\"@id\":\"https:\\\/\\\/www.iemj.org\\\/en\\\/le-journal-danne-frank\\\/#primaryimage\"},\"thumbnailUrl\":\"https:\\\/\\\/www.iemj.org\\\/wp-content\\\/uploads\\\/2022\\\/02\\\/CD_1951_COUV-e1645376798673.jpg\",\"datePublished\":\"2022-02-17T10:14:41+00:00\",\"dateModified\":\"2025-10-19T16:13:09+00:00\",\"breadcrumb\":{\"@id\":\"https:\\\/\\\/www.iemj.org\\\/en\\\/le-journal-danne-frank\\\/#breadcrumb\"},\"inLanguage\":\"en-US\",\"potentialAction\":[{\"@type\":\"ReadAction\",\"target\":[\"https:\\\/\\\/www.iemj.org\\\/en\\\/le-journal-danne-frank\\\/\"]}]},{\"@type\":\"ImageObject\",\"inLanguage\":\"en-US\",\"@id\":\"https:\\\/\\\/www.iemj.org\\\/en\\\/le-journal-danne-frank\\\/#primaryimage\",\"url\":\"https:\\\/\\\/www.iemj.org\\\/wp-content\\\/uploads\\\/2022\\\/02\\\/CD_1951_COUV-e1645376798673.jpg\",\"contentUrl\":\"https:\\\/\\\/www.iemj.org\\\/wp-content\\\/uploads\\\/2022\\\/02\\\/CD_1951_COUV-e1645376798673.jpg\",\"width\":350,\"height\":310},{\"@type\":\"BreadcrumbList\",\"@id\":\"https:\\\/\\\/www.iemj.org\\\/en\\\/le-journal-danne-frank\\\/#breadcrumb\",\"itemListElement\":[{\"@type\":\"ListItem\",\"position\":1,\"name\":\"Accueil\",\"item\":\"https:\\\/\\\/www.iemj.org\\\/en\\\/\"},{\"@type\":\"ListItem\",\"position\":2,\"name\":\"Anne Frank&rsquo;s Diary\"}]},{\"@type\":\"WebSite\",\"@id\":\"https:\\\/\\\/www.iemj.org\\\/en\\\/#website\",\"url\":\"https:\\\/\\\/www.iemj.org\\\/en\\\/\",\"name\":\"Institut Europ\u00e9en des Musiques Juives\",\"description\":\"Des traditions musicales \u00e0 la port\u00e9e de tous\",\"publisher\":{\"@id\":\"https:\\\/\\\/www.iemj.org\\\/en\\\/#organization\"},\"potentialAction\":[{\"@type\":\"SearchAction\",\"target\":{\"@type\":\"EntryPoint\",\"urlTemplate\":\"https:\\\/\\\/www.iemj.org\\\/en\\\/?s={search_term_string}\"},\"query-input\":{\"@type\":\"PropertyValueSpecification\",\"valueRequired\":true,\"valueName\":\"search_term_string\"}}],\"inLanguage\":\"en-US\"},{\"@type\":\"Organization\",\"@id\":\"https:\\\/\\\/www.iemj.org\\\/en\\\/#organization\",\"name\":\"Institut Europ\u00e9en des Musiques Juives\",\"url\":\"https:\\\/\\\/www.iemj.org\\\/en\\\/\",\"logo\":{\"@type\":\"ImageObject\",\"inLanguage\":\"en-US\",\"@id\":\"https:\\\/\\\/www.iemj.org\\\/en\\\/#\\\/schema\\\/logo\\\/image\\\/\",\"url\":\"https:\\\/\\\/www.iemj.org\\\/wp-content\\\/uploads\\\/2021\\\/09\\\/Logo-IEMJ-Paypal.jpg\",\"contentUrl\":\"https:\\\/\\\/www.iemj.org\\\/wp-content\\\/uploads\\\/2021\\\/09\\\/Logo-IEMJ-Paypal.jpg\",\"width\":150,\"height\":50,\"caption\":\"Institut Europ\u00e9en des Musiques Juives\"},\"image\":{\"@id\":\"https:\\\/\\\/www.iemj.org\\\/en\\\/#\\\/schema\\\/logo\\\/image\\\/\"},\"sameAs\":[\"https:\\\/\\\/www.facebook.com\\\/MusiquesJuives\\\/\",\"https:\\\/\\\/www.instagram.com\\\/musiquesjuives\\\/\",\"https:\\\/\\\/www.youtube.com\\\/user\\\/musiquesjuives\"]},{\"@type\":\"Person\",\"@id\":\"https:\\\/\\\/www.iemj.org\\\/en\\\/#\\\/schema\\\/person\\\/358e26c18aca017fcc4cc15437f7279c\",\"name\":\"Jacqueline ROTEN\",\"image\":{\"@type\":\"ImageObject\",\"inLanguage\":\"en-US\",\"@id\":\"https:\\\/\\\/secure.gravatar.com\\\/avatar\\\/5964256d6c6957de3a3505278957e0fb2a35119ac47ea41827a65301213c810b?s=96&d=mm&r=g\",\"url\":\"https:\\\/\\\/secure.gravatar.com\\\/avatar\\\/5964256d6c6957de3a3505278957e0fb2a35119ac47ea41827a65301213c810b?s=96&d=mm&r=g\",\"contentUrl\":\"https:\\\/\\\/secure.gravatar.com\\\/avatar\\\/5964256d6c6957de3a3505278957e0fb2a35119ac47ea41827a65301213c810b?s=96&d=mm&r=g\",\"caption\":\"Jacqueline ROTEN\"}}]}<\/script>\n<!-- \/ Yoast SEO plugin. -->","yoast_head_json":{"title":"Anne Frank's Diary - Institut Europ\u00e9en des Musiques Juives","robots":{"index":"index","follow":"follow","max-snippet":"max-snippet:-1","max-image-preview":"max-image-preview:large","max-video-preview":"max-video-preview:-1"},"canonical":"https:\/\/www.iemj.org\/en\/le-journal-danne-frank\/","og_locale":"en_US","og_type":"article","og_title":"Anne Frank's Diary - Institut Europ\u00e9en des Musiques Juives","og_description":"This record is available for listening in its entirety in the playlist below. The producer St\u00e9phane Dykman has invited the pianist and composer Carine GUTLERNER to propose a personal musical","og_url":"https:\/\/www.iemj.org\/en\/le-journal-danne-frank\/","og_site_name":"Institut Europ\u00e9en des Musiques Juives","article_publisher":"https:\/\/www.facebook.com\/MusiquesJuives\/","article_published_time":"2022-02-17T10:14:41+00:00","article_modified_time":"2025-10-19T16:13:09+00:00","og_image":[{"width":350,"height":310,"url":"https:\/\/www.iemj.org\/wp-content\/uploads\/2022\/02\/CD_1951_COUV-e1645376798673.jpg","type":"image\/jpeg"}],"author":"Jacqueline ROTEN","twitter_card":"summary_large_image","twitter_misc":{"Written by":"Jacqueline ROTEN","Est. reading time":"4 minutes"},"schema":{"@context":"https:\/\/schema.org","@graph":[{"@type":"Article","@id":"https:\/\/www.iemj.org\/en\/le-journal-danne-frank\/#article","isPartOf":{"@id":"https:\/\/www.iemj.org\/en\/le-journal-danne-frank\/"},"author":{"name":"Jacqueline ROTEN","@id":"https:\/\/www.iemj.org\/en\/#\/schema\/person\/358e26c18aca017fcc4cc15437f7279c"},"headline":"Anne Frank&#8217;s Diary","datePublished":"2022-02-17T10:14:41+00:00","dateModified":"2025-10-19T16:13:09+00:00","mainEntityOfPage":{"@id":"https:\/\/www.iemj.org\/en\/le-journal-danne-frank\/"},"wordCount":721,"publisher":{"@id":"https:\/\/www.iemj.org\/en\/#organization"},"image":{"@id":"https:\/\/www.iemj.org\/en\/le-journal-danne-frank\/#primaryimage"},"thumbnailUrl":"https:\/\/www.iemj.org\/wp-content\/uploads\/2022\/02\/CD_1951_COUV-e1645376798673.jpg","articleSection":["CD","Latest Acquisitions"],"inLanguage":"en-US"},{"@type":"WebPage","@id":"https:\/\/www.iemj.org\/en\/le-journal-danne-frank\/","url":"https:\/\/www.iemj.org\/en\/le-journal-danne-frank\/","name":"Anne Frank's Diary - Institut Europ\u00e9en des Musiques Juives","isPartOf":{"@id":"https:\/\/www.iemj.org\/en\/#website"},"primaryImageOfPage":{"@id":"https:\/\/www.iemj.org\/en\/le-journal-danne-frank\/#primaryimage"},"image":{"@id":"https:\/\/www.iemj.org\/en\/le-journal-danne-frank\/#primaryimage"},"thumbnailUrl":"https:\/\/www.iemj.org\/wp-content\/uploads\/2022\/02\/CD_1951_COUV-e1645376798673.jpg","datePublished":"2022-02-17T10:14:41+00:00","dateModified":"2025-10-19T16:13:09+00:00","breadcrumb":{"@id":"https:\/\/www.iemj.org\/en\/le-journal-danne-frank\/#breadcrumb"},"inLanguage":"en-US","potentialAction":[{"@type":"ReadAction","target":["https:\/\/www.iemj.org\/en\/le-journal-danne-frank\/"]}]},{"@type":"ImageObject","inLanguage":"en-US","@id":"https:\/\/www.iemj.org\/en\/le-journal-danne-frank\/#primaryimage","url":"https:\/\/www.iemj.org\/wp-content\/uploads\/2022\/02\/CD_1951_COUV-e1645376798673.jpg","contentUrl":"https:\/\/www.iemj.org\/wp-content\/uploads\/2022\/02\/CD_1951_COUV-e1645376798673.jpg","width":350,"height":310},{"@type":"BreadcrumbList","@id":"https:\/\/www.iemj.org\/en\/le-journal-danne-frank\/#breadcrumb","itemListElement":[{"@type":"ListItem","position":1,"name":"Accueil","item":"https:\/\/www.iemj.org\/en\/"},{"@type":"ListItem","position":2,"name":"Anne Frank&rsquo;s Diary"}]},{"@type":"WebSite","@id":"https:\/\/www.iemj.org\/en\/#website","url":"https:\/\/www.iemj.org\/en\/","name":"Institut Europ\u00e9en des Musiques Juives","description":"Des traditions musicales \u00e0 la port\u00e9e de tous","publisher":{"@id":"https:\/\/www.iemj.org\/en\/#organization"},"potentialAction":[{"@type":"SearchAction","target":{"@type":"EntryPoint","urlTemplate":"https:\/\/www.iemj.org\/en\/?s={search_term_string}"},"query-input":{"@type":"PropertyValueSpecification","valueRequired":true,"valueName":"search_term_string"}}],"inLanguage":"en-US"},{"@type":"Organization","@id":"https:\/\/www.iemj.org\/en\/#organization","name":"Institut Europ\u00e9en des Musiques Juives","url":"https:\/\/www.iemj.org\/en\/","logo":{"@type":"ImageObject","inLanguage":"en-US","@id":"https:\/\/www.iemj.org\/en\/#\/schema\/logo\/image\/","url":"https:\/\/www.iemj.org\/wp-content\/uploads\/2021\/09\/Logo-IEMJ-Paypal.jpg","contentUrl":"https:\/\/www.iemj.org\/wp-content\/uploads\/2021\/09\/Logo-IEMJ-Paypal.jpg","width":150,"height":50,"caption":"Institut Europ\u00e9en des Musiques Juives"},"image":{"@id":"https:\/\/www.iemj.org\/en\/#\/schema\/logo\/image\/"},"sameAs":["https:\/\/www.facebook.com\/MusiquesJuives\/","https:\/\/www.instagram.com\/musiquesjuives\/","https:\/\/www.youtube.com\/user\/musiquesjuives"]},{"@type":"Person","@id":"https:\/\/www.iemj.org\/en\/#\/schema\/person\/358e26c18aca017fcc4cc15437f7279c","name":"Jacqueline ROTEN","image":{"@type":"ImageObject","inLanguage":"en-US","@id":"https:\/\/secure.gravatar.com\/avatar\/5964256d6c6957de3a3505278957e0fb2a35119ac47ea41827a65301213c810b?s=96&d=mm&r=g","url":"https:\/\/secure.gravatar.com\/avatar\/5964256d6c6957de3a3505278957e0fb2a35119ac47ea41827a65301213c810b?s=96&d=mm&r=g","contentUrl":"https:\/\/secure.gravatar.com\/avatar\/5964256d6c6957de3a3505278957e0fb2a35119ac47ea41827a65301213c810b?s=96&d=mm&r=g","caption":"Jacqueline ROTEN"}}]}},"_links":{"self":[{"href":"https:\/\/www.iemj.org\/en\/wp-json\/wp\/v2\/posts\/81063","targetHints":{"allow":["GET"]}}],"collection":[{"href":"https:\/\/www.iemj.org\/en\/wp-json\/wp\/v2\/posts"}],"about":[{"href":"https:\/\/www.iemj.org\/en\/wp-json\/wp\/v2\/types\/post"}],"author":[{"embeddable":true,"href":"https:\/\/www.iemj.org\/en\/wp-json\/wp\/v2\/users\/5"}],"replies":[{"embeddable":true,"href":"https:\/\/www.iemj.org\/en\/wp-json\/wp\/v2\/comments?post=81063"}],"version-history":[{"count":1,"href":"https:\/\/www.iemj.org\/en\/wp-json\/wp\/v2\/posts\/81063\/revisions"}],"predecessor-version":[{"id":127208,"href":"https:\/\/www.iemj.org\/en\/wp-json\/wp\/v2\/posts\/81063\/revisions\/127208"}],"wp:featuredmedia":[{"embeddable":true,"href":"https:\/\/www.iemj.org\/en\/wp-json\/wp\/v2\/media\/80825"}],"wp:attachment":[{"href":"https:\/\/www.iemj.org\/en\/wp-json\/wp\/v2\/media?parent=81063"}],"wp:term":[{"taxonomy":"category","embeddable":true,"href":"https:\/\/www.iemj.org\/en\/wp-json\/wp\/v2\/categories?post=81063"},{"taxonomy":"post_tag","embeddable":true,"href":"https:\/\/www.iemj.org\/en\/wp-json\/wp\/v2\/tags?post=81063"},{"taxonomy":"technique","embeddable":true,"href":"https:\/\/www.iemj.org\/en\/wp-json\/wp\/v2\/technique?post=81063"},{"taxonomy":"squelettes","embeddable":true,"href":"https:\/\/www.iemj.org\/en\/wp-json\/wp\/v2\/squelettes?post=81063"},{"taxonomy":"sujet","embeddable":true,"href":"https:\/\/www.iemj.org\/en\/wp-json\/wp\/v2\/sujet?post=81063"},{"taxonomy":"formation","embeddable":true,"href":"https:\/\/www.iemj.org\/en\/wp-json\/wp\/v2\/formation?post=81063"},{"taxonomy":"genre","embeddable":true,"href":"https:\/\/www.iemj.org\/en\/wp-json\/wp\/v2\/genre?post=81063"},{"taxonomy":"fonds","embeddable":true,"href":"https:\/\/www.iemj.org\/en\/wp-json\/wp\/v2\/fonds?post=81063"},{"taxonomy":"tradition","embeddable":true,"href":"https:\/\/www.iemj.org\/en\/wp-json\/wp\/v2\/tradition?post=81063"},{"taxonomy":"type-de-contenu","embeddable":true,"href":"https:\/\/www.iemj.org\/en\/wp-json\/wp\/v2\/type-de-contenu?post=81063"},{"taxonomy":"interprete-compositeur","embeddable":true,"href":"https:\/\/www.iemj.org\/en\/wp-json\/wp\/v2\/interprete-compositeur?post=81063"},{"taxonomy":"frise","embeddable":true,"href":"https:\/\/www.iemj.org\/en\/wp-json\/wp\/v2\/frise?post=81063"},{"taxonomy":"type-devenement","embeddable":true,"href":"https:\/\/www.iemj.org\/en\/wp-json\/wp\/v2\/type-devenement?post=81063"},{"taxonomy":"tableaux-liens-externes","embeddable":true,"href":"https:\/\/www.iemj.org\/en\/wp-json\/wp\/v2\/tableaux-liens-externes?post=81063"}],"curies":[{"name":"wp","href":"https:\/\/api.w.org\/{rel}","templated":true}]}}