{"id":81269,"date":"2022-02-22T14:30:08","date_gmt":"2022-02-22T13:30:08","guid":{"rendered":"https:\/\/www.iemj.org\/conference-internationale-hambourg-de-la-musique-de-la-synagogue-portugaise-au-xixe-siecle-a-lere-de-rolf-lieberman-au-xxe-siecle\/"},"modified":"2022-02-23T12:21:29","modified_gmt":"2022-02-23T11:21:29","slug":"conference-internationale-hambourg-de-la-musique-de-la-synagogue-portugaise-au-xixe-siecle-a-lere-de-rolf-lieberman-au-xxe-siecle","status":"publish","type":"post","link":"https:\/\/www.iemj.org\/en\/conference-internationale-hambourg-de-la-musique-de-la-synagogue-portugaise-au-xixe-siecle-a-lere-de-rolf-lieberman-au-xxe-siecle\/","title":{"rendered":"INTERNATIONAL CONFERENCE \u2013 FROM THE MUSIC OF THE PORTUGUESE SYNAGOGUE IN THE 19TH TO THE ROLF LIEBERMAN ERA IN THE 20TH CENTURY"},"content":{"rendered":"\n<p><\/p>\n\n\n<h3 id=\"1-eael-table-of-content\" class=\"eael-heading-content\"><strong>International conference at the University of Music Hamburg 1. \u2013 3. March 2022<\/strong><\/h3>\n<p><strong>Hochschule f\u00fcr Musik und Theater Hamburg &#8211; <\/strong><strong>Harvestehuder Weg 12, 20148 Hamburg, Allemagne<\/strong><\/p>\n<p><!--more--><\/p>\n<p>The presence of Jewish Culture in Europe is going back to the times of the Roman Empire. In 2021 Germany has celebrated 1700 years of Jewish life and culture. The city of Hamburg decided in 2020 to rebuild the large synagogue on Bornplatz, which had been destroyed in 1938 during the Reichskristallnacht. On this occasion, the University of Music in Hamburg initiates an international conference on Jewish music in Hamburg past and present, in which\u00a0<strong>Herv\u00e9 Roten, Director of the EIJM<\/strong>, will participate along with Edwin Seroussi (Jerusalem), Jasha Nemtsov (Weimar), Reinhard Flender (Hamburg) and Yuval Shaked (Haifa).<\/p>\n<h3 id=\"2-eael-table-of-content\" class=\"eael-heading-content\"><a href=\"https:\/\/www.hfmt-hamburg.de\/veranstaltungen\/spielstaetten\/details\/367\/\">Watch the conferences on Youtube<\/a><\/h3>\n<p>01.03.22\u00a0<a href=\"https:\/\/www.hfmt-hamburg.de\/veranstaltungen\/details\/9423\/\">Jewish Music Research<\/a><br \/>02.03.22\u00a0<a href=\"https:\/\/www.hfmt-hamburg.de\/veranstaltungen\/details\/9424\/\">Jewish Music Research<\/a><br \/>03.03.22\u00a0<a href=\"https:\/\/www.hfmt-hamburg.de\/veranstaltungen\/details\/9425\/\">Jewish Music Research<\/a><\/p>\n<p><strong>Click\u00a0<a href=\"https:\/\/youtu.be\/01qBSpz4a7I\" target=\"_blank\" rel=\"noopener\">here<\/a>\u00a0for the live stream<\/strong><\/p>\n<p><strong>With:\u00a0<\/strong><\/p>\n<ul>\n<li><strong>Jan Phillip Sprick, Vicepresident of the University of Music Hamburg<\/strong><\/li>\n<li><strong>Edwin Seroussi,<\/strong>Director of the Jewish Music Research Centre at the Hebrew University of Jerusalem and Visiting Scholar in Jewish Studies at Dartmouth College<\/li>\n<li><strong>Herv\u00e9 Roten,\u00a0<\/strong>Director of the European Institute of Jewish Music, Musicologist, PHD in musicology of the University Paris Sorbonne<\/li>\n<li><strong>Jascha Nemtsov,<\/strong>pianist and professor of Jewish music history at the Hochschule f\u00fcr Musik Franz Liszt in Weimar<\/li>\n<li><strong>Reinhard Flender<\/strong>, Director of the Research Institute for Cultural Innovation at the University of Music and Theatre in Hamburg, German composer and musicology researcher<\/li>\n<li><strong>Yuval Shaked<\/strong>, Director of the Department of Music at the University of Haifa and composer<\/li>\n<\/ul>\n<h3 id=\"3-eael-table-of-content\" class=\"eael-heading-content\"><strong>Program:<\/strong><\/h3>\n<ul>\n<li><a href=\"https:\/\/www.hfmt-hamburg.de\/veranstaltungen\/details\/9423\/\" target=\"_blank\" rel=\"noopener\"><strong>Tuesday march 1st<\/strong><\/a>\n<ul>\n<li><strong>3:00 \u2013 4:30 pm Edwin Seroussi (Jerusalem) Keynote and opening session<\/strong><br \/><em>An Unexpected Musical Encounter: Spanish-Portuguese Liturgical Music in German Synagogues<\/em><\/li>\n<li><strong>5:00 \u2013 6:30 pm Herv\u00e9 Roten (Paris) Lecture and discussion<\/strong><br \/><em>The introduction of Western musical notation and the organ in the French Spanish-Portuguese communities in the 19th: changes and continuities<\/em><\/li>\n<\/ul>\n<\/li>\n<li><a href=\"https:\/\/www.hfmt-hamburg.de\/veranstaltungen\/details\/9424\/\" target=\"_blank\" rel=\"noopener\"><strong>Wednesday march 2nd<\/strong><\/a>\n<ul>\n<li><strong>3:00 \u2013 4:30 pm Jascha Nemtsov (Weimar) Lecture and discussion<\/strong><br \/>The Cantor of the Reform Temple in Hamburg Leon Kornitzer and his journal (Der j\u00fcdische Kantor)<\/li>\n<li><strong>5:00 \u2013 6:30 pm Jascha Nemtsov, Herv\u00e9 Roten, Edwin Seroussi, Reinhard Flender (Moderation) Panel discussion<\/strong><br \/>Cultural Identity and Assimilation \u2013 Jewish music in Germany and France in the 19th cent.<\/li>\n<\/ul>\n<\/li>\n<li><a href=\"https:\/\/www.hfmt-hamburg.de\/veranstaltungen\/details\/9425\/\" target=\"_blank\" rel=\"noopener\"><strong>Thursday march 3rd<\/strong><\/a>\n<ul>\n<li><strong>3:00 \u2013 4:30 Reinhard Flender Lecture and discussion<\/strong><br \/><em>Rolf Liebermann \u2013 cultural innovation for Hamburg from NDR to the Staatsoper<\/em><\/li>\n<li><strong>5:00 \u2013 6:30 pm Yuval Shaked (Haifa) Lecture and discussion<\/strong><br \/><em>The opera \u2018Der Turm\u2019 \u2012 Composer Josef Tal\u2019s collaboration with librettist Hans Keller as conceived and reflected in their correspondence<\/em><\/li>\n<\/ul>\n<\/li>\n<\/ul>\n<p><em>Free Entrance<\/em><\/p>\n\n\n<p><\/p>\n","protected":false},"excerpt":{"rendered":"<p>International conference at the University of Music Hamburg 1. \u2013 3. March 2022 Hochschule f\u00fcr Musik und Theater Hamburg &#8211; Harvestehuder Weg 12, 20148 Hamburg, Allemagne<\/p>\n","protected":false},"author":5,"featured_media":81215,"comment_status":"closed","ping_status":"closed","sticky":false,"template":"","format":"standard","meta":{"_acf_changed":false,"footnotes":""},"categories":[1369,1381],"tags":[3416],"technique":[],"squelettes":[],"sujet":[],"formation":[],"genre":[],"fonds":[],"tradition":[],"type-de-contenu":[],"interprete-compositeur":[],"frise":[],"type-devenement":[],"tableaux-liens-externes":[],"class_list":["post-81269","post","type-post","status-publish","format-standard","has-post-thumbnail","hentry","category-events-en","category-lectures-conferences-events-en","tag-partners-events-en"],"acf":[],"yoast_head":"<!-- This site is optimized with the Yoast SEO plugin v27.3 - https:\/\/yoast.com\/product\/yoast-seo-wordpress\/ -->\n<title>INTERNATIONAL CONFERENCE \u2013 FROM THE MUSIC OF THE PORTUGUESE SYNAGOGUE IN THE 19TH TO THE ROLF LIEBERMAN ERA IN THE 20TH CENTURY - Institut Europ\u00e9en des Musiques Juives<\/title>\n<meta name=\"robots\" content=\"index, follow, max-snippet:-1, max-image-preview:large, max-video-preview:-1\" \/>\n<link rel=\"canonical\" href=\"https:\/\/www.iemj.org\/en\/conference-internationale-hambourg-de-la-musique-de-la-synagogue-portugaise-au-xixe-siecle-a-lere-de-rolf-lieberman-au-xxe-siecle\/\" \/>\n<meta property=\"og:locale\" content=\"en_US\" \/>\n<meta property=\"og:type\" content=\"article\" \/>\n<meta property=\"og:title\" content=\"INTERNATIONAL CONFERENCE \u2013 FROM THE MUSIC OF THE PORTUGUESE SYNAGOGUE IN THE 19TH TO THE ROLF LIEBERMAN ERA IN THE 20TH CENTURY - Institut Europ\u00e9en des Musiques Juives\" \/>\n<meta property=\"og:description\" content=\"International conference at the University of Music Hamburg 1. \u2013 3. March 2022 Hochschule f\u00fcr Musik und Theater Hamburg &#8211; Harvestehuder Weg 12, 20148 Hamburg, Allemagne\" \/>\n<meta property=\"og:url\" content=\"https:\/\/www.iemj.org\/en\/conference-internationale-hambourg-de-la-musique-de-la-synagogue-portugaise-au-xixe-siecle-a-lere-de-rolf-lieberman-au-xxe-siecle\/\" \/>\n<meta property=\"og:site_name\" content=\"Institut Europ\u00e9en des Musiques Juives\" \/>\n<meta property=\"article:publisher\" content=\"https:\/\/www.facebook.com\/MusiquesJuives\/\" \/>\n<meta property=\"article:published_time\" content=\"2022-02-22T13:30:08+00:00\" \/>\n<meta property=\"article:modified_time\" content=\"2022-02-23T11:21:29+00:00\" \/>\n<meta property=\"og:image\" content=\"https:\/\/www.iemj.org\/wp-content\/uploads\/2022\/02\/Conference-Hambourg.jpg\" \/>\n\t<meta property=\"og:image:width\" content=\"494\" \/>\n\t<meta property=\"og:image:height\" content=\"331\" \/>\n\t<meta property=\"og:image:type\" content=\"image\/jpeg\" \/>\n<meta name=\"author\" content=\"Jacqueline ROTEN\" \/>\n<meta name=\"twitter:card\" content=\"summary_large_image\" \/>\n<meta name=\"twitter:label1\" content=\"Written by\" \/>\n\t<meta name=\"twitter:data1\" content=\"Jacqueline ROTEN\" \/>\n\t<meta name=\"twitter:label2\" content=\"Est. reading time\" \/>\n\t<meta name=\"twitter:data2\" content=\"3 minutes\" \/>\n<script type=\"application\/ld+json\" class=\"yoast-schema-graph\">{\"@context\":\"https:\\\/\\\/schema.org\",\"@graph\":[{\"@type\":\"Article\",\"@id\":\"https:\\\/\\\/www.iemj.org\\\/en\\\/conference-internationale-hambourg-de-la-musique-de-la-synagogue-portugaise-au-xixe-siecle-a-lere-de-rolf-lieberman-au-xxe-siecle\\\/#article\",\"isPartOf\":{\"@id\":\"https:\\\/\\\/www.iemj.org\\\/en\\\/conference-internationale-hambourg-de-la-musique-de-la-synagogue-portugaise-au-xixe-siecle-a-lere-de-rolf-lieberman-au-xxe-siecle\\\/\"},\"author\":{\"name\":\"Jacqueline ROTEN\",\"@id\":\"https:\\\/\\\/www.iemj.org\\\/en\\\/#\\\/schema\\\/person\\\/358e26c18aca017fcc4cc15437f7279c\"},\"headline\":\"INTERNATIONAL CONFERENCE \u2013 FROM THE MUSIC OF THE PORTUGUESE SYNAGOGUE IN THE 19TH TO THE ROLF LIEBERMAN ERA IN THE 20TH CENTURY\",\"datePublished\":\"2022-02-22T13:30:08+00:00\",\"dateModified\":\"2022-02-23T11:21:29+00:00\",\"mainEntityOfPage\":{\"@id\":\"https:\\\/\\\/www.iemj.org\\\/en\\\/conference-internationale-hambourg-de-la-musique-de-la-synagogue-portugaise-au-xixe-siecle-a-lere-de-rolf-lieberman-au-xxe-siecle\\\/\"},\"wordCount\":418,\"publisher\":{\"@id\":\"https:\\\/\\\/www.iemj.org\\\/en\\\/#organization\"},\"image\":{\"@id\":\"https:\\\/\\\/www.iemj.org\\\/en\\\/conference-internationale-hambourg-de-la-musique-de-la-synagogue-portugaise-au-xixe-siecle-a-lere-de-rolf-lieberman-au-xxe-siecle\\\/#primaryimage\"},\"thumbnailUrl\":\"https:\\\/\\\/www.iemj.org\\\/wp-content\\\/uploads\\\/2022\\\/02\\\/Conference-Hambourg.jpg\",\"keywords\":[\"Partners' events\"],\"articleSection\":[\"Events\",\"Lectures \\\/ Conferences\"],\"inLanguage\":\"en-US\"},{\"@type\":\"WebPage\",\"@id\":\"https:\\\/\\\/www.iemj.org\\\/en\\\/conference-internationale-hambourg-de-la-musique-de-la-synagogue-portugaise-au-xixe-siecle-a-lere-de-rolf-lieberman-au-xxe-siecle\\\/\",\"url\":\"https:\\\/\\\/www.iemj.org\\\/en\\\/conference-internationale-hambourg-de-la-musique-de-la-synagogue-portugaise-au-xixe-siecle-a-lere-de-rolf-lieberman-au-xxe-siecle\\\/\",\"name\":\"INTERNATIONAL CONFERENCE \u2013 FROM THE MUSIC OF THE PORTUGUESE SYNAGOGUE IN THE 19TH TO THE ROLF LIEBERMAN ERA IN THE 20TH CENTURY - Institut Europ\u00e9en des Musiques Juives\",\"isPartOf\":{\"@id\":\"https:\\\/\\\/www.iemj.org\\\/en\\\/#website\"},\"primaryImageOfPage\":{\"@id\":\"https:\\\/\\\/www.iemj.org\\\/en\\\/conference-internationale-hambourg-de-la-musique-de-la-synagogue-portugaise-au-xixe-siecle-a-lere-de-rolf-lieberman-au-xxe-siecle\\\/#primaryimage\"},\"image\":{\"@id\":\"https:\\\/\\\/www.iemj.org\\\/en\\\/conference-internationale-hambourg-de-la-musique-de-la-synagogue-portugaise-au-xixe-siecle-a-lere-de-rolf-lieberman-au-xxe-siecle\\\/#primaryimage\"},\"thumbnailUrl\":\"https:\\\/\\\/www.iemj.org\\\/wp-content\\\/uploads\\\/2022\\\/02\\\/Conference-Hambourg.jpg\",\"datePublished\":\"2022-02-22T13:30:08+00:00\",\"dateModified\":\"2022-02-23T11:21:29+00:00\",\"breadcrumb\":{\"@id\":\"https:\\\/\\\/www.iemj.org\\\/en\\\/conference-internationale-hambourg-de-la-musique-de-la-synagogue-portugaise-au-xixe-siecle-a-lere-de-rolf-lieberman-au-xxe-siecle\\\/#breadcrumb\"},\"inLanguage\":\"en-US\",\"potentialAction\":[{\"@type\":\"ReadAction\",\"target\":[\"https:\\\/\\\/www.iemj.org\\\/en\\\/conference-internationale-hambourg-de-la-musique-de-la-synagogue-portugaise-au-xixe-siecle-a-lere-de-rolf-lieberman-au-xxe-siecle\\\/\"]}]},{\"@type\":\"ImageObject\",\"inLanguage\":\"en-US\",\"@id\":\"https:\\\/\\\/www.iemj.org\\\/en\\\/conference-internationale-hambourg-de-la-musique-de-la-synagogue-portugaise-au-xixe-siecle-a-lere-de-rolf-lieberman-au-xxe-siecle\\\/#primaryimage\",\"url\":\"https:\\\/\\\/www.iemj.org\\\/wp-content\\\/uploads\\\/2022\\\/02\\\/Conference-Hambourg.jpg\",\"contentUrl\":\"https:\\\/\\\/www.iemj.org\\\/wp-content\\\/uploads\\\/2022\\\/02\\\/Conference-Hambourg.jpg\",\"width\":494,\"height\":331},{\"@type\":\"BreadcrumbList\",\"@id\":\"https:\\\/\\\/www.iemj.org\\\/en\\\/conference-internationale-hambourg-de-la-musique-de-la-synagogue-portugaise-au-xixe-siecle-a-lere-de-rolf-lieberman-au-xxe-siecle\\\/#breadcrumb\",\"itemListElement\":[{\"@type\":\"ListItem\",\"position\":1,\"name\":\"Accueil\",\"item\":\"https:\\\/\\\/www.iemj.org\\\/en\\\/\"},{\"@type\":\"ListItem\",\"position\":2,\"name\":\"INTERNATIONAL CONFERENCE \u2013 FROM THE MUSIC OF THE PORTUGUESE SYNAGOGUE IN THE 19TH TO THE ROLF LIEBERMAN ERA IN THE 20TH CENTURY\"}]},{\"@type\":\"WebSite\",\"@id\":\"https:\\\/\\\/www.iemj.org\\\/en\\\/#website\",\"url\":\"https:\\\/\\\/www.iemj.org\\\/en\\\/\",\"name\":\"Institut Europ\u00e9en des Musiques Juives\",\"description\":\"Des traditions musicales \u00e0 la port\u00e9e de tous\",\"publisher\":{\"@id\":\"https:\\\/\\\/www.iemj.org\\\/en\\\/#organization\"},\"potentialAction\":[{\"@type\":\"SearchAction\",\"target\":{\"@type\":\"EntryPoint\",\"urlTemplate\":\"https:\\\/\\\/www.iemj.org\\\/en\\\/?s={search_term_string}\"},\"query-input\":{\"@type\":\"PropertyValueSpecification\",\"valueRequired\":true,\"valueName\":\"search_term_string\"}}],\"inLanguage\":\"en-US\"},{\"@type\":\"Organization\",\"@id\":\"https:\\\/\\\/www.iemj.org\\\/en\\\/#organization\",\"name\":\"Institut Europ\u00e9en des Musiques Juives\",\"url\":\"https:\\\/\\\/www.iemj.org\\\/en\\\/\",\"logo\":{\"@type\":\"ImageObject\",\"inLanguage\":\"en-US\",\"@id\":\"https:\\\/\\\/www.iemj.org\\\/en\\\/#\\\/schema\\\/logo\\\/image\\\/\",\"url\":\"https:\\\/\\\/www.iemj.org\\\/wp-content\\\/uploads\\\/2021\\\/09\\\/Logo-IEMJ-Paypal.jpg\",\"contentUrl\":\"https:\\\/\\\/www.iemj.org\\\/wp-content\\\/uploads\\\/2021\\\/09\\\/Logo-IEMJ-Paypal.jpg\",\"width\":150,\"height\":50,\"caption\":\"Institut Europ\u00e9en des Musiques Juives\"},\"image\":{\"@id\":\"https:\\\/\\\/www.iemj.org\\\/en\\\/#\\\/schema\\\/logo\\\/image\\\/\"},\"sameAs\":[\"https:\\\/\\\/www.facebook.com\\\/MusiquesJuives\\\/\",\"https:\\\/\\\/www.instagram.com\\\/musiquesjuives\\\/\",\"https:\\\/\\\/www.youtube.com\\\/user\\\/musiquesjuives\"]},{\"@type\":\"Person\",\"@id\":\"https:\\\/\\\/www.iemj.org\\\/en\\\/#\\\/schema\\\/person\\\/358e26c18aca017fcc4cc15437f7279c\",\"name\":\"Jacqueline ROTEN\",\"image\":{\"@type\":\"ImageObject\",\"inLanguage\":\"en-US\",\"@id\":\"https:\\\/\\\/secure.gravatar.com\\\/avatar\\\/5964256d6c6957de3a3505278957e0fb2a35119ac47ea41827a65301213c810b?s=96&d=mm&r=g\",\"url\":\"https:\\\/\\\/secure.gravatar.com\\\/avatar\\\/5964256d6c6957de3a3505278957e0fb2a35119ac47ea41827a65301213c810b?s=96&d=mm&r=g\",\"contentUrl\":\"https:\\\/\\\/secure.gravatar.com\\\/avatar\\\/5964256d6c6957de3a3505278957e0fb2a35119ac47ea41827a65301213c810b?s=96&d=mm&r=g\",\"caption\":\"Jacqueline ROTEN\"}}]}<\/script>\n<!-- \/ Yoast SEO plugin. -->","yoast_head_json":{"title":"INTERNATIONAL CONFERENCE \u2013 FROM THE MUSIC OF THE PORTUGUESE SYNAGOGUE IN THE 19TH TO THE ROLF LIEBERMAN ERA IN THE 20TH CENTURY - Institut Europ\u00e9en des Musiques Juives","robots":{"index":"index","follow":"follow","max-snippet":"max-snippet:-1","max-image-preview":"max-image-preview:large","max-video-preview":"max-video-preview:-1"},"canonical":"https:\/\/www.iemj.org\/en\/conference-internationale-hambourg-de-la-musique-de-la-synagogue-portugaise-au-xixe-siecle-a-lere-de-rolf-lieberman-au-xxe-siecle\/","og_locale":"en_US","og_type":"article","og_title":"INTERNATIONAL CONFERENCE \u2013 FROM THE MUSIC OF THE PORTUGUESE SYNAGOGUE IN THE 19TH TO THE ROLF LIEBERMAN ERA IN THE 20TH CENTURY - Institut Europ\u00e9en des Musiques Juives","og_description":"International conference at the University of Music Hamburg 1. \u2013 3. March 2022 Hochschule f\u00fcr Musik und Theater Hamburg &#8211; Harvestehuder Weg 12, 20148 Hamburg, Allemagne","og_url":"https:\/\/www.iemj.org\/en\/conference-internationale-hambourg-de-la-musique-de-la-synagogue-portugaise-au-xixe-siecle-a-lere-de-rolf-lieberman-au-xxe-siecle\/","og_site_name":"Institut Europ\u00e9en des Musiques Juives","article_publisher":"https:\/\/www.facebook.com\/MusiquesJuives\/","article_published_time":"2022-02-22T13:30:08+00:00","article_modified_time":"2022-02-23T11:21:29+00:00","og_image":[{"width":494,"height":331,"url":"https:\/\/www.iemj.org\/wp-content\/uploads\/2022\/02\/Conference-Hambourg.jpg","type":"image\/jpeg"}],"author":"Jacqueline ROTEN","twitter_card":"summary_large_image","twitter_misc":{"Written by":"Jacqueline ROTEN","Est. reading time":"3 minutes"},"schema":{"@context":"https:\/\/schema.org","@graph":[{"@type":"Article","@id":"https:\/\/www.iemj.org\/en\/conference-internationale-hambourg-de-la-musique-de-la-synagogue-portugaise-au-xixe-siecle-a-lere-de-rolf-lieberman-au-xxe-siecle\/#article","isPartOf":{"@id":"https:\/\/www.iemj.org\/en\/conference-internationale-hambourg-de-la-musique-de-la-synagogue-portugaise-au-xixe-siecle-a-lere-de-rolf-lieberman-au-xxe-siecle\/"},"author":{"name":"Jacqueline ROTEN","@id":"https:\/\/www.iemj.org\/en\/#\/schema\/person\/358e26c18aca017fcc4cc15437f7279c"},"headline":"INTERNATIONAL CONFERENCE \u2013 FROM THE MUSIC OF THE PORTUGUESE SYNAGOGUE IN THE 19TH TO THE ROLF LIEBERMAN ERA IN THE 20TH CENTURY","datePublished":"2022-02-22T13:30:08+00:00","dateModified":"2022-02-23T11:21:29+00:00","mainEntityOfPage":{"@id":"https:\/\/www.iemj.org\/en\/conference-internationale-hambourg-de-la-musique-de-la-synagogue-portugaise-au-xixe-siecle-a-lere-de-rolf-lieberman-au-xxe-siecle\/"},"wordCount":418,"publisher":{"@id":"https:\/\/www.iemj.org\/en\/#organization"},"image":{"@id":"https:\/\/www.iemj.org\/en\/conference-internationale-hambourg-de-la-musique-de-la-synagogue-portugaise-au-xixe-siecle-a-lere-de-rolf-lieberman-au-xxe-siecle\/#primaryimage"},"thumbnailUrl":"https:\/\/www.iemj.org\/wp-content\/uploads\/2022\/02\/Conference-Hambourg.jpg","keywords":["Partners' events"],"articleSection":["Events","Lectures \/ Conferences"],"inLanguage":"en-US"},{"@type":"WebPage","@id":"https:\/\/www.iemj.org\/en\/conference-internationale-hambourg-de-la-musique-de-la-synagogue-portugaise-au-xixe-siecle-a-lere-de-rolf-lieberman-au-xxe-siecle\/","url":"https:\/\/www.iemj.org\/en\/conference-internationale-hambourg-de-la-musique-de-la-synagogue-portugaise-au-xixe-siecle-a-lere-de-rolf-lieberman-au-xxe-siecle\/","name":"INTERNATIONAL CONFERENCE \u2013 FROM THE MUSIC OF THE PORTUGUESE SYNAGOGUE IN THE 19TH TO THE ROLF LIEBERMAN ERA IN THE 20TH CENTURY - Institut Europ\u00e9en des Musiques Juives","isPartOf":{"@id":"https:\/\/www.iemj.org\/en\/#website"},"primaryImageOfPage":{"@id":"https:\/\/www.iemj.org\/en\/conference-internationale-hambourg-de-la-musique-de-la-synagogue-portugaise-au-xixe-siecle-a-lere-de-rolf-lieberman-au-xxe-siecle\/#primaryimage"},"image":{"@id":"https:\/\/www.iemj.org\/en\/conference-internationale-hambourg-de-la-musique-de-la-synagogue-portugaise-au-xixe-siecle-a-lere-de-rolf-lieberman-au-xxe-siecle\/#primaryimage"},"thumbnailUrl":"https:\/\/www.iemj.org\/wp-content\/uploads\/2022\/02\/Conference-Hambourg.jpg","datePublished":"2022-02-22T13:30:08+00:00","dateModified":"2022-02-23T11:21:29+00:00","breadcrumb":{"@id":"https:\/\/www.iemj.org\/en\/conference-internationale-hambourg-de-la-musique-de-la-synagogue-portugaise-au-xixe-siecle-a-lere-de-rolf-lieberman-au-xxe-siecle\/#breadcrumb"},"inLanguage":"en-US","potentialAction":[{"@type":"ReadAction","target":["https:\/\/www.iemj.org\/en\/conference-internationale-hambourg-de-la-musique-de-la-synagogue-portugaise-au-xixe-siecle-a-lere-de-rolf-lieberman-au-xxe-siecle\/"]}]},{"@type":"ImageObject","inLanguage":"en-US","@id":"https:\/\/www.iemj.org\/en\/conference-internationale-hambourg-de-la-musique-de-la-synagogue-portugaise-au-xixe-siecle-a-lere-de-rolf-lieberman-au-xxe-siecle\/#primaryimage","url":"https:\/\/www.iemj.org\/wp-content\/uploads\/2022\/02\/Conference-Hambourg.jpg","contentUrl":"https:\/\/www.iemj.org\/wp-content\/uploads\/2022\/02\/Conference-Hambourg.jpg","width":494,"height":331},{"@type":"BreadcrumbList","@id":"https:\/\/www.iemj.org\/en\/conference-internationale-hambourg-de-la-musique-de-la-synagogue-portugaise-au-xixe-siecle-a-lere-de-rolf-lieberman-au-xxe-siecle\/#breadcrumb","itemListElement":[{"@type":"ListItem","position":1,"name":"Accueil","item":"https:\/\/www.iemj.org\/en\/"},{"@type":"ListItem","position":2,"name":"INTERNATIONAL CONFERENCE \u2013 FROM THE MUSIC OF THE PORTUGUESE SYNAGOGUE IN THE 19TH TO THE ROLF LIEBERMAN ERA IN THE 20TH CENTURY"}]},{"@type":"WebSite","@id":"https:\/\/www.iemj.org\/en\/#website","url":"https:\/\/www.iemj.org\/en\/","name":"Institut Europ\u00e9en des Musiques Juives","description":"Des traditions musicales \u00e0 la port\u00e9e de tous","publisher":{"@id":"https:\/\/www.iemj.org\/en\/#organization"},"potentialAction":[{"@type":"SearchAction","target":{"@type":"EntryPoint","urlTemplate":"https:\/\/www.iemj.org\/en\/?s={search_term_string}"},"query-input":{"@type":"PropertyValueSpecification","valueRequired":true,"valueName":"search_term_string"}}],"inLanguage":"en-US"},{"@type":"Organization","@id":"https:\/\/www.iemj.org\/en\/#organization","name":"Institut Europ\u00e9en des Musiques Juives","url":"https:\/\/www.iemj.org\/en\/","logo":{"@type":"ImageObject","inLanguage":"en-US","@id":"https:\/\/www.iemj.org\/en\/#\/schema\/logo\/image\/","url":"https:\/\/www.iemj.org\/wp-content\/uploads\/2021\/09\/Logo-IEMJ-Paypal.jpg","contentUrl":"https:\/\/www.iemj.org\/wp-content\/uploads\/2021\/09\/Logo-IEMJ-Paypal.jpg","width":150,"height":50,"caption":"Institut Europ\u00e9en des Musiques Juives"},"image":{"@id":"https:\/\/www.iemj.org\/en\/#\/schema\/logo\/image\/"},"sameAs":["https:\/\/www.facebook.com\/MusiquesJuives\/","https:\/\/www.instagram.com\/musiquesjuives\/","https:\/\/www.youtube.com\/user\/musiquesjuives"]},{"@type":"Person","@id":"https:\/\/www.iemj.org\/en\/#\/schema\/person\/358e26c18aca017fcc4cc15437f7279c","name":"Jacqueline ROTEN","image":{"@type":"ImageObject","inLanguage":"en-US","@id":"https:\/\/secure.gravatar.com\/avatar\/5964256d6c6957de3a3505278957e0fb2a35119ac47ea41827a65301213c810b?s=96&d=mm&r=g","url":"https:\/\/secure.gravatar.com\/avatar\/5964256d6c6957de3a3505278957e0fb2a35119ac47ea41827a65301213c810b?s=96&d=mm&r=g","contentUrl":"https:\/\/secure.gravatar.com\/avatar\/5964256d6c6957de3a3505278957e0fb2a35119ac47ea41827a65301213c810b?s=96&d=mm&r=g","caption":"Jacqueline ROTEN"}}]}},"_links":{"self":[{"href":"https:\/\/www.iemj.org\/en\/wp-json\/wp\/v2\/posts\/81269","targetHints":{"allow":["GET"]}}],"collection":[{"href":"https:\/\/www.iemj.org\/en\/wp-json\/wp\/v2\/posts"}],"about":[{"href":"https:\/\/www.iemj.org\/en\/wp-json\/wp\/v2\/types\/post"}],"author":[{"embeddable":true,"href":"https:\/\/www.iemj.org\/en\/wp-json\/wp\/v2\/users\/5"}],"replies":[{"embeddable":true,"href":"https:\/\/www.iemj.org\/en\/wp-json\/wp\/v2\/comments?post=81269"}],"version-history":[{"count":0,"href":"https:\/\/www.iemj.org\/en\/wp-json\/wp\/v2\/posts\/81269\/revisions"}],"wp:featuredmedia":[{"embeddable":true,"href":"https:\/\/www.iemj.org\/en\/wp-json\/wp\/v2\/media\/81215"}],"wp:attachment":[{"href":"https:\/\/www.iemj.org\/en\/wp-json\/wp\/v2\/media?parent=81269"}],"wp:term":[{"taxonomy":"category","embeddable":true,"href":"https:\/\/www.iemj.org\/en\/wp-json\/wp\/v2\/categories?post=81269"},{"taxonomy":"post_tag","embeddable":true,"href":"https:\/\/www.iemj.org\/en\/wp-json\/wp\/v2\/tags?post=81269"},{"taxonomy":"technique","embeddable":true,"href":"https:\/\/www.iemj.org\/en\/wp-json\/wp\/v2\/technique?post=81269"},{"taxonomy":"squelettes","embeddable":true,"href":"https:\/\/www.iemj.org\/en\/wp-json\/wp\/v2\/squelettes?post=81269"},{"taxonomy":"sujet","embeddable":true,"href":"https:\/\/www.iemj.org\/en\/wp-json\/wp\/v2\/sujet?post=81269"},{"taxonomy":"formation","embeddable":true,"href":"https:\/\/www.iemj.org\/en\/wp-json\/wp\/v2\/formation?post=81269"},{"taxonomy":"genre","embeddable":true,"href":"https:\/\/www.iemj.org\/en\/wp-json\/wp\/v2\/genre?post=81269"},{"taxonomy":"fonds","embeddable":true,"href":"https:\/\/www.iemj.org\/en\/wp-json\/wp\/v2\/fonds?post=81269"},{"taxonomy":"tradition","embeddable":true,"href":"https:\/\/www.iemj.org\/en\/wp-json\/wp\/v2\/tradition?post=81269"},{"taxonomy":"type-de-contenu","embeddable":true,"href":"https:\/\/www.iemj.org\/en\/wp-json\/wp\/v2\/type-de-contenu?post=81269"},{"taxonomy":"interprete-compositeur","embeddable":true,"href":"https:\/\/www.iemj.org\/en\/wp-json\/wp\/v2\/interprete-compositeur?post=81269"},{"taxonomy":"frise","embeddable":true,"href":"https:\/\/www.iemj.org\/en\/wp-json\/wp\/v2\/frise?post=81269"},{"taxonomy":"type-devenement","embeddable":true,"href":"https:\/\/www.iemj.org\/en\/wp-json\/wp\/v2\/type-devenement?post=81269"},{"taxonomy":"tableaux-liens-externes","embeddable":true,"href":"https:\/\/www.iemj.org\/en\/wp-json\/wp\/v2\/tableaux-liens-externes?post=81269"}],"curies":[{"name":"wp","href":"https:\/\/api.w.org\/{rel}","templated":true}]}}