{"id":83109,"date":"2022-04-18T18:24:12","date_gmt":"2022-04-18T16:24:12","guid":{"rendered":"https:\/\/www.iemj.org\/piattelli-elio-1910-2001\/"},"modified":"2023-10-12T11:05:59","modified_gmt":"2023-10-12T09:05:59","slug":"piattelli-elio-1910-2001","status":"publish","type":"post","link":"https:\/\/www.iemj.org\/en\/piattelli-elio-1910-2001\/","title":{"rendered":"Piattelli, Elio (1910-2001)"},"content":{"rendered":"<p>Born in Rome on May 30, 1910, Elio Piattelli graduated in 1931 from the University of Rome with a degree in Literature with the highest mark of &#8220;110 out of 110&#8221;. He studied with Maestro Cesare Dobici (1873-1944) and graduated in composition at the Santa Cecilia Conservatory in Rome in 1941. In the same year he took part in the competition of the Royal Roman Philharmonic Academy with two works for choir. Also in 1941, his four-act play In\u00e9s de Su\u00e0rez (libretto by G. Guerra) was performed in Santiago de Chile on the occasion of the fourth centenary of the foundation of the city of Santiago.<\/p>\n<p>In the immediate post-war period, Piattelli directed the choir of the Politeama in Palermo. He gave courses in liturgical chants in Hebrew in Italy (Rome, Palestrina, Turin, Milan, Florence, Naples&#8230;) and in France (S\u00e9nanque Abbey near Avignon, Saint-Louis in Paris, Strasbourg).<\/p>\n<p>Choirmaster of the Tempio Maggiore in Rome from 1948 to 1984, he animated the liturgical life of the synagogue with the Choir that sang melodies from the oral tradition of the various rites of the Roman Jewish community and compositions of his own melodies for the liturgy of the feasts and for the Jewish holidays. All his musical, literary and musicological productions are preserved in 44 files that make up the Piattelli Collection at the IBIMUS in Rome, thanks to the support of prof. Giancarlo Rostirola, the passionate interest of Maestro Lino Bianchi (1920-2013), the donation of his archives by his daughter, Dr. Daniela Piattelli, and the cataloguing work of prof. Pasquale Tro\u00eca.<\/p>\n<p><img fetchpriority=\"high\" decoding=\"async\" class=\"size-full wp-image-83006 alignright\" src=\"https:\/\/www.iemj.org\/wp-content\/uploads\/2022\/04\/canti-liturgici-Piattelli_COUV-redim.jpg\" alt=\"\" width=\"219\" height=\"300\" \/>During his long career, Elio Piattelli has been active in four main areas:<\/p>\n<ol>\n<li><strong>The transcription of the songs of the oral tradition<\/strong>\u00a0from the voices of the ancient singers of the various Italian Jewish rites and traditions.<\/li>\n<li><strong>The composition of songs<\/strong> that renew the meaning and value of Jewish liturgical vocal traditions, songs that are still performed today by the Tempio Maggiore Choir in Rome.<\/li>\n<li><strong>A literary production<\/strong> as a translator, facilitated by his knowledge of Hebrew and European languages (many still remember him as an English teacher) and by that simple and synthetic narrative versatility that his character gave him.<\/li>\n<li><strong>Musical activity and musicological works<\/strong>: Master of the Tempio Maggiore Choir in Rome from 1948 to 1984, he animated the liturgical life of the synagogue with the Choir which &#8211; as mentioned above &#8211; sang melodies from the oral tradition of the various rites of the Roman Jewish community and compositions of his own melodies for the liturgy of the feasts and for the Jewish holidays. He also published 4 collections of liturgical songs based on transcriptions made from the various holders of the Italian Jewish oral tradition:<\/li>\n<\/ol>\n<ul>\n<li><em>Canti liturgici ebraici di rito italiano <\/em>(Liturgical Jewish Chants of the Italian Rite), transcribed and commented by E. Piattelli Edizioni De Santis, Rome 1967;<\/li>\n<li><em>Canti liturgici ebraici del Piemonte <\/em>(Jewish Liturgical Chants from Piedmont), transcribed and commented by E. Piattelli, Edizioni De Santis, Rome 1986;<\/li>\n<li><em>Canti liturgici di rito spagnolo del Tempio Israelitico di Firenze <\/em>(Liturgical Chants of the Sephardic Rite of the Israelite Temple in Florence), transcribed and commented by E. Piattelli, Editrice La Giuntina, Florence 1992;<\/li>\n<li><em>Canti liturgici ebraici di rito spagnolo di Roma <\/em>(Jewish Liturgical Chants of the Sephardi Rite of Rome) transcribed by Elio Piattelli (edited by P. Tro\u00eca), Fondazione Istituto Italiano per la Storia della Musica, Rome 2003-5763.<\/li>\n<\/ul>\n<p>Elio Piattelli died in Rome on 13 January 2001.<\/p>\n<p><strong>Sources :<\/strong><\/p>\n<p>Giacomo BAROFFIO, Pasquale TROIA, <em>Elio Piattelli in memoriam<\/em>, <em>Revue liturgique<\/em>, ann\u00e9e LXXXVIII, Third series, n\u00b0 5 September-October 2001, 669-677. More information in P. TROIA, <em><u>Canti del Tempio Maggiore \u00e0 Rome<\/u><\/em>, tome II, Gangemi Editore, Rome, to be released in 2022.<\/p>\n<p><a href=\"https:\/\/jewish-music.huji.ac.il\/content\/elio-piattelli\" target=\"_blank\" rel=\"noopener\">Learn more on Elio Piattelli<\/a><\/p>\n<p><a href=\"https:\/\/www.shalom.it\/blog\/editoriali-bc9\/il-ma-elio-piattelli-un-ricordo-ed-una-testimonianza-nel-ventesimo-della-sua-scomparsa-b1105351\" target=\"_blank\" rel=\"noopener\">Read the article Il M\u00b0 Elio Piattelli: un ricordo ed una testimonianza nel ventesimo della sua scomparsa (<em>Elio Piattelli: A memory and testimony of in the twentieth anniversary of his death)<\/em><\/a><\/p>\n<p><a href=\"https:\/\/www.pasqualetroia.it\/\" target=\"_blank\" rel=\"noopener\">Learn more on Pasquale Tro\u00eca<\/a><\/p>\n\n\n<figure class=\"wp-block-embed is-type-video is-provider-youtube wp-block-embed-youtube wp-embed-aspect-16-9 wp-has-aspect-ratio\"><div class=\"wp-block-embed__wrapper\">\n<iframe title=\"Elio Piattelli - Quartetto d&#039;archi - Canti liturgici di rito italiano - Roma, dicembre 2000\" width=\"640\" height=\"360\" src=\"https:\/\/www.youtube.com\/embed\/P7-bSF39qiE?feature=oembed\" frameborder=\"0\" allow=\"accelerometer; autoplay; clipboard-write; encrypted-media; gyroscope; picture-in-picture; web-share\" referrerpolicy=\"strict-origin-when-cross-origin\" allowfullscreen><\/iframe>\n<\/div><figcaption><strong><em>String quartet by Elio Piattelli, with motifs from Jewish liturgical melodies of the Italian rite<\/em><\/strong><\/figcaption><\/figure>\n","protected":false},"excerpt":{"rendered":"<p>Born in Rome on May 30, 1910, Elio Piattelli graduated in 1931 from the University of Rome with a degree in Literature with the highest mark of &#8220;110 out of<\/p>\n","protected":false},"author":5,"featured_media":83000,"comment_status":"closed","ping_status":"closed","sticky":false,"template":"","format":"standard","meta":{"_acf_changed":false,"footnotes":""},"categories":[903],"tags":[2089],"technique":[],"squelettes":[],"sujet":[],"formation":[],"genre":[],"fonds":[],"tradition":[],"type-de-contenu":[],"interprete-compositeur":[],"frise":[],"type-devenement":[],"tableaux-liens-externes":[],"class_list":["post-83109","post","type-post","status-publish","format-standard","has-post-thumbnail","hentry","category-biographies-en","tag-italy-en"],"acf":[],"yoast_head":"<!-- This site is optimized with the Yoast SEO plugin v27.3 - https:\/\/yoast.com\/product\/yoast-seo-wordpress\/ -->\n<title>Piattelli, Elio (1910-2001) - Institut Europ\u00e9en des Musiques Juives<\/title>\n<meta name=\"robots\" content=\"index, follow, max-snippet:-1, max-image-preview:large, max-video-preview:-1\" \/>\n<link rel=\"canonical\" href=\"https:\/\/www.iemj.org\/en\/piattelli-elio-1910-2001\/\" \/>\n<meta property=\"og:locale\" content=\"en_US\" \/>\n<meta property=\"og:type\" content=\"article\" \/>\n<meta property=\"og:title\" content=\"Piattelli, Elio (1910-2001) - Institut Europ\u00e9en des Musiques Juives\" \/>\n<meta property=\"og:description\" content=\"Born in Rome on May 30, 1910, Elio Piattelli graduated in 1931 from the University of Rome with a degree in Literature with the highest mark of &#8220;110 out of\" \/>\n<meta property=\"og:url\" content=\"https:\/\/www.iemj.org\/en\/piattelli-elio-1910-2001\/\" \/>\n<meta property=\"og:site_name\" content=\"Institut Europ\u00e9en des Musiques Juives\" \/>\n<meta property=\"article:publisher\" content=\"https:\/\/www.facebook.com\/MusiquesJuives\/\" \/>\n<meta property=\"article:published_time\" content=\"2022-04-18T16:24:12+00:00\" \/>\n<meta property=\"article:modified_time\" content=\"2023-10-12T09:05:59+00:00\" \/>\n<meta property=\"og:image\" content=\"https:\/\/www.iemj.org\/wp-content\/uploads\/2022\/04\/Logo-Bio-Piattelli-1.png\" \/>\n\t<meta property=\"og:image:width\" content=\"172\" \/>\n\t<meta property=\"og:image:height\" content=\"218\" \/>\n\t<meta property=\"og:image:type\" content=\"image\/png\" \/>\n<meta name=\"author\" content=\"Jacqueline ROTEN\" \/>\n<meta name=\"twitter:card\" content=\"summary_large_image\" \/>\n<meta name=\"twitter:label1\" content=\"Written by\" \/>\n\t<meta name=\"twitter:data1\" content=\"Jacqueline ROTEN\" \/>\n\t<meta name=\"twitter:label2\" content=\"Est. reading time\" \/>\n\t<meta name=\"twitter:data2\" content=\"4 minutes\" \/>\n<script type=\"application\/ld+json\" class=\"yoast-schema-graph\">{\"@context\":\"https:\\\/\\\/schema.org\",\"@graph\":[{\"@type\":\"Article\",\"@id\":\"https:\\\/\\\/www.iemj.org\\\/en\\\/piattelli-elio-1910-2001\\\/#article\",\"isPartOf\":{\"@id\":\"https:\\\/\\\/www.iemj.org\\\/en\\\/piattelli-elio-1910-2001\\\/\"},\"author\":{\"name\":\"Jacqueline ROTEN\",\"@id\":\"https:\\\/\\\/www.iemj.org\\\/en\\\/#\\\/schema\\\/person\\\/358e26c18aca017fcc4cc15437f7279c\"},\"headline\":\"Piattelli, Elio (1910-2001)\",\"datePublished\":\"2022-04-18T16:24:12+00:00\",\"dateModified\":\"2023-10-12T09:05:59+00:00\",\"mainEntityOfPage\":{\"@id\":\"https:\\\/\\\/www.iemj.org\\\/en\\\/piattelli-elio-1910-2001\\\/\"},\"wordCount\":665,\"publisher\":{\"@id\":\"https:\\\/\\\/www.iemj.org\\\/en\\\/#organization\"},\"image\":{\"@id\":\"https:\\\/\\\/www.iemj.org\\\/en\\\/piattelli-elio-1910-2001\\\/#primaryimage\"},\"thumbnailUrl\":\"https:\\\/\\\/www.iemj.org\\\/wp-content\\\/uploads\\\/2022\\\/04\\\/Logo-Bio-Piattelli-1.png\",\"keywords\":[\"Italy\"],\"articleSection\":[\"Biographies\"],\"inLanguage\":\"en-US\"},{\"@type\":\"WebPage\",\"@id\":\"https:\\\/\\\/www.iemj.org\\\/en\\\/piattelli-elio-1910-2001\\\/\",\"url\":\"https:\\\/\\\/www.iemj.org\\\/en\\\/piattelli-elio-1910-2001\\\/\",\"name\":\"Piattelli, Elio (1910-2001) - Institut Europ\u00e9en des Musiques Juives\",\"isPartOf\":{\"@id\":\"https:\\\/\\\/www.iemj.org\\\/en\\\/#website\"},\"primaryImageOfPage\":{\"@id\":\"https:\\\/\\\/www.iemj.org\\\/en\\\/piattelli-elio-1910-2001\\\/#primaryimage\"},\"image\":{\"@id\":\"https:\\\/\\\/www.iemj.org\\\/en\\\/piattelli-elio-1910-2001\\\/#primaryimage\"},\"thumbnailUrl\":\"https:\\\/\\\/www.iemj.org\\\/wp-content\\\/uploads\\\/2022\\\/04\\\/Logo-Bio-Piattelli-1.png\",\"datePublished\":\"2022-04-18T16:24:12+00:00\",\"dateModified\":\"2023-10-12T09:05:59+00:00\",\"breadcrumb\":{\"@id\":\"https:\\\/\\\/www.iemj.org\\\/en\\\/piattelli-elio-1910-2001\\\/#breadcrumb\"},\"inLanguage\":\"en-US\",\"potentialAction\":[{\"@type\":\"ReadAction\",\"target\":[\"https:\\\/\\\/www.iemj.org\\\/en\\\/piattelli-elio-1910-2001\\\/\"]}]},{\"@type\":\"ImageObject\",\"inLanguage\":\"en-US\",\"@id\":\"https:\\\/\\\/www.iemj.org\\\/en\\\/piattelli-elio-1910-2001\\\/#primaryimage\",\"url\":\"https:\\\/\\\/www.iemj.org\\\/wp-content\\\/uploads\\\/2022\\\/04\\\/Logo-Bio-Piattelli-1.png\",\"contentUrl\":\"https:\\\/\\\/www.iemj.org\\\/wp-content\\\/uploads\\\/2022\\\/04\\\/Logo-Bio-Piattelli-1.png\",\"width\":172,\"height\":218},{\"@type\":\"BreadcrumbList\",\"@id\":\"https:\\\/\\\/www.iemj.org\\\/en\\\/piattelli-elio-1910-2001\\\/#breadcrumb\",\"itemListElement\":[{\"@type\":\"ListItem\",\"position\":1,\"name\":\"Accueil\",\"item\":\"https:\\\/\\\/www.iemj.org\\\/en\\\/\"},{\"@type\":\"ListItem\",\"position\":2,\"name\":\"Piattelli, Elio (1910-2001)\"}]},{\"@type\":\"WebSite\",\"@id\":\"https:\\\/\\\/www.iemj.org\\\/en\\\/#website\",\"url\":\"https:\\\/\\\/www.iemj.org\\\/en\\\/\",\"name\":\"Institut Europ\u00e9en des Musiques Juives\",\"description\":\"Des traditions musicales \u00e0 la port\u00e9e de tous\",\"publisher\":{\"@id\":\"https:\\\/\\\/www.iemj.org\\\/en\\\/#organization\"},\"potentialAction\":[{\"@type\":\"SearchAction\",\"target\":{\"@type\":\"EntryPoint\",\"urlTemplate\":\"https:\\\/\\\/www.iemj.org\\\/en\\\/?s={search_term_string}\"},\"query-input\":{\"@type\":\"PropertyValueSpecification\",\"valueRequired\":true,\"valueName\":\"search_term_string\"}}],\"inLanguage\":\"en-US\"},{\"@type\":\"Organization\",\"@id\":\"https:\\\/\\\/www.iemj.org\\\/en\\\/#organization\",\"name\":\"Institut Europ\u00e9en des Musiques Juives\",\"url\":\"https:\\\/\\\/www.iemj.org\\\/en\\\/\",\"logo\":{\"@type\":\"ImageObject\",\"inLanguage\":\"en-US\",\"@id\":\"https:\\\/\\\/www.iemj.org\\\/en\\\/#\\\/schema\\\/logo\\\/image\\\/\",\"url\":\"https:\\\/\\\/www.iemj.org\\\/wp-content\\\/uploads\\\/2021\\\/09\\\/Logo-IEMJ-Paypal.jpg\",\"contentUrl\":\"https:\\\/\\\/www.iemj.org\\\/wp-content\\\/uploads\\\/2021\\\/09\\\/Logo-IEMJ-Paypal.jpg\",\"width\":150,\"height\":50,\"caption\":\"Institut Europ\u00e9en des Musiques Juives\"},\"image\":{\"@id\":\"https:\\\/\\\/www.iemj.org\\\/en\\\/#\\\/schema\\\/logo\\\/image\\\/\"},\"sameAs\":[\"https:\\\/\\\/www.facebook.com\\\/MusiquesJuives\\\/\",\"https:\\\/\\\/www.instagram.com\\\/musiquesjuives\\\/\",\"https:\\\/\\\/www.youtube.com\\\/user\\\/musiquesjuives\"]},{\"@type\":\"Person\",\"@id\":\"https:\\\/\\\/www.iemj.org\\\/en\\\/#\\\/schema\\\/person\\\/358e26c18aca017fcc4cc15437f7279c\",\"name\":\"Jacqueline ROTEN\",\"image\":{\"@type\":\"ImageObject\",\"inLanguage\":\"en-US\",\"@id\":\"https:\\\/\\\/secure.gravatar.com\\\/avatar\\\/5964256d6c6957de3a3505278957e0fb2a35119ac47ea41827a65301213c810b?s=96&d=mm&r=g\",\"url\":\"https:\\\/\\\/secure.gravatar.com\\\/avatar\\\/5964256d6c6957de3a3505278957e0fb2a35119ac47ea41827a65301213c810b?s=96&d=mm&r=g\",\"contentUrl\":\"https:\\\/\\\/secure.gravatar.com\\\/avatar\\\/5964256d6c6957de3a3505278957e0fb2a35119ac47ea41827a65301213c810b?s=96&d=mm&r=g\",\"caption\":\"Jacqueline ROTEN\"}}]}<\/script>\n<!-- \/ Yoast SEO plugin. -->","yoast_head_json":{"title":"Piattelli, Elio (1910-2001) - Institut Europ\u00e9en des Musiques Juives","robots":{"index":"index","follow":"follow","max-snippet":"max-snippet:-1","max-image-preview":"max-image-preview:large","max-video-preview":"max-video-preview:-1"},"canonical":"https:\/\/www.iemj.org\/en\/piattelli-elio-1910-2001\/","og_locale":"en_US","og_type":"article","og_title":"Piattelli, Elio (1910-2001) - Institut Europ\u00e9en des Musiques Juives","og_description":"Born in Rome on May 30, 1910, Elio Piattelli graduated in 1931 from the University of Rome with a degree in Literature with the highest mark of &#8220;110 out of","og_url":"https:\/\/www.iemj.org\/en\/piattelli-elio-1910-2001\/","og_site_name":"Institut Europ\u00e9en des Musiques Juives","article_publisher":"https:\/\/www.facebook.com\/MusiquesJuives\/","article_published_time":"2022-04-18T16:24:12+00:00","article_modified_time":"2023-10-12T09:05:59+00:00","og_image":[{"width":172,"height":218,"url":"https:\/\/www.iemj.org\/wp-content\/uploads\/2022\/04\/Logo-Bio-Piattelli-1.png","type":"image\/png"}],"author":"Jacqueline ROTEN","twitter_card":"summary_large_image","twitter_misc":{"Written by":"Jacqueline ROTEN","Est. reading time":"4 minutes"},"schema":{"@context":"https:\/\/schema.org","@graph":[{"@type":"Article","@id":"https:\/\/www.iemj.org\/en\/piattelli-elio-1910-2001\/#article","isPartOf":{"@id":"https:\/\/www.iemj.org\/en\/piattelli-elio-1910-2001\/"},"author":{"name":"Jacqueline ROTEN","@id":"https:\/\/www.iemj.org\/en\/#\/schema\/person\/358e26c18aca017fcc4cc15437f7279c"},"headline":"Piattelli, Elio (1910-2001)","datePublished":"2022-04-18T16:24:12+00:00","dateModified":"2023-10-12T09:05:59+00:00","mainEntityOfPage":{"@id":"https:\/\/www.iemj.org\/en\/piattelli-elio-1910-2001\/"},"wordCount":665,"publisher":{"@id":"https:\/\/www.iemj.org\/en\/#organization"},"image":{"@id":"https:\/\/www.iemj.org\/en\/piattelli-elio-1910-2001\/#primaryimage"},"thumbnailUrl":"https:\/\/www.iemj.org\/wp-content\/uploads\/2022\/04\/Logo-Bio-Piattelli-1.png","keywords":["Italy"],"articleSection":["Biographies"],"inLanguage":"en-US"},{"@type":"WebPage","@id":"https:\/\/www.iemj.org\/en\/piattelli-elio-1910-2001\/","url":"https:\/\/www.iemj.org\/en\/piattelli-elio-1910-2001\/","name":"Piattelli, Elio (1910-2001) - Institut Europ\u00e9en des Musiques Juives","isPartOf":{"@id":"https:\/\/www.iemj.org\/en\/#website"},"primaryImageOfPage":{"@id":"https:\/\/www.iemj.org\/en\/piattelli-elio-1910-2001\/#primaryimage"},"image":{"@id":"https:\/\/www.iemj.org\/en\/piattelli-elio-1910-2001\/#primaryimage"},"thumbnailUrl":"https:\/\/www.iemj.org\/wp-content\/uploads\/2022\/04\/Logo-Bio-Piattelli-1.png","datePublished":"2022-04-18T16:24:12+00:00","dateModified":"2023-10-12T09:05:59+00:00","breadcrumb":{"@id":"https:\/\/www.iemj.org\/en\/piattelli-elio-1910-2001\/#breadcrumb"},"inLanguage":"en-US","potentialAction":[{"@type":"ReadAction","target":["https:\/\/www.iemj.org\/en\/piattelli-elio-1910-2001\/"]}]},{"@type":"ImageObject","inLanguage":"en-US","@id":"https:\/\/www.iemj.org\/en\/piattelli-elio-1910-2001\/#primaryimage","url":"https:\/\/www.iemj.org\/wp-content\/uploads\/2022\/04\/Logo-Bio-Piattelli-1.png","contentUrl":"https:\/\/www.iemj.org\/wp-content\/uploads\/2022\/04\/Logo-Bio-Piattelli-1.png","width":172,"height":218},{"@type":"BreadcrumbList","@id":"https:\/\/www.iemj.org\/en\/piattelli-elio-1910-2001\/#breadcrumb","itemListElement":[{"@type":"ListItem","position":1,"name":"Accueil","item":"https:\/\/www.iemj.org\/en\/"},{"@type":"ListItem","position":2,"name":"Piattelli, Elio (1910-2001)"}]},{"@type":"WebSite","@id":"https:\/\/www.iemj.org\/en\/#website","url":"https:\/\/www.iemj.org\/en\/","name":"Institut Europ\u00e9en des Musiques Juives","description":"Des traditions musicales \u00e0 la port\u00e9e de tous","publisher":{"@id":"https:\/\/www.iemj.org\/en\/#organization"},"potentialAction":[{"@type":"SearchAction","target":{"@type":"EntryPoint","urlTemplate":"https:\/\/www.iemj.org\/en\/?s={search_term_string}"},"query-input":{"@type":"PropertyValueSpecification","valueRequired":true,"valueName":"search_term_string"}}],"inLanguage":"en-US"},{"@type":"Organization","@id":"https:\/\/www.iemj.org\/en\/#organization","name":"Institut Europ\u00e9en des Musiques Juives","url":"https:\/\/www.iemj.org\/en\/","logo":{"@type":"ImageObject","inLanguage":"en-US","@id":"https:\/\/www.iemj.org\/en\/#\/schema\/logo\/image\/","url":"https:\/\/www.iemj.org\/wp-content\/uploads\/2021\/09\/Logo-IEMJ-Paypal.jpg","contentUrl":"https:\/\/www.iemj.org\/wp-content\/uploads\/2021\/09\/Logo-IEMJ-Paypal.jpg","width":150,"height":50,"caption":"Institut Europ\u00e9en des Musiques Juives"},"image":{"@id":"https:\/\/www.iemj.org\/en\/#\/schema\/logo\/image\/"},"sameAs":["https:\/\/www.facebook.com\/MusiquesJuives\/","https:\/\/www.instagram.com\/musiquesjuives\/","https:\/\/www.youtube.com\/user\/musiquesjuives"]},{"@type":"Person","@id":"https:\/\/www.iemj.org\/en\/#\/schema\/person\/358e26c18aca017fcc4cc15437f7279c","name":"Jacqueline ROTEN","image":{"@type":"ImageObject","inLanguage":"en-US","@id":"https:\/\/secure.gravatar.com\/avatar\/5964256d6c6957de3a3505278957e0fb2a35119ac47ea41827a65301213c810b?s=96&d=mm&r=g","url":"https:\/\/secure.gravatar.com\/avatar\/5964256d6c6957de3a3505278957e0fb2a35119ac47ea41827a65301213c810b?s=96&d=mm&r=g","contentUrl":"https:\/\/secure.gravatar.com\/avatar\/5964256d6c6957de3a3505278957e0fb2a35119ac47ea41827a65301213c810b?s=96&d=mm&r=g","caption":"Jacqueline ROTEN"}}]}},"_links":{"self":[{"href":"https:\/\/www.iemj.org\/en\/wp-json\/wp\/v2\/posts\/83109","targetHints":{"allow":["GET"]}}],"collection":[{"href":"https:\/\/www.iemj.org\/en\/wp-json\/wp\/v2\/posts"}],"about":[{"href":"https:\/\/www.iemj.org\/en\/wp-json\/wp\/v2\/types\/post"}],"author":[{"embeddable":true,"href":"https:\/\/www.iemj.org\/en\/wp-json\/wp\/v2\/users\/5"}],"replies":[{"embeddable":true,"href":"https:\/\/www.iemj.org\/en\/wp-json\/wp\/v2\/comments?post=83109"}],"version-history":[{"count":0,"href":"https:\/\/www.iemj.org\/en\/wp-json\/wp\/v2\/posts\/83109\/revisions"}],"wp:featuredmedia":[{"embeddable":true,"href":"https:\/\/www.iemj.org\/en\/wp-json\/wp\/v2\/media\/83000"}],"wp:attachment":[{"href":"https:\/\/www.iemj.org\/en\/wp-json\/wp\/v2\/media?parent=83109"}],"wp:term":[{"taxonomy":"category","embeddable":true,"href":"https:\/\/www.iemj.org\/en\/wp-json\/wp\/v2\/categories?post=83109"},{"taxonomy":"post_tag","embeddable":true,"href":"https:\/\/www.iemj.org\/en\/wp-json\/wp\/v2\/tags?post=83109"},{"taxonomy":"technique","embeddable":true,"href":"https:\/\/www.iemj.org\/en\/wp-json\/wp\/v2\/technique?post=83109"},{"taxonomy":"squelettes","embeddable":true,"href":"https:\/\/www.iemj.org\/en\/wp-json\/wp\/v2\/squelettes?post=83109"},{"taxonomy":"sujet","embeddable":true,"href":"https:\/\/www.iemj.org\/en\/wp-json\/wp\/v2\/sujet?post=83109"},{"taxonomy":"formation","embeddable":true,"href":"https:\/\/www.iemj.org\/en\/wp-json\/wp\/v2\/formation?post=83109"},{"taxonomy":"genre","embeddable":true,"href":"https:\/\/www.iemj.org\/en\/wp-json\/wp\/v2\/genre?post=83109"},{"taxonomy":"fonds","embeddable":true,"href":"https:\/\/www.iemj.org\/en\/wp-json\/wp\/v2\/fonds?post=83109"},{"taxonomy":"tradition","embeddable":true,"href":"https:\/\/www.iemj.org\/en\/wp-json\/wp\/v2\/tradition?post=83109"},{"taxonomy":"type-de-contenu","embeddable":true,"href":"https:\/\/www.iemj.org\/en\/wp-json\/wp\/v2\/type-de-contenu?post=83109"},{"taxonomy":"interprete-compositeur","embeddable":true,"href":"https:\/\/www.iemj.org\/en\/wp-json\/wp\/v2\/interprete-compositeur?post=83109"},{"taxonomy":"frise","embeddable":true,"href":"https:\/\/www.iemj.org\/en\/wp-json\/wp\/v2\/frise?post=83109"},{"taxonomy":"type-devenement","embeddable":true,"href":"https:\/\/www.iemj.org\/en\/wp-json\/wp\/v2\/type-devenement?post=83109"},{"taxonomy":"tableaux-liens-externes","embeddable":true,"href":"https:\/\/www.iemj.org\/en\/wp-json\/wp\/v2\/tableaux-liens-externes?post=83109"}],"curies":[{"name":"wp","href":"https:\/\/api.w.org\/{rel}","templated":true}]}}