{"id":83127,"date":"2022-04-19T10:25:54","date_gmt":"2022-04-19T08:25:54","guid":{"rendered":"https:\/\/www.iemj.org\/canti-del-tempio-maggiore-di-roma-i-tomo\/"},"modified":"2025-10-16T17:26:33","modified_gmt":"2025-10-16T15:26:33","slug":"canti-del-tempio-maggiore-di-roma-i-tomo","status":"publish","type":"post","link":"https:\/\/www.iemj.org\/en\/canti-del-tempio-maggiore-di-roma-i-tomo\/","title":{"rendered":"Canti del Tempio Maggiore di Roma"},"content":{"rendered":"<p><strong>Gangemi Editore International\u00a0<\/strong><\/p>\n<p><strong>Volume I <\/strong>by Pasquale Tro\u00eca , Alberto Funaro, Claudio Di Segni, Angelo Spizzichino, Rome, November 2021, 188 pp., 1 audio CD enclosed<\/p>\n<p><strong>Volume II <\/strong>by Pasquale Tro\u00eca, Rome, December 2021.2024, 183 pp.<\/p>\n<p>This two-volume study by Pasquale Tro\u00eca <span class=\"footnote_referrer\"><a role=\"button\" tabindex=\"0\" onclick=\"footnote_moveToReference_83127_1('footnote_plugin_reference_83127_1_1');\" onkeypress=\"footnote_moveToReference_83127_1('footnote_plugin_reference_83127_1_1');\" ><sup id=\"footnote_plugin_tooltip_83127_1_1\" class=\"footnote_plugin_tooltip_text\">[1]<\/sup><\/a><span id=\"footnote_plugin_tooltip_text_83127_1_1\" class=\"footnote_tooltip\">Pasquale Tro\u00eca is Professor of Bible and Music at ISSR Mater Ecclesiae and the Pontifical University of St. Thomas Aquinas, Angelicum, Rome<\/span><\/span><script type=\"text\/javascript\"> jQuery('#footnote_plugin_tooltip_83127_1_1').tooltip({ tip: '#footnote_plugin_tooltip_text_83127_1_1', tipClass: 'footnote_tooltip', effect: 'fade', predelay: 0, fadeInSpeed: 200, delay: 400, fadeOutSpeed: 200, position: 'top center', relative: true, offset: [-7, 0], });<\/script>, Alberto Funaro, Claudio Di Segni, Angelo Spizzichino studies for the first time the musical manuscripts of the Historical Archives of the Jewish Community of Rome. These archives contain mainly scores representative of the traditions of the five historical synagogues of Rome (Cinque Scole): two synagogues were destined for immigrants from Spain in 1492 (Scola Catalana and Scola Castigliana), one for those from Sicily (Scola Siciliana), and two others for the Jews already present in Rome at the time of these migrations and before the creation of the Ghetto in 1555 (Scola Tempio and Scola Nova). The archives of the Jewish community of Rome also contain manuscript scores composed by Jewish and non-Jewish musicians since July 27, 1904, the date of the inauguration of the Great Temple of Rome (Tempio Maggiore). These musical manuscripts tell the story of the religious, historical and cultural identity of Roman Jews. The book is accompanied by a CD-ROM containing a representative sample of these liturgical songs performed by the Tempio Maggiore Choir of Rome, directed by Claudio Di Segni, with the participation of the cantor Rav Avraham Alberto Funaro and Angelo Spizzichino, organist of the Temple. The songs are presented in the original Hebrew text, translated and &#8220;accompanied&#8221; by biblical, liturgical and musical comments.<\/p>\n<p>There are also transcripts of interviews with Rav Funaro, Maestro Di Segni and Maestro Spizzichino, which give us a better understanding of the function of the Chazan (cantor), the choirmaster and the organist during the daily prayers, the prayers of the festivals and the events that mark the history of the Roman Jewish community.<\/p>\n<p>The second volume completes the themes of the first. For the first time, it presents the biographies and compositions of the directors of the Tempio Maggiore Choir (from 1904, the year of its consecration and inauguration), as well as those of the Cinque Scola. There is also an index of the most frequently performed chants, with their performance context in the liturgical year cycle. Also included are \u201chistorical\u201d and contemporary recordings, photographs of the choir and some of the events and concerts in which it took part, a presentation of the Temple organ and an initial survey of the presence or absence of organs or harmoniums in Italy&#8217;s main synagogues. <br \/>The book is accompanied by an extensive bibliography and an \u201catlas\u201d of over four hundred liturgical, biblical, musical, ritual and cultural terms to help us understand and appreciate the heritage of Jewish liturgical chant, particularly in Rome. Also included are idiomatic Judeo-Roman words and expressions used by Roman Jews to characterize moments of daily life.<\/p>\n<p>Purchase the book (<a href=\"https:\/\/gangemi.com\/prodotto\/canti-del-tempio-maggiore-di-roma\/\" target=\"_blank\" rel=\"noopener\">volume I<\/a> and <a href=\"https:\/\/gangemi.com\/prodotto\/canti-del-tempio-maggiore-di-roma-2\/\" target=\"_blank\" rel=\"noopener\">volume II<\/a>)<\/p>\n<p><a href=\"http:\/\/www.rachelnet.net\/F\/?func=find-c&amp;ccl_term=WHOL+%3D+Troia&amp;local_base=iemcg\" target=\"_blank\" rel=\"noopener\">Browse the archives from Pasquale Tro\u00eca<\/a><\/p>\n<p><a href=\"https:\/\/www.pasqualetroia.it\/\" target=\"_blank\" rel=\"noopener\">Access Pasquale Tro\u00eca&#8217;s blog (in Italian)<\/a><\/p>\n\n\n<figure class=\"wp-block-embed is-type-video is-provider-youtube wp-block-embed-youtube wp-embed-aspect-4-3 wp-has-aspect-ratio\"><div class=\"wp-block-embed__wrapper\">\n<iframe title=\"B\u0101r\u00fbk habba\u2019 \/ Benedetto colui che viene, Sal 118,26, E. Piattelli Coro del Tempio Maggiore di Roma\" width=\"640\" height=\"480\" src=\"https:\/\/www.youtube.com\/embed\/n-vQtxckLLg?feature=oembed\" frameborder=\"0\" allow=\"accelerometer; autoplay; clipboard-write; encrypted-media; gyroscope; picture-in-picture; web-share\" referrerpolicy=\"strict-origin-when-cross-origin\" allowfullscreen><\/iframe>\n<\/div><\/figure>\n\n\n<div class=\"wp-block-image\">\n<figure class=\"aligncenter size-large\"><img fetchpriority=\"high\" decoding=\"async\" width=\"1024\" height=\"133\" src=\"https:\/\/www.iemj.org\/wp-content\/uploads\/2024\/03\/AUDIO-PLAYER-1024x133.png\" alt=\"\" class=\"wp-image-110607\" srcset=\"https:\/\/www.iemj.org\/wp-content\/uploads\/2024\/03\/AUDIO-PLAYER-1024x133.png 1024w, https:\/\/www.iemj.org\/wp-content\/uploads\/2024\/03\/AUDIO-PLAYER-300x39.png 300w, https:\/\/www.iemj.org\/wp-content\/uploads\/2024\/03\/AUDIO-PLAYER-768x100.png 768w, https:\/\/www.iemj.org\/wp-content\/uploads\/2024\/03\/AUDIO-PLAYER-600x78.png 600w, https:\/\/www.iemj.org\/wp-content\/uploads\/2024\/03\/AUDIO-PLAYER.png 1210w\" sizes=\"(max-width: 1024px) 100vw, 1024px\" \/><\/figure>\n<\/div><div class=\"speaker-mute footnotes_reference_container\"> <div class=\"footnote_container_prepare\"><p><span role=\"button\" tabindex=\"0\" class=\"footnote_reference_container_label pointer\" onclick=\"footnote_expand_collapse_reference_container_83127_1();\">&#x202F;<\/span><span role=\"button\" tabindex=\"0\" class=\"footnote_reference_container_collapse_button\" style=\"display: none;\" onclick=\"footnote_expand_collapse_reference_container_83127_1();\">[<a id=\"footnote_reference_container_collapse_button_83127_1\">+<\/a>]<\/span><\/p><\/div> <div id=\"footnote_references_container_83127_1\" style=\"\"><table class=\"footnotes_table footnote-reference-container\"><caption class=\"accessibility\">References<\/caption> <tbody> \r\n\r\n<tr class=\"footnotes_plugin_reference_row\"> <th scope=\"row\" class=\"footnote_plugin_index_combi pointer\"  onclick=\"footnote_moveToAnchor_83127_1('footnote_plugin_tooltip_83127_1_1');\"><a id=\"footnote_plugin_reference_83127_1_1\" class=\"footnote_backlink\">1<\/a><\/th> <td class=\"footnote_plugin_text\">Pasquale Tro\u00eca is Professor of Bible and Music at ISSR Mater Ecclesiae and the Pontifical University of St. Thomas Aquinas, Angelicum, Rome<\/td><\/tr>\r\n\r\n <\/tbody> <\/table> <\/div><\/div><script type=\"text\/javascript\"> function footnote_expand_reference_container_83127_1() { jQuery('#footnote_references_container_83127_1').show(); jQuery('#footnote_reference_container_collapse_button_83127_1').text('\u2212'); } function footnote_collapse_reference_container_83127_1() { jQuery('#footnote_references_container_83127_1').hide(); jQuery('#footnote_reference_container_collapse_button_83127_1').text('+'); } function footnote_expand_collapse_reference_container_83127_1() { if (jQuery('#footnote_references_container_83127_1').is(':hidden')) { footnote_expand_reference_container_83127_1(); } else { footnote_collapse_reference_container_83127_1(); } } function footnote_moveToReference_83127_1(p_str_TargetID) { footnote_expand_reference_container_83127_1(); var l_obj_Target = jQuery('#' + p_str_TargetID); if (l_obj_Target.length) { jQuery( 'html, body' ).delay( 0 ); jQuery('html, body').animate({ scrollTop: l_obj_Target.offset().top - window.innerHeight * 0.2 }, 380); } } function footnote_moveToAnchor_83127_1(p_str_TargetID) { footnote_expand_reference_container_83127_1(); var l_obj_Target = jQuery('#' + p_str_TargetID); if (l_obj_Target.length) { jQuery( 'html, body' ).delay( 0 ); jQuery('html, body').animate({ scrollTop: l_obj_Target.offset().top - window.innerHeight * 0.2 }, 380); } }<\/script>","protected":false},"excerpt":{"rendered":"<p>Gangemi Editore International\u00a0 Volume I by Pasquale Tro\u00eca , Alberto Funaro, Claudio Di Segni, Angelo Spizzichino, Rome, November 2021, 188 pp., 1 audio CD enclosed Volume II by Pasquale Tro\u00eca,<\/p>\n","protected":false},"author":5,"featured_media":83028,"comment_status":"closed","ping_status":"closed","sticky":false,"template":"","format":"standard","meta":{"_acf_changed":false,"footnotes":""},"categories":[1579,1562],"tags":[2089],"technique":[],"squelettes":[],"sujet":[],"formation":[],"genre":[],"fonds":[],"tradition":[1147],"type-de-contenu":[],"interprete-compositeur":[],"frise":[],"type-devenement":[],"tableaux-liens-externes":[],"class_list":["post-83127","post","type-post","status-publish","format-standard","has-post-thumbnail","hentry","category-books-articles-en","category-latest-acquisitions-en","tag-italy-en","tradition-italian-rite-en"],"acf":[],"yoast_head":"<!-- This site is optimized with the Yoast SEO plugin v27.3 - https:\/\/yoast.com\/product\/yoast-seo-wordpress\/ -->\n<title>Canti del Tempio Maggiore di Roma - Institut Europ\u00e9en des Musiques Juives<\/title>\n<meta name=\"robots\" content=\"index, follow, max-snippet:-1, max-image-preview:large, max-video-preview:-1\" \/>\n<link rel=\"canonical\" href=\"https:\/\/www.iemj.org\/en\/canti-del-tempio-maggiore-di-roma-i-tomo\/\" \/>\n<meta property=\"og:locale\" content=\"en_US\" \/>\n<meta property=\"og:type\" content=\"article\" \/>\n<meta property=\"og:title\" content=\"Canti del Tempio Maggiore di Roma - Institut Europ\u00e9en des Musiques Juives\" \/>\n<meta property=\"og:description\" content=\"Gangemi Editore International\u00a0 Volume I by Pasquale Tro\u00eca , Alberto Funaro, Claudio Di Segni, Angelo Spizzichino, Rome, November 2021, 188 pp., 1 audio CD enclosed Volume II by Pasquale Tro\u00eca,\" \/>\n<meta property=\"og:url\" content=\"https:\/\/www.iemj.org\/en\/canti-del-tempio-maggiore-di-roma-i-tomo\/\" \/>\n<meta property=\"og:site_name\" content=\"Institut Europ\u00e9en des Musiques Juives\" \/>\n<meta property=\"article:publisher\" content=\"https:\/\/www.facebook.com\/MusiquesJuives\/\" \/>\n<meta property=\"article:published_time\" content=\"2022-04-19T08:25:54+00:00\" \/>\n<meta property=\"article:modified_time\" content=\"2025-10-16T15:26:33+00:00\" \/>\n<meta property=\"og:image\" content=\"https:\/\/www.iemj.org\/wp-content\/uploads\/2022\/04\/logo-article_redim.jpg\" \/>\n\t<meta property=\"og:image:width\" content=\"319\" \/>\n\t<meta property=\"og:image:height\" content=\"450\" \/>\n\t<meta property=\"og:image:type\" content=\"image\/jpeg\" \/>\n<meta name=\"author\" content=\"Jacqueline ROTEN\" \/>\n<meta name=\"twitter:card\" content=\"summary_large_image\" \/>\n<meta name=\"twitter:label1\" content=\"Written by\" \/>\n\t<meta name=\"twitter:data1\" content=\"Jacqueline ROTEN\" \/>\n\t<meta name=\"twitter:label2\" content=\"Est. reading time\" \/>\n\t<meta name=\"twitter:data2\" content=\"4 minutes\" \/>\n<script type=\"application\/ld+json\" class=\"yoast-schema-graph\">{\"@context\":\"https:\\\/\\\/schema.org\",\"@graph\":[{\"@type\":\"Article\",\"@id\":\"https:\\\/\\\/www.iemj.org\\\/en\\\/canti-del-tempio-maggiore-di-roma-i-tomo\\\/#article\",\"isPartOf\":{\"@id\":\"https:\\\/\\\/www.iemj.org\\\/en\\\/canti-del-tempio-maggiore-di-roma-i-tomo\\\/\"},\"author\":{\"name\":\"Jacqueline ROTEN\",\"@id\":\"https:\\\/\\\/www.iemj.org\\\/en\\\/#\\\/schema\\\/person\\\/358e26c18aca017fcc4cc15437f7279c\"},\"headline\":\"Canti del Tempio Maggiore di Roma\",\"datePublished\":\"2022-04-19T08:25:54+00:00\",\"dateModified\":\"2025-10-16T15:26:33+00:00\",\"mainEntityOfPage\":{\"@id\":\"https:\\\/\\\/www.iemj.org\\\/en\\\/canti-del-tempio-maggiore-di-roma-i-tomo\\\/\"},\"wordCount\":518,\"publisher\":{\"@id\":\"https:\\\/\\\/www.iemj.org\\\/en\\\/#organization\"},\"image\":{\"@id\":\"https:\\\/\\\/www.iemj.org\\\/en\\\/canti-del-tempio-maggiore-di-roma-i-tomo\\\/#primaryimage\"},\"thumbnailUrl\":\"https:\\\/\\\/www.iemj.org\\\/wp-content\\\/uploads\\\/2022\\\/04\\\/logo-article_redim.jpg\",\"keywords\":[\"Italy\"],\"articleSection\":[\"Books, articles\",\"Latest Acquisitions\"],\"inLanguage\":\"en-US\"},{\"@type\":\"WebPage\",\"@id\":\"https:\\\/\\\/www.iemj.org\\\/en\\\/canti-del-tempio-maggiore-di-roma-i-tomo\\\/\",\"url\":\"https:\\\/\\\/www.iemj.org\\\/en\\\/canti-del-tempio-maggiore-di-roma-i-tomo\\\/\",\"name\":\"Canti del Tempio Maggiore di Roma - Institut Europ\u00e9en des Musiques Juives\",\"isPartOf\":{\"@id\":\"https:\\\/\\\/www.iemj.org\\\/en\\\/#website\"},\"primaryImageOfPage\":{\"@id\":\"https:\\\/\\\/www.iemj.org\\\/en\\\/canti-del-tempio-maggiore-di-roma-i-tomo\\\/#primaryimage\"},\"image\":{\"@id\":\"https:\\\/\\\/www.iemj.org\\\/en\\\/canti-del-tempio-maggiore-di-roma-i-tomo\\\/#primaryimage\"},\"thumbnailUrl\":\"https:\\\/\\\/www.iemj.org\\\/wp-content\\\/uploads\\\/2022\\\/04\\\/logo-article_redim.jpg\",\"datePublished\":\"2022-04-19T08:25:54+00:00\",\"dateModified\":\"2025-10-16T15:26:33+00:00\",\"breadcrumb\":{\"@id\":\"https:\\\/\\\/www.iemj.org\\\/en\\\/canti-del-tempio-maggiore-di-roma-i-tomo\\\/#breadcrumb\"},\"inLanguage\":\"en-US\",\"potentialAction\":[{\"@type\":\"ReadAction\",\"target\":[\"https:\\\/\\\/www.iemj.org\\\/en\\\/canti-del-tempio-maggiore-di-roma-i-tomo\\\/\"]}]},{\"@type\":\"ImageObject\",\"inLanguage\":\"en-US\",\"@id\":\"https:\\\/\\\/www.iemj.org\\\/en\\\/canti-del-tempio-maggiore-di-roma-i-tomo\\\/#primaryimage\",\"url\":\"https:\\\/\\\/www.iemj.org\\\/wp-content\\\/uploads\\\/2022\\\/04\\\/logo-article_redim.jpg\",\"contentUrl\":\"https:\\\/\\\/www.iemj.org\\\/wp-content\\\/uploads\\\/2022\\\/04\\\/logo-article_redim.jpg\",\"width\":319,\"height\":450,\"caption\":\"Couv Canti del Tempio Maggiore\"},{\"@type\":\"BreadcrumbList\",\"@id\":\"https:\\\/\\\/www.iemj.org\\\/en\\\/canti-del-tempio-maggiore-di-roma-i-tomo\\\/#breadcrumb\",\"itemListElement\":[{\"@type\":\"ListItem\",\"position\":1,\"name\":\"Accueil\",\"item\":\"https:\\\/\\\/www.iemj.org\\\/en\\\/\"},{\"@type\":\"ListItem\",\"position\":2,\"name\":\"Canti del Tempio Maggiore di Roma\"}]},{\"@type\":\"WebSite\",\"@id\":\"https:\\\/\\\/www.iemj.org\\\/en\\\/#website\",\"url\":\"https:\\\/\\\/www.iemj.org\\\/en\\\/\",\"name\":\"Institut Europ\u00e9en des Musiques Juives\",\"description\":\"Des traditions musicales \u00e0 la port\u00e9e de tous\",\"publisher\":{\"@id\":\"https:\\\/\\\/www.iemj.org\\\/en\\\/#organization\"},\"potentialAction\":[{\"@type\":\"SearchAction\",\"target\":{\"@type\":\"EntryPoint\",\"urlTemplate\":\"https:\\\/\\\/www.iemj.org\\\/en\\\/?s={search_term_string}\"},\"query-input\":{\"@type\":\"PropertyValueSpecification\",\"valueRequired\":true,\"valueName\":\"search_term_string\"}}],\"inLanguage\":\"en-US\"},{\"@type\":\"Organization\",\"@id\":\"https:\\\/\\\/www.iemj.org\\\/en\\\/#organization\",\"name\":\"Institut Europ\u00e9en des Musiques Juives\",\"url\":\"https:\\\/\\\/www.iemj.org\\\/en\\\/\",\"logo\":{\"@type\":\"ImageObject\",\"inLanguage\":\"en-US\",\"@id\":\"https:\\\/\\\/www.iemj.org\\\/en\\\/#\\\/schema\\\/logo\\\/image\\\/\",\"url\":\"https:\\\/\\\/www.iemj.org\\\/wp-content\\\/uploads\\\/2021\\\/09\\\/Logo-IEMJ-Paypal.jpg\",\"contentUrl\":\"https:\\\/\\\/www.iemj.org\\\/wp-content\\\/uploads\\\/2021\\\/09\\\/Logo-IEMJ-Paypal.jpg\",\"width\":150,\"height\":50,\"caption\":\"Institut Europ\u00e9en des Musiques Juives\"},\"image\":{\"@id\":\"https:\\\/\\\/www.iemj.org\\\/en\\\/#\\\/schema\\\/logo\\\/image\\\/\"},\"sameAs\":[\"https:\\\/\\\/www.facebook.com\\\/MusiquesJuives\\\/\",\"https:\\\/\\\/www.instagram.com\\\/musiquesjuives\\\/\",\"https:\\\/\\\/www.youtube.com\\\/user\\\/musiquesjuives\"]},{\"@type\":\"Person\",\"@id\":\"https:\\\/\\\/www.iemj.org\\\/en\\\/#\\\/schema\\\/person\\\/358e26c18aca017fcc4cc15437f7279c\",\"name\":\"Jacqueline ROTEN\",\"image\":{\"@type\":\"ImageObject\",\"inLanguage\":\"en-US\",\"@id\":\"https:\\\/\\\/secure.gravatar.com\\\/avatar\\\/5964256d6c6957de3a3505278957e0fb2a35119ac47ea41827a65301213c810b?s=96&d=mm&r=g\",\"url\":\"https:\\\/\\\/secure.gravatar.com\\\/avatar\\\/5964256d6c6957de3a3505278957e0fb2a35119ac47ea41827a65301213c810b?s=96&d=mm&r=g\",\"contentUrl\":\"https:\\\/\\\/secure.gravatar.com\\\/avatar\\\/5964256d6c6957de3a3505278957e0fb2a35119ac47ea41827a65301213c810b?s=96&d=mm&r=g\",\"caption\":\"Jacqueline ROTEN\"}}]}<\/script>\n<!-- \/ Yoast SEO plugin. -->","yoast_head_json":{"title":"Canti del Tempio Maggiore di Roma - Institut Europ\u00e9en des Musiques Juives","robots":{"index":"index","follow":"follow","max-snippet":"max-snippet:-1","max-image-preview":"max-image-preview:large","max-video-preview":"max-video-preview:-1"},"canonical":"https:\/\/www.iemj.org\/en\/canti-del-tempio-maggiore-di-roma-i-tomo\/","og_locale":"en_US","og_type":"article","og_title":"Canti del Tempio Maggiore di Roma - Institut Europ\u00e9en des Musiques Juives","og_description":"Gangemi Editore International\u00a0 Volume I by Pasquale Tro\u00eca , Alberto Funaro, Claudio Di Segni, Angelo Spizzichino, Rome, November 2021, 188 pp., 1 audio CD enclosed Volume II by Pasquale Tro\u00eca,","og_url":"https:\/\/www.iemj.org\/en\/canti-del-tempio-maggiore-di-roma-i-tomo\/","og_site_name":"Institut Europ\u00e9en des Musiques Juives","article_publisher":"https:\/\/www.facebook.com\/MusiquesJuives\/","article_published_time":"2022-04-19T08:25:54+00:00","article_modified_time":"2025-10-16T15:26:33+00:00","og_image":[{"width":319,"height":450,"url":"https:\/\/www.iemj.org\/wp-content\/uploads\/2022\/04\/logo-article_redim.jpg","type":"image\/jpeg"}],"author":"Jacqueline ROTEN","twitter_card":"summary_large_image","twitter_misc":{"Written by":"Jacqueline ROTEN","Est. reading time":"4 minutes"},"schema":{"@context":"https:\/\/schema.org","@graph":[{"@type":"Article","@id":"https:\/\/www.iemj.org\/en\/canti-del-tempio-maggiore-di-roma-i-tomo\/#article","isPartOf":{"@id":"https:\/\/www.iemj.org\/en\/canti-del-tempio-maggiore-di-roma-i-tomo\/"},"author":{"name":"Jacqueline ROTEN","@id":"https:\/\/www.iemj.org\/en\/#\/schema\/person\/358e26c18aca017fcc4cc15437f7279c"},"headline":"Canti del Tempio Maggiore di Roma","datePublished":"2022-04-19T08:25:54+00:00","dateModified":"2025-10-16T15:26:33+00:00","mainEntityOfPage":{"@id":"https:\/\/www.iemj.org\/en\/canti-del-tempio-maggiore-di-roma-i-tomo\/"},"wordCount":518,"publisher":{"@id":"https:\/\/www.iemj.org\/en\/#organization"},"image":{"@id":"https:\/\/www.iemj.org\/en\/canti-del-tempio-maggiore-di-roma-i-tomo\/#primaryimage"},"thumbnailUrl":"https:\/\/www.iemj.org\/wp-content\/uploads\/2022\/04\/logo-article_redim.jpg","keywords":["Italy"],"articleSection":["Books, articles","Latest Acquisitions"],"inLanguage":"en-US"},{"@type":"WebPage","@id":"https:\/\/www.iemj.org\/en\/canti-del-tempio-maggiore-di-roma-i-tomo\/","url":"https:\/\/www.iemj.org\/en\/canti-del-tempio-maggiore-di-roma-i-tomo\/","name":"Canti del Tempio Maggiore di Roma - Institut Europ\u00e9en des Musiques Juives","isPartOf":{"@id":"https:\/\/www.iemj.org\/en\/#website"},"primaryImageOfPage":{"@id":"https:\/\/www.iemj.org\/en\/canti-del-tempio-maggiore-di-roma-i-tomo\/#primaryimage"},"image":{"@id":"https:\/\/www.iemj.org\/en\/canti-del-tempio-maggiore-di-roma-i-tomo\/#primaryimage"},"thumbnailUrl":"https:\/\/www.iemj.org\/wp-content\/uploads\/2022\/04\/logo-article_redim.jpg","datePublished":"2022-04-19T08:25:54+00:00","dateModified":"2025-10-16T15:26:33+00:00","breadcrumb":{"@id":"https:\/\/www.iemj.org\/en\/canti-del-tempio-maggiore-di-roma-i-tomo\/#breadcrumb"},"inLanguage":"en-US","potentialAction":[{"@type":"ReadAction","target":["https:\/\/www.iemj.org\/en\/canti-del-tempio-maggiore-di-roma-i-tomo\/"]}]},{"@type":"ImageObject","inLanguage":"en-US","@id":"https:\/\/www.iemj.org\/en\/canti-del-tempio-maggiore-di-roma-i-tomo\/#primaryimage","url":"https:\/\/www.iemj.org\/wp-content\/uploads\/2022\/04\/logo-article_redim.jpg","contentUrl":"https:\/\/www.iemj.org\/wp-content\/uploads\/2022\/04\/logo-article_redim.jpg","width":319,"height":450,"caption":"Couv Canti del Tempio Maggiore"},{"@type":"BreadcrumbList","@id":"https:\/\/www.iemj.org\/en\/canti-del-tempio-maggiore-di-roma-i-tomo\/#breadcrumb","itemListElement":[{"@type":"ListItem","position":1,"name":"Accueil","item":"https:\/\/www.iemj.org\/en\/"},{"@type":"ListItem","position":2,"name":"Canti del Tempio Maggiore di Roma"}]},{"@type":"WebSite","@id":"https:\/\/www.iemj.org\/en\/#website","url":"https:\/\/www.iemj.org\/en\/","name":"Institut Europ\u00e9en des Musiques Juives","description":"Des traditions musicales \u00e0 la port\u00e9e de tous","publisher":{"@id":"https:\/\/www.iemj.org\/en\/#organization"},"potentialAction":[{"@type":"SearchAction","target":{"@type":"EntryPoint","urlTemplate":"https:\/\/www.iemj.org\/en\/?s={search_term_string}"},"query-input":{"@type":"PropertyValueSpecification","valueRequired":true,"valueName":"search_term_string"}}],"inLanguage":"en-US"},{"@type":"Organization","@id":"https:\/\/www.iemj.org\/en\/#organization","name":"Institut Europ\u00e9en des Musiques Juives","url":"https:\/\/www.iemj.org\/en\/","logo":{"@type":"ImageObject","inLanguage":"en-US","@id":"https:\/\/www.iemj.org\/en\/#\/schema\/logo\/image\/","url":"https:\/\/www.iemj.org\/wp-content\/uploads\/2021\/09\/Logo-IEMJ-Paypal.jpg","contentUrl":"https:\/\/www.iemj.org\/wp-content\/uploads\/2021\/09\/Logo-IEMJ-Paypal.jpg","width":150,"height":50,"caption":"Institut Europ\u00e9en des Musiques Juives"},"image":{"@id":"https:\/\/www.iemj.org\/en\/#\/schema\/logo\/image\/"},"sameAs":["https:\/\/www.facebook.com\/MusiquesJuives\/","https:\/\/www.instagram.com\/musiquesjuives\/","https:\/\/www.youtube.com\/user\/musiquesjuives"]},{"@type":"Person","@id":"https:\/\/www.iemj.org\/en\/#\/schema\/person\/358e26c18aca017fcc4cc15437f7279c","name":"Jacqueline ROTEN","image":{"@type":"ImageObject","inLanguage":"en-US","@id":"https:\/\/secure.gravatar.com\/avatar\/5964256d6c6957de3a3505278957e0fb2a35119ac47ea41827a65301213c810b?s=96&d=mm&r=g","url":"https:\/\/secure.gravatar.com\/avatar\/5964256d6c6957de3a3505278957e0fb2a35119ac47ea41827a65301213c810b?s=96&d=mm&r=g","contentUrl":"https:\/\/secure.gravatar.com\/avatar\/5964256d6c6957de3a3505278957e0fb2a35119ac47ea41827a65301213c810b?s=96&d=mm&r=g","caption":"Jacqueline ROTEN"}}]}},"_links":{"self":[{"href":"https:\/\/www.iemj.org\/en\/wp-json\/wp\/v2\/posts\/83127","targetHints":{"allow":["GET"]}}],"collection":[{"href":"https:\/\/www.iemj.org\/en\/wp-json\/wp\/v2\/posts"}],"about":[{"href":"https:\/\/www.iemj.org\/en\/wp-json\/wp\/v2\/types\/post"}],"author":[{"embeddable":true,"href":"https:\/\/www.iemj.org\/en\/wp-json\/wp\/v2\/users\/5"}],"replies":[{"embeddable":true,"href":"https:\/\/www.iemj.org\/en\/wp-json\/wp\/v2\/comments?post=83127"}],"version-history":[{"count":1,"href":"https:\/\/www.iemj.org\/en\/wp-json\/wp\/v2\/posts\/83127\/revisions"}],"predecessor-version":[{"id":127067,"href":"https:\/\/www.iemj.org\/en\/wp-json\/wp\/v2\/posts\/83127\/revisions\/127067"}],"wp:featuredmedia":[{"embeddable":true,"href":"https:\/\/www.iemj.org\/en\/wp-json\/wp\/v2\/media\/83028"}],"wp:attachment":[{"href":"https:\/\/www.iemj.org\/en\/wp-json\/wp\/v2\/media?parent=83127"}],"wp:term":[{"taxonomy":"category","embeddable":true,"href":"https:\/\/www.iemj.org\/en\/wp-json\/wp\/v2\/categories?post=83127"},{"taxonomy":"post_tag","embeddable":true,"href":"https:\/\/www.iemj.org\/en\/wp-json\/wp\/v2\/tags?post=83127"},{"taxonomy":"technique","embeddable":true,"href":"https:\/\/www.iemj.org\/en\/wp-json\/wp\/v2\/technique?post=83127"},{"taxonomy":"squelettes","embeddable":true,"href":"https:\/\/www.iemj.org\/en\/wp-json\/wp\/v2\/squelettes?post=83127"},{"taxonomy":"sujet","embeddable":true,"href":"https:\/\/www.iemj.org\/en\/wp-json\/wp\/v2\/sujet?post=83127"},{"taxonomy":"formation","embeddable":true,"href":"https:\/\/www.iemj.org\/en\/wp-json\/wp\/v2\/formation?post=83127"},{"taxonomy":"genre","embeddable":true,"href":"https:\/\/www.iemj.org\/en\/wp-json\/wp\/v2\/genre?post=83127"},{"taxonomy":"fonds","embeddable":true,"href":"https:\/\/www.iemj.org\/en\/wp-json\/wp\/v2\/fonds?post=83127"},{"taxonomy":"tradition","embeddable":true,"href":"https:\/\/www.iemj.org\/en\/wp-json\/wp\/v2\/tradition?post=83127"},{"taxonomy":"type-de-contenu","embeddable":true,"href":"https:\/\/www.iemj.org\/en\/wp-json\/wp\/v2\/type-de-contenu?post=83127"},{"taxonomy":"interprete-compositeur","embeddable":true,"href":"https:\/\/www.iemj.org\/en\/wp-json\/wp\/v2\/interprete-compositeur?post=83127"},{"taxonomy":"frise","embeddable":true,"href":"https:\/\/www.iemj.org\/en\/wp-json\/wp\/v2\/frise?post=83127"},{"taxonomy":"type-devenement","embeddable":true,"href":"https:\/\/www.iemj.org\/en\/wp-json\/wp\/v2\/type-devenement?post=83127"},{"taxonomy":"tableaux-liens-externes","embeddable":true,"href":"https:\/\/www.iemj.org\/en\/wp-json\/wp\/v2\/tableaux-liens-externes?post=83127"}],"curies":[{"name":"wp","href":"https:\/\/api.w.org\/{rel}","templated":true}]}}