{"id":84031,"date":"2022-05-11T12:18:20","date_gmt":"2022-05-11T10:18:20","guid":{"rendered":"https:\/\/www.iemj.org\/arnold-jacques-1946\/"},"modified":"2024-10-14T13:00:11","modified_gmt":"2024-10-14T11:00:11","slug":"arnold-jacques-1946","status":"publish","type":"post","link":"https:\/\/www.iemj.org\/en\/arnold-jacques-1946\/","title":{"rendered":"Arnold, Jacques (1946)"},"content":{"rendered":"<p>Jacques Arnold was born on December 29, 1946, in the 10th arrondissement of Paris, into a traditionalist family attached to the Jewish culture. He attended the local primary school and then the Yavn\u00e9 school until he obtained his <em>baccalaur\u00e9at<\/em>. As this Jewish school was located near the S\u00e9minaire Isra\u00e9lite de France at the time, he joined the Liturgy-Pedagogy section of the S\u00e9minaire in 1963, where he followed the training course for officiants directed by L\u00e9on Algazi, with the assistance of Alberto Hemsi, Roland Moss\u00e9, Adolphe Attia, Shalom Berlinski, etc. During these years of apprenticeship, he took on the role of cantor (Chazan) and teacher in several Jewish communities (La Varenne, Bayonne, Synagogue de la Victoire in Paris&#8230;).<\/p>\n<p><img decoding=\"async\" class=\" wp-image-83852 alignright\" src=\"https:\/\/www.iemj.org\/wp-content\/uploads\/2022\/05\/photo-J.-Arnold_redim-175x300.jpg\" alt=\"\" width=\"138\" height=\"236\" srcset=\"https:\/\/www.iemj.org\/wp-content\/uploads\/2022\/05\/photo-J.-Arnold_redim-175x300.jpg 175w, https:\/\/www.iemj.org\/wp-content\/uploads\/2022\/05\/photo-J.-Arnold_redim.jpg 292w\" sizes=\"(max-width: 138px) 100vw, 138px\" \/>From 1968 to 1971, Jacques Arnold studied and discovered Israel to strengthen his knowledge of Judaism. A tireless worker, he obtained a degree in modern Hebrew from INALCO in 1991.<\/p>\n<p>In November 1971, he took on the role of religious leader at the Fondation de Rothschild retirement home on rue de Picpus in the 12th arrondissement of Paris. His task, which he carried out faithfully for 36 years, consisted of leading the services in the establishment&#8217;s synagogue, organising Jewish life and the celebration of holidays for the residents, and providing training for the staff and welcoming the faithful of the neighbourhood.<\/p>\n<p>At the same time, from 1987 to 2008, he taught Jewish subjects (Hebrew, liturgy, etc.) at the Yavn\u00e9 junior and high school. This total involvement, particularly in the educational field, earned him the title of Honorary Rabbi in December 2009 by Chief Rabbi Gilles Bernheim.<\/p>\n<figure id=\"attachment_84094\" aria-describedby=\"caption-attachment-84094\" style=\"width: 557px\" class=\"wp-caption aligncenter\"><img fetchpriority=\"high\" decoding=\"async\" class=\"wp-image-84094\" src=\"https:\/\/www.iemj.org\/wp-content\/uploads\/2022\/05\/2009-Nomination-par-le-Grand-Rabbin-G.-Bernheim-300x225.jpg\" alt=\"\" width=\"557\" height=\"418\" srcset=\"https:\/\/www.iemj.org\/wp-content\/uploads\/2022\/05\/2009-Nomination-par-le-Grand-Rabbin-G.-Bernheim-300x225.jpg 300w, https:\/\/www.iemj.org\/wp-content\/uploads\/2022\/05\/2009-Nomination-par-le-Grand-Rabbin-G.-Bernheim.jpg 500w\" sizes=\"(max-width: 557px) 100vw, 557px\" \/><figcaption id=\"caption-attachment-84094\" class=\"wp-caption-text\"><strong>2009 &#8211; Nomination by Chief Rabbi G. Bernheim<\/strong><\/figcaption><\/figure>\n<p>Since 2009, when he retired, Jacques and his wife Isabelle have made frequent trips between Jerusalem and Paris to be with their four Parisian and Israeli children, grandchildren and great grandchildren. \u00a0 \u00a0 \u00a0\u00a0<\/p>\n<p>With his free time, Jacques Arnold joined the team of volunteers of the European Institute of Jewish Music to devote himself, among other things, to the classification and identification of the numerous digitised sound documents relating to Jewish liturgy and musical traditions. He also collaborates with Herv\u00e9 Roten on several Jewish music radio programmes on Juda\u00efques FM and is also a member of the Jewish Choir of France.<\/p>\n<p>Finally, he created the magnificent stained glass windows for the two large windows of the Synagogue of the Rothschild Foundation. Inspired by themes from Jewish tradition and elements from the Bible, he conceived and executed the preparatory drawings with the aim of creating a harmonious composition. He then made the models which enabled Sylvie Fagot, master glass-maker, to execute the work according to the rules of art. These stained glass windows, which include Hebrew inscriptions accompanying the motifs, add a colourful note and contribute to the serenity of this renovated place of prayer.<\/p>\n\n\n<figure class=\"wp-block-gallery has-nested-images columns-default is-cropped wp-block-gallery-1 is-layout-flex wp-block-gallery-is-layout-flex\">\n<figure class=\"wp-block-image size-large\"><img decoding=\"async\" width=\"375\" height=\"500\" data-id=\"84002\" src=\"https:\/\/www.iemj.org\/wp-content\/uploads\/2022\/05\/1953_Redim_Fete-de-Hanouka-Synagogue-de-la-rue-Doudeauville-Paris-XVIIIeme-recitation-des-prieres-avec-Mr-Pinkas-Guiguel-hazan-de-la-com.jpg\" alt=\"\" class=\"wp-image-84002\" srcset=\"https:\/\/www.iemj.org\/wp-content\/uploads\/2022\/05\/1953_Redim_Fete-de-Hanouka-Synagogue-de-la-rue-Doudeauville-Paris-XVIIIeme-recitation-des-prieres-avec-Mr-Pinkas-Guiguel-hazan-de-la-com.jpg 375w, https:\/\/www.iemj.org\/wp-content\/uploads\/2022\/05\/1953_Redim_Fete-de-Hanouka-Synagogue-de-la-rue-Doudeauville-Paris-XVIIIeme-recitation-des-prieres-avec-Mr-Pinkas-Guiguel-hazan-de-la-com-225x300.jpg 225w\" sizes=\"(max-width: 375px) 100vw, 375px\" \/><figcaption class=\"wp-element-caption\"><strong>Photo 1<\/strong><\/figcaption><\/figure>\n\n\n\n<figure class=\"wp-block-image size-large\"><img loading=\"lazy\" decoding=\"async\" width=\"724\" height=\"1024\" data-id=\"84089\" src=\"https:\/\/www.iemj.org\/wp-content\/uploads\/2022\/05\/1960-Kiddouch-de-la-Bar-Mitsvah-de-J.-Arnold-a-la-droite-dEmile-Kacman-ministre-officiant2-724x1024.jpg\" alt=\"\" class=\"wp-image-84089\" srcset=\"https:\/\/www.iemj.org\/wp-content\/uploads\/2022\/05\/1960-Kiddouch-de-la-Bar-Mitsvah-de-J.-Arnold-a-la-droite-dEmile-Kacman-ministre-officiant2-724x1024.jpg 724w, https:\/\/www.iemj.org\/wp-content\/uploads\/2022\/05\/1960-Kiddouch-de-la-Bar-Mitsvah-de-J.-Arnold-a-la-droite-dEmile-Kacman-ministre-officiant2-212x300.jpg 212w, https:\/\/www.iemj.org\/wp-content\/uploads\/2022\/05\/1960-Kiddouch-de-la-Bar-Mitsvah-de-J.-Arnold-a-la-droite-dEmile-Kacman-ministre-officiant2-768x1086.jpg 768w, https:\/\/www.iemj.org\/wp-content\/uploads\/2022\/05\/1960-Kiddouch-de-la-Bar-Mitsvah-de-J.-Arnold-a-la-droite-dEmile-Kacman-ministre-officiant2-1086x1536.jpg 1086w, https:\/\/www.iemj.org\/wp-content\/uploads\/2022\/05\/1960-Kiddouch-de-la-Bar-Mitsvah-de-J.-Arnold-a-la-droite-dEmile-Kacman-ministre-officiant2-600x849.jpg 600w, https:\/\/www.iemj.org\/wp-content\/uploads\/2022\/05\/1960-Kiddouch-de-la-Bar-Mitsvah-de-J.-Arnold-a-la-droite-dEmile-Kacman-ministre-officiant2.jpg 1240w\" sizes=\"(max-width: 724px) 100vw, 724px\" \/><figcaption class=\"wp-element-caption\"><strong>Photo 2<\/strong><\/figcaption><\/figure>\n\n\n\n<figure class=\"wp-block-image size-large\"><img loading=\"lazy\" decoding=\"async\" width=\"500\" height=\"375\" data-id=\"84021\" src=\"https:\/\/www.iemj.org\/wp-content\/uploads\/2022\/05\/1964.Voir-legende-1182.jpg\" alt=\"\" class=\"wp-image-84021\" srcset=\"https:\/\/www.iemj.org\/wp-content\/uploads\/2022\/05\/1964.Voir-legende-1182.jpg 500w, https:\/\/www.iemj.org\/wp-content\/uploads\/2022\/05\/1964.Voir-legende-1182-300x225.jpg 300w\" sizes=\"(max-width: 500px) 100vw, 500px\" \/><figcaption class=\"wp-element-caption\"><strong>Photo 3<\/strong><\/figcaption><\/figure>\n\n\n\n<figure class=\"wp-block-image size-large\"><img loading=\"lazy\" decoding=\"async\" width=\"375\" height=\"500\" data-id=\"84026\" src=\"https:\/\/www.iemj.org\/wp-content\/uploads\/2022\/05\/1965_Redim_Synagogue-Buffault-assistant-Mr-R.-Mosse-lors-dun-mariage.jpg\" alt=\"\" class=\"wp-image-84026\" srcset=\"https:\/\/www.iemj.org\/wp-content\/uploads\/2022\/05\/1965_Redim_Synagogue-Buffault-assistant-Mr-R.-Mosse-lors-dun-mariage.jpg 375w, https:\/\/www.iemj.org\/wp-content\/uploads\/2022\/05\/1965_Redim_Synagogue-Buffault-assistant-Mr-R.-Mosse-lors-dun-mariage-225x300.jpg 225w\" sizes=\"(max-width: 375px) 100vw, 375px\" \/><figcaption class=\"wp-element-caption\"><strong>Photo 4<\/strong><\/figcaption><\/figure>\n\n\n\n<figure class=\"wp-block-image size-large\"><img loading=\"lazy\" decoding=\"async\" width=\"367\" height=\"500\" data-id=\"84006\" src=\"https:\/\/www.iemj.org\/wp-content\/uploads\/2022\/05\/Redim_Benediction-lors-dune-celebration-de-mariage.jpg\" alt=\"\" class=\"wp-image-84006\" srcset=\"https:\/\/www.iemj.org\/wp-content\/uploads\/2022\/05\/Redim_Benediction-lors-dune-celebration-de-mariage.jpg 367w, https:\/\/www.iemj.org\/wp-content\/uploads\/2022\/05\/Redim_Benediction-lors-dune-celebration-de-mariage-220x300.jpg 220w\" sizes=\"(max-width: 367px) 100vw, 367px\" \/><figcaption class=\"wp-element-caption\"><strong>Photo 5<\/strong><\/figcaption><\/figure>\n\n\n\n<figure class=\"wp-block-image size-large\"><img loading=\"lazy\" decoding=\"async\" width=\"500\" height=\"497\" data-id=\"84016\" src=\"https:\/\/www.iemj.org\/wp-content\/uploads\/2022\/05\/Vitraux-de-Jacques-Arnold.jpeg\" alt=\"\" class=\"wp-image-84016\" srcset=\"https:\/\/www.iemj.org\/wp-content\/uploads\/2022\/05\/Vitraux-de-Jacques-Arnold.jpeg 500w, https:\/\/www.iemj.org\/wp-content\/uploads\/2022\/05\/Vitraux-de-Jacques-Arnold-300x298.jpeg 300w, https:\/\/www.iemj.org\/wp-content\/uploads\/2022\/05\/Vitraux-de-Jacques-Arnold-150x150.jpeg 150w, https:\/\/www.iemj.org\/wp-content\/uploads\/2022\/05\/Vitraux-de-Jacques-Arnold-100x100.jpeg 100w\" sizes=\"(max-width: 500px) 100vw, 500px\" \/><figcaption class=\"wp-element-caption\"><strong>Photo 6<\/strong><\/figcaption><\/figure>\n<figcaption class=\"blocks-gallery-caption wp-element-caption\"><strong>Photo 1<\/strong> : 1953 &#8211; Hanouka celebration &#8211; Synagogue of the rue Doudeauville (Paris 18th) recitation of prayers with Pinkas Chiguel, cantor of the community called nox Kedouchat Levi &#8211; <strong>Photo 2 <\/strong>: 1960 &#8211; Kiddush of the Bar Mitzvah of J. Arnold (left) with the cantor Emile Ka\u00e7man &#8211; <strong>Photo 3<\/strong> : Children&#8217;s choir of the seminary of the rue Vauquelin in 1964 &#8211; <strong>Photo 4<\/strong> : 1965 &#8211; Synagogue Buffault &#8211; Assisting R. Moss\u00e9 for a wedding &#8211; <strong>Photo 5<\/strong> : Prayer during a wedding service &#8211; <strong>Photo 6<\/strong> : Stained glass windows by Jacques Arnold<\/figcaption><\/figure>\n\n\n\n<p><\/p>\n\n\n<ul>\n<li><a href=\"https:\/\/www.iemj.org\/en\/?s=Jacques+Arnold\" target=\"_blank\" rel=\"noopener\">Learn more about Jacques Arnold and listen to his radio shows on the EIJM website<\/a><\/li>\n<li><a href=\"https:\/\/www.iemj.org\/en\/le-hazzan-vecteur-du-chant-synagogal-jacques-arnold\/\" target=\"_blank\" rel=\"noopener\">Listen to a conference by Jacques Arnold on the role of the chazan in the synagogal cult<\/a><\/li>\n<li><a href=\"https:\/\/www.iemj.org\/en\/fonds-jacques-arnold\/\" target=\"_blank\" rel=\"noopener\">Browse the archives (audio recordings, sheet music, etc.) deposited by Jacques Arnold at the EIJM<\/a><\/li>\n<li><a href=\"https:\/\/www.iemj.org\/en\/jacques-arnold-une-vie-au-service-de-la-hazzanout\/\" target=\"_blank\" rel=\"noopener\">Watch the video <em>Jacques Arnold, A life serving chazanut<\/em><\/a><\/li>\n<\/ul>\n\n\n<div data-wp-interactive=\"core\/file\" class=\"wp-block-file\"><object data-wp-bind--hidden=\"!state.hasPdfPreview\" hidden class=\"wp-block-file__embed\" data=\"https:\/\/www.iemj.org\/wp-content\/uploads\/2022\/05\/Article-sur-Jacques-Arnold-Vox-Aurea-Via-Sacra-Sept.-2014.pdf\" type=\"application\/pdf\" style=\"width:100%;height:600px\" aria-label=\"Embed of Article about Jacques Arnold, Vox-Aurea-Via-Sacra, Sept. 2014.\"><\/object><a id=\"wp-block-file--media-71c56fc5-f506-4ace-879e-e69eac114cc1\" href=\"https:\/\/www.iemj.org\/wp-content\/uploads\/2022\/05\/Article-sur-Jacques-Arnold-Vox-Aurea-Via-Sacra-Sept.-2014.pdf\">Article about Jacques Arnold, Vox-Aurea-Via-Sacra, Sept. 2014<\/a><a href=\"https:\/\/www.iemj.org\/wp-content\/uploads\/2022\/05\/Article-sur-Jacques-Arnold-Vox-Aurea-Via-Sacra-Sept.-2014.pdf\" class=\"wp-block-file__button wp-element-button\" download aria-describedby=\"wp-block-file--media-71c56fc5-f506-4ace-879e-e69eac114cc1\">Download the PDF<\/a><\/div>\n","protected":false},"excerpt":{"rendered":"<p>Jacques Arnold was born on December 29, 1946, in the 10th arrondissement of Paris, into a traditionalist family attached to the Jewish culture. He attended the local primary school and<\/p>\n","protected":false},"author":5,"featured_media":83846,"comment_status":"closed","ping_status":"closed","sticky":false,"template":"","format":"standard","meta":{"_acf_changed":false,"footnotes":""},"categories":[903],"tags":[],"technique":[],"squelettes":[],"sujet":[],"formation":[],"genre":[],"fonds":[],"tradition":[],"type-de-contenu":[],"interprete-compositeur":[],"frise":[],"type-devenement":[],"tableaux-liens-externes":[],"class_list":["post-84031","post","type-post","status-publish","format-standard","has-post-thumbnail","hentry","category-biographies-en"],"acf":[],"yoast_head":"<!-- This site is optimized with the Yoast SEO plugin v27.3 - https:\/\/yoast.com\/product\/yoast-seo-wordpress\/ -->\n<title>Arnold, Jacques (1946) - Institut Europ\u00e9en des Musiques Juives<\/title>\n<meta name=\"robots\" content=\"index, follow, max-snippet:-1, max-image-preview:large, max-video-preview:-1\" \/>\n<link rel=\"canonical\" href=\"https:\/\/www.iemj.org\/en\/arnold-jacques-1946\/\" \/>\n<meta property=\"og:locale\" content=\"en_US\" \/>\n<meta property=\"og:type\" content=\"article\" \/>\n<meta property=\"og:title\" content=\"Arnold, Jacques (1946) - Institut Europ\u00e9en des Musiques Juives\" \/>\n<meta property=\"og:description\" content=\"Jacques Arnold was born on December 29, 1946, in the 10th arrondissement of Paris, into a traditionalist family attached to the Jewish culture. He attended the local primary school and\" \/>\n<meta property=\"og:url\" content=\"https:\/\/www.iemj.org\/en\/arnold-jacques-1946\/\" \/>\n<meta property=\"og:site_name\" content=\"Institut Europ\u00e9en des Musiques Juives\" \/>\n<meta property=\"article:publisher\" content=\"https:\/\/www.facebook.com\/MusiquesJuives\/\" \/>\n<meta property=\"article:published_time\" content=\"2022-05-11T10:18:20+00:00\" \/>\n<meta property=\"article:modified_time\" content=\"2024-10-14T11:00:11+00:00\" \/>\n<meta property=\"og:image\" content=\"https:\/\/www.iemj.org\/wp-content\/uploads\/2022\/05\/Logo-Bio-Jacques-Arnold.jpg\" \/>\n\t<meta property=\"og:image:width\" content=\"174\" \/>\n\t<meta property=\"og:image:height\" content=\"218\" \/>\n\t<meta property=\"og:image:type\" content=\"image\/jpeg\" \/>\n<meta name=\"author\" content=\"Jacqueline ROTEN\" \/>\n<meta name=\"twitter:card\" content=\"summary_large_image\" \/>\n<meta name=\"twitter:label1\" content=\"Written by\" \/>\n\t<meta name=\"twitter:data1\" content=\"Jacqueline ROTEN\" \/>\n\t<meta name=\"twitter:label2\" content=\"Est. reading time\" \/>\n\t<meta name=\"twitter:data2\" content=\"6 minutes\" \/>\n<script type=\"application\/ld+json\" class=\"yoast-schema-graph\">{\"@context\":\"https:\\\/\\\/schema.org\",\"@graph\":[{\"@type\":\"Article\",\"@id\":\"https:\\\/\\\/www.iemj.org\\\/en\\\/arnold-jacques-1946\\\/#article\",\"isPartOf\":{\"@id\":\"https:\\\/\\\/www.iemj.org\\\/en\\\/arnold-jacques-1946\\\/\"},\"author\":{\"name\":\"Jacqueline ROTEN\",\"@id\":\"https:\\\/\\\/www.iemj.org\\\/en\\\/#\\\/schema\\\/person\\\/358e26c18aca017fcc4cc15437f7279c\"},\"headline\":\"Arnold, Jacques (1946)\",\"datePublished\":\"2022-05-11T10:18:20+00:00\",\"dateModified\":\"2024-10-14T11:00:11+00:00\",\"mainEntityOfPage\":{\"@id\":\"https:\\\/\\\/www.iemj.org\\\/en\\\/arnold-jacques-1946\\\/\"},\"wordCount\":621,\"publisher\":{\"@id\":\"https:\\\/\\\/www.iemj.org\\\/en\\\/#organization\"},\"image\":{\"@id\":\"https:\\\/\\\/www.iemj.org\\\/en\\\/arnold-jacques-1946\\\/#primaryimage\"},\"thumbnailUrl\":\"https:\\\/\\\/www.iemj.org\\\/wp-content\\\/uploads\\\/2022\\\/05\\\/Logo-Bio-Jacques-Arnold.jpg\",\"articleSection\":[\"Biographies\"],\"inLanguage\":\"en-US\"},{\"@type\":\"WebPage\",\"@id\":\"https:\\\/\\\/www.iemj.org\\\/en\\\/arnold-jacques-1946\\\/\",\"url\":\"https:\\\/\\\/www.iemj.org\\\/en\\\/arnold-jacques-1946\\\/\",\"name\":\"Arnold, Jacques (1946) - Institut Europ\u00e9en des Musiques Juives\",\"isPartOf\":{\"@id\":\"https:\\\/\\\/www.iemj.org\\\/en\\\/#website\"},\"primaryImageOfPage\":{\"@id\":\"https:\\\/\\\/www.iemj.org\\\/en\\\/arnold-jacques-1946\\\/#primaryimage\"},\"image\":{\"@id\":\"https:\\\/\\\/www.iemj.org\\\/en\\\/arnold-jacques-1946\\\/#primaryimage\"},\"thumbnailUrl\":\"https:\\\/\\\/www.iemj.org\\\/wp-content\\\/uploads\\\/2022\\\/05\\\/Logo-Bio-Jacques-Arnold.jpg\",\"datePublished\":\"2022-05-11T10:18:20+00:00\",\"dateModified\":\"2024-10-14T11:00:11+00:00\",\"breadcrumb\":{\"@id\":\"https:\\\/\\\/www.iemj.org\\\/en\\\/arnold-jacques-1946\\\/#breadcrumb\"},\"inLanguage\":\"en-US\",\"potentialAction\":[{\"@type\":\"ReadAction\",\"target\":[\"https:\\\/\\\/www.iemj.org\\\/en\\\/arnold-jacques-1946\\\/\"]}]},{\"@type\":\"ImageObject\",\"inLanguage\":\"en-US\",\"@id\":\"https:\\\/\\\/www.iemj.org\\\/en\\\/arnold-jacques-1946\\\/#primaryimage\",\"url\":\"https:\\\/\\\/www.iemj.org\\\/wp-content\\\/uploads\\\/2022\\\/05\\\/Logo-Bio-Jacques-Arnold.jpg\",\"contentUrl\":\"https:\\\/\\\/www.iemj.org\\\/wp-content\\\/uploads\\\/2022\\\/05\\\/Logo-Bio-Jacques-Arnold.jpg\",\"width\":174,\"height\":218},{\"@type\":\"BreadcrumbList\",\"@id\":\"https:\\\/\\\/www.iemj.org\\\/en\\\/arnold-jacques-1946\\\/#breadcrumb\",\"itemListElement\":[{\"@type\":\"ListItem\",\"position\":1,\"name\":\"Accueil\",\"item\":\"https:\\\/\\\/www.iemj.org\\\/en\\\/\"},{\"@type\":\"ListItem\",\"position\":2,\"name\":\"Arnold, Jacques (1946)\"}]},{\"@type\":\"WebSite\",\"@id\":\"https:\\\/\\\/www.iemj.org\\\/en\\\/#website\",\"url\":\"https:\\\/\\\/www.iemj.org\\\/en\\\/\",\"name\":\"Institut Europ\u00e9en des Musiques Juives\",\"description\":\"Des traditions musicales \u00e0 la port\u00e9e de tous\",\"publisher\":{\"@id\":\"https:\\\/\\\/www.iemj.org\\\/en\\\/#organization\"},\"potentialAction\":[{\"@type\":\"SearchAction\",\"target\":{\"@type\":\"EntryPoint\",\"urlTemplate\":\"https:\\\/\\\/www.iemj.org\\\/en\\\/?s={search_term_string}\"},\"query-input\":{\"@type\":\"PropertyValueSpecification\",\"valueRequired\":true,\"valueName\":\"search_term_string\"}}],\"inLanguage\":\"en-US\"},{\"@type\":\"Organization\",\"@id\":\"https:\\\/\\\/www.iemj.org\\\/en\\\/#organization\",\"name\":\"Institut Europ\u00e9en des Musiques Juives\",\"url\":\"https:\\\/\\\/www.iemj.org\\\/en\\\/\",\"logo\":{\"@type\":\"ImageObject\",\"inLanguage\":\"en-US\",\"@id\":\"https:\\\/\\\/www.iemj.org\\\/en\\\/#\\\/schema\\\/logo\\\/image\\\/\",\"url\":\"https:\\\/\\\/www.iemj.org\\\/wp-content\\\/uploads\\\/2021\\\/09\\\/Logo-IEMJ-Paypal.jpg\",\"contentUrl\":\"https:\\\/\\\/www.iemj.org\\\/wp-content\\\/uploads\\\/2021\\\/09\\\/Logo-IEMJ-Paypal.jpg\",\"width\":150,\"height\":50,\"caption\":\"Institut Europ\u00e9en des Musiques Juives\"},\"image\":{\"@id\":\"https:\\\/\\\/www.iemj.org\\\/en\\\/#\\\/schema\\\/logo\\\/image\\\/\"},\"sameAs\":[\"https:\\\/\\\/www.facebook.com\\\/MusiquesJuives\\\/\",\"https:\\\/\\\/www.instagram.com\\\/musiquesjuives\\\/\",\"https:\\\/\\\/www.youtube.com\\\/user\\\/musiquesjuives\"]},{\"@type\":\"Person\",\"@id\":\"https:\\\/\\\/www.iemj.org\\\/en\\\/#\\\/schema\\\/person\\\/358e26c18aca017fcc4cc15437f7279c\",\"name\":\"Jacqueline ROTEN\",\"image\":{\"@type\":\"ImageObject\",\"inLanguage\":\"en-US\",\"@id\":\"https:\\\/\\\/secure.gravatar.com\\\/avatar\\\/5964256d6c6957de3a3505278957e0fb2a35119ac47ea41827a65301213c810b?s=96&d=mm&r=g\",\"url\":\"https:\\\/\\\/secure.gravatar.com\\\/avatar\\\/5964256d6c6957de3a3505278957e0fb2a35119ac47ea41827a65301213c810b?s=96&d=mm&r=g\",\"contentUrl\":\"https:\\\/\\\/secure.gravatar.com\\\/avatar\\\/5964256d6c6957de3a3505278957e0fb2a35119ac47ea41827a65301213c810b?s=96&d=mm&r=g\",\"caption\":\"Jacqueline ROTEN\"}}]}<\/script>\n<!-- \/ Yoast SEO plugin. -->","yoast_head_json":{"title":"Arnold, Jacques (1946) - Institut Europ\u00e9en des Musiques Juives","robots":{"index":"index","follow":"follow","max-snippet":"max-snippet:-1","max-image-preview":"max-image-preview:large","max-video-preview":"max-video-preview:-1"},"canonical":"https:\/\/www.iemj.org\/en\/arnold-jacques-1946\/","og_locale":"en_US","og_type":"article","og_title":"Arnold, Jacques (1946) - Institut Europ\u00e9en des Musiques Juives","og_description":"Jacques Arnold was born on December 29, 1946, in the 10th arrondissement of Paris, into a traditionalist family attached to the Jewish culture. He attended the local primary school and","og_url":"https:\/\/www.iemj.org\/en\/arnold-jacques-1946\/","og_site_name":"Institut Europ\u00e9en des Musiques Juives","article_publisher":"https:\/\/www.facebook.com\/MusiquesJuives\/","article_published_time":"2022-05-11T10:18:20+00:00","article_modified_time":"2024-10-14T11:00:11+00:00","og_image":[{"width":174,"height":218,"url":"https:\/\/www.iemj.org\/wp-content\/uploads\/2022\/05\/Logo-Bio-Jacques-Arnold.jpg","type":"image\/jpeg"}],"author":"Jacqueline ROTEN","twitter_card":"summary_large_image","twitter_misc":{"Written by":"Jacqueline ROTEN","Est. reading time":"6 minutes"},"schema":{"@context":"https:\/\/schema.org","@graph":[{"@type":"Article","@id":"https:\/\/www.iemj.org\/en\/arnold-jacques-1946\/#article","isPartOf":{"@id":"https:\/\/www.iemj.org\/en\/arnold-jacques-1946\/"},"author":{"name":"Jacqueline ROTEN","@id":"https:\/\/www.iemj.org\/en\/#\/schema\/person\/358e26c18aca017fcc4cc15437f7279c"},"headline":"Arnold, Jacques (1946)","datePublished":"2022-05-11T10:18:20+00:00","dateModified":"2024-10-14T11:00:11+00:00","mainEntityOfPage":{"@id":"https:\/\/www.iemj.org\/en\/arnold-jacques-1946\/"},"wordCount":621,"publisher":{"@id":"https:\/\/www.iemj.org\/en\/#organization"},"image":{"@id":"https:\/\/www.iemj.org\/en\/arnold-jacques-1946\/#primaryimage"},"thumbnailUrl":"https:\/\/www.iemj.org\/wp-content\/uploads\/2022\/05\/Logo-Bio-Jacques-Arnold.jpg","articleSection":["Biographies"],"inLanguage":"en-US"},{"@type":"WebPage","@id":"https:\/\/www.iemj.org\/en\/arnold-jacques-1946\/","url":"https:\/\/www.iemj.org\/en\/arnold-jacques-1946\/","name":"Arnold, Jacques (1946) - Institut Europ\u00e9en des Musiques Juives","isPartOf":{"@id":"https:\/\/www.iemj.org\/en\/#website"},"primaryImageOfPage":{"@id":"https:\/\/www.iemj.org\/en\/arnold-jacques-1946\/#primaryimage"},"image":{"@id":"https:\/\/www.iemj.org\/en\/arnold-jacques-1946\/#primaryimage"},"thumbnailUrl":"https:\/\/www.iemj.org\/wp-content\/uploads\/2022\/05\/Logo-Bio-Jacques-Arnold.jpg","datePublished":"2022-05-11T10:18:20+00:00","dateModified":"2024-10-14T11:00:11+00:00","breadcrumb":{"@id":"https:\/\/www.iemj.org\/en\/arnold-jacques-1946\/#breadcrumb"},"inLanguage":"en-US","potentialAction":[{"@type":"ReadAction","target":["https:\/\/www.iemj.org\/en\/arnold-jacques-1946\/"]}]},{"@type":"ImageObject","inLanguage":"en-US","@id":"https:\/\/www.iemj.org\/en\/arnold-jacques-1946\/#primaryimage","url":"https:\/\/www.iemj.org\/wp-content\/uploads\/2022\/05\/Logo-Bio-Jacques-Arnold.jpg","contentUrl":"https:\/\/www.iemj.org\/wp-content\/uploads\/2022\/05\/Logo-Bio-Jacques-Arnold.jpg","width":174,"height":218},{"@type":"BreadcrumbList","@id":"https:\/\/www.iemj.org\/en\/arnold-jacques-1946\/#breadcrumb","itemListElement":[{"@type":"ListItem","position":1,"name":"Accueil","item":"https:\/\/www.iemj.org\/en\/"},{"@type":"ListItem","position":2,"name":"Arnold, Jacques (1946)"}]},{"@type":"WebSite","@id":"https:\/\/www.iemj.org\/en\/#website","url":"https:\/\/www.iemj.org\/en\/","name":"Institut Europ\u00e9en des Musiques Juives","description":"Des traditions musicales \u00e0 la port\u00e9e de tous","publisher":{"@id":"https:\/\/www.iemj.org\/en\/#organization"},"potentialAction":[{"@type":"SearchAction","target":{"@type":"EntryPoint","urlTemplate":"https:\/\/www.iemj.org\/en\/?s={search_term_string}"},"query-input":{"@type":"PropertyValueSpecification","valueRequired":true,"valueName":"search_term_string"}}],"inLanguage":"en-US"},{"@type":"Organization","@id":"https:\/\/www.iemj.org\/en\/#organization","name":"Institut Europ\u00e9en des Musiques Juives","url":"https:\/\/www.iemj.org\/en\/","logo":{"@type":"ImageObject","inLanguage":"en-US","@id":"https:\/\/www.iemj.org\/en\/#\/schema\/logo\/image\/","url":"https:\/\/www.iemj.org\/wp-content\/uploads\/2021\/09\/Logo-IEMJ-Paypal.jpg","contentUrl":"https:\/\/www.iemj.org\/wp-content\/uploads\/2021\/09\/Logo-IEMJ-Paypal.jpg","width":150,"height":50,"caption":"Institut Europ\u00e9en des Musiques Juives"},"image":{"@id":"https:\/\/www.iemj.org\/en\/#\/schema\/logo\/image\/"},"sameAs":["https:\/\/www.facebook.com\/MusiquesJuives\/","https:\/\/www.instagram.com\/musiquesjuives\/","https:\/\/www.youtube.com\/user\/musiquesjuives"]},{"@type":"Person","@id":"https:\/\/www.iemj.org\/en\/#\/schema\/person\/358e26c18aca017fcc4cc15437f7279c","name":"Jacqueline ROTEN","image":{"@type":"ImageObject","inLanguage":"en-US","@id":"https:\/\/secure.gravatar.com\/avatar\/5964256d6c6957de3a3505278957e0fb2a35119ac47ea41827a65301213c810b?s=96&d=mm&r=g","url":"https:\/\/secure.gravatar.com\/avatar\/5964256d6c6957de3a3505278957e0fb2a35119ac47ea41827a65301213c810b?s=96&d=mm&r=g","contentUrl":"https:\/\/secure.gravatar.com\/avatar\/5964256d6c6957de3a3505278957e0fb2a35119ac47ea41827a65301213c810b?s=96&d=mm&r=g","caption":"Jacqueline ROTEN"}}]}},"_links":{"self":[{"href":"https:\/\/www.iemj.org\/en\/wp-json\/wp\/v2\/posts\/84031","targetHints":{"allow":["GET"]}}],"collection":[{"href":"https:\/\/www.iemj.org\/en\/wp-json\/wp\/v2\/posts"}],"about":[{"href":"https:\/\/www.iemj.org\/en\/wp-json\/wp\/v2\/types\/post"}],"author":[{"embeddable":true,"href":"https:\/\/www.iemj.org\/en\/wp-json\/wp\/v2\/users\/5"}],"replies":[{"embeddable":true,"href":"https:\/\/www.iemj.org\/en\/wp-json\/wp\/v2\/comments?post=84031"}],"version-history":[{"count":0,"href":"https:\/\/www.iemj.org\/en\/wp-json\/wp\/v2\/posts\/84031\/revisions"}],"wp:featuredmedia":[{"embeddable":true,"href":"https:\/\/www.iemj.org\/en\/wp-json\/wp\/v2\/media\/83846"}],"wp:attachment":[{"href":"https:\/\/www.iemj.org\/en\/wp-json\/wp\/v2\/media?parent=84031"}],"wp:term":[{"taxonomy":"category","embeddable":true,"href":"https:\/\/www.iemj.org\/en\/wp-json\/wp\/v2\/categories?post=84031"},{"taxonomy":"post_tag","embeddable":true,"href":"https:\/\/www.iemj.org\/en\/wp-json\/wp\/v2\/tags?post=84031"},{"taxonomy":"technique","embeddable":true,"href":"https:\/\/www.iemj.org\/en\/wp-json\/wp\/v2\/technique?post=84031"},{"taxonomy":"squelettes","embeddable":true,"href":"https:\/\/www.iemj.org\/en\/wp-json\/wp\/v2\/squelettes?post=84031"},{"taxonomy":"sujet","embeddable":true,"href":"https:\/\/www.iemj.org\/en\/wp-json\/wp\/v2\/sujet?post=84031"},{"taxonomy":"formation","embeddable":true,"href":"https:\/\/www.iemj.org\/en\/wp-json\/wp\/v2\/formation?post=84031"},{"taxonomy":"genre","embeddable":true,"href":"https:\/\/www.iemj.org\/en\/wp-json\/wp\/v2\/genre?post=84031"},{"taxonomy":"fonds","embeddable":true,"href":"https:\/\/www.iemj.org\/en\/wp-json\/wp\/v2\/fonds?post=84031"},{"taxonomy":"tradition","embeddable":true,"href":"https:\/\/www.iemj.org\/en\/wp-json\/wp\/v2\/tradition?post=84031"},{"taxonomy":"type-de-contenu","embeddable":true,"href":"https:\/\/www.iemj.org\/en\/wp-json\/wp\/v2\/type-de-contenu?post=84031"},{"taxonomy":"interprete-compositeur","embeddable":true,"href":"https:\/\/www.iemj.org\/en\/wp-json\/wp\/v2\/interprete-compositeur?post=84031"},{"taxonomy":"frise","embeddable":true,"href":"https:\/\/www.iemj.org\/en\/wp-json\/wp\/v2\/frise?post=84031"},{"taxonomy":"type-devenement","embeddable":true,"href":"https:\/\/www.iemj.org\/en\/wp-json\/wp\/v2\/type-devenement?post=84031"},{"taxonomy":"tableaux-liens-externes","embeddable":true,"href":"https:\/\/www.iemj.org\/en\/wp-json\/wp\/v2\/tableaux-liens-externes?post=84031"}],"curies":[{"name":"wp","href":"https:\/\/api.w.org\/{rel}","templated":true}]}}