{"id":86081,"date":"2022-07-05T14:52:41","date_gmt":"2022-07-05T12:52:41","guid":{"rendered":"https:\/\/www.iemj.org\/les-faces-cachees-de-la-musique-juive-leibu-levin\/"},"modified":"2025-09-26T11:45:42","modified_gmt":"2025-09-26T09:45:42","slug":"les-faces-cachees-de-la-musique-juive-leibu-levin","status":"publish","type":"post","link":"https:\/\/www.iemj.org\/en\/les-faces-cachees-de-la-musique-juive-leibu-levin\/","title":{"rendered":"Hidden Sides of Jewish Music\u00a0: Leibu Levin"},"content":{"rendered":"<p><strong>LES FACES CACH\u00c9ES DE LA MUSIQUE JUIVE &#8211; 2014 &#8211; RADIO SHALOM Montr\u00e9al (1650 AM)<\/strong><\/p>\r\n<p><!--more--><\/p>\r\n<p>&nbsp;<\/p>\r\n<p>H\u00e9l\u00e8ne Engel presents two CDs performed by singer <a href=\"https:\/\/www.ruthlevin.info\/about\" target=\"_blank\" rel=\"noopener\">Ruth Levin<\/a> to compositions by her father <a href=\"https:\/\/www.iemj.org\/en\/levin-leibu-1914-1983\/\" target=\"_blank\" rel=\"noopener\">Leibu Levin<\/a>, a Romanian-born Jew, singer, composer and narrator of Yiddish literature. The 2013 CD <em>Geheyme Gest<\/em>, released by Ruth Levin, features a dramatic musical style found in Yiddish but also Russian and Austro-Hungarian song. The lyrics are inspired by 20th century Yiddish poetry. The second album is an anthology album in which Leibu Levin and his daughter Ruth sing together.<\/p>\r\n<p><img fetchpriority=\"high\" decoding=\"async\" class=\"alignnone wp-image-86074 size-full\" src=\"https:\/\/www.iemj.org\/wp-content\/uploads\/2022\/07\/Geheyme-Gest_COUV.jpg\" alt=\"\" width=\"250\" height=\"250\" srcset=\"https:\/\/www.iemj.org\/wp-content\/uploads\/2022\/07\/Geheyme-Gest_COUV.jpg 250w, https:\/\/www.iemj.org\/wp-content\/uploads\/2022\/07\/Geheyme-Gest_COUV-150x150.jpg 150w, https:\/\/www.iemj.org\/wp-content\/uploads\/2022\/07\/Geheyme-Gest_COUV-100x100.jpg 100w\" sizes=\"(max-width: 250px) 100vw, 250px\" \/><\/p>\r\n<p><a href=\"https:\/\/www.ruthlevin.info\/\" target=\"_blank\" rel=\"noopener\">Visit Ruth Levin&#8217;s website<\/a><\/p>\r\n<p>&nbsp;<\/p>\r\n<p><img decoding=\"async\" class=\" alignleft size-full wp-image-25908\" src=\"https:\/\/www.iemj.org\/wp-content\/uploads\/2019\/10\/h._engel_10mm.jpg\" alt=\"h._engel_10mm.jpg\" width=\"106\" height=\"118\" align=\"left\" \/><em><a href=\"https:\/\/www.iemj.org\/en\/engel-helene\/\" target=\"_blank\" rel=\"noopener\">H\u00e9l\u00e8ne Engel<\/a> is a classically trained singer, musicologist, author, composer, performer and arranger. She is passionate about all aspects of Jewish music, from field collecting to current compositions. Based in Montreal, she hosts the program &#8220;Les faces cach\u00e9es de la musique juive&#8221; on Radio SHALOM Montreal, which will become in 2017 &#8220;La culture juive enchant\u00e9e&#8221; on Radio CJRS Montreal.<br \/><\/em><\/p>\r\n<p>&nbsp;<\/p>\r\n<p><img decoding=\"async\" class=\"alignnone  wp-image-110607\" src=\"https:\/\/www.iemj.org\/wp-content\/uploads\/2024\/03\/AUDIO-PLAYER-300x39.png\" alt=\"\" width=\"946\" height=\"123\" srcset=\"https:\/\/www.iemj.org\/wp-content\/uploads\/2024\/03\/AUDIO-PLAYER-300x39.png 300w, https:\/\/www.iemj.org\/wp-content\/uploads\/2024\/03\/AUDIO-PLAYER-1024x133.png 1024w, https:\/\/www.iemj.org\/wp-content\/uploads\/2024\/03\/AUDIO-PLAYER-768x100.png 768w, https:\/\/www.iemj.org\/wp-content\/uploads\/2024\/03\/AUDIO-PLAYER-600x78.png 600w, https:\/\/www.iemj.org\/wp-content\/uploads\/2024\/03\/AUDIO-PLAYER.png 1210w\" sizes=\"(max-width: 946px) 100vw, 946px\" \/><\/p>\r\n\r\n<div class=\"wp-block-file\"><a id=\"wp-block-file--media-2c325a01-2a7e-4a62-bc89-ab7b08973ac6\" href=\"https:\/\/www.iemj.org\/wp-content\/uploads\/2022\/07\/Leibu-Levin-Helene-Engel-Radio-Shalom-Montreal.mp3\">Leibu Levin &#8211; H\u00e9l\u00e8ne Engel (Radio Shalom Montr\u00e9al)<\/a><\/div>\r\n","protected":false},"excerpt":{"rendered":"<p>LES FACES CACH\u00c9ES DE LA MUSIQUE JUIVE &#8211; 2014 &#8211; RADIO SHALOM Montr\u00e9al (1650 AM)<\/p>\n","protected":false},"author":1045,"featured_media":28752,"comment_status":"closed","ping_status":"closed","sticky":false,"template":"","format":"standard","meta":{"_acf_changed":false,"footnotes":""},"categories":[2163,899],"tags":[],"technique":[],"squelettes":[],"sujet":[],"formation":[],"genre":[],"fonds":[],"tradition":[],"type-de-contenu":[],"interprete-compositeur":[],"frise":[],"type-devenement":[],"tableaux-liens-externes":[],"class_list":["post-86081","post","type-post","status-publish","format-standard","has-post-thumbnail","hentry","category-helene-engels-programs-en","category-radio-programs-en"],"acf":[],"yoast_head":"<!-- This site is optimized with the Yoast SEO plugin v27.3 - https:\/\/yoast.com\/product\/yoast-seo-wordpress\/ -->\n<title>Hidden Sides of Jewish Music\u00a0: Leibu Levin - Institut Europ\u00e9en des Musiques Juives<\/title>\n<meta name=\"robots\" content=\"index, follow, max-snippet:-1, max-image-preview:large, max-video-preview:-1\" \/>\n<link rel=\"canonical\" href=\"https:\/\/www.iemj.org\/en\/les-faces-cachees-de-la-musique-juive-leibu-levin\/\" \/>\n<meta property=\"og:locale\" content=\"en_US\" \/>\n<meta property=\"og:type\" content=\"article\" \/>\n<meta property=\"og:title\" content=\"Hidden Sides of Jewish Music\u00a0: Leibu Levin - Institut Europ\u00e9en des Musiques Juives\" \/>\n<meta property=\"og:description\" content=\"LES FACES CACH\u00c9ES DE LA MUSIQUE JUIVE &#8211; 2014 &#8211; RADIO SHALOM Montr\u00e9al (1650 AM)\" \/>\n<meta property=\"og:url\" content=\"https:\/\/www.iemj.org\/en\/les-faces-cachees-de-la-musique-juive-leibu-levin\/\" \/>\n<meta property=\"og:site_name\" content=\"Institut Europ\u00e9en des Musiques Juives\" \/>\n<meta property=\"article:publisher\" content=\"https:\/\/www.facebook.com\/MusiquesJuives\/\" \/>\n<meta property=\"article:published_time\" content=\"2022-07-05T12:52:41+00:00\" \/>\n<meta property=\"article:modified_time\" content=\"2025-09-26T09:45:42+00:00\" \/>\n<meta property=\"og:image\" content=\"https:\/\/www.iemj.org\/wp-content\/uploads\/2020\/05\/arton4761.jpg\" \/>\n\t<meta property=\"og:image:width\" content=\"192\" \/>\n\t<meta property=\"og:image:height\" content=\"80\" \/>\n\t<meta property=\"og:image:type\" content=\"image\/jpeg\" \/>\n<meta name=\"author\" content=\"Herv\u00e9 Roten\" \/>\n<meta name=\"twitter:card\" content=\"summary_large_image\" \/>\n<meta name=\"twitter:label1\" content=\"Written by\" \/>\n\t<meta name=\"twitter:data1\" content=\"Herv\u00e9 Roten\" \/>\n\t<meta name=\"twitter:label2\" content=\"Est. reading time\" \/>\n\t<meta name=\"twitter:data2\" content=\"2 minutes\" \/>\n<script type=\"application\/ld+json\" class=\"yoast-schema-graph\">{\"@context\":\"https:\\\/\\\/schema.org\",\"@graph\":[{\"@type\":\"Article\",\"@id\":\"https:\\\/\\\/www.iemj.org\\\/en\\\/les-faces-cachees-de-la-musique-juive-leibu-levin\\\/#article\",\"isPartOf\":{\"@id\":\"https:\\\/\\\/www.iemj.org\\\/en\\\/les-faces-cachees-de-la-musique-juive-leibu-levin\\\/\"},\"author\":{\"name\":\"Herv\u00e9 Roten\",\"@id\":\"https:\\\/\\\/www.iemj.org\\\/en\\\/#\\\/schema\\\/person\\\/906134402c29d5c76e7b726261dd4bbd\"},\"headline\":\"Hidden Sides of Jewish Music\u00a0: Leibu Levin\",\"datePublished\":\"2022-07-05T12:52:41+00:00\",\"dateModified\":\"2025-09-26T09:45:42+00:00\",\"mainEntityOfPage\":{\"@id\":\"https:\\\/\\\/www.iemj.org\\\/en\\\/les-faces-cachees-de-la-musique-juive-leibu-levin\\\/\"},\"wordCount\":180,\"publisher\":{\"@id\":\"https:\\\/\\\/www.iemj.org\\\/en\\\/#organization\"},\"image\":{\"@id\":\"https:\\\/\\\/www.iemj.org\\\/en\\\/les-faces-cachees-de-la-musique-juive-leibu-levin\\\/#primaryimage\"},\"thumbnailUrl\":\"https:\\\/\\\/www.iemj.org\\\/wp-content\\\/uploads\\\/2020\\\/05\\\/arton4761.jpg\",\"articleSection\":[\"H\u00e9l\u00e8ne Engel's Programs\",\"Radio programs\"],\"inLanguage\":\"en-US\"},{\"@type\":\"WebPage\",\"@id\":\"https:\\\/\\\/www.iemj.org\\\/en\\\/les-faces-cachees-de-la-musique-juive-leibu-levin\\\/\",\"url\":\"https:\\\/\\\/www.iemj.org\\\/en\\\/les-faces-cachees-de-la-musique-juive-leibu-levin\\\/\",\"name\":\"Hidden Sides of Jewish Music\u00a0: Leibu Levin - Institut Europ\u00e9en des Musiques Juives\",\"isPartOf\":{\"@id\":\"https:\\\/\\\/www.iemj.org\\\/en\\\/#website\"},\"primaryImageOfPage\":{\"@id\":\"https:\\\/\\\/www.iemj.org\\\/en\\\/les-faces-cachees-de-la-musique-juive-leibu-levin\\\/#primaryimage\"},\"image\":{\"@id\":\"https:\\\/\\\/www.iemj.org\\\/en\\\/les-faces-cachees-de-la-musique-juive-leibu-levin\\\/#primaryimage\"},\"thumbnailUrl\":\"https:\\\/\\\/www.iemj.org\\\/wp-content\\\/uploads\\\/2020\\\/05\\\/arton4761.jpg\",\"datePublished\":\"2022-07-05T12:52:41+00:00\",\"dateModified\":\"2025-09-26T09:45:42+00:00\",\"breadcrumb\":{\"@id\":\"https:\\\/\\\/www.iemj.org\\\/en\\\/les-faces-cachees-de-la-musique-juive-leibu-levin\\\/#breadcrumb\"},\"inLanguage\":\"en-US\",\"potentialAction\":[{\"@type\":\"ReadAction\",\"target\":[\"https:\\\/\\\/www.iemj.org\\\/en\\\/les-faces-cachees-de-la-musique-juive-leibu-levin\\\/\"]}]},{\"@type\":\"ImageObject\",\"inLanguage\":\"en-US\",\"@id\":\"https:\\\/\\\/www.iemj.org\\\/en\\\/les-faces-cachees-de-la-musique-juive-leibu-levin\\\/#primaryimage\",\"url\":\"https:\\\/\\\/www.iemj.org\\\/wp-content\\\/uploads\\\/2020\\\/05\\\/arton4761.jpg\",\"contentUrl\":\"https:\\\/\\\/www.iemj.org\\\/wp-content\\\/uploads\\\/2020\\\/05\\\/arton4761.jpg\",\"width\":192,\"height\":80},{\"@type\":\"BreadcrumbList\",\"@id\":\"https:\\\/\\\/www.iemj.org\\\/en\\\/les-faces-cachees-de-la-musique-juive-leibu-levin\\\/#breadcrumb\",\"itemListElement\":[{\"@type\":\"ListItem\",\"position\":1,\"name\":\"Accueil\",\"item\":\"https:\\\/\\\/www.iemj.org\\\/en\\\/\"},{\"@type\":\"ListItem\",\"position\":2,\"name\":\"Hidden Sides of Jewish Music\u00a0: Leibu Levin\"}]},{\"@type\":\"WebSite\",\"@id\":\"https:\\\/\\\/www.iemj.org\\\/en\\\/#website\",\"url\":\"https:\\\/\\\/www.iemj.org\\\/en\\\/\",\"name\":\"Institut Europ\u00e9en des Musiques Juives\",\"description\":\"Des traditions musicales \u00e0 la port\u00e9e de tous\",\"publisher\":{\"@id\":\"https:\\\/\\\/www.iemj.org\\\/en\\\/#organization\"},\"potentialAction\":[{\"@type\":\"SearchAction\",\"target\":{\"@type\":\"EntryPoint\",\"urlTemplate\":\"https:\\\/\\\/www.iemj.org\\\/en\\\/?s={search_term_string}\"},\"query-input\":{\"@type\":\"PropertyValueSpecification\",\"valueRequired\":true,\"valueName\":\"search_term_string\"}}],\"inLanguage\":\"en-US\"},{\"@type\":\"Organization\",\"@id\":\"https:\\\/\\\/www.iemj.org\\\/en\\\/#organization\",\"name\":\"Institut Europ\u00e9en des Musiques Juives\",\"url\":\"https:\\\/\\\/www.iemj.org\\\/en\\\/\",\"logo\":{\"@type\":\"ImageObject\",\"inLanguage\":\"en-US\",\"@id\":\"https:\\\/\\\/www.iemj.org\\\/en\\\/#\\\/schema\\\/logo\\\/image\\\/\",\"url\":\"https:\\\/\\\/www.iemj.org\\\/wp-content\\\/uploads\\\/2021\\\/09\\\/Logo-IEMJ-Paypal.jpg\",\"contentUrl\":\"https:\\\/\\\/www.iemj.org\\\/wp-content\\\/uploads\\\/2021\\\/09\\\/Logo-IEMJ-Paypal.jpg\",\"width\":150,\"height\":50,\"caption\":\"Institut Europ\u00e9en des Musiques Juives\"},\"image\":{\"@id\":\"https:\\\/\\\/www.iemj.org\\\/en\\\/#\\\/schema\\\/logo\\\/image\\\/\"},\"sameAs\":[\"https:\\\/\\\/www.facebook.com\\\/MusiquesJuives\\\/\",\"https:\\\/\\\/www.instagram.com\\\/musiquesjuives\\\/\",\"https:\\\/\\\/www.youtube.com\\\/user\\\/musiquesjuives\"]},{\"@type\":\"Person\",\"@id\":\"https:\\\/\\\/www.iemj.org\\\/en\\\/#\\\/schema\\\/person\\\/906134402c29d5c76e7b726261dd4bbd\",\"name\":\"Herv\u00e9 Roten\",\"image\":{\"@type\":\"ImageObject\",\"inLanguage\":\"en-US\",\"@id\":\"https:\\\/\\\/secure.gravatar.com\\\/avatar\\\/f96ad2db538a26481f18384936b5cd0610c92d390c4dc382209216d455f685ff?s=96&d=mm&r=g\",\"url\":\"https:\\\/\\\/secure.gravatar.com\\\/avatar\\\/f96ad2db538a26481f18384936b5cd0610c92d390c4dc382209216d455f685ff?s=96&d=mm&r=g\",\"contentUrl\":\"https:\\\/\\\/secure.gravatar.com\\\/avatar\\\/f96ad2db538a26481f18384936b5cd0610c92d390c4dc382209216d455f685ff?s=96&d=mm&r=g\",\"caption\":\"Herv\u00e9 Roten\"}}]}<\/script>\n<!-- \/ Yoast SEO plugin. -->","yoast_head_json":{"title":"Hidden Sides of Jewish Music\u00a0: Leibu Levin - Institut Europ\u00e9en des Musiques Juives","robots":{"index":"index","follow":"follow","max-snippet":"max-snippet:-1","max-image-preview":"max-image-preview:large","max-video-preview":"max-video-preview:-1"},"canonical":"https:\/\/www.iemj.org\/en\/les-faces-cachees-de-la-musique-juive-leibu-levin\/","og_locale":"en_US","og_type":"article","og_title":"Hidden Sides of Jewish Music\u00a0: Leibu Levin - Institut Europ\u00e9en des Musiques Juives","og_description":"LES FACES CACH\u00c9ES DE LA MUSIQUE JUIVE &#8211; 2014 &#8211; RADIO SHALOM Montr\u00e9al (1650 AM)","og_url":"https:\/\/www.iemj.org\/en\/les-faces-cachees-de-la-musique-juive-leibu-levin\/","og_site_name":"Institut Europ\u00e9en des Musiques Juives","article_publisher":"https:\/\/www.facebook.com\/MusiquesJuives\/","article_published_time":"2022-07-05T12:52:41+00:00","article_modified_time":"2025-09-26T09:45:42+00:00","og_image":[{"width":192,"height":80,"url":"https:\/\/www.iemj.org\/wp-content\/uploads\/2020\/05\/arton4761.jpg","type":"image\/jpeg"}],"author":"Herv\u00e9 Roten","twitter_card":"summary_large_image","twitter_misc":{"Written by":"Herv\u00e9 Roten","Est. reading time":"2 minutes"},"schema":{"@context":"https:\/\/schema.org","@graph":[{"@type":"Article","@id":"https:\/\/www.iemj.org\/en\/les-faces-cachees-de-la-musique-juive-leibu-levin\/#article","isPartOf":{"@id":"https:\/\/www.iemj.org\/en\/les-faces-cachees-de-la-musique-juive-leibu-levin\/"},"author":{"name":"Herv\u00e9 Roten","@id":"https:\/\/www.iemj.org\/en\/#\/schema\/person\/906134402c29d5c76e7b726261dd4bbd"},"headline":"Hidden Sides of Jewish Music\u00a0: Leibu Levin","datePublished":"2022-07-05T12:52:41+00:00","dateModified":"2025-09-26T09:45:42+00:00","mainEntityOfPage":{"@id":"https:\/\/www.iemj.org\/en\/les-faces-cachees-de-la-musique-juive-leibu-levin\/"},"wordCount":180,"publisher":{"@id":"https:\/\/www.iemj.org\/en\/#organization"},"image":{"@id":"https:\/\/www.iemj.org\/en\/les-faces-cachees-de-la-musique-juive-leibu-levin\/#primaryimage"},"thumbnailUrl":"https:\/\/www.iemj.org\/wp-content\/uploads\/2020\/05\/arton4761.jpg","articleSection":["H\u00e9l\u00e8ne Engel's Programs","Radio programs"],"inLanguage":"en-US"},{"@type":"WebPage","@id":"https:\/\/www.iemj.org\/en\/les-faces-cachees-de-la-musique-juive-leibu-levin\/","url":"https:\/\/www.iemj.org\/en\/les-faces-cachees-de-la-musique-juive-leibu-levin\/","name":"Hidden Sides of Jewish Music\u00a0: Leibu Levin - Institut Europ\u00e9en des Musiques Juives","isPartOf":{"@id":"https:\/\/www.iemj.org\/en\/#website"},"primaryImageOfPage":{"@id":"https:\/\/www.iemj.org\/en\/les-faces-cachees-de-la-musique-juive-leibu-levin\/#primaryimage"},"image":{"@id":"https:\/\/www.iemj.org\/en\/les-faces-cachees-de-la-musique-juive-leibu-levin\/#primaryimage"},"thumbnailUrl":"https:\/\/www.iemj.org\/wp-content\/uploads\/2020\/05\/arton4761.jpg","datePublished":"2022-07-05T12:52:41+00:00","dateModified":"2025-09-26T09:45:42+00:00","breadcrumb":{"@id":"https:\/\/www.iemj.org\/en\/les-faces-cachees-de-la-musique-juive-leibu-levin\/#breadcrumb"},"inLanguage":"en-US","potentialAction":[{"@type":"ReadAction","target":["https:\/\/www.iemj.org\/en\/les-faces-cachees-de-la-musique-juive-leibu-levin\/"]}]},{"@type":"ImageObject","inLanguage":"en-US","@id":"https:\/\/www.iemj.org\/en\/les-faces-cachees-de-la-musique-juive-leibu-levin\/#primaryimage","url":"https:\/\/www.iemj.org\/wp-content\/uploads\/2020\/05\/arton4761.jpg","contentUrl":"https:\/\/www.iemj.org\/wp-content\/uploads\/2020\/05\/arton4761.jpg","width":192,"height":80},{"@type":"BreadcrumbList","@id":"https:\/\/www.iemj.org\/en\/les-faces-cachees-de-la-musique-juive-leibu-levin\/#breadcrumb","itemListElement":[{"@type":"ListItem","position":1,"name":"Accueil","item":"https:\/\/www.iemj.org\/en\/"},{"@type":"ListItem","position":2,"name":"Hidden Sides of Jewish Music\u00a0: Leibu Levin"}]},{"@type":"WebSite","@id":"https:\/\/www.iemj.org\/en\/#website","url":"https:\/\/www.iemj.org\/en\/","name":"Institut Europ\u00e9en des Musiques Juives","description":"Des traditions musicales \u00e0 la port\u00e9e de tous","publisher":{"@id":"https:\/\/www.iemj.org\/en\/#organization"},"potentialAction":[{"@type":"SearchAction","target":{"@type":"EntryPoint","urlTemplate":"https:\/\/www.iemj.org\/en\/?s={search_term_string}"},"query-input":{"@type":"PropertyValueSpecification","valueRequired":true,"valueName":"search_term_string"}}],"inLanguage":"en-US"},{"@type":"Organization","@id":"https:\/\/www.iemj.org\/en\/#organization","name":"Institut Europ\u00e9en des Musiques Juives","url":"https:\/\/www.iemj.org\/en\/","logo":{"@type":"ImageObject","inLanguage":"en-US","@id":"https:\/\/www.iemj.org\/en\/#\/schema\/logo\/image\/","url":"https:\/\/www.iemj.org\/wp-content\/uploads\/2021\/09\/Logo-IEMJ-Paypal.jpg","contentUrl":"https:\/\/www.iemj.org\/wp-content\/uploads\/2021\/09\/Logo-IEMJ-Paypal.jpg","width":150,"height":50,"caption":"Institut Europ\u00e9en des Musiques Juives"},"image":{"@id":"https:\/\/www.iemj.org\/en\/#\/schema\/logo\/image\/"},"sameAs":["https:\/\/www.facebook.com\/MusiquesJuives\/","https:\/\/www.instagram.com\/musiquesjuives\/","https:\/\/www.youtube.com\/user\/musiquesjuives"]},{"@type":"Person","@id":"https:\/\/www.iemj.org\/en\/#\/schema\/person\/906134402c29d5c76e7b726261dd4bbd","name":"Herv\u00e9 Roten","image":{"@type":"ImageObject","inLanguage":"en-US","@id":"https:\/\/secure.gravatar.com\/avatar\/f96ad2db538a26481f18384936b5cd0610c92d390c4dc382209216d455f685ff?s=96&d=mm&r=g","url":"https:\/\/secure.gravatar.com\/avatar\/f96ad2db538a26481f18384936b5cd0610c92d390c4dc382209216d455f685ff?s=96&d=mm&r=g","contentUrl":"https:\/\/secure.gravatar.com\/avatar\/f96ad2db538a26481f18384936b5cd0610c92d390c4dc382209216d455f685ff?s=96&d=mm&r=g","caption":"Herv\u00e9 Roten"}}]}},"_links":{"self":[{"href":"https:\/\/www.iemj.org\/en\/wp-json\/wp\/v2\/posts\/86081","targetHints":{"allow":["GET"]}}],"collection":[{"href":"https:\/\/www.iemj.org\/en\/wp-json\/wp\/v2\/posts"}],"about":[{"href":"https:\/\/www.iemj.org\/en\/wp-json\/wp\/v2\/types\/post"}],"author":[{"embeddable":true,"href":"https:\/\/www.iemj.org\/en\/wp-json\/wp\/v2\/users\/1045"}],"replies":[{"embeddable":true,"href":"https:\/\/www.iemj.org\/en\/wp-json\/wp\/v2\/comments?post=86081"}],"version-history":[{"count":0,"href":"https:\/\/www.iemj.org\/en\/wp-json\/wp\/v2\/posts\/86081\/revisions"}],"wp:featuredmedia":[{"embeddable":true,"href":"https:\/\/www.iemj.org\/en\/wp-json\/wp\/v2\/media\/28752"}],"wp:attachment":[{"href":"https:\/\/www.iemj.org\/en\/wp-json\/wp\/v2\/media?parent=86081"}],"wp:term":[{"taxonomy":"category","embeddable":true,"href":"https:\/\/www.iemj.org\/en\/wp-json\/wp\/v2\/categories?post=86081"},{"taxonomy":"post_tag","embeddable":true,"href":"https:\/\/www.iemj.org\/en\/wp-json\/wp\/v2\/tags?post=86081"},{"taxonomy":"technique","embeddable":true,"href":"https:\/\/www.iemj.org\/en\/wp-json\/wp\/v2\/technique?post=86081"},{"taxonomy":"squelettes","embeddable":true,"href":"https:\/\/www.iemj.org\/en\/wp-json\/wp\/v2\/squelettes?post=86081"},{"taxonomy":"sujet","embeddable":true,"href":"https:\/\/www.iemj.org\/en\/wp-json\/wp\/v2\/sujet?post=86081"},{"taxonomy":"formation","embeddable":true,"href":"https:\/\/www.iemj.org\/en\/wp-json\/wp\/v2\/formation?post=86081"},{"taxonomy":"genre","embeddable":true,"href":"https:\/\/www.iemj.org\/en\/wp-json\/wp\/v2\/genre?post=86081"},{"taxonomy":"fonds","embeddable":true,"href":"https:\/\/www.iemj.org\/en\/wp-json\/wp\/v2\/fonds?post=86081"},{"taxonomy":"tradition","embeddable":true,"href":"https:\/\/www.iemj.org\/en\/wp-json\/wp\/v2\/tradition?post=86081"},{"taxonomy":"type-de-contenu","embeddable":true,"href":"https:\/\/www.iemj.org\/en\/wp-json\/wp\/v2\/type-de-contenu?post=86081"},{"taxonomy":"interprete-compositeur","embeddable":true,"href":"https:\/\/www.iemj.org\/en\/wp-json\/wp\/v2\/interprete-compositeur?post=86081"},{"taxonomy":"frise","embeddable":true,"href":"https:\/\/www.iemj.org\/en\/wp-json\/wp\/v2\/frise?post=86081"},{"taxonomy":"type-devenement","embeddable":true,"href":"https:\/\/www.iemj.org\/en\/wp-json\/wp\/v2\/type-devenement?post=86081"},{"taxonomy":"tableaux-liens-externes","embeddable":true,"href":"https:\/\/www.iemj.org\/en\/wp-json\/wp\/v2\/tableaux-liens-externes?post=86081"}],"curies":[{"name":"wp","href":"https:\/\/api.w.org\/{rel}","templated":true}]}}