{"id":86340,"date":"2022-10-18T11:00:00","date_gmt":"2022-10-18T09:00:00","guid":{"rendered":"https:\/\/www.iemj.org\/?p=86340"},"modified":"2025-04-16T15:03:53","modified_gmt":"2025-04-16T13:03:53","slug":"kalarash-musique-klezmer-chansons-yiddish-et-francaises","status":"publish","type":"post","link":"https:\/\/www.iemj.org\/en\/kalarash-musique-klezmer-chansons-yiddish-et-francaises\/","title":{"rendered":"KALARASH \u2013 KLEZMER MUSIC, YIDDISH AND FRENCH SONGS"},"content":{"rendered":"\n<div class=\"wp-block-group\"><div class=\"wp-block-group__inner-container is-layout-flow wp-block-group-is-layout-flow\">\n<h3>&nbsp;<\/h3>\n<h3><strong>RELEASE OF THE 8th CD FROM THE \u201cDISCOVERY\u201d COLLECTION<\/strong><\/h3>\n<p><!--more--><\/p>\n<p>The group Kalarash has been exploring traditional music from Eastern Europe and the Balkans for 12 years. Composed of Agathe Llorca (vocals, violin, mandolin), David Lefebvre (vocals, guitar, cymbalum), Erik Jankowsky (double bass), Vincent P\u00e9rier (clarinet) and Elsa IIIe (accordion), Kalarash performs regularly in France and around the world to liven up dances or shows that never leave their listeners indifferent<\/p>\n<p>The name of the group refers to a well-known klezmer tune, but also to a small town in Moldova (C\u0103l\u0103ra\u0219i which means &#8220;The Horsemen&#8221;), whose streets resound with tunes inspired by Romanian, Gypsy and klezmer folklore. With this claim, Kalarash draws inspiration from these small string orchestras, the taraf for Romanian lautar music or the kapelye for klezmer music, and performs dance tunes, sometimes ceremonial, sometimes lively, traditional Yiddish and cabaret songs, Romanian ballads and other surprises.<\/p>\n<p>Kalarash has released three CDs: Tirez la roulotte (2015), Mes joyeux compagnons (2019) and Nos chevauch\u00e9es (2021). The present compilation gathers the main klezmer music tunes, Yiddish and French songs from these albums, as well as several previously unreleased pieces. A great discovery!<\/p>\n<p>This CD was produced with the support of the <a href=\"https:\/\/www.fondationjudaisme.org\/\">Fondation du Juda\u00efsme Fran\u00e7ais<\/a>, the <a href=\"https:\/\/www.fondationshoah.org\/\">Fondation pour la M\u00e9moire de la Shoah<\/a>, the Fondations Henriette Halphen and Ir\u00e8ne et Jacques Darmon, under the aegis of the FJF.<\/p>\n<h2><a href=\"https:\/\/www.iemj.org\/en\/product\/kalarash-klezmer-music-yiddish-and-french-songs\" target=\"_blank\" rel=\"noopener\">Purchase the&nbsp;<strong>CD&nbsp;<\/strong>on the EIJM\u2019s online shop<\/a><\/h2>\n<p><strong>Information\/Order\/Press<\/strong> (+33) 1 45 82 20 52 or <a href=\"https:\/\/www.iemj.org\/en\/melodies-hebraiques-pour-violoncelle-et-piano\/contact@iemj.org\">contact@iemj.org<\/a><\/p>\n<h3><a href=\"https:\/\/www.iemj.org\/wp-content\/uploads\/2022\/10\/Flyer-CDD8_Web.pdf\" target=\"_blank\" rel=\"noopener\">Download the Kalarash CD flyer \/ order form<\/a><\/h3>\n<\/p>\n<p><img fetchpriority=\"high\" decoding=\"async\" class=\"wp-image-86397 aligncenter\" src=\"https:\/\/www.iemj.org\/wp-content\/uploads\/2022\/07\/Couv4-CDD8-Kalarash-avec-tranche-300x256.jpg\" alt=\"\" width=\"627\" height=\"535\" srcset=\"https:\/\/www.iemj.org\/wp-content\/uploads\/2022\/07\/Couv4-CDD8-Kalarash-avec-tranche-300x256.jpg 300w, https:\/\/www.iemj.org\/wp-content\/uploads\/2022\/07\/Couv4-CDD8-Kalarash-avec-tranche-600x512.jpg 600w, https:\/\/www.iemj.org\/wp-content\/uploads\/2022\/07\/Couv4-CDD8-Kalarash-avec-tranche.jpg 720w\" sizes=\"(max-width: 627px) 100vw, 627px\" \/><\/p>\n<\/div><\/div>\n\n\n\n<div class=\"wp-block-group\"><div class=\"wp-block-group__inner-container is-layout-flow wp-block-group-is-layout-flow\">\n<figure class=\"wp-block-embed is-type-video is-provider-youtube wp-block-embed-youtube wp-embed-aspect-16-9 wp-has-aspect-ratio\"><div class=\"wp-block-embed__wrapper\">\n<iframe title=\"CLIP de KALARASH\" width=\"640\" height=\"360\" src=\"https:\/\/www.youtube.com\/embed\/bvNyL2Cqhh4?feature=oembed\" frameborder=\"0\" allow=\"accelerometer; autoplay; clipboard-write; encrypted-media; gyroscope; picture-in-picture; web-share\" referrerpolicy=\"strict-origin-when-cross-origin\" allowfullscreen><\/iframe>\n<\/div><\/figure>\n<\/div><\/div>\n\n\n<div class=\"wp-block-image\">\n<figure class=\"aligncenter size-large\"><img decoding=\"async\" width=\"1024\" height=\"133\" src=\"https:\/\/www.iemj.org\/wp-content\/uploads\/2024\/03\/AUDIO-PLAYER-1024x133.png\" alt=\"\" class=\"wp-image-110607\" srcset=\"https:\/\/www.iemj.org\/wp-content\/uploads\/2024\/03\/AUDIO-PLAYER-1024x133.png 1024w, https:\/\/www.iemj.org\/wp-content\/uploads\/2024\/03\/AUDIO-PLAYER-300x39.png 300w, https:\/\/www.iemj.org\/wp-content\/uploads\/2024\/03\/AUDIO-PLAYER-768x100.png 768w, https:\/\/www.iemj.org\/wp-content\/uploads\/2024\/03\/AUDIO-PLAYER-600x78.png 600w, https:\/\/www.iemj.org\/wp-content\/uploads\/2024\/03\/AUDIO-PLAYER.png 1210w\" sizes=\"(max-width: 1024px) 100vw, 1024px\" \/><\/figure>\n<\/div>","protected":false},"excerpt":{"rendered":"<p>&nbsp; RELEASE OF THE 8th CD FROM THE \u201cDISCOVERY\u201d COLLECTION &nbsp; RELEASE OF THE 8th CD FROM THE \u201cDISCOVERY\u201d COLLECTION<\/p>\n","protected":false},"author":5,"featured_media":86268,"comment_status":"closed","ping_status":"closed","sticky":false,"template":"","format":"standard","meta":{"_acf_changed":false,"footnotes":""},"categories":[1392,2202,1389],"tags":[],"technique":[],"squelettes":[],"sujet":[],"formation":[],"genre":[1113,1115],"fonds":[],"tradition":[],"type-de-contenu":[],"interprete-compositeur":[],"frise":[],"type-devenement":[],"tableaux-liens-externes":[],"class_list":["post-86340","post","type-post","status-publish","format-standard","has-post-thumbnail","hentry","category-cd-eijm-en","category-discovery-collection-en","category-publications-en","genre-klezmer-en","genre-yiddish-en-2"],"acf":[],"yoast_head":"<!-- This site is optimized with the Yoast SEO plugin v27.3 - https:\/\/yoast.com\/product\/yoast-seo-wordpress\/ -->\n<title>KALARASH \u2013 KLEZMER MUSIC, YIDDISH AND FRENCH SONGS - Institut Europ\u00e9en des Musiques Juives<\/title>\n<meta name=\"robots\" content=\"index, follow, max-snippet:-1, max-image-preview:large, max-video-preview:-1\" \/>\n<link rel=\"canonical\" href=\"https:\/\/www.iemj.org\/en\/kalarash-musique-klezmer-chansons-yiddish-et-francaises\/\" \/>\n<meta property=\"og:locale\" content=\"en_US\" \/>\n<meta property=\"og:type\" content=\"article\" \/>\n<meta property=\"og:title\" content=\"KALARASH \u2013 KLEZMER MUSIC, YIDDISH AND FRENCH SONGS - Institut Europ\u00e9en des Musiques Juives\" \/>\n<meta property=\"og:description\" content=\"&nbsp; RELEASE OF THE 8th CD FROM THE \u201cDISCOVERY\u201d COLLECTION &nbsp; RELEASE OF THE 8th CD FROM THE \u201cDISCOVERY\u201d COLLECTION\" \/>\n<meta property=\"og:url\" content=\"https:\/\/www.iemj.org\/en\/kalarash-musique-klezmer-chansons-yiddish-et-francaises\/\" \/>\n<meta property=\"og:site_name\" content=\"Institut Europ\u00e9en des Musiques Juives\" \/>\n<meta property=\"article:publisher\" content=\"https:\/\/www.facebook.com\/MusiquesJuives\/\" \/>\n<meta property=\"article:published_time\" content=\"2022-10-18T09:00:00+00:00\" \/>\n<meta property=\"article:modified_time\" content=\"2025-04-16T13:03:53+00:00\" \/>\n<meta property=\"og:image\" content=\"https:\/\/www.iemj.org\/wp-content\/uploads\/2022\/07\/Couv-CDD8-Kalarash-pour-site-1.jpg\" \/>\n\t<meta property=\"og:image:width\" content=\"450\" \/>\n\t<meta property=\"og:image:height\" content=\"404\" \/>\n\t<meta property=\"og:image:type\" content=\"image\/jpeg\" \/>\n<meta name=\"author\" content=\"Jacqueline ROTEN\" \/>\n<meta name=\"twitter:card\" content=\"summary_large_image\" \/>\n<meta name=\"twitter:label1\" content=\"Written by\" \/>\n\t<meta name=\"twitter:data1\" content=\"Jacqueline ROTEN\" \/>\n\t<meta name=\"twitter:label2\" content=\"Est. reading time\" \/>\n\t<meta name=\"twitter:data2\" content=\"2 minutes\" \/>\n<script type=\"application\/ld+json\" class=\"yoast-schema-graph\">{\"@context\":\"https:\\\/\\\/schema.org\",\"@graph\":[{\"@type\":\"Article\",\"@id\":\"https:\\\/\\\/www.iemj.org\\\/en\\\/kalarash-musique-klezmer-chansons-yiddish-et-francaises\\\/#article\",\"isPartOf\":{\"@id\":\"https:\\\/\\\/www.iemj.org\\\/en\\\/kalarash-musique-klezmer-chansons-yiddish-et-francaises\\\/\"},\"author\":{\"name\":\"Jacqueline ROTEN\",\"@id\":\"https:\\\/\\\/www.iemj.org\\\/en\\\/#\\\/schema\\\/person\\\/358e26c18aca017fcc4cc15437f7279c\"},\"headline\":\"KALARASH \u2013 KLEZMER MUSIC, YIDDISH AND FRENCH SONGS\",\"datePublished\":\"2022-10-18T09:00:00+00:00\",\"dateModified\":\"2025-04-16T13:03:53+00:00\",\"mainEntityOfPage\":{\"@id\":\"https:\\\/\\\/www.iemj.org\\\/en\\\/kalarash-musique-klezmer-chansons-yiddish-et-francaises\\\/\"},\"wordCount\":272,\"publisher\":{\"@id\":\"https:\\\/\\\/www.iemj.org\\\/en\\\/#organization\"},\"image\":{\"@id\":\"https:\\\/\\\/www.iemj.org\\\/en\\\/kalarash-musique-klezmer-chansons-yiddish-et-francaises\\\/#primaryimage\"},\"thumbnailUrl\":\"https:\\\/\\\/www.iemj.org\\\/wp-content\\\/uploads\\\/2022\\\/07\\\/Couv-CDD8-Kalarash-pour-site-1.jpg\",\"articleSection\":[\"CD EIJM\",\"Discovery Collection\",\"Publications\"],\"inLanguage\":\"en-US\"},{\"@type\":\"WebPage\",\"@id\":\"https:\\\/\\\/www.iemj.org\\\/en\\\/kalarash-musique-klezmer-chansons-yiddish-et-francaises\\\/\",\"url\":\"https:\\\/\\\/www.iemj.org\\\/en\\\/kalarash-musique-klezmer-chansons-yiddish-et-francaises\\\/\",\"name\":\"KALARASH \u2013 KLEZMER MUSIC, YIDDISH AND FRENCH SONGS - Institut Europ\u00e9en des Musiques Juives\",\"isPartOf\":{\"@id\":\"https:\\\/\\\/www.iemj.org\\\/en\\\/#website\"},\"primaryImageOfPage\":{\"@id\":\"https:\\\/\\\/www.iemj.org\\\/en\\\/kalarash-musique-klezmer-chansons-yiddish-et-francaises\\\/#primaryimage\"},\"image\":{\"@id\":\"https:\\\/\\\/www.iemj.org\\\/en\\\/kalarash-musique-klezmer-chansons-yiddish-et-francaises\\\/#primaryimage\"},\"thumbnailUrl\":\"https:\\\/\\\/www.iemj.org\\\/wp-content\\\/uploads\\\/2022\\\/07\\\/Couv-CDD8-Kalarash-pour-site-1.jpg\",\"datePublished\":\"2022-10-18T09:00:00+00:00\",\"dateModified\":\"2025-04-16T13:03:53+00:00\",\"breadcrumb\":{\"@id\":\"https:\\\/\\\/www.iemj.org\\\/en\\\/kalarash-musique-klezmer-chansons-yiddish-et-francaises\\\/#breadcrumb\"},\"inLanguage\":\"en-US\",\"potentialAction\":[{\"@type\":\"ReadAction\",\"target\":[\"https:\\\/\\\/www.iemj.org\\\/en\\\/kalarash-musique-klezmer-chansons-yiddish-et-francaises\\\/\"]}]},{\"@type\":\"ImageObject\",\"inLanguage\":\"en-US\",\"@id\":\"https:\\\/\\\/www.iemj.org\\\/en\\\/kalarash-musique-klezmer-chansons-yiddish-et-francaises\\\/#primaryimage\",\"url\":\"https:\\\/\\\/www.iemj.org\\\/wp-content\\\/uploads\\\/2022\\\/07\\\/Couv-CDD8-Kalarash-pour-site-1.jpg\",\"contentUrl\":\"https:\\\/\\\/www.iemj.org\\\/wp-content\\\/uploads\\\/2022\\\/07\\\/Couv-CDD8-Kalarash-pour-site-1.jpg\",\"width\":450,\"height\":404},{\"@type\":\"BreadcrumbList\",\"@id\":\"https:\\\/\\\/www.iemj.org\\\/en\\\/kalarash-musique-klezmer-chansons-yiddish-et-francaises\\\/#breadcrumb\",\"itemListElement\":[{\"@type\":\"ListItem\",\"position\":1,\"name\":\"Accueil\",\"item\":\"https:\\\/\\\/www.iemj.org\\\/en\\\/\"},{\"@type\":\"ListItem\",\"position\":2,\"name\":\"KALARASH \u2013 KLEZMER MUSIC, YIDDISH AND FRENCH SONGS\"}]},{\"@type\":\"WebSite\",\"@id\":\"https:\\\/\\\/www.iemj.org\\\/en\\\/#website\",\"url\":\"https:\\\/\\\/www.iemj.org\\\/en\\\/\",\"name\":\"Institut Europ\u00e9en des Musiques Juives\",\"description\":\"Des traditions musicales \u00e0 la port\u00e9e de tous\",\"publisher\":{\"@id\":\"https:\\\/\\\/www.iemj.org\\\/en\\\/#organization\"},\"potentialAction\":[{\"@type\":\"SearchAction\",\"target\":{\"@type\":\"EntryPoint\",\"urlTemplate\":\"https:\\\/\\\/www.iemj.org\\\/en\\\/?s={search_term_string}\"},\"query-input\":{\"@type\":\"PropertyValueSpecification\",\"valueRequired\":true,\"valueName\":\"search_term_string\"}}],\"inLanguage\":\"en-US\"},{\"@type\":\"Organization\",\"@id\":\"https:\\\/\\\/www.iemj.org\\\/en\\\/#organization\",\"name\":\"Institut Europ\u00e9en des Musiques Juives\",\"url\":\"https:\\\/\\\/www.iemj.org\\\/en\\\/\",\"logo\":{\"@type\":\"ImageObject\",\"inLanguage\":\"en-US\",\"@id\":\"https:\\\/\\\/www.iemj.org\\\/en\\\/#\\\/schema\\\/logo\\\/image\\\/\",\"url\":\"https:\\\/\\\/www.iemj.org\\\/wp-content\\\/uploads\\\/2021\\\/09\\\/Logo-IEMJ-Paypal.jpg\",\"contentUrl\":\"https:\\\/\\\/www.iemj.org\\\/wp-content\\\/uploads\\\/2021\\\/09\\\/Logo-IEMJ-Paypal.jpg\",\"width\":150,\"height\":50,\"caption\":\"Institut Europ\u00e9en des Musiques Juives\"},\"image\":{\"@id\":\"https:\\\/\\\/www.iemj.org\\\/en\\\/#\\\/schema\\\/logo\\\/image\\\/\"},\"sameAs\":[\"https:\\\/\\\/www.facebook.com\\\/MusiquesJuives\\\/\",\"https:\\\/\\\/www.instagram.com\\\/musiquesjuives\\\/\",\"https:\\\/\\\/www.youtube.com\\\/user\\\/musiquesjuives\"]},{\"@type\":\"Person\",\"@id\":\"https:\\\/\\\/www.iemj.org\\\/en\\\/#\\\/schema\\\/person\\\/358e26c18aca017fcc4cc15437f7279c\",\"name\":\"Jacqueline ROTEN\",\"image\":{\"@type\":\"ImageObject\",\"inLanguage\":\"en-US\",\"@id\":\"https:\\\/\\\/secure.gravatar.com\\\/avatar\\\/5964256d6c6957de3a3505278957e0fb2a35119ac47ea41827a65301213c810b?s=96&d=mm&r=g\",\"url\":\"https:\\\/\\\/secure.gravatar.com\\\/avatar\\\/5964256d6c6957de3a3505278957e0fb2a35119ac47ea41827a65301213c810b?s=96&d=mm&r=g\",\"contentUrl\":\"https:\\\/\\\/secure.gravatar.com\\\/avatar\\\/5964256d6c6957de3a3505278957e0fb2a35119ac47ea41827a65301213c810b?s=96&d=mm&r=g\",\"caption\":\"Jacqueline ROTEN\"}}]}<\/script>\n<!-- \/ Yoast SEO plugin. -->","yoast_head_json":{"title":"KALARASH \u2013 KLEZMER MUSIC, YIDDISH AND FRENCH SONGS - Institut Europ\u00e9en des Musiques Juives","robots":{"index":"index","follow":"follow","max-snippet":"max-snippet:-1","max-image-preview":"max-image-preview:large","max-video-preview":"max-video-preview:-1"},"canonical":"https:\/\/www.iemj.org\/en\/kalarash-musique-klezmer-chansons-yiddish-et-francaises\/","og_locale":"en_US","og_type":"article","og_title":"KALARASH \u2013 KLEZMER MUSIC, YIDDISH AND FRENCH SONGS - Institut Europ\u00e9en des Musiques Juives","og_description":"&nbsp; RELEASE OF THE 8th CD FROM THE \u201cDISCOVERY\u201d COLLECTION &nbsp; RELEASE OF THE 8th CD FROM THE \u201cDISCOVERY\u201d COLLECTION","og_url":"https:\/\/www.iemj.org\/en\/kalarash-musique-klezmer-chansons-yiddish-et-francaises\/","og_site_name":"Institut Europ\u00e9en des Musiques Juives","article_publisher":"https:\/\/www.facebook.com\/MusiquesJuives\/","article_published_time":"2022-10-18T09:00:00+00:00","article_modified_time":"2025-04-16T13:03:53+00:00","og_image":[{"width":450,"height":404,"url":"https:\/\/www.iemj.org\/wp-content\/uploads\/2022\/07\/Couv-CDD8-Kalarash-pour-site-1.jpg","type":"image\/jpeg"}],"author":"Jacqueline ROTEN","twitter_card":"summary_large_image","twitter_misc":{"Written by":"Jacqueline ROTEN","Est. reading time":"2 minutes"},"schema":{"@context":"https:\/\/schema.org","@graph":[{"@type":"Article","@id":"https:\/\/www.iemj.org\/en\/kalarash-musique-klezmer-chansons-yiddish-et-francaises\/#article","isPartOf":{"@id":"https:\/\/www.iemj.org\/en\/kalarash-musique-klezmer-chansons-yiddish-et-francaises\/"},"author":{"name":"Jacqueline ROTEN","@id":"https:\/\/www.iemj.org\/en\/#\/schema\/person\/358e26c18aca017fcc4cc15437f7279c"},"headline":"KALARASH \u2013 KLEZMER MUSIC, YIDDISH AND FRENCH SONGS","datePublished":"2022-10-18T09:00:00+00:00","dateModified":"2025-04-16T13:03:53+00:00","mainEntityOfPage":{"@id":"https:\/\/www.iemj.org\/en\/kalarash-musique-klezmer-chansons-yiddish-et-francaises\/"},"wordCount":272,"publisher":{"@id":"https:\/\/www.iemj.org\/en\/#organization"},"image":{"@id":"https:\/\/www.iemj.org\/en\/kalarash-musique-klezmer-chansons-yiddish-et-francaises\/#primaryimage"},"thumbnailUrl":"https:\/\/www.iemj.org\/wp-content\/uploads\/2022\/07\/Couv-CDD8-Kalarash-pour-site-1.jpg","articleSection":["CD EIJM","Discovery Collection","Publications"],"inLanguage":"en-US"},{"@type":"WebPage","@id":"https:\/\/www.iemj.org\/en\/kalarash-musique-klezmer-chansons-yiddish-et-francaises\/","url":"https:\/\/www.iemj.org\/en\/kalarash-musique-klezmer-chansons-yiddish-et-francaises\/","name":"KALARASH \u2013 KLEZMER MUSIC, YIDDISH AND FRENCH SONGS - Institut Europ\u00e9en des Musiques Juives","isPartOf":{"@id":"https:\/\/www.iemj.org\/en\/#website"},"primaryImageOfPage":{"@id":"https:\/\/www.iemj.org\/en\/kalarash-musique-klezmer-chansons-yiddish-et-francaises\/#primaryimage"},"image":{"@id":"https:\/\/www.iemj.org\/en\/kalarash-musique-klezmer-chansons-yiddish-et-francaises\/#primaryimage"},"thumbnailUrl":"https:\/\/www.iemj.org\/wp-content\/uploads\/2022\/07\/Couv-CDD8-Kalarash-pour-site-1.jpg","datePublished":"2022-10-18T09:00:00+00:00","dateModified":"2025-04-16T13:03:53+00:00","breadcrumb":{"@id":"https:\/\/www.iemj.org\/en\/kalarash-musique-klezmer-chansons-yiddish-et-francaises\/#breadcrumb"},"inLanguage":"en-US","potentialAction":[{"@type":"ReadAction","target":["https:\/\/www.iemj.org\/en\/kalarash-musique-klezmer-chansons-yiddish-et-francaises\/"]}]},{"@type":"ImageObject","inLanguage":"en-US","@id":"https:\/\/www.iemj.org\/en\/kalarash-musique-klezmer-chansons-yiddish-et-francaises\/#primaryimage","url":"https:\/\/www.iemj.org\/wp-content\/uploads\/2022\/07\/Couv-CDD8-Kalarash-pour-site-1.jpg","contentUrl":"https:\/\/www.iemj.org\/wp-content\/uploads\/2022\/07\/Couv-CDD8-Kalarash-pour-site-1.jpg","width":450,"height":404},{"@type":"BreadcrumbList","@id":"https:\/\/www.iemj.org\/en\/kalarash-musique-klezmer-chansons-yiddish-et-francaises\/#breadcrumb","itemListElement":[{"@type":"ListItem","position":1,"name":"Accueil","item":"https:\/\/www.iemj.org\/en\/"},{"@type":"ListItem","position":2,"name":"KALARASH \u2013 KLEZMER MUSIC, YIDDISH AND FRENCH SONGS"}]},{"@type":"WebSite","@id":"https:\/\/www.iemj.org\/en\/#website","url":"https:\/\/www.iemj.org\/en\/","name":"Institut Europ\u00e9en des Musiques Juives","description":"Des traditions musicales \u00e0 la port\u00e9e de tous","publisher":{"@id":"https:\/\/www.iemj.org\/en\/#organization"},"potentialAction":[{"@type":"SearchAction","target":{"@type":"EntryPoint","urlTemplate":"https:\/\/www.iemj.org\/en\/?s={search_term_string}"},"query-input":{"@type":"PropertyValueSpecification","valueRequired":true,"valueName":"search_term_string"}}],"inLanguage":"en-US"},{"@type":"Organization","@id":"https:\/\/www.iemj.org\/en\/#organization","name":"Institut Europ\u00e9en des Musiques Juives","url":"https:\/\/www.iemj.org\/en\/","logo":{"@type":"ImageObject","inLanguage":"en-US","@id":"https:\/\/www.iemj.org\/en\/#\/schema\/logo\/image\/","url":"https:\/\/www.iemj.org\/wp-content\/uploads\/2021\/09\/Logo-IEMJ-Paypal.jpg","contentUrl":"https:\/\/www.iemj.org\/wp-content\/uploads\/2021\/09\/Logo-IEMJ-Paypal.jpg","width":150,"height":50,"caption":"Institut Europ\u00e9en des Musiques Juives"},"image":{"@id":"https:\/\/www.iemj.org\/en\/#\/schema\/logo\/image\/"},"sameAs":["https:\/\/www.facebook.com\/MusiquesJuives\/","https:\/\/www.instagram.com\/musiquesjuives\/","https:\/\/www.youtube.com\/user\/musiquesjuives"]},{"@type":"Person","@id":"https:\/\/www.iemj.org\/en\/#\/schema\/person\/358e26c18aca017fcc4cc15437f7279c","name":"Jacqueline ROTEN","image":{"@type":"ImageObject","inLanguage":"en-US","@id":"https:\/\/secure.gravatar.com\/avatar\/5964256d6c6957de3a3505278957e0fb2a35119ac47ea41827a65301213c810b?s=96&d=mm&r=g","url":"https:\/\/secure.gravatar.com\/avatar\/5964256d6c6957de3a3505278957e0fb2a35119ac47ea41827a65301213c810b?s=96&d=mm&r=g","contentUrl":"https:\/\/secure.gravatar.com\/avatar\/5964256d6c6957de3a3505278957e0fb2a35119ac47ea41827a65301213c810b?s=96&d=mm&r=g","caption":"Jacqueline ROTEN"}}]}},"_links":{"self":[{"href":"https:\/\/www.iemj.org\/en\/wp-json\/wp\/v2\/posts\/86340","targetHints":{"allow":["GET"]}}],"collection":[{"href":"https:\/\/www.iemj.org\/en\/wp-json\/wp\/v2\/posts"}],"about":[{"href":"https:\/\/www.iemj.org\/en\/wp-json\/wp\/v2\/types\/post"}],"author":[{"embeddable":true,"href":"https:\/\/www.iemj.org\/en\/wp-json\/wp\/v2\/users\/5"}],"replies":[{"embeddable":true,"href":"https:\/\/www.iemj.org\/en\/wp-json\/wp\/v2\/comments?post=86340"}],"version-history":[{"count":0,"href":"https:\/\/www.iemj.org\/en\/wp-json\/wp\/v2\/posts\/86340\/revisions"}],"wp:featuredmedia":[{"embeddable":true,"href":"https:\/\/www.iemj.org\/en\/wp-json\/wp\/v2\/media\/86268"}],"wp:attachment":[{"href":"https:\/\/www.iemj.org\/en\/wp-json\/wp\/v2\/media?parent=86340"}],"wp:term":[{"taxonomy":"category","embeddable":true,"href":"https:\/\/www.iemj.org\/en\/wp-json\/wp\/v2\/categories?post=86340"},{"taxonomy":"post_tag","embeddable":true,"href":"https:\/\/www.iemj.org\/en\/wp-json\/wp\/v2\/tags?post=86340"},{"taxonomy":"technique","embeddable":true,"href":"https:\/\/www.iemj.org\/en\/wp-json\/wp\/v2\/technique?post=86340"},{"taxonomy":"squelettes","embeddable":true,"href":"https:\/\/www.iemj.org\/en\/wp-json\/wp\/v2\/squelettes?post=86340"},{"taxonomy":"sujet","embeddable":true,"href":"https:\/\/www.iemj.org\/en\/wp-json\/wp\/v2\/sujet?post=86340"},{"taxonomy":"formation","embeddable":true,"href":"https:\/\/www.iemj.org\/en\/wp-json\/wp\/v2\/formation?post=86340"},{"taxonomy":"genre","embeddable":true,"href":"https:\/\/www.iemj.org\/en\/wp-json\/wp\/v2\/genre?post=86340"},{"taxonomy":"fonds","embeddable":true,"href":"https:\/\/www.iemj.org\/en\/wp-json\/wp\/v2\/fonds?post=86340"},{"taxonomy":"tradition","embeddable":true,"href":"https:\/\/www.iemj.org\/en\/wp-json\/wp\/v2\/tradition?post=86340"},{"taxonomy":"type-de-contenu","embeddable":true,"href":"https:\/\/www.iemj.org\/en\/wp-json\/wp\/v2\/type-de-contenu?post=86340"},{"taxonomy":"interprete-compositeur","embeddable":true,"href":"https:\/\/www.iemj.org\/en\/wp-json\/wp\/v2\/interprete-compositeur?post=86340"},{"taxonomy":"frise","embeddable":true,"href":"https:\/\/www.iemj.org\/en\/wp-json\/wp\/v2\/frise?post=86340"},{"taxonomy":"type-devenement","embeddable":true,"href":"https:\/\/www.iemj.org\/en\/wp-json\/wp\/v2\/type-devenement?post=86340"},{"taxonomy":"tableaux-liens-externes","embeddable":true,"href":"https:\/\/www.iemj.org\/en\/wp-json\/wp\/v2\/tableaux-liens-externes?post=86340"}],"curies":[{"name":"wp","href":"https:\/\/api.w.org\/{rel}","templated":true}]}}