{"id":87247,"date":"2022-09-13T17:21:31","date_gmt":"2022-09-13T15:21:31","guid":{"rendered":"https:\/\/www.iemj.org\/roch-hachana\/"},"modified":"2022-12-14T19:15:25","modified_gmt":"2022-12-14T18:15:25","slug":"le-seder-de-roch-hachana-chez-les-juifs-d-afrique-du-nord","status":"publish","type":"post","link":"https:\/\/www.iemj.org\/en\/le-seder-de-roch-hachana-chez-les-juifs-d-afrique-du-nord\/","title":{"rendered":"Rosh Hashanah Seder among North African Jews"},"content":{"rendered":"<p>Rosh Hashanah (\u05e8\u05d0\u05e9 \u05d4\u05e9\u05e0\u05d4) is a holiday marking the beginning of the Jewish New Year. It is celebrated, in Israel as well as in the Diaspora, on the first two days of the month of tichri which occurs, depending on the year, in September or October.<\/p>\n<p><!--more-->Called in the Bible <em>Zikhron Teru\u02bfa<\/em> (Remembrance of the Ringing) (Lev 23:24) or <em>Yom Teru\u02bfa<\/em> (Day of the Ringing), (Num 29:1), Rosh Hashanah is marked by the sounding of the shofar (ram&#8217;s horn), which symbolizes the sacrifice of Isaac and G-d&#8217;s Covenant with Abraham&#8217;s children. In the oral tradition, the two days of Rosh Hashanah become the days of judgment, introducing a ten-day period of penitence (<em>Asheret&#8217; Yemei Tshuva<\/em>) in anticipation of the great forgiveness (Yom Kippur).<\/p>\n<h3><strong>Symbolism of Rosh Hashanah Seder<\/strong><\/h3>\n<p><img fetchpriority=\"high\" decoding=\"async\" class=\"wp-image-87154 size-full alignright\" src=\"https:\/\/www.iemj.org\/wp-content\/uploads\/2022\/09\/TABLE-DU-SEDER.jpg\" alt=\"\" width=\"350\" height=\"198\" srcset=\"https:\/\/www.iemj.org\/wp-content\/uploads\/2022\/09\/TABLE-DU-SEDER.jpg 350w, https:\/\/www.iemj.org\/wp-content\/uploads\/2022\/09\/TABLE-DU-SEDER-300x170.jpg 300w\" sizes=\"(max-width: 350px) 100vw, 350px\" \/>The Rosh Hashanah Night Seder consists of the consumption of symbolic foods &#8211; known as <em>simanim<\/em> (signs) &#8211; and the recitation of prayers. This tradition dates back at least 2,000 years and was first celebrated in the communities of the Mediterranean Area.<\/p>\n<p>The Seder table thus includes foods that evoke, sometimes with puns, the year that we hope will be sweet and happy. Sour or pungent foods are thus avoided in favor of sweet foods, such as apples dipped in honey. This custom, mentioned in the Talmud, has undergone various versions and was strongly developed by the Kabbalists of Safed.<\/p>\n<h3><strong>Rosh Hashanah Seder ritual<\/strong><\/h3>\n<p><img decoding=\"async\" class=\"size-medium wp-image-87160 alignleft\" src=\"https:\/\/www.iemj.org\/wp-content\/uploads\/2022\/09\/PLATEAU-DU-SEDER-300x200.jpg\" alt=\"\" width=\"300\" height=\"200\" srcset=\"https:\/\/www.iemj.org\/wp-content\/uploads\/2022\/09\/PLATEAU-DU-SEDER-300x200.jpg 300w, https:\/\/www.iemj.org\/wp-content\/uploads\/2022\/09\/PLATEAU-DU-SEDER.jpg 350w\" sizes=\"(max-width: 300px) 100vw, 300px\" \/>During the Rosh Hashanah Seder, vegetables (beets, leeks, pumpkins, white beans, gourds), fruits (pomegranate, dates, apples cooked in sugar or dipped in honey) and even a ram&#8217;s head or fish are eaten.<\/p>\n<p>These foods were chosen because their Aramaic names resonated with Hebrew wishes for the New Year. A prayer accompanies the consumption of each of these foods. It is sung to a tune that varies according to the community, while holding the food in the right hand, immediately before eating it.<\/p>\n<h3><strong>Blessings and songs<\/strong><\/h3>\n<p>After chanting <i><span class=\"glossary_item\">kiddush<\/span><\/i>, washing, and breaking bread, the following foods are eaten:<\/p>\n<ul>\n<li>Dates (\u05de\u05e8\u05d9\u05dd)<\/li>\n<\/ul>\n<p>Take a date and recite:<\/p>\n<p>\u05d1\u05bc\u05b8\u05e8\u05d5\u05bc\u05da\u05b0 \u05d0\u05b7\u05ea\u05bc\u05b8\u05d4 \u05d4&#8217; \u05d0\u05b1\u05dc\u05b9\u05d4\u05d9\u05e0\u05d5\u05bc \u05de\u05b6\u05dc\u05b6\u05da\u05b0 \u05d4\u05b8\u05e2\u05d5\u05b9\u05dc\u05b8\u05dd \u05d1\u05bc\u05d5\u05b9\u05e8\u05b5\u05d0 \u05e4\u05bc\u05b0\u05e8\u05b4\u05d9 \u05d4\u05b8\u05e2\u05b5\u05e5<\/p>\n<p>Baruch atah Adonai, Eloheinu melech ha-olam, borei p\u2019ri ha-eitz.<\/p>\n<p><i>Blessed are You, L<\/i><i>ord our <span class=\"glossary_item\">G\u2011d<\/span>, King of the universe, who creates the fruit of the tree.<\/i><\/p>\n<p><b>AUDIO 1 : Blessing of the 1st date &#8211; Avner Azoulay<\/b><\/p>\n<audio class=\"wp-audio-shortcode\" id=\"audio-87247-1\" preload=\"none\" style=\"width: 100%;\" controls=\"controls\"><source type=\"audio\/mpeg\" src=\"https:\/\/www.iemj.org\/wp-content\/uploads\/2022\/09\/01_Benediction-de-la-1ere-datte_Avner-Azoulay.mp3?_=1\" \/><a href=\"https:\/\/www.iemj.org\/wp-content\/uploads\/2022\/09\/01_Benediction-de-la-1ere-datte_Avner-Azoulay.mp3\">https:\/\/www.iemj.org\/wp-content\/uploads\/2022\/09\/01_Benediction-de-la-1ere-datte_Avner-Azoulay.mp3<\/a><\/audio>\n<p>After eating the date, take another one and say:<\/p>\n<p>\u05d9\u05b0\u05d4\u05b4\u05d9 \u05e8\u05b8\u05e6\u05d5\u05b9\u05df \u05de\u05b4\u05dc\u05bc\u05b0\u05e4\u05b8\u05e0\u05b6\u05d9\u05da\u05b8 \u05d4&#8217; \u05d0\u05b1\u05dc\u05b9\u05d4\u05d9\u05e0\u05d5\u05bc \u05d5\u05b5\u05d0\u05dc\u05b9\u05b5\u05d4\u05d9 \u05d0\u05b2\u05d1\u05d5\u05b9\u05ea\u05b5\u05d9\u05e0\u05d5\u05bc, \u05e9\u05c1\u05b6\u05d9\u05bc\u05b4\u05ea\u05bc\u05b7\u05de\u05bc\u05d5\u05bc \u05d0\u05d5\u05b9\u05d9\u05b0\u05d1\u05b5\u05d9\u05e0\u05d5\u05bc \u05d5\u05b0\u05e9\u05c2\u05d5\u05b9\u05e0\u05b0\u05d0\u05b5\u05d9\u05e0\u05d5\u05bc \u05d5\u05b0\u05db\u05b8\u05dc \u05de\u05b0\u05d1\u05b7\u05e7\u05b0\u05e9\u05c1\u05b5\u05d9 \u05e8\u05b8\u05e2\u05b8\u05ea\u05b5\u05e0\u05d5\u05bc<\/p>\n<p>Y\u00e9hi ratsone milefanekha Ado-na\u00ef Elo-h\u00e9nou vElo-h\u00e9 avot\u00e9nou, ch\u00e9yitamou o\u00efv\u00e9nou vesson\u00e9nou vekhol mevakch\u00e9 ra&#8217;at\u00e9nou (<small><em>phonetics in French)<\/em><\/small><\/p>\n<p><i>May it be Your will, Lord our G\u2011d and the G\u2011d of our fathers, that there come an end to our enemies, haters and those who wish evil upon us.<\/i><\/p>\n<p><b>AUDIO 2 : Blessing of the 2nd date &#8211; Avner Azoulay<\/b><\/p>\n<audio class=\"wp-audio-shortcode\" id=\"audio-87247-2\" preload=\"none\" style=\"width: 100%;\" controls=\"controls\"><source type=\"audio\/mpeg\" src=\"https:\/\/www.iemj.org\/wp-content\/uploads\/2022\/09\/02_Benediction-de-la-2eme-datte_Avner-Azoulay.mp3?_=2\" \/><a href=\"https:\/\/www.iemj.org\/wp-content\/uploads\/2022\/09\/02_Benediction-de-la-2eme-datte_Avner-Azoulay.mp3\">https:\/\/www.iemj.org\/wp-content\/uploads\/2022\/09\/02_Benediction-de-la-2eme-datte_Avner-Azoulay.mp3<\/a><\/audio>\n<ul>\n<li>White beans (\u05e8\u05d5\u05d1\u05d9\u05d0\u2014\u05dc\u05d5\u05d1\u05d9\u05d0)<\/li>\n<\/ul>\n<p>(The following blessing over vegetables is only recited if one has not recited the blessing over bread).<\/p>\n<p>\u05d1\u05bc\u05b8\u05e8\u05d5\u05bc\u05da\u05b0 \u05d0\u05b7\u05ea\u05bc\u05b8\u05d4 \u05d4&#8217; \u05d0\u05b1\u05dc\u05b9\u05d4\u05d9\u05e0\u05d5\u05bc \u05de\u05b6\u05dc\u05b6\u05da\u05b0 \u05d4\u05b8\u05e2\u05d5\u05b9\u05dc\u05b8\u05dd \u05d1\u05bc\u05d5\u05b9\u05e8\u05b5\u05d0 \u05e4\u05bc\u05b0\u05e8\u05b4\u05d9 \u05d4\u05b8\u05d0\u05b2\u05d3\u05b8\u05de\u05b8\u05d4<\/p>\n<p>Barou&#8217;h ata Ado-na\u00ef Elo-h\u00e9nou m\u00e9l\u00e8&#8217;h haolam bor\u00e9 peri haadamah (<small><em>phonetics in French)<\/em><\/small><\/p>\n<p><i>Blessed are You, Lord our G\u2011d, King of the universe, who creates the fruit of the earth.<\/i><\/p>\n<p><b>AUDIO 3 : Blessing before the white beans &#8211; Avner Azoulay<\/b><\/p>\n<audio class=\"wp-audio-shortcode\" id=\"audio-87247-3\" preload=\"none\" style=\"width: 100%;\" controls=\"controls\"><source type=\"audio\/mpeg\" src=\"https:\/\/www.iemj.org\/wp-content\/uploads\/2022\/09\/03_Benediction-avant-haricots-blancs-_Avner-Azoulay.mp3?_=3\" \/><a href=\"https:\/\/www.iemj.org\/wp-content\/uploads\/2022\/09\/03_Benediction-avant-haricots-blancs-_Avner-Azoulay.mp3\">https:\/\/www.iemj.org\/wp-content\/uploads\/2022\/09\/03_Benediction-avant-haricots-blancs-_Avner-Azoulay.mp3<\/a><\/audio>\n<p>Take some white beans and say:<\/p>\n<p>\u05d9\u05b0\u05d4\u05b4\u05d9 \u05e8\u05b8\u05e6\u05d5\u05b9\u05df \u05de\u05b4\u05dc\u05bc\u05b0\u05e4\u05b8\u05e0\u05b6\u05d9\u05da\u05b8 \u05d4&#8217; \u05d0\u05b1\u05dc\u05b9\u05d4\u05d9\u05e0\u05d5\u05bc \u05d5\u05b5\u05d0\u05dc\u05b9\u05b5\u05d4\u05d9 \u05d0\u05b2\u05d1\u05d5\u05b9\u05ea\u05b5\u05d9\u05e0\u05d5\u05bc, \u05e9\u05c1\u05b6\u05d9\u05bc\u05b4\u05e8\u05b0\u05d1\u05bc\u05d5\u05bc \u05d6\u05b8\u05db\u05b4\u05d9\u05bc\u05d5\u05b9\u05ea\u05b5\u05d9\u05e0\u05d5\u05bc \u05d5\u05bc\u05ea\u05b0\u05dc\u05b7\u05d1\u05bc\u05b0\u05d1\u05b5\u05e0\u05d5\u05bc<\/p>\n<p>Y\u00e9hi ratsone milefanekha Ado-na\u00ef Elo-h\u00e9nou vElo-h\u00e9 avot\u00e9nou, ch\u00e9yirbou zakhouyot\u00e9nou outelabev\u00e9nou (<small><em>phonetics in French)<\/em><\/small><\/p>\n<p><i>May it be Your will, Lord our G\u2011d and the G\u2011d of our fathers, that our merits shall increase and that You hearten us<\/i>.<\/p>\n<p><b>AUDIO 4 : Blessing of the white beans &#8211; Avner Azoulay<\/b><\/p>\n<audio class=\"wp-audio-shortcode\" id=\"audio-87247-4\" preload=\"none\" style=\"width: 100%;\" controls=\"controls\"><source type=\"audio\/mpeg\" src=\"https:\/\/www.iemj.org\/wp-content\/uploads\/2022\/09\/04_Benediction-des-haricots-blancs-_Avner-Azoulay.mp3?_=4\" \/><a href=\"https:\/\/www.iemj.org\/wp-content\/uploads\/2022\/09\/04_Benediction-des-haricots-blancs-_Avner-Azoulay.mp3\">https:\/\/www.iemj.org\/wp-content\/uploads\/2022\/09\/04_Benediction-des-haricots-blancs-_Avner-Azoulay.mp3<\/a><\/audio>\n<ul>\n<li>Leek (\u05db\u05e8\u05ea\u05d9)<\/li>\n<\/ul>\n<p>Take a leek and say:<\/p>\n<p>\u05d9\u05b0\u05d4\u05b4\u05d9 \u05e8\u05b8\u05e6\u05d5\u05b9\u05df \u05de\u05b4\u05dc\u05bc\u05b0\u05e4\u05b8\u05e0\u05b6\u05d9\u05da\u05b8 \u05d4&#8217; \u05d0\u05b1\u05dc\u05b9\u05d4\u05d9\u05e0\u05d5\u05bc \u05d5\u05b5\u05d0\u05dc\u05b9\u05b5\u05d4\u05d9 \u05d0\u05b2\u05d1\u05d5\u05b9\u05ea\u05b5\u05d9\u05e0\u05d5\u05bc, \u05e9\u05c1\u05b6\u05d9\u05bc\u05b4\u05db\u05bc\u05b8\u05e8\u05b0\u05ea\u05d5\u05bc \u05d0\u05d5\u05b9\u05d9\u05b0\u05d1\u05b5\u05d9\u05e0\u05d5\u05bc \u05d5\u05b0\u05e9\u05c2\u05d5\u05b9\u05e0\u05b0\u05d0\u05b5\u05d9\u05e0\u05d5\u05bc \u05d5\u05b0\u05db\u05b8\u05dc \u05de\u05b0\u05d1\u05b7\u05e7\u05b0\u05e9\u05c1\u05b5\u05d9 \u05e8\u05b8\u05e2\u05b8\u05ea\u05b5\u05e0\u05d5\u05bc<\/p>\n<p>Y\u00e9hi ratsone milefanekha Ado-na\u00ef Elo-h\u00e9nou vElo-h\u00e9 avot\u00e9nou, ch\u00e9yikhretou o\u00efv\u00e9nou vesson\u00e9nou vekhol mevakch\u00e9 ra&#8217;at\u00e9nou (<small><em>phonetics in French)<\/em><\/small><\/p>\n<p><i>May it be Your will, Lord our G\u2011d and the G\u2011d of our fathers, that our enemies, haters, and those who wish evil upon us shall be cut down.<\/i><\/p>\n<p><b>AUDIO 5 : Blessing of the leeks &#8211; Avner Azoulay<\/b><\/p>\n<audio class=\"wp-audio-shortcode\" id=\"audio-87247-5\" preload=\"none\" style=\"width: 100%;\" controls=\"controls\"><source type=\"audio\/mpeg\" src=\"https:\/\/www.iemj.org\/wp-content\/uploads\/2022\/09\/05_Benediction-des-poireaux_Avner-Azoulay.mp3?_=5\" \/><a href=\"https:\/\/www.iemj.org\/wp-content\/uploads\/2022\/09\/05_Benediction-des-poireaux_Avner-Azoulay.mp3\">https:\/\/www.iemj.org\/wp-content\/uploads\/2022\/09\/05_Benediction-des-poireaux_Avner-Azoulay.mp3<\/a><\/audio>\n<ul>\n<li>Beets (\u05e1\u05dc\u05e7\u05d0)<\/li>\n<\/ul>\n<p>Take a beet and say:<\/p>\n<p>\u05d9\u05b0\u05d4\u05b4\u05d9 \u05e8\u05b8\u05e6\u05d5\u05b9\u05df \u05de\u05b4\u05dc\u05bc\u05b0\u05e4\u05b8\u05e0\u05b6\u05d9\u05da\u05b8 \u05d4&#8217; \u05d0\u05b1\u05dc\u05b9\u05d4\u05d9\u05e0\u05d5\u05bc \u05d5\u05b5\u05d0\u05dc\u05b9\u05b5\u05d4\u05d9 \u05d0\u05b2\u05d1\u05d5\u05b9\u05ea\u05b5\u05d9\u05e0\u05d5\u05bc, \u05e9\u05c1\u05b6\u05d9\u05bc\u05b4\u05e1\u05b0\u05ea\u05bc\u05b7\u05dc\u05bc\u05b0\u05e7\u05d5\u05bc \u05d0\u05d5\u05b9\u05d9\u05b0\u05d1\u05b5\u05d9\u05e0\u05d5\u05bc \u05d5\u05b0\u05e9\u05c2\u05d5\u05b9\u05e0\u05b0\u05d0\u05b5\u05d9\u05e0\u05d5\u05bc \u05d5\u05b0\u05db\u05b8\u05dc \u05de\u05b0\u05d1\u05b7\u05e7\u05b0\u05e9\u05c1\u05b5\u05d9 \u05e8\u05b8\u05e2\u05b8\u05ea\u05b5\u05e0\u05d5\u05bc<\/p>\n<p>Y\u00e9hi ratsone milefanekha Ado-na\u00ef Elo-h\u00e9nou vElo-h\u00e9 avot\u00e9nou, ch\u00e9yistalkou o\u00efv\u00e9nou vesson\u00e9nou vekhol mevakch\u00e9 ra&#8217;at\u00e9nou (<small><em>phonetics in French)<\/em><\/small><\/p>\n<p><i>May it be Your will, Lord our G\u2011d and the G\u2011d of our fathers, that our enemies, haters and those who wish evil upon us shall depart.<\/i><\/p>\n<p><b>AUDIO 6 : Blessing of the Beets &#8211; Avner Azoulay<\/b><\/p>\n<audio class=\"wp-audio-shortcode\" id=\"audio-87247-6\" preload=\"none\" style=\"width: 100%;\" controls=\"controls\"><source type=\"audio\/mpeg\" src=\"https:\/\/www.iemj.org\/wp-content\/uploads\/2022\/09\/06_Benediction-des-betteraves_Avner-Azoulay.mp3?_=6\" \/><a href=\"https:\/\/www.iemj.org\/wp-content\/uploads\/2022\/09\/06_Benediction-des-betteraves_Avner-Azoulay.mp3\">https:\/\/www.iemj.org\/wp-content\/uploads\/2022\/09\/06_Benediction-des-betteraves_Avner-Azoulay.mp3<\/a><\/audio>\n<ul>\n<li>Gourd (\u05e7\u05e8\u05d0)<\/li>\n<\/ul>\n<p>Take a gourd and say:<\/p>\n<p>\u05d9\u05b0\u05d4\u05b4\u05d9 \u05e8\u05b8\u05e6\u05d5\u05b9\u05df \u05de\u05b4\u05dc\u05bc\u05b0\u05e4\u05b8\u05e0\u05b6\u05d9\u05da\u05b8 \u05d4&#8217; \u05d0\u05b1\u05dc\u05b9\u05d4\u05d9\u05e0\u05d5\u05bc \u05d5\u05b5\u05d0\u05dc\u05b9\u05b5\u05d4\u05d9 \u05d0\u05b2\u05d1\u05d5\u05b9\u05ea\u05b5\u05d9\u05e0\u05d5\u05bc, \u05e9\u05c1\u05b6\u05ea\u05bc\u05b4\u05e7\u05b0\u05e8\u05b7\u05e2 \u05e8\u05d5\u05b9\u05e2\u05b7 \u05d2\u05bc\u05b0\u05d6\u05b7\u05e8 \u05d3\u05bc\u05b4\u05d9\u05e0\u05b5\u05e0\u05d5\u05bc, \u05d5\u05b0\u05d9\u05b4\u05e7\u05bc\u05b8\u05e8\u05b0\u05d0\u05d5\u05bc \u05dc\u05b0\u05e4\u05b8\u05e0\u05b6\u05d9\u05da\u05b8 \u05d6\u05b8\u05db\u05b4\u05d9\u05bc\u05d5\u05b9\u05ea\u05b5\u05d9\u05e0\u05d5\u05bc<\/p>\n<p>Y\u00e9hi ratsone milefanekha Ado-na\u00ef Elo-h\u00e9nou vElo-h\u00e9 avot\u00e9nou, ch\u00e9tikra&#8217; ro&#8217;a gzar din\u00e9nou, veyikarou lefanekha zakhiyot\u00e9nou (<small><em>phonetics in French)<\/em><\/small><\/p>\n<p><i>May it be Your will, Lord our G\u2011d and the G\u2011d of our fathers, that the evil of our verdicts be ripped, and that our merits be announced before you.<\/i><\/p>\n<p><b>AUDIO 7 : Blessing of the Gourd &#8211; Avner Azoulay<\/b><\/p>\n<audio class=\"wp-audio-shortcode\" id=\"audio-87247-7\" preload=\"none\" style=\"width: 100%;\" controls=\"controls\"><source type=\"audio\/mpeg\" src=\"https:\/\/www.iemj.org\/wp-content\/uploads\/2022\/09\/07_Benediction-de-la-courge_Avner-Azoulay.mp3?_=7\" \/><a href=\"https:\/\/www.iemj.org\/wp-content\/uploads\/2022\/09\/07_Benediction-de-la-courge_Avner-Azoulay.mp3\">https:\/\/www.iemj.org\/wp-content\/uploads\/2022\/09\/07_Benediction-de-la-courge_Avner-Azoulay.mp3<\/a><\/audio>\n<ul>\n<li>Pomegranate (\u05e8\u05d9\u05de\u05d5\u05df)<\/li>\n<\/ul>\n<p>Take the pomegranate and say:<\/p>\n<p>\u05d9\u05b0\u05d4\u05b4\u05d9 \u05e8\u05b8\u05e6\u05d5\u05b9\u05df \u05de\u05b4\u05dc\u05bc\u05b0\u05e4\u05b8\u05e0\u05b6\u05d9\u05da\u05b8 \u05d4&#8217; \u05d0\u05b1\u05dc\u05b9\u05d4\u05d9\u05e0\u05d5\u05bc \u05d5\u05b5\u05d0\u05dc\u05b9\u05b5\u05d4\u05d9 \u05d0\u05b2\u05d1\u05d5\u05b9\u05ea\u05b5\u05d9\u05e0\u05d5\u05bc, \u05e9\u05c1\u05b6\u05e0\u05bc\u05b4\u05d4\u05b0\u05d9\u05b6\u05d4 \u05de\u05b0\u05dc\u05b5\u05d0\u05b4\u05d9\u05dd \u05de\u05b4\u05e6\u05b0\u05d5\u05b9\u05ea \u05db\u05bc\u05b8\u05e8\u05b4\u05de\u05bc\u05d5\u05b9\u05df<\/p>\n<p>Y\u00e9hi ratsone milefanekha Ado-na\u00ef Elo-h\u00e9nou vElo-h\u00e9 avot\u00e9nou, ch\u00e9nihy\u00e9 mel\u00e9\u00efm mitsvot karimone (<small><em>phonetics in French)<\/em><\/small><\/p>\n<p><i>May it be Your will, Lord our G\u2011d and the G\u2011d of our fathers, that we be filled with <span class=\"glossary_item\">mitzvot<\/span> like a pomegranate [is filled with seeds].<\/i><\/p>\n<p><b>AUDIO 8 : Blessing of the Pomegranate &#8211; Version 1 &#8211; Avner Azoulay<\/b><\/p>\n<audio class=\"wp-audio-shortcode\" id=\"audio-87247-8\" preload=\"none\" style=\"width: 100%;\" controls=\"controls\"><source type=\"audio\/mpeg\" src=\"https:\/\/www.iemj.org\/wp-content\/uploads\/2022\/09\/08_Benediction-de-la-grenade_variante-1_Avner-Azoulay.mp3?_=8\" \/><a href=\"https:\/\/www.iemj.org\/wp-content\/uploads\/2022\/09\/08_Benediction-de-la-grenade_variante-1_Avner-Azoulay.mp3\">https:\/\/www.iemj.org\/wp-content\/uploads\/2022\/09\/08_Benediction-de-la-grenade_variante-1_Avner-Azoulay.mp3<\/a><\/audio>\n<p>Some people say instead:<\/p>\n<p>\u05d9\u05b0\u05d4\u05b4\u05d9 \u05e8\u05b8\u05e6\u05d5\u05b9\u05df \u05de\u05b4\u05dc\u05bc\u05b0\u05e4\u05b8\u05e0\u05b6\u05d9\u05da\u05b8 \u05d4&#8217; \u05d0\u05b1\u05dc\u05b9\u05d4\u05d9\u05e0\u05d5\u05bc \u05d5\u05b5\u05d0\u05dc\u05b9\u05b5\u05d4\u05d9 \u05d0\u05b2\u05d1\u05d5\u05b9\u05ea\u05b5\u05d9\u05e0\u05d5\u05bc, \u05e9\u05c1\u05b6\u05d9\u05bc\u05b4\u05e8\u05b0\u05d1\u05bc\u05d5\u05bc \u05d6\u05b8\u05db\u05b4\u05d9\u05bc\u05d5\u05b9\u05ea\u05b5\u05d9\u05e0\u05d5\u05bc \u05db\u05bc\u05b8\u05e8\u05b4\u05de\u05bc\u05d5\u05b9\u05df<\/p>\n<p>Y\u00e9hi ratsone milefanekha Ado-na\u00ef Elo-h\u00e9nou vElo-h\u00e9 avot\u00e9nou, ch\u00e9yirbou zakhiyot\u00e9nou karimone (<small><em>phonetics in French)<\/em><\/small><\/p>\n<p><i>May it be Your will, Lord our G\u2011d and the G\u2011d of our fathers<\/i><em>, that our merits multiply like [the seeds of] the pomegranate.<\/em><\/p>\n<p><strong>AUDIO 9 :&nbsp;<\/strong><b>Blessing of the Pomegranate &#8211; Version 2 &#8211; Avner Azoulay<\/b><\/p>\n<audio class=\"wp-audio-shortcode\" id=\"audio-87247-9\" preload=\"none\" style=\"width: 100%;\" controls=\"controls\"><source type=\"audio\/mpeg\" src=\"https:\/\/www.iemj.org\/wp-content\/uploads\/2022\/09\/09_Benediction-de-la-grenade_variante-2_Avner-Azoulay.mp3?_=9\" \/><a href=\"https:\/\/www.iemj.org\/wp-content\/uploads\/2022\/09\/09_Benediction-de-la-grenade_variante-2_Avner-Azoulay.mp3\">https:\/\/www.iemj.org\/wp-content\/uploads\/2022\/09\/09_Benediction-de-la-grenade_variante-2_Avner-Azoulay.mp3<\/a><\/audio>\n<ul>\n<li>Apple and Honey (\u05ea\u05e4\u05d5\u05d7 \u05d1\u05d3\u05d1\u05e9)<\/li>\n<\/ul>\n<p>Dip an apple in honey \u2013 some have the custom of using an apple cooked with sugar \u2013 and say:<\/p>\n<p>\u05d9\u05b0\u05d4\u05b4\u05d9 \u05e8\u05b8\u05e6\u05d5\u05b9\u05df \u05de\u05b4\u05dc\u05bc\u05b0\u05e4\u05b8\u05e0\u05b6\u05d9\u05da\u05b8 \u05d4&#8217; \u05d0\u05b1\u05dc\u05b9\u05d4\u05d9\u05e0\u05d5\u05bc \u05d5\u05b5\u05d0\u05dc\u05b9\u05b5\u05d4\u05d9 \u05d0\u05b2\u05d1\u05d5\u05b9\u05ea\u05b5\u05d9\u05e0\u05d5\u05bc, \u05e9\u05c1\u05b6\u05ea\u05bc\u05b0\u05d7\u05b7\u05d3\u05bc\u05b5\u05e9\u05c1 \u05e2\u05b8\u05dc\u05b5\u05d9\u05e0\u05d5\u05bc \u05e9\u05c1\u05b8\u05e0\u05b8\u05d4 \u05d8\u05d5\u05b9\u05d1\u05b8\u05d4 \u05d5\u05bc\u05de\u05b0\u05ea\u05d5\u05bc\u05e7\u05b8\u05d4 \u05db\u05bc\u05b7\u05d3\u05bc\u05b0\u05d1\u05b8\u05e9\u05c1<\/p>\n<p>Y\u00e9hi ratsone milefanekha Ado-na\u00ef Elo-h\u00e9nou vElo-h\u00e9 avot\u00e9nou, ch\u00e9te&#8217;hadech al\u00e9nou chana tova oumetouka kadevach (<small><em>phonetics in French)<\/em><\/small><\/p>\n<p><i>May it be Your will, Lord our G\u2011d and the G\u2011d of our fathers, that You renew for us a year good and sweet like honey.<\/i><\/p>\n<p><b>AUDIO 10 : Blessing of the Apple &#8211; Avner Azoulay<\/b><\/p>\n<audio class=\"wp-audio-shortcode\" id=\"audio-87247-10\" preload=\"none\" style=\"width: 100%;\" controls=\"controls\"><source type=\"audio\/mpeg\" src=\"https:\/\/www.iemj.org\/wp-content\/uploads\/2022\/09\/10_Benediction-de-la-pomme_Avner-Azoulay.mp3?_=10\" \/><a href=\"https:\/\/www.iemj.org\/wp-content\/uploads\/2022\/09\/10_Benediction-de-la-pomme_Avner-Azoulay.mp3\">https:\/\/www.iemj.org\/wp-content\/uploads\/2022\/09\/10_Benediction-de-la-pomme_Avner-Azoulay.mp3<\/a><\/audio>\n<ul>\n<li>Ram&#8217;s Head (or the head of another <span class=\"glossary_item\">kosher<\/span> animal or fish) (\u05e8\u05d0\u05e9 \u05db\u05d1\u05e9)<\/li>\n<\/ul>\n<p>Take some flesh and sing the following blessing:<\/p>\n<p>\u05d9\u05b0\u05d4\u05b4\u05d9 \u05e8\u05b8\u05e6\u05d5\u05b9\u05df \u05de\u05b4\u05dc\u05bc\u05b0\u05e4\u05b8\u05e0\u05b6\u05d9\u05da\u05b8 \u05d4&#8217; \u05d0\u05b1\u05dc\u05b9\u05d4\u05d9\u05e0\u05d5\u05bc \u05d5\u05b5\u05d0\u05dc\u05b9\u05b5\u05d4\u05d9 \u05d0\u05b2\u05d1\u05d5\u05b9\u05ea\u05b5\u05d9\u05e0\u05d5\u05bc, \u05e9\u05c1\u05b6\u05e0\u05bc\u05b4\u05d4\u05b0\u05d9\u05b6\u05d4 \u05dc\u05b0\u05e8\u05b9\u05d0\u05e9\u05c1 \u05d5\u05b0\u05dc\u05b9\u05d0 \u05dc\u05b0\u05d6\u05b8\u05e0\u05b8\u05d1<\/p>\n<p>Y\u00e9hi ratsone milefanekha Ado-na\u00ef Elo-h\u00e9nou vElo-h\u00e9 avot\u00e9nou, ch\u00e9nihy\u00e9 leroch velo lezanav (<small><em>phonetics in French)<\/em><\/small><\/p>\n<p><i>May it be Your will, Lord our G\u2011d and the G\u2011d of our fathers, that we be a head and not a tail.<\/i><\/p>\n<p><b>AUDIO 11 : Blessing of the head of a ram (or a fish) &#8211; Avner Azoulay<\/b><\/p>\n<audio class=\"wp-audio-shortcode\" id=\"audio-87247-11\" preload=\"none\" style=\"width: 100%;\" controls=\"controls\"><source type=\"audio\/mpeg\" src=\"https:\/\/www.iemj.org\/wp-content\/uploads\/2022\/09\/11_Benediction-de-la-tete-de-poisson-ou-belier_Avner-Azoulay.mp3?_=11\" \/><a href=\"https:\/\/www.iemj.org\/wp-content\/uploads\/2022\/09\/11_Benediction-de-la-tete-de-poisson-ou-belier_Avner-Azoulay.mp3\">https:\/\/www.iemj.org\/wp-content\/uploads\/2022\/09\/11_Benediction-de-la-tete-de-poisson-ou-belier_Avner-Azoulay.mp3<\/a><\/audio>\n<p>The following is added only over the head of a ram:<\/p>\n<p>\u05d5\u05b0\u05ea\u05b4\u05d6\u05b0\u05db\u05bc\u05b9\u05e8 \u05dc\u05b8\u05e0\u05d5\u05bc \u05e2\u05b2\u05e7\u05b5\u05d3\u05b8\u05ea\u05d5\u05b9 \u05d5\u05b0\u05d0\u05b5\u05d9\u05dc\u05d5\u05b9 \u05e9\u05c1\u05b6\u05dc \u05d9\u05b4\u05e6\u05b0\u05d7\u05b8\u05e7 \u05d0\u05b8\u05d1\u05b4\u05d9\u05e0\u05d5\u05bc \u05d1\u05bc\u05b6\u05df \u05d0\u05b7\u05d1\u05b0\u05e8\u05b8\u05d4\u05b8\u05dd \u05d0\u05b8\u05d1\u05b4\u05d9\u05e0\u05d5\u05bc \u05e2\u05b7\u05dc\u05b5\u05d9\u05d4\u05b6\u05dd \u05d4\u05b7\u05e9\u05bc\u05c1\u05b8\u05dc\u05d5\u05b9\u05dd<\/p>\n<p>&#8230;vetizkor lanou ak\u00e9dato chel Yits&#8217;hak avinou ben Avraham avinou al\u00e9h\u00e8m hachalom (<small><em>phonetics in French)<\/em><\/small><\/p>\n<p><i>\u2026And You shall remember for us the binding and the ram of our forefather <span class=\"glossary_item\">Isaac<\/span>, the son of our forefather <span class=\"glossary_item\">Abraham<\/span>, peace be onto them.<\/i><\/p>\n<p><b>AUDIO 12 : Blessing of the head of a ram &#8211; 2nd part &#8211; Avner Azoulay<\/b><\/p>\n<audio class=\"wp-audio-shortcode\" id=\"audio-87247-12\" preload=\"none\" style=\"width: 100%;\" controls=\"controls\"><source type=\"audio\/mpeg\" src=\"https:\/\/www.iemj.org\/wp-content\/uploads\/2022\/09\/12_Benediction-tete-de-belier-2nde-partie_Avner-Azoulay.mp3?_=12\" \/><a href=\"https:\/\/www.iemj.org\/wp-content\/uploads\/2022\/09\/12_Benediction-tete-de-belier-2nde-partie_Avner-Azoulay.mp3\">https:\/\/www.iemj.org\/wp-content\/uploads\/2022\/09\/12_Benediction-tete-de-belier-2nde-partie_Avner-Azoulay.mp3<\/a><\/audio>\n<p>You will find in the player below the recordings of these blessings slightly more ornate in the traditional Moroccan rite.<\/p>\n<p>Enjoy, and \u2026 Shana Tovah!<\/p>\n<p><a href=\"https:\/\/www.iemj.org\/en\/sujet\/rosh-hashanah-en\/\" target=\"_blank\" rel=\"noopener\">Browse other articles on our website about Rosh Hashanah music<\/a><\/p>\n<p><a href=\"http:\/\/www.rachelnet.net\/F\/?func=find-c&amp;ccl_term=WRD+%3D+rosh+hashana&amp;local_base=iemcg\" target=\"_blank\" rel=\"noopener\">Consult our musical collections on Rosh Hashanah<\/a><\/p>\n","protected":false},"excerpt":{"rendered":"<p>Rosh Hashanah (\u05e8\u05d0\u05e9 \u05d4\u05e9\u05e0\u05d4) is a holiday marking the beginning of the Jewish New Year. It is celebrated, in Israel as well as in the Diaspora, on the first two<\/p>\n","protected":false},"author":5,"featured_media":87132,"comment_status":"closed","ping_status":"closed","sticky":false,"template":"","format":"standard","meta":{"_acf_changed":false,"footnotes":""},"categories":[950,938],"tags":[],"technique":[],"squelettes":[],"sujet":[1849],"formation":[],"genre":[],"fonds":[],"tradition":[],"type-de-contenu":[],"interprete-compositeur":[],"frise":[],"type-devenement":[],"tableaux-liens-externes":[],"class_list":["post-87247","post","type-post","status-publish","format-standard","has-post-thumbnail","hentry","category-feature-articles-en","category-religious-music-en","sujet-rosh-hashanah-en"],"acf":[],"yoast_head":"<!-- This site is optimized with the Yoast SEO plugin v27.3 - https:\/\/yoast.com\/product\/yoast-seo-wordpress\/ -->\n<title>Rosh Hashanah Seder among North African Jews - Institut Europ\u00e9en des Musiques Juives<\/title>\n<meta name=\"robots\" content=\"index, follow, max-snippet:-1, max-image-preview:large, max-video-preview:-1\" \/>\n<link rel=\"canonical\" href=\"https:\/\/www.iemj.org\/en\/le-seder-de-roch-hachana-chez-les-juifs-d-afrique-du-nord\/\" \/>\n<meta property=\"og:locale\" content=\"en_US\" \/>\n<meta property=\"og:type\" content=\"article\" \/>\n<meta property=\"og:title\" content=\"Rosh Hashanah Seder among North African Jews - Institut Europ\u00e9en des Musiques Juives\" \/>\n<meta property=\"og:description\" content=\"Rosh Hashanah (\u05e8\u05d0\u05e9 \u05d4\u05e9\u05e0\u05d4) is a holiday marking the beginning of the Jewish New Year. It is celebrated, in Israel as well as in the Diaspora, on the first two\" \/>\n<meta property=\"og:url\" content=\"https:\/\/www.iemj.org\/en\/le-seder-de-roch-hachana-chez-les-juifs-d-afrique-du-nord\/\" \/>\n<meta property=\"og:site_name\" content=\"Institut Europ\u00e9en des Musiques Juives\" \/>\n<meta property=\"article:publisher\" content=\"https:\/\/www.facebook.com\/MusiquesJuives\/\" \/>\n<meta property=\"article:published_time\" content=\"2022-09-13T15:21:31+00:00\" \/>\n<meta property=\"article:modified_time\" content=\"2022-12-14T18:15:25+00:00\" \/>\n<meta property=\"og:image\" content=\"https:\/\/www.iemj.org\/wp-content\/uploads\/2022\/09\/Logo-Roch-Hachana.jpg\" \/>\n\t<meta property=\"og:image:width\" content=\"500\" \/>\n\t<meta property=\"og:image:height\" content=\"500\" \/>\n\t<meta property=\"og:image:type\" content=\"image\/jpeg\" \/>\n<meta name=\"author\" content=\"Jacqueline ROTEN\" \/>\n<meta name=\"twitter:card\" content=\"summary_large_image\" \/>\n<meta name=\"twitter:label1\" content=\"Written by\" \/>\n\t<meta name=\"twitter:data1\" content=\"Jacqueline ROTEN\" \/>\n\t<meta name=\"twitter:label2\" content=\"Est. reading time\" \/>\n\t<meta name=\"twitter:data2\" content=\"7 minutes\" \/>\n<script type=\"application\/ld+json\" class=\"yoast-schema-graph\">{\"@context\":\"https:\\\/\\\/schema.org\",\"@graph\":[{\"@type\":\"Article\",\"@id\":\"https:\\\/\\\/www.iemj.org\\\/en\\\/le-seder-de-roch-hachana-chez-les-juifs-d-afrique-du-nord\\\/#article\",\"isPartOf\":{\"@id\":\"https:\\\/\\\/www.iemj.org\\\/en\\\/le-seder-de-roch-hachana-chez-les-juifs-d-afrique-du-nord\\\/\"},\"author\":{\"name\":\"Jacqueline ROTEN\",\"@id\":\"https:\\\/\\\/www.iemj.org\\\/en\\\/#\\\/schema\\\/person\\\/358e26c18aca017fcc4cc15437f7279c\"},\"headline\":\"Rosh Hashanah Seder among North African Jews\",\"datePublished\":\"2022-09-13T15:21:31+00:00\",\"dateModified\":\"2022-12-14T18:15:25+00:00\",\"mainEntityOfPage\":{\"@id\":\"https:\\\/\\\/www.iemj.org\\\/en\\\/le-seder-de-roch-hachana-chez-les-juifs-d-afrique-du-nord\\\/\"},\"wordCount\":1323,\"publisher\":{\"@id\":\"https:\\\/\\\/www.iemj.org\\\/en\\\/#organization\"},\"image\":{\"@id\":\"https:\\\/\\\/www.iemj.org\\\/en\\\/le-seder-de-roch-hachana-chez-les-juifs-d-afrique-du-nord\\\/#primaryimage\"},\"thumbnailUrl\":\"https:\\\/\\\/www.iemj.org\\\/wp-content\\\/uploads\\\/2022\\\/09\\\/Logo-Roch-Hachana.jpg\",\"articleSection\":[\"Feature articles\",\"Religious music\"],\"inLanguage\":\"en-US\"},{\"@type\":\"WebPage\",\"@id\":\"https:\\\/\\\/www.iemj.org\\\/en\\\/le-seder-de-roch-hachana-chez-les-juifs-d-afrique-du-nord\\\/\",\"url\":\"https:\\\/\\\/www.iemj.org\\\/en\\\/le-seder-de-roch-hachana-chez-les-juifs-d-afrique-du-nord\\\/\",\"name\":\"Rosh Hashanah Seder among North African Jews - Institut Europ\u00e9en des Musiques Juives\",\"isPartOf\":{\"@id\":\"https:\\\/\\\/www.iemj.org\\\/en\\\/#website\"},\"primaryImageOfPage\":{\"@id\":\"https:\\\/\\\/www.iemj.org\\\/en\\\/le-seder-de-roch-hachana-chez-les-juifs-d-afrique-du-nord\\\/#primaryimage\"},\"image\":{\"@id\":\"https:\\\/\\\/www.iemj.org\\\/en\\\/le-seder-de-roch-hachana-chez-les-juifs-d-afrique-du-nord\\\/#primaryimage\"},\"thumbnailUrl\":\"https:\\\/\\\/www.iemj.org\\\/wp-content\\\/uploads\\\/2022\\\/09\\\/Logo-Roch-Hachana.jpg\",\"datePublished\":\"2022-09-13T15:21:31+00:00\",\"dateModified\":\"2022-12-14T18:15:25+00:00\",\"breadcrumb\":{\"@id\":\"https:\\\/\\\/www.iemj.org\\\/en\\\/le-seder-de-roch-hachana-chez-les-juifs-d-afrique-du-nord\\\/#breadcrumb\"},\"inLanguage\":\"en-US\",\"potentialAction\":[{\"@type\":\"ReadAction\",\"target\":[\"https:\\\/\\\/www.iemj.org\\\/en\\\/le-seder-de-roch-hachana-chez-les-juifs-d-afrique-du-nord\\\/\"]}]},{\"@type\":\"ImageObject\",\"inLanguage\":\"en-US\",\"@id\":\"https:\\\/\\\/www.iemj.org\\\/en\\\/le-seder-de-roch-hachana-chez-les-juifs-d-afrique-du-nord\\\/#primaryimage\",\"url\":\"https:\\\/\\\/www.iemj.org\\\/wp-content\\\/uploads\\\/2022\\\/09\\\/Logo-Roch-Hachana.jpg\",\"contentUrl\":\"https:\\\/\\\/www.iemj.org\\\/wp-content\\\/uploads\\\/2022\\\/09\\\/Logo-Roch-Hachana.jpg\",\"width\":500,\"height\":500},{\"@type\":\"BreadcrumbList\",\"@id\":\"https:\\\/\\\/www.iemj.org\\\/en\\\/le-seder-de-roch-hachana-chez-les-juifs-d-afrique-du-nord\\\/#breadcrumb\",\"itemListElement\":[{\"@type\":\"ListItem\",\"position\":1,\"name\":\"Accueil\",\"item\":\"https:\\\/\\\/www.iemj.org\\\/en\\\/\"},{\"@type\":\"ListItem\",\"position\":2,\"name\":\"Rosh Hashanah Seder among North African Jews\"}]},{\"@type\":\"WebSite\",\"@id\":\"https:\\\/\\\/www.iemj.org\\\/en\\\/#website\",\"url\":\"https:\\\/\\\/www.iemj.org\\\/en\\\/\",\"name\":\"Institut Europ\u00e9en des Musiques Juives\",\"description\":\"Des traditions musicales \u00e0 la port\u00e9e de tous\",\"publisher\":{\"@id\":\"https:\\\/\\\/www.iemj.org\\\/en\\\/#organization\"},\"potentialAction\":[{\"@type\":\"SearchAction\",\"target\":{\"@type\":\"EntryPoint\",\"urlTemplate\":\"https:\\\/\\\/www.iemj.org\\\/en\\\/?s={search_term_string}\"},\"query-input\":{\"@type\":\"PropertyValueSpecification\",\"valueRequired\":true,\"valueName\":\"search_term_string\"}}],\"inLanguage\":\"en-US\"},{\"@type\":\"Organization\",\"@id\":\"https:\\\/\\\/www.iemj.org\\\/en\\\/#organization\",\"name\":\"Institut Europ\u00e9en des Musiques Juives\",\"url\":\"https:\\\/\\\/www.iemj.org\\\/en\\\/\",\"logo\":{\"@type\":\"ImageObject\",\"inLanguage\":\"en-US\",\"@id\":\"https:\\\/\\\/www.iemj.org\\\/en\\\/#\\\/schema\\\/logo\\\/image\\\/\",\"url\":\"https:\\\/\\\/www.iemj.org\\\/wp-content\\\/uploads\\\/2021\\\/09\\\/Logo-IEMJ-Paypal.jpg\",\"contentUrl\":\"https:\\\/\\\/www.iemj.org\\\/wp-content\\\/uploads\\\/2021\\\/09\\\/Logo-IEMJ-Paypal.jpg\",\"width\":150,\"height\":50,\"caption\":\"Institut Europ\u00e9en des Musiques Juives\"},\"image\":{\"@id\":\"https:\\\/\\\/www.iemj.org\\\/en\\\/#\\\/schema\\\/logo\\\/image\\\/\"},\"sameAs\":[\"https:\\\/\\\/www.facebook.com\\\/MusiquesJuives\\\/\",\"https:\\\/\\\/www.instagram.com\\\/musiquesjuives\\\/\",\"https:\\\/\\\/www.youtube.com\\\/user\\\/musiquesjuives\"]},{\"@type\":\"Person\",\"@id\":\"https:\\\/\\\/www.iemj.org\\\/en\\\/#\\\/schema\\\/person\\\/358e26c18aca017fcc4cc15437f7279c\",\"name\":\"Jacqueline ROTEN\",\"image\":{\"@type\":\"ImageObject\",\"inLanguage\":\"en-US\",\"@id\":\"https:\\\/\\\/secure.gravatar.com\\\/avatar\\\/5964256d6c6957de3a3505278957e0fb2a35119ac47ea41827a65301213c810b?s=96&d=mm&r=g\",\"url\":\"https:\\\/\\\/secure.gravatar.com\\\/avatar\\\/5964256d6c6957de3a3505278957e0fb2a35119ac47ea41827a65301213c810b?s=96&d=mm&r=g\",\"contentUrl\":\"https:\\\/\\\/secure.gravatar.com\\\/avatar\\\/5964256d6c6957de3a3505278957e0fb2a35119ac47ea41827a65301213c810b?s=96&d=mm&r=g\",\"caption\":\"Jacqueline ROTEN\"}}]}<\/script>\n<!-- \/ Yoast SEO plugin. -->","yoast_head_json":{"title":"Rosh Hashanah Seder among North African Jews - Institut Europ\u00e9en des Musiques Juives","robots":{"index":"index","follow":"follow","max-snippet":"max-snippet:-1","max-image-preview":"max-image-preview:large","max-video-preview":"max-video-preview:-1"},"canonical":"https:\/\/www.iemj.org\/en\/le-seder-de-roch-hachana-chez-les-juifs-d-afrique-du-nord\/","og_locale":"en_US","og_type":"article","og_title":"Rosh Hashanah Seder among North African Jews - Institut Europ\u00e9en des Musiques Juives","og_description":"Rosh Hashanah (\u05e8\u05d0\u05e9 \u05d4\u05e9\u05e0\u05d4) is a holiday marking the beginning of the Jewish New Year. It is celebrated, in Israel as well as in the Diaspora, on the first two","og_url":"https:\/\/www.iemj.org\/en\/le-seder-de-roch-hachana-chez-les-juifs-d-afrique-du-nord\/","og_site_name":"Institut Europ\u00e9en des Musiques Juives","article_publisher":"https:\/\/www.facebook.com\/MusiquesJuives\/","article_published_time":"2022-09-13T15:21:31+00:00","article_modified_time":"2022-12-14T18:15:25+00:00","og_image":[{"width":500,"height":500,"url":"https:\/\/www.iemj.org\/wp-content\/uploads\/2022\/09\/Logo-Roch-Hachana.jpg","type":"image\/jpeg"}],"author":"Jacqueline ROTEN","twitter_card":"summary_large_image","twitter_misc":{"Written by":"Jacqueline ROTEN","Est. reading time":"7 minutes"},"schema":{"@context":"https:\/\/schema.org","@graph":[{"@type":"Article","@id":"https:\/\/www.iemj.org\/en\/le-seder-de-roch-hachana-chez-les-juifs-d-afrique-du-nord\/#article","isPartOf":{"@id":"https:\/\/www.iemj.org\/en\/le-seder-de-roch-hachana-chez-les-juifs-d-afrique-du-nord\/"},"author":{"name":"Jacqueline ROTEN","@id":"https:\/\/www.iemj.org\/en\/#\/schema\/person\/358e26c18aca017fcc4cc15437f7279c"},"headline":"Rosh Hashanah Seder among North African Jews","datePublished":"2022-09-13T15:21:31+00:00","dateModified":"2022-12-14T18:15:25+00:00","mainEntityOfPage":{"@id":"https:\/\/www.iemj.org\/en\/le-seder-de-roch-hachana-chez-les-juifs-d-afrique-du-nord\/"},"wordCount":1323,"publisher":{"@id":"https:\/\/www.iemj.org\/en\/#organization"},"image":{"@id":"https:\/\/www.iemj.org\/en\/le-seder-de-roch-hachana-chez-les-juifs-d-afrique-du-nord\/#primaryimage"},"thumbnailUrl":"https:\/\/www.iemj.org\/wp-content\/uploads\/2022\/09\/Logo-Roch-Hachana.jpg","articleSection":["Feature articles","Religious music"],"inLanguage":"en-US"},{"@type":"WebPage","@id":"https:\/\/www.iemj.org\/en\/le-seder-de-roch-hachana-chez-les-juifs-d-afrique-du-nord\/","url":"https:\/\/www.iemj.org\/en\/le-seder-de-roch-hachana-chez-les-juifs-d-afrique-du-nord\/","name":"Rosh Hashanah Seder among North African Jews - Institut Europ\u00e9en des Musiques Juives","isPartOf":{"@id":"https:\/\/www.iemj.org\/en\/#website"},"primaryImageOfPage":{"@id":"https:\/\/www.iemj.org\/en\/le-seder-de-roch-hachana-chez-les-juifs-d-afrique-du-nord\/#primaryimage"},"image":{"@id":"https:\/\/www.iemj.org\/en\/le-seder-de-roch-hachana-chez-les-juifs-d-afrique-du-nord\/#primaryimage"},"thumbnailUrl":"https:\/\/www.iemj.org\/wp-content\/uploads\/2022\/09\/Logo-Roch-Hachana.jpg","datePublished":"2022-09-13T15:21:31+00:00","dateModified":"2022-12-14T18:15:25+00:00","breadcrumb":{"@id":"https:\/\/www.iemj.org\/en\/le-seder-de-roch-hachana-chez-les-juifs-d-afrique-du-nord\/#breadcrumb"},"inLanguage":"en-US","potentialAction":[{"@type":"ReadAction","target":["https:\/\/www.iemj.org\/en\/le-seder-de-roch-hachana-chez-les-juifs-d-afrique-du-nord\/"]}]},{"@type":"ImageObject","inLanguage":"en-US","@id":"https:\/\/www.iemj.org\/en\/le-seder-de-roch-hachana-chez-les-juifs-d-afrique-du-nord\/#primaryimage","url":"https:\/\/www.iemj.org\/wp-content\/uploads\/2022\/09\/Logo-Roch-Hachana.jpg","contentUrl":"https:\/\/www.iemj.org\/wp-content\/uploads\/2022\/09\/Logo-Roch-Hachana.jpg","width":500,"height":500},{"@type":"BreadcrumbList","@id":"https:\/\/www.iemj.org\/en\/le-seder-de-roch-hachana-chez-les-juifs-d-afrique-du-nord\/#breadcrumb","itemListElement":[{"@type":"ListItem","position":1,"name":"Accueil","item":"https:\/\/www.iemj.org\/en\/"},{"@type":"ListItem","position":2,"name":"Rosh Hashanah Seder among North African Jews"}]},{"@type":"WebSite","@id":"https:\/\/www.iemj.org\/en\/#website","url":"https:\/\/www.iemj.org\/en\/","name":"Institut Europ\u00e9en des Musiques Juives","description":"Des traditions musicales \u00e0 la port\u00e9e de tous","publisher":{"@id":"https:\/\/www.iemj.org\/en\/#organization"},"potentialAction":[{"@type":"SearchAction","target":{"@type":"EntryPoint","urlTemplate":"https:\/\/www.iemj.org\/en\/?s={search_term_string}"},"query-input":{"@type":"PropertyValueSpecification","valueRequired":true,"valueName":"search_term_string"}}],"inLanguage":"en-US"},{"@type":"Organization","@id":"https:\/\/www.iemj.org\/en\/#organization","name":"Institut Europ\u00e9en des Musiques Juives","url":"https:\/\/www.iemj.org\/en\/","logo":{"@type":"ImageObject","inLanguage":"en-US","@id":"https:\/\/www.iemj.org\/en\/#\/schema\/logo\/image\/","url":"https:\/\/www.iemj.org\/wp-content\/uploads\/2021\/09\/Logo-IEMJ-Paypal.jpg","contentUrl":"https:\/\/www.iemj.org\/wp-content\/uploads\/2021\/09\/Logo-IEMJ-Paypal.jpg","width":150,"height":50,"caption":"Institut Europ\u00e9en des Musiques Juives"},"image":{"@id":"https:\/\/www.iemj.org\/en\/#\/schema\/logo\/image\/"},"sameAs":["https:\/\/www.facebook.com\/MusiquesJuives\/","https:\/\/www.instagram.com\/musiquesjuives\/","https:\/\/www.youtube.com\/user\/musiquesjuives"]},{"@type":"Person","@id":"https:\/\/www.iemj.org\/en\/#\/schema\/person\/358e26c18aca017fcc4cc15437f7279c","name":"Jacqueline ROTEN","image":{"@type":"ImageObject","inLanguage":"en-US","@id":"https:\/\/secure.gravatar.com\/avatar\/5964256d6c6957de3a3505278957e0fb2a35119ac47ea41827a65301213c810b?s=96&d=mm&r=g","url":"https:\/\/secure.gravatar.com\/avatar\/5964256d6c6957de3a3505278957e0fb2a35119ac47ea41827a65301213c810b?s=96&d=mm&r=g","contentUrl":"https:\/\/secure.gravatar.com\/avatar\/5964256d6c6957de3a3505278957e0fb2a35119ac47ea41827a65301213c810b?s=96&d=mm&r=g","caption":"Jacqueline ROTEN"}}]}},"_links":{"self":[{"href":"https:\/\/www.iemj.org\/en\/wp-json\/wp\/v2\/posts\/87247","targetHints":{"allow":["GET"]}}],"collection":[{"href":"https:\/\/www.iemj.org\/en\/wp-json\/wp\/v2\/posts"}],"about":[{"href":"https:\/\/www.iemj.org\/en\/wp-json\/wp\/v2\/types\/post"}],"author":[{"embeddable":true,"href":"https:\/\/www.iemj.org\/en\/wp-json\/wp\/v2\/users\/5"}],"replies":[{"embeddable":true,"href":"https:\/\/www.iemj.org\/en\/wp-json\/wp\/v2\/comments?post=87247"}],"version-history":[{"count":0,"href":"https:\/\/www.iemj.org\/en\/wp-json\/wp\/v2\/posts\/87247\/revisions"}],"wp:featuredmedia":[{"embeddable":true,"href":"https:\/\/www.iemj.org\/en\/wp-json\/wp\/v2\/media\/87132"}],"wp:attachment":[{"href":"https:\/\/www.iemj.org\/en\/wp-json\/wp\/v2\/media?parent=87247"}],"wp:term":[{"taxonomy":"category","embeddable":true,"href":"https:\/\/www.iemj.org\/en\/wp-json\/wp\/v2\/categories?post=87247"},{"taxonomy":"post_tag","embeddable":true,"href":"https:\/\/www.iemj.org\/en\/wp-json\/wp\/v2\/tags?post=87247"},{"taxonomy":"technique","embeddable":true,"href":"https:\/\/www.iemj.org\/en\/wp-json\/wp\/v2\/technique?post=87247"},{"taxonomy":"squelettes","embeddable":true,"href":"https:\/\/www.iemj.org\/en\/wp-json\/wp\/v2\/squelettes?post=87247"},{"taxonomy":"sujet","embeddable":true,"href":"https:\/\/www.iemj.org\/en\/wp-json\/wp\/v2\/sujet?post=87247"},{"taxonomy":"formation","embeddable":true,"href":"https:\/\/www.iemj.org\/en\/wp-json\/wp\/v2\/formation?post=87247"},{"taxonomy":"genre","embeddable":true,"href":"https:\/\/www.iemj.org\/en\/wp-json\/wp\/v2\/genre?post=87247"},{"taxonomy":"fonds","embeddable":true,"href":"https:\/\/www.iemj.org\/en\/wp-json\/wp\/v2\/fonds?post=87247"},{"taxonomy":"tradition","embeddable":true,"href":"https:\/\/www.iemj.org\/en\/wp-json\/wp\/v2\/tradition?post=87247"},{"taxonomy":"type-de-contenu","embeddable":true,"href":"https:\/\/www.iemj.org\/en\/wp-json\/wp\/v2\/type-de-contenu?post=87247"},{"taxonomy":"interprete-compositeur","embeddable":true,"href":"https:\/\/www.iemj.org\/en\/wp-json\/wp\/v2\/interprete-compositeur?post=87247"},{"taxonomy":"frise","embeddable":true,"href":"https:\/\/www.iemj.org\/en\/wp-json\/wp\/v2\/frise?post=87247"},{"taxonomy":"type-devenement","embeddable":true,"href":"https:\/\/www.iemj.org\/en\/wp-json\/wp\/v2\/type-devenement?post=87247"},{"taxonomy":"tableaux-liens-externes","embeddable":true,"href":"https:\/\/www.iemj.org\/en\/wp-json\/wp\/v2\/tableaux-liens-externes?post=87247"}],"curies":[{"name":"wp","href":"https:\/\/api.w.org\/{rel}","templated":true}]}}