{"id":89878,"date":"2022-11-14T17:35:48","date_gmt":"2022-11-14T16:35:48","guid":{"rendered":"https:\/\/www.iemj.org\/des-prieres-sur-lair-de-la-marseillaise\/"},"modified":"2022-11-17T12:07:50","modified_gmt":"2022-11-17T11:07:50","slug":"des-prieres-sur-lair-de-la-marseillaise","status":"publish","type":"post","link":"https:\/\/www.iemj.org\/en\/des-prieres-sur-lair-de-la-marseillaise\/","title":{"rendered":"<strong>Prayers to the tune of La Marseillaise!<\/strong>"},"content":{"rendered":"<p>The Jewish liturgy is full of surprises! In 1993, while I was coordinating the activities of the Yuval Association for the preservation of Jewish musical traditions, under the direction of the musicologist Israel Adler, I was contacted by the producer of France Culture, Marie-Dominique Arrighi, who was preparing a series of radio programs on the theme of integration and the acquisition of French nationality<span class=\"footnote_referrer\"><a role=\"button\" tabindex=\"0\" onclick=\"footnote_moveToReference_89878_1('footnote_plugin_reference_89878_1_1');\" onkeypress=\"footnote_moveToReference_89878_1('footnote_plugin_reference_89878_1_1');\" ><sup id=\"footnote_plugin_tooltip_89878_1_1\" class=\"footnote_plugin_tooltip_text\">[1]<\/sup><\/a><span id=\"footnote_plugin_tooltip_text_89878_1_1\" class=\"footnote_tooltip\">The four weekly <em>Nuits magn\u00e9tiques<\/em> programs by Marie-Dominique Arrighi on the theme of &#8220;Becoming French&#8221; were broadcast on France Culture from April 20, 1993.<\/span><\/span><script type=\"text\/javascript\"> jQuery('#footnote_plugin_tooltip_89878_1_1').tooltip({ tip: '#footnote_plugin_tooltip_text_89878_1_1', tipClass: 'footnote_tooltip', effect: 'fade', predelay: 0, fadeInSpeed: 200, delay: 400, fadeOutSpeed: 200, position: 'top center', relative: true, offset: [-7, 0], });<\/script>.<\/p>\n<p>During an interview with Professor Ady Steg, President of the Alliance Isra\u00e9lite Universelle, the latter had told her that the emancipation of Eastern European Jews had been achieved thanks to the French Revolution and the Napoleonic conquests. The Orthodox and Hasidic Jews, then free to express their faith outside the ghettos, would have paid tribute to their liberators by using the music of the Marseillaise to sing some of their prayers.<\/p>\n<figure id=\"attachment_89855\" aria-describedby=\"caption-attachment-89855\" style=\"width: 300px\" class=\"wp-caption alignright\"><img fetchpriority=\"high\" decoding=\"async\" class=\"wp-image-89855 \" src=\"https:\/\/www.iemj.org\/wp-content\/uploads\/2022\/11\/Rouget-des-Lisle-chantant-la-Marseillaise-pour-la-1ere-fois_peinture-dIsidore-Pils-1849-300x242.jpg\" alt=\"\" width=\"300\" height=\"242\" srcset=\"https:\/\/www.iemj.org\/wp-content\/uploads\/2022\/11\/Rouget-des-Lisle-chantant-la-Marseillaise-pour-la-1ere-fois_peinture-dIsidore-Pils-1849-300x242.jpg 300w, https:\/\/www.iemj.org\/wp-content\/uploads\/2022\/11\/Rouget-des-Lisle-chantant-la-Marseillaise-pour-la-1ere-fois_peinture-dIsidore-Pils-1849.jpg 500w\" sizes=\"(max-width: 300px) 100vw, 300px\" \/><figcaption id=\"caption-attachment-89855\" class=\"wp-caption-text\"><strong>Rouget de Lisle singing the Marseillaise for the first time (painting by Isidore Pils, 1849)<\/strong><\/figcaption><\/figure>\n<p>Although there are several Napoleonic marches in Hasidic music, I had never encountered a tune as emblematic as the Marseillaise before. After an investigation in the Paris Lubavitch circles, it appeared that a Shabbat morning piyyut, <em>Haaderet vehaemuna<\/em>, was indeed sung to the first part of the Marseillaise melody! Intrigued by this unorthodox borrowing, I asked my informant about the origin of this tune. According to him, its introduction in the liturgy was relatively recent, but he could not give me more details.<\/p>\n<p>I then contacted the Jerusalem Lubavitch community through Israel Adler, Yaakov Mazor and Gila Flam, the current director of the Israel National Sound Archives. After a short investigation, they were able to obtain the following explanations. In 1973, when the Habad movement was still not very widespread in France, a hundred or so French Jews went to the <strong>Rebbe of Lubavitch<\/strong> in New York for the High Holidays. <img decoding=\"async\" class=\" wp-image-89851 alignleft\" src=\"https:\/\/www.iemj.org\/wp-content\/uploads\/2022\/11\/Le-Rabbi-de-loubavitch-259x300.jpg\" alt=\"\" width=\"250\" height=\"290\" srcset=\"https:\/\/www.iemj.org\/wp-content\/uploads\/2022\/11\/Le-Rabbi-de-loubavitch-259x300.jpg 259w, https:\/\/www.iemj.org\/wp-content\/uploads\/2022\/11\/Le-Rabbi-de-loubavitch.jpg 498w\" sizes=\"(max-width: 250px) 100vw, 250px\" \/>The Rebbe, who knew France particularly well because he had studied there for several years at the Sorbonne, gave them a very warm welcome. And during the <em>hakafot<\/em> (processions) of Simhat Torah, he gathered them around him and began to sing the <em>Haaderet Vehaemuna <\/em>prayer to the tune of the Marseillaise. The French worshippers couldn&#8217;t believe their ears, but they realized that the Rebbe was indeed singing the Marseillaise! They joined in the Rebbe&#8217;s singing with even greater joy. Immediately after the <em>hakafot<\/em>, many groups of Chassidim gathered around one of the Frenchmen who was standing in the center, teaching the Marseillaise to those who wanted to learn this new <em>niggun<\/em>. The singing and dancing increased in the Rebbe&#8217;s house, and soon the singing spread to the surrounding streets throughout the night, as more and more people joined in the endless dancing.<\/p>\n<p><strong>Audio 1: The Marseillaise sung by the Lubavitch. Excerpt from the program Nuits magn\u00e9tiques by Marie-Dominique Arrighi broadcast on France Culture on April 20, 1993<\/strong><\/p>\n<audio class=\"wp-audio-shortcode\" id=\"audio-89878-1\" preload=\"none\" style=\"width: 100%;\" controls=\"controls\"><source type=\"audio\/mpeg\" src=\"https:\/\/www.iemj.org\/wp-content\/uploads\/2022\/11\/00_La-Marseillaise-hassidique-Loubavitch_Extrait-de-lemission-Nuits-magnetiques-de-Marie-Dominique-Arrighi-diffusee-sur-France-Culture-le-20-avril-1993.mp3?_=1\" \/><a href=\"https:\/\/www.iemj.org\/wp-content\/uploads\/2022\/11\/00_La-Marseillaise-hassidique-Loubavitch_Extrait-de-lemission-Nuits-magnetiques-de-Marie-Dominique-Arrighi-diffusee-sur-France-Culture-le-20-avril-1993.mp3\">https:\/\/www.iemj.org\/wp-content\/uploads\/2022\/11\/00_La-Marseillaise-hassidique-Loubavitch_Extrait-de-lemission-Nuits-magnetiques-de-Marie-Dominique-Arrighi-diffusee-sur-France-Culture-le-20-avril-1993.mp3<\/a><\/audio>\n<p>Thus, since 1973, the piyyut <em>Haaderet vehaemuna<\/em> has been sung on Saturday mornings and holidays to the tune of the Marseillaise. The Rebbe later justified his decision by pointing out that the Lubavitcher hymn <em>Ufarazta<\/em> (You shall spread; Genesis 28:14) corresponded closely to the anagram of the word <em>Tsarfat<\/em>, which means &#8220;France&#8221; in Hebrew. These two terms were thus in deep and harmonious relationship. Moreover, according to the <em>Gematria<\/em> (a numerological process for interpreting Hebrew texts), the total of their letters is 770&#8230; a number that corresponds to the number of the Rebbe&#8217;s house in New York (770 Eastern Parkway, Brooklyn)!<\/p>\n<p><strong>Audio 2: <em>Ufarazta<\/em>, Hymn of the Lubavitch<\/strong><\/p>\n<audio class=\"wp-audio-shortcode\" id=\"audio-89878-2\" preload=\"none\" style=\"width: 100%;\" controls=\"controls\"><source type=\"audio\/mpeg\" src=\"https:\/\/www.iemj.org\/wp-content\/uploads\/2022\/11\/02_Oufaratsta_Hymne-des-Loubavitch-1.mp3?_=2\" \/><a href=\"https:\/\/www.iemj.org\/wp-content\/uploads\/2022\/11\/02_Oufaratsta_Hymne-des-Loubavitch-1.mp3\">https:\/\/www.iemj.org\/wp-content\/uploads\/2022\/11\/02_Oufaratsta_Hymne-des-Loubavitch-1.mp3<\/a><\/audio>\n<figure id=\"attachment_89860\" aria-describedby=\"caption-attachment-89860\" style=\"width: 202px\" class=\"wp-caption alignright\"><img decoding=\"async\" class=\"wp-image-89860 size-medium\" src=\"https:\/\/www.iemj.org\/wp-content\/uploads\/2022\/11\/Djerba_Syna-La-Ghriba_1994-09_DR-H-Roten_redim-202x300.jpg\" alt=\"\" width=\"202\" height=\"300\" srcset=\"https:\/\/www.iemj.org\/wp-content\/uploads\/2022\/11\/Djerba_Syna-La-Ghriba_1994-09_DR-H-Roten_redim-202x300.jpg 202w, https:\/\/www.iemj.org\/wp-content\/uploads\/2022\/11\/Djerba_Syna-La-Ghriba_1994-09_DR-H-Roten_redim.jpg 337w\" sizes=\"(max-width: 202px) 100vw, 202px\" \/><figcaption id=\"caption-attachment-89860\" class=\"wp-caption-text\"><strong>Djerba, Synagogue of La Ghriba &#8211; September 1994 (\u00a9 H Roten)<\/strong><\/figcaption><\/figure>\n<p>To hear the Lubavitch sing the Marseillaise in Hebrew is a paradox, particularly since the founder of the Habad movement, Rabbi Schneur Zalman of Lyadi (1745-1813) &#8211; spiritual grandson of the Baal Shem Tov &#8211; had deliberately sided with the Russians against the Napoleonic invasions, which he considered dangerous for Orthodox Judaism. On the other hand, the warlike lyrics of this hymn did not really predispose it to accompany the singing of a prayer. But for the Hasidim, every melody, whether it be the most impure or the most banal, contains a divine spark that can be released by the <em>devequt<\/em><span class=\"footnote_referrer\"><a role=\"button\" tabindex=\"0\" onclick=\"footnote_moveToReference_89878_1('footnote_plugin_reference_89878_1_2');\" onkeypress=\"footnote_moveToReference_89878_1('footnote_plugin_reference_89878_1_2');\" ><sup id=\"footnote_plugin_tooltip_89878_1_2\" class=\"footnote_plugin_tooltip_text\">[2]<\/sup><\/a><span id=\"footnote_plugin_tooltip_text_89878_1_2\" class=\"footnote_tooltip\">A statement of total adherence to God in all acts of daily life.<\/span><\/span><script type=\"text\/javascript\"> jQuery('#footnote_plugin_tooltip_89878_1_2').tooltip({ tip: '#footnote_plugin_tooltip_text_89878_1_2', tipClass: 'footnote_tooltip', effect: 'fade', predelay: 0, fadeInSpeed: 200, delay: 400, fadeOutSpeed: 200, position: 'top center', relative: true, offset: [-7, 0], });<\/script>.<\/p>\n<p>This investigation into the use of the Marseillaise melody in prayers revealed the existence of a second recording from the island of Djerba (Tunisia). Following a visit by French officials to the island, the Jewish community honored their hosts by singing their national anthem. The tune was then remembered and served as the musical basis for a <em>piyyu<\/em>t that is still sung today at services. The oriental intonation has been interwoven with the original tune, which gives this Marseillaise an original and surprising aspect.<\/p>\n<p><strong>Audio 3:<\/strong> <strong>Djerbian Piyyout sung in Arabic to the tune of La Marseillaise<\/strong><\/p>\n<audio class=\"wp-audio-shortcode\" id=\"audio-89878-3\" preload=\"none\" style=\"width: 100%;\" controls=\"controls\"><source type=\"audio\/mpeg\" src=\"https:\/\/www.iemj.org\/wp-content\/uploads\/2022\/11\/03_Piyyout-djerbien-chante-en-arabe-sur-lair-de-La-Marseillaise.mp3?_=3\" \/><a href=\"https:\/\/www.iemj.org\/wp-content\/uploads\/2022\/11\/03_Piyyout-djerbien-chante-en-arabe-sur-lair-de-La-Marseillaise.mp3\">https:\/\/www.iemj.org\/wp-content\/uploads\/2022\/11\/03_Piyyout-djerbien-chante-en-arabe-sur-lair-de-La-Marseillaise.mp3<\/a><\/audio>\n<p>Finally, recently, my friend Jo\u00ebl Rochard, President of the Cercle Bernard Lazare (Paris), sent me an e-mail entitled <em>Rouget de Lisle au secours d&#8217;Ibn Gabirol<\/em>. He explained that &#8220;his grandson Samuel, 11 years old, was struggling to learn the Adon Olam prayer. I explained to him that this liturgical poem can be sung to various melodies. Everyone can choose the tune they want.<\/p>\n<p>I suggested the Marseillaise. He liked the idea.<\/p>\n<p>An hour later he knew Adon Olam by heart.<\/p>\n<p>I must admit that I tried to do the same. It works perfectly!<\/p>\n<h3><a href=\"http:\/\/www.rachelnet.net\/F\/?func=find-c&amp;ccl_term=WRD+%3D+Marseillaise&amp;local_base=iemcg\" target=\"_blank\" rel=\"noopener\">Consult other documents on the Marseillaise in our collections<\/a><\/h3>\n<p>\u00a0<\/p>\n\n\n<figure class=\"wp-block-embed is-type-video is-provider-youtube wp-block-embed-youtube wp-embed-aspect-4-3 wp-has-aspect-ratio\"><div class=\"wp-block-embed__wrapper\">\n<iframe title=\"\u05d4\u05e8\u05d1\u05d9 \u05d1\u05d9\u05e7\u05e9 \u05d4\u05d0\u05d3\u05e8\u05ea \u05d5\u05d4\u05d0\u05de\u05d5\u05e0\u05d4 \u05d1\u05e0\u05d9\u05d2\u05d5\u05df \u05d4\u05d4\u05de\u05e0\u05d5\u05df \u05d4\u05e6\u05e8\u05e4\u05ea\u05d9\" width=\"640\" height=\"480\" src=\"https:\/\/www.youtube.com\/embed\/uNTYoTpHZ5c?feature=oembed\" frameborder=\"0\" allow=\"accelerometer; autoplay; clipboard-write; encrypted-media; gyroscope; picture-in-picture; web-share\" referrerpolicy=\"strict-origin-when-cross-origin\" allowfullscreen><\/iframe>\n<\/div><figcaption class=\"wp-element-caption\"><strong>Watch a video excerpt of the Marseillaise sung by Rabbi Menachem Mendel Schneerson and his followers<\/strong><\/figcaption><\/figure>\n\n\n\n<p><\/p>\n\n\n\n<figure class=\"wp-block-video\"><video height=\"576\" style=\"aspect-ratio: 720 \/ 576;\" width=\"720\" controls src=\"https:\/\/www.iemj.org\/wp-content\/uploads\/2022\/11\/Torah-times_Pourquoi-les-Loubavitch-chantent-il-La-Marseillaise-tous-les-samedi-matins.mp4\"><\/video><figcaption class=\"wp-element-caption\"><strong>Watch a video excerpt &#8220;Why do the Lubavitch sing the Marseillaise every Saturday morning?&#8221;<\/strong><\/figcaption><\/figure>\n<div class=\"speaker-mute footnotes_reference_container\"> <div class=\"footnote_container_prepare\"><p><span role=\"button\" tabindex=\"0\" class=\"footnote_reference_container_label pointer\" onclick=\"footnote_expand_collapse_reference_container_89878_1();\">&#x202F;<\/span><span role=\"button\" tabindex=\"0\" class=\"footnote_reference_container_collapse_button\" style=\"display: none;\" onclick=\"footnote_expand_collapse_reference_container_89878_1();\">[<a id=\"footnote_reference_container_collapse_button_89878_1\">+<\/a>]<\/span><\/p><\/div> <div id=\"footnote_references_container_89878_1\" style=\"\"><table class=\"footnotes_table footnote-reference-container\"><caption class=\"accessibility\">References<\/caption> <tbody> \r\n\r\n<tr class=\"footnotes_plugin_reference_row\"> <th scope=\"row\" class=\"footnote_plugin_index_combi pointer\"  onclick=\"footnote_moveToAnchor_89878_1('footnote_plugin_tooltip_89878_1_1');\"><a id=\"footnote_plugin_reference_89878_1_1\" class=\"footnote_backlink\">1<\/a><\/th> <td class=\"footnote_plugin_text\">The four weekly <em>Nuits magn\u00e9tiques<\/em> programs by Marie-Dominique Arrighi on the theme of &#8220;Becoming French&#8221; were broadcast on France Culture from April 20, 1993.<\/td><\/tr>\r\n\r\n<tr class=\"footnotes_plugin_reference_row\"> <th scope=\"row\" class=\"footnote_plugin_index_combi pointer\"  onclick=\"footnote_moveToAnchor_89878_1('footnote_plugin_tooltip_89878_1_2');\"><a id=\"footnote_plugin_reference_89878_1_2\" class=\"footnote_backlink\">2<\/a><\/th> <td class=\"footnote_plugin_text\">A statement of total adherence to God in all acts of daily life.<\/td><\/tr>\r\n\r\n <\/tbody> <\/table> <\/div><\/div><script type=\"text\/javascript\"> function footnote_expand_reference_container_89878_1() { jQuery('#footnote_references_container_89878_1').show(); jQuery('#footnote_reference_container_collapse_button_89878_1').text('\u2212'); } function footnote_collapse_reference_container_89878_1() { jQuery('#footnote_references_container_89878_1').hide(); jQuery('#footnote_reference_container_collapse_button_89878_1').text('+'); } function footnote_expand_collapse_reference_container_89878_1() { if (jQuery('#footnote_references_container_89878_1').is(':hidden')) { footnote_expand_reference_container_89878_1(); } else { footnote_collapse_reference_container_89878_1(); } } function footnote_moveToReference_89878_1(p_str_TargetID) { footnote_expand_reference_container_89878_1(); var l_obj_Target = jQuery('#' + p_str_TargetID); if (l_obj_Target.length) { jQuery( 'html, body' ).delay( 0 ); jQuery('html, body').animate({ scrollTop: l_obj_Target.offset().top - window.innerHeight * 0.2 }, 380); } } function footnote_moveToAnchor_89878_1(p_str_TargetID) { footnote_expand_reference_container_89878_1(); var l_obj_Target = jQuery('#' + p_str_TargetID); if (l_obj_Target.length) { jQuery( 'html, body' ).delay( 0 ); jQuery('html, body').animate({ scrollTop: l_obj_Target.offset().top - window.innerHeight * 0.2 }, 380); } }<\/script>","protected":false},"excerpt":{"rendered":"<p>The Jewish liturgy is full of surprises! In 1993, while I was coordinating the activities of the Yuval Association for the preservation of Jewish musical traditions, under the direction of<\/p>\n","protected":false},"author":5,"featured_media":89845,"comment_status":"closed","ping_status":"closed","sticky":false,"template":"","format":"standard","meta":{"_acf_changed":false,"footnotes":""},"categories":[950,938,902],"tags":[],"technique":[],"squelettes":[],"sujet":[],"formation":[],"genre":[],"fonds":[],"tradition":[],"type-de-contenu":[],"interprete-compositeur":[],"frise":[],"type-devenement":[],"tableaux-liens-externes":[],"class_list":["post-89878","post","type-post","status-publish","format-standard","has-post-thumbnail","hentry","category-feature-articles-en","category-religious-music-en","category-secular-music-2-en"],"acf":[],"yoast_head":"<!-- This site is optimized with the Yoast SEO plugin v27.3 - https:\/\/yoast.com\/product\/yoast-seo-wordpress\/ -->\n<title>Prayers to the tune of La Marseillaise! - Institut Europ\u00e9en des Musiques Juives<\/title>\n<meta name=\"robots\" content=\"index, follow, max-snippet:-1, max-image-preview:large, max-video-preview:-1\" \/>\n<link rel=\"canonical\" href=\"https:\/\/www.iemj.org\/en\/des-prieres-sur-lair-de-la-marseillaise\/\" \/>\n<meta property=\"og:locale\" content=\"en_US\" \/>\n<meta property=\"og:type\" content=\"article\" \/>\n<meta property=\"og:title\" content=\"Prayers to the tune of La Marseillaise! - Institut Europ\u00e9en des Musiques Juives\" \/>\n<meta property=\"og:description\" content=\"The Jewish liturgy is full of surprises! In 1993, while I was coordinating the activities of the Yuval Association for the preservation of Jewish musical traditions, under the direction of\" \/>\n<meta property=\"og:url\" content=\"https:\/\/www.iemj.org\/en\/des-prieres-sur-lair-de-la-marseillaise\/\" \/>\n<meta property=\"og:site_name\" content=\"Institut Europ\u00e9en des Musiques Juives\" \/>\n<meta property=\"article:publisher\" content=\"https:\/\/www.facebook.com\/MusiquesJuives\/\" \/>\n<meta property=\"article:published_time\" content=\"2022-11-14T16:35:48+00:00\" \/>\n<meta property=\"article:modified_time\" content=\"2022-11-17T11:07:50+00:00\" \/>\n<meta property=\"og:image\" content=\"https:\/\/www.iemj.org\/wp-content\/uploads\/2022\/11\/Logo-article.jpg\" \/>\n\t<meta property=\"og:image:width\" content=\"500\" \/>\n\t<meta property=\"og:image:height\" content=\"500\" \/>\n\t<meta property=\"og:image:type\" content=\"image\/jpeg\" \/>\n<meta name=\"author\" content=\"Jacqueline ROTEN\" \/>\n<meta name=\"twitter:card\" content=\"summary_large_image\" \/>\n<meta name=\"twitter:label1\" content=\"Written by\" \/>\n\t<meta name=\"twitter:data1\" content=\"Jacqueline ROTEN\" \/>\n\t<meta name=\"twitter:label2\" content=\"Est. reading time\" \/>\n\t<meta name=\"twitter:data2\" content=\"5 minutes\" \/>\n<script type=\"application\/ld+json\" class=\"yoast-schema-graph\">{\"@context\":\"https:\\\/\\\/schema.org\",\"@graph\":[{\"@type\":\"Article\",\"@id\":\"https:\\\/\\\/www.iemj.org\\\/en\\\/des-prieres-sur-lair-de-la-marseillaise\\\/#article\",\"isPartOf\":{\"@id\":\"https:\\\/\\\/www.iemj.org\\\/en\\\/des-prieres-sur-lair-de-la-marseillaise\\\/\"},\"author\":{\"name\":\"Jacqueline ROTEN\",\"@id\":\"https:\\\/\\\/www.iemj.org\\\/en\\\/#\\\/schema\\\/person\\\/358e26c18aca017fcc4cc15437f7279c\"},\"headline\":\"Prayers to the tune of La Marseillaise!\",\"datePublished\":\"2022-11-14T16:35:48+00:00\",\"dateModified\":\"2022-11-17T11:07:50+00:00\",\"mainEntityOfPage\":{\"@id\":\"https:\\\/\\\/www.iemj.org\\\/en\\\/des-prieres-sur-lair-de-la-marseillaise\\\/\"},\"wordCount\":1011,\"publisher\":{\"@id\":\"https:\\\/\\\/www.iemj.org\\\/en\\\/#organization\"},\"image\":{\"@id\":\"https:\\\/\\\/www.iemj.org\\\/en\\\/des-prieres-sur-lair-de-la-marseillaise\\\/#primaryimage\"},\"thumbnailUrl\":\"https:\\\/\\\/www.iemj.org\\\/wp-content\\\/uploads\\\/2022\\\/11\\\/Logo-article.jpg\",\"articleSection\":[\"Feature articles\",\"Religious music\",\"Secular music\"],\"inLanguage\":\"en-US\"},{\"@type\":\"WebPage\",\"@id\":\"https:\\\/\\\/www.iemj.org\\\/en\\\/des-prieres-sur-lair-de-la-marseillaise\\\/\",\"url\":\"https:\\\/\\\/www.iemj.org\\\/en\\\/des-prieres-sur-lair-de-la-marseillaise\\\/\",\"name\":\"Prayers to the tune of La Marseillaise! - Institut Europ\u00e9en des Musiques Juives\",\"isPartOf\":{\"@id\":\"https:\\\/\\\/www.iemj.org\\\/en\\\/#website\"},\"primaryImageOfPage\":{\"@id\":\"https:\\\/\\\/www.iemj.org\\\/en\\\/des-prieres-sur-lair-de-la-marseillaise\\\/#primaryimage\"},\"image\":{\"@id\":\"https:\\\/\\\/www.iemj.org\\\/en\\\/des-prieres-sur-lair-de-la-marseillaise\\\/#primaryimage\"},\"thumbnailUrl\":\"https:\\\/\\\/www.iemj.org\\\/wp-content\\\/uploads\\\/2022\\\/11\\\/Logo-article.jpg\",\"datePublished\":\"2022-11-14T16:35:48+00:00\",\"dateModified\":\"2022-11-17T11:07:50+00:00\",\"breadcrumb\":{\"@id\":\"https:\\\/\\\/www.iemj.org\\\/en\\\/des-prieres-sur-lair-de-la-marseillaise\\\/#breadcrumb\"},\"inLanguage\":\"en-US\",\"potentialAction\":[{\"@type\":\"ReadAction\",\"target\":[\"https:\\\/\\\/www.iemj.org\\\/en\\\/des-prieres-sur-lair-de-la-marseillaise\\\/\"]}]},{\"@type\":\"ImageObject\",\"inLanguage\":\"en-US\",\"@id\":\"https:\\\/\\\/www.iemj.org\\\/en\\\/des-prieres-sur-lair-de-la-marseillaise\\\/#primaryimage\",\"url\":\"https:\\\/\\\/www.iemj.org\\\/wp-content\\\/uploads\\\/2022\\\/11\\\/Logo-article.jpg\",\"contentUrl\":\"https:\\\/\\\/www.iemj.org\\\/wp-content\\\/uploads\\\/2022\\\/11\\\/Logo-article.jpg\",\"width\":500,\"height\":500},{\"@type\":\"BreadcrumbList\",\"@id\":\"https:\\\/\\\/www.iemj.org\\\/en\\\/des-prieres-sur-lair-de-la-marseillaise\\\/#breadcrumb\",\"itemListElement\":[{\"@type\":\"ListItem\",\"position\":1,\"name\":\"Accueil\",\"item\":\"https:\\\/\\\/www.iemj.org\\\/en\\\/\"},{\"@type\":\"ListItem\",\"position\":2,\"name\":\"Prayers to the tune of La Marseillaise!\"}]},{\"@type\":\"WebSite\",\"@id\":\"https:\\\/\\\/www.iemj.org\\\/en\\\/#website\",\"url\":\"https:\\\/\\\/www.iemj.org\\\/en\\\/\",\"name\":\"Institut Europ\u00e9en des Musiques Juives\",\"description\":\"Des traditions musicales \u00e0 la port\u00e9e de tous\",\"publisher\":{\"@id\":\"https:\\\/\\\/www.iemj.org\\\/en\\\/#organization\"},\"potentialAction\":[{\"@type\":\"SearchAction\",\"target\":{\"@type\":\"EntryPoint\",\"urlTemplate\":\"https:\\\/\\\/www.iemj.org\\\/en\\\/?s={search_term_string}\"},\"query-input\":{\"@type\":\"PropertyValueSpecification\",\"valueRequired\":true,\"valueName\":\"search_term_string\"}}],\"inLanguage\":\"en-US\"},{\"@type\":\"Organization\",\"@id\":\"https:\\\/\\\/www.iemj.org\\\/en\\\/#organization\",\"name\":\"Institut Europ\u00e9en des Musiques Juives\",\"url\":\"https:\\\/\\\/www.iemj.org\\\/en\\\/\",\"logo\":{\"@type\":\"ImageObject\",\"inLanguage\":\"en-US\",\"@id\":\"https:\\\/\\\/www.iemj.org\\\/en\\\/#\\\/schema\\\/logo\\\/image\\\/\",\"url\":\"https:\\\/\\\/www.iemj.org\\\/wp-content\\\/uploads\\\/2021\\\/09\\\/Logo-IEMJ-Paypal.jpg\",\"contentUrl\":\"https:\\\/\\\/www.iemj.org\\\/wp-content\\\/uploads\\\/2021\\\/09\\\/Logo-IEMJ-Paypal.jpg\",\"width\":150,\"height\":50,\"caption\":\"Institut Europ\u00e9en des Musiques Juives\"},\"image\":{\"@id\":\"https:\\\/\\\/www.iemj.org\\\/en\\\/#\\\/schema\\\/logo\\\/image\\\/\"},\"sameAs\":[\"https:\\\/\\\/www.facebook.com\\\/MusiquesJuives\\\/\",\"https:\\\/\\\/www.instagram.com\\\/musiquesjuives\\\/\",\"https:\\\/\\\/www.youtube.com\\\/user\\\/musiquesjuives\"]},{\"@type\":\"Person\",\"@id\":\"https:\\\/\\\/www.iemj.org\\\/en\\\/#\\\/schema\\\/person\\\/358e26c18aca017fcc4cc15437f7279c\",\"name\":\"Jacqueline ROTEN\",\"image\":{\"@type\":\"ImageObject\",\"inLanguage\":\"en-US\",\"@id\":\"https:\\\/\\\/secure.gravatar.com\\\/avatar\\\/5964256d6c6957de3a3505278957e0fb2a35119ac47ea41827a65301213c810b?s=96&d=mm&r=g\",\"url\":\"https:\\\/\\\/secure.gravatar.com\\\/avatar\\\/5964256d6c6957de3a3505278957e0fb2a35119ac47ea41827a65301213c810b?s=96&d=mm&r=g\",\"contentUrl\":\"https:\\\/\\\/secure.gravatar.com\\\/avatar\\\/5964256d6c6957de3a3505278957e0fb2a35119ac47ea41827a65301213c810b?s=96&d=mm&r=g\",\"caption\":\"Jacqueline ROTEN\"}}]}<\/script>\n<!-- \/ Yoast SEO plugin. -->","yoast_head_json":{"title":"Prayers to the tune of La Marseillaise! - Institut Europ\u00e9en des Musiques Juives","robots":{"index":"index","follow":"follow","max-snippet":"max-snippet:-1","max-image-preview":"max-image-preview:large","max-video-preview":"max-video-preview:-1"},"canonical":"https:\/\/www.iemj.org\/en\/des-prieres-sur-lair-de-la-marseillaise\/","og_locale":"en_US","og_type":"article","og_title":"Prayers to the tune of La Marseillaise! - Institut Europ\u00e9en des Musiques Juives","og_description":"The Jewish liturgy is full of surprises! In 1993, while I was coordinating the activities of the Yuval Association for the preservation of Jewish musical traditions, under the direction of","og_url":"https:\/\/www.iemj.org\/en\/des-prieres-sur-lair-de-la-marseillaise\/","og_site_name":"Institut Europ\u00e9en des Musiques Juives","article_publisher":"https:\/\/www.facebook.com\/MusiquesJuives\/","article_published_time":"2022-11-14T16:35:48+00:00","article_modified_time":"2022-11-17T11:07:50+00:00","og_image":[{"width":500,"height":500,"url":"https:\/\/www.iemj.org\/wp-content\/uploads\/2022\/11\/Logo-article.jpg","type":"image\/jpeg"}],"author":"Jacqueline ROTEN","twitter_card":"summary_large_image","twitter_misc":{"Written by":"Jacqueline ROTEN","Est. reading time":"5 minutes"},"schema":{"@context":"https:\/\/schema.org","@graph":[{"@type":"Article","@id":"https:\/\/www.iemj.org\/en\/des-prieres-sur-lair-de-la-marseillaise\/#article","isPartOf":{"@id":"https:\/\/www.iemj.org\/en\/des-prieres-sur-lair-de-la-marseillaise\/"},"author":{"name":"Jacqueline ROTEN","@id":"https:\/\/www.iemj.org\/en\/#\/schema\/person\/358e26c18aca017fcc4cc15437f7279c"},"headline":"Prayers to the tune of La Marseillaise!","datePublished":"2022-11-14T16:35:48+00:00","dateModified":"2022-11-17T11:07:50+00:00","mainEntityOfPage":{"@id":"https:\/\/www.iemj.org\/en\/des-prieres-sur-lair-de-la-marseillaise\/"},"wordCount":1011,"publisher":{"@id":"https:\/\/www.iemj.org\/en\/#organization"},"image":{"@id":"https:\/\/www.iemj.org\/en\/des-prieres-sur-lair-de-la-marseillaise\/#primaryimage"},"thumbnailUrl":"https:\/\/www.iemj.org\/wp-content\/uploads\/2022\/11\/Logo-article.jpg","articleSection":["Feature articles","Religious music","Secular music"],"inLanguage":"en-US"},{"@type":"WebPage","@id":"https:\/\/www.iemj.org\/en\/des-prieres-sur-lair-de-la-marseillaise\/","url":"https:\/\/www.iemj.org\/en\/des-prieres-sur-lair-de-la-marseillaise\/","name":"Prayers to the tune of La Marseillaise! - Institut Europ\u00e9en des Musiques Juives","isPartOf":{"@id":"https:\/\/www.iemj.org\/en\/#website"},"primaryImageOfPage":{"@id":"https:\/\/www.iemj.org\/en\/des-prieres-sur-lair-de-la-marseillaise\/#primaryimage"},"image":{"@id":"https:\/\/www.iemj.org\/en\/des-prieres-sur-lair-de-la-marseillaise\/#primaryimage"},"thumbnailUrl":"https:\/\/www.iemj.org\/wp-content\/uploads\/2022\/11\/Logo-article.jpg","datePublished":"2022-11-14T16:35:48+00:00","dateModified":"2022-11-17T11:07:50+00:00","breadcrumb":{"@id":"https:\/\/www.iemj.org\/en\/des-prieres-sur-lair-de-la-marseillaise\/#breadcrumb"},"inLanguage":"en-US","potentialAction":[{"@type":"ReadAction","target":["https:\/\/www.iemj.org\/en\/des-prieres-sur-lair-de-la-marseillaise\/"]}]},{"@type":"ImageObject","inLanguage":"en-US","@id":"https:\/\/www.iemj.org\/en\/des-prieres-sur-lair-de-la-marseillaise\/#primaryimage","url":"https:\/\/www.iemj.org\/wp-content\/uploads\/2022\/11\/Logo-article.jpg","contentUrl":"https:\/\/www.iemj.org\/wp-content\/uploads\/2022\/11\/Logo-article.jpg","width":500,"height":500},{"@type":"BreadcrumbList","@id":"https:\/\/www.iemj.org\/en\/des-prieres-sur-lair-de-la-marseillaise\/#breadcrumb","itemListElement":[{"@type":"ListItem","position":1,"name":"Accueil","item":"https:\/\/www.iemj.org\/en\/"},{"@type":"ListItem","position":2,"name":"Prayers to the tune of La Marseillaise!"}]},{"@type":"WebSite","@id":"https:\/\/www.iemj.org\/en\/#website","url":"https:\/\/www.iemj.org\/en\/","name":"Institut Europ\u00e9en des Musiques Juives","description":"Des traditions musicales \u00e0 la port\u00e9e de tous","publisher":{"@id":"https:\/\/www.iemj.org\/en\/#organization"},"potentialAction":[{"@type":"SearchAction","target":{"@type":"EntryPoint","urlTemplate":"https:\/\/www.iemj.org\/en\/?s={search_term_string}"},"query-input":{"@type":"PropertyValueSpecification","valueRequired":true,"valueName":"search_term_string"}}],"inLanguage":"en-US"},{"@type":"Organization","@id":"https:\/\/www.iemj.org\/en\/#organization","name":"Institut Europ\u00e9en des Musiques Juives","url":"https:\/\/www.iemj.org\/en\/","logo":{"@type":"ImageObject","inLanguage":"en-US","@id":"https:\/\/www.iemj.org\/en\/#\/schema\/logo\/image\/","url":"https:\/\/www.iemj.org\/wp-content\/uploads\/2021\/09\/Logo-IEMJ-Paypal.jpg","contentUrl":"https:\/\/www.iemj.org\/wp-content\/uploads\/2021\/09\/Logo-IEMJ-Paypal.jpg","width":150,"height":50,"caption":"Institut Europ\u00e9en des Musiques Juives"},"image":{"@id":"https:\/\/www.iemj.org\/en\/#\/schema\/logo\/image\/"},"sameAs":["https:\/\/www.facebook.com\/MusiquesJuives\/","https:\/\/www.instagram.com\/musiquesjuives\/","https:\/\/www.youtube.com\/user\/musiquesjuives"]},{"@type":"Person","@id":"https:\/\/www.iemj.org\/en\/#\/schema\/person\/358e26c18aca017fcc4cc15437f7279c","name":"Jacqueline ROTEN","image":{"@type":"ImageObject","inLanguage":"en-US","@id":"https:\/\/secure.gravatar.com\/avatar\/5964256d6c6957de3a3505278957e0fb2a35119ac47ea41827a65301213c810b?s=96&d=mm&r=g","url":"https:\/\/secure.gravatar.com\/avatar\/5964256d6c6957de3a3505278957e0fb2a35119ac47ea41827a65301213c810b?s=96&d=mm&r=g","contentUrl":"https:\/\/secure.gravatar.com\/avatar\/5964256d6c6957de3a3505278957e0fb2a35119ac47ea41827a65301213c810b?s=96&d=mm&r=g","caption":"Jacqueline ROTEN"}}]}},"_links":{"self":[{"href":"https:\/\/www.iemj.org\/en\/wp-json\/wp\/v2\/posts\/89878","targetHints":{"allow":["GET"]}}],"collection":[{"href":"https:\/\/www.iemj.org\/en\/wp-json\/wp\/v2\/posts"}],"about":[{"href":"https:\/\/www.iemj.org\/en\/wp-json\/wp\/v2\/types\/post"}],"author":[{"embeddable":true,"href":"https:\/\/www.iemj.org\/en\/wp-json\/wp\/v2\/users\/5"}],"replies":[{"embeddable":true,"href":"https:\/\/www.iemj.org\/en\/wp-json\/wp\/v2\/comments?post=89878"}],"version-history":[{"count":0,"href":"https:\/\/www.iemj.org\/en\/wp-json\/wp\/v2\/posts\/89878\/revisions"}],"wp:featuredmedia":[{"embeddable":true,"href":"https:\/\/www.iemj.org\/en\/wp-json\/wp\/v2\/media\/89845"}],"wp:attachment":[{"href":"https:\/\/www.iemj.org\/en\/wp-json\/wp\/v2\/media?parent=89878"}],"wp:term":[{"taxonomy":"category","embeddable":true,"href":"https:\/\/www.iemj.org\/en\/wp-json\/wp\/v2\/categories?post=89878"},{"taxonomy":"post_tag","embeddable":true,"href":"https:\/\/www.iemj.org\/en\/wp-json\/wp\/v2\/tags?post=89878"},{"taxonomy":"technique","embeddable":true,"href":"https:\/\/www.iemj.org\/en\/wp-json\/wp\/v2\/technique?post=89878"},{"taxonomy":"squelettes","embeddable":true,"href":"https:\/\/www.iemj.org\/en\/wp-json\/wp\/v2\/squelettes?post=89878"},{"taxonomy":"sujet","embeddable":true,"href":"https:\/\/www.iemj.org\/en\/wp-json\/wp\/v2\/sujet?post=89878"},{"taxonomy":"formation","embeddable":true,"href":"https:\/\/www.iemj.org\/en\/wp-json\/wp\/v2\/formation?post=89878"},{"taxonomy":"genre","embeddable":true,"href":"https:\/\/www.iemj.org\/en\/wp-json\/wp\/v2\/genre?post=89878"},{"taxonomy":"fonds","embeddable":true,"href":"https:\/\/www.iemj.org\/en\/wp-json\/wp\/v2\/fonds?post=89878"},{"taxonomy":"tradition","embeddable":true,"href":"https:\/\/www.iemj.org\/en\/wp-json\/wp\/v2\/tradition?post=89878"},{"taxonomy":"type-de-contenu","embeddable":true,"href":"https:\/\/www.iemj.org\/en\/wp-json\/wp\/v2\/type-de-contenu?post=89878"},{"taxonomy":"interprete-compositeur","embeddable":true,"href":"https:\/\/www.iemj.org\/en\/wp-json\/wp\/v2\/interprete-compositeur?post=89878"},{"taxonomy":"frise","embeddable":true,"href":"https:\/\/www.iemj.org\/en\/wp-json\/wp\/v2\/frise?post=89878"},{"taxonomy":"type-devenement","embeddable":true,"href":"https:\/\/www.iemj.org\/en\/wp-json\/wp\/v2\/type-devenement?post=89878"},{"taxonomy":"tableaux-liens-externes","embeddable":true,"href":"https:\/\/www.iemj.org\/en\/wp-json\/wp\/v2\/tableaux-liens-externes?post=89878"}],"curies":[{"name":"wp","href":"https:\/\/api.w.org\/{rel}","templated":true}]}}