{"id":91183,"date":"2022-12-15T11:56:40","date_gmt":"2022-12-15T10:56:40","guid":{"rendered":"https:\/\/www.iemj.org\/michel-heymann-confie-lensemble-de-ses-archives-musicales-a-liemj\/"},"modified":"2025-03-27T15:30:03","modified_gmt":"2025-03-27T14:30:03","slug":"michel-heymann-confie-lensemble-de-ses-archives-musicales-a-liemj","status":"publish","type":"post","link":"https:\/\/www.iemj.org\/en\/michel-heymann-confie-lensemble-de-ses-archives-musicales-a-liemj\/","title":{"rendered":"Michel Heymann has entrusted his entire music archives to the EIJM"},"content":{"rendered":"<p><a href=\"https:\/\/www.iemj.org\/en\/heymann-michel-1952\/\">Michel Heymann<\/a> is one of the last holders of the Achkenazi liturgy of the Rhine Valley. Born in 1952 in Strasbourg, he learned the liturgy from Bertrand Joseph, a former officiating minister in Strasbourg. He was then one of the last students of the Pedagogy and Liturgy section of the S\u00e9minaire Isra\u00e9lite de France before it closed in 1973. At the age of 21, in September 1973, he was appointed to Haguenau, a position he left for Mulhouse in 1980. He officiated for twelve years in this city and recorded cassettes and compact discs with the aim of preserving the liturgy of Alsace, before being hired by the Community of Luxembourg, where he created a choir that sometimes accompanied him during Shabbat services and feasts during the 30 years of his ministry.<\/p>\n<figure id=\"attachment_91121\" aria-describedby=\"caption-attachment-91121\" style=\"width: 300px\" class=\"wp-caption alignright\"><img fetchpriority=\"high\" decoding=\"async\" class=\"wp-image-91121 size-medium\" src=\"https:\/\/www.iemj.org\/wp-content\/uploads\/2022\/12\/Facade-Synagogue-Luxembourg-300x169.jpg\" alt=\"\" width=\"300\" height=\"169\" srcset=\"https:\/\/www.iemj.org\/wp-content\/uploads\/2022\/12\/Facade-Synagogue-Luxembourg-300x169.jpg 300w, https:\/\/www.iemj.org\/wp-content\/uploads\/2022\/12\/Facade-Synagogue-Luxembourg.jpg 500w\" sizes=\"(max-width: 300px) 100vw, 300px\" \/><figcaption id=\"caption-attachment-91121\" class=\"wp-caption-text\"><strong>Front of the Luxembourg Synagogue<\/strong><\/figcaption><\/figure>\n<p>Having retired in 2017, Michel Heymann wanted to give the EIJM all of his musical archives accumulated during his long career. This very important collection includes several hundred rare and precious documents, including collections of printed or handwritten scores dating from the 19th century, hundreds of recordings of music (liturgical concerts, ceremonies, services&#8230;) and dozens of video cassettes.<\/p>\n<p>The Michel Heymann archives, which we brought back from Luxembourg, arrived at the IEMJ on December 8, 2022. This collection, which is currently being inventoried, will probably require a good year of work before it can be made available online.<\/p>\n<p>By entrusting us with his life&#8217;s work, Michel Heymann not only showed his confidence in us, but also implicitly committed us to passing on to future generations the Alsatian liturgy which is unfortunately now in danger of disappearing.<\/p>\n<ul>\n<li><a href=\"https:\/\/www.iemj.org\/en\/fonds-michel-heymann\/\" target=\"_blank\" rel=\"noopener\">Access to the Michel Heymann collection<\/a><\/li>\n<li><a href=\"https:\/\/www.iemj.org\/en\/heymann-michel-1952\/\" target=\"_blank\" rel=\"noopener\">Consult Michel Heymann&#8217;s biography<\/a><\/li>\n<li><a href=\"https:\/\/www.iemj.org\/en\/michel-heymann-jewish-ashkenazi-traditional-liturgy\/\" target=\"_blank\" rel=\"noopener\">Listen to excerpts from the Rosh Hashanah liturgy sung by Michel Heymann<\/a><\/li>\n<li><a href=\"http:\/\/www.judaisme-alsalor.fr\/histoire\/rabbins\/hazanim\/heyman.htm\" target=\"_blank\" rel=\"noopener\">Learn more about Michel Heymann and listen to other pieces online<\/a><\/li>\n<li><a href=\"https:\/\/www.iemj.org\/en\/michel-heymann-et-la-liturgie-ashkenaze-de-la-vallee-du-rhin\/\" target=\"_blank\" rel=\"noopener\">Watch the video\u00a0<em>Michel Heymann and the Ashkenazi Liturgy in the Valley of the Rhine<\/em><\/a><\/li>\n<\/ul>\n<div id='gallery-1' class='gallery galleryid-91183 gallery-columns-1 gallery-size-full'><figure class='gallery-item'>\n\t\t\t<div class='gallery-icon landscape'>\n\t\t\t\t<a href='https:\/\/www.iemj.org\/en\/michel-heymann-confie-lensemble-de-ses-archives-musicales-a-liemj\/un-apercu-des-archives-de-michel-heymann1-2\/'><img decoding=\"async\" width=\"800\" height=\"359\" src=\"https:\/\/www.iemj.org\/wp-content\/uploads\/2022\/12\/Un-apercu-des-archives-de-Michel-Heymann1.jpg\" class=\"attachment-full size-full\" alt=\"\" srcset=\"https:\/\/www.iemj.org\/wp-content\/uploads\/2022\/12\/Un-apercu-des-archives-de-Michel-Heymann1.jpg 800w, https:\/\/www.iemj.org\/wp-content\/uploads\/2022\/12\/Un-apercu-des-archives-de-Michel-Heymann1-300x135.jpg 300w, https:\/\/www.iemj.org\/wp-content\/uploads\/2022\/12\/Un-apercu-des-archives-de-Michel-Heymann1-768x345.jpg 768w, https:\/\/www.iemj.org\/wp-content\/uploads\/2022\/12\/Un-apercu-des-archives-de-Michel-Heymann1-600x269.jpg 600w\" sizes=\"(max-width: 800px) 100vw, 800px\" \/><\/a>\n\t\t\t<\/div><\/figure>\n\t\t<\/div>\n\n<p style=\"text-align: center;\"><strong>An overview of Michel Heymann&#8217;s archives<\/strong><\/p>\n\n\n<div class=\"wp-block-columns is-layout-flex wp-container-core-columns-is-layout-9d6595d7 wp-block-columns-is-layout-flex\">\n<div class=\"wp-block-column is-layout-flow wp-block-column-is-layout-flow\">\n<div class=\"wp-block-columns is-layout-flex wp-container-core-columns-is-layout-9d6595d7 wp-block-columns-is-layout-flex\">\n<div class=\"wp-block-column is-layout-flow wp-block-column-is-layout-flow\">\n<figure class=\"wp-block-image size-full is-resized\"><img decoding=\"async\" width=\"333\" height=\"500\" src=\"https:\/\/www.iemj.org\/wp-content\/uploads\/2022\/12\/Un-apercu-des-archives-de-Michel-Heymann4.jpg\" alt=\"\" class=\"wp-image-91158\" style=\"width:183px;height:274px\" srcset=\"https:\/\/www.iemj.org\/wp-content\/uploads\/2022\/12\/Un-apercu-des-archives-de-Michel-Heymann4.jpg 333w, https:\/\/www.iemj.org\/wp-content\/uploads\/2022\/12\/Un-apercu-des-archives-de-Michel-Heymann4-200x300.jpg 200w\" sizes=\"(max-width: 333px) 100vw, 333px\" \/><\/figure>\n<\/div>\n\n\n\n<div class=\"wp-block-column is-layout-flow wp-block-column-is-layout-flow\">\n<figure class=\"wp-block-image size-full is-resized\"><img loading=\"lazy\" decoding=\"async\" width=\"225\" height=\"500\" src=\"https:\/\/www.iemj.org\/wp-content\/uploads\/2022\/12\/Un-apercu-des-archives-de-Michel-Heymann2.jpg\" alt=\"\" class=\"wp-image-91141\" style=\"width:159px;height:321px\" srcset=\"https:\/\/www.iemj.org\/wp-content\/uploads\/2022\/12\/Un-apercu-des-archives-de-Michel-Heymann2.jpg 225w, https:\/\/www.iemj.org\/wp-content\/uploads\/2022\/12\/Un-apercu-des-archives-de-Michel-Heymann2-135x300.jpg 135w\" sizes=\"(max-width: 225px) 100vw, 225px\" \/><\/figure>\n<\/div>\n<\/div>\n<\/div>\n\n\n\n<div class=\"wp-block-column is-layout-flow wp-block-column-is-layout-flow\">\n<div class=\"wp-block-columns is-layout-flex wp-container-core-columns-is-layout-9d6595d7 wp-block-columns-is-layout-flex\">\n<div class=\"wp-block-column is-layout-flow wp-block-column-is-layout-flow\">\n<figure class=\"wp-block-image size-full is-resized\"><img loading=\"lazy\" decoding=\"async\" width=\"225\" height=\"500\" src=\"https:\/\/www.iemj.org\/wp-content\/uploads\/2022\/12\/Un-apercu-des-archives-de-Michel-Heymann3.jpg\" alt=\"\" class=\"wp-image-91146\" style=\"width:159px;height:321px\" srcset=\"https:\/\/www.iemj.org\/wp-content\/uploads\/2022\/12\/Un-apercu-des-archives-de-Michel-Heymann3.jpg 225w, https:\/\/www.iemj.org\/wp-content\/uploads\/2022\/12\/Un-apercu-des-archives-de-Michel-Heymann3-135x300.jpg 135w\" sizes=\"(max-width: 225px) 100vw, 225px\" \/><\/figure>\n<\/div>\n\n\n\n<div class=\"wp-block-column is-layout-flow wp-block-column-is-layout-flow\">\n<figure class=\"wp-block-image size-full is-resized\"><img loading=\"lazy\" decoding=\"async\" width=\"337\" height=\"500\" src=\"https:\/\/www.iemj.org\/wp-content\/uploads\/2022\/12\/Un-apercu-des-archives-de-Michel-Heymann5.jpg\" alt=\"\" class=\"wp-image-91153\" style=\"width:183px;height:274px\" srcset=\"https:\/\/www.iemj.org\/wp-content\/uploads\/2022\/12\/Un-apercu-des-archives-de-Michel-Heymann5.jpg 337w, https:\/\/www.iemj.org\/wp-content\/uploads\/2022\/12\/Un-apercu-des-archives-de-Michel-Heymann5-202x300.jpg 202w\" sizes=\"(max-width: 337px) 100vw, 337px\" \/><\/figure>\n<\/div>\n<\/div>\n<\/div>\n<\/div>\n","protected":false},"excerpt":{"rendered":"<p>Michel Heymann is one of the last holders of the Achkenazi liturgy of the Rhine Valley. Born in 1952 in Strasbourg, he learned the liturgy from Bertrand Joseph, a former<\/p>\n","protected":false},"author":5,"featured_media":91117,"comment_status":"closed","ping_status":"closed","sticky":false,"template":"","format":"standard","meta":{"_acf_changed":false,"footnotes":""},"categories":[893],"tags":[],"technique":[],"squelettes":[],"sujet":[2100,2108],"formation":[],"genre":[],"fonds":[],"tradition":[],"type-de-contenu":[],"interprete-compositeur":[3270],"frise":[],"type-devenement":[],"tableaux-liens-externes":[],"class_list":["post-91183","post","type-post","status-publish","format-standard","has-post-thumbnail","hentry","category-news-en","sujet-alsace-lorraine-en","sujet-the-cantor-hazzan-en","interprete-compositeur-michel-heymann-en"],"acf":[],"yoast_head":"<!-- This site is optimized with the Yoast SEO plugin v27.3 - https:\/\/yoast.com\/product\/yoast-seo-wordpress\/ -->\n<title>Michel Heymann has entrusted his entire music archives to the EIJM - Institut Europ\u00e9en des Musiques Juives<\/title>\n<meta name=\"robots\" content=\"index, follow, max-snippet:-1, max-image-preview:large, max-video-preview:-1\" \/>\n<link rel=\"canonical\" href=\"https:\/\/www.iemj.org\/en\/michel-heymann-confie-lensemble-de-ses-archives-musicales-a-liemj\/\" \/>\n<meta property=\"og:locale\" content=\"en_US\" \/>\n<meta property=\"og:type\" content=\"article\" \/>\n<meta property=\"og:title\" content=\"Michel Heymann has entrusted his entire music archives to the EIJM - Institut Europ\u00e9en des Musiques Juives\" \/>\n<meta property=\"og:description\" content=\"Michel Heymann is one of the last holders of the Achkenazi liturgy of the Rhine Valley. Born in 1952 in Strasbourg, he learned the liturgy from Bertrand Joseph, a former\" \/>\n<meta property=\"og:url\" content=\"https:\/\/www.iemj.org\/en\/michel-heymann-confie-lensemble-de-ses-archives-musicales-a-liemj\/\" \/>\n<meta property=\"og:site_name\" content=\"Institut Europ\u00e9en des Musiques Juives\" \/>\n<meta property=\"article:publisher\" content=\"https:\/\/www.facebook.com\/MusiquesJuives\/\" \/>\n<meta property=\"article:published_time\" content=\"2022-12-15T10:56:40+00:00\" \/>\n<meta property=\"article:modified_time\" content=\"2025-03-27T14:30:03+00:00\" \/>\n<meta property=\"og:image\" content=\"https:\/\/www.iemj.org\/wp-content\/uploads\/2022\/12\/Logo-article-2.jpg\" \/>\n\t<meta property=\"og:image:width\" content=\"500\" \/>\n\t<meta property=\"og:image:height\" content=\"500\" \/>\n\t<meta property=\"og:image:type\" content=\"image\/jpeg\" \/>\n<meta name=\"author\" content=\"Jacqueline ROTEN\" \/>\n<meta name=\"twitter:card\" content=\"summary_large_image\" \/>\n<meta name=\"twitter:label1\" content=\"Written by\" \/>\n\t<meta name=\"twitter:data1\" content=\"Jacqueline ROTEN\" \/>\n\t<meta name=\"twitter:label2\" content=\"Est. reading time\" \/>\n\t<meta name=\"twitter:data2\" content=\"3 minutes\" \/>\n<script type=\"application\/ld+json\" class=\"yoast-schema-graph\">{\"@context\":\"https:\\\/\\\/schema.org\",\"@graph\":[{\"@type\":\"Article\",\"@id\":\"https:\\\/\\\/www.iemj.org\\\/en\\\/michel-heymann-confie-lensemble-de-ses-archives-musicales-a-liemj\\\/#article\",\"isPartOf\":{\"@id\":\"https:\\\/\\\/www.iemj.org\\\/en\\\/michel-heymann-confie-lensemble-de-ses-archives-musicales-a-liemj\\\/\"},\"author\":{\"name\":\"Jacqueline ROTEN\",\"@id\":\"https:\\\/\\\/www.iemj.org\\\/en\\\/#\\\/schema\\\/person\\\/358e26c18aca017fcc4cc15437f7279c\"},\"headline\":\"Michel Heymann has entrusted his entire music archives to the EIJM\",\"datePublished\":\"2022-12-15T10:56:40+00:00\",\"dateModified\":\"2025-03-27T14:30:03+00:00\",\"mainEntityOfPage\":{\"@id\":\"https:\\\/\\\/www.iemj.org\\\/en\\\/michel-heymann-confie-lensemble-de-ses-archives-musicales-a-liemj\\\/\"},\"wordCount\":346,\"publisher\":{\"@id\":\"https:\\\/\\\/www.iemj.org\\\/en\\\/#organization\"},\"image\":{\"@id\":\"https:\\\/\\\/www.iemj.org\\\/en\\\/michel-heymann-confie-lensemble-de-ses-archives-musicales-a-liemj\\\/#primaryimage\"},\"thumbnailUrl\":\"https:\\\/\\\/www.iemj.org\\\/wp-content\\\/uploads\\\/2022\\\/12\\\/Logo-article-2.jpg\",\"articleSection\":[\"News\"],\"inLanguage\":\"en-US\"},{\"@type\":\"WebPage\",\"@id\":\"https:\\\/\\\/www.iemj.org\\\/en\\\/michel-heymann-confie-lensemble-de-ses-archives-musicales-a-liemj\\\/\",\"url\":\"https:\\\/\\\/www.iemj.org\\\/en\\\/michel-heymann-confie-lensemble-de-ses-archives-musicales-a-liemj\\\/\",\"name\":\"Michel Heymann has entrusted his entire music archives to the EIJM - Institut Europ\u00e9en des Musiques Juives\",\"isPartOf\":{\"@id\":\"https:\\\/\\\/www.iemj.org\\\/en\\\/#website\"},\"primaryImageOfPage\":{\"@id\":\"https:\\\/\\\/www.iemj.org\\\/en\\\/michel-heymann-confie-lensemble-de-ses-archives-musicales-a-liemj\\\/#primaryimage\"},\"image\":{\"@id\":\"https:\\\/\\\/www.iemj.org\\\/en\\\/michel-heymann-confie-lensemble-de-ses-archives-musicales-a-liemj\\\/#primaryimage\"},\"thumbnailUrl\":\"https:\\\/\\\/www.iemj.org\\\/wp-content\\\/uploads\\\/2022\\\/12\\\/Logo-article-2.jpg\",\"datePublished\":\"2022-12-15T10:56:40+00:00\",\"dateModified\":\"2025-03-27T14:30:03+00:00\",\"breadcrumb\":{\"@id\":\"https:\\\/\\\/www.iemj.org\\\/en\\\/michel-heymann-confie-lensemble-de-ses-archives-musicales-a-liemj\\\/#breadcrumb\"},\"inLanguage\":\"en-US\",\"potentialAction\":[{\"@type\":\"ReadAction\",\"target\":[\"https:\\\/\\\/www.iemj.org\\\/en\\\/michel-heymann-confie-lensemble-de-ses-archives-musicales-a-liemj\\\/\"]}]},{\"@type\":\"ImageObject\",\"inLanguage\":\"en-US\",\"@id\":\"https:\\\/\\\/www.iemj.org\\\/en\\\/michel-heymann-confie-lensemble-de-ses-archives-musicales-a-liemj\\\/#primaryimage\",\"url\":\"https:\\\/\\\/www.iemj.org\\\/wp-content\\\/uploads\\\/2022\\\/12\\\/Logo-article-2.jpg\",\"contentUrl\":\"https:\\\/\\\/www.iemj.org\\\/wp-content\\\/uploads\\\/2022\\\/12\\\/Logo-article-2.jpg\",\"width\":500,\"height\":500},{\"@type\":\"BreadcrumbList\",\"@id\":\"https:\\\/\\\/www.iemj.org\\\/en\\\/michel-heymann-confie-lensemble-de-ses-archives-musicales-a-liemj\\\/#breadcrumb\",\"itemListElement\":[{\"@type\":\"ListItem\",\"position\":1,\"name\":\"Accueil\",\"item\":\"https:\\\/\\\/www.iemj.org\\\/en\\\/\"},{\"@type\":\"ListItem\",\"position\":2,\"name\":\"Michel Heymann has entrusted his entire music archives to the EIJM\"}]},{\"@type\":\"WebSite\",\"@id\":\"https:\\\/\\\/www.iemj.org\\\/en\\\/#website\",\"url\":\"https:\\\/\\\/www.iemj.org\\\/en\\\/\",\"name\":\"Institut Europ\u00e9en des Musiques Juives\",\"description\":\"Des traditions musicales \u00e0 la port\u00e9e de tous\",\"publisher\":{\"@id\":\"https:\\\/\\\/www.iemj.org\\\/en\\\/#organization\"},\"potentialAction\":[{\"@type\":\"SearchAction\",\"target\":{\"@type\":\"EntryPoint\",\"urlTemplate\":\"https:\\\/\\\/www.iemj.org\\\/en\\\/?s={search_term_string}\"},\"query-input\":{\"@type\":\"PropertyValueSpecification\",\"valueRequired\":true,\"valueName\":\"search_term_string\"}}],\"inLanguage\":\"en-US\"},{\"@type\":\"Organization\",\"@id\":\"https:\\\/\\\/www.iemj.org\\\/en\\\/#organization\",\"name\":\"Institut Europ\u00e9en des Musiques Juives\",\"url\":\"https:\\\/\\\/www.iemj.org\\\/en\\\/\",\"logo\":{\"@type\":\"ImageObject\",\"inLanguage\":\"en-US\",\"@id\":\"https:\\\/\\\/www.iemj.org\\\/en\\\/#\\\/schema\\\/logo\\\/image\\\/\",\"url\":\"https:\\\/\\\/www.iemj.org\\\/wp-content\\\/uploads\\\/2021\\\/09\\\/Logo-IEMJ-Paypal.jpg\",\"contentUrl\":\"https:\\\/\\\/www.iemj.org\\\/wp-content\\\/uploads\\\/2021\\\/09\\\/Logo-IEMJ-Paypal.jpg\",\"width\":150,\"height\":50,\"caption\":\"Institut Europ\u00e9en des Musiques Juives\"},\"image\":{\"@id\":\"https:\\\/\\\/www.iemj.org\\\/en\\\/#\\\/schema\\\/logo\\\/image\\\/\"},\"sameAs\":[\"https:\\\/\\\/www.facebook.com\\\/MusiquesJuives\\\/\",\"https:\\\/\\\/www.instagram.com\\\/musiquesjuives\\\/\",\"https:\\\/\\\/www.youtube.com\\\/user\\\/musiquesjuives\"]},{\"@type\":\"Person\",\"@id\":\"https:\\\/\\\/www.iemj.org\\\/en\\\/#\\\/schema\\\/person\\\/358e26c18aca017fcc4cc15437f7279c\",\"name\":\"Jacqueline ROTEN\",\"image\":{\"@type\":\"ImageObject\",\"inLanguage\":\"en-US\",\"@id\":\"https:\\\/\\\/secure.gravatar.com\\\/avatar\\\/5964256d6c6957de3a3505278957e0fb2a35119ac47ea41827a65301213c810b?s=96&d=mm&r=g\",\"url\":\"https:\\\/\\\/secure.gravatar.com\\\/avatar\\\/5964256d6c6957de3a3505278957e0fb2a35119ac47ea41827a65301213c810b?s=96&d=mm&r=g\",\"contentUrl\":\"https:\\\/\\\/secure.gravatar.com\\\/avatar\\\/5964256d6c6957de3a3505278957e0fb2a35119ac47ea41827a65301213c810b?s=96&d=mm&r=g\",\"caption\":\"Jacqueline ROTEN\"}}]}<\/script>\n<!-- \/ Yoast SEO plugin. -->","yoast_head_json":{"title":"Michel Heymann has entrusted his entire music archives to the EIJM - Institut Europ\u00e9en des Musiques Juives","robots":{"index":"index","follow":"follow","max-snippet":"max-snippet:-1","max-image-preview":"max-image-preview:large","max-video-preview":"max-video-preview:-1"},"canonical":"https:\/\/www.iemj.org\/en\/michel-heymann-confie-lensemble-de-ses-archives-musicales-a-liemj\/","og_locale":"en_US","og_type":"article","og_title":"Michel Heymann has entrusted his entire music archives to the EIJM - Institut Europ\u00e9en des Musiques Juives","og_description":"Michel Heymann is one of the last holders of the Achkenazi liturgy of the Rhine Valley. Born in 1952 in Strasbourg, he learned the liturgy from Bertrand Joseph, a former","og_url":"https:\/\/www.iemj.org\/en\/michel-heymann-confie-lensemble-de-ses-archives-musicales-a-liemj\/","og_site_name":"Institut Europ\u00e9en des Musiques Juives","article_publisher":"https:\/\/www.facebook.com\/MusiquesJuives\/","article_published_time":"2022-12-15T10:56:40+00:00","article_modified_time":"2025-03-27T14:30:03+00:00","og_image":[{"width":500,"height":500,"url":"https:\/\/www.iemj.org\/wp-content\/uploads\/2022\/12\/Logo-article-2.jpg","type":"image\/jpeg"}],"author":"Jacqueline ROTEN","twitter_card":"summary_large_image","twitter_misc":{"Written by":"Jacqueline ROTEN","Est. reading time":"3 minutes"},"schema":{"@context":"https:\/\/schema.org","@graph":[{"@type":"Article","@id":"https:\/\/www.iemj.org\/en\/michel-heymann-confie-lensemble-de-ses-archives-musicales-a-liemj\/#article","isPartOf":{"@id":"https:\/\/www.iemj.org\/en\/michel-heymann-confie-lensemble-de-ses-archives-musicales-a-liemj\/"},"author":{"name":"Jacqueline ROTEN","@id":"https:\/\/www.iemj.org\/en\/#\/schema\/person\/358e26c18aca017fcc4cc15437f7279c"},"headline":"Michel Heymann has entrusted his entire music archives to the EIJM","datePublished":"2022-12-15T10:56:40+00:00","dateModified":"2025-03-27T14:30:03+00:00","mainEntityOfPage":{"@id":"https:\/\/www.iemj.org\/en\/michel-heymann-confie-lensemble-de-ses-archives-musicales-a-liemj\/"},"wordCount":346,"publisher":{"@id":"https:\/\/www.iemj.org\/en\/#organization"},"image":{"@id":"https:\/\/www.iemj.org\/en\/michel-heymann-confie-lensemble-de-ses-archives-musicales-a-liemj\/#primaryimage"},"thumbnailUrl":"https:\/\/www.iemj.org\/wp-content\/uploads\/2022\/12\/Logo-article-2.jpg","articleSection":["News"],"inLanguage":"en-US"},{"@type":"WebPage","@id":"https:\/\/www.iemj.org\/en\/michel-heymann-confie-lensemble-de-ses-archives-musicales-a-liemj\/","url":"https:\/\/www.iemj.org\/en\/michel-heymann-confie-lensemble-de-ses-archives-musicales-a-liemj\/","name":"Michel Heymann has entrusted his entire music archives to the EIJM - Institut Europ\u00e9en des Musiques Juives","isPartOf":{"@id":"https:\/\/www.iemj.org\/en\/#website"},"primaryImageOfPage":{"@id":"https:\/\/www.iemj.org\/en\/michel-heymann-confie-lensemble-de-ses-archives-musicales-a-liemj\/#primaryimage"},"image":{"@id":"https:\/\/www.iemj.org\/en\/michel-heymann-confie-lensemble-de-ses-archives-musicales-a-liemj\/#primaryimage"},"thumbnailUrl":"https:\/\/www.iemj.org\/wp-content\/uploads\/2022\/12\/Logo-article-2.jpg","datePublished":"2022-12-15T10:56:40+00:00","dateModified":"2025-03-27T14:30:03+00:00","breadcrumb":{"@id":"https:\/\/www.iemj.org\/en\/michel-heymann-confie-lensemble-de-ses-archives-musicales-a-liemj\/#breadcrumb"},"inLanguage":"en-US","potentialAction":[{"@type":"ReadAction","target":["https:\/\/www.iemj.org\/en\/michel-heymann-confie-lensemble-de-ses-archives-musicales-a-liemj\/"]}]},{"@type":"ImageObject","inLanguage":"en-US","@id":"https:\/\/www.iemj.org\/en\/michel-heymann-confie-lensemble-de-ses-archives-musicales-a-liemj\/#primaryimage","url":"https:\/\/www.iemj.org\/wp-content\/uploads\/2022\/12\/Logo-article-2.jpg","contentUrl":"https:\/\/www.iemj.org\/wp-content\/uploads\/2022\/12\/Logo-article-2.jpg","width":500,"height":500},{"@type":"BreadcrumbList","@id":"https:\/\/www.iemj.org\/en\/michel-heymann-confie-lensemble-de-ses-archives-musicales-a-liemj\/#breadcrumb","itemListElement":[{"@type":"ListItem","position":1,"name":"Accueil","item":"https:\/\/www.iemj.org\/en\/"},{"@type":"ListItem","position":2,"name":"Michel Heymann has entrusted his entire music archives to the EIJM"}]},{"@type":"WebSite","@id":"https:\/\/www.iemj.org\/en\/#website","url":"https:\/\/www.iemj.org\/en\/","name":"Institut Europ\u00e9en des Musiques Juives","description":"Des traditions musicales \u00e0 la port\u00e9e de tous","publisher":{"@id":"https:\/\/www.iemj.org\/en\/#organization"},"potentialAction":[{"@type":"SearchAction","target":{"@type":"EntryPoint","urlTemplate":"https:\/\/www.iemj.org\/en\/?s={search_term_string}"},"query-input":{"@type":"PropertyValueSpecification","valueRequired":true,"valueName":"search_term_string"}}],"inLanguage":"en-US"},{"@type":"Organization","@id":"https:\/\/www.iemj.org\/en\/#organization","name":"Institut Europ\u00e9en des Musiques Juives","url":"https:\/\/www.iemj.org\/en\/","logo":{"@type":"ImageObject","inLanguage":"en-US","@id":"https:\/\/www.iemj.org\/en\/#\/schema\/logo\/image\/","url":"https:\/\/www.iemj.org\/wp-content\/uploads\/2021\/09\/Logo-IEMJ-Paypal.jpg","contentUrl":"https:\/\/www.iemj.org\/wp-content\/uploads\/2021\/09\/Logo-IEMJ-Paypal.jpg","width":150,"height":50,"caption":"Institut Europ\u00e9en des Musiques Juives"},"image":{"@id":"https:\/\/www.iemj.org\/en\/#\/schema\/logo\/image\/"},"sameAs":["https:\/\/www.facebook.com\/MusiquesJuives\/","https:\/\/www.instagram.com\/musiquesjuives\/","https:\/\/www.youtube.com\/user\/musiquesjuives"]},{"@type":"Person","@id":"https:\/\/www.iemj.org\/en\/#\/schema\/person\/358e26c18aca017fcc4cc15437f7279c","name":"Jacqueline ROTEN","image":{"@type":"ImageObject","inLanguage":"en-US","@id":"https:\/\/secure.gravatar.com\/avatar\/5964256d6c6957de3a3505278957e0fb2a35119ac47ea41827a65301213c810b?s=96&d=mm&r=g","url":"https:\/\/secure.gravatar.com\/avatar\/5964256d6c6957de3a3505278957e0fb2a35119ac47ea41827a65301213c810b?s=96&d=mm&r=g","contentUrl":"https:\/\/secure.gravatar.com\/avatar\/5964256d6c6957de3a3505278957e0fb2a35119ac47ea41827a65301213c810b?s=96&d=mm&r=g","caption":"Jacqueline ROTEN"}}]}},"_links":{"self":[{"href":"https:\/\/www.iemj.org\/en\/wp-json\/wp\/v2\/posts\/91183","targetHints":{"allow":["GET"]}}],"collection":[{"href":"https:\/\/www.iemj.org\/en\/wp-json\/wp\/v2\/posts"}],"about":[{"href":"https:\/\/www.iemj.org\/en\/wp-json\/wp\/v2\/types\/post"}],"author":[{"embeddable":true,"href":"https:\/\/www.iemj.org\/en\/wp-json\/wp\/v2\/users\/5"}],"replies":[{"embeddable":true,"href":"https:\/\/www.iemj.org\/en\/wp-json\/wp\/v2\/comments?post=91183"}],"version-history":[{"count":0,"href":"https:\/\/www.iemj.org\/en\/wp-json\/wp\/v2\/posts\/91183\/revisions"}],"wp:featuredmedia":[{"embeddable":true,"href":"https:\/\/www.iemj.org\/en\/wp-json\/wp\/v2\/media\/91117"}],"wp:attachment":[{"href":"https:\/\/www.iemj.org\/en\/wp-json\/wp\/v2\/media?parent=91183"}],"wp:term":[{"taxonomy":"category","embeddable":true,"href":"https:\/\/www.iemj.org\/en\/wp-json\/wp\/v2\/categories?post=91183"},{"taxonomy":"post_tag","embeddable":true,"href":"https:\/\/www.iemj.org\/en\/wp-json\/wp\/v2\/tags?post=91183"},{"taxonomy":"technique","embeddable":true,"href":"https:\/\/www.iemj.org\/en\/wp-json\/wp\/v2\/technique?post=91183"},{"taxonomy":"squelettes","embeddable":true,"href":"https:\/\/www.iemj.org\/en\/wp-json\/wp\/v2\/squelettes?post=91183"},{"taxonomy":"sujet","embeddable":true,"href":"https:\/\/www.iemj.org\/en\/wp-json\/wp\/v2\/sujet?post=91183"},{"taxonomy":"formation","embeddable":true,"href":"https:\/\/www.iemj.org\/en\/wp-json\/wp\/v2\/formation?post=91183"},{"taxonomy":"genre","embeddable":true,"href":"https:\/\/www.iemj.org\/en\/wp-json\/wp\/v2\/genre?post=91183"},{"taxonomy":"fonds","embeddable":true,"href":"https:\/\/www.iemj.org\/en\/wp-json\/wp\/v2\/fonds?post=91183"},{"taxonomy":"tradition","embeddable":true,"href":"https:\/\/www.iemj.org\/en\/wp-json\/wp\/v2\/tradition?post=91183"},{"taxonomy":"type-de-contenu","embeddable":true,"href":"https:\/\/www.iemj.org\/en\/wp-json\/wp\/v2\/type-de-contenu?post=91183"},{"taxonomy":"interprete-compositeur","embeddable":true,"href":"https:\/\/www.iemj.org\/en\/wp-json\/wp\/v2\/interprete-compositeur?post=91183"},{"taxonomy":"frise","embeddable":true,"href":"https:\/\/www.iemj.org\/en\/wp-json\/wp\/v2\/frise?post=91183"},{"taxonomy":"type-devenement","embeddable":true,"href":"https:\/\/www.iemj.org\/en\/wp-json\/wp\/v2\/type-devenement?post=91183"},{"taxonomy":"tableaux-liens-externes","embeddable":true,"href":"https:\/\/www.iemj.org\/en\/wp-json\/wp\/v2\/tableaux-liens-externes?post=91183"}],"curies":[{"name":"wp","href":"https:\/\/api.w.org\/{rel}","templated":true}]}}