{"id":93006,"date":"2023-01-20T13:33:33","date_gmt":"2023-01-20T12:33:33","guid":{"rendered":"https:\/\/www.iemj.org\/jacinta-entre-chansons-yiddish-judeo-espagnole-et-tango\/"},"modified":"2023-01-24T17:12:44","modified_gmt":"2023-01-24T16:12:44","slug":"jacinta-entre-chansons-yiddish-judeo-espagnole-et-tango","status":"publish","type":"post","link":"https:\/\/www.iemj.org\/en\/jacinta-entre-chansons-yiddish-judeo-espagnole-et-tango\/","title":{"rendered":"Jacinta, between Yiddish, Judeo-Spanish songs and tango"},"content":{"rendered":"<p>This two-part interview with <span lang=\"DE\"><a href=\"https:\/\/www.iemj.org\/en\/jacinta-5\/\" target=\"_blank\" rel=\"noopener\">Jacinta<\/a><\/span>, conducted on May 22, 2022, traces the life of this multi-faceted artist, from her childhood in Argentina in the 1950s, to her arrival in Paris in the late 1970s, to her musical encounters and her involvement in the creation of an intergenerational choir, the <span lang=\"DE\"><a href=\"https:\/\/www.iemj.org\/en\/jacintas-zingers\/\" target=\"_blank\" rel=\"noopener\">Jacintas Zingers<\/a><\/span>.<\/p>\n<p class=\"Standard\">This life course is punctuated by songs of the artist accompanied by the guitar.<\/p>\n<p>In the third video, Jacinta pays tribute to <span lang=\"DE\"><a href=\"https:\/\/fr.wikipedia.org\/wiki\/Clarisse_Nico%C3%AFdski\">Clarisse Nico\u00efdski<\/a><\/span>, considered by <a href=\"https:\/\/en.wikipedia.org\/wiki\/Ha%C3%AFm_Vidal_S%C3%A9phiha\" target=\"_blank\" rel=\"noopener\">Ha\u00efm Vidal S\u00e9phiha<\/a> as the last Judeo-Spanish poetess.<\/p>\n<ul>\n<li><a href=\"https:\/\/www.iemj.org\/en\/jacinta-5\/\" target=\"_blank\" rel=\"noopener\">More about Jacinta<\/a><\/li>\n<li><a href=\"https:\/\/www.iemj.org\/en\/jacintas-zingers\/\" target=\"_blank\" rel=\"noopener\">More about the Jacintas Zingers<\/a><\/li>\n<li><a href=\"https:\/\/www.iemj.org\/en\/jacinta-une-vie-en-chanson\/\" target=\"_blank\" rel=\"noopener\">Listen to a selection of songs performed by Jacinta<\/a><\/li>\n<li><a href=\"http:\/\/www.rachelnet.net\/F\/?func=find-c&amp;ccl_term=WRD%3DJacinta+sauf+wty%3D%28plage+ou+extrait+ou+partition%29&amp;local_base=iemcg&amp;x=9&amp;y=16\" target=\"_blank\" rel=\"noopener\">Consult Jacinta&#8217;s photographic archives and her audio recordings<\/a><\/li>\n<\/ul>\n<p><a href=\"#_ftnref1\" name=\"_ftn1\"><\/a><\/p>\n<p><strong>Jacinta&#8217;s interview, conducted on May 22, 2022 &#8211; Part 1<\/strong><\/p>\n\n\n<figure class=\"wp-block-embed is-provider-youtube wp-block-embed-youtube\"><div class=\"wp-block-embed__wrapper\">\n<iframe title=\"Partie 1 : Jacinta, entre chansons yiddish, jud\u00e9o-espagnole et tango\" width=\"640\" height=\"360\" src=\"https:\/\/www.youtube.com\/embed\/vrYe7MX-qOA?feature=oembed\" frameborder=\"0\" allow=\"accelerometer; autoplay; clipboard-write; encrypted-media; gyroscope; picture-in-picture; web-share\" referrerpolicy=\"strict-origin-when-cross-origin\" allowfullscreen><\/iframe> \n<\/div><\/figure>\n\n\n<p><strong>Jacinta&#8217;s interview, conducted on May 22, 2022 &#8211; Part 2<\/strong><\/p>\n\n\n<figure class=\"wp-block-embed is-provider-youtube wp-block-embed-youtube\"><div class=\"wp-block-embed__wrapper\">\n<iframe title=\"Partie 2 : Jacinta, entre chansons yiddish, jud\u00e9o-espagnole et tango\" width=\"640\" height=\"360\" src=\"https:\/\/www.youtube.com\/embed\/_mmFnuGJv-g?feature=oembed\" frameborder=\"0\" allow=\"accelerometer; autoplay; clipboard-write; encrypted-media; gyroscope; picture-in-picture; web-share\" referrerpolicy=\"strict-origin-when-cross-origin\" allowfullscreen><\/iframe> \n<\/div><\/figure>\n\n\n<p><strong>Jacinta&#8217;s Tribute to Clarisse Nicoideski<\/strong><\/p>\n\n\n<figure class=\"wp-block-embed is-provider-youtube wp-block-embed-youtube\"><div class=\"wp-block-embed__wrapper\">\n<iframe title=\"Hommage \u00e0 Clarisse Abinun Nico\u00efdski par Jacinta\" width=\"640\" height=\"360\" src=\"https:\/\/www.youtube.com\/embed\/RFt0XFuXQLM?feature=oembed\" frameborder=\"0\" allow=\"accelerometer; autoplay; clipboard-write; encrypted-media; gyroscope; picture-in-picture; web-share\" referrerpolicy=\"strict-origin-when-cross-origin\" allowfullscreen><\/iframe> \n<\/div><\/figure>\n","protected":false},"excerpt":{"rendered":"<p>This two-part interview with Jacinta, conducted on May 22, 2022, traces the life of this multi-faceted artist, from her childhood in Argentina in the 1950s, to her arrival in Paris<\/p>\n","protected":false},"author":5,"featured_media":92767,"comment_status":"closed","ping_status":"closed","sticky":false,"template":"","format":"standard","meta":{"_acf_changed":false,"footnotes":""},"categories":[952],"tags":[],"technique":[],"squelettes":[],"sujet":[],"formation":[],"genre":[],"fonds":[],"tradition":[],"type-de-contenu":[],"interprete-compositeur":[],"frise":[],"type-devenement":[],"tableaux-liens-externes":[],"class_list":["post-93006","post","type-post","status-publish","format-standard","has-post-thumbnail","hentry","category-tv-programs-videos-en"],"acf":[],"yoast_head":"<!-- This site is optimized with the Yoast SEO plugin v27.3 - https:\/\/yoast.com\/product\/yoast-seo-wordpress\/ -->\n<title>Jacinta, between Yiddish, Judeo-Spanish songs and tango - Institut Europ\u00e9en des Musiques Juives<\/title>\n<meta name=\"robots\" content=\"index, follow, max-snippet:-1, max-image-preview:large, max-video-preview:-1\" \/>\n<link rel=\"canonical\" href=\"https:\/\/www.iemj.org\/en\/jacinta-entre-chansons-yiddish-judeo-espagnole-et-tango\/\" \/>\n<meta property=\"og:locale\" content=\"en_US\" \/>\n<meta property=\"og:type\" content=\"article\" \/>\n<meta property=\"og:title\" content=\"Jacinta, between Yiddish, Judeo-Spanish songs and tango - Institut Europ\u00e9en des Musiques Juives\" \/>\n<meta property=\"og:description\" content=\"This two-part interview with Jacinta, conducted on May 22, 2022, traces the life of this multi-faceted artist, from her childhood in Argentina in the 1950s, to her arrival in Paris\" \/>\n<meta property=\"og:url\" content=\"https:\/\/www.iemj.org\/en\/jacinta-entre-chansons-yiddish-judeo-espagnole-et-tango\/\" \/>\n<meta property=\"og:site_name\" content=\"Institut Europ\u00e9en des Musiques Juives\" \/>\n<meta property=\"article:publisher\" content=\"https:\/\/www.facebook.com\/MusiquesJuives\/\" \/>\n<meta property=\"article:published_time\" content=\"2023-01-20T12:33:33+00:00\" \/>\n<meta property=\"article:modified_time\" content=\"2023-01-24T16:12:44+00:00\" \/>\n<meta property=\"og:image\" content=\"https:\/\/www.iemj.org\/wp-content\/uploads\/2023\/01\/Logo-Video.jpg\" \/>\n\t<meta property=\"og:image:width\" content=\"500\" \/>\n\t<meta property=\"og:image:height\" content=\"500\" \/>\n\t<meta property=\"og:image:type\" content=\"image\/jpeg\" \/>\n<meta name=\"author\" content=\"Jacqueline ROTEN\" \/>\n<meta name=\"twitter:card\" content=\"summary_large_image\" \/>\n<meta name=\"twitter:label1\" content=\"Written by\" \/>\n\t<meta name=\"twitter:data1\" content=\"Jacqueline ROTEN\" \/>\n\t<meta name=\"twitter:label2\" content=\"Est. reading time\" \/>\n\t<meta name=\"twitter:data2\" content=\"1 minute\" \/>\n<script type=\"application\/ld+json\" class=\"yoast-schema-graph\">{\"@context\":\"https:\\\/\\\/schema.org\",\"@graph\":[{\"@type\":\"Article\",\"@id\":\"https:\\\/\\\/www.iemj.org\\\/en\\\/jacinta-entre-chansons-yiddish-judeo-espagnole-et-tango\\\/#article\",\"isPartOf\":{\"@id\":\"https:\\\/\\\/www.iemj.org\\\/en\\\/jacinta-entre-chansons-yiddish-judeo-espagnole-et-tango\\\/\"},\"author\":{\"name\":\"Jacqueline ROTEN\",\"@id\":\"https:\\\/\\\/www.iemj.org\\\/en\\\/#\\\/schema\\\/person\\\/358e26c18aca017fcc4cc15437f7279c\"},\"headline\":\"Jacinta, between Yiddish, Judeo-Spanish songs and tango\",\"datePublished\":\"2023-01-20T12:33:33+00:00\",\"dateModified\":\"2023-01-24T16:12:44+00:00\",\"mainEntityOfPage\":{\"@id\":\"https:\\\/\\\/www.iemj.org\\\/en\\\/jacinta-entre-chansons-yiddish-judeo-espagnole-et-tango\\\/\"},\"wordCount\":155,\"publisher\":{\"@id\":\"https:\\\/\\\/www.iemj.org\\\/en\\\/#organization\"},\"image\":{\"@id\":\"https:\\\/\\\/www.iemj.org\\\/en\\\/jacinta-entre-chansons-yiddish-judeo-espagnole-et-tango\\\/#primaryimage\"},\"thumbnailUrl\":\"https:\\\/\\\/www.iemj.org\\\/wp-content\\\/uploads\\\/2023\\\/01\\\/Logo-Video.jpg\",\"articleSection\":[\"TV programs \\\/ Videos\"],\"inLanguage\":\"en-US\"},{\"@type\":\"WebPage\",\"@id\":\"https:\\\/\\\/www.iemj.org\\\/en\\\/jacinta-entre-chansons-yiddish-judeo-espagnole-et-tango\\\/\",\"url\":\"https:\\\/\\\/www.iemj.org\\\/en\\\/jacinta-entre-chansons-yiddish-judeo-espagnole-et-tango\\\/\",\"name\":\"Jacinta, between Yiddish, Judeo-Spanish songs and tango - Institut Europ\u00e9en des Musiques Juives\",\"isPartOf\":{\"@id\":\"https:\\\/\\\/www.iemj.org\\\/en\\\/#website\"},\"primaryImageOfPage\":{\"@id\":\"https:\\\/\\\/www.iemj.org\\\/en\\\/jacinta-entre-chansons-yiddish-judeo-espagnole-et-tango\\\/#primaryimage\"},\"image\":{\"@id\":\"https:\\\/\\\/www.iemj.org\\\/en\\\/jacinta-entre-chansons-yiddish-judeo-espagnole-et-tango\\\/#primaryimage\"},\"thumbnailUrl\":\"https:\\\/\\\/www.iemj.org\\\/wp-content\\\/uploads\\\/2023\\\/01\\\/Logo-Video.jpg\",\"datePublished\":\"2023-01-20T12:33:33+00:00\",\"dateModified\":\"2023-01-24T16:12:44+00:00\",\"breadcrumb\":{\"@id\":\"https:\\\/\\\/www.iemj.org\\\/en\\\/jacinta-entre-chansons-yiddish-judeo-espagnole-et-tango\\\/#breadcrumb\"},\"inLanguage\":\"en-US\",\"potentialAction\":[{\"@type\":\"ReadAction\",\"target\":[\"https:\\\/\\\/www.iemj.org\\\/en\\\/jacinta-entre-chansons-yiddish-judeo-espagnole-et-tango\\\/\"]}]},{\"@type\":\"ImageObject\",\"inLanguage\":\"en-US\",\"@id\":\"https:\\\/\\\/www.iemj.org\\\/en\\\/jacinta-entre-chansons-yiddish-judeo-espagnole-et-tango\\\/#primaryimage\",\"url\":\"https:\\\/\\\/www.iemj.org\\\/wp-content\\\/uploads\\\/2023\\\/01\\\/Logo-Video.jpg\",\"contentUrl\":\"https:\\\/\\\/www.iemj.org\\\/wp-content\\\/uploads\\\/2023\\\/01\\\/Logo-Video.jpg\",\"width\":500,\"height\":500},{\"@type\":\"BreadcrumbList\",\"@id\":\"https:\\\/\\\/www.iemj.org\\\/en\\\/jacinta-entre-chansons-yiddish-judeo-espagnole-et-tango\\\/#breadcrumb\",\"itemListElement\":[{\"@type\":\"ListItem\",\"position\":1,\"name\":\"Accueil\",\"item\":\"https:\\\/\\\/www.iemj.org\\\/en\\\/\"},{\"@type\":\"ListItem\",\"position\":2,\"name\":\"Jacinta, between Yiddish, Judeo-Spanish songs and tango\"}]},{\"@type\":\"WebSite\",\"@id\":\"https:\\\/\\\/www.iemj.org\\\/en\\\/#website\",\"url\":\"https:\\\/\\\/www.iemj.org\\\/en\\\/\",\"name\":\"Institut Europ\u00e9en des Musiques Juives\",\"description\":\"Des traditions musicales \u00e0 la port\u00e9e de tous\",\"publisher\":{\"@id\":\"https:\\\/\\\/www.iemj.org\\\/en\\\/#organization\"},\"potentialAction\":[{\"@type\":\"SearchAction\",\"target\":{\"@type\":\"EntryPoint\",\"urlTemplate\":\"https:\\\/\\\/www.iemj.org\\\/en\\\/?s={search_term_string}\"},\"query-input\":{\"@type\":\"PropertyValueSpecification\",\"valueRequired\":true,\"valueName\":\"search_term_string\"}}],\"inLanguage\":\"en-US\"},{\"@type\":\"Organization\",\"@id\":\"https:\\\/\\\/www.iemj.org\\\/en\\\/#organization\",\"name\":\"Institut Europ\u00e9en des Musiques Juives\",\"url\":\"https:\\\/\\\/www.iemj.org\\\/en\\\/\",\"logo\":{\"@type\":\"ImageObject\",\"inLanguage\":\"en-US\",\"@id\":\"https:\\\/\\\/www.iemj.org\\\/en\\\/#\\\/schema\\\/logo\\\/image\\\/\",\"url\":\"https:\\\/\\\/www.iemj.org\\\/wp-content\\\/uploads\\\/2021\\\/09\\\/Logo-IEMJ-Paypal.jpg\",\"contentUrl\":\"https:\\\/\\\/www.iemj.org\\\/wp-content\\\/uploads\\\/2021\\\/09\\\/Logo-IEMJ-Paypal.jpg\",\"width\":150,\"height\":50,\"caption\":\"Institut Europ\u00e9en des Musiques Juives\"},\"image\":{\"@id\":\"https:\\\/\\\/www.iemj.org\\\/en\\\/#\\\/schema\\\/logo\\\/image\\\/\"},\"sameAs\":[\"https:\\\/\\\/www.facebook.com\\\/MusiquesJuives\\\/\",\"https:\\\/\\\/www.instagram.com\\\/musiquesjuives\\\/\",\"https:\\\/\\\/www.youtube.com\\\/user\\\/musiquesjuives\"]},{\"@type\":\"Person\",\"@id\":\"https:\\\/\\\/www.iemj.org\\\/en\\\/#\\\/schema\\\/person\\\/358e26c18aca017fcc4cc15437f7279c\",\"name\":\"Jacqueline ROTEN\",\"image\":{\"@type\":\"ImageObject\",\"inLanguage\":\"en-US\",\"@id\":\"https:\\\/\\\/secure.gravatar.com\\\/avatar\\\/5964256d6c6957de3a3505278957e0fb2a35119ac47ea41827a65301213c810b?s=96&d=mm&r=g\",\"url\":\"https:\\\/\\\/secure.gravatar.com\\\/avatar\\\/5964256d6c6957de3a3505278957e0fb2a35119ac47ea41827a65301213c810b?s=96&d=mm&r=g\",\"contentUrl\":\"https:\\\/\\\/secure.gravatar.com\\\/avatar\\\/5964256d6c6957de3a3505278957e0fb2a35119ac47ea41827a65301213c810b?s=96&d=mm&r=g\",\"caption\":\"Jacqueline ROTEN\"}}]}<\/script>\n<!-- \/ Yoast SEO plugin. -->","yoast_head_json":{"title":"Jacinta, between Yiddish, Judeo-Spanish songs and tango - Institut Europ\u00e9en des Musiques Juives","robots":{"index":"index","follow":"follow","max-snippet":"max-snippet:-1","max-image-preview":"max-image-preview:large","max-video-preview":"max-video-preview:-1"},"canonical":"https:\/\/www.iemj.org\/en\/jacinta-entre-chansons-yiddish-judeo-espagnole-et-tango\/","og_locale":"en_US","og_type":"article","og_title":"Jacinta, between Yiddish, Judeo-Spanish songs and tango - Institut Europ\u00e9en des Musiques Juives","og_description":"This two-part interview with Jacinta, conducted on May 22, 2022, traces the life of this multi-faceted artist, from her childhood in Argentina in the 1950s, to her arrival in Paris","og_url":"https:\/\/www.iemj.org\/en\/jacinta-entre-chansons-yiddish-judeo-espagnole-et-tango\/","og_site_name":"Institut Europ\u00e9en des Musiques Juives","article_publisher":"https:\/\/www.facebook.com\/MusiquesJuives\/","article_published_time":"2023-01-20T12:33:33+00:00","article_modified_time":"2023-01-24T16:12:44+00:00","og_image":[{"width":500,"height":500,"url":"https:\/\/www.iemj.org\/wp-content\/uploads\/2023\/01\/Logo-Video.jpg","type":"image\/jpeg"}],"author":"Jacqueline ROTEN","twitter_card":"summary_large_image","twitter_misc":{"Written by":"Jacqueline ROTEN","Est. reading time":"1 minute"},"schema":{"@context":"https:\/\/schema.org","@graph":[{"@type":"Article","@id":"https:\/\/www.iemj.org\/en\/jacinta-entre-chansons-yiddish-judeo-espagnole-et-tango\/#article","isPartOf":{"@id":"https:\/\/www.iemj.org\/en\/jacinta-entre-chansons-yiddish-judeo-espagnole-et-tango\/"},"author":{"name":"Jacqueline ROTEN","@id":"https:\/\/www.iemj.org\/en\/#\/schema\/person\/358e26c18aca017fcc4cc15437f7279c"},"headline":"Jacinta, between Yiddish, Judeo-Spanish songs and tango","datePublished":"2023-01-20T12:33:33+00:00","dateModified":"2023-01-24T16:12:44+00:00","mainEntityOfPage":{"@id":"https:\/\/www.iemj.org\/en\/jacinta-entre-chansons-yiddish-judeo-espagnole-et-tango\/"},"wordCount":155,"publisher":{"@id":"https:\/\/www.iemj.org\/en\/#organization"},"image":{"@id":"https:\/\/www.iemj.org\/en\/jacinta-entre-chansons-yiddish-judeo-espagnole-et-tango\/#primaryimage"},"thumbnailUrl":"https:\/\/www.iemj.org\/wp-content\/uploads\/2023\/01\/Logo-Video.jpg","articleSection":["TV programs \/ Videos"],"inLanguage":"en-US"},{"@type":"WebPage","@id":"https:\/\/www.iemj.org\/en\/jacinta-entre-chansons-yiddish-judeo-espagnole-et-tango\/","url":"https:\/\/www.iemj.org\/en\/jacinta-entre-chansons-yiddish-judeo-espagnole-et-tango\/","name":"Jacinta, between Yiddish, Judeo-Spanish songs and tango - Institut Europ\u00e9en des Musiques Juives","isPartOf":{"@id":"https:\/\/www.iemj.org\/en\/#website"},"primaryImageOfPage":{"@id":"https:\/\/www.iemj.org\/en\/jacinta-entre-chansons-yiddish-judeo-espagnole-et-tango\/#primaryimage"},"image":{"@id":"https:\/\/www.iemj.org\/en\/jacinta-entre-chansons-yiddish-judeo-espagnole-et-tango\/#primaryimage"},"thumbnailUrl":"https:\/\/www.iemj.org\/wp-content\/uploads\/2023\/01\/Logo-Video.jpg","datePublished":"2023-01-20T12:33:33+00:00","dateModified":"2023-01-24T16:12:44+00:00","breadcrumb":{"@id":"https:\/\/www.iemj.org\/en\/jacinta-entre-chansons-yiddish-judeo-espagnole-et-tango\/#breadcrumb"},"inLanguage":"en-US","potentialAction":[{"@type":"ReadAction","target":["https:\/\/www.iemj.org\/en\/jacinta-entre-chansons-yiddish-judeo-espagnole-et-tango\/"]}]},{"@type":"ImageObject","inLanguage":"en-US","@id":"https:\/\/www.iemj.org\/en\/jacinta-entre-chansons-yiddish-judeo-espagnole-et-tango\/#primaryimage","url":"https:\/\/www.iemj.org\/wp-content\/uploads\/2023\/01\/Logo-Video.jpg","contentUrl":"https:\/\/www.iemj.org\/wp-content\/uploads\/2023\/01\/Logo-Video.jpg","width":500,"height":500},{"@type":"BreadcrumbList","@id":"https:\/\/www.iemj.org\/en\/jacinta-entre-chansons-yiddish-judeo-espagnole-et-tango\/#breadcrumb","itemListElement":[{"@type":"ListItem","position":1,"name":"Accueil","item":"https:\/\/www.iemj.org\/en\/"},{"@type":"ListItem","position":2,"name":"Jacinta, between Yiddish, Judeo-Spanish songs and tango"}]},{"@type":"WebSite","@id":"https:\/\/www.iemj.org\/en\/#website","url":"https:\/\/www.iemj.org\/en\/","name":"Institut Europ\u00e9en des Musiques Juives","description":"Des traditions musicales \u00e0 la port\u00e9e de tous","publisher":{"@id":"https:\/\/www.iemj.org\/en\/#organization"},"potentialAction":[{"@type":"SearchAction","target":{"@type":"EntryPoint","urlTemplate":"https:\/\/www.iemj.org\/en\/?s={search_term_string}"},"query-input":{"@type":"PropertyValueSpecification","valueRequired":true,"valueName":"search_term_string"}}],"inLanguage":"en-US"},{"@type":"Organization","@id":"https:\/\/www.iemj.org\/en\/#organization","name":"Institut Europ\u00e9en des Musiques Juives","url":"https:\/\/www.iemj.org\/en\/","logo":{"@type":"ImageObject","inLanguage":"en-US","@id":"https:\/\/www.iemj.org\/en\/#\/schema\/logo\/image\/","url":"https:\/\/www.iemj.org\/wp-content\/uploads\/2021\/09\/Logo-IEMJ-Paypal.jpg","contentUrl":"https:\/\/www.iemj.org\/wp-content\/uploads\/2021\/09\/Logo-IEMJ-Paypal.jpg","width":150,"height":50,"caption":"Institut Europ\u00e9en des Musiques Juives"},"image":{"@id":"https:\/\/www.iemj.org\/en\/#\/schema\/logo\/image\/"},"sameAs":["https:\/\/www.facebook.com\/MusiquesJuives\/","https:\/\/www.instagram.com\/musiquesjuives\/","https:\/\/www.youtube.com\/user\/musiquesjuives"]},{"@type":"Person","@id":"https:\/\/www.iemj.org\/en\/#\/schema\/person\/358e26c18aca017fcc4cc15437f7279c","name":"Jacqueline ROTEN","image":{"@type":"ImageObject","inLanguage":"en-US","@id":"https:\/\/secure.gravatar.com\/avatar\/5964256d6c6957de3a3505278957e0fb2a35119ac47ea41827a65301213c810b?s=96&d=mm&r=g","url":"https:\/\/secure.gravatar.com\/avatar\/5964256d6c6957de3a3505278957e0fb2a35119ac47ea41827a65301213c810b?s=96&d=mm&r=g","contentUrl":"https:\/\/secure.gravatar.com\/avatar\/5964256d6c6957de3a3505278957e0fb2a35119ac47ea41827a65301213c810b?s=96&d=mm&r=g","caption":"Jacqueline ROTEN"}}]}},"_links":{"self":[{"href":"https:\/\/www.iemj.org\/en\/wp-json\/wp\/v2\/posts\/93006","targetHints":{"allow":["GET"]}}],"collection":[{"href":"https:\/\/www.iemj.org\/en\/wp-json\/wp\/v2\/posts"}],"about":[{"href":"https:\/\/www.iemj.org\/en\/wp-json\/wp\/v2\/types\/post"}],"author":[{"embeddable":true,"href":"https:\/\/www.iemj.org\/en\/wp-json\/wp\/v2\/users\/5"}],"replies":[{"embeddable":true,"href":"https:\/\/www.iemj.org\/en\/wp-json\/wp\/v2\/comments?post=93006"}],"version-history":[{"count":0,"href":"https:\/\/www.iemj.org\/en\/wp-json\/wp\/v2\/posts\/93006\/revisions"}],"wp:featuredmedia":[{"embeddable":true,"href":"https:\/\/www.iemj.org\/en\/wp-json\/wp\/v2\/media\/92767"}],"wp:attachment":[{"href":"https:\/\/www.iemj.org\/en\/wp-json\/wp\/v2\/media?parent=93006"}],"wp:term":[{"taxonomy":"category","embeddable":true,"href":"https:\/\/www.iemj.org\/en\/wp-json\/wp\/v2\/categories?post=93006"},{"taxonomy":"post_tag","embeddable":true,"href":"https:\/\/www.iemj.org\/en\/wp-json\/wp\/v2\/tags?post=93006"},{"taxonomy":"technique","embeddable":true,"href":"https:\/\/www.iemj.org\/en\/wp-json\/wp\/v2\/technique?post=93006"},{"taxonomy":"squelettes","embeddable":true,"href":"https:\/\/www.iemj.org\/en\/wp-json\/wp\/v2\/squelettes?post=93006"},{"taxonomy":"sujet","embeddable":true,"href":"https:\/\/www.iemj.org\/en\/wp-json\/wp\/v2\/sujet?post=93006"},{"taxonomy":"formation","embeddable":true,"href":"https:\/\/www.iemj.org\/en\/wp-json\/wp\/v2\/formation?post=93006"},{"taxonomy":"genre","embeddable":true,"href":"https:\/\/www.iemj.org\/en\/wp-json\/wp\/v2\/genre?post=93006"},{"taxonomy":"fonds","embeddable":true,"href":"https:\/\/www.iemj.org\/en\/wp-json\/wp\/v2\/fonds?post=93006"},{"taxonomy":"tradition","embeddable":true,"href":"https:\/\/www.iemj.org\/en\/wp-json\/wp\/v2\/tradition?post=93006"},{"taxonomy":"type-de-contenu","embeddable":true,"href":"https:\/\/www.iemj.org\/en\/wp-json\/wp\/v2\/type-de-contenu?post=93006"},{"taxonomy":"interprete-compositeur","embeddable":true,"href":"https:\/\/www.iemj.org\/en\/wp-json\/wp\/v2\/interprete-compositeur?post=93006"},{"taxonomy":"frise","embeddable":true,"href":"https:\/\/www.iemj.org\/en\/wp-json\/wp\/v2\/frise?post=93006"},{"taxonomy":"type-devenement","embeddable":true,"href":"https:\/\/www.iemj.org\/en\/wp-json\/wp\/v2\/type-devenement?post=93006"},{"taxonomy":"tableaux-liens-externes","embeddable":true,"href":"https:\/\/www.iemj.org\/en\/wp-json\/wp\/v2\/tableaux-liens-externes?post=93006"}],"curies":[{"name":"wp","href":"https:\/\/api.w.org\/{rel}","templated":true}]}}