{"id":9423,"date":"2016-02-17T09:50:21","date_gmt":"2016-02-17T08:50:21","guid":{"rendered":"https:\/\/www.iemj.org\/2016\/02\/17\/in-love-and-in-struggle-2\/"},"modified":"2025-10-22T18:01:57","modified_gmt":"2025-10-22T16:01:57","slug":"in-love-and-in-struggle-2","status":"publish","type":"post","link":"https:\/\/www.iemj.org\/en\/in-love-and-in-struggle-2\/","title":{"rendered":"In Love and in Struggle"},"content":{"rendered":"\n<p>This is such an extraordinary album. Massive and wonderful columns of human voice, great soloists such as Adrienne Cooper (z\u2019\u2019l), and a dazzling selection of Yiddish songs from the Jewish Labor Bund, that represented the best of Jewish socialist aspirations in Russia. From the opening &#8220;<strong>Hof un Gleyb<\/strong>&#8221; (Hope and Faith), the album swoops and inspires. Then there are moments such as the quiet &#8220;<strong>Vilna<\/strong>,&#8221; the song invested with an emotional meaning that it lacks when sung as a golden moldy bit of nostalgia. Here, instead, Cooper&#8217;s narrative, describing the founding of the Bund in Vilna, turns the song into an expression of faith. Cooper&#8217;s solos here are so solid, so full of the future, that instead of looking back at was, we are looking forward, with the eyes of the bundists, to the world that was, they believed, to come. And the chorus, that mass of perfect human voices? It provides the emotional ocean in which the solos swim.<\/p>\n\n\n\n<p>Yet, this album is more than nostalgia. Well, parts of this album are more than nostalgia. As I listen to the chorus sing, &#8220;<strong>Hey Hey Daloy Politsey!<\/strong>&#8221; (Hey, Hey, down with the police), I am twice nostalgic : once for the years when this song was new, and when improvising new lyrics was a part of every demonstration, and the wish that we had known of this song back in the Sixties, or Seventies and Eighties and Nineties, as we continue to demonstrate, and continue to fight for social justice.<\/p>\n\n\n<div class=\"wp-block-image\">\n<figure class=\"aligncenter\"><img fetchpriority=\"high\" decoding=\"async\" width=\"953\" height=\"470\" src=\"https:\/\/www.iemj.org\/wp-content\/uploads\/2016\/02\/cd_773_15.jpg\" alt=\"cd_773_15.jpg\" class=\"wp-image-9387\" srcset=\"https:\/\/www.iemj.org\/wp-content\/uploads\/2016\/02\/cd_773_15.jpg 953w, https:\/\/www.iemj.org\/wp-content\/uploads\/2016\/02\/cd_773_15-300x148.jpg 300w, https:\/\/www.iemj.org\/wp-content\/uploads\/2016\/02\/cd_773_15-768x379.jpg 768w, https:\/\/www.iemj.org\/wp-content\/uploads\/2016\/02\/cd_773_15-600x296.jpg 600w\" sizes=\"(max-width: 953px) 100vw, 953px\" \/><\/figure>\n<\/div>\n\n\n<div style=\"height:15px\" aria-hidden=\"true\" class=\"wp-block-spacer\"><\/div>\n\n\n<div class=\"wp-block-image\">\n<figure class=\"alignright\"><img decoding=\"async\" width=\"332\" height=\"292\" src=\"https:\/\/www.iemj.org\/wp-content\/uploads\/2016\/02\/cd_773_couv4_petit.jpg\" alt=\"cd_773_couv4_petit.jpg\" class=\"wp-image-9389\" srcset=\"https:\/\/www.iemj.org\/wp-content\/uploads\/2016\/02\/cd_773_couv4_petit.jpg 332w, https:\/\/www.iemj.org\/wp-content\/uploads\/2016\/02\/cd_773_couv4_petit-300x264.jpg 300w\" sizes=\"(max-width: 332px) 100vw, 332px\" \/><\/figure>\n<\/div>\n\n\n<p>This is an album that can also be listened to with immense pleasure simply for the music. It is simply delicious. This album has been produced in 1999 for the 100-Year Anniversary of the founding of the Bund. And, if today, the Bund is less visible, we have unions, co-ops, and a new generation of organizations to carry on the struggle. For those of us who are activists, today, this album is an inspiration and a moment away from political struggle to enjoy. For those of us who have held back and remained uninvolved, this album is inspiration and proof that it matters, that our participation in the struggle for a better world, for tikkun olam, either religiously, or as secular activists (or both!), matters and has an impact. For those who fear that lack of Yiddish will prevent full enjoyment of this album, be assured that the narratives are in English, and the liner notes containing excellently done English, Yiddish, and transliteration.<\/p>\n\n\n\n<p>All in all, even if only judged by it&#8217;s Musical Legacy, the Jewish Labor Bund has passed on a tradition of power and wonder, and Zalmen Mlotek and the two choruses involved with this CD have done justice to that legacy. Listen and enjoy.<\/p>\n\n\n\n<p><em>Excerpt from a review by Ari Davidow, 7\/18\/99<\/em><\/p>\n\n\n\n<p><a href=\"http:\/\/www.yivoencyclopedia.org\/article.aspx\/Bund\">Learn more about the Bund<\/a><br><a href=\"http:\/\/www.amazon.com\/Struggle-Musical-Legacy-Jewish-Labor\/dp\/B012BUQQPO\">Purchase the CD<\/a><\/p>\n\n\n<div class=\"wp-block-image\">\n<figure class=\"aligncenter size-large\"><img decoding=\"async\" width=\"1024\" height=\"133\" src=\"https:\/\/www.iemj.org\/wp-content\/uploads\/2024\/03\/AUDIO-PLAYER-1024x133.png\" alt=\"\" class=\"wp-image-110608\" srcset=\"https:\/\/www.iemj.org\/wp-content\/uploads\/2024\/03\/AUDIO-PLAYER-1024x133.png 1024w, https:\/\/www.iemj.org\/wp-content\/uploads\/2024\/03\/AUDIO-PLAYER-300x39.png 300w, https:\/\/www.iemj.org\/wp-content\/uploads\/2024\/03\/AUDIO-PLAYER-768x100.png 768w, https:\/\/www.iemj.org\/wp-content\/uploads\/2024\/03\/AUDIO-PLAYER-600x78.png 600w, https:\/\/www.iemj.org\/wp-content\/uploads\/2024\/03\/AUDIO-PLAYER.png 1210w\" sizes=\"(max-width: 1024px) 100vw, 1024px\" \/><\/figure>\n<\/div>\n\n\n<div class=\"wp-block-file\"><a id=\"wp-block-file--media-8ea13448-f6d4-4f54-a9a8-ad4508b2234d\" href=\"https:\/\/www.iemj.org\/wp-content\/uploads\/2016\/02\/cd_773_03_ex.mp3\">Barikadn<\/a><\/div>\n\n\n\n<div class=\"wp-block-file\"><a id=\"wp-block-file--media-4094184a-d446-40c0-9abb-d391cc7c8428\" href=\"https:\/\/www.iemj.org\/wp-content\/uploads\/2016\/02\/cd_773_04_ex.mp3\">Yidn Shmidn<\/a><\/div>\n\n\n\n<div class=\"wp-block-file\"><a id=\"wp-block-file--media-ed0cd381-9668-44b9-ab71-5b406349024a\" href=\"https:\/\/www.iemj.org\/wp-content\/uploads\/2016\/02\/cd_773_09_ex.mp3\">Hulyet, hulyet, beyze vintn!<\/a><\/div>\n\n\n\n<div class=\"wp-block-file\"><a id=\"wp-block-file--media-6acfc148-6aec-4895-8305-1e7a6845a310\" href=\"https:\/\/www.iemj.org\/wp-content\/uploads\/2016\/02\/cd_773_11_ex.mp3\">In ale gasn &#8211; Hey, hey, daloy politsey<\/a><\/div>\n\n\n\n<div class=\"wp-block-file\"><a id=\"wp-block-file--media-fc389da5-e101-4ba9-9218-b97edd844017\" href=\"https:\/\/www.iemj.org\/wp-content\/uploads\/2016\/02\/cd_773_15_ex.mp3\">Di Tsukunft<\/a><\/div>\n\n\n\n<div class=\"wp-block-file\"><a id=\"wp-block-file--media-a3dcfae0-5bd0-4f24-9729-009ffa5a68c1\" href=\"https:\/\/www.iemj.org\/wp-content\/uploads\/2016\/02\/cd_773_17_ex.mp3\">Di Shvue<\/a><\/div>\n","protected":false},"excerpt":{"rendered":"<p>This is such an extraordinary album. Massive and wonderful columns of human voice, great soloists such as Adrienne Cooper (z\u2019\u2019l), and a dazzling selection of Yiddish songs from the Jewish<\/p>\n","protected":false},"author":1048,"featured_media":9421,"comment_status":"closed","ping_status":"open","sticky":false,"template":"","format":"standard","meta":{"_acf_changed":false,"footnotes":""},"categories":[1570],"tags":[],"technique":[],"squelettes":[],"sujet":[],"formation":[],"genre":[],"fonds":[],"tradition":[],"type-de-contenu":[],"interprete-compositeur":[],"frise":[],"type-devenement":[],"tableaux-liens-externes":[],"class_list":["post-9423","post","type-post","status-publish","format-standard","has-post-thumbnail","hentry","category-cd-latest-acquisition-en"],"acf":[],"yoast_head":"<!-- This site is optimized with the Yoast SEO plugin v27.3 - https:\/\/yoast.com\/product\/yoast-seo-wordpress\/ -->\n<title>In Love and in Struggle - Institut Europ\u00e9en des Musiques Juives<\/title>\n<meta name=\"robots\" content=\"index, follow, max-snippet:-1, max-image-preview:large, max-video-preview:-1\" \/>\n<link rel=\"canonical\" href=\"https:\/\/www.iemj.org\/en\/in-love-and-in-struggle-2\/\" \/>\n<meta property=\"og:locale\" content=\"en_US\" \/>\n<meta property=\"og:type\" content=\"article\" \/>\n<meta property=\"og:title\" content=\"In Love and in Struggle - Institut Europ\u00e9en des Musiques Juives\" \/>\n<meta property=\"og:description\" content=\"This is such an extraordinary album. Massive and wonderful columns of human voice, great soloists such as Adrienne Cooper (z\u2019\u2019l), and a dazzling selection of Yiddish songs from the Jewish\" \/>\n<meta property=\"og:url\" content=\"https:\/\/www.iemj.org\/en\/in-love-and-in-struggle-2\/\" \/>\n<meta property=\"og:site_name\" content=\"Institut Europ\u00e9en des Musiques Juives\" \/>\n<meta property=\"article:publisher\" content=\"https:\/\/www.facebook.com\/MusiquesJuives\/\" \/>\n<meta property=\"article:published_time\" content=\"2016-02-17T08:50:21+00:00\" \/>\n<meta property=\"article:modified_time\" content=\"2025-10-22T16:01:57+00:00\" \/>\n<meta property=\"og:image\" content=\"https:\/\/www.iemj.org\/wp-content\/uploads\/2016\/02\/arton1480.jpg\" \/>\n\t<meta property=\"og:image:width\" content=\"982\" \/>\n\t<meta property=\"og:image:height\" content=\"964\" \/>\n\t<meta property=\"og:image:type\" content=\"image\/jpeg\" \/>\n<meta name=\"author\" content=\"Jean-Gabriel Davis\" \/>\n<meta name=\"twitter:card\" content=\"summary_large_image\" \/>\n<meta name=\"twitter:label1\" content=\"Written by\" \/>\n\t<meta name=\"twitter:data1\" content=\"Jean-Gabriel Davis\" \/>\n\t<meta name=\"twitter:label2\" content=\"Est. reading time\" \/>\n\t<meta name=\"twitter:data2\" content=\"4 minutes\" \/>\n<script type=\"application\/ld+json\" class=\"yoast-schema-graph\">{\"@context\":\"https:\\\/\\\/schema.org\",\"@graph\":[{\"@type\":\"Article\",\"@id\":\"https:\\\/\\\/www.iemj.org\\\/en\\\/in-love-and-in-struggle-2\\\/#article\",\"isPartOf\":{\"@id\":\"https:\\\/\\\/www.iemj.org\\\/en\\\/in-love-and-in-struggle-2\\\/\"},\"author\":{\"name\":\"Jean-Gabriel Davis\",\"@id\":\"https:\\\/\\\/www.iemj.org\\\/en\\\/#\\\/schema\\\/person\\\/c9bc1c386a3749579a2d675e72a18666\"},\"headline\":\"In Love and in Struggle\",\"datePublished\":\"2016-02-17T08:50:21+00:00\",\"dateModified\":\"2025-10-22T16:01:57+00:00\",\"mainEntityOfPage\":{\"@id\":\"https:\\\/\\\/www.iemj.org\\\/en\\\/in-love-and-in-struggle-2\\\/\"},\"wordCount\":498,\"publisher\":{\"@id\":\"https:\\\/\\\/www.iemj.org\\\/en\\\/#organization\"},\"image\":{\"@id\":\"https:\\\/\\\/www.iemj.org\\\/en\\\/in-love-and-in-struggle-2\\\/#primaryimage\"},\"thumbnailUrl\":\"https:\\\/\\\/www.iemj.org\\\/wp-content\\\/uploads\\\/2016\\\/02\\\/arton1480.jpg\",\"articleSection\":[\"CD\"],\"inLanguage\":\"en-US\"},{\"@type\":\"WebPage\",\"@id\":\"https:\\\/\\\/www.iemj.org\\\/en\\\/in-love-and-in-struggle-2\\\/\",\"url\":\"https:\\\/\\\/www.iemj.org\\\/en\\\/in-love-and-in-struggle-2\\\/\",\"name\":\"In Love and in Struggle - Institut Europ\u00e9en des Musiques Juives\",\"isPartOf\":{\"@id\":\"https:\\\/\\\/www.iemj.org\\\/en\\\/#website\"},\"primaryImageOfPage\":{\"@id\":\"https:\\\/\\\/www.iemj.org\\\/en\\\/in-love-and-in-struggle-2\\\/#primaryimage\"},\"image\":{\"@id\":\"https:\\\/\\\/www.iemj.org\\\/en\\\/in-love-and-in-struggle-2\\\/#primaryimage\"},\"thumbnailUrl\":\"https:\\\/\\\/www.iemj.org\\\/wp-content\\\/uploads\\\/2016\\\/02\\\/arton1480.jpg\",\"datePublished\":\"2016-02-17T08:50:21+00:00\",\"dateModified\":\"2025-10-22T16:01:57+00:00\",\"breadcrumb\":{\"@id\":\"https:\\\/\\\/www.iemj.org\\\/en\\\/in-love-and-in-struggle-2\\\/#breadcrumb\"},\"inLanguage\":\"en-US\",\"potentialAction\":[{\"@type\":\"ReadAction\",\"target\":[\"https:\\\/\\\/www.iemj.org\\\/en\\\/in-love-and-in-struggle-2\\\/\"]}]},{\"@type\":\"ImageObject\",\"inLanguage\":\"en-US\",\"@id\":\"https:\\\/\\\/www.iemj.org\\\/en\\\/in-love-and-in-struggle-2\\\/#primaryimage\",\"url\":\"https:\\\/\\\/www.iemj.org\\\/wp-content\\\/uploads\\\/2016\\\/02\\\/arton1480.jpg\",\"contentUrl\":\"https:\\\/\\\/www.iemj.org\\\/wp-content\\\/uploads\\\/2016\\\/02\\\/arton1480.jpg\",\"width\":982,\"height\":964},{\"@type\":\"BreadcrumbList\",\"@id\":\"https:\\\/\\\/www.iemj.org\\\/en\\\/in-love-and-in-struggle-2\\\/#breadcrumb\",\"itemListElement\":[{\"@type\":\"ListItem\",\"position\":1,\"name\":\"Accueil\",\"item\":\"https:\\\/\\\/www.iemj.org\\\/en\\\/\"},{\"@type\":\"ListItem\",\"position\":2,\"name\":\"In Love and in Struggle\"}]},{\"@type\":\"WebSite\",\"@id\":\"https:\\\/\\\/www.iemj.org\\\/en\\\/#website\",\"url\":\"https:\\\/\\\/www.iemj.org\\\/en\\\/\",\"name\":\"Institut Europ\u00e9en des Musiques Juives\",\"description\":\"Des traditions musicales \u00e0 la port\u00e9e de tous\",\"publisher\":{\"@id\":\"https:\\\/\\\/www.iemj.org\\\/en\\\/#organization\"},\"potentialAction\":[{\"@type\":\"SearchAction\",\"target\":{\"@type\":\"EntryPoint\",\"urlTemplate\":\"https:\\\/\\\/www.iemj.org\\\/en\\\/?s={search_term_string}\"},\"query-input\":{\"@type\":\"PropertyValueSpecification\",\"valueRequired\":true,\"valueName\":\"search_term_string\"}}],\"inLanguage\":\"en-US\"},{\"@type\":\"Organization\",\"@id\":\"https:\\\/\\\/www.iemj.org\\\/en\\\/#organization\",\"name\":\"Institut Europ\u00e9en des Musiques Juives\",\"url\":\"https:\\\/\\\/www.iemj.org\\\/en\\\/\",\"logo\":{\"@type\":\"ImageObject\",\"inLanguage\":\"en-US\",\"@id\":\"https:\\\/\\\/www.iemj.org\\\/en\\\/#\\\/schema\\\/logo\\\/image\\\/\",\"url\":\"https:\\\/\\\/www.iemj.org\\\/wp-content\\\/uploads\\\/2021\\\/09\\\/Logo-IEMJ-Paypal.jpg\",\"contentUrl\":\"https:\\\/\\\/www.iemj.org\\\/wp-content\\\/uploads\\\/2021\\\/09\\\/Logo-IEMJ-Paypal.jpg\",\"width\":150,\"height\":50,\"caption\":\"Institut Europ\u00e9en des Musiques Juives\"},\"image\":{\"@id\":\"https:\\\/\\\/www.iemj.org\\\/en\\\/#\\\/schema\\\/logo\\\/image\\\/\"},\"sameAs\":[\"https:\\\/\\\/www.facebook.com\\\/MusiquesJuives\\\/\",\"https:\\\/\\\/www.instagram.com\\\/musiquesjuives\\\/\",\"https:\\\/\\\/www.youtube.com\\\/user\\\/musiquesjuives\"]},{\"@type\":\"Person\",\"@id\":\"https:\\\/\\\/www.iemj.org\\\/en\\\/#\\\/schema\\\/person\\\/c9bc1c386a3749579a2d675e72a18666\",\"name\":\"Jean-Gabriel Davis\",\"image\":{\"@type\":\"ImageObject\",\"inLanguage\":\"en-US\",\"@id\":\"https:\\\/\\\/secure.gravatar.com\\\/avatar\\\/2b90d67bdf392c9b3a21fab87c0fa7edaf1fb3a058172a1ffd61033fcec7aec1?s=96&d=mm&r=g\",\"url\":\"https:\\\/\\\/secure.gravatar.com\\\/avatar\\\/2b90d67bdf392c9b3a21fab87c0fa7edaf1fb3a058172a1ffd61033fcec7aec1?s=96&d=mm&r=g\",\"contentUrl\":\"https:\\\/\\\/secure.gravatar.com\\\/avatar\\\/2b90d67bdf392c9b3a21fab87c0fa7edaf1fb3a058172a1ffd61033fcec7aec1?s=96&d=mm&r=g\",\"caption\":\"Jean-Gabriel Davis\"}}]}<\/script>\n<!-- \/ Yoast SEO plugin. -->","yoast_head_json":{"title":"In Love and in Struggle - Institut Europ\u00e9en des Musiques Juives","robots":{"index":"index","follow":"follow","max-snippet":"max-snippet:-1","max-image-preview":"max-image-preview:large","max-video-preview":"max-video-preview:-1"},"canonical":"https:\/\/www.iemj.org\/en\/in-love-and-in-struggle-2\/","og_locale":"en_US","og_type":"article","og_title":"In Love and in Struggle - Institut Europ\u00e9en des Musiques Juives","og_description":"This is such an extraordinary album. Massive and wonderful columns of human voice, great soloists such as Adrienne Cooper (z\u2019\u2019l), and a dazzling selection of Yiddish songs from the Jewish","og_url":"https:\/\/www.iemj.org\/en\/in-love-and-in-struggle-2\/","og_site_name":"Institut Europ\u00e9en des Musiques Juives","article_publisher":"https:\/\/www.facebook.com\/MusiquesJuives\/","article_published_time":"2016-02-17T08:50:21+00:00","article_modified_time":"2025-10-22T16:01:57+00:00","og_image":[{"width":982,"height":964,"url":"https:\/\/www.iemj.org\/wp-content\/uploads\/2016\/02\/arton1480.jpg","type":"image\/jpeg"}],"author":"Jean-Gabriel Davis","twitter_card":"summary_large_image","twitter_misc":{"Written by":"Jean-Gabriel Davis","Est. reading time":"4 minutes"},"schema":{"@context":"https:\/\/schema.org","@graph":[{"@type":"Article","@id":"https:\/\/www.iemj.org\/en\/in-love-and-in-struggle-2\/#article","isPartOf":{"@id":"https:\/\/www.iemj.org\/en\/in-love-and-in-struggle-2\/"},"author":{"name":"Jean-Gabriel Davis","@id":"https:\/\/www.iemj.org\/en\/#\/schema\/person\/c9bc1c386a3749579a2d675e72a18666"},"headline":"In Love and in Struggle","datePublished":"2016-02-17T08:50:21+00:00","dateModified":"2025-10-22T16:01:57+00:00","mainEntityOfPage":{"@id":"https:\/\/www.iemj.org\/en\/in-love-and-in-struggle-2\/"},"wordCount":498,"publisher":{"@id":"https:\/\/www.iemj.org\/en\/#organization"},"image":{"@id":"https:\/\/www.iemj.org\/en\/in-love-and-in-struggle-2\/#primaryimage"},"thumbnailUrl":"https:\/\/www.iemj.org\/wp-content\/uploads\/2016\/02\/arton1480.jpg","articleSection":["CD"],"inLanguage":"en-US"},{"@type":"WebPage","@id":"https:\/\/www.iemj.org\/en\/in-love-and-in-struggle-2\/","url":"https:\/\/www.iemj.org\/en\/in-love-and-in-struggle-2\/","name":"In Love and in Struggle - Institut Europ\u00e9en des Musiques Juives","isPartOf":{"@id":"https:\/\/www.iemj.org\/en\/#website"},"primaryImageOfPage":{"@id":"https:\/\/www.iemj.org\/en\/in-love-and-in-struggle-2\/#primaryimage"},"image":{"@id":"https:\/\/www.iemj.org\/en\/in-love-and-in-struggle-2\/#primaryimage"},"thumbnailUrl":"https:\/\/www.iemj.org\/wp-content\/uploads\/2016\/02\/arton1480.jpg","datePublished":"2016-02-17T08:50:21+00:00","dateModified":"2025-10-22T16:01:57+00:00","breadcrumb":{"@id":"https:\/\/www.iemj.org\/en\/in-love-and-in-struggle-2\/#breadcrumb"},"inLanguage":"en-US","potentialAction":[{"@type":"ReadAction","target":["https:\/\/www.iemj.org\/en\/in-love-and-in-struggle-2\/"]}]},{"@type":"ImageObject","inLanguage":"en-US","@id":"https:\/\/www.iemj.org\/en\/in-love-and-in-struggle-2\/#primaryimage","url":"https:\/\/www.iemj.org\/wp-content\/uploads\/2016\/02\/arton1480.jpg","contentUrl":"https:\/\/www.iemj.org\/wp-content\/uploads\/2016\/02\/arton1480.jpg","width":982,"height":964},{"@type":"BreadcrumbList","@id":"https:\/\/www.iemj.org\/en\/in-love-and-in-struggle-2\/#breadcrumb","itemListElement":[{"@type":"ListItem","position":1,"name":"Accueil","item":"https:\/\/www.iemj.org\/en\/"},{"@type":"ListItem","position":2,"name":"In Love and in Struggle"}]},{"@type":"WebSite","@id":"https:\/\/www.iemj.org\/en\/#website","url":"https:\/\/www.iemj.org\/en\/","name":"Institut Europ\u00e9en des Musiques Juives","description":"Des traditions musicales \u00e0 la port\u00e9e de tous","publisher":{"@id":"https:\/\/www.iemj.org\/en\/#organization"},"potentialAction":[{"@type":"SearchAction","target":{"@type":"EntryPoint","urlTemplate":"https:\/\/www.iemj.org\/en\/?s={search_term_string}"},"query-input":{"@type":"PropertyValueSpecification","valueRequired":true,"valueName":"search_term_string"}}],"inLanguage":"en-US"},{"@type":"Organization","@id":"https:\/\/www.iemj.org\/en\/#organization","name":"Institut Europ\u00e9en des Musiques Juives","url":"https:\/\/www.iemj.org\/en\/","logo":{"@type":"ImageObject","inLanguage":"en-US","@id":"https:\/\/www.iemj.org\/en\/#\/schema\/logo\/image\/","url":"https:\/\/www.iemj.org\/wp-content\/uploads\/2021\/09\/Logo-IEMJ-Paypal.jpg","contentUrl":"https:\/\/www.iemj.org\/wp-content\/uploads\/2021\/09\/Logo-IEMJ-Paypal.jpg","width":150,"height":50,"caption":"Institut Europ\u00e9en des Musiques Juives"},"image":{"@id":"https:\/\/www.iemj.org\/en\/#\/schema\/logo\/image\/"},"sameAs":["https:\/\/www.facebook.com\/MusiquesJuives\/","https:\/\/www.instagram.com\/musiquesjuives\/","https:\/\/www.youtube.com\/user\/musiquesjuives"]},{"@type":"Person","@id":"https:\/\/www.iemj.org\/en\/#\/schema\/person\/c9bc1c386a3749579a2d675e72a18666","name":"Jean-Gabriel Davis","image":{"@type":"ImageObject","inLanguage":"en-US","@id":"https:\/\/secure.gravatar.com\/avatar\/2b90d67bdf392c9b3a21fab87c0fa7edaf1fb3a058172a1ffd61033fcec7aec1?s=96&d=mm&r=g","url":"https:\/\/secure.gravatar.com\/avatar\/2b90d67bdf392c9b3a21fab87c0fa7edaf1fb3a058172a1ffd61033fcec7aec1?s=96&d=mm&r=g","contentUrl":"https:\/\/secure.gravatar.com\/avatar\/2b90d67bdf392c9b3a21fab87c0fa7edaf1fb3a058172a1ffd61033fcec7aec1?s=96&d=mm&r=g","caption":"Jean-Gabriel Davis"}}]}},"_links":{"self":[{"href":"https:\/\/www.iemj.org\/en\/wp-json\/wp\/v2\/posts\/9423","targetHints":{"allow":["GET"]}}],"collection":[{"href":"https:\/\/www.iemj.org\/en\/wp-json\/wp\/v2\/posts"}],"about":[{"href":"https:\/\/www.iemj.org\/en\/wp-json\/wp\/v2\/types\/post"}],"author":[{"embeddable":true,"href":"https:\/\/www.iemj.org\/en\/wp-json\/wp\/v2\/users\/1048"}],"replies":[{"embeddable":true,"href":"https:\/\/www.iemj.org\/en\/wp-json\/wp\/v2\/comments?post=9423"}],"version-history":[{"count":1,"href":"https:\/\/www.iemj.org\/en\/wp-json\/wp\/v2\/posts\/9423\/revisions"}],"predecessor-version":[{"id":127753,"href":"https:\/\/www.iemj.org\/en\/wp-json\/wp\/v2\/posts\/9423\/revisions\/127753"}],"wp:featuredmedia":[{"embeddable":true,"href":"https:\/\/www.iemj.org\/en\/wp-json\/wp\/v2\/media\/9421"}],"wp:attachment":[{"href":"https:\/\/www.iemj.org\/en\/wp-json\/wp\/v2\/media?parent=9423"}],"wp:term":[{"taxonomy":"category","embeddable":true,"href":"https:\/\/www.iemj.org\/en\/wp-json\/wp\/v2\/categories?post=9423"},{"taxonomy":"post_tag","embeddable":true,"href":"https:\/\/www.iemj.org\/en\/wp-json\/wp\/v2\/tags?post=9423"},{"taxonomy":"technique","embeddable":true,"href":"https:\/\/www.iemj.org\/en\/wp-json\/wp\/v2\/technique?post=9423"},{"taxonomy":"squelettes","embeddable":true,"href":"https:\/\/www.iemj.org\/en\/wp-json\/wp\/v2\/squelettes?post=9423"},{"taxonomy":"sujet","embeddable":true,"href":"https:\/\/www.iemj.org\/en\/wp-json\/wp\/v2\/sujet?post=9423"},{"taxonomy":"formation","embeddable":true,"href":"https:\/\/www.iemj.org\/en\/wp-json\/wp\/v2\/formation?post=9423"},{"taxonomy":"genre","embeddable":true,"href":"https:\/\/www.iemj.org\/en\/wp-json\/wp\/v2\/genre?post=9423"},{"taxonomy":"fonds","embeddable":true,"href":"https:\/\/www.iemj.org\/en\/wp-json\/wp\/v2\/fonds?post=9423"},{"taxonomy":"tradition","embeddable":true,"href":"https:\/\/www.iemj.org\/en\/wp-json\/wp\/v2\/tradition?post=9423"},{"taxonomy":"type-de-contenu","embeddable":true,"href":"https:\/\/www.iemj.org\/en\/wp-json\/wp\/v2\/type-de-contenu?post=9423"},{"taxonomy":"interprete-compositeur","embeddable":true,"href":"https:\/\/www.iemj.org\/en\/wp-json\/wp\/v2\/interprete-compositeur?post=9423"},{"taxonomy":"frise","embeddable":true,"href":"https:\/\/www.iemj.org\/en\/wp-json\/wp\/v2\/frise?post=9423"},{"taxonomy":"type-devenement","embeddable":true,"href":"https:\/\/www.iemj.org\/en\/wp-json\/wp\/v2\/type-devenement?post=9423"},{"taxonomy":"tableaux-liens-externes","embeddable":true,"href":"https:\/\/www.iemj.org\/en\/wp-json\/wp\/v2\/tableaux-liens-externes?post=9423"}],"curies":[{"name":"wp","href":"https:\/\/api.w.org\/{rel}","templated":true}]}}