{"id":95279,"date":"2023-03-07T11:35:22","date_gmt":"2023-03-07T10:35:22","guid":{"rendered":"https:\/\/www.iemj.org\/chamber-works-by-alberto-hemsi\/"},"modified":"2025-10-19T17:43:12","modified_gmt":"2025-10-19T15:43:12","slug":"chamber-works-by-alberto-hemsi","status":"publish","type":"post","link":"https:\/\/www.iemj.org\/en\/chamber-works-by-alberto-hemsi\/","title":{"rendered":"Chamber Works by Alberto Hemsi"},"content":{"rendered":"<p><!--more--><\/p>\n<p><strong>Chandos Records Ltd, 2022<\/strong><\/p>\n<p>In July 2004, Myriam Capelluto Hemsi donated the entire musical archives of her husband, the Sephardic composer <a href=\"https:\/\/www.iemj.org\/en\/hemsi-alberto-1898-1975\/\" target=\"_blank\" rel=\"noopener\">Alberto Hemsi<\/a> (1896 \u2013 1975), to the European Institute of Jewish Music. This collection notably contained 226 printed and handwritten scores by Alberto Hemsi, including many unpublished works, which are now available on the IEMJ catalog.<\/p>\n<p>A significant part of Hemsi&#8217;s work is linked to Judeo-Spanish music, music that cradled his childhood in the former Ottoman Empire. After completing his musical studies in Milan (Italy) between 1913 and 1919, Hemsi undertook ethnographic and folkloric research upon his return to his native country, particularly among the old ladies and cantaderas, these semi-professional singers, renowned for their beautiful voices, whom families invited to sing at special events (weddings and other celebrations). He has collected and compiled 60 traditional Judeo-Spanish songs (Coplas Sefardies), to which he has added an original piano accompaniment which recalls the great pianist-composers of the beginning of the century &#8211; Enrique Granados, Isaac Alb\u00e9niz and, in particular, Manuel de Falla and Maurice Ravel.<\/p>\n<p><img fetchpriority=\"high\" decoding=\"async\" class=\"size-medium wp-image-95252 alignright\" src=\"https:\/\/www.iemj.org\/wp-content\/uploads\/2023\/03\/alberto-hemsi-20-ans-192x300.jpg\" alt=\"\" width=\"192\" height=\"300\" srcset=\"https:\/\/www.iemj.org\/wp-content\/uploads\/2023\/03\/alberto-hemsi-20-ans-192x300.jpg 192w, https:\/\/www.iemj.org\/wp-content\/uploads\/2023\/03\/alberto-hemsi-20-ans.jpg 320w\" sizes=\"(max-width: 192px) 100vw, 192px\" \/><\/p>\n<p>The Coplas Sefardies have been released in several phonographic editions since 1990 (with singers Mira Zakai, Pedro Aledo, Assaf Levitin, Tehila Nini Goldstein&#8230;), but until now Hemsi&#8217;s instrumental works have never been recorded. The ARC Ensemble of Toronto is remedying this oblivion with the release of the CD Chamber Works by Alberto Hemsi in October 2022. This CD, published by Chandos in the &#8220;Music in Exile&#8221; collection, presents a selection of five instrumental works by Hemsi, beautifully performed by Marie B\u00e9rard, Erika Raum and Emily Kruspe (violins), Steven Dann and Julien Altmann (violas), Tom Wiebe (cello) and Kevin Ahfat (piano).<\/p>\n<p>Most of these works are given world premieres. For example, the <em>Danze nuziali greche<\/em> (Greek Nuptial Dances<em>)<\/em> for cello and piano<em>, <\/em>op. 37<em>, <\/em>likely the last piece Hemsi completed before moving to Paris, celebrates three wedding participants, mother-in-law, bride, and godfather. Dedicated to two Jewish philanthropists, the <em>Tre Arie Antiche (dalle &#8216;Coplas Sefardies&#8217;) <\/em>for String Quartet<em>, <\/em>op. 30, are transcriptions of three songs he had originally arranged with piano. The <em>Pilp\u00fal Sonata<\/em> for Violin and Piano<em>, <\/em>op. 27<em>, <\/em>draws on ironic aspects of Talmudic argument, creating an absorbing work that incorporates elements of jazz and impressionism. In the <em>Quintet<\/em> for Viola and String Quartet, op. 28,\u00a0Hemsi breaks from the use of Sephardic themes, and <em><img decoding=\"async\" class=\"size-medium wp-image-95257 alignright\" src=\"https:\/\/www.iemj.org\/wp-content\/uploads\/2023\/03\/photo-Arc-Ensemble-200x300.jpg\" alt=\"\" width=\"200\" height=\"300\" srcset=\"https:\/\/www.iemj.org\/wp-content\/uploads\/2023\/03\/photo-Arc-Ensemble-200x300.jpg 200w, https:\/\/www.iemj.org\/wp-content\/uploads\/2023\/03\/photo-Arc-Ensemble.jpg 333w\" sizes=\"(max-width: 200px) 100vw, 200px\" \/><\/em>includes a movement that mimics a stomping dance and another that sounds suspiciously like an English jig. In the <em>M\u00e9ditation<\/em> (in armenian Style) for Cello and Piano<em>, <\/em>op. 16<em>,<\/em> which was broadcast in Egypt during the 1920s and \u201830s, the piano\u2019s quick repeated notes, decorative trills, and arpeggio flourishes, evoke the Greek santouri, a hammered dulcimer.<\/p>\n<p>With the release of this album, the ARC Ensemble, already rewarded by several nominations to the Grammy Awards, realizes a master stroke which will make the listeners want to listen to Hemsi and the musicians to play it.<\/p>\n<p>A splendid and indispensable record&#8230;<\/p>\n<ul>\n<li><a href=\"https:\/\/www.rcmusic.com\/about-us\/news\/arc-ensemble-uncovers-hidden-treasure-the-music-of\" target=\"_blank\" rel=\"noopener\">More about the CD Chamber Works by Alberto Hemsi<\/a><\/li>\n<li><a href=\"https:\/\/www.iemj.org\/en\/walter-kaufmann-musique-de-chambre\/\" target=\"_blank\" rel=\"noopener\">Discover the other CD from the serie Music in Exile<\/a><\/li>\n<li><a href=\"https:\/\/www.iemj.org\/en\/products-categories\/sheet-music-en\/composers-en\/hemsi-alberto-en-2\/\" target=\"_blank\" rel=\"noopener\">Purchase sheet music by Alberto Hemsi on the EIJM\u2019s online shop<\/a><\/li>\n<li><a href=\"https:\/\/www.iemj.org\/en\/product\/alberto-hemsi-coplas-sefardies\/\" target=\"_blank\" rel=\"noopener\">Purchase the CD Alberto Hemsi, Coplas sefardies, coll. Patrimoines Musicaux des Juifs de France, Edition de l\u2019IEMJ, 2004.<\/a><\/li>\n<li><a href=\"https:\/\/www.iemj.org\/en\/alberto-hemsi-coplas-sefardies\/\" target=\"_blank\" rel=\"noopener\">Listen to samples from the CD Alberto Hemsi, Coplas sefardies.<\/a><\/li>\n<li><a href=\"https:\/\/www.iemj.org\/en\/video-alberto-hemsi-un-compositeur-au-service-de-la-culture-sefarade\/\" target=\"_blank\" rel=\"noopener\">Watch a video about Alberto Hemsi<\/a><\/li>\n<li><a href=\"https:\/\/www.youtube.com\/playlist?list=PLx_IKco0CteD3pmz8kaz9Jcz7Ge0kVHuw\" target=\"_blank\" rel=\"noopener\">Find more about Alberto Hemsi on our YouTube channel<\/a><\/li>\n<li><a href=\"http:\/\/www.rachelnet.net\/F\/?func=find-c&amp;ccl_term=WRD+%3D+Hemsi+Alberto&amp;local_base=iemcg\" target=\"_blank\" rel=\"noopener\">Browse our archives on Alberto Hemsi<\/a><\/li>\n<\/ul>\n<p><img decoding=\"async\" class=\" wp-image-95262 aligncenter\" src=\"https:\/\/www.iemj.org\/wp-content\/uploads\/2023\/03\/4e-COUV-CD-HEMSI-300x234.jpg\" alt=\"\" width=\"729\" height=\"569\" srcset=\"https:\/\/www.iemj.org\/wp-content\/uploads\/2023\/03\/4e-COUV-CD-HEMSI-300x234.jpg 300w, https:\/\/www.iemj.org\/wp-content\/uploads\/2023\/03\/4e-COUV-CD-HEMSI-600x469.jpg 600w, https:\/\/www.iemj.org\/wp-content\/uploads\/2023\/03\/4e-COUV-CD-HEMSI.jpg 700w\" sizes=\"(max-width: 729px) 100vw, 729px\" \/><\/p>\n\n\n<figure class=\"wp-block-embed is-type-video is-provider-youtube wp-block-embed-youtube wp-embed-aspect-16-9 wp-has-aspect-ratio\"><div class=\"wp-block-embed__wrapper\">\n<iframe title=\"ARC Ensemble: Alberto Hemsi, Chamber Works\" width=\"640\" height=\"360\" src=\"https:\/\/www.youtube.com\/embed\/y4w36KptkhU?feature=oembed\" frameborder=\"0\" allow=\"accelerometer; autoplay; clipboard-write; encrypted-media; gyroscope; picture-in-picture; web-share\" referrerpolicy=\"strict-origin-when-cross-origin\" allowfullscreen><\/iframe>\n<\/div><\/figure>\n\n\n<div class=\"wp-block-image\">\n<figure class=\"aligncenter size-large\"><img loading=\"lazy\" decoding=\"async\" width=\"1024\" height=\"133\" src=\"https:\/\/www.iemj.org\/wp-content\/uploads\/2024\/03\/AUDIO-PLAYER-1024x133.png\" alt=\"\" class=\"wp-image-110607\" srcset=\"https:\/\/www.iemj.org\/wp-content\/uploads\/2024\/03\/AUDIO-PLAYER-1024x133.png 1024w, https:\/\/www.iemj.org\/wp-content\/uploads\/2024\/03\/AUDIO-PLAYER-300x39.png 300w, https:\/\/www.iemj.org\/wp-content\/uploads\/2024\/03\/AUDIO-PLAYER-768x100.png 768w, https:\/\/www.iemj.org\/wp-content\/uploads\/2024\/03\/AUDIO-PLAYER-600x78.png 600w, https:\/\/www.iemj.org\/wp-content\/uploads\/2024\/03\/AUDIO-PLAYER.png 1210w\" sizes=\"(max-width: 1024px) 100vw, 1024px\" \/><\/figure>\n<\/div>","protected":false},"excerpt":{"rendered":"","protected":false},"author":5,"featured_media":95268,"comment_status":"closed","ping_status":"closed","sticky":false,"template":"","format":"standard","meta":{"_acf_changed":false,"footnotes":""},"categories":[1570,1562],"tags":[],"technique":[],"squelettes":[],"sujet":[],"formation":[],"genre":[],"fonds":[],"tradition":[],"type-de-contenu":[],"interprete-compositeur":[3083],"frise":[],"type-devenement":[],"tableaux-liens-externes":[],"class_list":["post-95279","post","type-post","status-publish","format-standard","has-post-thumbnail","hentry","category-cd-latest-acquisition-en","category-latest-acquisitions-en","interprete-compositeur-alberto-hemsi-en"],"acf":[],"yoast_head":"<!-- This site is optimized with the Yoast SEO plugin v27.3 - https:\/\/yoast.com\/product\/yoast-seo-wordpress\/ -->\n<title>Chamber Works by Alberto Hemsi - Institut Europ\u00e9en des Musiques Juives<\/title>\n<meta name=\"robots\" content=\"index, follow, max-snippet:-1, max-image-preview:large, max-video-preview:-1\" \/>\n<link rel=\"canonical\" href=\"https:\/\/www.iemj.org\/en\/chamber-works-by-alberto-hemsi\/\" \/>\n<meta property=\"og:locale\" content=\"en_US\" \/>\n<meta property=\"og:type\" content=\"article\" \/>\n<meta property=\"og:title\" content=\"Chamber Works by Alberto Hemsi - Institut Europ\u00e9en des Musiques Juives\" \/>\n<meta property=\"og:url\" content=\"https:\/\/www.iemj.org\/en\/chamber-works-by-alberto-hemsi\/\" \/>\n<meta property=\"og:site_name\" content=\"Institut Europ\u00e9en des Musiques Juives\" \/>\n<meta property=\"article:publisher\" content=\"https:\/\/www.facebook.com\/MusiquesJuives\/\" \/>\n<meta property=\"article:published_time\" content=\"2023-03-07T10:35:22+00:00\" \/>\n<meta property=\"article:modified_time\" content=\"2025-10-19T15:43:12+00:00\" \/>\n<meta property=\"og:image\" content=\"https:\/\/www.iemj.org\/wp-content\/uploads\/2023\/03\/Logo-CD-Hemsi-Arc-Ensemble.jpg\" \/>\n\t<meta property=\"og:image:width\" content=\"500\" \/>\n\t<meta property=\"og:image:height\" content=\"500\" \/>\n\t<meta property=\"og:image:type\" content=\"image\/jpeg\" \/>\n<meta name=\"author\" content=\"Jacqueline ROTEN\" \/>\n<meta name=\"twitter:card\" content=\"summary_large_image\" \/>\n<meta name=\"twitter:label1\" content=\"Written by\" \/>\n\t<meta name=\"twitter:data1\" content=\"Jacqueline ROTEN\" \/>\n\t<meta name=\"twitter:label2\" content=\"Est. reading time\" \/>\n\t<meta name=\"twitter:data2\" content=\"4 minutes\" \/>\n<script type=\"application\/ld+json\" class=\"yoast-schema-graph\">{\"@context\":\"https:\\\/\\\/schema.org\",\"@graph\":[{\"@type\":\"Article\",\"@id\":\"https:\\\/\\\/www.iemj.org\\\/en\\\/chamber-works-by-alberto-hemsi\\\/#article\",\"isPartOf\":{\"@id\":\"https:\\\/\\\/www.iemj.org\\\/en\\\/chamber-works-by-alberto-hemsi\\\/\"},\"author\":{\"name\":\"Jacqueline ROTEN\",\"@id\":\"https:\\\/\\\/www.iemj.org\\\/en\\\/#\\\/schema\\\/person\\\/358e26c18aca017fcc4cc15437f7279c\"},\"headline\":\"Chamber Works by Alberto Hemsi\",\"datePublished\":\"2023-03-07T10:35:22+00:00\",\"dateModified\":\"2025-10-19T15:43:12+00:00\",\"mainEntityOfPage\":{\"@id\":\"https:\\\/\\\/www.iemj.org\\\/en\\\/chamber-works-by-alberto-hemsi\\\/\"},\"wordCount\":571,\"publisher\":{\"@id\":\"https:\\\/\\\/www.iemj.org\\\/en\\\/#organization\"},\"image\":{\"@id\":\"https:\\\/\\\/www.iemj.org\\\/en\\\/chamber-works-by-alberto-hemsi\\\/#primaryimage\"},\"thumbnailUrl\":\"https:\\\/\\\/www.iemj.org\\\/wp-content\\\/uploads\\\/2023\\\/03\\\/Logo-CD-Hemsi-Arc-Ensemble.jpg\",\"articleSection\":[\"CD\",\"Latest Acquisitions\"],\"inLanguage\":\"en-US\"},{\"@type\":\"WebPage\",\"@id\":\"https:\\\/\\\/www.iemj.org\\\/en\\\/chamber-works-by-alberto-hemsi\\\/\",\"url\":\"https:\\\/\\\/www.iemj.org\\\/en\\\/chamber-works-by-alberto-hemsi\\\/\",\"name\":\"Chamber Works by Alberto Hemsi - Institut Europ\u00e9en des Musiques Juives\",\"isPartOf\":{\"@id\":\"https:\\\/\\\/www.iemj.org\\\/en\\\/#website\"},\"primaryImageOfPage\":{\"@id\":\"https:\\\/\\\/www.iemj.org\\\/en\\\/chamber-works-by-alberto-hemsi\\\/#primaryimage\"},\"image\":{\"@id\":\"https:\\\/\\\/www.iemj.org\\\/en\\\/chamber-works-by-alberto-hemsi\\\/#primaryimage\"},\"thumbnailUrl\":\"https:\\\/\\\/www.iemj.org\\\/wp-content\\\/uploads\\\/2023\\\/03\\\/Logo-CD-Hemsi-Arc-Ensemble.jpg\",\"datePublished\":\"2023-03-07T10:35:22+00:00\",\"dateModified\":\"2025-10-19T15:43:12+00:00\",\"breadcrumb\":{\"@id\":\"https:\\\/\\\/www.iemj.org\\\/en\\\/chamber-works-by-alberto-hemsi\\\/#breadcrumb\"},\"inLanguage\":\"en-US\",\"potentialAction\":[{\"@type\":\"ReadAction\",\"target\":[\"https:\\\/\\\/www.iemj.org\\\/en\\\/chamber-works-by-alberto-hemsi\\\/\"]}]},{\"@type\":\"ImageObject\",\"inLanguage\":\"en-US\",\"@id\":\"https:\\\/\\\/www.iemj.org\\\/en\\\/chamber-works-by-alberto-hemsi\\\/#primaryimage\",\"url\":\"https:\\\/\\\/www.iemj.org\\\/wp-content\\\/uploads\\\/2023\\\/03\\\/Logo-CD-Hemsi-Arc-Ensemble.jpg\",\"contentUrl\":\"https:\\\/\\\/www.iemj.org\\\/wp-content\\\/uploads\\\/2023\\\/03\\\/Logo-CD-Hemsi-Arc-Ensemble.jpg\",\"width\":500,\"height\":500},{\"@type\":\"BreadcrumbList\",\"@id\":\"https:\\\/\\\/www.iemj.org\\\/en\\\/chamber-works-by-alberto-hemsi\\\/#breadcrumb\",\"itemListElement\":[{\"@type\":\"ListItem\",\"position\":1,\"name\":\"Accueil\",\"item\":\"https:\\\/\\\/www.iemj.org\\\/en\\\/\"},{\"@type\":\"ListItem\",\"position\":2,\"name\":\"Chamber Works by Alberto Hemsi\"}]},{\"@type\":\"WebSite\",\"@id\":\"https:\\\/\\\/www.iemj.org\\\/en\\\/#website\",\"url\":\"https:\\\/\\\/www.iemj.org\\\/en\\\/\",\"name\":\"Institut Europ\u00e9en des Musiques Juives\",\"description\":\"Des traditions musicales \u00e0 la port\u00e9e de tous\",\"publisher\":{\"@id\":\"https:\\\/\\\/www.iemj.org\\\/en\\\/#organization\"},\"potentialAction\":[{\"@type\":\"SearchAction\",\"target\":{\"@type\":\"EntryPoint\",\"urlTemplate\":\"https:\\\/\\\/www.iemj.org\\\/en\\\/?s={search_term_string}\"},\"query-input\":{\"@type\":\"PropertyValueSpecification\",\"valueRequired\":true,\"valueName\":\"search_term_string\"}}],\"inLanguage\":\"en-US\"},{\"@type\":\"Organization\",\"@id\":\"https:\\\/\\\/www.iemj.org\\\/en\\\/#organization\",\"name\":\"Institut Europ\u00e9en des Musiques Juives\",\"url\":\"https:\\\/\\\/www.iemj.org\\\/en\\\/\",\"logo\":{\"@type\":\"ImageObject\",\"inLanguage\":\"en-US\",\"@id\":\"https:\\\/\\\/www.iemj.org\\\/en\\\/#\\\/schema\\\/logo\\\/image\\\/\",\"url\":\"https:\\\/\\\/www.iemj.org\\\/wp-content\\\/uploads\\\/2021\\\/09\\\/Logo-IEMJ-Paypal.jpg\",\"contentUrl\":\"https:\\\/\\\/www.iemj.org\\\/wp-content\\\/uploads\\\/2021\\\/09\\\/Logo-IEMJ-Paypal.jpg\",\"width\":150,\"height\":50,\"caption\":\"Institut Europ\u00e9en des Musiques Juives\"},\"image\":{\"@id\":\"https:\\\/\\\/www.iemj.org\\\/en\\\/#\\\/schema\\\/logo\\\/image\\\/\"},\"sameAs\":[\"https:\\\/\\\/www.facebook.com\\\/MusiquesJuives\\\/\",\"https:\\\/\\\/www.instagram.com\\\/musiquesjuives\\\/\",\"https:\\\/\\\/www.youtube.com\\\/user\\\/musiquesjuives\"]},{\"@type\":\"Person\",\"@id\":\"https:\\\/\\\/www.iemj.org\\\/en\\\/#\\\/schema\\\/person\\\/358e26c18aca017fcc4cc15437f7279c\",\"name\":\"Jacqueline ROTEN\",\"image\":{\"@type\":\"ImageObject\",\"inLanguage\":\"en-US\",\"@id\":\"https:\\\/\\\/secure.gravatar.com\\\/avatar\\\/5964256d6c6957de3a3505278957e0fb2a35119ac47ea41827a65301213c810b?s=96&d=mm&r=g\",\"url\":\"https:\\\/\\\/secure.gravatar.com\\\/avatar\\\/5964256d6c6957de3a3505278957e0fb2a35119ac47ea41827a65301213c810b?s=96&d=mm&r=g\",\"contentUrl\":\"https:\\\/\\\/secure.gravatar.com\\\/avatar\\\/5964256d6c6957de3a3505278957e0fb2a35119ac47ea41827a65301213c810b?s=96&d=mm&r=g\",\"caption\":\"Jacqueline ROTEN\"}}]}<\/script>\n<!-- \/ Yoast SEO plugin. -->","yoast_head_json":{"title":"Chamber Works by Alberto Hemsi - Institut Europ\u00e9en des Musiques Juives","robots":{"index":"index","follow":"follow","max-snippet":"max-snippet:-1","max-image-preview":"max-image-preview:large","max-video-preview":"max-video-preview:-1"},"canonical":"https:\/\/www.iemj.org\/en\/chamber-works-by-alberto-hemsi\/","og_locale":"en_US","og_type":"article","og_title":"Chamber Works by Alberto Hemsi - Institut Europ\u00e9en des Musiques Juives","og_url":"https:\/\/www.iemj.org\/en\/chamber-works-by-alberto-hemsi\/","og_site_name":"Institut Europ\u00e9en des Musiques Juives","article_publisher":"https:\/\/www.facebook.com\/MusiquesJuives\/","article_published_time":"2023-03-07T10:35:22+00:00","article_modified_time":"2025-10-19T15:43:12+00:00","og_image":[{"width":500,"height":500,"url":"https:\/\/www.iemj.org\/wp-content\/uploads\/2023\/03\/Logo-CD-Hemsi-Arc-Ensemble.jpg","type":"image\/jpeg"}],"author":"Jacqueline ROTEN","twitter_card":"summary_large_image","twitter_misc":{"Written by":"Jacqueline ROTEN","Est. reading time":"4 minutes"},"schema":{"@context":"https:\/\/schema.org","@graph":[{"@type":"Article","@id":"https:\/\/www.iemj.org\/en\/chamber-works-by-alberto-hemsi\/#article","isPartOf":{"@id":"https:\/\/www.iemj.org\/en\/chamber-works-by-alberto-hemsi\/"},"author":{"name":"Jacqueline ROTEN","@id":"https:\/\/www.iemj.org\/en\/#\/schema\/person\/358e26c18aca017fcc4cc15437f7279c"},"headline":"Chamber Works by Alberto Hemsi","datePublished":"2023-03-07T10:35:22+00:00","dateModified":"2025-10-19T15:43:12+00:00","mainEntityOfPage":{"@id":"https:\/\/www.iemj.org\/en\/chamber-works-by-alberto-hemsi\/"},"wordCount":571,"publisher":{"@id":"https:\/\/www.iemj.org\/en\/#organization"},"image":{"@id":"https:\/\/www.iemj.org\/en\/chamber-works-by-alberto-hemsi\/#primaryimage"},"thumbnailUrl":"https:\/\/www.iemj.org\/wp-content\/uploads\/2023\/03\/Logo-CD-Hemsi-Arc-Ensemble.jpg","articleSection":["CD","Latest Acquisitions"],"inLanguage":"en-US"},{"@type":"WebPage","@id":"https:\/\/www.iemj.org\/en\/chamber-works-by-alberto-hemsi\/","url":"https:\/\/www.iemj.org\/en\/chamber-works-by-alberto-hemsi\/","name":"Chamber Works by Alberto Hemsi - Institut Europ\u00e9en des Musiques Juives","isPartOf":{"@id":"https:\/\/www.iemj.org\/en\/#website"},"primaryImageOfPage":{"@id":"https:\/\/www.iemj.org\/en\/chamber-works-by-alberto-hemsi\/#primaryimage"},"image":{"@id":"https:\/\/www.iemj.org\/en\/chamber-works-by-alberto-hemsi\/#primaryimage"},"thumbnailUrl":"https:\/\/www.iemj.org\/wp-content\/uploads\/2023\/03\/Logo-CD-Hemsi-Arc-Ensemble.jpg","datePublished":"2023-03-07T10:35:22+00:00","dateModified":"2025-10-19T15:43:12+00:00","breadcrumb":{"@id":"https:\/\/www.iemj.org\/en\/chamber-works-by-alberto-hemsi\/#breadcrumb"},"inLanguage":"en-US","potentialAction":[{"@type":"ReadAction","target":["https:\/\/www.iemj.org\/en\/chamber-works-by-alberto-hemsi\/"]}]},{"@type":"ImageObject","inLanguage":"en-US","@id":"https:\/\/www.iemj.org\/en\/chamber-works-by-alberto-hemsi\/#primaryimage","url":"https:\/\/www.iemj.org\/wp-content\/uploads\/2023\/03\/Logo-CD-Hemsi-Arc-Ensemble.jpg","contentUrl":"https:\/\/www.iemj.org\/wp-content\/uploads\/2023\/03\/Logo-CD-Hemsi-Arc-Ensemble.jpg","width":500,"height":500},{"@type":"BreadcrumbList","@id":"https:\/\/www.iemj.org\/en\/chamber-works-by-alberto-hemsi\/#breadcrumb","itemListElement":[{"@type":"ListItem","position":1,"name":"Accueil","item":"https:\/\/www.iemj.org\/en\/"},{"@type":"ListItem","position":2,"name":"Chamber Works by Alberto Hemsi"}]},{"@type":"WebSite","@id":"https:\/\/www.iemj.org\/en\/#website","url":"https:\/\/www.iemj.org\/en\/","name":"Institut Europ\u00e9en des Musiques Juives","description":"Des traditions musicales \u00e0 la port\u00e9e de tous","publisher":{"@id":"https:\/\/www.iemj.org\/en\/#organization"},"potentialAction":[{"@type":"SearchAction","target":{"@type":"EntryPoint","urlTemplate":"https:\/\/www.iemj.org\/en\/?s={search_term_string}"},"query-input":{"@type":"PropertyValueSpecification","valueRequired":true,"valueName":"search_term_string"}}],"inLanguage":"en-US"},{"@type":"Organization","@id":"https:\/\/www.iemj.org\/en\/#organization","name":"Institut Europ\u00e9en des Musiques Juives","url":"https:\/\/www.iemj.org\/en\/","logo":{"@type":"ImageObject","inLanguage":"en-US","@id":"https:\/\/www.iemj.org\/en\/#\/schema\/logo\/image\/","url":"https:\/\/www.iemj.org\/wp-content\/uploads\/2021\/09\/Logo-IEMJ-Paypal.jpg","contentUrl":"https:\/\/www.iemj.org\/wp-content\/uploads\/2021\/09\/Logo-IEMJ-Paypal.jpg","width":150,"height":50,"caption":"Institut Europ\u00e9en des Musiques Juives"},"image":{"@id":"https:\/\/www.iemj.org\/en\/#\/schema\/logo\/image\/"},"sameAs":["https:\/\/www.facebook.com\/MusiquesJuives\/","https:\/\/www.instagram.com\/musiquesjuives\/","https:\/\/www.youtube.com\/user\/musiquesjuives"]},{"@type":"Person","@id":"https:\/\/www.iemj.org\/en\/#\/schema\/person\/358e26c18aca017fcc4cc15437f7279c","name":"Jacqueline ROTEN","image":{"@type":"ImageObject","inLanguage":"en-US","@id":"https:\/\/secure.gravatar.com\/avatar\/5964256d6c6957de3a3505278957e0fb2a35119ac47ea41827a65301213c810b?s=96&d=mm&r=g","url":"https:\/\/secure.gravatar.com\/avatar\/5964256d6c6957de3a3505278957e0fb2a35119ac47ea41827a65301213c810b?s=96&d=mm&r=g","contentUrl":"https:\/\/secure.gravatar.com\/avatar\/5964256d6c6957de3a3505278957e0fb2a35119ac47ea41827a65301213c810b?s=96&d=mm&r=g","caption":"Jacqueline ROTEN"}}]}},"_links":{"self":[{"href":"https:\/\/www.iemj.org\/en\/wp-json\/wp\/v2\/posts\/95279","targetHints":{"allow":["GET"]}}],"collection":[{"href":"https:\/\/www.iemj.org\/en\/wp-json\/wp\/v2\/posts"}],"about":[{"href":"https:\/\/www.iemj.org\/en\/wp-json\/wp\/v2\/types\/post"}],"author":[{"embeddable":true,"href":"https:\/\/www.iemj.org\/en\/wp-json\/wp\/v2\/users\/5"}],"replies":[{"embeddable":true,"href":"https:\/\/www.iemj.org\/en\/wp-json\/wp\/v2\/comments?post=95279"}],"version-history":[{"count":2,"href":"https:\/\/www.iemj.org\/en\/wp-json\/wp\/v2\/posts\/95279\/revisions"}],"predecessor-version":[{"id":127181,"href":"https:\/\/www.iemj.org\/en\/wp-json\/wp\/v2\/posts\/95279\/revisions\/127181"}],"wp:featuredmedia":[{"embeddable":true,"href":"https:\/\/www.iemj.org\/en\/wp-json\/wp\/v2\/media\/95268"}],"wp:attachment":[{"href":"https:\/\/www.iemj.org\/en\/wp-json\/wp\/v2\/media?parent=95279"}],"wp:term":[{"taxonomy":"category","embeddable":true,"href":"https:\/\/www.iemj.org\/en\/wp-json\/wp\/v2\/categories?post=95279"},{"taxonomy":"post_tag","embeddable":true,"href":"https:\/\/www.iemj.org\/en\/wp-json\/wp\/v2\/tags?post=95279"},{"taxonomy":"technique","embeddable":true,"href":"https:\/\/www.iemj.org\/en\/wp-json\/wp\/v2\/technique?post=95279"},{"taxonomy":"squelettes","embeddable":true,"href":"https:\/\/www.iemj.org\/en\/wp-json\/wp\/v2\/squelettes?post=95279"},{"taxonomy":"sujet","embeddable":true,"href":"https:\/\/www.iemj.org\/en\/wp-json\/wp\/v2\/sujet?post=95279"},{"taxonomy":"formation","embeddable":true,"href":"https:\/\/www.iemj.org\/en\/wp-json\/wp\/v2\/formation?post=95279"},{"taxonomy":"genre","embeddable":true,"href":"https:\/\/www.iemj.org\/en\/wp-json\/wp\/v2\/genre?post=95279"},{"taxonomy":"fonds","embeddable":true,"href":"https:\/\/www.iemj.org\/en\/wp-json\/wp\/v2\/fonds?post=95279"},{"taxonomy":"tradition","embeddable":true,"href":"https:\/\/www.iemj.org\/en\/wp-json\/wp\/v2\/tradition?post=95279"},{"taxonomy":"type-de-contenu","embeddable":true,"href":"https:\/\/www.iemj.org\/en\/wp-json\/wp\/v2\/type-de-contenu?post=95279"},{"taxonomy":"interprete-compositeur","embeddable":true,"href":"https:\/\/www.iemj.org\/en\/wp-json\/wp\/v2\/interprete-compositeur?post=95279"},{"taxonomy":"frise","embeddable":true,"href":"https:\/\/www.iemj.org\/en\/wp-json\/wp\/v2\/frise?post=95279"},{"taxonomy":"type-devenement","embeddable":true,"href":"https:\/\/www.iemj.org\/en\/wp-json\/wp\/v2\/type-devenement?post=95279"},{"taxonomy":"tableaux-liens-externes","embeddable":true,"href":"https:\/\/www.iemj.org\/en\/wp-json\/wp\/v2\/tableaux-liens-externes?post=95279"}],"curies":[{"name":"wp","href":"https:\/\/api.w.org\/{rel}","templated":true}]}}