{"id":9726,"date":"2016-03-16T10:19:19","date_gmt":"2016-03-16T09:19:19","guid":{"rendered":"https:\/\/www.iemj.org\/2016\/03\/16\/songs-and-piyutim-in-honor-of-tsaddik-sidna-baba-sale\/"},"modified":"2025-10-23T09:44:28","modified_gmt":"2025-10-23T07:44:28","slug":"songs-and-piyutim-in-honor-of-tsaddik-sidna-baba-sale","status":"publish","type":"post","link":"https:\/\/www.iemj.org\/en\/songs-and-piyutim-in-honor-of-tsaddik-sidna-baba-sale\/","title":{"rendered":"Songs and Piyutim in honor of Tsaddik Sidna Baba Sal\u00e9"},"content":{"rendered":"\n<p>Rabbi Israel Abuhatzeirais born on Rosh Hashanah 5650 (September 26, 1889). His father was the Tsaddik Rabbi Massud, rabbi of a village named Rissani, in the region of Tefilalet. Since his childhood, Rabbi Israel woke up at dawn, went to bathe in the Mikve, and ran to the synagogue for the morning service. The 12th day of the month of Iyar 5668 (May 13th 1908), Rabbi Massud died. His son, Rabbi Israel, was 18 years old, but he was already a Gaon, from which the fear overtook the wisdom. The Jews from Tefilalet begged him to become officially rabbi, in spite of his young age, and be the spiritual leader of the Yeshiva. The modest Rabbi Israel tried to refuse, but the Jews from Tefilalet knew it would be very difficult to find a man as holy as him. They insisted so much that he finally accepted.<br>In 5724 (1963-64), he settled in Yavne in Israel, then moved to Ashkelon, and finally Netivot in 5730 (1969-70), inwhich he stayed until his death the 4th of Shevat 5744 (January 8th 1984). Since then, a yearly pilgrimage on his grave on the day of his death is the occasion for a big gathering of Jews from Morrocco.<\/p>\n\n\n\n<p>In this 8 audio cassettes box, 7 singers (Samy Elmaghribi, Rabbin Ha\u00efm Louk, Cheikh Mouizo, Albert Souissa, Emile Zarihan, Maxime Michali et Mordekha\u00ef Bouzaglo), honor the memory of Baba Sale).<\/p>\n\n\n<div class=\"wp-block-image\">\n<figure class=\"aligncenter size-large\"><img fetchpriority=\"high\" decoding=\"async\" width=\"1024\" height=\"133\" src=\"https:\/\/www.iemj.org\/wp-content\/uploads\/2024\/03\/AUDIO-PLAYER-1024x133.png\" alt=\"\" class=\"wp-image-110608\" srcset=\"https:\/\/www.iemj.org\/wp-content\/uploads\/2024\/03\/AUDIO-PLAYER-1024x133.png 1024w, https:\/\/www.iemj.org\/wp-content\/uploads\/2024\/03\/AUDIO-PLAYER-300x39.png 300w, https:\/\/www.iemj.org\/wp-content\/uploads\/2024\/03\/AUDIO-PLAYER-768x100.png 768w, https:\/\/www.iemj.org\/wp-content\/uploads\/2024\/03\/AUDIO-PLAYER-600x78.png 600w, https:\/\/www.iemj.org\/wp-content\/uploads\/2024\/03\/AUDIO-PLAYER.png 1210w\" sizes=\"(max-width: 1024px) 100vw, 1024px\" \/><\/figure>\n<\/div>\n\n\n<div class=\"wp-block-file\"><a id=\"wp-block-file--media-8ada8277-f689-4f8b-bafa-31f4fa0358e3\" href=\"https:\/\/www.iemj.org\/wp-content\/uploads\/2016\/03\/k7_161a_01.mp3\">Emile Zarihan<\/a><\/div>\n\n\n\n<div class=\"wp-block-file\"><a id=\"wp-block-file--media-960f1312-5c25-4baf-9756-16e646e9a14e\" href=\"https:\/\/www.iemj.org\/wp-content\/uploads\/2016\/03\/k7_161b_03.mp3\">Maxime Michali<\/a><\/div>\n\n\n\n<div class=\"wp-block-file\"><a id=\"wp-block-file--media-d9c5ab42-2d04-44a9-9828-d2d0d24db070\" href=\"https:\/\/www.iemj.org\/wp-content\/uploads\/2016\/03\/k7_161c_02.mp3\">Ha\u00efm Louk<\/a><\/div>\n\n\n\n<div class=\"wp-block-file\"><a id=\"wp-block-file--media-dc80fcf1-8224-42f2-9487-a076b11f9355\" href=\"https:\/\/www.iemj.org\/wp-content\/uploads\/2016\/03\/k7_161e_07.mp3\">Cheikh Mouizo<\/a><\/div>\n\n\n\n<div class=\"wp-block-file\"><a id=\"wp-block-file--media-22ca9e3a-286a-4b3f-8494-517e36043bff\" href=\"https:\/\/www.iemj.org\/wp-content\/uploads\/2016\/03\/k7_161f_02.mp3\">Mordekha\u00ef Bouzaglo<\/a><\/div>\n","protected":false},"excerpt":{"rendered":"<p>Rabbi Israel Abuhatzeirais born on Rosh Hashanah 5650 (September 26, 1889). His father was the Tsaddik Rabbi Massud, rabbi of a village named Rissani, in the region of Tefilalet. Since<\/p>\n","protected":false},"author":1048,"featured_media":9724,"comment_status":"closed","ping_status":"open","sticky":false,"template":"","format":"standard","meta":{"_acf_changed":false,"footnotes":""},"categories":[1570],"tags":[],"technique":[],"squelettes":[],"sujet":[],"formation":[],"genre":[],"fonds":[],"tradition":[],"type-de-contenu":[],"interprete-compositeur":[],"frise":[],"type-devenement":[],"tableaux-liens-externes":[],"class_list":["post-9726","post","type-post","status-publish","format-standard","has-post-thumbnail","hentry","category-cd-latest-acquisition-en"],"acf":[],"yoast_head":"<!-- This site is optimized with the Yoast SEO plugin v27.3 - https:\/\/yoast.com\/product\/yoast-seo-wordpress\/ -->\n<title>Songs and Piyutim in honor of Tsaddik Sidna Baba Sal\u00e9 - Institut Europ\u00e9en des Musiques Juives<\/title>\n<meta name=\"robots\" content=\"index, follow, max-snippet:-1, max-image-preview:large, max-video-preview:-1\" \/>\n<link rel=\"canonical\" href=\"https:\/\/www.iemj.org\/en\/songs-and-piyutim-in-honor-of-tsaddik-sidna-baba-sale\/\" \/>\n<meta property=\"og:locale\" content=\"en_US\" \/>\n<meta property=\"og:type\" content=\"article\" \/>\n<meta property=\"og:title\" content=\"Songs and Piyutim in honor of Tsaddik Sidna Baba Sal\u00e9 - Institut Europ\u00e9en des Musiques Juives\" \/>\n<meta property=\"og:description\" content=\"Rabbi Israel Abuhatzeirais born on Rosh Hashanah 5650 (September 26, 1889). His father was the Tsaddik Rabbi Massud, rabbi of a village named Rissani, in the region of Tefilalet. Since\" \/>\n<meta property=\"og:url\" content=\"https:\/\/www.iemj.org\/en\/songs-and-piyutim-in-honor-of-tsaddik-sidna-baba-sale\/\" \/>\n<meta property=\"og:site_name\" content=\"Institut Europ\u00e9en des Musiques Juives\" \/>\n<meta property=\"article:publisher\" content=\"https:\/\/www.facebook.com\/MusiquesJuives\/\" \/>\n<meta property=\"article:published_time\" content=\"2016-03-16T09:19:19+00:00\" \/>\n<meta property=\"article:modified_time\" content=\"2025-10-23T07:44:28+00:00\" \/>\n<meta property=\"og:image\" content=\"https:\/\/www.iemj.org\/wp-content\/uploads\/2016\/03\/arton1538.jpg\" \/>\n\t<meta property=\"og:image:width\" content=\"1429\" \/>\n\t<meta property=\"og:image:height\" content=\"2029\" \/>\n\t<meta property=\"og:image:type\" content=\"image\/jpeg\" \/>\n<meta name=\"author\" content=\"Jean-Gabriel Davis\" \/>\n<meta name=\"twitter:card\" content=\"summary_large_image\" \/>\n<meta name=\"twitter:label1\" content=\"Written by\" \/>\n\t<meta name=\"twitter:data1\" content=\"Jean-Gabriel Davis\" \/>\n\t<meta name=\"twitter:label2\" content=\"Est. reading time\" \/>\n\t<meta name=\"twitter:data2\" content=\"2 minutes\" \/>\n<script type=\"application\/ld+json\" class=\"yoast-schema-graph\">{\"@context\":\"https:\\\/\\\/schema.org\",\"@graph\":[{\"@type\":\"Article\",\"@id\":\"https:\\\/\\\/www.iemj.org\\\/en\\\/songs-and-piyutim-in-honor-of-tsaddik-sidna-baba-sale\\\/#article\",\"isPartOf\":{\"@id\":\"https:\\\/\\\/www.iemj.org\\\/en\\\/songs-and-piyutim-in-honor-of-tsaddik-sidna-baba-sale\\\/\"},\"author\":{\"name\":\"Jean-Gabriel Davis\",\"@id\":\"https:\\\/\\\/www.iemj.org\\\/en\\\/#\\\/schema\\\/person\\\/c9bc1c386a3749579a2d675e72a18666\"},\"headline\":\"Songs and Piyutim in honor of Tsaddik Sidna Baba Sal\u00e9\",\"datePublished\":\"2016-03-16T09:19:19+00:00\",\"dateModified\":\"2025-10-23T07:44:28+00:00\",\"mainEntityOfPage\":{\"@id\":\"https:\\\/\\\/www.iemj.org\\\/en\\\/songs-and-piyutim-in-honor-of-tsaddik-sidna-baba-sale\\\/\"},\"wordCount\":245,\"publisher\":{\"@id\":\"https:\\\/\\\/www.iemj.org\\\/en\\\/#organization\"},\"image\":{\"@id\":\"https:\\\/\\\/www.iemj.org\\\/en\\\/songs-and-piyutim-in-honor-of-tsaddik-sidna-baba-sale\\\/#primaryimage\"},\"thumbnailUrl\":\"https:\\\/\\\/www.iemj.org\\\/wp-content\\\/uploads\\\/2016\\\/03\\\/arton1538.jpg\",\"articleSection\":[\"CD\"],\"inLanguage\":\"en-US\"},{\"@type\":\"WebPage\",\"@id\":\"https:\\\/\\\/www.iemj.org\\\/en\\\/songs-and-piyutim-in-honor-of-tsaddik-sidna-baba-sale\\\/\",\"url\":\"https:\\\/\\\/www.iemj.org\\\/en\\\/songs-and-piyutim-in-honor-of-tsaddik-sidna-baba-sale\\\/\",\"name\":\"Songs and Piyutim in honor of Tsaddik Sidna Baba Sal\u00e9 - Institut Europ\u00e9en des Musiques Juives\",\"isPartOf\":{\"@id\":\"https:\\\/\\\/www.iemj.org\\\/en\\\/#website\"},\"primaryImageOfPage\":{\"@id\":\"https:\\\/\\\/www.iemj.org\\\/en\\\/songs-and-piyutim-in-honor-of-tsaddik-sidna-baba-sale\\\/#primaryimage\"},\"image\":{\"@id\":\"https:\\\/\\\/www.iemj.org\\\/en\\\/songs-and-piyutim-in-honor-of-tsaddik-sidna-baba-sale\\\/#primaryimage\"},\"thumbnailUrl\":\"https:\\\/\\\/www.iemj.org\\\/wp-content\\\/uploads\\\/2016\\\/03\\\/arton1538.jpg\",\"datePublished\":\"2016-03-16T09:19:19+00:00\",\"dateModified\":\"2025-10-23T07:44:28+00:00\",\"breadcrumb\":{\"@id\":\"https:\\\/\\\/www.iemj.org\\\/en\\\/songs-and-piyutim-in-honor-of-tsaddik-sidna-baba-sale\\\/#breadcrumb\"},\"inLanguage\":\"en-US\",\"potentialAction\":[{\"@type\":\"ReadAction\",\"target\":[\"https:\\\/\\\/www.iemj.org\\\/en\\\/songs-and-piyutim-in-honor-of-tsaddik-sidna-baba-sale\\\/\"]}]},{\"@type\":\"ImageObject\",\"inLanguage\":\"en-US\",\"@id\":\"https:\\\/\\\/www.iemj.org\\\/en\\\/songs-and-piyutim-in-honor-of-tsaddik-sidna-baba-sale\\\/#primaryimage\",\"url\":\"https:\\\/\\\/www.iemj.org\\\/wp-content\\\/uploads\\\/2016\\\/03\\\/arton1538.jpg\",\"contentUrl\":\"https:\\\/\\\/www.iemj.org\\\/wp-content\\\/uploads\\\/2016\\\/03\\\/arton1538.jpg\",\"width\":1429,\"height\":2029},{\"@type\":\"BreadcrumbList\",\"@id\":\"https:\\\/\\\/www.iemj.org\\\/en\\\/songs-and-piyutim-in-honor-of-tsaddik-sidna-baba-sale\\\/#breadcrumb\",\"itemListElement\":[{\"@type\":\"ListItem\",\"position\":1,\"name\":\"Accueil\",\"item\":\"https:\\\/\\\/www.iemj.org\\\/en\\\/\"},{\"@type\":\"ListItem\",\"position\":2,\"name\":\"Songs and Piyutim in honor of Tsaddik Sidna Baba Sal\u00e9\"}]},{\"@type\":\"WebSite\",\"@id\":\"https:\\\/\\\/www.iemj.org\\\/en\\\/#website\",\"url\":\"https:\\\/\\\/www.iemj.org\\\/en\\\/\",\"name\":\"Institut Europ\u00e9en des Musiques Juives\",\"description\":\"Des traditions musicales \u00e0 la port\u00e9e de tous\",\"publisher\":{\"@id\":\"https:\\\/\\\/www.iemj.org\\\/en\\\/#organization\"},\"potentialAction\":[{\"@type\":\"SearchAction\",\"target\":{\"@type\":\"EntryPoint\",\"urlTemplate\":\"https:\\\/\\\/www.iemj.org\\\/en\\\/?s={search_term_string}\"},\"query-input\":{\"@type\":\"PropertyValueSpecification\",\"valueRequired\":true,\"valueName\":\"search_term_string\"}}],\"inLanguage\":\"en-US\"},{\"@type\":\"Organization\",\"@id\":\"https:\\\/\\\/www.iemj.org\\\/en\\\/#organization\",\"name\":\"Institut Europ\u00e9en des Musiques Juives\",\"url\":\"https:\\\/\\\/www.iemj.org\\\/en\\\/\",\"logo\":{\"@type\":\"ImageObject\",\"inLanguage\":\"en-US\",\"@id\":\"https:\\\/\\\/www.iemj.org\\\/en\\\/#\\\/schema\\\/logo\\\/image\\\/\",\"url\":\"https:\\\/\\\/www.iemj.org\\\/wp-content\\\/uploads\\\/2021\\\/09\\\/Logo-IEMJ-Paypal.jpg\",\"contentUrl\":\"https:\\\/\\\/www.iemj.org\\\/wp-content\\\/uploads\\\/2021\\\/09\\\/Logo-IEMJ-Paypal.jpg\",\"width\":150,\"height\":50,\"caption\":\"Institut Europ\u00e9en des Musiques Juives\"},\"image\":{\"@id\":\"https:\\\/\\\/www.iemj.org\\\/en\\\/#\\\/schema\\\/logo\\\/image\\\/\"},\"sameAs\":[\"https:\\\/\\\/www.facebook.com\\\/MusiquesJuives\\\/\",\"https:\\\/\\\/www.instagram.com\\\/musiquesjuives\\\/\",\"https:\\\/\\\/www.youtube.com\\\/user\\\/musiquesjuives\"]},{\"@type\":\"Person\",\"@id\":\"https:\\\/\\\/www.iemj.org\\\/en\\\/#\\\/schema\\\/person\\\/c9bc1c386a3749579a2d675e72a18666\",\"name\":\"Jean-Gabriel Davis\",\"image\":{\"@type\":\"ImageObject\",\"inLanguage\":\"en-US\",\"@id\":\"https:\\\/\\\/secure.gravatar.com\\\/avatar\\\/2b90d67bdf392c9b3a21fab87c0fa7edaf1fb3a058172a1ffd61033fcec7aec1?s=96&d=mm&r=g\",\"url\":\"https:\\\/\\\/secure.gravatar.com\\\/avatar\\\/2b90d67bdf392c9b3a21fab87c0fa7edaf1fb3a058172a1ffd61033fcec7aec1?s=96&d=mm&r=g\",\"contentUrl\":\"https:\\\/\\\/secure.gravatar.com\\\/avatar\\\/2b90d67bdf392c9b3a21fab87c0fa7edaf1fb3a058172a1ffd61033fcec7aec1?s=96&d=mm&r=g\",\"caption\":\"Jean-Gabriel Davis\"}}]}<\/script>\n<!-- \/ Yoast SEO plugin. -->","yoast_head_json":{"title":"Songs and Piyutim in honor of Tsaddik Sidna Baba Sal\u00e9 - Institut Europ\u00e9en des Musiques Juives","robots":{"index":"index","follow":"follow","max-snippet":"max-snippet:-1","max-image-preview":"max-image-preview:large","max-video-preview":"max-video-preview:-1"},"canonical":"https:\/\/www.iemj.org\/en\/songs-and-piyutim-in-honor-of-tsaddik-sidna-baba-sale\/","og_locale":"en_US","og_type":"article","og_title":"Songs and Piyutim in honor of Tsaddik Sidna Baba Sal\u00e9 - Institut Europ\u00e9en des Musiques Juives","og_description":"Rabbi Israel Abuhatzeirais born on Rosh Hashanah 5650 (September 26, 1889). His father was the Tsaddik Rabbi Massud, rabbi of a village named Rissani, in the region of Tefilalet. Since","og_url":"https:\/\/www.iemj.org\/en\/songs-and-piyutim-in-honor-of-tsaddik-sidna-baba-sale\/","og_site_name":"Institut Europ\u00e9en des Musiques Juives","article_publisher":"https:\/\/www.facebook.com\/MusiquesJuives\/","article_published_time":"2016-03-16T09:19:19+00:00","article_modified_time":"2025-10-23T07:44:28+00:00","og_image":[{"width":1429,"height":2029,"url":"https:\/\/www.iemj.org\/wp-content\/uploads\/2016\/03\/arton1538.jpg","type":"image\/jpeg"}],"author":"Jean-Gabriel Davis","twitter_card":"summary_large_image","twitter_misc":{"Written by":"Jean-Gabriel Davis","Est. reading time":"2 minutes"},"schema":{"@context":"https:\/\/schema.org","@graph":[{"@type":"Article","@id":"https:\/\/www.iemj.org\/en\/songs-and-piyutim-in-honor-of-tsaddik-sidna-baba-sale\/#article","isPartOf":{"@id":"https:\/\/www.iemj.org\/en\/songs-and-piyutim-in-honor-of-tsaddik-sidna-baba-sale\/"},"author":{"name":"Jean-Gabriel Davis","@id":"https:\/\/www.iemj.org\/en\/#\/schema\/person\/c9bc1c386a3749579a2d675e72a18666"},"headline":"Songs and Piyutim in honor of Tsaddik Sidna Baba Sal\u00e9","datePublished":"2016-03-16T09:19:19+00:00","dateModified":"2025-10-23T07:44:28+00:00","mainEntityOfPage":{"@id":"https:\/\/www.iemj.org\/en\/songs-and-piyutim-in-honor-of-tsaddik-sidna-baba-sale\/"},"wordCount":245,"publisher":{"@id":"https:\/\/www.iemj.org\/en\/#organization"},"image":{"@id":"https:\/\/www.iemj.org\/en\/songs-and-piyutim-in-honor-of-tsaddik-sidna-baba-sale\/#primaryimage"},"thumbnailUrl":"https:\/\/www.iemj.org\/wp-content\/uploads\/2016\/03\/arton1538.jpg","articleSection":["CD"],"inLanguage":"en-US"},{"@type":"WebPage","@id":"https:\/\/www.iemj.org\/en\/songs-and-piyutim-in-honor-of-tsaddik-sidna-baba-sale\/","url":"https:\/\/www.iemj.org\/en\/songs-and-piyutim-in-honor-of-tsaddik-sidna-baba-sale\/","name":"Songs and Piyutim in honor of Tsaddik Sidna Baba Sal\u00e9 - Institut Europ\u00e9en des Musiques Juives","isPartOf":{"@id":"https:\/\/www.iemj.org\/en\/#website"},"primaryImageOfPage":{"@id":"https:\/\/www.iemj.org\/en\/songs-and-piyutim-in-honor-of-tsaddik-sidna-baba-sale\/#primaryimage"},"image":{"@id":"https:\/\/www.iemj.org\/en\/songs-and-piyutim-in-honor-of-tsaddik-sidna-baba-sale\/#primaryimage"},"thumbnailUrl":"https:\/\/www.iemj.org\/wp-content\/uploads\/2016\/03\/arton1538.jpg","datePublished":"2016-03-16T09:19:19+00:00","dateModified":"2025-10-23T07:44:28+00:00","breadcrumb":{"@id":"https:\/\/www.iemj.org\/en\/songs-and-piyutim-in-honor-of-tsaddik-sidna-baba-sale\/#breadcrumb"},"inLanguage":"en-US","potentialAction":[{"@type":"ReadAction","target":["https:\/\/www.iemj.org\/en\/songs-and-piyutim-in-honor-of-tsaddik-sidna-baba-sale\/"]}]},{"@type":"ImageObject","inLanguage":"en-US","@id":"https:\/\/www.iemj.org\/en\/songs-and-piyutim-in-honor-of-tsaddik-sidna-baba-sale\/#primaryimage","url":"https:\/\/www.iemj.org\/wp-content\/uploads\/2016\/03\/arton1538.jpg","contentUrl":"https:\/\/www.iemj.org\/wp-content\/uploads\/2016\/03\/arton1538.jpg","width":1429,"height":2029},{"@type":"BreadcrumbList","@id":"https:\/\/www.iemj.org\/en\/songs-and-piyutim-in-honor-of-tsaddik-sidna-baba-sale\/#breadcrumb","itemListElement":[{"@type":"ListItem","position":1,"name":"Accueil","item":"https:\/\/www.iemj.org\/en\/"},{"@type":"ListItem","position":2,"name":"Songs and Piyutim in honor of Tsaddik Sidna Baba Sal\u00e9"}]},{"@type":"WebSite","@id":"https:\/\/www.iemj.org\/en\/#website","url":"https:\/\/www.iemj.org\/en\/","name":"Institut Europ\u00e9en des Musiques Juives","description":"Des traditions musicales \u00e0 la port\u00e9e de tous","publisher":{"@id":"https:\/\/www.iemj.org\/en\/#organization"},"potentialAction":[{"@type":"SearchAction","target":{"@type":"EntryPoint","urlTemplate":"https:\/\/www.iemj.org\/en\/?s={search_term_string}"},"query-input":{"@type":"PropertyValueSpecification","valueRequired":true,"valueName":"search_term_string"}}],"inLanguage":"en-US"},{"@type":"Organization","@id":"https:\/\/www.iemj.org\/en\/#organization","name":"Institut Europ\u00e9en des Musiques Juives","url":"https:\/\/www.iemj.org\/en\/","logo":{"@type":"ImageObject","inLanguage":"en-US","@id":"https:\/\/www.iemj.org\/en\/#\/schema\/logo\/image\/","url":"https:\/\/www.iemj.org\/wp-content\/uploads\/2021\/09\/Logo-IEMJ-Paypal.jpg","contentUrl":"https:\/\/www.iemj.org\/wp-content\/uploads\/2021\/09\/Logo-IEMJ-Paypal.jpg","width":150,"height":50,"caption":"Institut Europ\u00e9en des Musiques Juives"},"image":{"@id":"https:\/\/www.iemj.org\/en\/#\/schema\/logo\/image\/"},"sameAs":["https:\/\/www.facebook.com\/MusiquesJuives\/","https:\/\/www.instagram.com\/musiquesjuives\/","https:\/\/www.youtube.com\/user\/musiquesjuives"]},{"@type":"Person","@id":"https:\/\/www.iemj.org\/en\/#\/schema\/person\/c9bc1c386a3749579a2d675e72a18666","name":"Jean-Gabriel Davis","image":{"@type":"ImageObject","inLanguage":"en-US","@id":"https:\/\/secure.gravatar.com\/avatar\/2b90d67bdf392c9b3a21fab87c0fa7edaf1fb3a058172a1ffd61033fcec7aec1?s=96&d=mm&r=g","url":"https:\/\/secure.gravatar.com\/avatar\/2b90d67bdf392c9b3a21fab87c0fa7edaf1fb3a058172a1ffd61033fcec7aec1?s=96&d=mm&r=g","contentUrl":"https:\/\/secure.gravatar.com\/avatar\/2b90d67bdf392c9b3a21fab87c0fa7edaf1fb3a058172a1ffd61033fcec7aec1?s=96&d=mm&r=g","caption":"Jean-Gabriel Davis"}}]}},"_links":{"self":[{"href":"https:\/\/www.iemj.org\/en\/wp-json\/wp\/v2\/posts\/9726","targetHints":{"allow":["GET"]}}],"collection":[{"href":"https:\/\/www.iemj.org\/en\/wp-json\/wp\/v2\/posts"}],"about":[{"href":"https:\/\/www.iemj.org\/en\/wp-json\/wp\/v2\/types\/post"}],"author":[{"embeddable":true,"href":"https:\/\/www.iemj.org\/en\/wp-json\/wp\/v2\/users\/1048"}],"replies":[{"embeddable":true,"href":"https:\/\/www.iemj.org\/en\/wp-json\/wp\/v2\/comments?post=9726"}],"version-history":[{"count":1,"href":"https:\/\/www.iemj.org\/en\/wp-json\/wp\/v2\/posts\/9726\/revisions"}],"predecessor-version":[{"id":127763,"href":"https:\/\/www.iemj.org\/en\/wp-json\/wp\/v2\/posts\/9726\/revisions\/127763"}],"wp:featuredmedia":[{"embeddable":true,"href":"https:\/\/www.iemj.org\/en\/wp-json\/wp\/v2\/media\/9724"}],"wp:attachment":[{"href":"https:\/\/www.iemj.org\/en\/wp-json\/wp\/v2\/media?parent=9726"}],"wp:term":[{"taxonomy":"category","embeddable":true,"href":"https:\/\/www.iemj.org\/en\/wp-json\/wp\/v2\/categories?post=9726"},{"taxonomy":"post_tag","embeddable":true,"href":"https:\/\/www.iemj.org\/en\/wp-json\/wp\/v2\/tags?post=9726"},{"taxonomy":"technique","embeddable":true,"href":"https:\/\/www.iemj.org\/en\/wp-json\/wp\/v2\/technique?post=9726"},{"taxonomy":"squelettes","embeddable":true,"href":"https:\/\/www.iemj.org\/en\/wp-json\/wp\/v2\/squelettes?post=9726"},{"taxonomy":"sujet","embeddable":true,"href":"https:\/\/www.iemj.org\/en\/wp-json\/wp\/v2\/sujet?post=9726"},{"taxonomy":"formation","embeddable":true,"href":"https:\/\/www.iemj.org\/en\/wp-json\/wp\/v2\/formation?post=9726"},{"taxonomy":"genre","embeddable":true,"href":"https:\/\/www.iemj.org\/en\/wp-json\/wp\/v2\/genre?post=9726"},{"taxonomy":"fonds","embeddable":true,"href":"https:\/\/www.iemj.org\/en\/wp-json\/wp\/v2\/fonds?post=9726"},{"taxonomy":"tradition","embeddable":true,"href":"https:\/\/www.iemj.org\/en\/wp-json\/wp\/v2\/tradition?post=9726"},{"taxonomy":"type-de-contenu","embeddable":true,"href":"https:\/\/www.iemj.org\/en\/wp-json\/wp\/v2\/type-de-contenu?post=9726"},{"taxonomy":"interprete-compositeur","embeddable":true,"href":"https:\/\/www.iemj.org\/en\/wp-json\/wp\/v2\/interprete-compositeur?post=9726"},{"taxonomy":"frise","embeddable":true,"href":"https:\/\/www.iemj.org\/en\/wp-json\/wp\/v2\/frise?post=9726"},{"taxonomy":"type-devenement","embeddable":true,"href":"https:\/\/www.iemj.org\/en\/wp-json\/wp\/v2\/type-devenement?post=9726"},{"taxonomy":"tableaux-liens-externes","embeddable":true,"href":"https:\/\/www.iemj.org\/en\/wp-json\/wp\/v2\/tableaux-liens-externes?post=9726"}],"curies":[{"name":"wp","href":"https:\/\/api.w.org\/{rel}","templated":true}]}}