{"id":99347,"date":"2023-07-04T15:47:53","date_gmt":"2023-07-04T13:47:53","guid":{"rendered":"https:\/\/www.iemj.org\/la-nouvelle-scene-juive\/"},"modified":"2024-02-15T15:46:47","modified_gmt":"2024-02-15T14:46:47","slug":"la-nouvelle-scene-juive","status":"publish","type":"post","link":"https:\/\/www.iemj.org\/en\/la-nouvelle-scene-juive\/","title":{"rendered":"The new Jewish scene"},"content":{"rendered":"<p>The new Jewish scene is linked to the emergence of fusion music, a term referring to the blending of musical genres such as rap with rock. Rock is often considered to be one of the first fusion musics, in the sense that it is the fruit of the union of rhythm and blues and country music.<\/p>\n<p>Since the end of the 1960s, and with the advent of globalization, music has been constantly blending. The introduction of electronic music processing accelerated this trend, particularly from the 1980s onwards.<\/p>\n<p>Jewish music is no exception to this phenomenon, with the emergence of a new Jewish scene that blends Klezmer, Yiddish, Judeo-Spanish and Oriental music with jazz, rock, punk, rap, Latino and hip-hop&#8230;<\/p>\n<p>The playlist below presents just a tiny selection of the richness of this new Jewish scene, which is now being expressed all over the world. Among the promoters of this Jewish musical revival we can mention <a href=\"https:\/\/www.tzadik.com\/\" target=\"_blank\" rel=\"noopener\">John Zorn and his Tzadik label<\/a>, founded in New York in 1995, which to date has produced 189 CDs in the <em>Radical Jewish Culture<\/em> collection. In 2003, Claude Zwimer and Bruno Nahon founded the <a href=\"http:\/\/www.jumu.fr\/archives_jumu.html\">Jumu (Nu Juwish Music)<\/a> label in Paris, which &#8220;brings the past to the present, plugs klezmer into electro, arranges unions between rappers in papillote and yid clarinet, and mixes Judeo-Arabic with hip-hop&#8221;. Jumu has produced a dozen CDs and organized several concerts with American (Matisyahu), Canadian (SoCalled), English (Sophie Solomon, Oi va voi), Dutch (Amsterdam Klezmer Band) and French (Anakronic Electro Orkestra) musicians.<\/p>\n<p>Finally, some French bands, such as <a href=\"https:\/\/www.iemj.org\/en\/horse-raddish-4\/\">Horse Raddish<\/a>, Klunk, &#8230; have produced albums of jazz-rock, rap or klezmer punk.<\/p>\n<p>More about the artists included in this playlist:<\/p>\n<ul>\n<li><a href=\"https:\/\/www.anakronic.com\/bio\" target=\"_blank\" rel=\"noopener\">Anakronic<\/a><\/li>\n<li><a href=\"https:\/\/fr.wikipedia.org\/wiki\/Socalled\" target=\"_blank\" rel=\"noopener\">SoCalled<\/a><\/li>\n<li><a href=\"https:\/\/en.wikipedia.org\/wiki\/David_Krakauer_(musician)\" target=\"_blank\" rel=\"noopener\">David Krakauer<\/a><\/li>\n<li><a href=\"https:\/\/en.wikipedia.org\/wiki\/Amsterdam_Klezmer_Band\" target=\"_blank\" rel=\"noopener\">Amsterdam Klezmer Band<\/a><\/li>\n<li><a href=\"https:\/\/en.wikipedia.org\/wiki\/Balkan_Beat_Box\" target=\"_blank\" rel=\"noopener\">Balkan Beat Box<\/a><\/li>\n<li><a href=\"http:\/\/klunk.fr\/\" target=\"_blank\" rel=\"noopener\">Klunk<\/a><\/li>\n<li><a href=\"https:\/\/en.wikipedia.org\/wiki\/Hip_Hop_Hood%C3%ADos\" target=\"_blank\" rel=\"noopener\">Hip Hop Hood\u00edos<\/a><\/li>\n<li><a href=\"https:\/\/guillaumedettmar.com\/paris-klezmer-band\/\" target=\"_blank\" rel=\"noopener\">Paris Klezmer Band<\/a><\/li>\n<li><a href=\"https:\/\/en.wikipedia.org\/wiki\/Shimi_Tavori\" target=\"_blank\" rel=\"noopener\">Shimi Tavori<\/a> &amp; <a href=\"https:\/\/aish.com\/authors\/201416921\/\" target=\"_blank\" rel=\"noopener\">Francky Perez<\/a><\/li>\n<li><a href=\"https:\/\/www.yom.fr\/\" target=\"_blank\" rel=\"noopener\">Yom<\/a><\/li>\n<\/ul>\n<p><a href=\"https:\/\/www.iemj.org\/en\/rock-hard-rock-metal-punk-et-musiques-juives\/\" target=\"_blank\" rel=\"noopener\">Read the feature article Rock, Hard-Rock, Metal, Punk and Jewish music<\/a><\/p>\n<p>Listen to the radio programs <a href=\"https:\/\/www.iemj.org\/en\/electric-yiddish-from-jazz-rock-to-punk\/\" target=\"_blank\" rel=\"noopener\">ELECTRIC YIDDISH : FROM JAZZ ROCK TO PUNK<\/a> and <a href=\"https:\/\/www.iemj.org\/en\/extreme-jewish-music-from-punk-rock-to-heavy-metal\/\" target=\"_blank\" rel=\"noopener\">EXTREME JEWISH MUSIC \u2013 FROM PUNK-ROCK TO HEAVY METAL<\/a><\/p>\n\n\n<figure class=\"wp-block-image size-large\"><img fetchpriority=\"high\" decoding=\"async\" width=\"1024\" height=\"146\" src=\"https:\/\/www.iemj.org\/wp-content\/uploads\/2023\/01\/Bandeau-Playlist_EN2-1024x146.jpg\" alt=\"\" class=\"wp-image-93119\" srcset=\"https:\/\/www.iemj.org\/wp-content\/uploads\/2023\/01\/Bandeau-Playlist_EN2-1024x146.jpg 1024w, https:\/\/www.iemj.org\/wp-content\/uploads\/2023\/01\/Bandeau-Playlist_EN2-300x43.jpg 300w, https:\/\/www.iemj.org\/wp-content\/uploads\/2023\/01\/Bandeau-Playlist_EN2-768x110.jpg 768w, https:\/\/www.iemj.org\/wp-content\/uploads\/2023\/01\/Bandeau-Playlist_EN2-1536x220.jpg 1536w, https:\/\/www.iemj.org\/wp-content\/uploads\/2023\/01\/Bandeau-Playlist_EN2-600x86.jpg 600w, https:\/\/www.iemj.org\/wp-content\/uploads\/2023\/01\/Bandeau-Playlist_EN2.jpg 1608w\" sizes=\"(max-width: 1024px) 100vw, 1024px\" \/><\/figure>\n","protected":false},"excerpt":{"rendered":"<p>The new Jewish scene is linked to the emergence of fusion music, a term referring to the blending of musical genres such as rap with rock. Rock is often considered<\/p>\n","protected":false},"author":5,"featured_media":99289,"comment_status":"closed","ping_status":"open","sticky":false,"template":"","format":"standard","meta":{"_acf_changed":false,"footnotes":""},"categories":[1317],"tags":[],"technique":[],"squelettes":[],"sujet":[],"formation":[],"genre":[1123,1118,1110,1126,1125],"fonds":[],"tradition":[],"type-de-contenu":[],"interprete-compositeur":[],"frise":[],"type-devenement":[],"tableaux-liens-externes":[],"class_list":["post-99347","post","type-post","status-publish","format-standard","has-post-thumbnail","hentry","category-playlists-en","genre-dub-hip-hop","genre-electro-en","genre-jazz-en","genre-punk-en","genre-rock-en-2"],"acf":[],"yoast_head":"<!-- This site is optimized with the Yoast SEO plugin v27.3 - https:\/\/yoast.com\/product\/yoast-seo-wordpress\/ -->\n<title>The new Jewish scene - Institut Europ\u00e9en des Musiques Juives<\/title>\n<meta name=\"robots\" content=\"index, follow, max-snippet:-1, max-image-preview:large, max-video-preview:-1\" \/>\n<link rel=\"canonical\" href=\"https:\/\/www.iemj.org\/en\/la-nouvelle-scene-juive\/\" \/>\n<meta property=\"og:locale\" content=\"en_US\" \/>\n<meta property=\"og:type\" content=\"article\" \/>\n<meta property=\"og:title\" content=\"The new Jewish scene - Institut Europ\u00e9en des Musiques Juives\" \/>\n<meta property=\"og:description\" content=\"The new Jewish scene is linked to the emergence of fusion music, a term referring to the blending of musical genres such as rap with rock. Rock is often considered\" \/>\n<meta property=\"og:url\" content=\"https:\/\/www.iemj.org\/en\/la-nouvelle-scene-juive\/\" \/>\n<meta property=\"og:site_name\" content=\"Institut Europ\u00e9en des Musiques Juives\" \/>\n<meta property=\"article:publisher\" content=\"https:\/\/www.facebook.com\/MusiquesJuives\/\" \/>\n<meta property=\"article:published_time\" content=\"2023-07-04T13:47:53+00:00\" \/>\n<meta property=\"article:modified_time\" content=\"2024-02-15T14:46:47+00:00\" \/>\n<meta property=\"og:image\" content=\"https:\/\/www.iemj.org\/wp-content\/uploads\/2023\/07\/Logo-playlist-ete-Nlle-Mus.-J.jpg\" \/>\n\t<meta property=\"og:image:width\" content=\"500\" \/>\n\t<meta property=\"og:image:height\" content=\"500\" \/>\n\t<meta property=\"og:image:type\" content=\"image\/jpeg\" \/>\n<meta name=\"author\" content=\"Jacqueline ROTEN\" \/>\n<meta name=\"twitter:card\" content=\"summary_large_image\" \/>\n<meta name=\"twitter:label1\" content=\"Written by\" \/>\n\t<meta name=\"twitter:data1\" content=\"Jacqueline ROTEN\" \/>\n\t<meta name=\"twitter:label2\" content=\"Est. reading time\" \/>\n\t<meta name=\"twitter:data2\" content=\"3 minutes\" \/>\n<script type=\"application\/ld+json\" class=\"yoast-schema-graph\">{\"@context\":\"https:\\\/\\\/schema.org\",\"@graph\":[{\"@type\":\"Article\",\"@id\":\"https:\\\/\\\/www.iemj.org\\\/en\\\/la-nouvelle-scene-juive\\\/#article\",\"isPartOf\":{\"@id\":\"https:\\\/\\\/www.iemj.org\\\/en\\\/la-nouvelle-scene-juive\\\/\"},\"author\":{\"name\":\"Jacqueline ROTEN\",\"@id\":\"https:\\\/\\\/www.iemj.org\\\/en\\\/#\\\/schema\\\/person\\\/358e26c18aca017fcc4cc15437f7279c\"},\"headline\":\"The new Jewish scene\",\"datePublished\":\"2023-07-04T13:47:53+00:00\",\"dateModified\":\"2024-02-15T14:46:47+00:00\",\"mainEntityOfPage\":{\"@id\":\"https:\\\/\\\/www.iemj.org\\\/en\\\/la-nouvelle-scene-juive\\\/\"},\"wordCount\":335,\"publisher\":{\"@id\":\"https:\\\/\\\/www.iemj.org\\\/en\\\/#organization\"},\"image\":{\"@id\":\"https:\\\/\\\/www.iemj.org\\\/en\\\/la-nouvelle-scene-juive\\\/#primaryimage\"},\"thumbnailUrl\":\"https:\\\/\\\/www.iemj.org\\\/wp-content\\\/uploads\\\/2023\\\/07\\\/Logo-playlist-ete-Nlle-Mus.-J.jpg\",\"articleSection\":[\"Playlists\"],\"inLanguage\":\"en-US\"},{\"@type\":\"WebPage\",\"@id\":\"https:\\\/\\\/www.iemj.org\\\/en\\\/la-nouvelle-scene-juive\\\/\",\"url\":\"https:\\\/\\\/www.iemj.org\\\/en\\\/la-nouvelle-scene-juive\\\/\",\"name\":\"The new Jewish scene - Institut Europ\u00e9en des Musiques Juives\",\"isPartOf\":{\"@id\":\"https:\\\/\\\/www.iemj.org\\\/en\\\/#website\"},\"primaryImageOfPage\":{\"@id\":\"https:\\\/\\\/www.iemj.org\\\/en\\\/la-nouvelle-scene-juive\\\/#primaryimage\"},\"image\":{\"@id\":\"https:\\\/\\\/www.iemj.org\\\/en\\\/la-nouvelle-scene-juive\\\/#primaryimage\"},\"thumbnailUrl\":\"https:\\\/\\\/www.iemj.org\\\/wp-content\\\/uploads\\\/2023\\\/07\\\/Logo-playlist-ete-Nlle-Mus.-J.jpg\",\"datePublished\":\"2023-07-04T13:47:53+00:00\",\"dateModified\":\"2024-02-15T14:46:47+00:00\",\"breadcrumb\":{\"@id\":\"https:\\\/\\\/www.iemj.org\\\/en\\\/la-nouvelle-scene-juive\\\/#breadcrumb\"},\"inLanguage\":\"en-US\",\"potentialAction\":[{\"@type\":\"ReadAction\",\"target\":[\"https:\\\/\\\/www.iemj.org\\\/en\\\/la-nouvelle-scene-juive\\\/\"]}]},{\"@type\":\"ImageObject\",\"inLanguage\":\"en-US\",\"@id\":\"https:\\\/\\\/www.iemj.org\\\/en\\\/la-nouvelle-scene-juive\\\/#primaryimage\",\"url\":\"https:\\\/\\\/www.iemj.org\\\/wp-content\\\/uploads\\\/2023\\\/07\\\/Logo-playlist-ete-Nlle-Mus.-J.jpg\",\"contentUrl\":\"https:\\\/\\\/www.iemj.org\\\/wp-content\\\/uploads\\\/2023\\\/07\\\/Logo-playlist-ete-Nlle-Mus.-J.jpg\",\"width\":500,\"height\":500},{\"@type\":\"BreadcrumbList\",\"@id\":\"https:\\\/\\\/www.iemj.org\\\/en\\\/la-nouvelle-scene-juive\\\/#breadcrumb\",\"itemListElement\":[{\"@type\":\"ListItem\",\"position\":1,\"name\":\"Accueil\",\"item\":\"https:\\\/\\\/www.iemj.org\\\/en\\\/\"},{\"@type\":\"ListItem\",\"position\":2,\"name\":\"The new Jewish scene\"}]},{\"@type\":\"WebSite\",\"@id\":\"https:\\\/\\\/www.iemj.org\\\/en\\\/#website\",\"url\":\"https:\\\/\\\/www.iemj.org\\\/en\\\/\",\"name\":\"Institut Europ\u00e9en des Musiques Juives\",\"description\":\"Des traditions musicales \u00e0 la port\u00e9e de tous\",\"publisher\":{\"@id\":\"https:\\\/\\\/www.iemj.org\\\/en\\\/#organization\"},\"potentialAction\":[{\"@type\":\"SearchAction\",\"target\":{\"@type\":\"EntryPoint\",\"urlTemplate\":\"https:\\\/\\\/www.iemj.org\\\/en\\\/?s={search_term_string}\"},\"query-input\":{\"@type\":\"PropertyValueSpecification\",\"valueRequired\":true,\"valueName\":\"search_term_string\"}}],\"inLanguage\":\"en-US\"},{\"@type\":\"Organization\",\"@id\":\"https:\\\/\\\/www.iemj.org\\\/en\\\/#organization\",\"name\":\"Institut Europ\u00e9en des Musiques Juives\",\"url\":\"https:\\\/\\\/www.iemj.org\\\/en\\\/\",\"logo\":{\"@type\":\"ImageObject\",\"inLanguage\":\"en-US\",\"@id\":\"https:\\\/\\\/www.iemj.org\\\/en\\\/#\\\/schema\\\/logo\\\/image\\\/\",\"url\":\"https:\\\/\\\/www.iemj.org\\\/wp-content\\\/uploads\\\/2021\\\/09\\\/Logo-IEMJ-Paypal.jpg\",\"contentUrl\":\"https:\\\/\\\/www.iemj.org\\\/wp-content\\\/uploads\\\/2021\\\/09\\\/Logo-IEMJ-Paypal.jpg\",\"width\":150,\"height\":50,\"caption\":\"Institut Europ\u00e9en des Musiques Juives\"},\"image\":{\"@id\":\"https:\\\/\\\/www.iemj.org\\\/en\\\/#\\\/schema\\\/logo\\\/image\\\/\"},\"sameAs\":[\"https:\\\/\\\/www.facebook.com\\\/MusiquesJuives\\\/\",\"https:\\\/\\\/www.instagram.com\\\/musiquesjuives\\\/\",\"https:\\\/\\\/www.youtube.com\\\/user\\\/musiquesjuives\"]},{\"@type\":\"Person\",\"@id\":\"https:\\\/\\\/www.iemj.org\\\/en\\\/#\\\/schema\\\/person\\\/358e26c18aca017fcc4cc15437f7279c\",\"name\":\"Jacqueline ROTEN\",\"image\":{\"@type\":\"ImageObject\",\"inLanguage\":\"en-US\",\"@id\":\"https:\\\/\\\/secure.gravatar.com\\\/avatar\\\/5964256d6c6957de3a3505278957e0fb2a35119ac47ea41827a65301213c810b?s=96&d=mm&r=g\",\"url\":\"https:\\\/\\\/secure.gravatar.com\\\/avatar\\\/5964256d6c6957de3a3505278957e0fb2a35119ac47ea41827a65301213c810b?s=96&d=mm&r=g\",\"contentUrl\":\"https:\\\/\\\/secure.gravatar.com\\\/avatar\\\/5964256d6c6957de3a3505278957e0fb2a35119ac47ea41827a65301213c810b?s=96&d=mm&r=g\",\"caption\":\"Jacqueline ROTEN\"}}]}<\/script>\n<!-- \/ Yoast SEO plugin. -->","yoast_head_json":{"title":"The new Jewish scene - Institut Europ\u00e9en des Musiques Juives","robots":{"index":"index","follow":"follow","max-snippet":"max-snippet:-1","max-image-preview":"max-image-preview:large","max-video-preview":"max-video-preview:-1"},"canonical":"https:\/\/www.iemj.org\/en\/la-nouvelle-scene-juive\/","og_locale":"en_US","og_type":"article","og_title":"The new Jewish scene - Institut Europ\u00e9en des Musiques Juives","og_description":"The new Jewish scene is linked to the emergence of fusion music, a term referring to the blending of musical genres such as rap with rock. Rock is often considered","og_url":"https:\/\/www.iemj.org\/en\/la-nouvelle-scene-juive\/","og_site_name":"Institut Europ\u00e9en des Musiques Juives","article_publisher":"https:\/\/www.facebook.com\/MusiquesJuives\/","article_published_time":"2023-07-04T13:47:53+00:00","article_modified_time":"2024-02-15T14:46:47+00:00","og_image":[{"width":500,"height":500,"url":"https:\/\/www.iemj.org\/wp-content\/uploads\/2023\/07\/Logo-playlist-ete-Nlle-Mus.-J.jpg","type":"image\/jpeg"}],"author":"Jacqueline ROTEN","twitter_card":"summary_large_image","twitter_misc":{"Written by":"Jacqueline ROTEN","Est. reading time":"3 minutes"},"schema":{"@context":"https:\/\/schema.org","@graph":[{"@type":"Article","@id":"https:\/\/www.iemj.org\/en\/la-nouvelle-scene-juive\/#article","isPartOf":{"@id":"https:\/\/www.iemj.org\/en\/la-nouvelle-scene-juive\/"},"author":{"name":"Jacqueline ROTEN","@id":"https:\/\/www.iemj.org\/en\/#\/schema\/person\/358e26c18aca017fcc4cc15437f7279c"},"headline":"The new Jewish scene","datePublished":"2023-07-04T13:47:53+00:00","dateModified":"2024-02-15T14:46:47+00:00","mainEntityOfPage":{"@id":"https:\/\/www.iemj.org\/en\/la-nouvelle-scene-juive\/"},"wordCount":335,"publisher":{"@id":"https:\/\/www.iemj.org\/en\/#organization"},"image":{"@id":"https:\/\/www.iemj.org\/en\/la-nouvelle-scene-juive\/#primaryimage"},"thumbnailUrl":"https:\/\/www.iemj.org\/wp-content\/uploads\/2023\/07\/Logo-playlist-ete-Nlle-Mus.-J.jpg","articleSection":["Playlists"],"inLanguage":"en-US"},{"@type":"WebPage","@id":"https:\/\/www.iemj.org\/en\/la-nouvelle-scene-juive\/","url":"https:\/\/www.iemj.org\/en\/la-nouvelle-scene-juive\/","name":"The new Jewish scene - Institut Europ\u00e9en des Musiques Juives","isPartOf":{"@id":"https:\/\/www.iemj.org\/en\/#website"},"primaryImageOfPage":{"@id":"https:\/\/www.iemj.org\/en\/la-nouvelle-scene-juive\/#primaryimage"},"image":{"@id":"https:\/\/www.iemj.org\/en\/la-nouvelle-scene-juive\/#primaryimage"},"thumbnailUrl":"https:\/\/www.iemj.org\/wp-content\/uploads\/2023\/07\/Logo-playlist-ete-Nlle-Mus.-J.jpg","datePublished":"2023-07-04T13:47:53+00:00","dateModified":"2024-02-15T14:46:47+00:00","breadcrumb":{"@id":"https:\/\/www.iemj.org\/en\/la-nouvelle-scene-juive\/#breadcrumb"},"inLanguage":"en-US","potentialAction":[{"@type":"ReadAction","target":["https:\/\/www.iemj.org\/en\/la-nouvelle-scene-juive\/"]}]},{"@type":"ImageObject","inLanguage":"en-US","@id":"https:\/\/www.iemj.org\/en\/la-nouvelle-scene-juive\/#primaryimage","url":"https:\/\/www.iemj.org\/wp-content\/uploads\/2023\/07\/Logo-playlist-ete-Nlle-Mus.-J.jpg","contentUrl":"https:\/\/www.iemj.org\/wp-content\/uploads\/2023\/07\/Logo-playlist-ete-Nlle-Mus.-J.jpg","width":500,"height":500},{"@type":"BreadcrumbList","@id":"https:\/\/www.iemj.org\/en\/la-nouvelle-scene-juive\/#breadcrumb","itemListElement":[{"@type":"ListItem","position":1,"name":"Accueil","item":"https:\/\/www.iemj.org\/en\/"},{"@type":"ListItem","position":2,"name":"The new Jewish scene"}]},{"@type":"WebSite","@id":"https:\/\/www.iemj.org\/en\/#website","url":"https:\/\/www.iemj.org\/en\/","name":"Institut Europ\u00e9en des Musiques Juives","description":"Des traditions musicales \u00e0 la port\u00e9e de tous","publisher":{"@id":"https:\/\/www.iemj.org\/en\/#organization"},"potentialAction":[{"@type":"SearchAction","target":{"@type":"EntryPoint","urlTemplate":"https:\/\/www.iemj.org\/en\/?s={search_term_string}"},"query-input":{"@type":"PropertyValueSpecification","valueRequired":true,"valueName":"search_term_string"}}],"inLanguage":"en-US"},{"@type":"Organization","@id":"https:\/\/www.iemj.org\/en\/#organization","name":"Institut Europ\u00e9en des Musiques Juives","url":"https:\/\/www.iemj.org\/en\/","logo":{"@type":"ImageObject","inLanguage":"en-US","@id":"https:\/\/www.iemj.org\/en\/#\/schema\/logo\/image\/","url":"https:\/\/www.iemj.org\/wp-content\/uploads\/2021\/09\/Logo-IEMJ-Paypal.jpg","contentUrl":"https:\/\/www.iemj.org\/wp-content\/uploads\/2021\/09\/Logo-IEMJ-Paypal.jpg","width":150,"height":50,"caption":"Institut Europ\u00e9en des Musiques Juives"},"image":{"@id":"https:\/\/www.iemj.org\/en\/#\/schema\/logo\/image\/"},"sameAs":["https:\/\/www.facebook.com\/MusiquesJuives\/","https:\/\/www.instagram.com\/musiquesjuives\/","https:\/\/www.youtube.com\/user\/musiquesjuives"]},{"@type":"Person","@id":"https:\/\/www.iemj.org\/en\/#\/schema\/person\/358e26c18aca017fcc4cc15437f7279c","name":"Jacqueline ROTEN","image":{"@type":"ImageObject","inLanguage":"en-US","@id":"https:\/\/secure.gravatar.com\/avatar\/5964256d6c6957de3a3505278957e0fb2a35119ac47ea41827a65301213c810b?s=96&d=mm&r=g","url":"https:\/\/secure.gravatar.com\/avatar\/5964256d6c6957de3a3505278957e0fb2a35119ac47ea41827a65301213c810b?s=96&d=mm&r=g","contentUrl":"https:\/\/secure.gravatar.com\/avatar\/5964256d6c6957de3a3505278957e0fb2a35119ac47ea41827a65301213c810b?s=96&d=mm&r=g","caption":"Jacqueline ROTEN"}}]}},"_links":{"self":[{"href":"https:\/\/www.iemj.org\/en\/wp-json\/wp\/v2\/posts\/99347","targetHints":{"allow":["GET"]}}],"collection":[{"href":"https:\/\/www.iemj.org\/en\/wp-json\/wp\/v2\/posts"}],"about":[{"href":"https:\/\/www.iemj.org\/en\/wp-json\/wp\/v2\/types\/post"}],"author":[{"embeddable":true,"href":"https:\/\/www.iemj.org\/en\/wp-json\/wp\/v2\/users\/5"}],"replies":[{"embeddable":true,"href":"https:\/\/www.iemj.org\/en\/wp-json\/wp\/v2\/comments?post=99347"}],"version-history":[{"count":0,"href":"https:\/\/www.iemj.org\/en\/wp-json\/wp\/v2\/posts\/99347\/revisions"}],"wp:featuredmedia":[{"embeddable":true,"href":"https:\/\/www.iemj.org\/en\/wp-json\/wp\/v2\/media\/99289"}],"wp:attachment":[{"href":"https:\/\/www.iemj.org\/en\/wp-json\/wp\/v2\/media?parent=99347"}],"wp:term":[{"taxonomy":"category","embeddable":true,"href":"https:\/\/www.iemj.org\/en\/wp-json\/wp\/v2\/categories?post=99347"},{"taxonomy":"post_tag","embeddable":true,"href":"https:\/\/www.iemj.org\/en\/wp-json\/wp\/v2\/tags?post=99347"},{"taxonomy":"technique","embeddable":true,"href":"https:\/\/www.iemj.org\/en\/wp-json\/wp\/v2\/technique?post=99347"},{"taxonomy":"squelettes","embeddable":true,"href":"https:\/\/www.iemj.org\/en\/wp-json\/wp\/v2\/squelettes?post=99347"},{"taxonomy":"sujet","embeddable":true,"href":"https:\/\/www.iemj.org\/en\/wp-json\/wp\/v2\/sujet?post=99347"},{"taxonomy":"formation","embeddable":true,"href":"https:\/\/www.iemj.org\/en\/wp-json\/wp\/v2\/formation?post=99347"},{"taxonomy":"genre","embeddable":true,"href":"https:\/\/www.iemj.org\/en\/wp-json\/wp\/v2\/genre?post=99347"},{"taxonomy":"fonds","embeddable":true,"href":"https:\/\/www.iemj.org\/en\/wp-json\/wp\/v2\/fonds?post=99347"},{"taxonomy":"tradition","embeddable":true,"href":"https:\/\/www.iemj.org\/en\/wp-json\/wp\/v2\/tradition?post=99347"},{"taxonomy":"type-de-contenu","embeddable":true,"href":"https:\/\/www.iemj.org\/en\/wp-json\/wp\/v2\/type-de-contenu?post=99347"},{"taxonomy":"interprete-compositeur","embeddable":true,"href":"https:\/\/www.iemj.org\/en\/wp-json\/wp\/v2\/interprete-compositeur?post=99347"},{"taxonomy":"frise","embeddable":true,"href":"https:\/\/www.iemj.org\/en\/wp-json\/wp\/v2\/frise?post=99347"},{"taxonomy":"type-devenement","embeddable":true,"href":"https:\/\/www.iemj.org\/en\/wp-json\/wp\/v2\/type-devenement?post=99347"},{"taxonomy":"tableaux-liens-externes","embeddable":true,"href":"https:\/\/www.iemj.org\/en\/wp-json\/wp\/v2\/tableaux-liens-externes?post=99347"}],"curies":[{"name":"wp","href":"https:\/\/api.w.org\/{rel}","templated":true}]}}