{"id":100172,"date":"2017-09-19T11:30:09","date_gmt":"2017-09-19T09:30:09","guid":{"rendered":"https:\/\/www.iemj.org\/chants-et-prieres-de-roch-hachana-et-yom-kipour\/"},"modified":"2025-09-20T16:05:26","modified_gmt":"2025-09-20T14:05:26","slug":"chants-et-prieres-de-roch-hachana-et-yom-kipour","status":"publish","type":"post","link":"https:\/\/www.iemj.org\/es\/chants-et-prieres-de-roch-hachana-et-yom-kipour\/","title":{"rendered":"Chants et pri\u00e8res de Roch Hachana et Yom Kipour"},"content":{"rendered":"<p>Las celebraciones de Tishri son tiempo de alegr\u00eda y arrepentimiento. Las melod\u00edas tradicionales de Rosh Hashan\u00e1 y Yom Kipur, que reflejan la dualidad de estos sentimientos, ayudan a elevar el alma en estos momentos tan importantes de la vida jud\u00eda.<\/p>\n<p>Con este motivo, un CD que recoge 35 melod\u00edas y oraciones de estas dos fiestas del rito ashkenaz\u00ed ha sido publicado recientemente. No es la primera vez que se graba en Francia un CD con las melod\u00edas tradicionales de las fiestas de Tichri. Sin embargo, el uso de la voz femenina -debido al desarrollo de las comunidades jud\u00edas liberales- le da un sabor muy especial<\/p>\n<p>La cantante <strong>H\u00e9l\u00e8ne Blajan<\/strong>, miembro del coro de la orquesta de Radio France, est\u00e1 apoyada por un magn\u00edfico coro masculino. El \u00f3rgano, tocado por <strong>Rapha\u00ebl Tambyeff<\/strong>, encaja a la perfecci\u00f3n, sabiendo ser modesto e \u00edntimo, sin dejar de sonar majestuoso en los momentos adecuados. Por \u00faltimo, <strong>Maurice Benhamou<\/strong>, que fue director del coro de la Gran Sinagoga de la Victoire durante 30 a\u00f1os, es el director musical.<\/p>\n<p>Como el CD no est\u00e1 actualmente a la venta, puede contactar con la artista directamente: <a href=\"helene.blajan@orange.fr\">helene.blajan@orange.fr<\/a><\/p>\n<p>\u00a0<\/p>\n\n<div class=\"wp-block-image\">\n<figure class=\"aligncenter size-large\"><img fetchpriority=\"high\" decoding=\"async\" width=\"1024\" height=\"133\" src=\"https:\/\/www.iemj.org\/wp-content\/uploads\/2024\/03\/AUDIO-PLAYER-1024x133.png\" alt=\"\" class=\"wp-image-110610\" srcset=\"https:\/\/www.iemj.org\/wp-content\/uploads\/2024\/03\/AUDIO-PLAYER-1024x133.png 1024w, https:\/\/www.iemj.org\/wp-content\/uploads\/2024\/03\/AUDIO-PLAYER-300x39.png 300w, https:\/\/www.iemj.org\/wp-content\/uploads\/2024\/03\/AUDIO-PLAYER-768x100.png 768w, https:\/\/www.iemj.org\/wp-content\/uploads\/2024\/03\/AUDIO-PLAYER-600x78.png 600w, https:\/\/www.iemj.org\/wp-content\/uploads\/2024\/03\/AUDIO-PLAYER.png 1210w\" sizes=\"(max-width: 1024px) 100vw, 1024px\" \/><\/figure>\n<\/div>\n\n\n<div class=\"wp-block-file\"><a id=\"wp-block-file--media-1c691127-f876-4889-959c-197e80f75815\" href=\"https:\/\/www.iemj.org\/wp-content\/uploads\/2017\/09\/cd_880_29_ex.mp3\">Enosh (extrait)<\/a><\/div>\n\n\n\n<div class=\"wp-block-file\"><a id=\"wp-block-file--media-73cf59f3-7132-4b6c-b918-7b7ffcf62618\" href=\"https:\/\/www.iemj.org\/wp-content\/uploads\/2017\/09\/cd_880_27_ex.mp3\">Avinou Malk\u00e9nou (extrait)<\/a><\/div>\n\n\n\n<div class=\"wp-block-file\"><a id=\"wp-block-file--media-481c8861-e5e0-4c3c-870a-230a7441bdfa\" href=\"https:\/\/www.iemj.org\/wp-content\/uploads\/2017\/09\/cd_880_26_ex.mp3\">Vidou\u00ef &#8211; Ana Tavo (extrait)<\/a><\/div>\n\n\n\n<div class=\"wp-block-file\"><a id=\"wp-block-file--media-20e46a2a-51bd-4b7f-8c96-bdfb47d34171\" href=\"https:\/\/www.iemj.org\/wp-content\/uploads\/2017\/09\/cd_880_12_ex.mp3\">S\u00e9ou Sh\u00e9arim (extrait)<\/a><\/div>\n\n\n\n<div class=\"wp-block-file\"><a id=\"wp-block-file--media-fe6945bc-976a-4771-9764-80d15b83c013\" href=\"https:\/\/www.iemj.org\/wp-content\/uploads\/2017\/09\/cd_880_08_ex.mp3\">Adona\u00ef Adona\u00ef (extrait)<\/a><\/div>\n\n\n\n<div class=\"wp-block-file\"><a id=\"wp-block-file--media-47bb0f12-d732-43a4-b07e-dd523ae950e9\" href=\"https:\/\/www.iemj.org\/wp-content\/uploads\/2017\/09\/cd_880_01_ex.mp3\">Akhot K\u00e9tana (extrait)<\/a><\/div>\n","protected":false},"excerpt":{"rendered":"<p>Las celebraciones de Tishri son tiempo de alegr\u00eda y arrepentimiento. Las melod\u00edas tradicionales de Rosh Hashan\u00e1 y Yom Kipur, que reflejan la dualidad de estos sentimientos, ayudan a elevar el<\/p>\n","protected":false},"author":1048,"featured_media":100173,"comment_status":"closed","ping_status":"closed","sticky":false,"template":"","format":"standard","meta":{"_acf_changed":false,"footnotes":""},"categories":[1568,1565],"tags":[],"technique":[],"squelettes":[],"sujet":[1852,1758],"formation":[],"genre":[1890],"fonds":[],"tradition":[],"type-de-contenu":[],"interprete-compositeur":[],"frise":[],"type-devenement":[],"tableaux-liens-externes":[],"class_list":["post-100172","post","type-post","status-publish","format-standard","has-post-thumbnail","hentry","category-cd-es","category-ultimas-adquisiciones-es","sujet-rosh-hashana-es","sujet-yom-kippur-es","genre-liturgia-es"],"acf":[],"yoast_head":"<!-- This site is optimized with the Yoast SEO plugin v27.3 - https:\/\/yoast.com\/product\/yoast-seo-wordpress\/ -->\n<title>Chants et pri\u00e8res de Roch Hachana et Yom Kipour - Institut Europ\u00e9en des Musiques Juives<\/title>\n<meta name=\"robots\" content=\"index, follow, max-snippet:-1, max-image-preview:large, max-video-preview:-1\" \/>\n<link rel=\"canonical\" href=\"https:\/\/www.iemj.org\/es\/chants-et-prieres-de-roch-hachana-et-yom-kipour\/\" \/>\n<meta property=\"og:locale\" content=\"es_ES\" \/>\n<meta property=\"og:type\" content=\"article\" \/>\n<meta property=\"og:title\" content=\"Chants et pri\u00e8res de Roch Hachana et Yom Kipour - Institut Europ\u00e9en des Musiques Juives\" \/>\n<meta property=\"og:description\" content=\"Las celebraciones de Tishri son tiempo de alegr\u00eda y arrepentimiento. Las melod\u00edas tradicionales de Rosh Hashan\u00e1 y Yom Kipur, que reflejan la dualidad de estos sentimientos, ayudan a elevar el\" \/>\n<meta property=\"og:url\" content=\"https:\/\/www.iemj.org\/es\/chants-et-prieres-de-roch-hachana-et-yom-kipour\/\" \/>\n<meta property=\"og:site_name\" content=\"Institut Europ\u00e9en des Musiques Juives\" \/>\n<meta property=\"article:publisher\" content=\"https:\/\/www.facebook.com\/MusiquesJuives\/\" \/>\n<meta property=\"article:published_time\" content=\"2017-09-19T09:30:09+00:00\" \/>\n<meta property=\"article:modified_time\" content=\"2025-09-20T14:05:26+00:00\" \/>\n<meta property=\"og:image\" content=\"https:\/\/www.iemj.org\/wp-content\/uploads\/2017\/09\/arton2463-e1619198006843.jpg\" \/>\n\t<meta property=\"og:image:width\" content=\"350\" \/>\n\t<meta property=\"og:image:height\" content=\"305\" \/>\n\t<meta property=\"og:image:type\" content=\"image\/jpeg\" \/>\n<meta name=\"author\" content=\"Jean-Gabriel Davis\" \/>\n<meta name=\"twitter:card\" content=\"summary_large_image\" \/>\n<meta name=\"twitter:label1\" content=\"Escrito por\" \/>\n\t<meta name=\"twitter:data1\" content=\"Jean-Gabriel Davis\" \/>\n\t<meta name=\"twitter:label2\" content=\"Tiempo de lectura\" \/>\n\t<meta name=\"twitter:data2\" content=\"2 minutos\" \/>\n<script type=\"application\/ld+json\" class=\"yoast-schema-graph\">{\"@context\":\"https:\\\/\\\/schema.org\",\"@graph\":[{\"@type\":\"Article\",\"@id\":\"https:\\\/\\\/www.iemj.org\\\/es\\\/chants-et-prieres-de-roch-hachana-et-yom-kipour\\\/#article\",\"isPartOf\":{\"@id\":\"https:\\\/\\\/www.iemj.org\\\/es\\\/chants-et-prieres-de-roch-hachana-et-yom-kipour\\\/\"},\"author\":{\"name\":\"Jean-Gabriel Davis\",\"@id\":\"https:\\\/\\\/www.iemj.org\\\/es\\\/#\\\/schema\\\/person\\\/c9bc1c386a3749579a2d675e72a18666\"},\"headline\":\"Chants et pri\u00e8res de Roch Hachana et Yom Kipour\",\"datePublished\":\"2017-09-19T09:30:09+00:00\",\"dateModified\":\"2025-09-20T14:05:26+00:00\",\"mainEntityOfPage\":{\"@id\":\"https:\\\/\\\/www.iemj.org\\\/es\\\/chants-et-prieres-de-roch-hachana-et-yom-kipour\\\/\"},\"wordCount\":234,\"publisher\":{\"@id\":\"https:\\\/\\\/www.iemj.org\\\/es\\\/#organization\"},\"image\":{\"@id\":\"https:\\\/\\\/www.iemj.org\\\/es\\\/chants-et-prieres-de-roch-hachana-et-yom-kipour\\\/#primaryimage\"},\"thumbnailUrl\":\"https:\\\/\\\/www.iemj.org\\\/wp-content\\\/uploads\\\/2017\\\/09\\\/arton2463-e1619198006843.jpg\",\"articleSection\":[\"CD\",\"\u00daltimas adquisiciones\"],\"inLanguage\":\"es\"},{\"@type\":\"WebPage\",\"@id\":\"https:\\\/\\\/www.iemj.org\\\/es\\\/chants-et-prieres-de-roch-hachana-et-yom-kipour\\\/\",\"url\":\"https:\\\/\\\/www.iemj.org\\\/es\\\/chants-et-prieres-de-roch-hachana-et-yom-kipour\\\/\",\"name\":\"Chants et pri\u00e8res de Roch Hachana et Yom Kipour - Institut Europ\u00e9en des Musiques Juives\",\"isPartOf\":{\"@id\":\"https:\\\/\\\/www.iemj.org\\\/es\\\/#website\"},\"primaryImageOfPage\":{\"@id\":\"https:\\\/\\\/www.iemj.org\\\/es\\\/chants-et-prieres-de-roch-hachana-et-yom-kipour\\\/#primaryimage\"},\"image\":{\"@id\":\"https:\\\/\\\/www.iemj.org\\\/es\\\/chants-et-prieres-de-roch-hachana-et-yom-kipour\\\/#primaryimage\"},\"thumbnailUrl\":\"https:\\\/\\\/www.iemj.org\\\/wp-content\\\/uploads\\\/2017\\\/09\\\/arton2463-e1619198006843.jpg\",\"datePublished\":\"2017-09-19T09:30:09+00:00\",\"dateModified\":\"2025-09-20T14:05:26+00:00\",\"breadcrumb\":{\"@id\":\"https:\\\/\\\/www.iemj.org\\\/es\\\/chants-et-prieres-de-roch-hachana-et-yom-kipour\\\/#breadcrumb\"},\"inLanguage\":\"es\",\"potentialAction\":[{\"@type\":\"ReadAction\",\"target\":[\"https:\\\/\\\/www.iemj.org\\\/es\\\/chants-et-prieres-de-roch-hachana-et-yom-kipour\\\/\"]}]},{\"@type\":\"ImageObject\",\"inLanguage\":\"es\",\"@id\":\"https:\\\/\\\/www.iemj.org\\\/es\\\/chants-et-prieres-de-roch-hachana-et-yom-kipour\\\/#primaryimage\",\"url\":\"https:\\\/\\\/www.iemj.org\\\/wp-content\\\/uploads\\\/2017\\\/09\\\/arton2463-e1619198006843.jpg\",\"contentUrl\":\"https:\\\/\\\/www.iemj.org\\\/wp-content\\\/uploads\\\/2017\\\/09\\\/arton2463-e1619198006843.jpg\",\"width\":350,\"height\":305},{\"@type\":\"BreadcrumbList\",\"@id\":\"https:\\\/\\\/www.iemj.org\\\/es\\\/chants-et-prieres-de-roch-hachana-et-yom-kipour\\\/#breadcrumb\",\"itemListElement\":[{\"@type\":\"ListItem\",\"position\":1,\"name\":\"Accueil\",\"item\":\"https:\\\/\\\/www.iemj.org\\\/es\\\/\"},{\"@type\":\"ListItem\",\"position\":2,\"name\":\"Chants et pri\u00e8res de Roch Hachana et Yom Kipour\"}]},{\"@type\":\"WebSite\",\"@id\":\"https:\\\/\\\/www.iemj.org\\\/es\\\/#website\",\"url\":\"https:\\\/\\\/www.iemj.org\\\/es\\\/\",\"name\":\"Institut Europ\u00e9en des Musiques Juives\",\"description\":\"Des traditions musicales \u00e0 la port\u00e9e de tous\",\"publisher\":{\"@id\":\"https:\\\/\\\/www.iemj.org\\\/es\\\/#organization\"},\"potentialAction\":[{\"@type\":\"SearchAction\",\"target\":{\"@type\":\"EntryPoint\",\"urlTemplate\":\"https:\\\/\\\/www.iemj.org\\\/es\\\/?s={search_term_string}\"},\"query-input\":{\"@type\":\"PropertyValueSpecification\",\"valueRequired\":true,\"valueName\":\"search_term_string\"}}],\"inLanguage\":\"es\"},{\"@type\":\"Organization\",\"@id\":\"https:\\\/\\\/www.iemj.org\\\/es\\\/#organization\",\"name\":\"Institut Europ\u00e9en des Musiques Juives\",\"url\":\"https:\\\/\\\/www.iemj.org\\\/es\\\/\",\"logo\":{\"@type\":\"ImageObject\",\"inLanguage\":\"es\",\"@id\":\"https:\\\/\\\/www.iemj.org\\\/es\\\/#\\\/schema\\\/logo\\\/image\\\/\",\"url\":\"https:\\\/\\\/www.iemj.org\\\/wp-content\\\/uploads\\\/2021\\\/09\\\/Logo-IEMJ-Paypal.jpg\",\"contentUrl\":\"https:\\\/\\\/www.iemj.org\\\/wp-content\\\/uploads\\\/2021\\\/09\\\/Logo-IEMJ-Paypal.jpg\",\"width\":150,\"height\":50,\"caption\":\"Institut Europ\u00e9en des Musiques Juives\"},\"image\":{\"@id\":\"https:\\\/\\\/www.iemj.org\\\/es\\\/#\\\/schema\\\/logo\\\/image\\\/\"},\"sameAs\":[\"https:\\\/\\\/www.facebook.com\\\/MusiquesJuives\\\/\",\"https:\\\/\\\/www.instagram.com\\\/musiquesjuives\\\/\",\"https:\\\/\\\/www.youtube.com\\\/user\\\/musiquesjuives\"]},{\"@type\":\"Person\",\"@id\":\"https:\\\/\\\/www.iemj.org\\\/es\\\/#\\\/schema\\\/person\\\/c9bc1c386a3749579a2d675e72a18666\",\"name\":\"Jean-Gabriel Davis\",\"image\":{\"@type\":\"ImageObject\",\"inLanguage\":\"es\",\"@id\":\"https:\\\/\\\/secure.gravatar.com\\\/avatar\\\/2b90d67bdf392c9b3a21fab87c0fa7edaf1fb3a058172a1ffd61033fcec7aec1?s=96&d=mm&r=g\",\"url\":\"https:\\\/\\\/secure.gravatar.com\\\/avatar\\\/2b90d67bdf392c9b3a21fab87c0fa7edaf1fb3a058172a1ffd61033fcec7aec1?s=96&d=mm&r=g\",\"contentUrl\":\"https:\\\/\\\/secure.gravatar.com\\\/avatar\\\/2b90d67bdf392c9b3a21fab87c0fa7edaf1fb3a058172a1ffd61033fcec7aec1?s=96&d=mm&r=g\",\"caption\":\"Jean-Gabriel Davis\"}}]}<\/script>\n<!-- \/ Yoast SEO plugin. -->","yoast_head_json":{"title":"Chants et pri\u00e8res de Roch Hachana et Yom Kipour - Institut Europ\u00e9en des Musiques Juives","robots":{"index":"index","follow":"follow","max-snippet":"max-snippet:-1","max-image-preview":"max-image-preview:large","max-video-preview":"max-video-preview:-1"},"canonical":"https:\/\/www.iemj.org\/es\/chants-et-prieres-de-roch-hachana-et-yom-kipour\/","og_locale":"es_ES","og_type":"article","og_title":"Chants et pri\u00e8res de Roch Hachana et Yom Kipour - Institut Europ\u00e9en des Musiques Juives","og_description":"Las celebraciones de Tishri son tiempo de alegr\u00eda y arrepentimiento. Las melod\u00edas tradicionales de Rosh Hashan\u00e1 y Yom Kipur, que reflejan la dualidad de estos sentimientos, ayudan a elevar el","og_url":"https:\/\/www.iemj.org\/es\/chants-et-prieres-de-roch-hachana-et-yom-kipour\/","og_site_name":"Institut Europ\u00e9en des Musiques Juives","article_publisher":"https:\/\/www.facebook.com\/MusiquesJuives\/","article_published_time":"2017-09-19T09:30:09+00:00","article_modified_time":"2025-09-20T14:05:26+00:00","og_image":[{"width":350,"height":305,"url":"https:\/\/www.iemj.org\/wp-content\/uploads\/2017\/09\/arton2463-e1619198006843.jpg","type":"image\/jpeg"}],"author":"Jean-Gabriel Davis","twitter_card":"summary_large_image","twitter_misc":{"Escrito por":"Jean-Gabriel Davis","Tiempo de lectura":"2 minutos"},"schema":{"@context":"https:\/\/schema.org","@graph":[{"@type":"Article","@id":"https:\/\/www.iemj.org\/es\/chants-et-prieres-de-roch-hachana-et-yom-kipour\/#article","isPartOf":{"@id":"https:\/\/www.iemj.org\/es\/chants-et-prieres-de-roch-hachana-et-yom-kipour\/"},"author":{"name":"Jean-Gabriel Davis","@id":"https:\/\/www.iemj.org\/es\/#\/schema\/person\/c9bc1c386a3749579a2d675e72a18666"},"headline":"Chants et pri\u00e8res de Roch Hachana et Yom Kipour","datePublished":"2017-09-19T09:30:09+00:00","dateModified":"2025-09-20T14:05:26+00:00","mainEntityOfPage":{"@id":"https:\/\/www.iemj.org\/es\/chants-et-prieres-de-roch-hachana-et-yom-kipour\/"},"wordCount":234,"publisher":{"@id":"https:\/\/www.iemj.org\/es\/#organization"},"image":{"@id":"https:\/\/www.iemj.org\/es\/chants-et-prieres-de-roch-hachana-et-yom-kipour\/#primaryimage"},"thumbnailUrl":"https:\/\/www.iemj.org\/wp-content\/uploads\/2017\/09\/arton2463-e1619198006843.jpg","articleSection":["CD","\u00daltimas adquisiciones"],"inLanguage":"es"},{"@type":"WebPage","@id":"https:\/\/www.iemj.org\/es\/chants-et-prieres-de-roch-hachana-et-yom-kipour\/","url":"https:\/\/www.iemj.org\/es\/chants-et-prieres-de-roch-hachana-et-yom-kipour\/","name":"Chants et pri\u00e8res de Roch Hachana et Yom Kipour - Institut Europ\u00e9en des Musiques Juives","isPartOf":{"@id":"https:\/\/www.iemj.org\/es\/#website"},"primaryImageOfPage":{"@id":"https:\/\/www.iemj.org\/es\/chants-et-prieres-de-roch-hachana-et-yom-kipour\/#primaryimage"},"image":{"@id":"https:\/\/www.iemj.org\/es\/chants-et-prieres-de-roch-hachana-et-yom-kipour\/#primaryimage"},"thumbnailUrl":"https:\/\/www.iemj.org\/wp-content\/uploads\/2017\/09\/arton2463-e1619198006843.jpg","datePublished":"2017-09-19T09:30:09+00:00","dateModified":"2025-09-20T14:05:26+00:00","breadcrumb":{"@id":"https:\/\/www.iemj.org\/es\/chants-et-prieres-de-roch-hachana-et-yom-kipour\/#breadcrumb"},"inLanguage":"es","potentialAction":[{"@type":"ReadAction","target":["https:\/\/www.iemj.org\/es\/chants-et-prieres-de-roch-hachana-et-yom-kipour\/"]}]},{"@type":"ImageObject","inLanguage":"es","@id":"https:\/\/www.iemj.org\/es\/chants-et-prieres-de-roch-hachana-et-yom-kipour\/#primaryimage","url":"https:\/\/www.iemj.org\/wp-content\/uploads\/2017\/09\/arton2463-e1619198006843.jpg","contentUrl":"https:\/\/www.iemj.org\/wp-content\/uploads\/2017\/09\/arton2463-e1619198006843.jpg","width":350,"height":305},{"@type":"BreadcrumbList","@id":"https:\/\/www.iemj.org\/es\/chants-et-prieres-de-roch-hachana-et-yom-kipour\/#breadcrumb","itemListElement":[{"@type":"ListItem","position":1,"name":"Accueil","item":"https:\/\/www.iemj.org\/es\/"},{"@type":"ListItem","position":2,"name":"Chants et pri\u00e8res de Roch Hachana et Yom Kipour"}]},{"@type":"WebSite","@id":"https:\/\/www.iemj.org\/es\/#website","url":"https:\/\/www.iemj.org\/es\/","name":"Institut Europ\u00e9en des Musiques Juives","description":"Des traditions musicales \u00e0 la port\u00e9e de tous","publisher":{"@id":"https:\/\/www.iemj.org\/es\/#organization"},"potentialAction":[{"@type":"SearchAction","target":{"@type":"EntryPoint","urlTemplate":"https:\/\/www.iemj.org\/es\/?s={search_term_string}"},"query-input":{"@type":"PropertyValueSpecification","valueRequired":true,"valueName":"search_term_string"}}],"inLanguage":"es"},{"@type":"Organization","@id":"https:\/\/www.iemj.org\/es\/#organization","name":"Institut Europ\u00e9en des Musiques Juives","url":"https:\/\/www.iemj.org\/es\/","logo":{"@type":"ImageObject","inLanguage":"es","@id":"https:\/\/www.iemj.org\/es\/#\/schema\/logo\/image\/","url":"https:\/\/www.iemj.org\/wp-content\/uploads\/2021\/09\/Logo-IEMJ-Paypal.jpg","contentUrl":"https:\/\/www.iemj.org\/wp-content\/uploads\/2021\/09\/Logo-IEMJ-Paypal.jpg","width":150,"height":50,"caption":"Institut Europ\u00e9en des Musiques Juives"},"image":{"@id":"https:\/\/www.iemj.org\/es\/#\/schema\/logo\/image\/"},"sameAs":["https:\/\/www.facebook.com\/MusiquesJuives\/","https:\/\/www.instagram.com\/musiquesjuives\/","https:\/\/www.youtube.com\/user\/musiquesjuives"]},{"@type":"Person","@id":"https:\/\/www.iemj.org\/es\/#\/schema\/person\/c9bc1c386a3749579a2d675e72a18666","name":"Jean-Gabriel Davis","image":{"@type":"ImageObject","inLanguage":"es","@id":"https:\/\/secure.gravatar.com\/avatar\/2b90d67bdf392c9b3a21fab87c0fa7edaf1fb3a058172a1ffd61033fcec7aec1?s=96&d=mm&r=g","url":"https:\/\/secure.gravatar.com\/avatar\/2b90d67bdf392c9b3a21fab87c0fa7edaf1fb3a058172a1ffd61033fcec7aec1?s=96&d=mm&r=g","contentUrl":"https:\/\/secure.gravatar.com\/avatar\/2b90d67bdf392c9b3a21fab87c0fa7edaf1fb3a058172a1ffd61033fcec7aec1?s=96&d=mm&r=g","caption":"Jean-Gabriel Davis"}}]}},"_links":{"self":[{"href":"https:\/\/www.iemj.org\/es\/wp-json\/wp\/v2\/posts\/100172","targetHints":{"allow":["GET"]}}],"collection":[{"href":"https:\/\/www.iemj.org\/es\/wp-json\/wp\/v2\/posts"}],"about":[{"href":"https:\/\/www.iemj.org\/es\/wp-json\/wp\/v2\/types\/post"}],"author":[{"embeddable":true,"href":"https:\/\/www.iemj.org\/es\/wp-json\/wp\/v2\/users\/1048"}],"replies":[{"embeddable":true,"href":"https:\/\/www.iemj.org\/es\/wp-json\/wp\/v2\/comments?post=100172"}],"version-history":[{"count":0,"href":"https:\/\/www.iemj.org\/es\/wp-json\/wp\/v2\/posts\/100172\/revisions"}],"wp:featuredmedia":[{"embeddable":true,"href":"https:\/\/www.iemj.org\/es\/wp-json\/wp\/v2\/media\/100173"}],"wp:attachment":[{"href":"https:\/\/www.iemj.org\/es\/wp-json\/wp\/v2\/media?parent=100172"}],"wp:term":[{"taxonomy":"category","embeddable":true,"href":"https:\/\/www.iemj.org\/es\/wp-json\/wp\/v2\/categories?post=100172"},{"taxonomy":"post_tag","embeddable":true,"href":"https:\/\/www.iemj.org\/es\/wp-json\/wp\/v2\/tags?post=100172"},{"taxonomy":"technique","embeddable":true,"href":"https:\/\/www.iemj.org\/es\/wp-json\/wp\/v2\/technique?post=100172"},{"taxonomy":"squelettes","embeddable":true,"href":"https:\/\/www.iemj.org\/es\/wp-json\/wp\/v2\/squelettes?post=100172"},{"taxonomy":"sujet","embeddable":true,"href":"https:\/\/www.iemj.org\/es\/wp-json\/wp\/v2\/sujet?post=100172"},{"taxonomy":"formation","embeddable":true,"href":"https:\/\/www.iemj.org\/es\/wp-json\/wp\/v2\/formation?post=100172"},{"taxonomy":"genre","embeddable":true,"href":"https:\/\/www.iemj.org\/es\/wp-json\/wp\/v2\/genre?post=100172"},{"taxonomy":"fonds","embeddable":true,"href":"https:\/\/www.iemj.org\/es\/wp-json\/wp\/v2\/fonds?post=100172"},{"taxonomy":"tradition","embeddable":true,"href":"https:\/\/www.iemj.org\/es\/wp-json\/wp\/v2\/tradition?post=100172"},{"taxonomy":"type-de-contenu","embeddable":true,"href":"https:\/\/www.iemj.org\/es\/wp-json\/wp\/v2\/type-de-contenu?post=100172"},{"taxonomy":"interprete-compositeur","embeddable":true,"href":"https:\/\/www.iemj.org\/es\/wp-json\/wp\/v2\/interprete-compositeur?post=100172"},{"taxonomy":"frise","embeddable":true,"href":"https:\/\/www.iemj.org\/es\/wp-json\/wp\/v2\/frise?post=100172"},{"taxonomy":"type-devenement","embeddable":true,"href":"https:\/\/www.iemj.org\/es\/wp-json\/wp\/v2\/type-devenement?post=100172"},{"taxonomy":"tableaux-liens-externes","embeddable":true,"href":"https:\/\/www.iemj.org\/es\/wp-json\/wp\/v2\/tableaux-liens-externes?post=100172"}],"curies":[{"name":"wp","href":"https:\/\/api.w.org\/{rel}","templated":true}]}}