{"id":100211,"date":"2017-08-29T11:30:05","date_gmt":"2017-08-29T09:30:05","guid":{"rendered":"https:\/\/www.iemj.org\/le-reve-du-monde\/"},"modified":"2025-09-20T16:20:51","modified_gmt":"2025-09-20T14:20:51","slug":"le-reve-du-monde","status":"publish","type":"post","link":"https:\/\/www.iemj.org\/es\/le-reve-du-monde\/","title":{"rendered":"Le r\u00eave du monde"},"content":{"rendered":"<p class=\"post_excerpt\"><em>Diapason d&#8217;or del a\u00f1o 2010<\/em><\/p>\n<p><!--more-->Pianista suntuoso y descifrador incomparable, <a href=\"https:\/\/www.iemj.org\/es\/greif-olivier-1950-2000\/\" target=\"_blank\" rel=\"noopener\"><strong>Olivier Greif<\/strong><\/a> ha dejado hermosos testimonios de su talento. Este programa, publicado en el sello <strong>INA M\u00e9moire Vive<\/strong>, est\u00e1 dedicado \u00edntegramente a Olivier Greif, compositor e int\u00e9rprete de sus propias obras, a veces rodeado de amigos int\u00e9rpretes, e incluye numerosas obras nuevas y una pieza in\u00e9dita de su juventud.<\/p>\n<p>Es un \u00e1lbum \u00abde referencia\u00bb, por cuanto las partituras de Olivier Greif contienen pocas indicaciones de tempo, din\u00e1mica o car\u00e1cter.<\/p>\n<p>Con grabaciones realizadas entre 1962 y 1997, este \u00e1lbum traza un retrato in\u00e9dito de la obra de uno de los creadores m\u00e1s entra\u00f1ables de la segunda mitad del siglo pasado, fallecido repentinamente en 2000 y marcado por la Shoah.<\/p>\n<p>Parmi les r\u00e9f\u00e9rences d&#8217;Olivier Greif \u00e0 la Shoah, \u00ab <em>Le R\u00eave du monde<\/em>, compos\u00e9 en 1993, est li\u00e9 \u00e0 une prise de conscience de l\u2019importance dans sa vie du souvenir de la d\u00e9tention de son p\u00e8re \u00e0 Auschwitz. La repr\u00e9sentation de la guerre devient tr\u00e8s sombre et tient une place centrale dans tout le reste de son \u0153uvre. Plusieurs motifs obsessionnels du <em>Wagon plomb\u00e9 pour Auschwitz<\/em>, \u00ab allusion directe \u00e0 l\u2019Holocauste \u00bb, o\u00f9 \u00ab le peuple juif est personnalis\u00e9 par un chant synagogal \u00bb, seront repris et dilat\u00e9s dans <em>L\u2019Office des naufrag\u00e9s<\/em> (1997-2000), \u0153uvre-monde s\u2019il en est. \u00bb<\/p>\n<p>Entre las referencias de Olivier Greif a la Shoah, \u00ab<em>Le R\u00eave du monde<\/em>, compuesta en 1993, est\u00e1 vinculada a la toma de conciencia de la importancia que tuvo en su vida el recuerdo del encarcelamiento de su padre en Auschwitz. La representaci\u00f3n de la guerra se vuelve muy sombr\u00eda y desempe\u00f1a un papel central en el resto de su obra. Varios de los motivos obsesivos del <em>Wagon plomb\u00e9 pour Auschwitz<\/em>, una \u00abalusi\u00f3n directa al Holocausto\u00bb en la que \u00abel pueblo jud\u00edo est\u00e1 personificado por un canto sinagogal\u00bb, se retoman y ampl\u00edan en <em>L&#8217;Office des naufrag\u00e9s<\/em> (1997-2000), obra del mundo donde las haya.\u00bb<\/p>\n<p><a href=\"https:\/\/www.iemj.org\/es\/greif-olivier-1950-2000\/\" target=\"_blank\" rel=\"noopener\">Leer la biograf\u00eda de Olivier Greif en la web del IEMJ<\/a><\/p>\n<p><a href=\"http:\/\/www.oliviergreif.com\/\" target=\"_blank\" rel=\"noopener\">Ver el sitio web de Olivier Greif<\/a><\/p>\n<p>\u00a0<\/p>\n\n<div class=\"wp-block-image\">\n<figure class=\"aligncenter size-large\"><img fetchpriority=\"high\" decoding=\"async\" width=\"1024\" height=\"133\" src=\"https:\/\/www.iemj.org\/wp-content\/uploads\/2024\/03\/AUDIO-PLAYER-1024x133.png\" alt=\"\" class=\"wp-image-110610\" srcset=\"https:\/\/www.iemj.org\/wp-content\/uploads\/2024\/03\/AUDIO-PLAYER-1024x133.png 1024w, https:\/\/www.iemj.org\/wp-content\/uploads\/2024\/03\/AUDIO-PLAYER-300x39.png 300w, https:\/\/www.iemj.org\/wp-content\/uploads\/2024\/03\/AUDIO-PLAYER-768x100.png 768w, https:\/\/www.iemj.org\/wp-content\/uploads\/2024\/03\/AUDIO-PLAYER-600x78.png 600w, https:\/\/www.iemj.org\/wp-content\/uploads\/2024\/03\/AUDIO-PLAYER.png 1210w\" sizes=\"(max-width: 1024px) 100vw, 1024px\" \/><\/figure>\n<\/div>\n\n\n<div class=\"wp-block-file\"><a id=\"wp-block-file--media-e8ab47d0-b705-49fd-b146-6232a5c813e2\" href=\"https:\/\/www.iemj.org\/wp-content\/uploads\/2017\/08\/cd_878a_03_ex.mp3\">Sonate de guerre, Toccata, Allegro<\/a><\/div>\n\n\n\n<div class=\"wp-block-file\"><a id=\"wp-block-file--media-b20035e0-fa14-4b79-9ec7-301553982b7c\" href=\"https:\/\/www.iemj.org\/wp-content\/uploads\/2017\/08\/cd_878a_06_ex.mp3\">Sonate n\u00b02 pour violon et piano, Andante<\/a><\/div>\n\n\n\n<div class=\"wp-block-file\"><a id=\"wp-block-file--media-a13b88d9-2f3a-49b7-abfd-d41fc6732d7e\" href=\"https:\/\/www.iemj.org\/wp-content\/uploads\/2017\/08\/cd_878a_13_ex.mp3\">Wiener Konzert, Vergiftet sind meine Lieder<\/a><\/div>\n\n\n\n<div class=\"wp-block-file\"><a id=\"wp-block-file--media-e8df7e64-ced1-4a50-89d1-9f8ab758d59b\" href=\"https:\/\/www.iemj.org\/wp-content\/uploads\/2017\/08\/cd_878b_02_ex.mp3\">Sonate pour piano -Le R\u00eave du monde, Wagon plomb\u00e9 pour Auschwitz<\/a><\/div>\n\n\n\n<div class=\"wp-block-file\"><a id=\"wp-block-file--media-e6af6d3d-2499-4bd0-8676-fde1fb55fc4e\" href=\"https:\/\/www.iemj.org\/wp-content\/uploads\/2017\/08\/cd_878b_05_ex.mp3\">Bomben auf Engelland<\/a><\/div>\n\n\n\n<div class=\"wp-block-file\"><a id=\"wp-block-file--media-7b8a3815-a2d0-4d57-8d67-81010e55adc6\" href=\"https:\/\/www.iemj.org\/wp-content\/uploads\/2017\/08\/cd_878b_10_ex.mp3\">Les Trottoirs de Paris<\/a><\/div>\n","protected":false},"excerpt":{"rendered":"<p>Diapason d&#8217;or del a\u00f1o 2010<\/p>\n","protected":false},"author":1048,"featured_media":100212,"comment_status":"closed","ping_status":"closed","sticky":false,"template":"","format":"standard","meta":{"_acf_changed":false,"footnotes":""},"categories":[1568,1565],"tags":[],"technique":[],"squelettes":[],"sujet":[],"formation":[],"genre":[],"fonds":[],"tradition":[],"type-de-contenu":[],"interprete-compositeur":[],"frise":[],"type-devenement":[],"tableaux-liens-externes":[],"class_list":["post-100211","post","type-post","status-publish","format-standard","has-post-thumbnail","hentry","category-cd-es","category-ultimas-adquisiciones-es"],"acf":[],"yoast_head":"<!-- This site is optimized with the Yoast SEO plugin v27.3 - https:\/\/yoast.com\/product\/yoast-seo-wordpress\/ -->\n<title>Le r\u00eave du monde - Institut Europ\u00e9en des Musiques Juives<\/title>\n<meta name=\"robots\" content=\"index, follow, max-snippet:-1, max-image-preview:large, max-video-preview:-1\" \/>\n<link rel=\"canonical\" href=\"https:\/\/www.iemj.org\/es\/le-reve-du-monde\/\" \/>\n<meta property=\"og:locale\" content=\"es_ES\" \/>\n<meta property=\"og:type\" content=\"article\" \/>\n<meta property=\"og:title\" content=\"Le r\u00eave du monde - Institut Europ\u00e9en des Musiques Juives\" \/>\n<meta property=\"og:description\" content=\"Diapason d&#8217;or del a\u00f1o 2010\" \/>\n<meta property=\"og:url\" content=\"https:\/\/www.iemj.org\/es\/le-reve-du-monde\/\" \/>\n<meta property=\"og:site_name\" content=\"Institut Europ\u00e9en des Musiques Juives\" \/>\n<meta property=\"article:publisher\" content=\"https:\/\/www.facebook.com\/MusiquesJuives\/\" \/>\n<meta property=\"article:published_time\" content=\"2017-08-29T09:30:05+00:00\" \/>\n<meta property=\"article:modified_time\" content=\"2025-09-20T14:20:51+00:00\" \/>\n<meta property=\"og:image\" content=\"https:\/\/www.iemj.org\/wp-content\/uploads\/2017\/08\/arton2430-e1619200031767.jpg\" \/>\n\t<meta property=\"og:image:width\" content=\"350\" \/>\n\t<meta property=\"og:image:height\" content=\"309\" \/>\n\t<meta property=\"og:image:type\" content=\"image\/jpeg\" \/>\n<meta name=\"author\" content=\"Jean-Gabriel Davis\" \/>\n<meta name=\"twitter:card\" content=\"summary_large_image\" \/>\n<meta name=\"twitter:label1\" content=\"Escrito por\" \/>\n\t<meta name=\"twitter:data1\" content=\"Jean-Gabriel Davis\" \/>\n\t<meta name=\"twitter:label2\" content=\"Tiempo de lectura\" \/>\n\t<meta name=\"twitter:data2\" content=\"3 minutos\" \/>\n<script type=\"application\/ld+json\" class=\"yoast-schema-graph\">{\"@context\":\"https:\\\/\\\/schema.org\",\"@graph\":[{\"@type\":\"Article\",\"@id\":\"https:\\\/\\\/www.iemj.org\\\/es\\\/le-reve-du-monde\\\/#article\",\"isPartOf\":{\"@id\":\"https:\\\/\\\/www.iemj.org\\\/es\\\/le-reve-du-monde\\\/\"},\"author\":{\"name\":\"Jean-Gabriel Davis\",\"@id\":\"https:\\\/\\\/www.iemj.org\\\/es\\\/#\\\/schema\\\/person\\\/c9bc1c386a3749579a2d675e72a18666\"},\"headline\":\"Le r\u00eave du monde\",\"datePublished\":\"2017-08-29T09:30:05+00:00\",\"dateModified\":\"2025-09-20T14:20:51+00:00\",\"mainEntityOfPage\":{\"@id\":\"https:\\\/\\\/www.iemj.org\\\/es\\\/le-reve-du-monde\\\/\"},\"wordCount\":397,\"publisher\":{\"@id\":\"https:\\\/\\\/www.iemj.org\\\/es\\\/#organization\"},\"image\":{\"@id\":\"https:\\\/\\\/www.iemj.org\\\/es\\\/le-reve-du-monde\\\/#primaryimage\"},\"thumbnailUrl\":\"https:\\\/\\\/www.iemj.org\\\/wp-content\\\/uploads\\\/2017\\\/08\\\/arton2430-e1619200031767.jpg\",\"articleSection\":[\"CD\",\"\u00daltimas adquisiciones\"],\"inLanguage\":\"es\"},{\"@type\":\"WebPage\",\"@id\":\"https:\\\/\\\/www.iemj.org\\\/es\\\/le-reve-du-monde\\\/\",\"url\":\"https:\\\/\\\/www.iemj.org\\\/es\\\/le-reve-du-monde\\\/\",\"name\":\"Le r\u00eave du monde - Institut Europ\u00e9en des Musiques Juives\",\"isPartOf\":{\"@id\":\"https:\\\/\\\/www.iemj.org\\\/es\\\/#website\"},\"primaryImageOfPage\":{\"@id\":\"https:\\\/\\\/www.iemj.org\\\/es\\\/le-reve-du-monde\\\/#primaryimage\"},\"image\":{\"@id\":\"https:\\\/\\\/www.iemj.org\\\/es\\\/le-reve-du-monde\\\/#primaryimage\"},\"thumbnailUrl\":\"https:\\\/\\\/www.iemj.org\\\/wp-content\\\/uploads\\\/2017\\\/08\\\/arton2430-e1619200031767.jpg\",\"datePublished\":\"2017-08-29T09:30:05+00:00\",\"dateModified\":\"2025-09-20T14:20:51+00:00\",\"breadcrumb\":{\"@id\":\"https:\\\/\\\/www.iemj.org\\\/es\\\/le-reve-du-monde\\\/#breadcrumb\"},\"inLanguage\":\"es\",\"potentialAction\":[{\"@type\":\"ReadAction\",\"target\":[\"https:\\\/\\\/www.iemj.org\\\/es\\\/le-reve-du-monde\\\/\"]}]},{\"@type\":\"ImageObject\",\"inLanguage\":\"es\",\"@id\":\"https:\\\/\\\/www.iemj.org\\\/es\\\/le-reve-du-monde\\\/#primaryimage\",\"url\":\"https:\\\/\\\/www.iemj.org\\\/wp-content\\\/uploads\\\/2017\\\/08\\\/arton2430-e1619200031767.jpg\",\"contentUrl\":\"https:\\\/\\\/www.iemj.org\\\/wp-content\\\/uploads\\\/2017\\\/08\\\/arton2430-e1619200031767.jpg\",\"width\":350,\"height\":309},{\"@type\":\"BreadcrumbList\",\"@id\":\"https:\\\/\\\/www.iemj.org\\\/es\\\/le-reve-du-monde\\\/#breadcrumb\",\"itemListElement\":[{\"@type\":\"ListItem\",\"position\":1,\"name\":\"Accueil\",\"item\":\"https:\\\/\\\/www.iemj.org\\\/es\\\/\"},{\"@type\":\"ListItem\",\"position\":2,\"name\":\"Le r\u00eave du monde\"}]},{\"@type\":\"WebSite\",\"@id\":\"https:\\\/\\\/www.iemj.org\\\/es\\\/#website\",\"url\":\"https:\\\/\\\/www.iemj.org\\\/es\\\/\",\"name\":\"Institut Europ\u00e9en des Musiques Juives\",\"description\":\"Des traditions musicales \u00e0 la port\u00e9e de tous\",\"publisher\":{\"@id\":\"https:\\\/\\\/www.iemj.org\\\/es\\\/#organization\"},\"potentialAction\":[{\"@type\":\"SearchAction\",\"target\":{\"@type\":\"EntryPoint\",\"urlTemplate\":\"https:\\\/\\\/www.iemj.org\\\/es\\\/?s={search_term_string}\"},\"query-input\":{\"@type\":\"PropertyValueSpecification\",\"valueRequired\":true,\"valueName\":\"search_term_string\"}}],\"inLanguage\":\"es\"},{\"@type\":\"Organization\",\"@id\":\"https:\\\/\\\/www.iemj.org\\\/es\\\/#organization\",\"name\":\"Institut Europ\u00e9en des Musiques Juives\",\"url\":\"https:\\\/\\\/www.iemj.org\\\/es\\\/\",\"logo\":{\"@type\":\"ImageObject\",\"inLanguage\":\"es\",\"@id\":\"https:\\\/\\\/www.iemj.org\\\/es\\\/#\\\/schema\\\/logo\\\/image\\\/\",\"url\":\"https:\\\/\\\/www.iemj.org\\\/wp-content\\\/uploads\\\/2021\\\/09\\\/Logo-IEMJ-Paypal.jpg\",\"contentUrl\":\"https:\\\/\\\/www.iemj.org\\\/wp-content\\\/uploads\\\/2021\\\/09\\\/Logo-IEMJ-Paypal.jpg\",\"width\":150,\"height\":50,\"caption\":\"Institut Europ\u00e9en des Musiques Juives\"},\"image\":{\"@id\":\"https:\\\/\\\/www.iemj.org\\\/es\\\/#\\\/schema\\\/logo\\\/image\\\/\"},\"sameAs\":[\"https:\\\/\\\/www.facebook.com\\\/MusiquesJuives\\\/\",\"https:\\\/\\\/www.instagram.com\\\/musiquesjuives\\\/\",\"https:\\\/\\\/www.youtube.com\\\/user\\\/musiquesjuives\"]},{\"@type\":\"Person\",\"@id\":\"https:\\\/\\\/www.iemj.org\\\/es\\\/#\\\/schema\\\/person\\\/c9bc1c386a3749579a2d675e72a18666\",\"name\":\"Jean-Gabriel Davis\",\"image\":{\"@type\":\"ImageObject\",\"inLanguage\":\"es\",\"@id\":\"https:\\\/\\\/secure.gravatar.com\\\/avatar\\\/2b90d67bdf392c9b3a21fab87c0fa7edaf1fb3a058172a1ffd61033fcec7aec1?s=96&d=mm&r=g\",\"url\":\"https:\\\/\\\/secure.gravatar.com\\\/avatar\\\/2b90d67bdf392c9b3a21fab87c0fa7edaf1fb3a058172a1ffd61033fcec7aec1?s=96&d=mm&r=g\",\"contentUrl\":\"https:\\\/\\\/secure.gravatar.com\\\/avatar\\\/2b90d67bdf392c9b3a21fab87c0fa7edaf1fb3a058172a1ffd61033fcec7aec1?s=96&d=mm&r=g\",\"caption\":\"Jean-Gabriel Davis\"}}]}<\/script>\n<!-- \/ Yoast SEO plugin. -->","yoast_head_json":{"title":"Le r\u00eave du monde - Institut Europ\u00e9en des Musiques Juives","robots":{"index":"index","follow":"follow","max-snippet":"max-snippet:-1","max-image-preview":"max-image-preview:large","max-video-preview":"max-video-preview:-1"},"canonical":"https:\/\/www.iemj.org\/es\/le-reve-du-monde\/","og_locale":"es_ES","og_type":"article","og_title":"Le r\u00eave du monde - Institut Europ\u00e9en des Musiques Juives","og_description":"Diapason d&#8217;or del a\u00f1o 2010","og_url":"https:\/\/www.iemj.org\/es\/le-reve-du-monde\/","og_site_name":"Institut Europ\u00e9en des Musiques Juives","article_publisher":"https:\/\/www.facebook.com\/MusiquesJuives\/","article_published_time":"2017-08-29T09:30:05+00:00","article_modified_time":"2025-09-20T14:20:51+00:00","og_image":[{"width":350,"height":309,"url":"https:\/\/www.iemj.org\/wp-content\/uploads\/2017\/08\/arton2430-e1619200031767.jpg","type":"image\/jpeg"}],"author":"Jean-Gabriel Davis","twitter_card":"summary_large_image","twitter_misc":{"Escrito por":"Jean-Gabriel Davis","Tiempo de lectura":"3 minutos"},"schema":{"@context":"https:\/\/schema.org","@graph":[{"@type":"Article","@id":"https:\/\/www.iemj.org\/es\/le-reve-du-monde\/#article","isPartOf":{"@id":"https:\/\/www.iemj.org\/es\/le-reve-du-monde\/"},"author":{"name":"Jean-Gabriel Davis","@id":"https:\/\/www.iemj.org\/es\/#\/schema\/person\/c9bc1c386a3749579a2d675e72a18666"},"headline":"Le r\u00eave du monde","datePublished":"2017-08-29T09:30:05+00:00","dateModified":"2025-09-20T14:20:51+00:00","mainEntityOfPage":{"@id":"https:\/\/www.iemj.org\/es\/le-reve-du-monde\/"},"wordCount":397,"publisher":{"@id":"https:\/\/www.iemj.org\/es\/#organization"},"image":{"@id":"https:\/\/www.iemj.org\/es\/le-reve-du-monde\/#primaryimage"},"thumbnailUrl":"https:\/\/www.iemj.org\/wp-content\/uploads\/2017\/08\/arton2430-e1619200031767.jpg","articleSection":["CD","\u00daltimas adquisiciones"],"inLanguage":"es"},{"@type":"WebPage","@id":"https:\/\/www.iemj.org\/es\/le-reve-du-monde\/","url":"https:\/\/www.iemj.org\/es\/le-reve-du-monde\/","name":"Le r\u00eave du monde - Institut Europ\u00e9en des Musiques Juives","isPartOf":{"@id":"https:\/\/www.iemj.org\/es\/#website"},"primaryImageOfPage":{"@id":"https:\/\/www.iemj.org\/es\/le-reve-du-monde\/#primaryimage"},"image":{"@id":"https:\/\/www.iemj.org\/es\/le-reve-du-monde\/#primaryimage"},"thumbnailUrl":"https:\/\/www.iemj.org\/wp-content\/uploads\/2017\/08\/arton2430-e1619200031767.jpg","datePublished":"2017-08-29T09:30:05+00:00","dateModified":"2025-09-20T14:20:51+00:00","breadcrumb":{"@id":"https:\/\/www.iemj.org\/es\/le-reve-du-monde\/#breadcrumb"},"inLanguage":"es","potentialAction":[{"@type":"ReadAction","target":["https:\/\/www.iemj.org\/es\/le-reve-du-monde\/"]}]},{"@type":"ImageObject","inLanguage":"es","@id":"https:\/\/www.iemj.org\/es\/le-reve-du-monde\/#primaryimage","url":"https:\/\/www.iemj.org\/wp-content\/uploads\/2017\/08\/arton2430-e1619200031767.jpg","contentUrl":"https:\/\/www.iemj.org\/wp-content\/uploads\/2017\/08\/arton2430-e1619200031767.jpg","width":350,"height":309},{"@type":"BreadcrumbList","@id":"https:\/\/www.iemj.org\/es\/le-reve-du-monde\/#breadcrumb","itemListElement":[{"@type":"ListItem","position":1,"name":"Accueil","item":"https:\/\/www.iemj.org\/es\/"},{"@type":"ListItem","position":2,"name":"Le r\u00eave du monde"}]},{"@type":"WebSite","@id":"https:\/\/www.iemj.org\/es\/#website","url":"https:\/\/www.iemj.org\/es\/","name":"Institut Europ\u00e9en des Musiques Juives","description":"Des traditions musicales \u00e0 la port\u00e9e de tous","publisher":{"@id":"https:\/\/www.iemj.org\/es\/#organization"},"potentialAction":[{"@type":"SearchAction","target":{"@type":"EntryPoint","urlTemplate":"https:\/\/www.iemj.org\/es\/?s={search_term_string}"},"query-input":{"@type":"PropertyValueSpecification","valueRequired":true,"valueName":"search_term_string"}}],"inLanguage":"es"},{"@type":"Organization","@id":"https:\/\/www.iemj.org\/es\/#organization","name":"Institut Europ\u00e9en des Musiques Juives","url":"https:\/\/www.iemj.org\/es\/","logo":{"@type":"ImageObject","inLanguage":"es","@id":"https:\/\/www.iemj.org\/es\/#\/schema\/logo\/image\/","url":"https:\/\/www.iemj.org\/wp-content\/uploads\/2021\/09\/Logo-IEMJ-Paypal.jpg","contentUrl":"https:\/\/www.iemj.org\/wp-content\/uploads\/2021\/09\/Logo-IEMJ-Paypal.jpg","width":150,"height":50,"caption":"Institut Europ\u00e9en des Musiques Juives"},"image":{"@id":"https:\/\/www.iemj.org\/es\/#\/schema\/logo\/image\/"},"sameAs":["https:\/\/www.facebook.com\/MusiquesJuives\/","https:\/\/www.instagram.com\/musiquesjuives\/","https:\/\/www.youtube.com\/user\/musiquesjuives"]},{"@type":"Person","@id":"https:\/\/www.iemj.org\/es\/#\/schema\/person\/c9bc1c386a3749579a2d675e72a18666","name":"Jean-Gabriel Davis","image":{"@type":"ImageObject","inLanguage":"es","@id":"https:\/\/secure.gravatar.com\/avatar\/2b90d67bdf392c9b3a21fab87c0fa7edaf1fb3a058172a1ffd61033fcec7aec1?s=96&d=mm&r=g","url":"https:\/\/secure.gravatar.com\/avatar\/2b90d67bdf392c9b3a21fab87c0fa7edaf1fb3a058172a1ffd61033fcec7aec1?s=96&d=mm&r=g","contentUrl":"https:\/\/secure.gravatar.com\/avatar\/2b90d67bdf392c9b3a21fab87c0fa7edaf1fb3a058172a1ffd61033fcec7aec1?s=96&d=mm&r=g","caption":"Jean-Gabriel Davis"}}]}},"_links":{"self":[{"href":"https:\/\/www.iemj.org\/es\/wp-json\/wp\/v2\/posts\/100211","targetHints":{"allow":["GET"]}}],"collection":[{"href":"https:\/\/www.iemj.org\/es\/wp-json\/wp\/v2\/posts"}],"about":[{"href":"https:\/\/www.iemj.org\/es\/wp-json\/wp\/v2\/types\/post"}],"author":[{"embeddable":true,"href":"https:\/\/www.iemj.org\/es\/wp-json\/wp\/v2\/users\/1048"}],"replies":[{"embeddable":true,"href":"https:\/\/www.iemj.org\/es\/wp-json\/wp\/v2\/comments?post=100211"}],"version-history":[{"count":0,"href":"https:\/\/www.iemj.org\/es\/wp-json\/wp\/v2\/posts\/100211\/revisions"}],"wp:featuredmedia":[{"embeddable":true,"href":"https:\/\/www.iemj.org\/es\/wp-json\/wp\/v2\/media\/100212"}],"wp:attachment":[{"href":"https:\/\/www.iemj.org\/es\/wp-json\/wp\/v2\/media?parent=100211"}],"wp:term":[{"taxonomy":"category","embeddable":true,"href":"https:\/\/www.iemj.org\/es\/wp-json\/wp\/v2\/categories?post=100211"},{"taxonomy":"post_tag","embeddable":true,"href":"https:\/\/www.iemj.org\/es\/wp-json\/wp\/v2\/tags?post=100211"},{"taxonomy":"technique","embeddable":true,"href":"https:\/\/www.iemj.org\/es\/wp-json\/wp\/v2\/technique?post=100211"},{"taxonomy":"squelettes","embeddable":true,"href":"https:\/\/www.iemj.org\/es\/wp-json\/wp\/v2\/squelettes?post=100211"},{"taxonomy":"sujet","embeddable":true,"href":"https:\/\/www.iemj.org\/es\/wp-json\/wp\/v2\/sujet?post=100211"},{"taxonomy":"formation","embeddable":true,"href":"https:\/\/www.iemj.org\/es\/wp-json\/wp\/v2\/formation?post=100211"},{"taxonomy":"genre","embeddable":true,"href":"https:\/\/www.iemj.org\/es\/wp-json\/wp\/v2\/genre?post=100211"},{"taxonomy":"fonds","embeddable":true,"href":"https:\/\/www.iemj.org\/es\/wp-json\/wp\/v2\/fonds?post=100211"},{"taxonomy":"tradition","embeddable":true,"href":"https:\/\/www.iemj.org\/es\/wp-json\/wp\/v2\/tradition?post=100211"},{"taxonomy":"type-de-contenu","embeddable":true,"href":"https:\/\/www.iemj.org\/es\/wp-json\/wp\/v2\/type-de-contenu?post=100211"},{"taxonomy":"interprete-compositeur","embeddable":true,"href":"https:\/\/www.iemj.org\/es\/wp-json\/wp\/v2\/interprete-compositeur?post=100211"},{"taxonomy":"frise","embeddable":true,"href":"https:\/\/www.iemj.org\/es\/wp-json\/wp\/v2\/frise?post=100211"},{"taxonomy":"type-devenement","embeddable":true,"href":"https:\/\/www.iemj.org\/es\/wp-json\/wp\/v2\/type-devenement?post=100211"},{"taxonomy":"tableaux-liens-externes","embeddable":true,"href":"https:\/\/www.iemj.org\/es\/wp-json\/wp\/v2\/tableaux-liens-externes?post=100211"}],"curies":[{"name":"wp","href":"https:\/\/api.w.org\/{rel}","templated":true}]}}