{"id":100359,"date":"2017-06-13T10:22:52","date_gmt":"2017-06-13T08:22:52","guid":{"rendered":"https:\/\/www.iemj.org\/sofia-falkovitch-cantor\/"},"modified":"2025-10-20T12:14:03","modified_gmt":"2025-10-20T10:14:03","slug":"sofia-falkovitch-cantor","status":"publish","type":"post","link":"https:\/\/www.iemj.org\/es\/sofia-falkovitch-cantor\/","title":{"rendered":"Sofia Falkovitch Cantor"},"content":{"rendered":"<p><strong>Como se\u00f1ala Sofia Falkovitch<\/strong>, \u00abel arte cantorial es un arte jud\u00edo \u00fanico. Es la disciplina que consiste en cantar las oraciones y cantilar el texto b\u00edblico. La singularidad del arte cantorial es que se basa en gran medida en la improvisaci\u00f3n. A partir de modos musicales dados, el hazzan es capaz de improvisar y dar as\u00ed vida al texto de una manera constantemente renovada. La improvisaci\u00f3n se adapta a las diferentes condiciones de la vida e impide que el texto quede fijado en una \u00fanica melod\u00eda\u00bb.<\/p>\n<p>Este repertorio de m\u00fasica jud\u00eda es \u00fanico, y la mezzosoprano Sofia Falkovitch es la \u00fanica mujer que lo interpreta en Francia. Las obras aqu\u00ed grabadas figuran entre las m\u00e1s bellas y art\u00edsticamente interesantes de la gran tradici\u00f3n de la m\u00fasica jud\u00eda.<\/p>\n<p>Despu\u00e9s de varios a\u00f1os de estudios musicales y cantorales con los mejores hazzanim (cantantes) contempor\u00e1neos de Israel, Europa y Estados Unidos, as\u00ed como de investigaci\u00f3n personal, la cantante ha adquirido un amplio conocimiento de este patrimonio musical. Act\u00faa regularmente en concierto en Europa, Israel, Canad\u00e1 y Asia. El di\u00e1logo intercultural e interreligioso es fundamental en su trabajo.<\/p>\n<p>Sofia Falkovitch naci\u00f3 en Mosc\u00fa en el seno de una familia de artistas y creci\u00f3 en Berl\u00edn. Estudi\u00f3 m\u00fasica, bellas artes y periodismo en Alemania y Canad\u00e1.<\/p>\n<p><a href=\"http:\/\/fr.sofiafalkovitch.com\/#nouvel-album\">Pedir el CD<\/a><\/p>\n<p><em><img fetchpriority=\"high\" decoding=\"async\" class=\"wp-image-14454 aligncenter\" src=\"https:\/\/www.iemj.org\/wp-content\/uploads\/2017\/06\/cd_sofia_falkovitch_couv4.jpg\" alt=\"cd_sofia_falkovitch_couv4.jpg\" width=\"415\" height=\"367\" align=\"left\" srcset=\"https:\/\/www.iemj.org\/wp-content\/uploads\/2017\/06\/cd_sofia_falkovitch_couv4.jpg 577w, https:\/\/www.iemj.org\/wp-content\/uploads\/2017\/06\/cd_sofia_falkovitch_couv4-300x265.jpg 300w\" sizes=\"(max-width: 415px) 100vw, 415px\" \/><\/em><\/p>\n\n\n<figure class=\"wp-block-image size-large\"><img decoding=\"async\" width=\"1024\" height=\"133\" src=\"https:\/\/www.iemj.org\/wp-content\/uploads\/2024\/03\/AUDIO-PLAYER-1024x133.png\" alt=\"\" class=\"wp-image-110610\" srcset=\"https:\/\/www.iemj.org\/wp-content\/uploads\/2024\/03\/AUDIO-PLAYER-1024x133.png 1024w, https:\/\/www.iemj.org\/wp-content\/uploads\/2024\/03\/AUDIO-PLAYER-300x39.png 300w, https:\/\/www.iemj.org\/wp-content\/uploads\/2024\/03\/AUDIO-PLAYER-768x100.png 768w, https:\/\/www.iemj.org\/wp-content\/uploads\/2024\/03\/AUDIO-PLAYER-600x78.png 600w, https:\/\/www.iemj.org\/wp-content\/uploads\/2024\/03\/AUDIO-PLAYER.png 1210w\" sizes=\"(max-width: 1024px) 100vw, 1024px\" \/><\/figure>\n\n\n\n<div class=\"wp-block-file\"><a id=\"wp-block-file--media-1ca14727-2456-4ff1-a2f3-980613377001\" href=\"https:\/\/www.iemj.org\/wp-content\/uploads\/2017\/06\/cd_861_02_ex.mp3\">Unetaneh tokef \/ Kevakarat \/ Berosh hashana &#8211; (EXTRAIT)<\/a><\/div>\n\n\n\n<div class=\"wp-block-file\"><a id=\"wp-block-file--media-f2d5920c-33fe-4dd6-8ea9-546f570e207c\" href=\"https:\/\/www.iemj.org\/wp-content\/uploads\/2017\/06\/cd_861_03_ex.mp3\">Meyerke mayn suhn &#8211; (EXTRAIT)<\/a><\/div>\n\n\n\n<div class=\"wp-block-file\"><a id=\"wp-block-file--media-d4c20d4d-699c-4e6a-bb8f-c3731c59ab8c\" href=\"https:\/\/www.iemj.org\/wp-content\/uploads\/2017\/06\/cd_861_04_ex.mp3\">Kaddish &#8211; (EXTRAIT)<\/a><\/div>\n\n\n\n<div class=\"wp-block-file\"><a id=\"wp-block-file--media-8720fe35-ee74-47e1-a979-02a6d40567e9\" href=\"https:\/\/www.iemj.org\/wp-content\/uploads\/2017\/06\/cd_861_05_ex.mp3\">Vocalise &#8211; (EXTRAIT)<\/a><\/div>\n\n\n\n<div class=\"wp-block-file\"><a id=\"wp-block-file--media-a095c891-9444-4bf9-87ae-674c34d6cb9c\" href=\"https:\/\/www.iemj.org\/wp-content\/uploads\/2017\/06\/cd_861_07_ex.mp3\">Cantique de la mer (Shirat hayam) &#8211; (EXTRAIT)<\/a><\/div>\n\n\n\n<div class=\"wp-block-file\"><a id=\"wp-block-file--media-6c2b511f-5279-48af-ac66-10b48667e708\" href=\"https:\/\/www.iemj.org\/wp-content\/uploads\/2017\/06\/cd_861_06_ex.mp3\">Cantique des cantiques (Shir hashirim) &#8211; (EXTRAIT)<\/a><\/div>\n","protected":false},"excerpt":{"rendered":"<p>Como se\u00f1ala Sofia Falkovitch, \u00abel arte cantorial es un arte jud\u00edo \u00fanico. Es la disciplina que consiste en cantar las oraciones y cantilar el texto b\u00edblico. La singularidad del arte<\/p>\n","protected":false},"author":5,"featured_media":100360,"comment_status":"closed","ping_status":"closed","sticky":false,"template":"","format":"standard","meta":{"_acf_changed":false,"footnotes":""},"categories":[1568,1565],"tags":[],"technique":[],"squelettes":[],"sujet":[],"formation":[],"genre":[],"fonds":[],"tradition":[],"type-de-contenu":[],"interprete-compositeur":[],"frise":[],"type-devenement":[],"tableaux-liens-externes":[],"class_list":["post-100359","post","type-post","status-publish","format-standard","has-post-thumbnail","hentry","category-cd-es","category-ultimas-adquisiciones-es"],"acf":[],"yoast_head":"<!-- This site is optimized with the Yoast SEO plugin v27.3 - https:\/\/yoast.com\/product\/yoast-seo-wordpress\/ -->\n<title>Sofia Falkovitch Cantor - Institut Europ\u00e9en des Musiques Juives<\/title>\n<meta name=\"robots\" content=\"index, follow, max-snippet:-1, max-image-preview:large, max-video-preview:-1\" \/>\n<link rel=\"canonical\" href=\"https:\/\/www.iemj.org\/es\/sofia-falkovitch-cantor\/\" \/>\n<meta property=\"og:locale\" content=\"es_ES\" \/>\n<meta property=\"og:type\" content=\"article\" \/>\n<meta property=\"og:title\" content=\"Sofia Falkovitch Cantor - Institut Europ\u00e9en des Musiques Juives\" \/>\n<meta property=\"og:description\" content=\"Como se\u00f1ala Sofia Falkovitch, \u00abel arte cantorial es un arte jud\u00edo \u00fanico. Es la disciplina que consiste en cantar las oraciones y cantilar el texto b\u00edblico. La singularidad del arte\" \/>\n<meta property=\"og:url\" content=\"https:\/\/www.iemj.org\/es\/sofia-falkovitch-cantor\/\" \/>\n<meta property=\"og:site_name\" content=\"Institut Europ\u00e9en des Musiques Juives\" \/>\n<meta property=\"article:publisher\" content=\"https:\/\/www.facebook.com\/MusiquesJuives\/\" \/>\n<meta property=\"article:published_time\" content=\"2017-06-13T08:22:52+00:00\" \/>\n<meta property=\"article:modified_time\" content=\"2025-10-20T10:14:03+00:00\" \/>\n<meta property=\"og:image\" content=\"https:\/\/www.iemj.org\/wp-content\/uploads\/2017\/06\/arton2354-e1619201237498.jpg\" \/>\n\t<meta property=\"og:image:width\" content=\"350\" \/>\n\t<meta property=\"og:image:height\" content=\"311\" \/>\n\t<meta property=\"og:image:type\" content=\"image\/jpeg\" \/>\n<meta name=\"author\" content=\"Jacqueline ROTEN\" \/>\n<meta name=\"twitter:card\" content=\"summary_large_image\" \/>\n<meta name=\"twitter:label1\" content=\"Escrito por\" \/>\n\t<meta name=\"twitter:data1\" content=\"Jacqueline ROTEN\" \/>\n\t<meta name=\"twitter:label2\" content=\"Tiempo de lectura\" \/>\n\t<meta name=\"twitter:data2\" content=\"2 minutos\" \/>\n<script type=\"application\/ld+json\" class=\"yoast-schema-graph\">{\"@context\":\"https:\\\/\\\/schema.org\",\"@graph\":[{\"@type\":\"Article\",\"@id\":\"https:\\\/\\\/www.iemj.org\\\/es\\\/sofia-falkovitch-cantor\\\/#article\",\"isPartOf\":{\"@id\":\"https:\\\/\\\/www.iemj.org\\\/es\\\/sofia-falkovitch-cantor\\\/\"},\"author\":{\"name\":\"Jacqueline ROTEN\",\"@id\":\"https:\\\/\\\/www.iemj.org\\\/es\\\/#\\\/schema\\\/person\\\/358e26c18aca017fcc4cc15437f7279c\"},\"headline\":\"Sofia Falkovitch Cantor\",\"datePublished\":\"2017-06-13T08:22:52+00:00\",\"dateModified\":\"2025-10-20T10:14:03+00:00\",\"mainEntityOfPage\":{\"@id\":\"https:\\\/\\\/www.iemj.org\\\/es\\\/sofia-falkovitch-cantor\\\/\"},\"wordCount\":271,\"publisher\":{\"@id\":\"https:\\\/\\\/www.iemj.org\\\/es\\\/#organization\"},\"image\":{\"@id\":\"https:\\\/\\\/www.iemj.org\\\/es\\\/sofia-falkovitch-cantor\\\/#primaryimage\"},\"thumbnailUrl\":\"https:\\\/\\\/www.iemj.org\\\/wp-content\\\/uploads\\\/2017\\\/06\\\/arton2354-e1619201237498.jpg\",\"articleSection\":[\"CD\",\"\u00daltimas adquisiciones\"],\"inLanguage\":\"es\"},{\"@type\":\"WebPage\",\"@id\":\"https:\\\/\\\/www.iemj.org\\\/es\\\/sofia-falkovitch-cantor\\\/\",\"url\":\"https:\\\/\\\/www.iemj.org\\\/es\\\/sofia-falkovitch-cantor\\\/\",\"name\":\"Sofia Falkovitch Cantor - Institut Europ\u00e9en des Musiques Juives\",\"isPartOf\":{\"@id\":\"https:\\\/\\\/www.iemj.org\\\/es\\\/#website\"},\"primaryImageOfPage\":{\"@id\":\"https:\\\/\\\/www.iemj.org\\\/es\\\/sofia-falkovitch-cantor\\\/#primaryimage\"},\"image\":{\"@id\":\"https:\\\/\\\/www.iemj.org\\\/es\\\/sofia-falkovitch-cantor\\\/#primaryimage\"},\"thumbnailUrl\":\"https:\\\/\\\/www.iemj.org\\\/wp-content\\\/uploads\\\/2017\\\/06\\\/arton2354-e1619201237498.jpg\",\"datePublished\":\"2017-06-13T08:22:52+00:00\",\"dateModified\":\"2025-10-20T10:14:03+00:00\",\"breadcrumb\":{\"@id\":\"https:\\\/\\\/www.iemj.org\\\/es\\\/sofia-falkovitch-cantor\\\/#breadcrumb\"},\"inLanguage\":\"es\",\"potentialAction\":[{\"@type\":\"ReadAction\",\"target\":[\"https:\\\/\\\/www.iemj.org\\\/es\\\/sofia-falkovitch-cantor\\\/\"]}]},{\"@type\":\"ImageObject\",\"inLanguage\":\"es\",\"@id\":\"https:\\\/\\\/www.iemj.org\\\/es\\\/sofia-falkovitch-cantor\\\/#primaryimage\",\"url\":\"https:\\\/\\\/www.iemj.org\\\/wp-content\\\/uploads\\\/2017\\\/06\\\/arton2354-e1619201237498.jpg\",\"contentUrl\":\"https:\\\/\\\/www.iemj.org\\\/wp-content\\\/uploads\\\/2017\\\/06\\\/arton2354-e1619201237498.jpg\",\"width\":350,\"height\":311},{\"@type\":\"BreadcrumbList\",\"@id\":\"https:\\\/\\\/www.iemj.org\\\/es\\\/sofia-falkovitch-cantor\\\/#breadcrumb\",\"itemListElement\":[{\"@type\":\"ListItem\",\"position\":1,\"name\":\"Accueil\",\"item\":\"https:\\\/\\\/www.iemj.org\\\/es\\\/\"},{\"@type\":\"ListItem\",\"position\":2,\"name\":\"Sofia Falkovitch Cantor\"}]},{\"@type\":\"WebSite\",\"@id\":\"https:\\\/\\\/www.iemj.org\\\/es\\\/#website\",\"url\":\"https:\\\/\\\/www.iemj.org\\\/es\\\/\",\"name\":\"Institut Europ\u00e9en des Musiques Juives\",\"description\":\"Des traditions musicales \u00e0 la port\u00e9e de tous\",\"publisher\":{\"@id\":\"https:\\\/\\\/www.iemj.org\\\/es\\\/#organization\"},\"potentialAction\":[{\"@type\":\"SearchAction\",\"target\":{\"@type\":\"EntryPoint\",\"urlTemplate\":\"https:\\\/\\\/www.iemj.org\\\/es\\\/?s={search_term_string}\"},\"query-input\":{\"@type\":\"PropertyValueSpecification\",\"valueRequired\":true,\"valueName\":\"search_term_string\"}}],\"inLanguage\":\"es\"},{\"@type\":\"Organization\",\"@id\":\"https:\\\/\\\/www.iemj.org\\\/es\\\/#organization\",\"name\":\"Institut Europ\u00e9en des Musiques Juives\",\"url\":\"https:\\\/\\\/www.iemj.org\\\/es\\\/\",\"logo\":{\"@type\":\"ImageObject\",\"inLanguage\":\"es\",\"@id\":\"https:\\\/\\\/www.iemj.org\\\/es\\\/#\\\/schema\\\/logo\\\/image\\\/\",\"url\":\"https:\\\/\\\/www.iemj.org\\\/wp-content\\\/uploads\\\/2021\\\/09\\\/Logo-IEMJ-Paypal.jpg\",\"contentUrl\":\"https:\\\/\\\/www.iemj.org\\\/wp-content\\\/uploads\\\/2021\\\/09\\\/Logo-IEMJ-Paypal.jpg\",\"width\":150,\"height\":50,\"caption\":\"Institut Europ\u00e9en des Musiques Juives\"},\"image\":{\"@id\":\"https:\\\/\\\/www.iemj.org\\\/es\\\/#\\\/schema\\\/logo\\\/image\\\/\"},\"sameAs\":[\"https:\\\/\\\/www.facebook.com\\\/MusiquesJuives\\\/\",\"https:\\\/\\\/www.instagram.com\\\/musiquesjuives\\\/\",\"https:\\\/\\\/www.youtube.com\\\/user\\\/musiquesjuives\"]},{\"@type\":\"Person\",\"@id\":\"https:\\\/\\\/www.iemj.org\\\/es\\\/#\\\/schema\\\/person\\\/358e26c18aca017fcc4cc15437f7279c\",\"name\":\"Jacqueline ROTEN\",\"image\":{\"@type\":\"ImageObject\",\"inLanguage\":\"es\",\"@id\":\"https:\\\/\\\/secure.gravatar.com\\\/avatar\\\/5964256d6c6957de3a3505278957e0fb2a35119ac47ea41827a65301213c810b?s=96&d=mm&r=g\",\"url\":\"https:\\\/\\\/secure.gravatar.com\\\/avatar\\\/5964256d6c6957de3a3505278957e0fb2a35119ac47ea41827a65301213c810b?s=96&d=mm&r=g\",\"contentUrl\":\"https:\\\/\\\/secure.gravatar.com\\\/avatar\\\/5964256d6c6957de3a3505278957e0fb2a35119ac47ea41827a65301213c810b?s=96&d=mm&r=g\",\"caption\":\"Jacqueline ROTEN\"}}]}<\/script>\n<!-- \/ Yoast SEO plugin. -->","yoast_head_json":{"title":"Sofia Falkovitch Cantor - Institut Europ\u00e9en des Musiques Juives","robots":{"index":"index","follow":"follow","max-snippet":"max-snippet:-1","max-image-preview":"max-image-preview:large","max-video-preview":"max-video-preview:-1"},"canonical":"https:\/\/www.iemj.org\/es\/sofia-falkovitch-cantor\/","og_locale":"es_ES","og_type":"article","og_title":"Sofia Falkovitch Cantor - Institut Europ\u00e9en des Musiques Juives","og_description":"Como se\u00f1ala Sofia Falkovitch, \u00abel arte cantorial es un arte jud\u00edo \u00fanico. Es la disciplina que consiste en cantar las oraciones y cantilar el texto b\u00edblico. La singularidad del arte","og_url":"https:\/\/www.iemj.org\/es\/sofia-falkovitch-cantor\/","og_site_name":"Institut Europ\u00e9en des Musiques Juives","article_publisher":"https:\/\/www.facebook.com\/MusiquesJuives\/","article_published_time":"2017-06-13T08:22:52+00:00","article_modified_time":"2025-10-20T10:14:03+00:00","og_image":[{"width":350,"height":311,"url":"https:\/\/www.iemj.org\/wp-content\/uploads\/2017\/06\/arton2354-e1619201237498.jpg","type":"image\/jpeg"}],"author":"Jacqueline ROTEN","twitter_card":"summary_large_image","twitter_misc":{"Escrito por":"Jacqueline ROTEN","Tiempo de lectura":"2 minutos"},"schema":{"@context":"https:\/\/schema.org","@graph":[{"@type":"Article","@id":"https:\/\/www.iemj.org\/es\/sofia-falkovitch-cantor\/#article","isPartOf":{"@id":"https:\/\/www.iemj.org\/es\/sofia-falkovitch-cantor\/"},"author":{"name":"Jacqueline ROTEN","@id":"https:\/\/www.iemj.org\/es\/#\/schema\/person\/358e26c18aca017fcc4cc15437f7279c"},"headline":"Sofia Falkovitch Cantor","datePublished":"2017-06-13T08:22:52+00:00","dateModified":"2025-10-20T10:14:03+00:00","mainEntityOfPage":{"@id":"https:\/\/www.iemj.org\/es\/sofia-falkovitch-cantor\/"},"wordCount":271,"publisher":{"@id":"https:\/\/www.iemj.org\/es\/#organization"},"image":{"@id":"https:\/\/www.iemj.org\/es\/sofia-falkovitch-cantor\/#primaryimage"},"thumbnailUrl":"https:\/\/www.iemj.org\/wp-content\/uploads\/2017\/06\/arton2354-e1619201237498.jpg","articleSection":["CD","\u00daltimas adquisiciones"],"inLanguage":"es"},{"@type":"WebPage","@id":"https:\/\/www.iemj.org\/es\/sofia-falkovitch-cantor\/","url":"https:\/\/www.iemj.org\/es\/sofia-falkovitch-cantor\/","name":"Sofia Falkovitch Cantor - Institut Europ\u00e9en des Musiques Juives","isPartOf":{"@id":"https:\/\/www.iemj.org\/es\/#website"},"primaryImageOfPage":{"@id":"https:\/\/www.iemj.org\/es\/sofia-falkovitch-cantor\/#primaryimage"},"image":{"@id":"https:\/\/www.iemj.org\/es\/sofia-falkovitch-cantor\/#primaryimage"},"thumbnailUrl":"https:\/\/www.iemj.org\/wp-content\/uploads\/2017\/06\/arton2354-e1619201237498.jpg","datePublished":"2017-06-13T08:22:52+00:00","dateModified":"2025-10-20T10:14:03+00:00","breadcrumb":{"@id":"https:\/\/www.iemj.org\/es\/sofia-falkovitch-cantor\/#breadcrumb"},"inLanguage":"es","potentialAction":[{"@type":"ReadAction","target":["https:\/\/www.iemj.org\/es\/sofia-falkovitch-cantor\/"]}]},{"@type":"ImageObject","inLanguage":"es","@id":"https:\/\/www.iemj.org\/es\/sofia-falkovitch-cantor\/#primaryimage","url":"https:\/\/www.iemj.org\/wp-content\/uploads\/2017\/06\/arton2354-e1619201237498.jpg","contentUrl":"https:\/\/www.iemj.org\/wp-content\/uploads\/2017\/06\/arton2354-e1619201237498.jpg","width":350,"height":311},{"@type":"BreadcrumbList","@id":"https:\/\/www.iemj.org\/es\/sofia-falkovitch-cantor\/#breadcrumb","itemListElement":[{"@type":"ListItem","position":1,"name":"Accueil","item":"https:\/\/www.iemj.org\/es\/"},{"@type":"ListItem","position":2,"name":"Sofia Falkovitch Cantor"}]},{"@type":"WebSite","@id":"https:\/\/www.iemj.org\/es\/#website","url":"https:\/\/www.iemj.org\/es\/","name":"Institut Europ\u00e9en des Musiques Juives","description":"Des traditions musicales \u00e0 la port\u00e9e de tous","publisher":{"@id":"https:\/\/www.iemj.org\/es\/#organization"},"potentialAction":[{"@type":"SearchAction","target":{"@type":"EntryPoint","urlTemplate":"https:\/\/www.iemj.org\/es\/?s={search_term_string}"},"query-input":{"@type":"PropertyValueSpecification","valueRequired":true,"valueName":"search_term_string"}}],"inLanguage":"es"},{"@type":"Organization","@id":"https:\/\/www.iemj.org\/es\/#organization","name":"Institut Europ\u00e9en des Musiques Juives","url":"https:\/\/www.iemj.org\/es\/","logo":{"@type":"ImageObject","inLanguage":"es","@id":"https:\/\/www.iemj.org\/es\/#\/schema\/logo\/image\/","url":"https:\/\/www.iemj.org\/wp-content\/uploads\/2021\/09\/Logo-IEMJ-Paypal.jpg","contentUrl":"https:\/\/www.iemj.org\/wp-content\/uploads\/2021\/09\/Logo-IEMJ-Paypal.jpg","width":150,"height":50,"caption":"Institut Europ\u00e9en des Musiques Juives"},"image":{"@id":"https:\/\/www.iemj.org\/es\/#\/schema\/logo\/image\/"},"sameAs":["https:\/\/www.facebook.com\/MusiquesJuives\/","https:\/\/www.instagram.com\/musiquesjuives\/","https:\/\/www.youtube.com\/user\/musiquesjuives"]},{"@type":"Person","@id":"https:\/\/www.iemj.org\/es\/#\/schema\/person\/358e26c18aca017fcc4cc15437f7279c","name":"Jacqueline ROTEN","image":{"@type":"ImageObject","inLanguage":"es","@id":"https:\/\/secure.gravatar.com\/avatar\/5964256d6c6957de3a3505278957e0fb2a35119ac47ea41827a65301213c810b?s=96&d=mm&r=g","url":"https:\/\/secure.gravatar.com\/avatar\/5964256d6c6957de3a3505278957e0fb2a35119ac47ea41827a65301213c810b?s=96&d=mm&r=g","contentUrl":"https:\/\/secure.gravatar.com\/avatar\/5964256d6c6957de3a3505278957e0fb2a35119ac47ea41827a65301213c810b?s=96&d=mm&r=g","caption":"Jacqueline ROTEN"}}]}},"_links":{"self":[{"href":"https:\/\/www.iemj.org\/es\/wp-json\/wp\/v2\/posts\/100359","targetHints":{"allow":["GET"]}}],"collection":[{"href":"https:\/\/www.iemj.org\/es\/wp-json\/wp\/v2\/posts"}],"about":[{"href":"https:\/\/www.iemj.org\/es\/wp-json\/wp\/v2\/types\/post"}],"author":[{"embeddable":true,"href":"https:\/\/www.iemj.org\/es\/wp-json\/wp\/v2\/users\/5"}],"replies":[{"embeddable":true,"href":"https:\/\/www.iemj.org\/es\/wp-json\/wp\/v2\/comments?post=100359"}],"version-history":[{"count":1,"href":"https:\/\/www.iemj.org\/es\/wp-json\/wp\/v2\/posts\/100359\/revisions"}],"predecessor-version":[{"id":127287,"href":"https:\/\/www.iemj.org\/es\/wp-json\/wp\/v2\/posts\/100359\/revisions\/127287"}],"wp:featuredmedia":[{"embeddable":true,"href":"https:\/\/www.iemj.org\/es\/wp-json\/wp\/v2\/media\/100360"}],"wp:attachment":[{"href":"https:\/\/www.iemj.org\/es\/wp-json\/wp\/v2\/media?parent=100359"}],"wp:term":[{"taxonomy":"category","embeddable":true,"href":"https:\/\/www.iemj.org\/es\/wp-json\/wp\/v2\/categories?post=100359"},{"taxonomy":"post_tag","embeddable":true,"href":"https:\/\/www.iemj.org\/es\/wp-json\/wp\/v2\/tags?post=100359"},{"taxonomy":"technique","embeddable":true,"href":"https:\/\/www.iemj.org\/es\/wp-json\/wp\/v2\/technique?post=100359"},{"taxonomy":"squelettes","embeddable":true,"href":"https:\/\/www.iemj.org\/es\/wp-json\/wp\/v2\/squelettes?post=100359"},{"taxonomy":"sujet","embeddable":true,"href":"https:\/\/www.iemj.org\/es\/wp-json\/wp\/v2\/sujet?post=100359"},{"taxonomy":"formation","embeddable":true,"href":"https:\/\/www.iemj.org\/es\/wp-json\/wp\/v2\/formation?post=100359"},{"taxonomy":"genre","embeddable":true,"href":"https:\/\/www.iemj.org\/es\/wp-json\/wp\/v2\/genre?post=100359"},{"taxonomy":"fonds","embeddable":true,"href":"https:\/\/www.iemj.org\/es\/wp-json\/wp\/v2\/fonds?post=100359"},{"taxonomy":"tradition","embeddable":true,"href":"https:\/\/www.iemj.org\/es\/wp-json\/wp\/v2\/tradition?post=100359"},{"taxonomy":"type-de-contenu","embeddable":true,"href":"https:\/\/www.iemj.org\/es\/wp-json\/wp\/v2\/type-de-contenu?post=100359"},{"taxonomy":"interprete-compositeur","embeddable":true,"href":"https:\/\/www.iemj.org\/es\/wp-json\/wp\/v2\/interprete-compositeur?post=100359"},{"taxonomy":"frise","embeddable":true,"href":"https:\/\/www.iemj.org\/es\/wp-json\/wp\/v2\/frise?post=100359"},{"taxonomy":"type-devenement","embeddable":true,"href":"https:\/\/www.iemj.org\/es\/wp-json\/wp\/v2\/type-devenement?post=100359"},{"taxonomy":"tableaux-liens-externes","embeddable":true,"href":"https:\/\/www.iemj.org\/es\/wp-json\/wp\/v2\/tableaux-liens-externes?post=100359"}],"curies":[{"name":"wp","href":"https:\/\/api.w.org\/{rel}","templated":true}]}}