{"id":100504,"date":"2017-03-14T16:55:34","date_gmt":"2017-03-14T15:55:34","guid":{"rendered":"https:\/\/www.iemj.org\/zara-levina-the-piano-concertos\/"},"modified":"2025-10-20T12:22:53","modified_gmt":"2025-10-20T10:22:53","slug":"zara-levina-the-piano-concertos","status":"publish","type":"post","link":"https:\/\/www.iemj.org\/es\/zara-levina-the-piano-concertos\/","title":{"rendered":"ZARA LEVINA &#8211; The piano concertos"},"content":{"rendered":"<p><!--more--><\/p>\n<p><strong>Zara Alexandrovna Levina<\/strong>, nacida en 1906 en Alexandrovsk (Ucrania), fue espectadora de dos guerras mundiales, la Revoluci\u00f3n Rusa y el colapso y la reconstrucci\u00f3n totalitaria de su patria.<\/p>\n<p>Vivi\u00f3 toda su vida bajo la constante y aterradora presi\u00f3n ideol\u00f3gica de la amenazante censura estatal, ejercida en particular por la tristemente c\u00e9lebre RAPM (Asociaci\u00f3n Rusa de M\u00fasicos Proletarios) en los a\u00f1os 20 y 30, una presi\u00f3n que no s\u00f3lo afect\u00f3 a su creatividad, sino tambi\u00e9n a su salud. Sin embargo, Zara Levina consigui\u00f3 preservar su genio musical a pesar de las dificultades.<\/p>\n<p><strong>30 a\u00f1os separan la composici\u00f3n de sus 2 conciertos para piano<\/strong><\/p>\n<ul>\n<li>El 1er Concierto, escrito en 1942 y estrenado en 1945, evoca la gran tradici\u00f3n del concierto rom\u00e1ntico para piano con su virtuosismo y orquestaci\u00f3n, evocando sin duda a Rachmaninov y Rimsky-Korsakov.<\/li>\n<li>El 2\u00ba Concierto, m\u00e1s introspectivo y enigm\u00e1tico, fue compuesto en 1975, un a\u00f1o antes de la muerte de Zara Levina. Fue su \u00faltima composici\u00f3n, que tambi\u00e9n consideraba como la mejor. Zara Levina ha dicho a menudo del concierto que trata de su propia lucha contra la muerte y la cardiopat\u00eda cr\u00f3nica.<\/li>\n<\/ul>\n<p>Estas dos obras tan diferentes est\u00e1n unidas por su autonom\u00eda y su naturalidad en la m\u00fasica. Pueden estar profundamente enraizadas en la tradici\u00f3n, pero no son en absoluto ecl\u00e9cticas. La m\u00fasica nunca suena elaborada o deliberada, sino que se desarrolla libremente, l\u00f3gicamente enlazada. A menudo es sorprendente -ya sea en t\u00e9rminos de armon\u00eda o de temas, de timbres o de metro-ritmo-, pero desprovista del uso de la violencia en la composici\u00f3n.<\/p>\n<p>Sin embargo, escuchar atentamente estos dos conciertos es constatar que est\u00e1n relacionados arm\u00f3nica y mel\u00f3dicamente&#8230;<\/p>\n<p><strong>Maria Lettberg<\/strong>, piano<br \/>Desde que debut\u00f3 en 2000 con el Concierto para piano n\u00ba 1 de Peter Chaikovski con la Orquesta Sinf\u00f3nica de la Radio Sueca -adem\u00e1s del repertorio tradicional-, Maria Lettberg se ha apasionado por redescubrir los tesoros olvidados del pasado. La pianista nacida en Riga vive en Berl\u00edn y es muy apreciada por el p\u00fablico y la cr\u00edtica internacionales, especialmente por sus interpretaciones de la m\u00fasica rusa y escandinava. Con los dos Conciertos para piano de Zara Levina, Maria Lettberg contin\u00faa su serie de descubrimientos de obras exigentes en cuanto a composici\u00f3n y t\u00e9cnica pian\u00edstica.<\/p>\n<p><strong>Ariane Matiakh<\/strong>, conductor<br \/>Ariane Matiakh estudi\u00f3 direcci\u00f3n de orquesta con Leopold Hager y Yuji Yuasa en Viena y particip\u00f3 en las clases magistrales de Seiji Ozawa antes de ser nombrada Revelaci\u00f3n en los prestigiosos premios Victoires de la Musique Classique 2009, as\u00ed como ganadora de la primera edici\u00f3n del concurso ADAMI \u00abTalents Conductors\u00bb. Tambi\u00e9n fue finalista en el Concurso Donatella Flick 2008 de Londres.<\/p>\n<p><strong>L\u2019Orchestre Symphonique de la Radio de Berlin<\/strong><br \/>La Orquesta Sinf\u00f3nica de la Radio de Berl\u00edn (RundfunkSinfonieorchester Berlin, RSB) se fund\u00f3 en los primeros d\u00edas de la radiodifusi\u00f3n, en 1923. Sus directores musicales, entre ellos Sergiu Celibidache, Eugen Jochum y Rafael Fr\u00fchbeck de Burgos, han contribuido a crear el excepcional sonido del conjunto. Desde su fundaci\u00f3n, grandes compositores como Sergu\u00e9i Prok\u00f3fiev, Richard Strauss, Igor Stravinski y J\u00f6rg Widmann han dirigido la orquesta, as\u00ed como j\u00f3venes directores prometedores entre los que figuran Andris Nelsons, Vasily Petrenko, Jakub Hru\u0161a, Lahav Shani y Omer Meir Wellber.<\/p>\n<p><a href=\"https:\/\/www.iemj.org\/classique-vous-avez-dit-classique-ariane-matiakh-chef-dorchestre-pour-son-nouveau-cd-concertos-pour-piano-de-zara-levina\/\" target=\"_blank\" rel=\"noopener\">Escuchar el programa radiof\u00f3nico de Laure Schnapper sobre Zara Levina \u00abAriane Matiakh, directora de orquesta, para su nuevo CD<em> Concertos para piano de Zara Levina <\/em>(en franc\u00e9s)<\/a><\/p>\n<p><a href=\"http:\/\/www.capriccio.at\/zara-levina-1906-1976\" target=\"_blank\" rel=\"noopener\">M\u00e1s informaci\u00f3n<\/a><br \/><a href=\"https:\/\/www.amazon.fr\/Concertos-pour-piano-n\/dp\/B01NAS0U8L\" target=\"_blank\" rel=\"noopener\">Pedir el CD en Amazon<\/a><\/p>\n\n<div class=\"wp-block-image\">\n<figure class=\"aligncenter size-large\"><img fetchpriority=\"high\" decoding=\"async\" width=\"1024\" height=\"133\" src=\"https:\/\/www.iemj.org\/wp-content\/uploads\/2024\/03\/AUDIO-PLAYER-1024x133.png\" alt=\"\" class=\"wp-image-110610\" srcset=\"https:\/\/www.iemj.org\/wp-content\/uploads\/2024\/03\/AUDIO-PLAYER-1024x133.png 1024w, https:\/\/www.iemj.org\/wp-content\/uploads\/2024\/03\/AUDIO-PLAYER-300x39.png 300w, https:\/\/www.iemj.org\/wp-content\/uploads\/2024\/03\/AUDIO-PLAYER-768x100.png 768w, https:\/\/www.iemj.org\/wp-content\/uploads\/2024\/03\/AUDIO-PLAYER-600x78.png 600w, https:\/\/www.iemj.org\/wp-content\/uploads\/2024\/03\/AUDIO-PLAYER.png 1210w\" sizes=\"(max-width: 1024px) 100vw, 1024px\" \/><\/figure>\n<\/div>\n\n\n<div class=\"wp-block-file\"><a id=\"wp-block-file--media-43b91101-f71b-4058-a090-7fab6cbb5304\" href=\"https:\/\/www.iemj.org\/wp-content\/uploads\/2017\/03\/1.zara_levina_concertos_pour_piano_-_1.allegro.mp3\">Concerto pour piano et orchestre N\u00b01 de Zara Levina &#8211; I. Allegro (EXTRAIT)<\/a><\/div>\n\n\n\n<div class=\"wp-block-file\"><a id=\"wp-block-file--media-38344aec-fc36-4cbd-ab9d-6f8c2a3360b8\" href=\"https:\/\/www.iemj.org\/wp-content\/uploads\/2017\/03\/2.zara_levina_concertos_pour_piano_-_2.andante.mp3\">Concerto pour piano et orchestre N\u00b01 de Zara Levina &#8211; II. Andante (EXTRAIT)<\/a><\/div>\n\n\n\n<div class=\"wp-block-file\"><a id=\"wp-block-file--media-660197c7-18a1-4ea8-a134-96f5ca259f70\" href=\"https:\/\/www.iemj.org\/wp-content\/uploads\/2017\/03\/3.zara_levina_concertos_pour_piano_-_3.allegro.mp3\">Concerto pour piano et orchestre N\u00b01 de Zara Levina &#8211; III. Allegro (EXTRAIT)<\/a><\/div>\n\n\n\n<div class=\"wp-block-file\"><a id=\"wp-block-file--media-cf1e7eb7-0f19-494f-9b54-54517b809199\" href=\"https:\/\/www.iemj.org\/wp-content\/uploads\/2017\/03\/4.zara_levina_concertos_pour_piano_-_4.moderato_sostenuto.mp3\">Concerto pour piano et orchestre N\u00b02 de Zara Levina (EXTRAIT)<\/a><\/div>\n","protected":false},"excerpt":{"rendered":"","protected":false},"author":5,"featured_media":100505,"comment_status":"closed","ping_status":"closed","sticky":false,"template":"","format":"standard","meta":{"_acf_changed":false,"footnotes":""},"categories":[1568,1565],"tags":[],"technique":[],"squelettes":[],"sujet":[],"formation":[],"genre":[1899],"fonds":[],"tradition":[],"type-de-contenu":[],"interprete-compositeur":[],"frise":[],"type-devenement":[],"tableaux-liens-externes":[],"class_list":["post-100504","post","type-post","status-publish","format-standard","has-post-thumbnail","hentry","category-cd-es","category-ultimas-adquisiciones-es","genre-musica-clasica-es"],"acf":[],"yoast_head":"<!-- This site is optimized with the Yoast SEO plugin v27.3 - https:\/\/yoast.com\/product\/yoast-seo-wordpress\/ -->\n<title>ZARA LEVINA - The piano concertos - Institut Europ\u00e9en des Musiques Juives<\/title>\n<meta name=\"robots\" content=\"index, follow, max-snippet:-1, max-image-preview:large, max-video-preview:-1\" \/>\n<link rel=\"canonical\" href=\"https:\/\/www.iemj.org\/es\/zara-levina-the-piano-concertos\/\" \/>\n<meta property=\"og:locale\" content=\"es_ES\" \/>\n<meta property=\"og:type\" content=\"article\" \/>\n<meta property=\"og:title\" content=\"ZARA LEVINA - The piano concertos - Institut Europ\u00e9en des Musiques Juives\" \/>\n<meta property=\"og:url\" content=\"https:\/\/www.iemj.org\/es\/zara-levina-the-piano-concertos\/\" \/>\n<meta property=\"og:site_name\" content=\"Institut Europ\u00e9en des Musiques Juives\" \/>\n<meta property=\"article:publisher\" content=\"https:\/\/www.facebook.com\/MusiquesJuives\/\" \/>\n<meta property=\"article:published_time\" content=\"2017-03-14T15:55:34+00:00\" \/>\n<meta property=\"article:modified_time\" content=\"2025-10-20T10:22:53+00:00\" \/>\n<meta property=\"og:image\" content=\"https:\/\/www.iemj.org\/wp-content\/uploads\/2017\/03\/arton2178-e1619340190741.jpg\" \/>\n\t<meta property=\"og:image:width\" content=\"350\" \/>\n\t<meta property=\"og:image:height\" content=\"305\" \/>\n\t<meta property=\"og:image:type\" content=\"image\/jpeg\" \/>\n<meta name=\"author\" content=\"Jacqueline ROTEN\" \/>\n<meta name=\"twitter:card\" content=\"summary_large_image\" \/>\n<meta name=\"twitter:label1\" content=\"Escrito por\" \/>\n\t<meta name=\"twitter:data1\" content=\"Jacqueline ROTEN\" \/>\n\t<meta name=\"twitter:label2\" content=\"Tiempo de lectura\" \/>\n\t<meta name=\"twitter:data2\" content=\"4 minutos\" \/>\n<script type=\"application\/ld+json\" class=\"yoast-schema-graph\">{\"@context\":\"https:\\\/\\\/schema.org\",\"@graph\":[{\"@type\":\"Article\",\"@id\":\"https:\\\/\\\/www.iemj.org\\\/es\\\/zara-levina-the-piano-concertos\\\/#article\",\"isPartOf\":{\"@id\":\"https:\\\/\\\/www.iemj.org\\\/es\\\/zara-levina-the-piano-concertos\\\/\"},\"author\":{\"name\":\"Jacqueline ROTEN\",\"@id\":\"https:\\\/\\\/www.iemj.org\\\/es\\\/#\\\/schema\\\/person\\\/358e26c18aca017fcc4cc15437f7279c\"},\"headline\":\"ZARA LEVINA &#8211; The piano concertos\",\"datePublished\":\"2017-03-14T15:55:34+00:00\",\"dateModified\":\"2025-10-20T10:22:53+00:00\",\"mainEntityOfPage\":{\"@id\":\"https:\\\/\\\/www.iemj.org\\\/es\\\/zara-levina-the-piano-concertos\\\/\"},\"wordCount\":662,\"publisher\":{\"@id\":\"https:\\\/\\\/www.iemj.org\\\/es\\\/#organization\"},\"image\":{\"@id\":\"https:\\\/\\\/www.iemj.org\\\/es\\\/zara-levina-the-piano-concertos\\\/#primaryimage\"},\"thumbnailUrl\":\"https:\\\/\\\/www.iemj.org\\\/wp-content\\\/uploads\\\/2017\\\/03\\\/arton2178-e1619340190741.jpg\",\"articleSection\":[\"CD\",\"\u00daltimas adquisiciones\"],\"inLanguage\":\"es\"},{\"@type\":\"WebPage\",\"@id\":\"https:\\\/\\\/www.iemj.org\\\/es\\\/zara-levina-the-piano-concertos\\\/\",\"url\":\"https:\\\/\\\/www.iemj.org\\\/es\\\/zara-levina-the-piano-concertos\\\/\",\"name\":\"ZARA LEVINA - The piano concertos - Institut Europ\u00e9en des Musiques Juives\",\"isPartOf\":{\"@id\":\"https:\\\/\\\/www.iemj.org\\\/es\\\/#website\"},\"primaryImageOfPage\":{\"@id\":\"https:\\\/\\\/www.iemj.org\\\/es\\\/zara-levina-the-piano-concertos\\\/#primaryimage\"},\"image\":{\"@id\":\"https:\\\/\\\/www.iemj.org\\\/es\\\/zara-levina-the-piano-concertos\\\/#primaryimage\"},\"thumbnailUrl\":\"https:\\\/\\\/www.iemj.org\\\/wp-content\\\/uploads\\\/2017\\\/03\\\/arton2178-e1619340190741.jpg\",\"datePublished\":\"2017-03-14T15:55:34+00:00\",\"dateModified\":\"2025-10-20T10:22:53+00:00\",\"breadcrumb\":{\"@id\":\"https:\\\/\\\/www.iemj.org\\\/es\\\/zara-levina-the-piano-concertos\\\/#breadcrumb\"},\"inLanguage\":\"es\",\"potentialAction\":[{\"@type\":\"ReadAction\",\"target\":[\"https:\\\/\\\/www.iemj.org\\\/es\\\/zara-levina-the-piano-concertos\\\/\"]}]},{\"@type\":\"ImageObject\",\"inLanguage\":\"es\",\"@id\":\"https:\\\/\\\/www.iemj.org\\\/es\\\/zara-levina-the-piano-concertos\\\/#primaryimage\",\"url\":\"https:\\\/\\\/www.iemj.org\\\/wp-content\\\/uploads\\\/2017\\\/03\\\/arton2178-e1619340190741.jpg\",\"contentUrl\":\"https:\\\/\\\/www.iemj.org\\\/wp-content\\\/uploads\\\/2017\\\/03\\\/arton2178-e1619340190741.jpg\",\"width\":350,\"height\":305},{\"@type\":\"BreadcrumbList\",\"@id\":\"https:\\\/\\\/www.iemj.org\\\/es\\\/zara-levina-the-piano-concertos\\\/#breadcrumb\",\"itemListElement\":[{\"@type\":\"ListItem\",\"position\":1,\"name\":\"Accueil\",\"item\":\"https:\\\/\\\/www.iemj.org\\\/es\\\/\"},{\"@type\":\"ListItem\",\"position\":2,\"name\":\"ZARA LEVINA &#8211; The piano concertos\"}]},{\"@type\":\"WebSite\",\"@id\":\"https:\\\/\\\/www.iemj.org\\\/es\\\/#website\",\"url\":\"https:\\\/\\\/www.iemj.org\\\/es\\\/\",\"name\":\"Institut Europ\u00e9en des Musiques Juives\",\"description\":\"Des traditions musicales \u00e0 la port\u00e9e de tous\",\"publisher\":{\"@id\":\"https:\\\/\\\/www.iemj.org\\\/es\\\/#organization\"},\"potentialAction\":[{\"@type\":\"SearchAction\",\"target\":{\"@type\":\"EntryPoint\",\"urlTemplate\":\"https:\\\/\\\/www.iemj.org\\\/es\\\/?s={search_term_string}\"},\"query-input\":{\"@type\":\"PropertyValueSpecification\",\"valueRequired\":true,\"valueName\":\"search_term_string\"}}],\"inLanguage\":\"es\"},{\"@type\":\"Organization\",\"@id\":\"https:\\\/\\\/www.iemj.org\\\/es\\\/#organization\",\"name\":\"Institut Europ\u00e9en des Musiques Juives\",\"url\":\"https:\\\/\\\/www.iemj.org\\\/es\\\/\",\"logo\":{\"@type\":\"ImageObject\",\"inLanguage\":\"es\",\"@id\":\"https:\\\/\\\/www.iemj.org\\\/es\\\/#\\\/schema\\\/logo\\\/image\\\/\",\"url\":\"https:\\\/\\\/www.iemj.org\\\/wp-content\\\/uploads\\\/2021\\\/09\\\/Logo-IEMJ-Paypal.jpg\",\"contentUrl\":\"https:\\\/\\\/www.iemj.org\\\/wp-content\\\/uploads\\\/2021\\\/09\\\/Logo-IEMJ-Paypal.jpg\",\"width\":150,\"height\":50,\"caption\":\"Institut Europ\u00e9en des Musiques Juives\"},\"image\":{\"@id\":\"https:\\\/\\\/www.iemj.org\\\/es\\\/#\\\/schema\\\/logo\\\/image\\\/\"},\"sameAs\":[\"https:\\\/\\\/www.facebook.com\\\/MusiquesJuives\\\/\",\"https:\\\/\\\/www.instagram.com\\\/musiquesjuives\\\/\",\"https:\\\/\\\/www.youtube.com\\\/user\\\/musiquesjuives\"]},{\"@type\":\"Person\",\"@id\":\"https:\\\/\\\/www.iemj.org\\\/es\\\/#\\\/schema\\\/person\\\/358e26c18aca017fcc4cc15437f7279c\",\"name\":\"Jacqueline ROTEN\",\"image\":{\"@type\":\"ImageObject\",\"inLanguage\":\"es\",\"@id\":\"https:\\\/\\\/secure.gravatar.com\\\/avatar\\\/5964256d6c6957de3a3505278957e0fb2a35119ac47ea41827a65301213c810b?s=96&d=mm&r=g\",\"url\":\"https:\\\/\\\/secure.gravatar.com\\\/avatar\\\/5964256d6c6957de3a3505278957e0fb2a35119ac47ea41827a65301213c810b?s=96&d=mm&r=g\",\"contentUrl\":\"https:\\\/\\\/secure.gravatar.com\\\/avatar\\\/5964256d6c6957de3a3505278957e0fb2a35119ac47ea41827a65301213c810b?s=96&d=mm&r=g\",\"caption\":\"Jacqueline ROTEN\"}}]}<\/script>\n<!-- \/ Yoast SEO plugin. -->","yoast_head_json":{"title":"ZARA LEVINA - The piano concertos - Institut Europ\u00e9en des Musiques Juives","robots":{"index":"index","follow":"follow","max-snippet":"max-snippet:-1","max-image-preview":"max-image-preview:large","max-video-preview":"max-video-preview:-1"},"canonical":"https:\/\/www.iemj.org\/es\/zara-levina-the-piano-concertos\/","og_locale":"es_ES","og_type":"article","og_title":"ZARA LEVINA - The piano concertos - Institut Europ\u00e9en des Musiques Juives","og_url":"https:\/\/www.iemj.org\/es\/zara-levina-the-piano-concertos\/","og_site_name":"Institut Europ\u00e9en des Musiques Juives","article_publisher":"https:\/\/www.facebook.com\/MusiquesJuives\/","article_published_time":"2017-03-14T15:55:34+00:00","article_modified_time":"2025-10-20T10:22:53+00:00","og_image":[{"width":350,"height":305,"url":"https:\/\/www.iemj.org\/wp-content\/uploads\/2017\/03\/arton2178-e1619340190741.jpg","type":"image\/jpeg"}],"author":"Jacqueline ROTEN","twitter_card":"summary_large_image","twitter_misc":{"Escrito por":"Jacqueline ROTEN","Tiempo de lectura":"4 minutos"},"schema":{"@context":"https:\/\/schema.org","@graph":[{"@type":"Article","@id":"https:\/\/www.iemj.org\/es\/zara-levina-the-piano-concertos\/#article","isPartOf":{"@id":"https:\/\/www.iemj.org\/es\/zara-levina-the-piano-concertos\/"},"author":{"name":"Jacqueline ROTEN","@id":"https:\/\/www.iemj.org\/es\/#\/schema\/person\/358e26c18aca017fcc4cc15437f7279c"},"headline":"ZARA LEVINA &#8211; The piano concertos","datePublished":"2017-03-14T15:55:34+00:00","dateModified":"2025-10-20T10:22:53+00:00","mainEntityOfPage":{"@id":"https:\/\/www.iemj.org\/es\/zara-levina-the-piano-concertos\/"},"wordCount":662,"publisher":{"@id":"https:\/\/www.iemj.org\/es\/#organization"},"image":{"@id":"https:\/\/www.iemj.org\/es\/zara-levina-the-piano-concertos\/#primaryimage"},"thumbnailUrl":"https:\/\/www.iemj.org\/wp-content\/uploads\/2017\/03\/arton2178-e1619340190741.jpg","articleSection":["CD","\u00daltimas adquisiciones"],"inLanguage":"es"},{"@type":"WebPage","@id":"https:\/\/www.iemj.org\/es\/zara-levina-the-piano-concertos\/","url":"https:\/\/www.iemj.org\/es\/zara-levina-the-piano-concertos\/","name":"ZARA LEVINA - The piano concertos - Institut Europ\u00e9en des Musiques Juives","isPartOf":{"@id":"https:\/\/www.iemj.org\/es\/#website"},"primaryImageOfPage":{"@id":"https:\/\/www.iemj.org\/es\/zara-levina-the-piano-concertos\/#primaryimage"},"image":{"@id":"https:\/\/www.iemj.org\/es\/zara-levina-the-piano-concertos\/#primaryimage"},"thumbnailUrl":"https:\/\/www.iemj.org\/wp-content\/uploads\/2017\/03\/arton2178-e1619340190741.jpg","datePublished":"2017-03-14T15:55:34+00:00","dateModified":"2025-10-20T10:22:53+00:00","breadcrumb":{"@id":"https:\/\/www.iemj.org\/es\/zara-levina-the-piano-concertos\/#breadcrumb"},"inLanguage":"es","potentialAction":[{"@type":"ReadAction","target":["https:\/\/www.iemj.org\/es\/zara-levina-the-piano-concertos\/"]}]},{"@type":"ImageObject","inLanguage":"es","@id":"https:\/\/www.iemj.org\/es\/zara-levina-the-piano-concertos\/#primaryimage","url":"https:\/\/www.iemj.org\/wp-content\/uploads\/2017\/03\/arton2178-e1619340190741.jpg","contentUrl":"https:\/\/www.iemj.org\/wp-content\/uploads\/2017\/03\/arton2178-e1619340190741.jpg","width":350,"height":305},{"@type":"BreadcrumbList","@id":"https:\/\/www.iemj.org\/es\/zara-levina-the-piano-concertos\/#breadcrumb","itemListElement":[{"@type":"ListItem","position":1,"name":"Accueil","item":"https:\/\/www.iemj.org\/es\/"},{"@type":"ListItem","position":2,"name":"ZARA LEVINA &#8211; The piano concertos"}]},{"@type":"WebSite","@id":"https:\/\/www.iemj.org\/es\/#website","url":"https:\/\/www.iemj.org\/es\/","name":"Institut Europ\u00e9en des Musiques Juives","description":"Des traditions musicales \u00e0 la port\u00e9e de tous","publisher":{"@id":"https:\/\/www.iemj.org\/es\/#organization"},"potentialAction":[{"@type":"SearchAction","target":{"@type":"EntryPoint","urlTemplate":"https:\/\/www.iemj.org\/es\/?s={search_term_string}"},"query-input":{"@type":"PropertyValueSpecification","valueRequired":true,"valueName":"search_term_string"}}],"inLanguage":"es"},{"@type":"Organization","@id":"https:\/\/www.iemj.org\/es\/#organization","name":"Institut Europ\u00e9en des Musiques Juives","url":"https:\/\/www.iemj.org\/es\/","logo":{"@type":"ImageObject","inLanguage":"es","@id":"https:\/\/www.iemj.org\/es\/#\/schema\/logo\/image\/","url":"https:\/\/www.iemj.org\/wp-content\/uploads\/2021\/09\/Logo-IEMJ-Paypal.jpg","contentUrl":"https:\/\/www.iemj.org\/wp-content\/uploads\/2021\/09\/Logo-IEMJ-Paypal.jpg","width":150,"height":50,"caption":"Institut Europ\u00e9en des Musiques Juives"},"image":{"@id":"https:\/\/www.iemj.org\/es\/#\/schema\/logo\/image\/"},"sameAs":["https:\/\/www.facebook.com\/MusiquesJuives\/","https:\/\/www.instagram.com\/musiquesjuives\/","https:\/\/www.youtube.com\/user\/musiquesjuives"]},{"@type":"Person","@id":"https:\/\/www.iemj.org\/es\/#\/schema\/person\/358e26c18aca017fcc4cc15437f7279c","name":"Jacqueline ROTEN","image":{"@type":"ImageObject","inLanguage":"es","@id":"https:\/\/secure.gravatar.com\/avatar\/5964256d6c6957de3a3505278957e0fb2a35119ac47ea41827a65301213c810b?s=96&d=mm&r=g","url":"https:\/\/secure.gravatar.com\/avatar\/5964256d6c6957de3a3505278957e0fb2a35119ac47ea41827a65301213c810b?s=96&d=mm&r=g","contentUrl":"https:\/\/secure.gravatar.com\/avatar\/5964256d6c6957de3a3505278957e0fb2a35119ac47ea41827a65301213c810b?s=96&d=mm&r=g","caption":"Jacqueline ROTEN"}}]}},"_links":{"self":[{"href":"https:\/\/www.iemj.org\/es\/wp-json\/wp\/v2\/posts\/100504","targetHints":{"allow":["GET"]}}],"collection":[{"href":"https:\/\/www.iemj.org\/es\/wp-json\/wp\/v2\/posts"}],"about":[{"href":"https:\/\/www.iemj.org\/es\/wp-json\/wp\/v2\/types\/post"}],"author":[{"embeddable":true,"href":"https:\/\/www.iemj.org\/es\/wp-json\/wp\/v2\/users\/5"}],"replies":[{"embeddable":true,"href":"https:\/\/www.iemj.org\/es\/wp-json\/wp\/v2\/comments?post=100504"}],"version-history":[{"count":2,"href":"https:\/\/www.iemj.org\/es\/wp-json\/wp\/v2\/posts\/100504\/revisions"}],"predecessor-version":[{"id":127294,"href":"https:\/\/www.iemj.org\/es\/wp-json\/wp\/v2\/posts\/100504\/revisions\/127294"}],"wp:featuredmedia":[{"embeddable":true,"href":"https:\/\/www.iemj.org\/es\/wp-json\/wp\/v2\/media\/100505"}],"wp:attachment":[{"href":"https:\/\/www.iemj.org\/es\/wp-json\/wp\/v2\/media?parent=100504"}],"wp:term":[{"taxonomy":"category","embeddable":true,"href":"https:\/\/www.iemj.org\/es\/wp-json\/wp\/v2\/categories?post=100504"},{"taxonomy":"post_tag","embeddable":true,"href":"https:\/\/www.iemj.org\/es\/wp-json\/wp\/v2\/tags?post=100504"},{"taxonomy":"technique","embeddable":true,"href":"https:\/\/www.iemj.org\/es\/wp-json\/wp\/v2\/technique?post=100504"},{"taxonomy":"squelettes","embeddable":true,"href":"https:\/\/www.iemj.org\/es\/wp-json\/wp\/v2\/squelettes?post=100504"},{"taxonomy":"sujet","embeddable":true,"href":"https:\/\/www.iemj.org\/es\/wp-json\/wp\/v2\/sujet?post=100504"},{"taxonomy":"formation","embeddable":true,"href":"https:\/\/www.iemj.org\/es\/wp-json\/wp\/v2\/formation?post=100504"},{"taxonomy":"genre","embeddable":true,"href":"https:\/\/www.iemj.org\/es\/wp-json\/wp\/v2\/genre?post=100504"},{"taxonomy":"fonds","embeddable":true,"href":"https:\/\/www.iemj.org\/es\/wp-json\/wp\/v2\/fonds?post=100504"},{"taxonomy":"tradition","embeddable":true,"href":"https:\/\/www.iemj.org\/es\/wp-json\/wp\/v2\/tradition?post=100504"},{"taxonomy":"type-de-contenu","embeddable":true,"href":"https:\/\/www.iemj.org\/es\/wp-json\/wp\/v2\/type-de-contenu?post=100504"},{"taxonomy":"interprete-compositeur","embeddable":true,"href":"https:\/\/www.iemj.org\/es\/wp-json\/wp\/v2\/interprete-compositeur?post=100504"},{"taxonomy":"frise","embeddable":true,"href":"https:\/\/www.iemj.org\/es\/wp-json\/wp\/v2\/frise?post=100504"},{"taxonomy":"type-devenement","embeddable":true,"href":"https:\/\/www.iemj.org\/es\/wp-json\/wp\/v2\/type-devenement?post=100504"},{"taxonomy":"tableaux-liens-externes","embeddable":true,"href":"https:\/\/www.iemj.org\/es\/wp-json\/wp\/v2\/tableaux-liens-externes?post=100504"}],"curies":[{"name":"wp","href":"https:\/\/api.w.org\/{rel}","templated":true}]}}