{"id":100993,"date":"2017-02-14T15:30:58","date_gmt":"2017-02-14T14:30:58","guid":{"rendered":"https:\/\/www.iemj.org\/sauvee-des-cendres\/"},"modified":"2025-11-02T19:58:05","modified_gmt":"2025-11-02T18:58:05","slug":"sauvee-des-cendres","status":"publish","type":"post","link":"https:\/\/www.iemj.org\/es\/sauvee-des-cendres\/","title":{"rendered":"Sauv\u00e9e des cendres"},"content":{"rendered":"<p>El m\u00fasico <a href=\"https:\/\/www.youtube.com\/@heliosazoulay8884\" target=\"_blank\" rel=\"noopener\">H\u00e9lios Azoulay<\/a>, reputado especialista e int\u00e9rprete de la m\u00fasica en los campos de concentraci\u00f3n, acaba de publicar un CD titulado Sauv\u00e9e des cendres (Salvado de las cenizas), en referencia a una \u00f3pera inacabada de Viktor Ullmann (1898-1944). El 17 de octubre de 1944, el compositor austriaco fue asesinado en Auschwitz. Acababa de terminar el libreto de una \u00f3pera dedicada a Juana de Arco: <em>El 30 de mayo de 1431<\/em>. Escrita en el horror del gueto de Terez\u00edn, la \u00f3pera de Ullmann describe los momentos m\u00e1s famosos de la vida de Juana hasta su muerte en la hoguera. Este texto completamente in\u00e9dito fue encontrado, traducido y publicado por primera vez por el compositor H\u00e9lios Azoulay en su libro <em><a href=\"https:\/\/www.iemj.org\/es\/lenfer-aussi-a-son-orchestre\/\">L&#8217;enfer aussi a son orchestre<\/a><\/em>.<\/p>\n<p>Aunque el libreto de Ullmann es una pura obra maestra de la poes\u00eda, no tiene m\u00fasica: por desgracia, el compositor s\u00f3lo pudo garabatear dos modestas p\u00e1ginas para piano, incluidas en otra partitura: <em>Don Quijote tanzt Fandango<\/em> (1944). H\u00e9lios Azoulay asumi\u00f3 entonces el loco reto de completar esta \u00f3pera dedicada a Juana de Arco, a menudo comparada con la profetisa D\u00e9borah, quemada en la hoguera por intentar salvar a su pueblo. Pero no se trata de componer \u00aba la manera de\u00bb Viktor Ullmann. Azoulay despliega, difracta y metamorfosea los pocos y preciosos compases de esta partitura, en forma de ostinatos mel\u00f3dicos que apoyan el texto. Al fin y al cabo, no se trata de componer una \u00f3pera. Por encima de todo, \u00a1hay que escuchar el texto! Por eso, la creaci\u00f3n de H\u00e9lios Azoulay est\u00e1 escrita para narrador, voz femenina, cuarteto de cuerda y piano.<br \/>El sonido es fascinante. La m\u00fasica interpretada por el Ensemble de musique Incidentale parece colgar de los labios de la cantante-narradora Marielle Rubens. Los m\u00fasicos que la rodean (Elios Azoulay, Teona Kharadze, Dimitri Maslennikov, Pablo Schatzman y Baptiste Vay) la envuelven en una capa de sonido que subraya la fuerza y la belleza del texto de Ullmann.<\/p>\n<p>Este CD incluye otras cuatro piezas musicales:<\/p>\n<ul>\n<li><em>Shtiler Shtiler<\/em> fue compuesta por Aleksander Volkoviski en el gueto de Vilna en 1943. El joven, un notable pianista a la edad de 11 a\u00f1os, gan\u00f3 un concurso musical organizado por el Consejo Jud\u00edo del Gueto de Vilna escribiendo esta canci\u00f3n de cuna, que r\u00e1pidamente se convirti\u00f3 en una de las canciones favoritas del gueto&#8230; antes de ser liquidado en 1943.<\/li>\n<li><em>Und der Regen rinnt<\/em> es una canci\u00f3n infantil de Ilse Weber, la enfermera jefe de las habitaciones infantiles del campo de Terezin. A menudo cog\u00eda su guitarra y tocaba sus nanas para los peque\u00f1os, como una caricia. Pero esta canci\u00f3n es para su propio hijo, Hanu\u0161&#8230; Antes de que las cosas se le fueran de las manos y se encontrase aqu\u00ed, en este gueto espantoso, con su marido y su peque\u00f1o Tommy, consigui\u00f3 salvar al mayor envi\u00e1ndolo a Suecia&#8230; est\u00e1 muy lejos&#8230; Y los muros son impenetrables&#8230;<\/li>\n<li><em>La r\u00eaverie de Mengele<\/em> (El ensue\u00f1o de Mengele) est\u00e1 inspirado en una historia real. En Auschwitz, el Hauptsturmf\u00fchrer Mengele, que llevaba a cabo atroces experimentos m\u00e9dicos que provocaron la muerte de miles de adultos y ni\u00f1os, pidi\u00f3 a Alma Ros\u00e9, que dirig\u00eda la orquesta femenina del campo, que interpretara el Ensue\u00f1o de Robert Schumann. La absoluta obscenidad de tal elecci\u00f3n inspir\u00f3 a H\u00e9lios Azoulay para crear una pieza musical que contrasta la dulzura de la obra original de Schumann con el horror de los campos de exterminio.<\/li>\n<li><em>Kolysanka dla synka w krematorium<\/em> narra la historia de Aaron Liebeskind, un joven relojero polaco de Bilgoraj, que asiste impotente al asesinato de su esposa Edith y su hijo en el campo de exterminio de Treblinka en 1942. Suplica al guardia del crematorio que le conceda la noche libre para cuidar de su hijo. Mientras el insoportable olor de los cad\u00e1veres as\u00e1ndose flota en el aire, Aaron acuna en sus brazos a su hijo muerto de tres a\u00f1os y le canta una nana&#8230;<\/li>\n<\/ul>\n<p><a href=\"https:\/\/www.amazon.fr\/H%C3%A9lios-Azoulay-lEnsemble-Musique-Incidentale\/dp\/B01N7P4YPE\/ref=sr_1_4?ie=UTF8&amp;qid=1486736073&amp;sr=8-4&amp;keywords=h%C3%A9lios+azoulay\" target=\"_blank\" rel=\"noopener\">Pedir el CD<\/a><\/p>\n\n<div class=\"wp-block-image\">\n<figure class=\"aligncenter size-large\"><img fetchpriority=\"high\" decoding=\"async\" width=\"1024\" height=\"133\" src=\"https:\/\/www.iemj.org\/wp-content\/uploads\/2024\/03\/AUDIO-PLAYER-1024x133.png\" alt=\"\" class=\"wp-image-110610\" srcset=\"https:\/\/www.iemj.org\/wp-content\/uploads\/2024\/03\/AUDIO-PLAYER-1024x133.png 1024w, https:\/\/www.iemj.org\/wp-content\/uploads\/2024\/03\/AUDIO-PLAYER-300x39.png 300w, https:\/\/www.iemj.org\/wp-content\/uploads\/2024\/03\/AUDIO-PLAYER-768x100.png 768w, https:\/\/www.iemj.org\/wp-content\/uploads\/2024\/03\/AUDIO-PLAYER-600x78.png 600w, https:\/\/www.iemj.org\/wp-content\/uploads\/2024\/03\/AUDIO-PLAYER.png 1210w\" sizes=\"(max-width: 1024px) 100vw, 1024px\" \/><\/figure>\n<\/div>\n\n\n<div class=\"wp-block-file\"><a id=\"wp-block-file--media-1279fcb8-6a70-4088-85b9-2fc800d1e970\" href=\"https:\/\/www.iemj.org\/wp-content\/uploads\/2017\/02\/und_der_regen_rinnt_ilse_weber.mp3\">Und der Regen rinnt &#8211; Ilse Weber<\/a><\/div>\n\n\n\n<div class=\"wp-block-file\"><a id=\"wp-block-file--media-e3b55940-9a79-403e-aee5-4bfbb34d4e0e\" href=\"https:\/\/www.iemj.org\/wp-content\/uploads\/2017\/02\/le_30_mai_1431_acte_ii_scene_3_viktor_ullmann.mp3\">Le 30 mai 1431 &#8211; Acte II scene 3 &#8211; Viktor Ullmann<\/a><\/div>\n\n\n\n<div class=\"wp-block-file\"><a id=\"wp-block-file--media-99654ae5-45a6-4047-a31e-a698edd06b9f\" href=\"https:\/\/www.iemj.org\/wp-content\/uploads\/2017\/02\/shtiler_shtiler_aleksander_volkoviski.mp3\">Shtiler Shtiler &#8211; Aleksander Volkoviski<\/a><\/div>\n\n\n\n<div class=\"wp-block-file\"><a id=\"wp-block-file--media-712b29e6-64c2-4157-899e-ba15d074a3bc\" href=\"https:\/\/www.iemj.org\/wp-content\/uploads\/2017\/02\/la_reverie_de_mengele_helios_azoulay.mp3\">La reverie de Mengele &#8211; Helios Azoulay<\/a><\/div>\n\n\n\n<div class=\"wp-block-file\"><a id=\"wp-block-file--media-881e2c55-0fcd-42bc-bbc6-fc0a59e881d9\" href=\"https:\/\/www.iemj.org\/wp-content\/uploads\/2017\/02\/kolysanka_dla_synka_w_krematorium_aaron_liebeskind.mp3\">Kolysanka dla synka w krematorium &#8211; Aaron Liebeskind<\/a><\/div>\n","protected":false},"excerpt":{"rendered":"<p>El m\u00fasico H\u00e9lios Azoulay, reputado especialista e int\u00e9rprete de la m\u00fasica en los campos de concentraci\u00f3n, acaba de publicar un CD titulado Sauv\u00e9e des cendres (Salvado de las cenizas), en<\/p>\n","protected":false},"author":1045,"featured_media":100994,"comment_status":"closed","ping_status":"closed","sticky":false,"template":"","format":"standard","meta":{"_acf_changed":false,"footnotes":""},"categories":[1568,1565],"tags":[],"technique":[],"squelettes":[],"sujet":[],"formation":[],"genre":[],"fonds":[],"tradition":[],"type-de-contenu":[],"interprete-compositeur":[3309],"frise":[],"type-devenement":[],"tableaux-liens-externes":[],"class_list":["post-100993","post","type-post","status-publish","format-standard","has-post-thumbnail","hentry","category-cd-es","category-ultimas-adquisiciones-es","interprete-compositeur-viktor-ullmann-es"],"acf":[],"yoast_head":"<!-- This site is optimized with the Yoast SEO plugin v27.3 - https:\/\/yoast.com\/product\/yoast-seo-wordpress\/ -->\n<title>Sauv\u00e9e des cendres - Institut Europ\u00e9en des Musiques Juives<\/title>\n<meta name=\"robots\" content=\"index, follow, max-snippet:-1, max-image-preview:large, max-video-preview:-1\" \/>\n<link rel=\"canonical\" href=\"https:\/\/www.iemj.org\/es\/sauvee-des-cendres\/\" \/>\n<meta property=\"og:locale\" content=\"es_ES\" \/>\n<meta property=\"og:type\" content=\"article\" \/>\n<meta property=\"og:title\" content=\"Sauv\u00e9e des cendres - Institut Europ\u00e9en des Musiques Juives\" \/>\n<meta property=\"og:description\" content=\"El m\u00fasico H\u00e9lios Azoulay, reputado especialista e int\u00e9rprete de la m\u00fasica en los campos de concentraci\u00f3n, acaba de publicar un CD titulado Sauv\u00e9e des cendres (Salvado de las cenizas), en\" \/>\n<meta property=\"og:url\" content=\"https:\/\/www.iemj.org\/es\/sauvee-des-cendres\/\" \/>\n<meta property=\"og:site_name\" content=\"Institut Europ\u00e9en des Musiques Juives\" \/>\n<meta property=\"article:publisher\" content=\"https:\/\/www.facebook.com\/MusiquesJuives\/\" \/>\n<meta property=\"article:published_time\" content=\"2017-02-14T14:30:58+00:00\" \/>\n<meta property=\"article:modified_time\" content=\"2025-11-02T18:58:05+00:00\" \/>\n<meta property=\"og:image\" content=\"https:\/\/www.iemj.org\/wp-content\/uploads\/2017\/02\/arton2100-e1619344199912.jpg\" \/>\n\t<meta property=\"og:image:width\" content=\"350\" \/>\n\t<meta property=\"og:image:height\" content=\"311\" \/>\n\t<meta property=\"og:image:type\" content=\"image\/jpeg\" \/>\n<meta name=\"author\" content=\"Herv\u00e9 Roten\" \/>\n<meta name=\"twitter:card\" content=\"summary_large_image\" \/>\n<meta name=\"twitter:label1\" content=\"Escrito por\" \/>\n\t<meta name=\"twitter:data1\" content=\"Herv\u00e9 Roten\" \/>\n\t<meta name=\"twitter:label2\" content=\"Tiempo de lectura\" \/>\n\t<meta name=\"twitter:data2\" content=\"4 minutos\" \/>\n<script type=\"application\/ld+json\" class=\"yoast-schema-graph\">{\"@context\":\"https:\\\/\\\/schema.org\",\"@graph\":[{\"@type\":\"Article\",\"@id\":\"https:\\\/\\\/www.iemj.org\\\/es\\\/sauvee-des-cendres\\\/#article\",\"isPartOf\":{\"@id\":\"https:\\\/\\\/www.iemj.org\\\/es\\\/sauvee-des-cendres\\\/\"},\"author\":{\"name\":\"Herv\u00e9 Roten\",\"@id\":\"https:\\\/\\\/www.iemj.org\\\/es\\\/#\\\/schema\\\/person\\\/906134402c29d5c76e7b726261dd4bbd\"},\"headline\":\"Sauv\u00e9e des cendres\",\"datePublished\":\"2017-02-14T14:30:58+00:00\",\"dateModified\":\"2025-11-02T18:58:05+00:00\",\"mainEntityOfPage\":{\"@id\":\"https:\\\/\\\/www.iemj.org\\\/es\\\/sauvee-des-cendres\\\/\"},\"wordCount\":727,\"publisher\":{\"@id\":\"https:\\\/\\\/www.iemj.org\\\/es\\\/#organization\"},\"image\":{\"@id\":\"https:\\\/\\\/www.iemj.org\\\/es\\\/sauvee-des-cendres\\\/#primaryimage\"},\"thumbnailUrl\":\"https:\\\/\\\/www.iemj.org\\\/wp-content\\\/uploads\\\/2017\\\/02\\\/arton2100-e1619344199912.jpg\",\"articleSection\":[\"CD\",\"\u00daltimas adquisiciones\"],\"inLanguage\":\"es\"},{\"@type\":\"WebPage\",\"@id\":\"https:\\\/\\\/www.iemj.org\\\/es\\\/sauvee-des-cendres\\\/\",\"url\":\"https:\\\/\\\/www.iemj.org\\\/es\\\/sauvee-des-cendres\\\/\",\"name\":\"Sauv\u00e9e des cendres - Institut Europ\u00e9en des Musiques Juives\",\"isPartOf\":{\"@id\":\"https:\\\/\\\/www.iemj.org\\\/es\\\/#website\"},\"primaryImageOfPage\":{\"@id\":\"https:\\\/\\\/www.iemj.org\\\/es\\\/sauvee-des-cendres\\\/#primaryimage\"},\"image\":{\"@id\":\"https:\\\/\\\/www.iemj.org\\\/es\\\/sauvee-des-cendres\\\/#primaryimage\"},\"thumbnailUrl\":\"https:\\\/\\\/www.iemj.org\\\/wp-content\\\/uploads\\\/2017\\\/02\\\/arton2100-e1619344199912.jpg\",\"datePublished\":\"2017-02-14T14:30:58+00:00\",\"dateModified\":\"2025-11-02T18:58:05+00:00\",\"breadcrumb\":{\"@id\":\"https:\\\/\\\/www.iemj.org\\\/es\\\/sauvee-des-cendres\\\/#breadcrumb\"},\"inLanguage\":\"es\",\"potentialAction\":[{\"@type\":\"ReadAction\",\"target\":[\"https:\\\/\\\/www.iemj.org\\\/es\\\/sauvee-des-cendres\\\/\"]}]},{\"@type\":\"ImageObject\",\"inLanguage\":\"es\",\"@id\":\"https:\\\/\\\/www.iemj.org\\\/es\\\/sauvee-des-cendres\\\/#primaryimage\",\"url\":\"https:\\\/\\\/www.iemj.org\\\/wp-content\\\/uploads\\\/2017\\\/02\\\/arton2100-e1619344199912.jpg\",\"contentUrl\":\"https:\\\/\\\/www.iemj.org\\\/wp-content\\\/uploads\\\/2017\\\/02\\\/arton2100-e1619344199912.jpg\",\"width\":350,\"height\":311},{\"@type\":\"BreadcrumbList\",\"@id\":\"https:\\\/\\\/www.iemj.org\\\/es\\\/sauvee-des-cendres\\\/#breadcrumb\",\"itemListElement\":[{\"@type\":\"ListItem\",\"position\":1,\"name\":\"Accueil\",\"item\":\"https:\\\/\\\/www.iemj.org\\\/es\\\/\"},{\"@type\":\"ListItem\",\"position\":2,\"name\":\"Sauv\u00e9e des cendres\"}]},{\"@type\":\"WebSite\",\"@id\":\"https:\\\/\\\/www.iemj.org\\\/es\\\/#website\",\"url\":\"https:\\\/\\\/www.iemj.org\\\/es\\\/\",\"name\":\"Institut Europ\u00e9en des Musiques Juives\",\"description\":\"Des traditions musicales \u00e0 la port\u00e9e de tous\",\"publisher\":{\"@id\":\"https:\\\/\\\/www.iemj.org\\\/es\\\/#organization\"},\"potentialAction\":[{\"@type\":\"SearchAction\",\"target\":{\"@type\":\"EntryPoint\",\"urlTemplate\":\"https:\\\/\\\/www.iemj.org\\\/es\\\/?s={search_term_string}\"},\"query-input\":{\"@type\":\"PropertyValueSpecification\",\"valueRequired\":true,\"valueName\":\"search_term_string\"}}],\"inLanguage\":\"es\"},{\"@type\":\"Organization\",\"@id\":\"https:\\\/\\\/www.iemj.org\\\/es\\\/#organization\",\"name\":\"Institut Europ\u00e9en des Musiques Juives\",\"url\":\"https:\\\/\\\/www.iemj.org\\\/es\\\/\",\"logo\":{\"@type\":\"ImageObject\",\"inLanguage\":\"es\",\"@id\":\"https:\\\/\\\/www.iemj.org\\\/es\\\/#\\\/schema\\\/logo\\\/image\\\/\",\"url\":\"https:\\\/\\\/www.iemj.org\\\/wp-content\\\/uploads\\\/2021\\\/09\\\/Logo-IEMJ-Paypal.jpg\",\"contentUrl\":\"https:\\\/\\\/www.iemj.org\\\/wp-content\\\/uploads\\\/2021\\\/09\\\/Logo-IEMJ-Paypal.jpg\",\"width\":150,\"height\":50,\"caption\":\"Institut Europ\u00e9en des Musiques Juives\"},\"image\":{\"@id\":\"https:\\\/\\\/www.iemj.org\\\/es\\\/#\\\/schema\\\/logo\\\/image\\\/\"},\"sameAs\":[\"https:\\\/\\\/www.facebook.com\\\/MusiquesJuives\\\/\",\"https:\\\/\\\/www.instagram.com\\\/musiquesjuives\\\/\",\"https:\\\/\\\/www.youtube.com\\\/user\\\/musiquesjuives\"]},{\"@type\":\"Person\",\"@id\":\"https:\\\/\\\/www.iemj.org\\\/es\\\/#\\\/schema\\\/person\\\/906134402c29d5c76e7b726261dd4bbd\",\"name\":\"Herv\u00e9 Roten\",\"image\":{\"@type\":\"ImageObject\",\"inLanguage\":\"es\",\"@id\":\"https:\\\/\\\/secure.gravatar.com\\\/avatar\\\/f96ad2db538a26481f18384936b5cd0610c92d390c4dc382209216d455f685ff?s=96&d=mm&r=g\",\"url\":\"https:\\\/\\\/secure.gravatar.com\\\/avatar\\\/f96ad2db538a26481f18384936b5cd0610c92d390c4dc382209216d455f685ff?s=96&d=mm&r=g\",\"contentUrl\":\"https:\\\/\\\/secure.gravatar.com\\\/avatar\\\/f96ad2db538a26481f18384936b5cd0610c92d390c4dc382209216d455f685ff?s=96&d=mm&r=g\",\"caption\":\"Herv\u00e9 Roten\"}}]}<\/script>\n<!-- \/ Yoast SEO plugin. -->","yoast_head_json":{"title":"Sauv\u00e9e des cendres - Institut Europ\u00e9en des Musiques Juives","robots":{"index":"index","follow":"follow","max-snippet":"max-snippet:-1","max-image-preview":"max-image-preview:large","max-video-preview":"max-video-preview:-1"},"canonical":"https:\/\/www.iemj.org\/es\/sauvee-des-cendres\/","og_locale":"es_ES","og_type":"article","og_title":"Sauv\u00e9e des cendres - Institut Europ\u00e9en des Musiques Juives","og_description":"El m\u00fasico H\u00e9lios Azoulay, reputado especialista e int\u00e9rprete de la m\u00fasica en los campos de concentraci\u00f3n, acaba de publicar un CD titulado Sauv\u00e9e des cendres (Salvado de las cenizas), en","og_url":"https:\/\/www.iemj.org\/es\/sauvee-des-cendres\/","og_site_name":"Institut Europ\u00e9en des Musiques Juives","article_publisher":"https:\/\/www.facebook.com\/MusiquesJuives\/","article_published_time":"2017-02-14T14:30:58+00:00","article_modified_time":"2025-11-02T18:58:05+00:00","og_image":[{"width":350,"height":311,"url":"https:\/\/www.iemj.org\/wp-content\/uploads\/2017\/02\/arton2100-e1619344199912.jpg","type":"image\/jpeg"}],"author":"Herv\u00e9 Roten","twitter_card":"summary_large_image","twitter_misc":{"Escrito por":"Herv\u00e9 Roten","Tiempo de lectura":"4 minutos"},"schema":{"@context":"https:\/\/schema.org","@graph":[{"@type":"Article","@id":"https:\/\/www.iemj.org\/es\/sauvee-des-cendres\/#article","isPartOf":{"@id":"https:\/\/www.iemj.org\/es\/sauvee-des-cendres\/"},"author":{"name":"Herv\u00e9 Roten","@id":"https:\/\/www.iemj.org\/es\/#\/schema\/person\/906134402c29d5c76e7b726261dd4bbd"},"headline":"Sauv\u00e9e des cendres","datePublished":"2017-02-14T14:30:58+00:00","dateModified":"2025-11-02T18:58:05+00:00","mainEntityOfPage":{"@id":"https:\/\/www.iemj.org\/es\/sauvee-des-cendres\/"},"wordCount":727,"publisher":{"@id":"https:\/\/www.iemj.org\/es\/#organization"},"image":{"@id":"https:\/\/www.iemj.org\/es\/sauvee-des-cendres\/#primaryimage"},"thumbnailUrl":"https:\/\/www.iemj.org\/wp-content\/uploads\/2017\/02\/arton2100-e1619344199912.jpg","articleSection":["CD","\u00daltimas adquisiciones"],"inLanguage":"es"},{"@type":"WebPage","@id":"https:\/\/www.iemj.org\/es\/sauvee-des-cendres\/","url":"https:\/\/www.iemj.org\/es\/sauvee-des-cendres\/","name":"Sauv\u00e9e des cendres - Institut Europ\u00e9en des Musiques Juives","isPartOf":{"@id":"https:\/\/www.iemj.org\/es\/#website"},"primaryImageOfPage":{"@id":"https:\/\/www.iemj.org\/es\/sauvee-des-cendres\/#primaryimage"},"image":{"@id":"https:\/\/www.iemj.org\/es\/sauvee-des-cendres\/#primaryimage"},"thumbnailUrl":"https:\/\/www.iemj.org\/wp-content\/uploads\/2017\/02\/arton2100-e1619344199912.jpg","datePublished":"2017-02-14T14:30:58+00:00","dateModified":"2025-11-02T18:58:05+00:00","breadcrumb":{"@id":"https:\/\/www.iemj.org\/es\/sauvee-des-cendres\/#breadcrumb"},"inLanguage":"es","potentialAction":[{"@type":"ReadAction","target":["https:\/\/www.iemj.org\/es\/sauvee-des-cendres\/"]}]},{"@type":"ImageObject","inLanguage":"es","@id":"https:\/\/www.iemj.org\/es\/sauvee-des-cendres\/#primaryimage","url":"https:\/\/www.iemj.org\/wp-content\/uploads\/2017\/02\/arton2100-e1619344199912.jpg","contentUrl":"https:\/\/www.iemj.org\/wp-content\/uploads\/2017\/02\/arton2100-e1619344199912.jpg","width":350,"height":311},{"@type":"BreadcrumbList","@id":"https:\/\/www.iemj.org\/es\/sauvee-des-cendres\/#breadcrumb","itemListElement":[{"@type":"ListItem","position":1,"name":"Accueil","item":"https:\/\/www.iemj.org\/es\/"},{"@type":"ListItem","position":2,"name":"Sauv\u00e9e des cendres"}]},{"@type":"WebSite","@id":"https:\/\/www.iemj.org\/es\/#website","url":"https:\/\/www.iemj.org\/es\/","name":"Institut Europ\u00e9en des Musiques Juives","description":"Des traditions musicales \u00e0 la port\u00e9e de tous","publisher":{"@id":"https:\/\/www.iemj.org\/es\/#organization"},"potentialAction":[{"@type":"SearchAction","target":{"@type":"EntryPoint","urlTemplate":"https:\/\/www.iemj.org\/es\/?s={search_term_string}"},"query-input":{"@type":"PropertyValueSpecification","valueRequired":true,"valueName":"search_term_string"}}],"inLanguage":"es"},{"@type":"Organization","@id":"https:\/\/www.iemj.org\/es\/#organization","name":"Institut Europ\u00e9en des Musiques Juives","url":"https:\/\/www.iemj.org\/es\/","logo":{"@type":"ImageObject","inLanguage":"es","@id":"https:\/\/www.iemj.org\/es\/#\/schema\/logo\/image\/","url":"https:\/\/www.iemj.org\/wp-content\/uploads\/2021\/09\/Logo-IEMJ-Paypal.jpg","contentUrl":"https:\/\/www.iemj.org\/wp-content\/uploads\/2021\/09\/Logo-IEMJ-Paypal.jpg","width":150,"height":50,"caption":"Institut Europ\u00e9en des Musiques Juives"},"image":{"@id":"https:\/\/www.iemj.org\/es\/#\/schema\/logo\/image\/"},"sameAs":["https:\/\/www.facebook.com\/MusiquesJuives\/","https:\/\/www.instagram.com\/musiquesjuives\/","https:\/\/www.youtube.com\/user\/musiquesjuives"]},{"@type":"Person","@id":"https:\/\/www.iemj.org\/es\/#\/schema\/person\/906134402c29d5c76e7b726261dd4bbd","name":"Herv\u00e9 Roten","image":{"@type":"ImageObject","inLanguage":"es","@id":"https:\/\/secure.gravatar.com\/avatar\/f96ad2db538a26481f18384936b5cd0610c92d390c4dc382209216d455f685ff?s=96&d=mm&r=g","url":"https:\/\/secure.gravatar.com\/avatar\/f96ad2db538a26481f18384936b5cd0610c92d390c4dc382209216d455f685ff?s=96&d=mm&r=g","contentUrl":"https:\/\/secure.gravatar.com\/avatar\/f96ad2db538a26481f18384936b5cd0610c92d390c4dc382209216d455f685ff?s=96&d=mm&r=g","caption":"Herv\u00e9 Roten"}}]}},"_links":{"self":[{"href":"https:\/\/www.iemj.org\/es\/wp-json\/wp\/v2\/posts\/100993","targetHints":{"allow":["GET"]}}],"collection":[{"href":"https:\/\/www.iemj.org\/es\/wp-json\/wp\/v2\/posts"}],"about":[{"href":"https:\/\/www.iemj.org\/es\/wp-json\/wp\/v2\/types\/post"}],"author":[{"embeddable":true,"href":"https:\/\/www.iemj.org\/es\/wp-json\/wp\/v2\/users\/1045"}],"replies":[{"embeddable":true,"href":"https:\/\/www.iemj.org\/es\/wp-json\/wp\/v2\/comments?post=100993"}],"version-history":[{"count":1,"href":"https:\/\/www.iemj.org\/es\/wp-json\/wp\/v2\/posts\/100993\/revisions"}],"predecessor-version":[{"id":127889,"href":"https:\/\/www.iemj.org\/es\/wp-json\/wp\/v2\/posts\/100993\/revisions\/127889"}],"wp:featuredmedia":[{"embeddable":true,"href":"https:\/\/www.iemj.org\/es\/wp-json\/wp\/v2\/media\/100994"}],"wp:attachment":[{"href":"https:\/\/www.iemj.org\/es\/wp-json\/wp\/v2\/media?parent=100993"}],"wp:term":[{"taxonomy":"category","embeddable":true,"href":"https:\/\/www.iemj.org\/es\/wp-json\/wp\/v2\/categories?post=100993"},{"taxonomy":"post_tag","embeddable":true,"href":"https:\/\/www.iemj.org\/es\/wp-json\/wp\/v2\/tags?post=100993"},{"taxonomy":"technique","embeddable":true,"href":"https:\/\/www.iemj.org\/es\/wp-json\/wp\/v2\/technique?post=100993"},{"taxonomy":"squelettes","embeddable":true,"href":"https:\/\/www.iemj.org\/es\/wp-json\/wp\/v2\/squelettes?post=100993"},{"taxonomy":"sujet","embeddable":true,"href":"https:\/\/www.iemj.org\/es\/wp-json\/wp\/v2\/sujet?post=100993"},{"taxonomy":"formation","embeddable":true,"href":"https:\/\/www.iemj.org\/es\/wp-json\/wp\/v2\/formation?post=100993"},{"taxonomy":"genre","embeddable":true,"href":"https:\/\/www.iemj.org\/es\/wp-json\/wp\/v2\/genre?post=100993"},{"taxonomy":"fonds","embeddable":true,"href":"https:\/\/www.iemj.org\/es\/wp-json\/wp\/v2\/fonds?post=100993"},{"taxonomy":"tradition","embeddable":true,"href":"https:\/\/www.iemj.org\/es\/wp-json\/wp\/v2\/tradition?post=100993"},{"taxonomy":"type-de-contenu","embeddable":true,"href":"https:\/\/www.iemj.org\/es\/wp-json\/wp\/v2\/type-de-contenu?post=100993"},{"taxonomy":"interprete-compositeur","embeddable":true,"href":"https:\/\/www.iemj.org\/es\/wp-json\/wp\/v2\/interprete-compositeur?post=100993"},{"taxonomy":"frise","embeddable":true,"href":"https:\/\/www.iemj.org\/es\/wp-json\/wp\/v2\/frise?post=100993"},{"taxonomy":"type-devenement","embeddable":true,"href":"https:\/\/www.iemj.org\/es\/wp-json\/wp\/v2\/type-devenement?post=100993"},{"taxonomy":"tableaux-liens-externes","embeddable":true,"href":"https:\/\/www.iemj.org\/es\/wp-json\/wp\/v2\/tableaux-liens-externes?post=100993"}],"curies":[{"name":"wp","href":"https:\/\/api.w.org\/{rel}","templated":true}]}}