{"id":101349,"date":"2016-09-05T11:30:56","date_gmt":"2016-09-05T09:30:56","guid":{"rendered":"https:\/\/www.iemj.org\/albert-cahen-danvers\/"},"modified":"2025-10-20T17:18:36","modified_gmt":"2025-10-20T15:18:36","slug":"albert-cahen-danvers","status":"publish","type":"post","link":"https:\/\/www.iemj.org\/es\/albert-cahen-danvers\/","title":{"rendered":"Albert Cahen d&#8217;Anvers"},"content":{"rendered":"<p>Alumno aplicado de C\u00e9sar Franck, <a href=\"https:\/\/www.iemj.org\/es\/cahen-danvers-albert-1846-1903\/\" target=\"_blank\" rel=\"noopener\">Albert Cahen d&#8217;Anvers (1846-1903)<\/a> -al igual que <a href=\"https:\/\/www.iemj.org\/es\/halphen-fernand-1872-1917\/\" target=\"_blank\" rel=\"noopener\">Fernand Halphen (1872-1917)<\/a>&#8211; proced\u00eda de una familia de banqueros. Ignorado por su propia familia y despreciado por los m\u00fasicos debido a su riqueza financiera, su obra musical ha ca\u00eddo injustamente en el olvido.<\/p>\n<p>Despu\u00e9s de su nombramiento como conservador del castillo de Champs-sur-Marne (a 16 km al este de Par\u00eds), Jean-Claude Menou descubri\u00f3 en el desv\u00e1n del edificio un piano de cola Erard de 1874 y, gracias a sus investigaciones (que incluyeron algunas partituras de la Biblioteca de Versalles), dio a la obra de Albert Cahen d&#8217;Anvers todo el valor que merec\u00eda.<\/p>\n<p>Esta grabaci\u00f3n se realiz\u00f3 en el piano Erard de Cahen d&#8217;Anvers, restaurado a petici\u00f3n de Jean-Claude Menou, y en la sala de m\u00fasica de la casa familiar, el Ch\u00e2teau de Champs sur Marne, cerca de Par\u00eds.<\/p>\n<p><img fetchpriority=\"high\" decoding=\"async\" class=\" wp-image-11468 alignright\" src=\"https:\/\/www.iemj.org\/wp-content\/uploads\/2016\/09\/couv4_albert_cahen_d_anvers_redim.jpg\" alt=\"couv4_albert_cahen_d_anvers_redim.jpg\" width=\"415\" height=\"361\" align=\"center\" srcset=\"https:\/\/www.iemj.org\/wp-content\/uploads\/2016\/09\/couv4_albert_cahen_d_anvers_redim.jpg 500w, https:\/\/www.iemj.org\/wp-content\/uploads\/2016\/09\/couv4_albert_cahen_d_anvers_redim-300x261.jpg 300w\" sizes=\"(max-width: 415px) 100vw, 415px\" \/><\/p>\n<p>Incluye tres piezas para piano, as\u00ed como una veintena de canciones (una de ellas con flauta), muy bien interpretadas por <strong>Fran\u00e7oise Masset<\/strong> (mezzo), <strong>Christophe Crapez<\/strong> (tenor), <strong>Nicolas Boyer<\/strong> (piano) y <strong>St\u00e9phane Limonaire<\/strong> (flauta), sobre poemas de Alfred de Musset, Victor Hugo, Lucien Pat\u00e9, Paul Bourget y Maurice Bouchor&#8230;<\/p>\n<p><a href=\"http:\/\/www.maguelone.fr\/fr\/melodiste-francais\/29-albert-cahen-d-anvers-melodies.html\" target=\"_blank\" rel=\"noopener\">Pedir el CD<\/a><\/p>\n\n\n<figure class=\"wp-block-image size-large\"><img decoding=\"async\" width=\"1024\" height=\"133\" src=\"https:\/\/www.iemj.org\/wp-content\/uploads\/2024\/03\/AUDIO-PLAYER-1024x133.png\" alt=\"\" class=\"wp-image-110610\" srcset=\"https:\/\/www.iemj.org\/wp-content\/uploads\/2024\/03\/AUDIO-PLAYER-1024x133.png 1024w, https:\/\/www.iemj.org\/wp-content\/uploads\/2024\/03\/AUDIO-PLAYER-300x39.png 300w, https:\/\/www.iemj.org\/wp-content\/uploads\/2024\/03\/AUDIO-PLAYER-768x100.png 768w, https:\/\/www.iemj.org\/wp-content\/uploads\/2024\/03\/AUDIO-PLAYER-600x78.png 600w, https:\/\/www.iemj.org\/wp-content\/uploads\/2024\/03\/AUDIO-PLAYER.png 1210w\" sizes=\"(max-width: 1024px) 100vw, 1024px\" \/><\/figure>\n\n\n\n<div class=\"wp-block-file\"><a id=\"wp-block-file--media-ad5ecf91-39c8-496a-b022-3047a54974a9\" href=\"https:\/\/www.iemj.org\/wp-content\/uploads\/2016\/09\/cd_835_01_ex.mp3\">C\u00e9sar Franck : Lied (L. Pat\u00e9)<\/a><\/div>\n\n\n\n<div class=\"wp-block-file\"><a id=\"wp-block-file--media-eaf78017-14df-4700-bae0-52439e569924\" href=\"https:\/\/www.iemj.org\/wp-content\/uploads\/2016\/09\/cd_835_02_ex.mp3\">Son \u00e2me (L. Pat\u00e9)<\/a><\/div>\n\n\n\n<div class=\"wp-block-file\"><a id=\"wp-block-file--media-ce268884-6cdc-4c73-a47f-5efadc23dc23\" href=\"https:\/\/www.iemj.org\/wp-content\/uploads\/2016\/09\/cd_835_03_ex.mp3\">Lied (L. Pat\u00e9)<\/a><\/div>\n\n\n\n<div class=\"wp-block-file\"><a id=\"wp-block-file--media-4ce07093-308f-4e23-88f7-dba186b0cbaa\" href=\"https:\/\/www.iemj.org\/wp-content\/uploads\/2016\/09\/cd_835_04_ex.mp3\">Polka pour piano<\/a><\/div>\n\n\n\n<div class=\"wp-block-file\"><a id=\"wp-block-file--media-f443f492-ddc9-4b2b-a343-0c0d87b80525\" href=\"https:\/\/www.iemj.org\/wp-content\/uploads\/2016\/09\/cd_835_07_ex.mp3\">Chanson (A. de Musset)<\/a><\/div>\n\n\n\n<div class=\"wp-block-file\"><a id=\"wp-block-file--media-6e3f0d89-014f-450d-89a0-bd4fb7d8b922\" href=\"https:\/\/www.iemj.org\/wp-content\/uploads\/2016\/09\/cd_835_14_ex.mp3\">Ferme les yeux ! (M.B.)<\/a><\/div>\n\n\n\n<div class=\"wp-block-file\"><a id=\"wp-block-file--media-54eb4ed1-4da8-4d30-b179-b345c690dcca\" href=\"https:\/\/www.iemj.org\/wp-content\/uploads\/2016\/09\/cd_835_25_ex.mp3\">Gloire \u00e0 Dieu<\/a><\/div>\n","protected":false},"excerpt":{"rendered":"<p>Alumno aplicado de C\u00e9sar Franck, Albert Cahen d&#8217;Anvers (1846-1903) -al igual que Fernand Halphen (1872-1917)&#8211; proced\u00eda de una familia de banqueros. Ignorado por su propia familia y despreciado por los<\/p>\n","protected":false},"author":5,"featured_media":101350,"comment_status":"closed","ping_status":"closed","sticky":false,"template":"","format":"standard","meta":{"_acf_changed":false,"footnotes":""},"categories":[1568,1565],"tags":[],"technique":[],"squelettes":[],"sujet":[],"formation":[],"genre":[1899],"fonds":[],"tradition":[],"type-de-contenu":[],"interprete-compositeur":[],"frise":[],"type-devenement":[],"tableaux-liens-externes":[],"class_list":["post-101349","post","type-post","status-publish","format-standard","has-post-thumbnail","hentry","category-cd-es","category-ultimas-adquisiciones-es","genre-musica-clasica-es"],"acf":[],"yoast_head":"<!-- This site is optimized with the Yoast SEO plugin v27.3 - https:\/\/yoast.com\/product\/yoast-seo-wordpress\/ -->\n<title>Albert Cahen d&#039;Anvers - Institut Europ\u00e9en des Musiques Juives<\/title>\n<meta name=\"robots\" content=\"index, follow, max-snippet:-1, max-image-preview:large, max-video-preview:-1\" \/>\n<link rel=\"canonical\" href=\"https:\/\/www.iemj.org\/es\/albert-cahen-danvers\/\" \/>\n<meta property=\"og:locale\" content=\"es_ES\" \/>\n<meta property=\"og:type\" content=\"article\" \/>\n<meta property=\"og:title\" content=\"Albert Cahen d&#039;Anvers - Institut Europ\u00e9en des Musiques Juives\" \/>\n<meta property=\"og:description\" content=\"Alumno aplicado de C\u00e9sar Franck, Albert Cahen d&#8217;Anvers (1846-1903) -al igual que Fernand Halphen (1872-1917)&#8211; proced\u00eda de una familia de banqueros. Ignorado por su propia familia y despreciado por los\" \/>\n<meta property=\"og:url\" content=\"https:\/\/www.iemj.org\/es\/albert-cahen-danvers\/\" \/>\n<meta property=\"og:site_name\" content=\"Institut Europ\u00e9en des Musiques Juives\" \/>\n<meta property=\"article:publisher\" content=\"https:\/\/www.facebook.com\/MusiquesJuives\/\" \/>\n<meta property=\"article:published_time\" content=\"2016-09-05T09:30:56+00:00\" \/>\n<meta property=\"article:modified_time\" content=\"2025-10-20T15:18:36+00:00\" \/>\n<meta property=\"og:image\" content=\"https:\/\/www.iemj.org\/wp-content\/uploads\/2016\/09\/arton1829-e1619348835778.jpg\" \/>\n\t<meta property=\"og:image:width\" content=\"350\" \/>\n\t<meta property=\"og:image:height\" content=\"336\" \/>\n\t<meta property=\"og:image:type\" content=\"image\/jpeg\" \/>\n<meta name=\"author\" content=\"Jacqueline ROTEN\" \/>\n<meta name=\"twitter:card\" content=\"summary_large_image\" \/>\n<meta name=\"twitter:label1\" content=\"Escrito por\" \/>\n\t<meta name=\"twitter:data1\" content=\"Jacqueline ROTEN\" \/>\n\t<meta name=\"twitter:label2\" content=\"Tiempo de lectura\" \/>\n\t<meta name=\"twitter:data2\" content=\"2 minutos\" \/>\n<script type=\"application\/ld+json\" class=\"yoast-schema-graph\">{\"@context\":\"https:\\\/\\\/schema.org\",\"@graph\":[{\"@type\":\"Article\",\"@id\":\"https:\\\/\\\/www.iemj.org\\\/es\\\/albert-cahen-danvers\\\/#article\",\"isPartOf\":{\"@id\":\"https:\\\/\\\/www.iemj.org\\\/es\\\/albert-cahen-danvers\\\/\"},\"author\":{\"name\":\"Jacqueline ROTEN\",\"@id\":\"https:\\\/\\\/www.iemj.org\\\/es\\\/#\\\/schema\\\/person\\\/358e26c18aca017fcc4cc15437f7279c\"},\"headline\":\"Albert Cahen d&#8217;Anvers\",\"datePublished\":\"2016-09-05T09:30:56+00:00\",\"dateModified\":\"2025-10-20T15:18:36+00:00\",\"mainEntityOfPage\":{\"@id\":\"https:\\\/\\\/www.iemj.org\\\/es\\\/albert-cahen-danvers\\\/\"},\"wordCount\":239,\"publisher\":{\"@id\":\"https:\\\/\\\/www.iemj.org\\\/es\\\/#organization\"},\"image\":{\"@id\":\"https:\\\/\\\/www.iemj.org\\\/es\\\/albert-cahen-danvers\\\/#primaryimage\"},\"thumbnailUrl\":\"https:\\\/\\\/www.iemj.org\\\/wp-content\\\/uploads\\\/2016\\\/09\\\/arton1829-e1619348835778.jpg\",\"articleSection\":[\"CD\",\"\u00daltimas adquisiciones\"],\"inLanguage\":\"es\"},{\"@type\":\"WebPage\",\"@id\":\"https:\\\/\\\/www.iemj.org\\\/es\\\/albert-cahen-danvers\\\/\",\"url\":\"https:\\\/\\\/www.iemj.org\\\/es\\\/albert-cahen-danvers\\\/\",\"name\":\"Albert Cahen d'Anvers - Institut Europ\u00e9en des Musiques Juives\",\"isPartOf\":{\"@id\":\"https:\\\/\\\/www.iemj.org\\\/es\\\/#website\"},\"primaryImageOfPage\":{\"@id\":\"https:\\\/\\\/www.iemj.org\\\/es\\\/albert-cahen-danvers\\\/#primaryimage\"},\"image\":{\"@id\":\"https:\\\/\\\/www.iemj.org\\\/es\\\/albert-cahen-danvers\\\/#primaryimage\"},\"thumbnailUrl\":\"https:\\\/\\\/www.iemj.org\\\/wp-content\\\/uploads\\\/2016\\\/09\\\/arton1829-e1619348835778.jpg\",\"datePublished\":\"2016-09-05T09:30:56+00:00\",\"dateModified\":\"2025-10-20T15:18:36+00:00\",\"breadcrumb\":{\"@id\":\"https:\\\/\\\/www.iemj.org\\\/es\\\/albert-cahen-danvers\\\/#breadcrumb\"},\"inLanguage\":\"es\",\"potentialAction\":[{\"@type\":\"ReadAction\",\"target\":[\"https:\\\/\\\/www.iemj.org\\\/es\\\/albert-cahen-danvers\\\/\"]}]},{\"@type\":\"ImageObject\",\"inLanguage\":\"es\",\"@id\":\"https:\\\/\\\/www.iemj.org\\\/es\\\/albert-cahen-danvers\\\/#primaryimage\",\"url\":\"https:\\\/\\\/www.iemj.org\\\/wp-content\\\/uploads\\\/2016\\\/09\\\/arton1829-e1619348835778.jpg\",\"contentUrl\":\"https:\\\/\\\/www.iemj.org\\\/wp-content\\\/uploads\\\/2016\\\/09\\\/arton1829-e1619348835778.jpg\",\"width\":350,\"height\":336},{\"@type\":\"BreadcrumbList\",\"@id\":\"https:\\\/\\\/www.iemj.org\\\/es\\\/albert-cahen-danvers\\\/#breadcrumb\",\"itemListElement\":[{\"@type\":\"ListItem\",\"position\":1,\"name\":\"Accueil\",\"item\":\"https:\\\/\\\/www.iemj.org\\\/es\\\/\"},{\"@type\":\"ListItem\",\"position\":2,\"name\":\"Albert Cahen d&rsquo;Anvers\"}]},{\"@type\":\"WebSite\",\"@id\":\"https:\\\/\\\/www.iemj.org\\\/es\\\/#website\",\"url\":\"https:\\\/\\\/www.iemj.org\\\/es\\\/\",\"name\":\"Institut Europ\u00e9en des Musiques Juives\",\"description\":\"Des traditions musicales \u00e0 la port\u00e9e de tous\",\"publisher\":{\"@id\":\"https:\\\/\\\/www.iemj.org\\\/es\\\/#organization\"},\"potentialAction\":[{\"@type\":\"SearchAction\",\"target\":{\"@type\":\"EntryPoint\",\"urlTemplate\":\"https:\\\/\\\/www.iemj.org\\\/es\\\/?s={search_term_string}\"},\"query-input\":{\"@type\":\"PropertyValueSpecification\",\"valueRequired\":true,\"valueName\":\"search_term_string\"}}],\"inLanguage\":\"es\"},{\"@type\":\"Organization\",\"@id\":\"https:\\\/\\\/www.iemj.org\\\/es\\\/#organization\",\"name\":\"Institut Europ\u00e9en des Musiques Juives\",\"url\":\"https:\\\/\\\/www.iemj.org\\\/es\\\/\",\"logo\":{\"@type\":\"ImageObject\",\"inLanguage\":\"es\",\"@id\":\"https:\\\/\\\/www.iemj.org\\\/es\\\/#\\\/schema\\\/logo\\\/image\\\/\",\"url\":\"https:\\\/\\\/www.iemj.org\\\/wp-content\\\/uploads\\\/2021\\\/09\\\/Logo-IEMJ-Paypal.jpg\",\"contentUrl\":\"https:\\\/\\\/www.iemj.org\\\/wp-content\\\/uploads\\\/2021\\\/09\\\/Logo-IEMJ-Paypal.jpg\",\"width\":150,\"height\":50,\"caption\":\"Institut Europ\u00e9en des Musiques Juives\"},\"image\":{\"@id\":\"https:\\\/\\\/www.iemj.org\\\/es\\\/#\\\/schema\\\/logo\\\/image\\\/\"},\"sameAs\":[\"https:\\\/\\\/www.facebook.com\\\/MusiquesJuives\\\/\",\"https:\\\/\\\/www.instagram.com\\\/musiquesjuives\\\/\",\"https:\\\/\\\/www.youtube.com\\\/user\\\/musiquesjuives\"]},{\"@type\":\"Person\",\"@id\":\"https:\\\/\\\/www.iemj.org\\\/es\\\/#\\\/schema\\\/person\\\/358e26c18aca017fcc4cc15437f7279c\",\"name\":\"Jacqueline ROTEN\",\"image\":{\"@type\":\"ImageObject\",\"inLanguage\":\"es\",\"@id\":\"https:\\\/\\\/secure.gravatar.com\\\/avatar\\\/5964256d6c6957de3a3505278957e0fb2a35119ac47ea41827a65301213c810b?s=96&d=mm&r=g\",\"url\":\"https:\\\/\\\/secure.gravatar.com\\\/avatar\\\/5964256d6c6957de3a3505278957e0fb2a35119ac47ea41827a65301213c810b?s=96&d=mm&r=g\",\"contentUrl\":\"https:\\\/\\\/secure.gravatar.com\\\/avatar\\\/5964256d6c6957de3a3505278957e0fb2a35119ac47ea41827a65301213c810b?s=96&d=mm&r=g\",\"caption\":\"Jacqueline ROTEN\"}}]}<\/script>\n<!-- \/ Yoast SEO plugin. -->","yoast_head_json":{"title":"Albert Cahen d'Anvers - Institut Europ\u00e9en des Musiques Juives","robots":{"index":"index","follow":"follow","max-snippet":"max-snippet:-1","max-image-preview":"max-image-preview:large","max-video-preview":"max-video-preview:-1"},"canonical":"https:\/\/www.iemj.org\/es\/albert-cahen-danvers\/","og_locale":"es_ES","og_type":"article","og_title":"Albert Cahen d'Anvers - Institut Europ\u00e9en des Musiques Juives","og_description":"Alumno aplicado de C\u00e9sar Franck, Albert Cahen d&#8217;Anvers (1846-1903) -al igual que Fernand Halphen (1872-1917)&#8211; proced\u00eda de una familia de banqueros. Ignorado por su propia familia y despreciado por los","og_url":"https:\/\/www.iemj.org\/es\/albert-cahen-danvers\/","og_site_name":"Institut Europ\u00e9en des Musiques Juives","article_publisher":"https:\/\/www.facebook.com\/MusiquesJuives\/","article_published_time":"2016-09-05T09:30:56+00:00","article_modified_time":"2025-10-20T15:18:36+00:00","og_image":[{"width":350,"height":336,"url":"https:\/\/www.iemj.org\/wp-content\/uploads\/2016\/09\/arton1829-e1619348835778.jpg","type":"image\/jpeg"}],"author":"Jacqueline ROTEN","twitter_card":"summary_large_image","twitter_misc":{"Escrito por":"Jacqueline ROTEN","Tiempo de lectura":"2 minutos"},"schema":{"@context":"https:\/\/schema.org","@graph":[{"@type":"Article","@id":"https:\/\/www.iemj.org\/es\/albert-cahen-danvers\/#article","isPartOf":{"@id":"https:\/\/www.iemj.org\/es\/albert-cahen-danvers\/"},"author":{"name":"Jacqueline ROTEN","@id":"https:\/\/www.iemj.org\/es\/#\/schema\/person\/358e26c18aca017fcc4cc15437f7279c"},"headline":"Albert Cahen d&#8217;Anvers","datePublished":"2016-09-05T09:30:56+00:00","dateModified":"2025-10-20T15:18:36+00:00","mainEntityOfPage":{"@id":"https:\/\/www.iemj.org\/es\/albert-cahen-danvers\/"},"wordCount":239,"publisher":{"@id":"https:\/\/www.iemj.org\/es\/#organization"},"image":{"@id":"https:\/\/www.iemj.org\/es\/albert-cahen-danvers\/#primaryimage"},"thumbnailUrl":"https:\/\/www.iemj.org\/wp-content\/uploads\/2016\/09\/arton1829-e1619348835778.jpg","articleSection":["CD","\u00daltimas adquisiciones"],"inLanguage":"es"},{"@type":"WebPage","@id":"https:\/\/www.iemj.org\/es\/albert-cahen-danvers\/","url":"https:\/\/www.iemj.org\/es\/albert-cahen-danvers\/","name":"Albert Cahen d'Anvers - Institut Europ\u00e9en des Musiques Juives","isPartOf":{"@id":"https:\/\/www.iemj.org\/es\/#website"},"primaryImageOfPage":{"@id":"https:\/\/www.iemj.org\/es\/albert-cahen-danvers\/#primaryimage"},"image":{"@id":"https:\/\/www.iemj.org\/es\/albert-cahen-danvers\/#primaryimage"},"thumbnailUrl":"https:\/\/www.iemj.org\/wp-content\/uploads\/2016\/09\/arton1829-e1619348835778.jpg","datePublished":"2016-09-05T09:30:56+00:00","dateModified":"2025-10-20T15:18:36+00:00","breadcrumb":{"@id":"https:\/\/www.iemj.org\/es\/albert-cahen-danvers\/#breadcrumb"},"inLanguage":"es","potentialAction":[{"@type":"ReadAction","target":["https:\/\/www.iemj.org\/es\/albert-cahen-danvers\/"]}]},{"@type":"ImageObject","inLanguage":"es","@id":"https:\/\/www.iemj.org\/es\/albert-cahen-danvers\/#primaryimage","url":"https:\/\/www.iemj.org\/wp-content\/uploads\/2016\/09\/arton1829-e1619348835778.jpg","contentUrl":"https:\/\/www.iemj.org\/wp-content\/uploads\/2016\/09\/arton1829-e1619348835778.jpg","width":350,"height":336},{"@type":"BreadcrumbList","@id":"https:\/\/www.iemj.org\/es\/albert-cahen-danvers\/#breadcrumb","itemListElement":[{"@type":"ListItem","position":1,"name":"Accueil","item":"https:\/\/www.iemj.org\/es\/"},{"@type":"ListItem","position":2,"name":"Albert Cahen d&rsquo;Anvers"}]},{"@type":"WebSite","@id":"https:\/\/www.iemj.org\/es\/#website","url":"https:\/\/www.iemj.org\/es\/","name":"Institut Europ\u00e9en des Musiques Juives","description":"Des traditions musicales \u00e0 la port\u00e9e de tous","publisher":{"@id":"https:\/\/www.iemj.org\/es\/#organization"},"potentialAction":[{"@type":"SearchAction","target":{"@type":"EntryPoint","urlTemplate":"https:\/\/www.iemj.org\/es\/?s={search_term_string}"},"query-input":{"@type":"PropertyValueSpecification","valueRequired":true,"valueName":"search_term_string"}}],"inLanguage":"es"},{"@type":"Organization","@id":"https:\/\/www.iemj.org\/es\/#organization","name":"Institut Europ\u00e9en des Musiques Juives","url":"https:\/\/www.iemj.org\/es\/","logo":{"@type":"ImageObject","inLanguage":"es","@id":"https:\/\/www.iemj.org\/es\/#\/schema\/logo\/image\/","url":"https:\/\/www.iemj.org\/wp-content\/uploads\/2021\/09\/Logo-IEMJ-Paypal.jpg","contentUrl":"https:\/\/www.iemj.org\/wp-content\/uploads\/2021\/09\/Logo-IEMJ-Paypal.jpg","width":150,"height":50,"caption":"Institut Europ\u00e9en des Musiques Juives"},"image":{"@id":"https:\/\/www.iemj.org\/es\/#\/schema\/logo\/image\/"},"sameAs":["https:\/\/www.facebook.com\/MusiquesJuives\/","https:\/\/www.instagram.com\/musiquesjuives\/","https:\/\/www.youtube.com\/user\/musiquesjuives"]},{"@type":"Person","@id":"https:\/\/www.iemj.org\/es\/#\/schema\/person\/358e26c18aca017fcc4cc15437f7279c","name":"Jacqueline ROTEN","image":{"@type":"ImageObject","inLanguage":"es","@id":"https:\/\/secure.gravatar.com\/avatar\/5964256d6c6957de3a3505278957e0fb2a35119ac47ea41827a65301213c810b?s=96&d=mm&r=g","url":"https:\/\/secure.gravatar.com\/avatar\/5964256d6c6957de3a3505278957e0fb2a35119ac47ea41827a65301213c810b?s=96&d=mm&r=g","contentUrl":"https:\/\/secure.gravatar.com\/avatar\/5964256d6c6957de3a3505278957e0fb2a35119ac47ea41827a65301213c810b?s=96&d=mm&r=g","caption":"Jacqueline ROTEN"}}]}},"_links":{"self":[{"href":"https:\/\/www.iemj.org\/es\/wp-json\/wp\/v2\/posts\/101349","targetHints":{"allow":["GET"]}}],"collection":[{"href":"https:\/\/www.iemj.org\/es\/wp-json\/wp\/v2\/posts"}],"about":[{"href":"https:\/\/www.iemj.org\/es\/wp-json\/wp\/v2\/types\/post"}],"author":[{"embeddable":true,"href":"https:\/\/www.iemj.org\/es\/wp-json\/wp\/v2\/users\/5"}],"replies":[{"embeddable":true,"href":"https:\/\/www.iemj.org\/es\/wp-json\/wp\/v2\/comments?post=101349"}],"version-history":[{"count":1,"href":"https:\/\/www.iemj.org\/es\/wp-json\/wp\/v2\/posts\/101349\/revisions"}],"predecessor-version":[{"id":127467,"href":"https:\/\/www.iemj.org\/es\/wp-json\/wp\/v2\/posts\/101349\/revisions\/127467"}],"wp:featuredmedia":[{"embeddable":true,"href":"https:\/\/www.iemj.org\/es\/wp-json\/wp\/v2\/media\/101350"}],"wp:attachment":[{"href":"https:\/\/www.iemj.org\/es\/wp-json\/wp\/v2\/media?parent=101349"}],"wp:term":[{"taxonomy":"category","embeddable":true,"href":"https:\/\/www.iemj.org\/es\/wp-json\/wp\/v2\/categories?post=101349"},{"taxonomy":"post_tag","embeddable":true,"href":"https:\/\/www.iemj.org\/es\/wp-json\/wp\/v2\/tags?post=101349"},{"taxonomy":"technique","embeddable":true,"href":"https:\/\/www.iemj.org\/es\/wp-json\/wp\/v2\/technique?post=101349"},{"taxonomy":"squelettes","embeddable":true,"href":"https:\/\/www.iemj.org\/es\/wp-json\/wp\/v2\/squelettes?post=101349"},{"taxonomy":"sujet","embeddable":true,"href":"https:\/\/www.iemj.org\/es\/wp-json\/wp\/v2\/sujet?post=101349"},{"taxonomy":"formation","embeddable":true,"href":"https:\/\/www.iemj.org\/es\/wp-json\/wp\/v2\/formation?post=101349"},{"taxonomy":"genre","embeddable":true,"href":"https:\/\/www.iemj.org\/es\/wp-json\/wp\/v2\/genre?post=101349"},{"taxonomy":"fonds","embeddable":true,"href":"https:\/\/www.iemj.org\/es\/wp-json\/wp\/v2\/fonds?post=101349"},{"taxonomy":"tradition","embeddable":true,"href":"https:\/\/www.iemj.org\/es\/wp-json\/wp\/v2\/tradition?post=101349"},{"taxonomy":"type-de-contenu","embeddable":true,"href":"https:\/\/www.iemj.org\/es\/wp-json\/wp\/v2\/type-de-contenu?post=101349"},{"taxonomy":"interprete-compositeur","embeddable":true,"href":"https:\/\/www.iemj.org\/es\/wp-json\/wp\/v2\/interprete-compositeur?post=101349"},{"taxonomy":"frise","embeddable":true,"href":"https:\/\/www.iemj.org\/es\/wp-json\/wp\/v2\/frise?post=101349"},{"taxonomy":"type-devenement","embeddable":true,"href":"https:\/\/www.iemj.org\/es\/wp-json\/wp\/v2\/type-devenement?post=101349"},{"taxonomy":"tableaux-liens-externes","embeddable":true,"href":"https:\/\/www.iemj.org\/es\/wp-json\/wp\/v2\/tableaux-liens-externes?post=101349"}],"curies":[{"name":"wp","href":"https:\/\/api.w.org\/{rel}","templated":true}]}}