{"id":101519,"date":"2011-04-20T18:55:00","date_gmt":"2011-04-20T16:55:00","guid":{"rendered":"https:\/\/www.iemj.org\/formation-des-maitres-de-musique-de-la-ville-de-paris-2011-2\/"},"modified":"2023-08-30T11:24:55","modified_gmt":"2023-08-30T09:24:55","slug":"formation-des-maitres-de-musique-de-la-ville-de-paris-2011-2","status":"publish","type":"post","link":"https:\/\/www.iemj.org\/es\/formation-des-maitres-de-musique-de-la-ville-de-paris-2011-2\/","title":{"rendered":"TALLER DE M\u00daSICA KLEZMER Y DE NIGGUN JAS\u00cdDICA &#8211; DAVID LEFEBVRE"},"content":{"rendered":"\n<p>El 17 de enero de 2011, el CFMJ (ahora llamado&nbsp;<em>Instituto Europeo de M\u00fasicas Jud\u00edas<\/em>) organiz\u00f3 una jornada de formaci\u00f3n a la atenci\u00f3n de los Profesores de m\u00fasica de la ciudad de Par\u00eds. La jornada ofreci\u00f3 una visi\u00f3n amplia de la historia de las m\u00fasicas jud\u00edas con una conferencia de Herv\u00e9 Roten seguida de un taller de improvisaciones vocales y\/o instrumentales (Niggun jas\u00eddica, klezmer) dirigido por David Lefebvre del grupo <a href=\"http:\/\/www.glik.fr\/Glik.html\">Glick<\/a>.<\/p>\n\n\n\n<!--more-->\n\n\n\n<p><strong>Ver un fragmento del taller klezmer dirigido por David Lefebvre<\/strong><\/p>\n\n\n\n<figure class=\"wp-block-video\"><video controls src=\"https:\/\/www.iemj.org\/wp-content\/uploads\/2016\/02\/cfmjatelierklezmerlefebvre20110117.mp4\"><\/video><\/figure>\n\n\n<p><strong><span style=\"font-family: Roboto; color: #171717;\">Programa de la jornada del 17 de enero de 2011:<\/span><\/strong><\/p>\n<p><strong><span style=\"font-family: Roboto; color: #171717;\">Ma\u00f1ana (9h-12h)<\/span><\/strong><\/p>\n<ul>\n<li>9 h: Recepci\u00f3n de los participantes y proyecci\u00f3n de un cortometraje de presentaci\u00f3n del Centro Franc\u00e9s de M\u00fasicas Jud\u00edas<\/li>\n<li>9h30: Conferencia \u00abDescubrimiento de las m\u00fasicas jud\u00edas\u00bb por Herv\u00e9 Roten<\/li>\n<li>11h30: Preguntas \/ conversaci\u00f3n sobre las m\u00fasicas jud\u00edas<\/li>\n<\/ul>\n<p><strong><span style=\"font-family: Roboto; color: #171717;\">Tarde (13h30-16h30)<\/span><\/strong><\/p>\n<p><strong><span style=\"font-family: Roboto; color: #171717;\">Taller \u00abM\u00fasicas jud\u00edas de Europa del Este (Klezmer y canto jas\u00eddico)\u00bb<\/span><\/strong><\/p>\n<ul>\n<li>13h30: Introducci\u00f3n a la m\u00fasica klezmer, m\u00fasica instrumental de los Jud\u00edos de Europa del Este (Herv\u00e9 Roten)<\/li>\n<li>14h30: Taller de pr\u00e1ctica vocal y\/o instrumental (Niggun jas\u00eddica, klezmer) (David Lefebvre)<\/li>\n<li>16h30: final de la formaci\u00f3n<\/li>\n<\/ul>","protected":false},"excerpt":{"rendered":"<p>El 17 de enero de 2011, el CFMJ (ahora llamado&nbsp;Instituto Europeo de M\u00fasicas Jud\u00edas) organiz\u00f3 una jornada de formaci\u00f3n a la atenci\u00f3n de los Profesores de m\u00fasica de la ciudad<\/p>\n","protected":false},"author":1045,"featured_media":90822,"comment_status":"closed","ping_status":"closed","sticky":false,"template":"","format":"standard","meta":{"_acf_changed":false,"footnotes":""},"categories":[1420],"tags":[2223],"technique":[],"squelettes":[],"sujet":[],"formation":[],"genre":[1876],"fonds":[],"tradition":[],"type-de-contenu":[],"interprete-compositeur":[],"frise":[],"type-devenement":[],"tableaux-liens-externes":[],"class_list":["post-101519","post","type-post","status-publish","format-standard","has-post-thumbnail","hentry","category-clases-conferencias-2-es","tag-eventos-iemj-es","genre-klezmer-es"],"acf":[],"yoast_head":"<!-- This site is optimized with the Yoast SEO plugin v27.3 - https:\/\/yoast.com\/product\/yoast-seo-wordpress\/ -->\n<title>TALLER DE M\u00daSICA KLEZMER Y DE NIGGUN JAS\u00cdDICA - DAVID LEFEBVRE - Institut Europ\u00e9en des Musiques Juives<\/title>\n<meta name=\"robots\" content=\"index, follow, max-snippet:-1, max-image-preview:large, max-video-preview:-1\" \/>\n<link rel=\"canonical\" href=\"https:\/\/www.iemj.org\/es\/formation-des-maitres-de-musique-de-la-ville-de-paris-2011-2\/\" \/>\n<meta property=\"og:locale\" content=\"es_ES\" \/>\n<meta property=\"og:type\" content=\"article\" \/>\n<meta property=\"og:title\" content=\"TALLER DE M\u00daSICA KLEZMER Y DE NIGGUN JAS\u00cdDICA - DAVID LEFEBVRE - Institut Europ\u00e9en des Musiques Juives\" \/>\n<meta property=\"og:description\" content=\"El 17 de enero de 2011, el CFMJ (ahora llamado&nbsp;Instituto Europeo de M\u00fasicas Jud\u00edas) organiz\u00f3 una jornada de formaci\u00f3n a la atenci\u00f3n de los Profesores de m\u00fasica de la ciudad\" \/>\n<meta property=\"og:url\" content=\"https:\/\/www.iemj.org\/es\/formation-des-maitres-de-musique-de-la-ville-de-paris-2011-2\/\" \/>\n<meta property=\"og:site_name\" content=\"Institut Europ\u00e9en des Musiques Juives\" \/>\n<meta property=\"article:publisher\" content=\"https:\/\/www.facebook.com\/MusiquesJuives\/\" \/>\n<meta property=\"article:published_time\" content=\"2011-04-20T16:55:00+00:00\" \/>\n<meta property=\"article:modified_time\" content=\"2023-08-30T09:24:55+00:00\" \/>\n<meta property=\"og:image\" content=\"https:\/\/www.iemj.org\/wp-content\/uploads\/2011\/04\/arton172-e1620148887608.jpg\" \/>\n\t<meta property=\"og:image:width\" content=\"350\" \/>\n\t<meta property=\"og:image:height\" content=\"337\" \/>\n\t<meta property=\"og:image:type\" content=\"image\/jpeg\" \/>\n<meta name=\"author\" content=\"Herv\u00e9 Roten\" \/>\n<meta name=\"twitter:card\" content=\"summary_large_image\" \/>\n<meta name=\"twitter:label1\" content=\"Escrito por\" \/>\n\t<meta name=\"twitter:data1\" content=\"Herv\u00e9 Roten\" \/>\n\t<meta name=\"twitter:label2\" content=\"Tiempo de lectura\" \/>\n\t<meta name=\"twitter:data2\" content=\"1 minuto\" \/>\n<script type=\"application\/ld+json\" class=\"yoast-schema-graph\">{\"@context\":\"https:\\\/\\\/schema.org\",\"@graph\":[{\"@type\":\"Article\",\"@id\":\"https:\\\/\\\/www.iemj.org\\\/es\\\/formation-des-maitres-de-musique-de-la-ville-de-paris-2011-2\\\/#article\",\"isPartOf\":{\"@id\":\"https:\\\/\\\/www.iemj.org\\\/es\\\/formation-des-maitres-de-musique-de-la-ville-de-paris-2011-2\\\/\"},\"author\":{\"name\":\"Herv\u00e9 Roten\",\"@id\":\"https:\\\/\\\/www.iemj.org\\\/es\\\/#\\\/schema\\\/person\\\/906134402c29d5c76e7b726261dd4bbd\"},\"headline\":\"TALLER DE M\u00daSICA KLEZMER Y DE NIGGUN JAS\u00cdDICA &#8211; DAVID LEFEBVRE\",\"datePublished\":\"2011-04-20T16:55:00+00:00\",\"dateModified\":\"2023-08-30T09:24:55+00:00\",\"mainEntityOfPage\":{\"@id\":\"https:\\\/\\\/www.iemj.org\\\/es\\\/formation-des-maitres-de-musique-de-la-ville-de-paris-2011-2\\\/\"},\"wordCount\":222,\"publisher\":{\"@id\":\"https:\\\/\\\/www.iemj.org\\\/es\\\/#organization\"},\"image\":{\"@id\":\"https:\\\/\\\/www.iemj.org\\\/es\\\/formation-des-maitres-de-musique-de-la-ville-de-paris-2011-2\\\/#primaryimage\"},\"thumbnailUrl\":\"https:\\\/\\\/www.iemj.org\\\/wp-content\\\/uploads\\\/2011\\\/04\\\/arton172-e1620148887608.jpg\",\"keywords\":[\"Eventos IEMJ\"],\"articleSection\":[\"Clases \\\/ Conferencias\"],\"inLanguage\":\"es\"},{\"@type\":\"WebPage\",\"@id\":\"https:\\\/\\\/www.iemj.org\\\/es\\\/formation-des-maitres-de-musique-de-la-ville-de-paris-2011-2\\\/\",\"url\":\"https:\\\/\\\/www.iemj.org\\\/es\\\/formation-des-maitres-de-musique-de-la-ville-de-paris-2011-2\\\/\",\"name\":\"TALLER DE M\u00daSICA KLEZMER Y DE NIGGUN JAS\u00cdDICA - DAVID LEFEBVRE - Institut Europ\u00e9en des Musiques Juives\",\"isPartOf\":{\"@id\":\"https:\\\/\\\/www.iemj.org\\\/es\\\/#website\"},\"primaryImageOfPage\":{\"@id\":\"https:\\\/\\\/www.iemj.org\\\/es\\\/formation-des-maitres-de-musique-de-la-ville-de-paris-2011-2\\\/#primaryimage\"},\"image\":{\"@id\":\"https:\\\/\\\/www.iemj.org\\\/es\\\/formation-des-maitres-de-musique-de-la-ville-de-paris-2011-2\\\/#primaryimage\"},\"thumbnailUrl\":\"https:\\\/\\\/www.iemj.org\\\/wp-content\\\/uploads\\\/2011\\\/04\\\/arton172-e1620148887608.jpg\",\"datePublished\":\"2011-04-20T16:55:00+00:00\",\"dateModified\":\"2023-08-30T09:24:55+00:00\",\"breadcrumb\":{\"@id\":\"https:\\\/\\\/www.iemj.org\\\/es\\\/formation-des-maitres-de-musique-de-la-ville-de-paris-2011-2\\\/#breadcrumb\"},\"inLanguage\":\"es\",\"potentialAction\":[{\"@type\":\"ReadAction\",\"target\":[\"https:\\\/\\\/www.iemj.org\\\/es\\\/formation-des-maitres-de-musique-de-la-ville-de-paris-2011-2\\\/\"]}]},{\"@type\":\"ImageObject\",\"inLanguage\":\"es\",\"@id\":\"https:\\\/\\\/www.iemj.org\\\/es\\\/formation-des-maitres-de-musique-de-la-ville-de-paris-2011-2\\\/#primaryimage\",\"url\":\"https:\\\/\\\/www.iemj.org\\\/wp-content\\\/uploads\\\/2011\\\/04\\\/arton172-e1620148887608.jpg\",\"contentUrl\":\"https:\\\/\\\/www.iemj.org\\\/wp-content\\\/uploads\\\/2011\\\/04\\\/arton172-e1620148887608.jpg\",\"width\":350,\"height\":337},{\"@type\":\"BreadcrumbList\",\"@id\":\"https:\\\/\\\/www.iemj.org\\\/es\\\/formation-des-maitres-de-musique-de-la-ville-de-paris-2011-2\\\/#breadcrumb\",\"itemListElement\":[{\"@type\":\"ListItem\",\"position\":1,\"name\":\"Accueil\",\"item\":\"https:\\\/\\\/www.iemj.org\\\/es\\\/\"},{\"@type\":\"ListItem\",\"position\":2,\"name\":\"TALLER DE M\u00daSICA KLEZMER Y DE NIGGUN JAS\u00cdDICA &#8211; DAVID LEFEBVRE\"}]},{\"@type\":\"WebSite\",\"@id\":\"https:\\\/\\\/www.iemj.org\\\/es\\\/#website\",\"url\":\"https:\\\/\\\/www.iemj.org\\\/es\\\/\",\"name\":\"Institut Europ\u00e9en des Musiques Juives\",\"description\":\"Des traditions musicales \u00e0 la port\u00e9e de tous\",\"publisher\":{\"@id\":\"https:\\\/\\\/www.iemj.org\\\/es\\\/#organization\"},\"potentialAction\":[{\"@type\":\"SearchAction\",\"target\":{\"@type\":\"EntryPoint\",\"urlTemplate\":\"https:\\\/\\\/www.iemj.org\\\/es\\\/?s={search_term_string}\"},\"query-input\":{\"@type\":\"PropertyValueSpecification\",\"valueRequired\":true,\"valueName\":\"search_term_string\"}}],\"inLanguage\":\"es\"},{\"@type\":\"Organization\",\"@id\":\"https:\\\/\\\/www.iemj.org\\\/es\\\/#organization\",\"name\":\"Institut Europ\u00e9en des Musiques Juives\",\"url\":\"https:\\\/\\\/www.iemj.org\\\/es\\\/\",\"logo\":{\"@type\":\"ImageObject\",\"inLanguage\":\"es\",\"@id\":\"https:\\\/\\\/www.iemj.org\\\/es\\\/#\\\/schema\\\/logo\\\/image\\\/\",\"url\":\"https:\\\/\\\/www.iemj.org\\\/wp-content\\\/uploads\\\/2021\\\/09\\\/Logo-IEMJ-Paypal.jpg\",\"contentUrl\":\"https:\\\/\\\/www.iemj.org\\\/wp-content\\\/uploads\\\/2021\\\/09\\\/Logo-IEMJ-Paypal.jpg\",\"width\":150,\"height\":50,\"caption\":\"Institut Europ\u00e9en des Musiques Juives\"},\"image\":{\"@id\":\"https:\\\/\\\/www.iemj.org\\\/es\\\/#\\\/schema\\\/logo\\\/image\\\/\"},\"sameAs\":[\"https:\\\/\\\/www.facebook.com\\\/MusiquesJuives\\\/\",\"https:\\\/\\\/www.instagram.com\\\/musiquesjuives\\\/\",\"https:\\\/\\\/www.youtube.com\\\/user\\\/musiquesjuives\"]},{\"@type\":\"Person\",\"@id\":\"https:\\\/\\\/www.iemj.org\\\/es\\\/#\\\/schema\\\/person\\\/906134402c29d5c76e7b726261dd4bbd\",\"name\":\"Herv\u00e9 Roten\",\"image\":{\"@type\":\"ImageObject\",\"inLanguage\":\"es\",\"@id\":\"https:\\\/\\\/secure.gravatar.com\\\/avatar\\\/f96ad2db538a26481f18384936b5cd0610c92d390c4dc382209216d455f685ff?s=96&d=mm&r=g\",\"url\":\"https:\\\/\\\/secure.gravatar.com\\\/avatar\\\/f96ad2db538a26481f18384936b5cd0610c92d390c4dc382209216d455f685ff?s=96&d=mm&r=g\",\"contentUrl\":\"https:\\\/\\\/secure.gravatar.com\\\/avatar\\\/f96ad2db538a26481f18384936b5cd0610c92d390c4dc382209216d455f685ff?s=96&d=mm&r=g\",\"caption\":\"Herv\u00e9 Roten\"}}]}<\/script>\n<!-- \/ Yoast SEO plugin. -->","yoast_head_json":{"title":"TALLER DE M\u00daSICA KLEZMER Y DE NIGGUN JAS\u00cdDICA - DAVID LEFEBVRE - Institut Europ\u00e9en des Musiques Juives","robots":{"index":"index","follow":"follow","max-snippet":"max-snippet:-1","max-image-preview":"max-image-preview:large","max-video-preview":"max-video-preview:-1"},"canonical":"https:\/\/www.iemj.org\/es\/formation-des-maitres-de-musique-de-la-ville-de-paris-2011-2\/","og_locale":"es_ES","og_type":"article","og_title":"TALLER DE M\u00daSICA KLEZMER Y DE NIGGUN JAS\u00cdDICA - DAVID LEFEBVRE - Institut Europ\u00e9en des Musiques Juives","og_description":"El 17 de enero de 2011, el CFMJ (ahora llamado&nbsp;Instituto Europeo de M\u00fasicas Jud\u00edas) organiz\u00f3 una jornada de formaci\u00f3n a la atenci\u00f3n de los Profesores de m\u00fasica de la ciudad","og_url":"https:\/\/www.iemj.org\/es\/formation-des-maitres-de-musique-de-la-ville-de-paris-2011-2\/","og_site_name":"Institut Europ\u00e9en des Musiques Juives","article_publisher":"https:\/\/www.facebook.com\/MusiquesJuives\/","article_published_time":"2011-04-20T16:55:00+00:00","article_modified_time":"2023-08-30T09:24:55+00:00","og_image":[{"width":350,"height":337,"url":"https:\/\/www.iemj.org\/wp-content\/uploads\/2011\/04\/arton172-e1620148887608.jpg","type":"image\/jpeg"}],"author":"Herv\u00e9 Roten","twitter_card":"summary_large_image","twitter_misc":{"Escrito por":"Herv\u00e9 Roten","Tiempo de lectura":"1 minuto"},"schema":{"@context":"https:\/\/schema.org","@graph":[{"@type":"Article","@id":"https:\/\/www.iemj.org\/es\/formation-des-maitres-de-musique-de-la-ville-de-paris-2011-2\/#article","isPartOf":{"@id":"https:\/\/www.iemj.org\/es\/formation-des-maitres-de-musique-de-la-ville-de-paris-2011-2\/"},"author":{"name":"Herv\u00e9 Roten","@id":"https:\/\/www.iemj.org\/es\/#\/schema\/person\/906134402c29d5c76e7b726261dd4bbd"},"headline":"TALLER DE M\u00daSICA KLEZMER Y DE NIGGUN JAS\u00cdDICA &#8211; DAVID LEFEBVRE","datePublished":"2011-04-20T16:55:00+00:00","dateModified":"2023-08-30T09:24:55+00:00","mainEntityOfPage":{"@id":"https:\/\/www.iemj.org\/es\/formation-des-maitres-de-musique-de-la-ville-de-paris-2011-2\/"},"wordCount":222,"publisher":{"@id":"https:\/\/www.iemj.org\/es\/#organization"},"image":{"@id":"https:\/\/www.iemj.org\/es\/formation-des-maitres-de-musique-de-la-ville-de-paris-2011-2\/#primaryimage"},"thumbnailUrl":"https:\/\/www.iemj.org\/wp-content\/uploads\/2011\/04\/arton172-e1620148887608.jpg","keywords":["Eventos IEMJ"],"articleSection":["Clases \/ Conferencias"],"inLanguage":"es"},{"@type":"WebPage","@id":"https:\/\/www.iemj.org\/es\/formation-des-maitres-de-musique-de-la-ville-de-paris-2011-2\/","url":"https:\/\/www.iemj.org\/es\/formation-des-maitres-de-musique-de-la-ville-de-paris-2011-2\/","name":"TALLER DE M\u00daSICA KLEZMER Y DE NIGGUN JAS\u00cdDICA - DAVID LEFEBVRE - Institut Europ\u00e9en des Musiques Juives","isPartOf":{"@id":"https:\/\/www.iemj.org\/es\/#website"},"primaryImageOfPage":{"@id":"https:\/\/www.iemj.org\/es\/formation-des-maitres-de-musique-de-la-ville-de-paris-2011-2\/#primaryimage"},"image":{"@id":"https:\/\/www.iemj.org\/es\/formation-des-maitres-de-musique-de-la-ville-de-paris-2011-2\/#primaryimage"},"thumbnailUrl":"https:\/\/www.iemj.org\/wp-content\/uploads\/2011\/04\/arton172-e1620148887608.jpg","datePublished":"2011-04-20T16:55:00+00:00","dateModified":"2023-08-30T09:24:55+00:00","breadcrumb":{"@id":"https:\/\/www.iemj.org\/es\/formation-des-maitres-de-musique-de-la-ville-de-paris-2011-2\/#breadcrumb"},"inLanguage":"es","potentialAction":[{"@type":"ReadAction","target":["https:\/\/www.iemj.org\/es\/formation-des-maitres-de-musique-de-la-ville-de-paris-2011-2\/"]}]},{"@type":"ImageObject","inLanguage":"es","@id":"https:\/\/www.iemj.org\/es\/formation-des-maitres-de-musique-de-la-ville-de-paris-2011-2\/#primaryimage","url":"https:\/\/www.iemj.org\/wp-content\/uploads\/2011\/04\/arton172-e1620148887608.jpg","contentUrl":"https:\/\/www.iemj.org\/wp-content\/uploads\/2011\/04\/arton172-e1620148887608.jpg","width":350,"height":337},{"@type":"BreadcrumbList","@id":"https:\/\/www.iemj.org\/es\/formation-des-maitres-de-musique-de-la-ville-de-paris-2011-2\/#breadcrumb","itemListElement":[{"@type":"ListItem","position":1,"name":"Accueil","item":"https:\/\/www.iemj.org\/es\/"},{"@type":"ListItem","position":2,"name":"TALLER DE M\u00daSICA KLEZMER Y DE NIGGUN JAS\u00cdDICA &#8211; DAVID LEFEBVRE"}]},{"@type":"WebSite","@id":"https:\/\/www.iemj.org\/es\/#website","url":"https:\/\/www.iemj.org\/es\/","name":"Institut Europ\u00e9en des Musiques Juives","description":"Des traditions musicales \u00e0 la port\u00e9e de tous","publisher":{"@id":"https:\/\/www.iemj.org\/es\/#organization"},"potentialAction":[{"@type":"SearchAction","target":{"@type":"EntryPoint","urlTemplate":"https:\/\/www.iemj.org\/es\/?s={search_term_string}"},"query-input":{"@type":"PropertyValueSpecification","valueRequired":true,"valueName":"search_term_string"}}],"inLanguage":"es"},{"@type":"Organization","@id":"https:\/\/www.iemj.org\/es\/#organization","name":"Institut Europ\u00e9en des Musiques Juives","url":"https:\/\/www.iemj.org\/es\/","logo":{"@type":"ImageObject","inLanguage":"es","@id":"https:\/\/www.iemj.org\/es\/#\/schema\/logo\/image\/","url":"https:\/\/www.iemj.org\/wp-content\/uploads\/2021\/09\/Logo-IEMJ-Paypal.jpg","contentUrl":"https:\/\/www.iemj.org\/wp-content\/uploads\/2021\/09\/Logo-IEMJ-Paypal.jpg","width":150,"height":50,"caption":"Institut Europ\u00e9en des Musiques Juives"},"image":{"@id":"https:\/\/www.iemj.org\/es\/#\/schema\/logo\/image\/"},"sameAs":["https:\/\/www.facebook.com\/MusiquesJuives\/","https:\/\/www.instagram.com\/musiquesjuives\/","https:\/\/www.youtube.com\/user\/musiquesjuives"]},{"@type":"Person","@id":"https:\/\/www.iemj.org\/es\/#\/schema\/person\/906134402c29d5c76e7b726261dd4bbd","name":"Herv\u00e9 Roten","image":{"@type":"ImageObject","inLanguage":"es","@id":"https:\/\/secure.gravatar.com\/avatar\/f96ad2db538a26481f18384936b5cd0610c92d390c4dc382209216d455f685ff?s=96&d=mm&r=g","url":"https:\/\/secure.gravatar.com\/avatar\/f96ad2db538a26481f18384936b5cd0610c92d390c4dc382209216d455f685ff?s=96&d=mm&r=g","contentUrl":"https:\/\/secure.gravatar.com\/avatar\/f96ad2db538a26481f18384936b5cd0610c92d390c4dc382209216d455f685ff?s=96&d=mm&r=g","caption":"Herv\u00e9 Roten"}}]}},"_links":{"self":[{"href":"https:\/\/www.iemj.org\/es\/wp-json\/wp\/v2\/posts\/101519","targetHints":{"allow":["GET"]}}],"collection":[{"href":"https:\/\/www.iemj.org\/es\/wp-json\/wp\/v2\/posts"}],"about":[{"href":"https:\/\/www.iemj.org\/es\/wp-json\/wp\/v2\/types\/post"}],"author":[{"embeddable":true,"href":"https:\/\/www.iemj.org\/es\/wp-json\/wp\/v2\/users\/1045"}],"replies":[{"embeddable":true,"href":"https:\/\/www.iemj.org\/es\/wp-json\/wp\/v2\/comments?post=101519"}],"version-history":[{"count":0,"href":"https:\/\/www.iemj.org\/es\/wp-json\/wp\/v2\/posts\/101519\/revisions"}],"wp:featuredmedia":[{"embeddable":true,"href":"https:\/\/www.iemj.org\/es\/wp-json\/wp\/v2\/media\/90822"}],"wp:attachment":[{"href":"https:\/\/www.iemj.org\/es\/wp-json\/wp\/v2\/media?parent=101519"}],"wp:term":[{"taxonomy":"category","embeddable":true,"href":"https:\/\/www.iemj.org\/es\/wp-json\/wp\/v2\/categories?post=101519"},{"taxonomy":"post_tag","embeddable":true,"href":"https:\/\/www.iemj.org\/es\/wp-json\/wp\/v2\/tags?post=101519"},{"taxonomy":"technique","embeddable":true,"href":"https:\/\/www.iemj.org\/es\/wp-json\/wp\/v2\/technique?post=101519"},{"taxonomy":"squelettes","embeddable":true,"href":"https:\/\/www.iemj.org\/es\/wp-json\/wp\/v2\/squelettes?post=101519"},{"taxonomy":"sujet","embeddable":true,"href":"https:\/\/www.iemj.org\/es\/wp-json\/wp\/v2\/sujet?post=101519"},{"taxonomy":"formation","embeddable":true,"href":"https:\/\/www.iemj.org\/es\/wp-json\/wp\/v2\/formation?post=101519"},{"taxonomy":"genre","embeddable":true,"href":"https:\/\/www.iemj.org\/es\/wp-json\/wp\/v2\/genre?post=101519"},{"taxonomy":"fonds","embeddable":true,"href":"https:\/\/www.iemj.org\/es\/wp-json\/wp\/v2\/fonds?post=101519"},{"taxonomy":"tradition","embeddable":true,"href":"https:\/\/www.iemj.org\/es\/wp-json\/wp\/v2\/tradition?post=101519"},{"taxonomy":"type-de-contenu","embeddable":true,"href":"https:\/\/www.iemj.org\/es\/wp-json\/wp\/v2\/type-de-contenu?post=101519"},{"taxonomy":"interprete-compositeur","embeddable":true,"href":"https:\/\/www.iemj.org\/es\/wp-json\/wp\/v2\/interprete-compositeur?post=101519"},{"taxonomy":"frise","embeddable":true,"href":"https:\/\/www.iemj.org\/es\/wp-json\/wp\/v2\/frise?post=101519"},{"taxonomy":"type-devenement","embeddable":true,"href":"https:\/\/www.iemj.org\/es\/wp-json\/wp\/v2\/type-devenement?post=101519"},{"taxonomy":"tableaux-liens-externes","embeddable":true,"href":"https:\/\/www.iemj.org\/es\/wp-json\/wp\/v2\/tableaux-liens-externes?post=101519"}],"curies":[{"name":"wp","href":"https:\/\/api.w.org\/{rel}","templated":true}]}}