{"id":101620,"date":"2018-03-19T17:17:49","date_gmt":"2018-03-19T16:17:49","guid":{"rendered":"https:\/\/www.iemj.org\/concert-coplas-sefardies-chansons-judeo-espagnoles-de-alberto-hemsi-a-hanovre\/"},"modified":"2023-08-24T12:21:50","modified_gmt":"2023-08-24T10:21:50","slug":"concert-coplas-sefardies-chansons-judeo-espagnoles-de-alberto-hemsi-a-hanovre-2","status":"publish","type":"post","link":"https:\/\/www.iemj.org\/es\/concert-coplas-sefardies-chansons-judeo-espagnoles-de-alberto-hemsi-a-hanovre-2\/","title":{"rendered":"Concierto Coplas Sefard\u00edes &#8211; Canciones judeoespa\u00f1olas de Alberto Hemsi en Hannover"},"content":{"rendered":"<p class=\"post_excerpt\"><strong>Jueves 22 de marzo de 2018: un evento organizado por Das Europ\u00e4ische Zentrum f\u00fcr J\u00fcdische Musik y la comunidad jud\u00eda liberal de Hannover, en colaboraci\u00f3n con el Instituto Europeo de M\u00fasicas Jud\u00edas<\/strong><\/p>\n<p><!--more--><\/p>\n<p>El 22 de marzo de 2018 tendr\u00e1 lugar en Hannover el primer concierto del \u00edntegro de las <em>Coplas Sefardies <\/em>(Canciones judeoespa\u00f1olas), interpretado por Assaf Levitin (canto) y Naaman Wagner (piano) con ocasi\u00f3n de la publicaci\u00f3n de su CD <em>Coplas Sefardies \u2013 vol. 1<\/em>.<\/p>\n<p>Este concierto, organizado por <a href=\"https:\/\/www.ezjm.hmtm-hannover.de\/de\/start\/\">Das Europ\u00e4ische Zentrum f\u00fcr J\u00fcdische Musik<\/a> (EZJM) <span lang=\"ES\" style=\"color: #171717;\">y la comunidad jud\u00eda liberal de Hannover, ser\u00e1 precedido por una presentaci\u00f3n de Ingrid Wettberg, presidenta de la comunidad liberal de Hannover, seguida de un discurso de Sarah Ross, directora del EZJM. El Instituto Europeo de M\u00fasicas Jud\u00edas estar\u00e1 representado por su director, Herv\u00e9 Roten, que proyectar\u00e1 un cortemetraje narrando la vida y la obra de Alberto Hemsi. Por \u00faltimo, Assaf Levitin presentar\u00e1 el concierto que seguir\u00e1.<\/span><\/p>\n<p>Cabe se\u00f1alar que el Instituto Europeo de M\u00fasicas Jud\u00edas es, desde 2004, depositaria de los <a href=\"https:\/\/www.iemj.org\/es\/fonds-alberto-hemsi\/\" target=\"_blank\" rel=\"noopener\">archivos del compositor Alberto Hemsi (1898-1975)<\/a>. Dado por Myriam Capelluto Hemsi (1912-2005) en julio de 2004, viuda del compositor, este fondo contiene documentos raros (manuscritos del compositor, fotograf\u00edas, cintas magn\u00e9ticas y discos\u2026) que hoy en d\u00eda hacen de \u00e9l uno de los fondos m\u00e1s ricos de m\u00fasicas judeoespa\u00f1olas del mundo.<\/p>\n<p>La publicaci\u00f3n del \u00edntegro de las Coplas Sefard\u00edes por el <em>Europ\u00e4ische Zentrum f\u00fcr J\u00fcdische Musik<\/em> (EZJM) de Hannover y el sello Rondeau Production constituye la primera etapa de una colaboraci\u00f3n fruct\u00edfera francoalemana y el inicio de la creaci\u00f3n de una red europea de los centros de m\u00fasicas jud\u00edas, basado en el intercambio de informaciones, la valorizaci\u00f3n de los contenidos f\u00edsicos y digitales, y la organizaci\u00f3n de coloquios y conciertos a nivel europeo.<\/p>\n<p>&#8211; <a href=\"https:\/\/www.iemj.org\/es\/fonds-alberto-hemsi\/\" target=\"_blank\" rel=\"noopener\">Consultar el fondo Alberto Hemsi<\/a><br \/>&#8211; <a href=\"https:\/\/www.iemj.org\/es\/hemsi-alberto-1898-1975\/\" target=\"_blank\" rel=\"noopener\">M\u00e1s informaci\u00f3n sobre Alberto Hemsi<\/a><br \/>&#8211; <a href=\"https:\/\/www.iemj.org\/es\/video-alberto-hemsi-un-compositeur-au-service-de-la-culture-sefarade\/\" target=\"_blank\" rel=\"noopener\">Ver la pel\u00edcula sobre Alberto Hemsi<\/a><br \/>&#8211; <a href=\"https:\/\/www.iemj.org\/es\/coplas-sefardies-de-alberto-hemsi-vol-1\/\" target=\"_blank\" rel=\"noopener\">Escuchar fragmentos del CD Coplas sefard\u00edes de Assaf Levitin y Naaman Wagner<\/a><br \/>&#8211; <a href=\"https:\/\/www.rondeau.de\/New-Releases\/Alberto-Hemsi-Coplas-Sefardies-Vol-1::420.html?language=en\" target=\"_blank\" rel=\"noopener\">Comprar el CD Coplas Sefard\u00edes \u2013 Canciones judeoespa\u00f1olas de Alberto Hemsi \u2013 Vol.1<\/a><\/p>\n\n\n<p><\/p>\n","protected":false},"excerpt":{"rendered":"<p>Jueves 22 de marzo de 2018: un evento organizado por Das Europ\u00e4ische Zentrum f\u00fcr J\u00fcdische Musik y la comunidad jud\u00eda liberal de Hannover, en colaboraci\u00f3n con el Instituto Europeo de<\/p>\n","protected":false},"author":5,"featured_media":101621,"comment_status":"closed","ping_status":"open","sticky":false,"template":"","format":"standard","meta":{"_acf_changed":false,"footnotes":""},"categories":[1380,1372],"tags":[3422],"technique":[],"squelettes":[],"sujet":[],"formation":[],"genre":[],"fonds":[],"tradition":[],"type-de-contenu":[],"interprete-compositeur":[],"frise":[],"type-devenement":[],"tableaux-liens-externes":[],"class_list":["post-101620","post","type-post","status-publish","format-standard","has-post-thumbnail","hentry","category-conciertos-manifestaciones-es","category-manifestaciones-es","tag-eventos-asociados-es"],"acf":[],"yoast_head":"<!-- This site is optimized with the Yoast SEO plugin v27.3 - https:\/\/yoast.com\/product\/yoast-seo-wordpress\/ -->\n<title>Concierto Coplas Sefard\u00edes - Canciones judeoespa\u00f1olas de Alberto Hemsi en Hannover - Institut Europ\u00e9en des Musiques Juives<\/title>\n<meta name=\"robots\" content=\"noindex, follow\" \/>\n<meta property=\"og:locale\" content=\"es_ES\" \/>\n<meta property=\"og:type\" content=\"article\" \/>\n<meta property=\"og:title\" content=\"Concierto Coplas Sefard\u00edes - Canciones judeoespa\u00f1olas de Alberto Hemsi en Hannover - Institut Europ\u00e9en des Musiques Juives\" \/>\n<meta property=\"og:description\" content=\"Jueves 22 de marzo de 2018: un evento organizado por Das Europ\u00e4ische Zentrum f\u00fcr J\u00fcdische Musik y la comunidad jud\u00eda liberal de Hannover, en colaboraci\u00f3n con el Instituto Europeo de\" \/>\n<meta property=\"og:url\" content=\"https:\/\/www.iemj.org\/es\/concert-coplas-sefardies-chansons-judeo-espagnoles-de-alberto-hemsi-a-hanovre-2\/\" \/>\n<meta property=\"og:site_name\" content=\"Institut Europ\u00e9en des Musiques Juives\" \/>\n<meta property=\"article:publisher\" content=\"https:\/\/www.facebook.com\/MusiquesJuives\/\" \/>\n<meta property=\"article:published_time\" content=\"2018-03-19T16:17:49+00:00\" \/>\n<meta property=\"article:modified_time\" content=\"2023-08-24T10:21:50+00:00\" \/>\n<meta property=\"og:image\" content=\"https:\/\/www.iemj.org\/wp-content\/uploads\/2018\/03\/arton3259.jpg\" \/>\n\t<meta property=\"og:image:width\" content=\"212\" \/>\n\t<meta property=\"og:image:height\" content=\"307\" \/>\n\t<meta property=\"og:image:type\" content=\"image\/jpeg\" \/>\n<meta name=\"author\" content=\"Jacqueline ROTEN\" \/>\n<meta name=\"twitter:card\" content=\"summary_large_image\" \/>\n<meta name=\"twitter:label1\" content=\"Escrito por\" \/>\n\t<meta name=\"twitter:data1\" content=\"Jacqueline ROTEN\" \/>\n\t<meta name=\"twitter:label2\" content=\"Tiempo de lectura\" \/>\n\t<meta name=\"twitter:data2\" content=\"2 minutos\" \/>\n<script type=\"application\/ld+json\" class=\"yoast-schema-graph\">{\"@context\":\"https:\\\/\\\/schema.org\",\"@graph\":[{\"@type\":\"Article\",\"@id\":\"https:\\\/\\\/www.iemj.org\\\/es\\\/concert-coplas-sefardies-chansons-judeo-espagnoles-de-alberto-hemsi-a-hanovre-2\\\/#article\",\"isPartOf\":{\"@id\":\"https:\\\/\\\/www.iemj.org\\\/es\\\/concert-coplas-sefardies-chansons-judeo-espagnoles-de-alberto-hemsi-a-hanovre-2\\\/\"},\"author\":{\"name\":\"Jacqueline ROTEN\",\"@id\":\"https:\\\/\\\/www.iemj.org\\\/es\\\/#\\\/schema\\\/person\\\/358e26c18aca017fcc4cc15437f7279c\"},\"headline\":\"Concierto Coplas Sefard\u00edes &#8211; Canciones judeoespa\u00f1olas de Alberto Hemsi en Hannover\",\"datePublished\":\"2018-03-19T16:17:49+00:00\",\"dateModified\":\"2023-08-24T10:21:50+00:00\",\"mainEntityOfPage\":{\"@id\":\"https:\\\/\\\/www.iemj.org\\\/es\\\/concert-coplas-sefardies-chansons-judeo-espagnoles-de-alberto-hemsi-a-hanovre-2\\\/\"},\"wordCount\":384,\"publisher\":{\"@id\":\"https:\\\/\\\/www.iemj.org\\\/es\\\/#organization\"},\"image\":{\"@id\":\"https:\\\/\\\/www.iemj.org\\\/es\\\/concert-coplas-sefardies-chansons-judeo-espagnoles-de-alberto-hemsi-a-hanovre-2\\\/#primaryimage\"},\"thumbnailUrl\":\"https:\\\/\\\/www.iemj.org\\\/wp-content\\\/uploads\\\/2018\\\/03\\\/arton3259.jpg\",\"keywords\":[\"Eventos asociados\"],\"articleSection\":[\"Conciertos\",\"Manifestaciones\"],\"inLanguage\":\"es\"},{\"@type\":\"WebPage\",\"@id\":\"https:\\\/\\\/www.iemj.org\\\/es\\\/concert-coplas-sefardies-chansons-judeo-espagnoles-de-alberto-hemsi-a-hanovre-2\\\/\",\"url\":\"https:\\\/\\\/www.iemj.org\\\/es\\\/concert-coplas-sefardies-chansons-judeo-espagnoles-de-alberto-hemsi-a-hanovre-2\\\/\",\"name\":\"Concierto Coplas Sefard\u00edes - Canciones judeoespa\u00f1olas de Alberto Hemsi en Hannover - Institut Europ\u00e9en des Musiques Juives\",\"isPartOf\":{\"@id\":\"https:\\\/\\\/www.iemj.org\\\/es\\\/#website\"},\"primaryImageOfPage\":{\"@id\":\"https:\\\/\\\/www.iemj.org\\\/es\\\/concert-coplas-sefardies-chansons-judeo-espagnoles-de-alberto-hemsi-a-hanovre-2\\\/#primaryimage\"},\"image\":{\"@id\":\"https:\\\/\\\/www.iemj.org\\\/es\\\/concert-coplas-sefardies-chansons-judeo-espagnoles-de-alberto-hemsi-a-hanovre-2\\\/#primaryimage\"},\"thumbnailUrl\":\"https:\\\/\\\/www.iemj.org\\\/wp-content\\\/uploads\\\/2018\\\/03\\\/arton3259.jpg\",\"datePublished\":\"2018-03-19T16:17:49+00:00\",\"dateModified\":\"2023-08-24T10:21:50+00:00\",\"breadcrumb\":{\"@id\":\"https:\\\/\\\/www.iemj.org\\\/es\\\/concert-coplas-sefardies-chansons-judeo-espagnoles-de-alberto-hemsi-a-hanovre-2\\\/#breadcrumb\"},\"inLanguage\":\"es\",\"potentialAction\":[{\"@type\":\"ReadAction\",\"target\":[\"https:\\\/\\\/www.iemj.org\\\/es\\\/concert-coplas-sefardies-chansons-judeo-espagnoles-de-alberto-hemsi-a-hanovre-2\\\/\"]}]},{\"@type\":\"ImageObject\",\"inLanguage\":\"es\",\"@id\":\"https:\\\/\\\/www.iemj.org\\\/es\\\/concert-coplas-sefardies-chansons-judeo-espagnoles-de-alberto-hemsi-a-hanovre-2\\\/#primaryimage\",\"url\":\"https:\\\/\\\/www.iemj.org\\\/wp-content\\\/uploads\\\/2018\\\/03\\\/arton3259.jpg\",\"contentUrl\":\"https:\\\/\\\/www.iemj.org\\\/wp-content\\\/uploads\\\/2018\\\/03\\\/arton3259.jpg\",\"width\":212,\"height\":307},{\"@type\":\"BreadcrumbList\",\"@id\":\"https:\\\/\\\/www.iemj.org\\\/es\\\/concert-coplas-sefardies-chansons-judeo-espagnoles-de-alberto-hemsi-a-hanovre-2\\\/#breadcrumb\",\"itemListElement\":[{\"@type\":\"ListItem\",\"position\":1,\"name\":\"Accueil\",\"item\":\"https:\\\/\\\/www.iemj.org\\\/es\\\/\"},{\"@type\":\"ListItem\",\"position\":2,\"name\":\"Concierto Coplas Sefard\u00edes &#8211; Canciones judeoespa\u00f1olas de Alberto Hemsi en Hannover\"}]},{\"@type\":\"WebSite\",\"@id\":\"https:\\\/\\\/www.iemj.org\\\/es\\\/#website\",\"url\":\"https:\\\/\\\/www.iemj.org\\\/es\\\/\",\"name\":\"Institut Europ\u00e9en des Musiques Juives\",\"description\":\"Des traditions musicales \u00e0 la port\u00e9e de tous\",\"publisher\":{\"@id\":\"https:\\\/\\\/www.iemj.org\\\/es\\\/#organization\"},\"potentialAction\":[{\"@type\":\"SearchAction\",\"target\":{\"@type\":\"EntryPoint\",\"urlTemplate\":\"https:\\\/\\\/www.iemj.org\\\/es\\\/?s={search_term_string}\"},\"query-input\":{\"@type\":\"PropertyValueSpecification\",\"valueRequired\":true,\"valueName\":\"search_term_string\"}}],\"inLanguage\":\"es\"},{\"@type\":\"Organization\",\"@id\":\"https:\\\/\\\/www.iemj.org\\\/es\\\/#organization\",\"name\":\"Institut Europ\u00e9en des Musiques Juives\",\"url\":\"https:\\\/\\\/www.iemj.org\\\/es\\\/\",\"logo\":{\"@type\":\"ImageObject\",\"inLanguage\":\"es\",\"@id\":\"https:\\\/\\\/www.iemj.org\\\/es\\\/#\\\/schema\\\/logo\\\/image\\\/\",\"url\":\"https:\\\/\\\/www.iemj.org\\\/wp-content\\\/uploads\\\/2021\\\/09\\\/Logo-IEMJ-Paypal.jpg\",\"contentUrl\":\"https:\\\/\\\/www.iemj.org\\\/wp-content\\\/uploads\\\/2021\\\/09\\\/Logo-IEMJ-Paypal.jpg\",\"width\":150,\"height\":50,\"caption\":\"Institut Europ\u00e9en des Musiques Juives\"},\"image\":{\"@id\":\"https:\\\/\\\/www.iemj.org\\\/es\\\/#\\\/schema\\\/logo\\\/image\\\/\"},\"sameAs\":[\"https:\\\/\\\/www.facebook.com\\\/MusiquesJuives\\\/\",\"https:\\\/\\\/www.instagram.com\\\/musiquesjuives\\\/\",\"https:\\\/\\\/www.youtube.com\\\/user\\\/musiquesjuives\"]},{\"@type\":\"Person\",\"@id\":\"https:\\\/\\\/www.iemj.org\\\/es\\\/#\\\/schema\\\/person\\\/358e26c18aca017fcc4cc15437f7279c\",\"name\":\"Jacqueline ROTEN\",\"image\":{\"@type\":\"ImageObject\",\"inLanguage\":\"es\",\"@id\":\"https:\\\/\\\/secure.gravatar.com\\\/avatar\\\/5964256d6c6957de3a3505278957e0fb2a35119ac47ea41827a65301213c810b?s=96&d=mm&r=g\",\"url\":\"https:\\\/\\\/secure.gravatar.com\\\/avatar\\\/5964256d6c6957de3a3505278957e0fb2a35119ac47ea41827a65301213c810b?s=96&d=mm&r=g\",\"contentUrl\":\"https:\\\/\\\/secure.gravatar.com\\\/avatar\\\/5964256d6c6957de3a3505278957e0fb2a35119ac47ea41827a65301213c810b?s=96&d=mm&r=g\",\"caption\":\"Jacqueline ROTEN\"}}]}<\/script>\n<!-- \/ Yoast SEO plugin. -->","yoast_head_json":{"title":"Concierto Coplas Sefard\u00edes - Canciones judeoespa\u00f1olas de Alberto Hemsi en Hannover - Institut Europ\u00e9en des Musiques Juives","robots":{"index":"noindex","follow":"follow"},"og_locale":"es_ES","og_type":"article","og_title":"Concierto Coplas Sefard\u00edes - Canciones judeoespa\u00f1olas de Alberto Hemsi en Hannover - Institut Europ\u00e9en des Musiques Juives","og_description":"Jueves 22 de marzo de 2018: un evento organizado por Das Europ\u00e4ische Zentrum f\u00fcr J\u00fcdische Musik y la comunidad jud\u00eda liberal de Hannover, en colaboraci\u00f3n con el Instituto Europeo de","og_url":"https:\/\/www.iemj.org\/es\/concert-coplas-sefardies-chansons-judeo-espagnoles-de-alberto-hemsi-a-hanovre-2\/","og_site_name":"Institut Europ\u00e9en des Musiques Juives","article_publisher":"https:\/\/www.facebook.com\/MusiquesJuives\/","article_published_time":"2018-03-19T16:17:49+00:00","article_modified_time":"2023-08-24T10:21:50+00:00","og_image":[{"width":212,"height":307,"url":"https:\/\/www.iemj.org\/wp-content\/uploads\/2018\/03\/arton3259.jpg","type":"image\/jpeg"}],"author":"Jacqueline ROTEN","twitter_card":"summary_large_image","twitter_misc":{"Escrito por":"Jacqueline ROTEN","Tiempo de lectura":"2 minutos"},"schema":{"@context":"https:\/\/schema.org","@graph":[{"@type":"Article","@id":"https:\/\/www.iemj.org\/es\/concert-coplas-sefardies-chansons-judeo-espagnoles-de-alberto-hemsi-a-hanovre-2\/#article","isPartOf":{"@id":"https:\/\/www.iemj.org\/es\/concert-coplas-sefardies-chansons-judeo-espagnoles-de-alberto-hemsi-a-hanovre-2\/"},"author":{"name":"Jacqueline ROTEN","@id":"https:\/\/www.iemj.org\/es\/#\/schema\/person\/358e26c18aca017fcc4cc15437f7279c"},"headline":"Concierto Coplas Sefard\u00edes &#8211; Canciones judeoespa\u00f1olas de Alberto Hemsi en Hannover","datePublished":"2018-03-19T16:17:49+00:00","dateModified":"2023-08-24T10:21:50+00:00","mainEntityOfPage":{"@id":"https:\/\/www.iemj.org\/es\/concert-coplas-sefardies-chansons-judeo-espagnoles-de-alberto-hemsi-a-hanovre-2\/"},"wordCount":384,"publisher":{"@id":"https:\/\/www.iemj.org\/es\/#organization"},"image":{"@id":"https:\/\/www.iemj.org\/es\/concert-coplas-sefardies-chansons-judeo-espagnoles-de-alberto-hemsi-a-hanovre-2\/#primaryimage"},"thumbnailUrl":"https:\/\/www.iemj.org\/wp-content\/uploads\/2018\/03\/arton3259.jpg","keywords":["Eventos asociados"],"articleSection":["Conciertos","Manifestaciones"],"inLanguage":"es"},{"@type":"WebPage","@id":"https:\/\/www.iemj.org\/es\/concert-coplas-sefardies-chansons-judeo-espagnoles-de-alberto-hemsi-a-hanovre-2\/","url":"https:\/\/www.iemj.org\/es\/concert-coplas-sefardies-chansons-judeo-espagnoles-de-alberto-hemsi-a-hanovre-2\/","name":"Concierto Coplas Sefard\u00edes - Canciones judeoespa\u00f1olas de Alberto Hemsi en Hannover - Institut Europ\u00e9en des Musiques Juives","isPartOf":{"@id":"https:\/\/www.iemj.org\/es\/#website"},"primaryImageOfPage":{"@id":"https:\/\/www.iemj.org\/es\/concert-coplas-sefardies-chansons-judeo-espagnoles-de-alberto-hemsi-a-hanovre-2\/#primaryimage"},"image":{"@id":"https:\/\/www.iemj.org\/es\/concert-coplas-sefardies-chansons-judeo-espagnoles-de-alberto-hemsi-a-hanovre-2\/#primaryimage"},"thumbnailUrl":"https:\/\/www.iemj.org\/wp-content\/uploads\/2018\/03\/arton3259.jpg","datePublished":"2018-03-19T16:17:49+00:00","dateModified":"2023-08-24T10:21:50+00:00","breadcrumb":{"@id":"https:\/\/www.iemj.org\/es\/concert-coplas-sefardies-chansons-judeo-espagnoles-de-alberto-hemsi-a-hanovre-2\/#breadcrumb"},"inLanguage":"es","potentialAction":[{"@type":"ReadAction","target":["https:\/\/www.iemj.org\/es\/concert-coplas-sefardies-chansons-judeo-espagnoles-de-alberto-hemsi-a-hanovre-2\/"]}]},{"@type":"ImageObject","inLanguage":"es","@id":"https:\/\/www.iemj.org\/es\/concert-coplas-sefardies-chansons-judeo-espagnoles-de-alberto-hemsi-a-hanovre-2\/#primaryimage","url":"https:\/\/www.iemj.org\/wp-content\/uploads\/2018\/03\/arton3259.jpg","contentUrl":"https:\/\/www.iemj.org\/wp-content\/uploads\/2018\/03\/arton3259.jpg","width":212,"height":307},{"@type":"BreadcrumbList","@id":"https:\/\/www.iemj.org\/es\/concert-coplas-sefardies-chansons-judeo-espagnoles-de-alberto-hemsi-a-hanovre-2\/#breadcrumb","itemListElement":[{"@type":"ListItem","position":1,"name":"Accueil","item":"https:\/\/www.iemj.org\/es\/"},{"@type":"ListItem","position":2,"name":"Concierto Coplas Sefard\u00edes &#8211; Canciones judeoespa\u00f1olas de Alberto Hemsi en Hannover"}]},{"@type":"WebSite","@id":"https:\/\/www.iemj.org\/es\/#website","url":"https:\/\/www.iemj.org\/es\/","name":"Institut Europ\u00e9en des Musiques Juives","description":"Des traditions musicales \u00e0 la port\u00e9e de tous","publisher":{"@id":"https:\/\/www.iemj.org\/es\/#organization"},"potentialAction":[{"@type":"SearchAction","target":{"@type":"EntryPoint","urlTemplate":"https:\/\/www.iemj.org\/es\/?s={search_term_string}"},"query-input":{"@type":"PropertyValueSpecification","valueRequired":true,"valueName":"search_term_string"}}],"inLanguage":"es"},{"@type":"Organization","@id":"https:\/\/www.iemj.org\/es\/#organization","name":"Institut Europ\u00e9en des Musiques Juives","url":"https:\/\/www.iemj.org\/es\/","logo":{"@type":"ImageObject","inLanguage":"es","@id":"https:\/\/www.iemj.org\/es\/#\/schema\/logo\/image\/","url":"https:\/\/www.iemj.org\/wp-content\/uploads\/2021\/09\/Logo-IEMJ-Paypal.jpg","contentUrl":"https:\/\/www.iemj.org\/wp-content\/uploads\/2021\/09\/Logo-IEMJ-Paypal.jpg","width":150,"height":50,"caption":"Institut Europ\u00e9en des Musiques Juives"},"image":{"@id":"https:\/\/www.iemj.org\/es\/#\/schema\/logo\/image\/"},"sameAs":["https:\/\/www.facebook.com\/MusiquesJuives\/","https:\/\/www.instagram.com\/musiquesjuives\/","https:\/\/www.youtube.com\/user\/musiquesjuives"]},{"@type":"Person","@id":"https:\/\/www.iemj.org\/es\/#\/schema\/person\/358e26c18aca017fcc4cc15437f7279c","name":"Jacqueline ROTEN","image":{"@type":"ImageObject","inLanguage":"es","@id":"https:\/\/secure.gravatar.com\/avatar\/5964256d6c6957de3a3505278957e0fb2a35119ac47ea41827a65301213c810b?s=96&d=mm&r=g","url":"https:\/\/secure.gravatar.com\/avatar\/5964256d6c6957de3a3505278957e0fb2a35119ac47ea41827a65301213c810b?s=96&d=mm&r=g","contentUrl":"https:\/\/secure.gravatar.com\/avatar\/5964256d6c6957de3a3505278957e0fb2a35119ac47ea41827a65301213c810b?s=96&d=mm&r=g","caption":"Jacqueline ROTEN"}}]}},"_links":{"self":[{"href":"https:\/\/www.iemj.org\/es\/wp-json\/wp\/v2\/posts\/101620","targetHints":{"allow":["GET"]}}],"collection":[{"href":"https:\/\/www.iemj.org\/es\/wp-json\/wp\/v2\/posts"}],"about":[{"href":"https:\/\/www.iemj.org\/es\/wp-json\/wp\/v2\/types\/post"}],"author":[{"embeddable":true,"href":"https:\/\/www.iemj.org\/es\/wp-json\/wp\/v2\/users\/5"}],"replies":[{"embeddable":true,"href":"https:\/\/www.iemj.org\/es\/wp-json\/wp\/v2\/comments?post=101620"}],"version-history":[{"count":0,"href":"https:\/\/www.iemj.org\/es\/wp-json\/wp\/v2\/posts\/101620\/revisions"}],"wp:featuredmedia":[{"embeddable":true,"href":"https:\/\/www.iemj.org\/es\/wp-json\/wp\/v2\/media\/101621"}],"wp:attachment":[{"href":"https:\/\/www.iemj.org\/es\/wp-json\/wp\/v2\/media?parent=101620"}],"wp:term":[{"taxonomy":"category","embeddable":true,"href":"https:\/\/www.iemj.org\/es\/wp-json\/wp\/v2\/categories?post=101620"},{"taxonomy":"post_tag","embeddable":true,"href":"https:\/\/www.iemj.org\/es\/wp-json\/wp\/v2\/tags?post=101620"},{"taxonomy":"technique","embeddable":true,"href":"https:\/\/www.iemj.org\/es\/wp-json\/wp\/v2\/technique?post=101620"},{"taxonomy":"squelettes","embeddable":true,"href":"https:\/\/www.iemj.org\/es\/wp-json\/wp\/v2\/squelettes?post=101620"},{"taxonomy":"sujet","embeddable":true,"href":"https:\/\/www.iemj.org\/es\/wp-json\/wp\/v2\/sujet?post=101620"},{"taxonomy":"formation","embeddable":true,"href":"https:\/\/www.iemj.org\/es\/wp-json\/wp\/v2\/formation?post=101620"},{"taxonomy":"genre","embeddable":true,"href":"https:\/\/www.iemj.org\/es\/wp-json\/wp\/v2\/genre?post=101620"},{"taxonomy":"fonds","embeddable":true,"href":"https:\/\/www.iemj.org\/es\/wp-json\/wp\/v2\/fonds?post=101620"},{"taxonomy":"tradition","embeddable":true,"href":"https:\/\/www.iemj.org\/es\/wp-json\/wp\/v2\/tradition?post=101620"},{"taxonomy":"type-de-contenu","embeddable":true,"href":"https:\/\/www.iemj.org\/es\/wp-json\/wp\/v2\/type-de-contenu?post=101620"},{"taxonomy":"interprete-compositeur","embeddable":true,"href":"https:\/\/www.iemj.org\/es\/wp-json\/wp\/v2\/interprete-compositeur?post=101620"},{"taxonomy":"frise","embeddable":true,"href":"https:\/\/www.iemj.org\/es\/wp-json\/wp\/v2\/frise?post=101620"},{"taxonomy":"type-devenement","embeddable":true,"href":"https:\/\/www.iemj.org\/es\/wp-json\/wp\/v2\/type-devenement?post=101620"},{"taxonomy":"tableaux-liens-externes","embeddable":true,"href":"https:\/\/www.iemj.org\/es\/wp-json\/wp\/v2\/tableaux-liens-externes?post=101620"}],"curies":[{"name":"wp","href":"https:\/\/api.w.org\/{rel}","templated":true}]}}