{"id":101641,"date":"2018-02-01T11:21:32","date_gmt":"2018-02-01T10:21:32","guid":{"rendered":"https:\/\/www.iemj.org\/les-instruments-de-musique-dans-la-bible-entre-mythe-et-realite-conference-de-herve-roten\/"},"modified":"2025-07-07T10:46:24","modified_gmt":"2025-07-07T08:46:24","slug":"les-instruments-de-musique-dans-la-bible-entre-mythe-et-realite-conference-de-herve-roten","status":"publish","type":"post","link":"https:\/\/www.iemj.org\/es\/les-instruments-de-musique-dans-la-bible-entre-mythe-et-realite-conference-de-herve-roten\/","title":{"rendered":"Los instrumentos de m\u00fasica en la Biblia &#8211; Entre mito y realidad: Conferencia de Herv\u00e9 Roten"},"content":{"rendered":"<p>Si en la Biblia se menciona en varias ocasiones el uso de instrumentos de m\u00fasica en el culto o en la vida cotidiana de los hebreos, la descripci\u00f3n de estos instrumentos a menudo es deficiente. As\u00ed que los historiadores y los music\u00f3logos est\u00e1n de acuerdo para afirmar que la famosa arpa de David es en realidad una lira.<\/p>\n<p>Entre los instrumentos citados en la Biblia, s\u00f3lo permanece hoy en d\u00eda el shofar. \u00bf Qu\u00e9 pas\u00f3 con los otros instrumentos ? \u00bf C\u00f3mo eran ?<\/p>\n<p>Herv\u00e9 Roten tratar\u00e1 de hacer una s\u00edntesis sobre los conocimientos musicol\u00f3gicos actuales en este \u00e1mbito. Entre mitos y realidades\u2026<\/p>\n<p><strong>Informaci\u00f3n:<\/strong><br \/>\n<img decoding=\"async\" class=\" alignright size-full wp-image-18141\" src=\"https:\/\/www.iemj.org\/wp-content\/uploads\/2018\/02\/logo_institut_elie_wiesel.png\" alt=\"logo_institut_elie_wiesel.png\" width=\"91\" height=\"130\" align=\"right\" \/>T\u00e9l. : 01.53.20.52.61<br \/>\n<a href=\"m.cohen@instituteliewiesel.com\">m.cohen@instituteliewiesel.com<\/a><\/p>\n<p>Tarifa conferencia: 7 \u20ac<\/p>\n<p><iframe title=\"Les instruments de musique dans la Bible - Entre mythe et r\u00e9alit\u00e9\" width=\"640\" height=\"360\" src=\"https:\/\/www.youtube.com\/embed\/q-KhYmKur_s?feature=oembed\" frameborder=\"0\" allow=\"accelerometer; autoplay; clipboard-write; encrypted-media; gyroscope; picture-in-picture; web-share\" referrerpolicy=\"strict-origin-when-cross-origin\" allowfullscreen><\/iframe><\/p>\n<p>&nbsp;<\/p>\n","protected":false},"excerpt":{"rendered":"<p>Si en la Biblia se menciona en varias ocasiones el uso de instrumentos de m\u00fasica en el culto o en la vida cotidiana de los hebreos, la descripci\u00f3n de estos<\/p>\n","protected":false},"author":5,"featured_media":101642,"comment_status":"closed","ping_status":"open","sticky":false,"template":"","format":"standard","meta":{"_acf_changed":false,"footnotes":""},"categories":[1384,1372],"tags":[3422],"technique":[],"squelettes":[],"sujet":[],"formation":[],"genre":[],"fonds":[],"tradition":[],"type-de-contenu":[],"interprete-compositeur":[],"frise":[],"type-devenement":[],"tableaux-liens-externes":[],"class_list":["post-101641","post","type-post","status-publish","format-standard","has-post-thumbnail","hentry","category-clases-conferencias-es","category-manifestaciones-es","tag-eventos-asociados-es"],"acf":[],"yoast_head":"<!-- This site is optimized with the Yoast SEO plugin v27.3 - https:\/\/yoast.com\/product\/yoast-seo-wordpress\/ -->\n<title>Los instrumentos de m\u00fasica en la Biblia - Entre mito y realidad: Conferencia de Herv\u00e9 Roten - Institut Europ\u00e9en des Musiques Juives<\/title>\n<meta name=\"robots\" content=\"noindex, follow\" \/>\n<meta property=\"og:locale\" content=\"es_ES\" \/>\n<meta property=\"og:type\" content=\"article\" \/>\n<meta property=\"og:title\" content=\"Los instrumentos de m\u00fasica en la Biblia - Entre mito y realidad: Conferencia de Herv\u00e9 Roten - Institut Europ\u00e9en des Musiques Juives\" \/>\n<meta property=\"og:description\" content=\"Si en la Biblia se menciona en varias ocasiones el uso de instrumentos de m\u00fasica en el culto o en la vida cotidiana de los hebreos, la descripci\u00f3n de estos\" \/>\n<meta property=\"og:url\" content=\"https:\/\/www.iemj.org\/es\/les-instruments-de-musique-dans-la-bible-entre-mythe-et-realite-conference-de-herve-roten\/\" \/>\n<meta property=\"og:site_name\" content=\"Institut Europ\u00e9en des Musiques Juives\" \/>\n<meta property=\"article:publisher\" content=\"https:\/\/www.facebook.com\/MusiquesJuives\/\" \/>\n<meta property=\"article:published_time\" content=\"2018-02-01T10:21:32+00:00\" \/>\n<meta property=\"article:modified_time\" content=\"2025-07-07T08:46:24+00:00\" \/>\n<meta property=\"og:image\" content=\"https:\/\/www.iemj.org\/wp-content\/uploads\/2018\/02\/arton3104-e1620046639740.jpg\" \/>\n\t<meta property=\"og:image:width\" content=\"350\" \/>\n\t<meta property=\"og:image:height\" content=\"233\" \/>\n\t<meta property=\"og:image:type\" content=\"image\/jpeg\" \/>\n<meta name=\"author\" content=\"Jacqueline ROTEN\" \/>\n<meta name=\"twitter:card\" content=\"summary_large_image\" \/>\n<meta name=\"twitter:label1\" content=\"Escrito por\" \/>\n\t<meta name=\"twitter:data1\" content=\"Jacqueline ROTEN\" \/>\n\t<meta name=\"twitter:label2\" content=\"Tiempo de lectura\" \/>\n\t<meta name=\"twitter:data2\" content=\"1 minuto\" \/>\n<script type=\"application\/ld+json\" class=\"yoast-schema-graph\">{\"@context\":\"https:\\\/\\\/schema.org\",\"@graph\":[{\"@type\":\"Article\",\"@id\":\"https:\\\/\\\/www.iemj.org\\\/es\\\/les-instruments-de-musique-dans-la-bible-entre-mythe-et-realite-conference-de-herve-roten\\\/#article\",\"isPartOf\":{\"@id\":\"https:\\\/\\\/www.iemj.org\\\/es\\\/les-instruments-de-musique-dans-la-bible-entre-mythe-et-realite-conference-de-herve-roten\\\/\"},\"author\":{\"name\":\"Jacqueline ROTEN\",\"@id\":\"https:\\\/\\\/www.iemj.org\\\/es\\\/#\\\/schema\\\/person\\\/358e26c18aca017fcc4cc15437f7279c\"},\"headline\":\"Los instrumentos de m\u00fasica en la Biblia &#8211; Entre mito y realidad: Conferencia de Herv\u00e9 Roten\",\"datePublished\":\"2018-02-01T10:21:32+00:00\",\"dateModified\":\"2025-07-07T08:46:24+00:00\",\"mainEntityOfPage\":{\"@id\":\"https:\\\/\\\/www.iemj.org\\\/es\\\/les-instruments-de-musique-dans-la-bible-entre-mythe-et-realite-conference-de-herve-roten\\\/\"},\"wordCount\":141,\"publisher\":{\"@id\":\"https:\\\/\\\/www.iemj.org\\\/es\\\/#organization\"},\"image\":{\"@id\":\"https:\\\/\\\/www.iemj.org\\\/es\\\/les-instruments-de-musique-dans-la-bible-entre-mythe-et-realite-conference-de-herve-roten\\\/#primaryimage\"},\"thumbnailUrl\":\"https:\\\/\\\/www.iemj.org\\\/wp-content\\\/uploads\\\/2018\\\/02\\\/arton3104-e1620046639740.jpg\",\"keywords\":[\"Eventos asociados\"],\"articleSection\":[\"Clases \\\/ Conferencias\",\"Manifestaciones\"],\"inLanguage\":\"es\"},{\"@type\":\"WebPage\",\"@id\":\"https:\\\/\\\/www.iemj.org\\\/es\\\/les-instruments-de-musique-dans-la-bible-entre-mythe-et-realite-conference-de-herve-roten\\\/\",\"url\":\"https:\\\/\\\/www.iemj.org\\\/es\\\/les-instruments-de-musique-dans-la-bible-entre-mythe-et-realite-conference-de-herve-roten\\\/\",\"name\":\"Los instrumentos de m\u00fasica en la Biblia - Entre mito y realidad: Conferencia de Herv\u00e9 Roten - Institut Europ\u00e9en des Musiques Juives\",\"isPartOf\":{\"@id\":\"https:\\\/\\\/www.iemj.org\\\/es\\\/#website\"},\"primaryImageOfPage\":{\"@id\":\"https:\\\/\\\/www.iemj.org\\\/es\\\/les-instruments-de-musique-dans-la-bible-entre-mythe-et-realite-conference-de-herve-roten\\\/#primaryimage\"},\"image\":{\"@id\":\"https:\\\/\\\/www.iemj.org\\\/es\\\/les-instruments-de-musique-dans-la-bible-entre-mythe-et-realite-conference-de-herve-roten\\\/#primaryimage\"},\"thumbnailUrl\":\"https:\\\/\\\/www.iemj.org\\\/wp-content\\\/uploads\\\/2018\\\/02\\\/arton3104-e1620046639740.jpg\",\"datePublished\":\"2018-02-01T10:21:32+00:00\",\"dateModified\":\"2025-07-07T08:46:24+00:00\",\"breadcrumb\":{\"@id\":\"https:\\\/\\\/www.iemj.org\\\/es\\\/les-instruments-de-musique-dans-la-bible-entre-mythe-et-realite-conference-de-herve-roten\\\/#breadcrumb\"},\"inLanguage\":\"es\",\"potentialAction\":[{\"@type\":\"ReadAction\",\"target\":[\"https:\\\/\\\/www.iemj.org\\\/es\\\/les-instruments-de-musique-dans-la-bible-entre-mythe-et-realite-conference-de-herve-roten\\\/\"]}]},{\"@type\":\"ImageObject\",\"inLanguage\":\"es\",\"@id\":\"https:\\\/\\\/www.iemj.org\\\/es\\\/les-instruments-de-musique-dans-la-bible-entre-mythe-et-realite-conference-de-herve-roten\\\/#primaryimage\",\"url\":\"https:\\\/\\\/www.iemj.org\\\/wp-content\\\/uploads\\\/2018\\\/02\\\/arton3104-e1620046639740.jpg\",\"contentUrl\":\"https:\\\/\\\/www.iemj.org\\\/wp-content\\\/uploads\\\/2018\\\/02\\\/arton3104-e1620046639740.jpg\",\"width\":350,\"height\":233},{\"@type\":\"BreadcrumbList\",\"@id\":\"https:\\\/\\\/www.iemj.org\\\/es\\\/les-instruments-de-musique-dans-la-bible-entre-mythe-et-realite-conference-de-herve-roten\\\/#breadcrumb\",\"itemListElement\":[{\"@type\":\"ListItem\",\"position\":1,\"name\":\"Accueil\",\"item\":\"https:\\\/\\\/www.iemj.org\\\/es\\\/\"},{\"@type\":\"ListItem\",\"position\":2,\"name\":\"Los instrumentos de m\u00fasica en la Biblia &#8211; Entre mito y realidad: Conferencia de Herv\u00e9 Roten\"}]},{\"@type\":\"WebSite\",\"@id\":\"https:\\\/\\\/www.iemj.org\\\/es\\\/#website\",\"url\":\"https:\\\/\\\/www.iemj.org\\\/es\\\/\",\"name\":\"Institut Europ\u00e9en des Musiques Juives\",\"description\":\"Des traditions musicales \u00e0 la port\u00e9e de tous\",\"publisher\":{\"@id\":\"https:\\\/\\\/www.iemj.org\\\/es\\\/#organization\"},\"potentialAction\":[{\"@type\":\"SearchAction\",\"target\":{\"@type\":\"EntryPoint\",\"urlTemplate\":\"https:\\\/\\\/www.iemj.org\\\/es\\\/?s={search_term_string}\"},\"query-input\":{\"@type\":\"PropertyValueSpecification\",\"valueRequired\":true,\"valueName\":\"search_term_string\"}}],\"inLanguage\":\"es\"},{\"@type\":\"Organization\",\"@id\":\"https:\\\/\\\/www.iemj.org\\\/es\\\/#organization\",\"name\":\"Institut Europ\u00e9en des Musiques Juives\",\"url\":\"https:\\\/\\\/www.iemj.org\\\/es\\\/\",\"logo\":{\"@type\":\"ImageObject\",\"inLanguage\":\"es\",\"@id\":\"https:\\\/\\\/www.iemj.org\\\/es\\\/#\\\/schema\\\/logo\\\/image\\\/\",\"url\":\"https:\\\/\\\/www.iemj.org\\\/wp-content\\\/uploads\\\/2021\\\/09\\\/Logo-IEMJ-Paypal.jpg\",\"contentUrl\":\"https:\\\/\\\/www.iemj.org\\\/wp-content\\\/uploads\\\/2021\\\/09\\\/Logo-IEMJ-Paypal.jpg\",\"width\":150,\"height\":50,\"caption\":\"Institut Europ\u00e9en des Musiques Juives\"},\"image\":{\"@id\":\"https:\\\/\\\/www.iemj.org\\\/es\\\/#\\\/schema\\\/logo\\\/image\\\/\"},\"sameAs\":[\"https:\\\/\\\/www.facebook.com\\\/MusiquesJuives\\\/\",\"https:\\\/\\\/www.instagram.com\\\/musiquesjuives\\\/\",\"https:\\\/\\\/www.youtube.com\\\/user\\\/musiquesjuives\"]},{\"@type\":\"Person\",\"@id\":\"https:\\\/\\\/www.iemj.org\\\/es\\\/#\\\/schema\\\/person\\\/358e26c18aca017fcc4cc15437f7279c\",\"name\":\"Jacqueline ROTEN\",\"image\":{\"@type\":\"ImageObject\",\"inLanguage\":\"es\",\"@id\":\"https:\\\/\\\/secure.gravatar.com\\\/avatar\\\/5964256d6c6957de3a3505278957e0fb2a35119ac47ea41827a65301213c810b?s=96&d=mm&r=g\",\"url\":\"https:\\\/\\\/secure.gravatar.com\\\/avatar\\\/5964256d6c6957de3a3505278957e0fb2a35119ac47ea41827a65301213c810b?s=96&d=mm&r=g\",\"contentUrl\":\"https:\\\/\\\/secure.gravatar.com\\\/avatar\\\/5964256d6c6957de3a3505278957e0fb2a35119ac47ea41827a65301213c810b?s=96&d=mm&r=g\",\"caption\":\"Jacqueline ROTEN\"}}]}<\/script>\n<!-- \/ Yoast SEO plugin. -->","yoast_head_json":{"title":"Los instrumentos de m\u00fasica en la Biblia - Entre mito y realidad: Conferencia de Herv\u00e9 Roten - Institut Europ\u00e9en des Musiques Juives","robots":{"index":"noindex","follow":"follow"},"og_locale":"es_ES","og_type":"article","og_title":"Los instrumentos de m\u00fasica en la Biblia - Entre mito y realidad: Conferencia de Herv\u00e9 Roten - Institut Europ\u00e9en des Musiques Juives","og_description":"Si en la Biblia se menciona en varias ocasiones el uso de instrumentos de m\u00fasica en el culto o en la vida cotidiana de los hebreos, la descripci\u00f3n de estos","og_url":"https:\/\/www.iemj.org\/es\/les-instruments-de-musique-dans-la-bible-entre-mythe-et-realite-conference-de-herve-roten\/","og_site_name":"Institut Europ\u00e9en des Musiques Juives","article_publisher":"https:\/\/www.facebook.com\/MusiquesJuives\/","article_published_time":"2018-02-01T10:21:32+00:00","article_modified_time":"2025-07-07T08:46:24+00:00","og_image":[{"width":350,"height":233,"url":"https:\/\/www.iemj.org\/wp-content\/uploads\/2018\/02\/arton3104-e1620046639740.jpg","type":"image\/jpeg"}],"author":"Jacqueline ROTEN","twitter_card":"summary_large_image","twitter_misc":{"Escrito por":"Jacqueline ROTEN","Tiempo de lectura":"1 minuto"},"schema":{"@context":"https:\/\/schema.org","@graph":[{"@type":"Article","@id":"https:\/\/www.iemj.org\/es\/les-instruments-de-musique-dans-la-bible-entre-mythe-et-realite-conference-de-herve-roten\/#article","isPartOf":{"@id":"https:\/\/www.iemj.org\/es\/les-instruments-de-musique-dans-la-bible-entre-mythe-et-realite-conference-de-herve-roten\/"},"author":{"name":"Jacqueline ROTEN","@id":"https:\/\/www.iemj.org\/es\/#\/schema\/person\/358e26c18aca017fcc4cc15437f7279c"},"headline":"Los instrumentos de m\u00fasica en la Biblia &#8211; Entre mito y realidad: Conferencia de Herv\u00e9 Roten","datePublished":"2018-02-01T10:21:32+00:00","dateModified":"2025-07-07T08:46:24+00:00","mainEntityOfPage":{"@id":"https:\/\/www.iemj.org\/es\/les-instruments-de-musique-dans-la-bible-entre-mythe-et-realite-conference-de-herve-roten\/"},"wordCount":141,"publisher":{"@id":"https:\/\/www.iemj.org\/es\/#organization"},"image":{"@id":"https:\/\/www.iemj.org\/es\/les-instruments-de-musique-dans-la-bible-entre-mythe-et-realite-conference-de-herve-roten\/#primaryimage"},"thumbnailUrl":"https:\/\/www.iemj.org\/wp-content\/uploads\/2018\/02\/arton3104-e1620046639740.jpg","keywords":["Eventos asociados"],"articleSection":["Clases \/ Conferencias","Manifestaciones"],"inLanguage":"es"},{"@type":"WebPage","@id":"https:\/\/www.iemj.org\/es\/les-instruments-de-musique-dans-la-bible-entre-mythe-et-realite-conference-de-herve-roten\/","url":"https:\/\/www.iemj.org\/es\/les-instruments-de-musique-dans-la-bible-entre-mythe-et-realite-conference-de-herve-roten\/","name":"Los instrumentos de m\u00fasica en la Biblia - Entre mito y realidad: Conferencia de Herv\u00e9 Roten - Institut Europ\u00e9en des Musiques Juives","isPartOf":{"@id":"https:\/\/www.iemj.org\/es\/#website"},"primaryImageOfPage":{"@id":"https:\/\/www.iemj.org\/es\/les-instruments-de-musique-dans-la-bible-entre-mythe-et-realite-conference-de-herve-roten\/#primaryimage"},"image":{"@id":"https:\/\/www.iemj.org\/es\/les-instruments-de-musique-dans-la-bible-entre-mythe-et-realite-conference-de-herve-roten\/#primaryimage"},"thumbnailUrl":"https:\/\/www.iemj.org\/wp-content\/uploads\/2018\/02\/arton3104-e1620046639740.jpg","datePublished":"2018-02-01T10:21:32+00:00","dateModified":"2025-07-07T08:46:24+00:00","breadcrumb":{"@id":"https:\/\/www.iemj.org\/es\/les-instruments-de-musique-dans-la-bible-entre-mythe-et-realite-conference-de-herve-roten\/#breadcrumb"},"inLanguage":"es","potentialAction":[{"@type":"ReadAction","target":["https:\/\/www.iemj.org\/es\/les-instruments-de-musique-dans-la-bible-entre-mythe-et-realite-conference-de-herve-roten\/"]}]},{"@type":"ImageObject","inLanguage":"es","@id":"https:\/\/www.iemj.org\/es\/les-instruments-de-musique-dans-la-bible-entre-mythe-et-realite-conference-de-herve-roten\/#primaryimage","url":"https:\/\/www.iemj.org\/wp-content\/uploads\/2018\/02\/arton3104-e1620046639740.jpg","contentUrl":"https:\/\/www.iemj.org\/wp-content\/uploads\/2018\/02\/arton3104-e1620046639740.jpg","width":350,"height":233},{"@type":"BreadcrumbList","@id":"https:\/\/www.iemj.org\/es\/les-instruments-de-musique-dans-la-bible-entre-mythe-et-realite-conference-de-herve-roten\/#breadcrumb","itemListElement":[{"@type":"ListItem","position":1,"name":"Accueil","item":"https:\/\/www.iemj.org\/es\/"},{"@type":"ListItem","position":2,"name":"Los instrumentos de m\u00fasica en la Biblia &#8211; Entre mito y realidad: Conferencia de Herv\u00e9 Roten"}]},{"@type":"WebSite","@id":"https:\/\/www.iemj.org\/es\/#website","url":"https:\/\/www.iemj.org\/es\/","name":"Institut Europ\u00e9en des Musiques Juives","description":"Des traditions musicales \u00e0 la port\u00e9e de tous","publisher":{"@id":"https:\/\/www.iemj.org\/es\/#organization"},"potentialAction":[{"@type":"SearchAction","target":{"@type":"EntryPoint","urlTemplate":"https:\/\/www.iemj.org\/es\/?s={search_term_string}"},"query-input":{"@type":"PropertyValueSpecification","valueRequired":true,"valueName":"search_term_string"}}],"inLanguage":"es"},{"@type":"Organization","@id":"https:\/\/www.iemj.org\/es\/#organization","name":"Institut Europ\u00e9en des Musiques Juives","url":"https:\/\/www.iemj.org\/es\/","logo":{"@type":"ImageObject","inLanguage":"es","@id":"https:\/\/www.iemj.org\/es\/#\/schema\/logo\/image\/","url":"https:\/\/www.iemj.org\/wp-content\/uploads\/2021\/09\/Logo-IEMJ-Paypal.jpg","contentUrl":"https:\/\/www.iemj.org\/wp-content\/uploads\/2021\/09\/Logo-IEMJ-Paypal.jpg","width":150,"height":50,"caption":"Institut Europ\u00e9en des Musiques Juives"},"image":{"@id":"https:\/\/www.iemj.org\/es\/#\/schema\/logo\/image\/"},"sameAs":["https:\/\/www.facebook.com\/MusiquesJuives\/","https:\/\/www.instagram.com\/musiquesjuives\/","https:\/\/www.youtube.com\/user\/musiquesjuives"]},{"@type":"Person","@id":"https:\/\/www.iemj.org\/es\/#\/schema\/person\/358e26c18aca017fcc4cc15437f7279c","name":"Jacqueline ROTEN","image":{"@type":"ImageObject","inLanguage":"es","@id":"https:\/\/secure.gravatar.com\/avatar\/5964256d6c6957de3a3505278957e0fb2a35119ac47ea41827a65301213c810b?s=96&d=mm&r=g","url":"https:\/\/secure.gravatar.com\/avatar\/5964256d6c6957de3a3505278957e0fb2a35119ac47ea41827a65301213c810b?s=96&d=mm&r=g","contentUrl":"https:\/\/secure.gravatar.com\/avatar\/5964256d6c6957de3a3505278957e0fb2a35119ac47ea41827a65301213c810b?s=96&d=mm&r=g","caption":"Jacqueline ROTEN"}}]}},"_links":{"self":[{"href":"https:\/\/www.iemj.org\/es\/wp-json\/wp\/v2\/posts\/101641","targetHints":{"allow":["GET"]}}],"collection":[{"href":"https:\/\/www.iemj.org\/es\/wp-json\/wp\/v2\/posts"}],"about":[{"href":"https:\/\/www.iemj.org\/es\/wp-json\/wp\/v2\/types\/post"}],"author":[{"embeddable":true,"href":"https:\/\/www.iemj.org\/es\/wp-json\/wp\/v2\/users\/5"}],"replies":[{"embeddable":true,"href":"https:\/\/www.iemj.org\/es\/wp-json\/wp\/v2\/comments?post=101641"}],"version-history":[{"count":0,"href":"https:\/\/www.iemj.org\/es\/wp-json\/wp\/v2\/posts\/101641\/revisions"}],"wp:featuredmedia":[{"embeddable":true,"href":"https:\/\/www.iemj.org\/es\/wp-json\/wp\/v2\/media\/101642"}],"wp:attachment":[{"href":"https:\/\/www.iemj.org\/es\/wp-json\/wp\/v2\/media?parent=101641"}],"wp:term":[{"taxonomy":"category","embeddable":true,"href":"https:\/\/www.iemj.org\/es\/wp-json\/wp\/v2\/categories?post=101641"},{"taxonomy":"post_tag","embeddable":true,"href":"https:\/\/www.iemj.org\/es\/wp-json\/wp\/v2\/tags?post=101641"},{"taxonomy":"technique","embeddable":true,"href":"https:\/\/www.iemj.org\/es\/wp-json\/wp\/v2\/technique?post=101641"},{"taxonomy":"squelettes","embeddable":true,"href":"https:\/\/www.iemj.org\/es\/wp-json\/wp\/v2\/squelettes?post=101641"},{"taxonomy":"sujet","embeddable":true,"href":"https:\/\/www.iemj.org\/es\/wp-json\/wp\/v2\/sujet?post=101641"},{"taxonomy":"formation","embeddable":true,"href":"https:\/\/www.iemj.org\/es\/wp-json\/wp\/v2\/formation?post=101641"},{"taxonomy":"genre","embeddable":true,"href":"https:\/\/www.iemj.org\/es\/wp-json\/wp\/v2\/genre?post=101641"},{"taxonomy":"fonds","embeddable":true,"href":"https:\/\/www.iemj.org\/es\/wp-json\/wp\/v2\/fonds?post=101641"},{"taxonomy":"tradition","embeddable":true,"href":"https:\/\/www.iemj.org\/es\/wp-json\/wp\/v2\/tradition?post=101641"},{"taxonomy":"type-de-contenu","embeddable":true,"href":"https:\/\/www.iemj.org\/es\/wp-json\/wp\/v2\/type-de-contenu?post=101641"},{"taxonomy":"interprete-compositeur","embeddable":true,"href":"https:\/\/www.iemj.org\/es\/wp-json\/wp\/v2\/interprete-compositeur?post=101641"},{"taxonomy":"frise","embeddable":true,"href":"https:\/\/www.iemj.org\/es\/wp-json\/wp\/v2\/frise?post=101641"},{"taxonomy":"type-devenement","embeddable":true,"href":"https:\/\/www.iemj.org\/es\/wp-json\/wp\/v2\/type-devenement?post=101641"},{"taxonomy":"tableaux-liens-externes","embeddable":true,"href":"https:\/\/www.iemj.org\/es\/wp-json\/wp\/v2\/tableaux-liens-externes?post=101641"}],"curies":[{"name":"wp","href":"https:\/\/api.w.org\/{rel}","templated":true}]}}