{"id":101706,"date":"2017-03-01T09:49:44","date_gmt":"2017-03-01T08:49:44","guid":{"rendered":"https:\/\/www.iemj.org\/centenaire-du-deces-de-fernand-halphen\/"},"modified":"2023-08-25T12:28:27","modified_gmt":"2023-08-25T10:28:27","slug":"centenaire-du-deces-de-fernand-halphen","status":"publish","type":"post","link":"https:\/\/www.iemj.org\/es\/centenaire-du-deces-de-fernand-halphen\/","title":{"rendered":"Centenario del fallecimiento de Fernand Halphen"},"content":{"rendered":"<p><strong><span style=\"color: #171717;\">Cuatro conciertos<\/span><\/strong><\/p>\n<p align=\"JUSTIFY\"><span style=\"color: #171717;\">A lo largo del mes de marzo de 2017, una serie de <\/span><strong><span style=\"color: #171717;\">4 conciertos <\/span><\/strong><strong><span style=\"color: #171717;\">ofrecidos<\/span><\/strong><span style=\"color: #171717;\"> por la Orquesta del Campus de Orsay, en colaboraci\u00f3n con el IEMJ, pondr\u00e1 al honor las obras<\/span> de <a href=\"https:\/\/www.iemj.org\/es\/halphen-fernand-1872-1917\/\">Fernand Halphen<\/a>, <span style=\"color: #171717;\">junto con las de Gabriel Faur\u00e9 (que fue su profesor) y de Camille Saint-Sa\u00ebns.<\/span><\/p>\n<p>Programa:<br \/>\u2013 la <span style=\"color: #171717;\">sinfon\u00eda en do menor de Fernand Halphen, que no fue interpretada desde 1930,<\/span><br \/>\u2013 <span style=\"color: #171717;\">el concerto para viol\u00edn n\u00b03 de Saint-Sa\u00ebns con el solista\u00a0 <\/span>Gabriel Tchalik,<br \/>\u2013 <span style=\"color: #171717;\">la \u201couverture\u201d de \u201cMasques et Bergamasques\u201d de Faur\u00e9.<\/span><\/p>\n<p><a href=\"https:\/\/www.iemj.org\/concert-de-lorchestre-symphonique-du-campus-dorsay\/\" target=\"_blank\" rel=\"noopener\">S\u00e1bado 11 de marzo a las 20:30 en el aula magna del campus de Orsay<\/a><\/p>\n<p><a href=\"https:\/\/www.iemj.org\/concert-de-lorchestre-symphonique-du-campus-dorsay\/\" target=\"_blank\" rel=\"noopener\">Domingo 12 de marzo a las 16:30 en Antony sala Vasarely<\/a><\/p>\n<p><a href=\"https:\/\/www.iemj.org\/concert-de-lorchestre-symphonique-du-campus-dorsay\/\" target=\"_blank\" rel=\"noopener\">Viernes 17 de marzo en el Cercle des arm\u00e9es (concierto privado)<\/a><\/p>\n<p><a href=\"https:\/\/www.iemj.org\/concert-de-lorchestre-symphonique-du-campus-dorsay\/\" target=\"_blank\" rel=\"noopener\">Domingo 19 de marzo a las 17 en Ville d\u2019Avray en la iglesia Saint Nicolas \u2013 Saint Marc (plaza Charles de Gaulle).<\/a>.<\/p>\n<p><strong><span style=\"color: #171717;\">Un libro colectivo de pr\u00f3xima publicaci\u00f3n<\/span><\/strong><\/p>\n<p align=\"JUSTIFY\"><span style=\"color: #171717;\">Un libro colectivo titulado <\/span> <a href=\"https:\/\/www.iemj.org\/es\/du-salon-au-front-fernand-halphen-1872-1917-compositeur-mecene-et-chef-de-musique-militaire\/\" target=\"_blank\" rel=\"noopener\"><em>Du salon au front : Fernand Halphen (1872-1917), compositeur, m\u00e9c\u00e8ne et chef de musique militaire<\/em><\/a>, <span style=\"color: #171717;\">bajo la direcci\u00f3n de Laure Schnapper, con la colaboraci\u00f3n de Pierre-Andr\u00e9 Meyer \u2013 Prefacio de Herv\u00e9 Roten, se publicar\u00e1 en las Ediciones Hermann en abril de 2017 con ocasi\u00f3n del centenario de este compositor y mecenas muerto por Francia.<\/span><\/p>\n<p><strong><span style=\"color: #171717;\">Lanzamiento de un nuevo CD en la colecci\u00f3n \u201cCl\u00e1sicos\u201d de la Editorial del IEMJ<\/span><\/strong><\/p>\n<p align=\"JUSTIFY\"><span style=\"color: #171717;\">Finales del 2017, un nuevo volumen en la colecci\u00f3n \u201cCl\u00e1sicos\u201d de la Editorial del IEMJ deber\u00eda tambi\u00e9n publicarse, incluyendo en particular la sinfon\u00eda en do menor de Fernand Halphen.<\/span><\/p>\n<p><a href=\"https:\/\/www.iemj.org\/es\/halphen-fernand-1872-1917\/\" target=\"_blank\" rel=\"noopener\">Consultar la biograf\u00eda de Fernand Halphen<\/a><\/p>\n<p><a href=\"https:\/\/www.iemj.org\/fernand-halphen-un-compositeur-juif-dans-la-grande-guerre\/\" target=\"_blank\" rel=\"noopener\">Escuchar el programa de radio del IEMJ : F. Halphen \u2013 un compositor jud\u00edo durante la Gran Guerra<\/a><\/p>\n<div class=\"texte\">\n<div class=\"texte\">\n<p><a href=\"https:\/\/www.iemj.org\/es\/categorie-produit\/partituras-es\/compositores-es\/halphen-fernand-es\/\" target=\"_blank\" rel=\"noopener\">Ver las partituras, CD y libro sobre Fernand Halphen en nuestra tienda en l\u00ednea<\/a><\/p>\n<\/div>\n<\/div>\n\n\n<figure class=\"wp-block-embed is-type-video is-provider-youtube wp-block-embed-youtube wp-embed-aspect-4-3 wp-has-aspect-ratio\"><div class=\"wp-block-embed__wrapper\">\n<iframe title=\"Fernand Halphen - Un compositeur dans la grande guerre\" width=\"640\" height=\"480\" src=\"https:\/\/www.youtube.com\/embed\/Harfbc-6fsI?feature=oembed\" frameborder=\"0\" allow=\"accelerometer; autoplay; clipboard-write; encrypted-media; gyroscope; picture-in-picture; web-share\" referrerpolicy=\"strict-origin-when-cross-origin\" allowfullscreen><\/iframe>\n<\/div><figcaption class=\"wp-element-caption\"><strong>Ver el concierto Halphen en el MAHJ<\/strong><\/figcaption><\/figure>\n","protected":false},"excerpt":{"rendered":"<p>Cuatro conciertos A lo largo del mes de marzo de 2017, una serie de 4 conciertos ofrecidos por la Orquesta del Campus de Orsay, en colaboraci\u00f3n con el IEMJ, pondr\u00e1<\/p>\n","protected":false},"author":5,"featured_media":101707,"comment_status":"closed","ping_status":"open","sticky":false,"template":"","format":"standard","meta":{"_acf_changed":false,"footnotes":""},"categories":[1380,1372],"tags":[3422],"technique":[],"squelettes":[],"sujet":[],"formation":[],"genre":[1899],"fonds":[],"tradition":[],"type-de-contenu":[],"interprete-compositeur":[3166],"frise":[],"type-devenement":[],"tableaux-liens-externes":[],"class_list":["post-101706","post","type-post","status-publish","format-standard","has-post-thumbnail","hentry","category-conciertos-manifestaciones-es","category-manifestaciones-es","tag-eventos-asociados-es","genre-musica-clasica-es","interprete-compositeur-fernand-halphen-es"],"acf":[],"yoast_head":"<!-- This site is optimized with the Yoast SEO plugin v27.3 - https:\/\/yoast.com\/product\/yoast-seo-wordpress\/ -->\n<title>Centenario del fallecimiento de Fernand Halphen - Institut Europ\u00e9en des Musiques Juives<\/title>\n<meta name=\"robots\" content=\"noindex, follow\" \/>\n<meta property=\"og:locale\" content=\"es_ES\" \/>\n<meta property=\"og:type\" content=\"article\" \/>\n<meta property=\"og:title\" content=\"Centenario del fallecimiento de Fernand Halphen - Institut Europ\u00e9en des Musiques Juives\" \/>\n<meta property=\"og:description\" content=\"Cuatro conciertos A lo largo del mes de marzo de 2017, una serie de 4 conciertos ofrecidos por la Orquesta del Campus de Orsay, en colaboraci\u00f3n con el IEMJ, pondr\u00e1\" \/>\n<meta property=\"og:url\" content=\"https:\/\/www.iemj.org\/es\/centenaire-du-deces-de-fernand-halphen\/\" \/>\n<meta property=\"og:site_name\" content=\"Institut Europ\u00e9en des Musiques Juives\" \/>\n<meta property=\"article:publisher\" content=\"https:\/\/www.facebook.com\/MusiquesJuives\/\" \/>\n<meta property=\"article:published_time\" content=\"2017-03-01T08:49:44+00:00\" \/>\n<meta property=\"article:modified_time\" content=\"2023-08-25T10:28:27+00:00\" \/>\n<meta property=\"og:image\" content=\"https:\/\/www.iemj.org\/wp-content\/uploads\/2017\/03\/arton2143.jpg\" \/>\n\t<meta property=\"og:image:width\" content=\"191\" \/>\n\t<meta property=\"og:image:height\" content=\"253\" \/>\n\t<meta property=\"og:image:type\" content=\"image\/jpeg\" \/>\n<meta name=\"author\" content=\"Jacqueline ROTEN\" \/>\n<meta name=\"twitter:card\" content=\"summary_large_image\" \/>\n<meta name=\"twitter:label1\" content=\"Escrito por\" \/>\n\t<meta name=\"twitter:data1\" content=\"Jacqueline ROTEN\" \/>\n\t<meta name=\"twitter:label2\" content=\"Tiempo de lectura\" \/>\n\t<meta name=\"twitter:data2\" content=\"2 minutos\" \/>\n<script type=\"application\/ld+json\" class=\"yoast-schema-graph\">{\"@context\":\"https:\\\/\\\/schema.org\",\"@graph\":[{\"@type\":\"Article\",\"@id\":\"https:\\\/\\\/www.iemj.org\\\/es\\\/centenaire-du-deces-de-fernand-halphen\\\/#article\",\"isPartOf\":{\"@id\":\"https:\\\/\\\/www.iemj.org\\\/es\\\/centenaire-du-deces-de-fernand-halphen\\\/\"},\"author\":{\"name\":\"Jacqueline ROTEN\",\"@id\":\"https:\\\/\\\/www.iemj.org\\\/es\\\/#\\\/schema\\\/person\\\/358e26c18aca017fcc4cc15437f7279c\"},\"headline\":\"Centenario del fallecimiento de Fernand Halphen\",\"datePublished\":\"2017-03-01T08:49:44+00:00\",\"dateModified\":\"2023-08-25T10:28:27+00:00\",\"mainEntityOfPage\":{\"@id\":\"https:\\\/\\\/www.iemj.org\\\/es\\\/centenaire-du-deces-de-fernand-halphen\\\/\"},\"wordCount\":316,\"publisher\":{\"@id\":\"https:\\\/\\\/www.iemj.org\\\/es\\\/#organization\"},\"image\":{\"@id\":\"https:\\\/\\\/www.iemj.org\\\/es\\\/centenaire-du-deces-de-fernand-halphen\\\/#primaryimage\"},\"thumbnailUrl\":\"https:\\\/\\\/www.iemj.org\\\/wp-content\\\/uploads\\\/2017\\\/03\\\/arton2143.jpg\",\"keywords\":[\"Eventos asociados\"],\"articleSection\":[\"Conciertos\",\"Manifestaciones\"],\"inLanguage\":\"es\"},{\"@type\":\"WebPage\",\"@id\":\"https:\\\/\\\/www.iemj.org\\\/es\\\/centenaire-du-deces-de-fernand-halphen\\\/\",\"url\":\"https:\\\/\\\/www.iemj.org\\\/es\\\/centenaire-du-deces-de-fernand-halphen\\\/\",\"name\":\"Centenario del fallecimiento de Fernand Halphen - Institut Europ\u00e9en des Musiques Juives\",\"isPartOf\":{\"@id\":\"https:\\\/\\\/www.iemj.org\\\/es\\\/#website\"},\"primaryImageOfPage\":{\"@id\":\"https:\\\/\\\/www.iemj.org\\\/es\\\/centenaire-du-deces-de-fernand-halphen\\\/#primaryimage\"},\"image\":{\"@id\":\"https:\\\/\\\/www.iemj.org\\\/es\\\/centenaire-du-deces-de-fernand-halphen\\\/#primaryimage\"},\"thumbnailUrl\":\"https:\\\/\\\/www.iemj.org\\\/wp-content\\\/uploads\\\/2017\\\/03\\\/arton2143.jpg\",\"datePublished\":\"2017-03-01T08:49:44+00:00\",\"dateModified\":\"2023-08-25T10:28:27+00:00\",\"breadcrumb\":{\"@id\":\"https:\\\/\\\/www.iemj.org\\\/es\\\/centenaire-du-deces-de-fernand-halphen\\\/#breadcrumb\"},\"inLanguage\":\"es\",\"potentialAction\":[{\"@type\":\"ReadAction\",\"target\":[\"https:\\\/\\\/www.iemj.org\\\/es\\\/centenaire-du-deces-de-fernand-halphen\\\/\"]}]},{\"@type\":\"ImageObject\",\"inLanguage\":\"es\",\"@id\":\"https:\\\/\\\/www.iemj.org\\\/es\\\/centenaire-du-deces-de-fernand-halphen\\\/#primaryimage\",\"url\":\"https:\\\/\\\/www.iemj.org\\\/wp-content\\\/uploads\\\/2017\\\/03\\\/arton2143.jpg\",\"contentUrl\":\"https:\\\/\\\/www.iemj.org\\\/wp-content\\\/uploads\\\/2017\\\/03\\\/arton2143.jpg\",\"width\":191,\"height\":253},{\"@type\":\"BreadcrumbList\",\"@id\":\"https:\\\/\\\/www.iemj.org\\\/es\\\/centenaire-du-deces-de-fernand-halphen\\\/#breadcrumb\",\"itemListElement\":[{\"@type\":\"ListItem\",\"position\":1,\"name\":\"Accueil\",\"item\":\"https:\\\/\\\/www.iemj.org\\\/es\\\/\"},{\"@type\":\"ListItem\",\"position\":2,\"name\":\"Centenario del fallecimiento de Fernand Halphen\"}]},{\"@type\":\"WebSite\",\"@id\":\"https:\\\/\\\/www.iemj.org\\\/es\\\/#website\",\"url\":\"https:\\\/\\\/www.iemj.org\\\/es\\\/\",\"name\":\"Institut Europ\u00e9en des Musiques Juives\",\"description\":\"Des traditions musicales \u00e0 la port\u00e9e de tous\",\"publisher\":{\"@id\":\"https:\\\/\\\/www.iemj.org\\\/es\\\/#organization\"},\"potentialAction\":[{\"@type\":\"SearchAction\",\"target\":{\"@type\":\"EntryPoint\",\"urlTemplate\":\"https:\\\/\\\/www.iemj.org\\\/es\\\/?s={search_term_string}\"},\"query-input\":{\"@type\":\"PropertyValueSpecification\",\"valueRequired\":true,\"valueName\":\"search_term_string\"}}],\"inLanguage\":\"es\"},{\"@type\":\"Organization\",\"@id\":\"https:\\\/\\\/www.iemj.org\\\/es\\\/#organization\",\"name\":\"Institut Europ\u00e9en des Musiques Juives\",\"url\":\"https:\\\/\\\/www.iemj.org\\\/es\\\/\",\"logo\":{\"@type\":\"ImageObject\",\"inLanguage\":\"es\",\"@id\":\"https:\\\/\\\/www.iemj.org\\\/es\\\/#\\\/schema\\\/logo\\\/image\\\/\",\"url\":\"https:\\\/\\\/www.iemj.org\\\/wp-content\\\/uploads\\\/2021\\\/09\\\/Logo-IEMJ-Paypal.jpg\",\"contentUrl\":\"https:\\\/\\\/www.iemj.org\\\/wp-content\\\/uploads\\\/2021\\\/09\\\/Logo-IEMJ-Paypal.jpg\",\"width\":150,\"height\":50,\"caption\":\"Institut Europ\u00e9en des Musiques Juives\"},\"image\":{\"@id\":\"https:\\\/\\\/www.iemj.org\\\/es\\\/#\\\/schema\\\/logo\\\/image\\\/\"},\"sameAs\":[\"https:\\\/\\\/www.facebook.com\\\/MusiquesJuives\\\/\",\"https:\\\/\\\/www.instagram.com\\\/musiquesjuives\\\/\",\"https:\\\/\\\/www.youtube.com\\\/user\\\/musiquesjuives\"]},{\"@type\":\"Person\",\"@id\":\"https:\\\/\\\/www.iemj.org\\\/es\\\/#\\\/schema\\\/person\\\/358e26c18aca017fcc4cc15437f7279c\",\"name\":\"Jacqueline ROTEN\",\"image\":{\"@type\":\"ImageObject\",\"inLanguage\":\"es\",\"@id\":\"https:\\\/\\\/secure.gravatar.com\\\/avatar\\\/5964256d6c6957de3a3505278957e0fb2a35119ac47ea41827a65301213c810b?s=96&d=mm&r=g\",\"url\":\"https:\\\/\\\/secure.gravatar.com\\\/avatar\\\/5964256d6c6957de3a3505278957e0fb2a35119ac47ea41827a65301213c810b?s=96&d=mm&r=g\",\"contentUrl\":\"https:\\\/\\\/secure.gravatar.com\\\/avatar\\\/5964256d6c6957de3a3505278957e0fb2a35119ac47ea41827a65301213c810b?s=96&d=mm&r=g\",\"caption\":\"Jacqueline ROTEN\"}}]}<\/script>\n<!-- \/ Yoast SEO plugin. -->","yoast_head_json":{"title":"Centenario del fallecimiento de Fernand Halphen - Institut Europ\u00e9en des Musiques Juives","robots":{"index":"noindex","follow":"follow"},"og_locale":"es_ES","og_type":"article","og_title":"Centenario del fallecimiento de Fernand Halphen - Institut Europ\u00e9en des Musiques Juives","og_description":"Cuatro conciertos A lo largo del mes de marzo de 2017, una serie de 4 conciertos ofrecidos por la Orquesta del Campus de Orsay, en colaboraci\u00f3n con el IEMJ, pondr\u00e1","og_url":"https:\/\/www.iemj.org\/es\/centenaire-du-deces-de-fernand-halphen\/","og_site_name":"Institut Europ\u00e9en des Musiques Juives","article_publisher":"https:\/\/www.facebook.com\/MusiquesJuives\/","article_published_time":"2017-03-01T08:49:44+00:00","article_modified_time":"2023-08-25T10:28:27+00:00","og_image":[{"width":191,"height":253,"url":"https:\/\/www.iemj.org\/wp-content\/uploads\/2017\/03\/arton2143.jpg","type":"image\/jpeg"}],"author":"Jacqueline ROTEN","twitter_card":"summary_large_image","twitter_misc":{"Escrito por":"Jacqueline ROTEN","Tiempo de lectura":"2 minutos"},"schema":{"@context":"https:\/\/schema.org","@graph":[{"@type":"Article","@id":"https:\/\/www.iemj.org\/es\/centenaire-du-deces-de-fernand-halphen\/#article","isPartOf":{"@id":"https:\/\/www.iemj.org\/es\/centenaire-du-deces-de-fernand-halphen\/"},"author":{"name":"Jacqueline ROTEN","@id":"https:\/\/www.iemj.org\/es\/#\/schema\/person\/358e26c18aca017fcc4cc15437f7279c"},"headline":"Centenario del fallecimiento de Fernand Halphen","datePublished":"2017-03-01T08:49:44+00:00","dateModified":"2023-08-25T10:28:27+00:00","mainEntityOfPage":{"@id":"https:\/\/www.iemj.org\/es\/centenaire-du-deces-de-fernand-halphen\/"},"wordCount":316,"publisher":{"@id":"https:\/\/www.iemj.org\/es\/#organization"},"image":{"@id":"https:\/\/www.iemj.org\/es\/centenaire-du-deces-de-fernand-halphen\/#primaryimage"},"thumbnailUrl":"https:\/\/www.iemj.org\/wp-content\/uploads\/2017\/03\/arton2143.jpg","keywords":["Eventos asociados"],"articleSection":["Conciertos","Manifestaciones"],"inLanguage":"es"},{"@type":"WebPage","@id":"https:\/\/www.iemj.org\/es\/centenaire-du-deces-de-fernand-halphen\/","url":"https:\/\/www.iemj.org\/es\/centenaire-du-deces-de-fernand-halphen\/","name":"Centenario del fallecimiento de Fernand Halphen - Institut Europ\u00e9en des Musiques Juives","isPartOf":{"@id":"https:\/\/www.iemj.org\/es\/#website"},"primaryImageOfPage":{"@id":"https:\/\/www.iemj.org\/es\/centenaire-du-deces-de-fernand-halphen\/#primaryimage"},"image":{"@id":"https:\/\/www.iemj.org\/es\/centenaire-du-deces-de-fernand-halphen\/#primaryimage"},"thumbnailUrl":"https:\/\/www.iemj.org\/wp-content\/uploads\/2017\/03\/arton2143.jpg","datePublished":"2017-03-01T08:49:44+00:00","dateModified":"2023-08-25T10:28:27+00:00","breadcrumb":{"@id":"https:\/\/www.iemj.org\/es\/centenaire-du-deces-de-fernand-halphen\/#breadcrumb"},"inLanguage":"es","potentialAction":[{"@type":"ReadAction","target":["https:\/\/www.iemj.org\/es\/centenaire-du-deces-de-fernand-halphen\/"]}]},{"@type":"ImageObject","inLanguage":"es","@id":"https:\/\/www.iemj.org\/es\/centenaire-du-deces-de-fernand-halphen\/#primaryimage","url":"https:\/\/www.iemj.org\/wp-content\/uploads\/2017\/03\/arton2143.jpg","contentUrl":"https:\/\/www.iemj.org\/wp-content\/uploads\/2017\/03\/arton2143.jpg","width":191,"height":253},{"@type":"BreadcrumbList","@id":"https:\/\/www.iemj.org\/es\/centenaire-du-deces-de-fernand-halphen\/#breadcrumb","itemListElement":[{"@type":"ListItem","position":1,"name":"Accueil","item":"https:\/\/www.iemj.org\/es\/"},{"@type":"ListItem","position":2,"name":"Centenario del fallecimiento de Fernand Halphen"}]},{"@type":"WebSite","@id":"https:\/\/www.iemj.org\/es\/#website","url":"https:\/\/www.iemj.org\/es\/","name":"Institut Europ\u00e9en des Musiques Juives","description":"Des traditions musicales \u00e0 la port\u00e9e de tous","publisher":{"@id":"https:\/\/www.iemj.org\/es\/#organization"},"potentialAction":[{"@type":"SearchAction","target":{"@type":"EntryPoint","urlTemplate":"https:\/\/www.iemj.org\/es\/?s={search_term_string}"},"query-input":{"@type":"PropertyValueSpecification","valueRequired":true,"valueName":"search_term_string"}}],"inLanguage":"es"},{"@type":"Organization","@id":"https:\/\/www.iemj.org\/es\/#organization","name":"Institut Europ\u00e9en des Musiques Juives","url":"https:\/\/www.iemj.org\/es\/","logo":{"@type":"ImageObject","inLanguage":"es","@id":"https:\/\/www.iemj.org\/es\/#\/schema\/logo\/image\/","url":"https:\/\/www.iemj.org\/wp-content\/uploads\/2021\/09\/Logo-IEMJ-Paypal.jpg","contentUrl":"https:\/\/www.iemj.org\/wp-content\/uploads\/2021\/09\/Logo-IEMJ-Paypal.jpg","width":150,"height":50,"caption":"Institut Europ\u00e9en des Musiques Juives"},"image":{"@id":"https:\/\/www.iemj.org\/es\/#\/schema\/logo\/image\/"},"sameAs":["https:\/\/www.facebook.com\/MusiquesJuives\/","https:\/\/www.instagram.com\/musiquesjuives\/","https:\/\/www.youtube.com\/user\/musiquesjuives"]},{"@type":"Person","@id":"https:\/\/www.iemj.org\/es\/#\/schema\/person\/358e26c18aca017fcc4cc15437f7279c","name":"Jacqueline ROTEN","image":{"@type":"ImageObject","inLanguage":"es","@id":"https:\/\/secure.gravatar.com\/avatar\/5964256d6c6957de3a3505278957e0fb2a35119ac47ea41827a65301213c810b?s=96&d=mm&r=g","url":"https:\/\/secure.gravatar.com\/avatar\/5964256d6c6957de3a3505278957e0fb2a35119ac47ea41827a65301213c810b?s=96&d=mm&r=g","contentUrl":"https:\/\/secure.gravatar.com\/avatar\/5964256d6c6957de3a3505278957e0fb2a35119ac47ea41827a65301213c810b?s=96&d=mm&r=g","caption":"Jacqueline ROTEN"}}]}},"_links":{"self":[{"href":"https:\/\/www.iemj.org\/es\/wp-json\/wp\/v2\/posts\/101706","targetHints":{"allow":["GET"]}}],"collection":[{"href":"https:\/\/www.iemj.org\/es\/wp-json\/wp\/v2\/posts"}],"about":[{"href":"https:\/\/www.iemj.org\/es\/wp-json\/wp\/v2\/types\/post"}],"author":[{"embeddable":true,"href":"https:\/\/www.iemj.org\/es\/wp-json\/wp\/v2\/users\/5"}],"replies":[{"embeddable":true,"href":"https:\/\/www.iemj.org\/es\/wp-json\/wp\/v2\/comments?post=101706"}],"version-history":[{"count":0,"href":"https:\/\/www.iemj.org\/es\/wp-json\/wp\/v2\/posts\/101706\/revisions"}],"wp:featuredmedia":[{"embeddable":true,"href":"https:\/\/www.iemj.org\/es\/wp-json\/wp\/v2\/media\/101707"}],"wp:attachment":[{"href":"https:\/\/www.iemj.org\/es\/wp-json\/wp\/v2\/media?parent=101706"}],"wp:term":[{"taxonomy":"category","embeddable":true,"href":"https:\/\/www.iemj.org\/es\/wp-json\/wp\/v2\/categories?post=101706"},{"taxonomy":"post_tag","embeddable":true,"href":"https:\/\/www.iemj.org\/es\/wp-json\/wp\/v2\/tags?post=101706"},{"taxonomy":"technique","embeddable":true,"href":"https:\/\/www.iemj.org\/es\/wp-json\/wp\/v2\/technique?post=101706"},{"taxonomy":"squelettes","embeddable":true,"href":"https:\/\/www.iemj.org\/es\/wp-json\/wp\/v2\/squelettes?post=101706"},{"taxonomy":"sujet","embeddable":true,"href":"https:\/\/www.iemj.org\/es\/wp-json\/wp\/v2\/sujet?post=101706"},{"taxonomy":"formation","embeddable":true,"href":"https:\/\/www.iemj.org\/es\/wp-json\/wp\/v2\/formation?post=101706"},{"taxonomy":"genre","embeddable":true,"href":"https:\/\/www.iemj.org\/es\/wp-json\/wp\/v2\/genre?post=101706"},{"taxonomy":"fonds","embeddable":true,"href":"https:\/\/www.iemj.org\/es\/wp-json\/wp\/v2\/fonds?post=101706"},{"taxonomy":"tradition","embeddable":true,"href":"https:\/\/www.iemj.org\/es\/wp-json\/wp\/v2\/tradition?post=101706"},{"taxonomy":"type-de-contenu","embeddable":true,"href":"https:\/\/www.iemj.org\/es\/wp-json\/wp\/v2\/type-de-contenu?post=101706"},{"taxonomy":"interprete-compositeur","embeddable":true,"href":"https:\/\/www.iemj.org\/es\/wp-json\/wp\/v2\/interprete-compositeur?post=101706"},{"taxonomy":"frise","embeddable":true,"href":"https:\/\/www.iemj.org\/es\/wp-json\/wp\/v2\/frise?post=101706"},{"taxonomy":"type-devenement","embeddable":true,"href":"https:\/\/www.iemj.org\/es\/wp-json\/wp\/v2\/type-devenement?post=101706"},{"taxonomy":"tableaux-liens-externes","embeddable":true,"href":"https:\/\/www.iemj.org\/es\/wp-json\/wp\/v2\/tableaux-liens-externes?post=101706"}],"curies":[{"name":"wp","href":"https:\/\/api.w.org\/{rel}","templated":true}]}}