{"id":101792,"date":"2016-05-03T12:43:33","date_gmt":"2016-05-03T10:43:33","guid":{"rendered":"https:\/\/www.iemj.org\/tsigele-migele-the-tale-of-the-little-white-kid\/"},"modified":"2025-10-20T17:58:44","modified_gmt":"2025-10-20T15:58:44","slug":"tsigele-migele-the-tale-of-the-little-white-kid","status":"publish","type":"post","link":"https:\/\/www.iemj.org\/es\/tsigele-migele-the-tale-of-the-little-white-kid\/","title":{"rendered":"Tsigele-Migele, the tale of the little white kid"},"content":{"rendered":"<p>Grabar un \u00e1lbum de canciones infantiles, nanas y canciones de cuna que guste por igual a peque\u00f1os y mayores no es tarea f\u00e1cil. Es m\u00e1s, con canciones s\u00f3lo en yiddish, el reto estaba lejos de estar ganado. Pero el reto se ha superado con este magn\u00edfico CD de 32 canciones cantadas por Ruth Levin.<\/p>\n<p>Desde las primeras notas de la guitarra al abrir el CD, se siente el ambiente suave, c\u00e1lido y reconfortante de la canci\u00f3n de cuna. Ruth Levin canta, acompa\u00f1ada r\u00e1pidamente por la c\u00e1lida voz de Mendy Cahan. Si a esto a\u00f1adimos las palmas y las risas de los ni\u00f1os, nos encontramos inmersos en la c\u00e1lida habitaci\u00f3n de una casa calentada por la estufa, en un shtetl de Bucovina en una lluviosa tarde de oto\u00f1o.<\/p>\n<p>Esta primera canci\u00f3n marca el tono de las 31 siguientes. Una guitarra aqu\u00ed, un piano all\u00e1, una voz a capella tarareando sobre un fondo de lluvia y canto de p\u00e1jaros, este es un CD para escuchar con una mezcla de alegr\u00eda, emoci\u00f3n, y nostalgia quiz\u00e1s&#8230;<\/p>\n<p>Y no hace falta entender yiddish para disfrutar del CD. Con una mir\u00edada de invitados que cantan, tocan el arpa irlandesa, el violonchelo, el tromb\u00f3n, el piano, las risas de los ni\u00f1os y los ruidos ambientales, \u00a1este \u00e1lbum es un aut\u00e9ntico \u00e9xito! Y no es ninguna sorpresa para Ruth Levin, que es hija de Leibu Levin, el gran trovador yiddish.<\/p>\n<p>Acompa\u00f1ado de un libreto con las letras en yiddish y su traducci\u00f3n al ingl\u00e9s, este CD no tiene desperdicio.<\/p>\n<p><a href=\"https:\/\/www.ruthlevin.info\/\" target=\"_blank\" rel=\"noopener\">M\u00e1s informaci\u00f3n sobre Ruth Levin<\/a><\/p>\n<h2><strong><a href=\"https:\/\/www.iemj.org\/es\/produit\/tsigele-migele\/\" target=\"_blank\" rel=\"noopener\">Pedir el CD en la tienda del IEMJ<\/a><\/strong><\/h2>\n\n<div class=\"wp-block-image\">\n<figure class=\"aligncenter size-large\"><img fetchpriority=\"high\" decoding=\"async\" width=\"1024\" height=\"133\" src=\"https:\/\/www.iemj.org\/wp-content\/uploads\/2024\/03\/AUDIO-PLAYER-1024x133.png\" alt=\"\" class=\"wp-image-110610\" srcset=\"https:\/\/www.iemj.org\/wp-content\/uploads\/2024\/03\/AUDIO-PLAYER-1024x133.png 1024w, https:\/\/www.iemj.org\/wp-content\/uploads\/2024\/03\/AUDIO-PLAYER-300x39.png 300w, https:\/\/www.iemj.org\/wp-content\/uploads\/2024\/03\/AUDIO-PLAYER-768x100.png 768w, https:\/\/www.iemj.org\/wp-content\/uploads\/2024\/03\/AUDIO-PLAYER-600x78.png 600w, https:\/\/www.iemj.org\/wp-content\/uploads\/2024\/03\/AUDIO-PLAYER.png 1210w\" sizes=\"(max-width: 1024px) 100vw, 1024px\" \/><\/figure>\n<\/div>\n\n\n<div class=\"wp-block-file\"><a id=\"wp-block-file--media-3f82590d-f986-442f-8b47-310795202987\" href=\"https:\/\/www.iemj.org\/wp-content\/uploads\/2016\/05\/cd_822_01.mp3\">Patshe kichelech<\/a><\/div>\n\n\n\n<div class=\"wp-block-file\"><a id=\"wp-block-file--media-8cca2838-9de7-4e70-b8ef-b0b91eb5228d\" href=\"https:\/\/www.iemj.org\/wp-content\/uploads\/2016\/05\/cd_822_03.mp3\">Unter Yankeles vigele<\/a><\/div>\n\n\n\n<div class=\"wp-block-file\"><a id=\"wp-block-file--media-a8840120-80f3-4408-aba4-eb7f43ccbd81\" href=\"https:\/\/www.iemj.org\/wp-content\/uploads\/2016\/05\/cd_822_07.mp3\">A maysele<\/a><\/div>\n\n\n\n<div class=\"wp-block-file\"><a id=\"wp-block-file--media-718e8f92-a650-409f-97f0-249039b4e6c7\" href=\"https:\/\/www.iemj.org\/wp-content\/uploads\/2016\/05\/cd_822_11.mp3\">In vald<\/a><\/div>\n\n\n\n<div class=\"wp-block-file\"><a id=\"wp-block-file--media-69a4d4d9-8cb5-41e3-931e-01373cc9ec77\" href=\"https:\/\/www.iemj.org\/wp-content\/uploads\/2016\/05\/cd_822_31.mp3\">Friling iz gekumen (Tsigele-Migele)<\/a><\/div>\n","protected":false},"excerpt":{"rendered":"<p>Grabar un \u00e1lbum de canciones infantiles, nanas y canciones de cuna que guste por igual a peque\u00f1os y mayores no es tarea f\u00e1cil. Es m\u00e1s, con canciones s\u00f3lo en yiddish,<\/p>\n","protected":false},"author":1048,"featured_media":101793,"comment_status":"closed","ping_status":"closed","sticky":false,"template":"","format":"standard","meta":{"_acf_changed":false,"footnotes":""},"categories":[1568,1565],"tags":[],"technique":[],"squelettes":[],"sujet":[],"formation":[],"genre":[1863],"fonds":[],"tradition":[],"type-de-contenu":[],"interprete-compositeur":[],"frise":[],"type-devenement":[],"tableaux-liens-externes":[],"class_list":["post-101792","post","type-post","status-publish","format-standard","has-post-thumbnail","hentry","category-cd-es","category-ultimas-adquisiciones-es","genre-yiddish-es"],"acf":[],"yoast_head":"<!-- This site is optimized with the Yoast SEO plugin v27.3 - https:\/\/yoast.com\/product\/yoast-seo-wordpress\/ -->\n<title>Tsigele-Migele, the tale of the little white kid - Institut Europ\u00e9en des Musiques Juives<\/title>\n<meta name=\"robots\" content=\"index, follow, max-snippet:-1, max-image-preview:large, max-video-preview:-1\" \/>\n<link rel=\"canonical\" href=\"https:\/\/www.iemj.org\/es\/tsigele-migele-the-tale-of-the-little-white-kid\/\" \/>\n<meta property=\"og:locale\" content=\"es_ES\" \/>\n<meta property=\"og:type\" content=\"article\" \/>\n<meta property=\"og:title\" content=\"Tsigele-Migele, the tale of the little white kid - Institut Europ\u00e9en des Musiques Juives\" \/>\n<meta property=\"og:description\" content=\"Grabar un \u00e1lbum de canciones infantiles, nanas y canciones de cuna que guste por igual a peque\u00f1os y mayores no es tarea f\u00e1cil. Es m\u00e1s, con canciones s\u00f3lo en yiddish,\" \/>\n<meta property=\"og:url\" content=\"https:\/\/www.iemj.org\/es\/tsigele-migele-the-tale-of-the-little-white-kid\/\" \/>\n<meta property=\"og:site_name\" content=\"Institut Europ\u00e9en des Musiques Juives\" \/>\n<meta property=\"article:publisher\" content=\"https:\/\/www.facebook.com\/MusiquesJuives\/\" \/>\n<meta property=\"article:published_time\" content=\"2016-05-03T10:43:33+00:00\" \/>\n<meta property=\"article:modified_time\" content=\"2025-10-20T15:58:44+00:00\" \/>\n<meta property=\"og:image\" content=\"https:\/\/www.iemj.org\/wp-content\/uploads\/2016\/05\/arton1652-e1619354238351.jpg\" \/>\n\t<meta property=\"og:image:width\" content=\"350\" \/>\n\t<meta property=\"og:image:height\" content=\"344\" \/>\n\t<meta property=\"og:image:type\" content=\"image\/jpeg\" \/>\n<meta name=\"author\" content=\"Jean-Gabriel Davis\" \/>\n<meta name=\"twitter:card\" content=\"summary_large_image\" \/>\n<meta name=\"twitter:label1\" content=\"Escrito por\" \/>\n\t<meta name=\"twitter:data1\" content=\"Jean-Gabriel Davis\" \/>\n\t<meta name=\"twitter:label2\" content=\"Tiempo de lectura\" \/>\n\t<meta name=\"twitter:data2\" content=\"2 minutos\" \/>\n<script type=\"application\/ld+json\" class=\"yoast-schema-graph\">{\"@context\":\"https:\\\/\\\/schema.org\",\"@graph\":[{\"@type\":\"Article\",\"@id\":\"https:\\\/\\\/www.iemj.org\\\/es\\\/tsigele-migele-the-tale-of-the-little-white-kid\\\/#article\",\"isPartOf\":{\"@id\":\"https:\\\/\\\/www.iemj.org\\\/es\\\/tsigele-migele-the-tale-of-the-little-white-kid\\\/\"},\"author\":{\"name\":\"Jean-Gabriel Davis\",\"@id\":\"https:\\\/\\\/www.iemj.org\\\/es\\\/#\\\/schema\\\/person\\\/c9bc1c386a3749579a2d675e72a18666\"},\"headline\":\"Tsigele-Migele, the tale of the little white kid\",\"datePublished\":\"2016-05-03T10:43:33+00:00\",\"dateModified\":\"2025-10-20T15:58:44+00:00\",\"mainEntityOfPage\":{\"@id\":\"https:\\\/\\\/www.iemj.org\\\/es\\\/tsigele-migele-the-tale-of-the-little-white-kid\\\/\"},\"wordCount\":312,\"publisher\":{\"@id\":\"https:\\\/\\\/www.iemj.org\\\/es\\\/#organization\"},\"image\":{\"@id\":\"https:\\\/\\\/www.iemj.org\\\/es\\\/tsigele-migele-the-tale-of-the-little-white-kid\\\/#primaryimage\"},\"thumbnailUrl\":\"https:\\\/\\\/www.iemj.org\\\/wp-content\\\/uploads\\\/2016\\\/05\\\/arton1652-e1619354238351.jpg\",\"articleSection\":[\"CD\",\"\u00daltimas adquisiciones\"],\"inLanguage\":\"es\"},{\"@type\":\"WebPage\",\"@id\":\"https:\\\/\\\/www.iemj.org\\\/es\\\/tsigele-migele-the-tale-of-the-little-white-kid\\\/\",\"url\":\"https:\\\/\\\/www.iemj.org\\\/es\\\/tsigele-migele-the-tale-of-the-little-white-kid\\\/\",\"name\":\"Tsigele-Migele, the tale of the little white kid - Institut Europ\u00e9en des Musiques Juives\",\"isPartOf\":{\"@id\":\"https:\\\/\\\/www.iemj.org\\\/es\\\/#website\"},\"primaryImageOfPage\":{\"@id\":\"https:\\\/\\\/www.iemj.org\\\/es\\\/tsigele-migele-the-tale-of-the-little-white-kid\\\/#primaryimage\"},\"image\":{\"@id\":\"https:\\\/\\\/www.iemj.org\\\/es\\\/tsigele-migele-the-tale-of-the-little-white-kid\\\/#primaryimage\"},\"thumbnailUrl\":\"https:\\\/\\\/www.iemj.org\\\/wp-content\\\/uploads\\\/2016\\\/05\\\/arton1652-e1619354238351.jpg\",\"datePublished\":\"2016-05-03T10:43:33+00:00\",\"dateModified\":\"2025-10-20T15:58:44+00:00\",\"breadcrumb\":{\"@id\":\"https:\\\/\\\/www.iemj.org\\\/es\\\/tsigele-migele-the-tale-of-the-little-white-kid\\\/#breadcrumb\"},\"inLanguage\":\"es\",\"potentialAction\":[{\"@type\":\"ReadAction\",\"target\":[\"https:\\\/\\\/www.iemj.org\\\/es\\\/tsigele-migele-the-tale-of-the-little-white-kid\\\/\"]}]},{\"@type\":\"ImageObject\",\"inLanguage\":\"es\",\"@id\":\"https:\\\/\\\/www.iemj.org\\\/es\\\/tsigele-migele-the-tale-of-the-little-white-kid\\\/#primaryimage\",\"url\":\"https:\\\/\\\/www.iemj.org\\\/wp-content\\\/uploads\\\/2016\\\/05\\\/arton1652-e1619354238351.jpg\",\"contentUrl\":\"https:\\\/\\\/www.iemj.org\\\/wp-content\\\/uploads\\\/2016\\\/05\\\/arton1652-e1619354238351.jpg\",\"width\":350,\"height\":344},{\"@type\":\"BreadcrumbList\",\"@id\":\"https:\\\/\\\/www.iemj.org\\\/es\\\/tsigele-migele-the-tale-of-the-little-white-kid\\\/#breadcrumb\",\"itemListElement\":[{\"@type\":\"ListItem\",\"position\":1,\"name\":\"Accueil\",\"item\":\"https:\\\/\\\/www.iemj.org\\\/es\\\/\"},{\"@type\":\"ListItem\",\"position\":2,\"name\":\"Tsigele-Migele, the tale of the little white kid\"}]},{\"@type\":\"WebSite\",\"@id\":\"https:\\\/\\\/www.iemj.org\\\/es\\\/#website\",\"url\":\"https:\\\/\\\/www.iemj.org\\\/es\\\/\",\"name\":\"Institut Europ\u00e9en des Musiques Juives\",\"description\":\"Des traditions musicales \u00e0 la port\u00e9e de tous\",\"publisher\":{\"@id\":\"https:\\\/\\\/www.iemj.org\\\/es\\\/#organization\"},\"potentialAction\":[{\"@type\":\"SearchAction\",\"target\":{\"@type\":\"EntryPoint\",\"urlTemplate\":\"https:\\\/\\\/www.iemj.org\\\/es\\\/?s={search_term_string}\"},\"query-input\":{\"@type\":\"PropertyValueSpecification\",\"valueRequired\":true,\"valueName\":\"search_term_string\"}}],\"inLanguage\":\"es\"},{\"@type\":\"Organization\",\"@id\":\"https:\\\/\\\/www.iemj.org\\\/es\\\/#organization\",\"name\":\"Institut Europ\u00e9en des Musiques Juives\",\"url\":\"https:\\\/\\\/www.iemj.org\\\/es\\\/\",\"logo\":{\"@type\":\"ImageObject\",\"inLanguage\":\"es\",\"@id\":\"https:\\\/\\\/www.iemj.org\\\/es\\\/#\\\/schema\\\/logo\\\/image\\\/\",\"url\":\"https:\\\/\\\/www.iemj.org\\\/wp-content\\\/uploads\\\/2021\\\/09\\\/Logo-IEMJ-Paypal.jpg\",\"contentUrl\":\"https:\\\/\\\/www.iemj.org\\\/wp-content\\\/uploads\\\/2021\\\/09\\\/Logo-IEMJ-Paypal.jpg\",\"width\":150,\"height\":50,\"caption\":\"Institut Europ\u00e9en des Musiques Juives\"},\"image\":{\"@id\":\"https:\\\/\\\/www.iemj.org\\\/es\\\/#\\\/schema\\\/logo\\\/image\\\/\"},\"sameAs\":[\"https:\\\/\\\/www.facebook.com\\\/MusiquesJuives\\\/\",\"https:\\\/\\\/www.instagram.com\\\/musiquesjuives\\\/\",\"https:\\\/\\\/www.youtube.com\\\/user\\\/musiquesjuives\"]},{\"@type\":\"Person\",\"@id\":\"https:\\\/\\\/www.iemj.org\\\/es\\\/#\\\/schema\\\/person\\\/c9bc1c386a3749579a2d675e72a18666\",\"name\":\"Jean-Gabriel Davis\",\"image\":{\"@type\":\"ImageObject\",\"inLanguage\":\"es\",\"@id\":\"https:\\\/\\\/secure.gravatar.com\\\/avatar\\\/2b90d67bdf392c9b3a21fab87c0fa7edaf1fb3a058172a1ffd61033fcec7aec1?s=96&d=mm&r=g\",\"url\":\"https:\\\/\\\/secure.gravatar.com\\\/avatar\\\/2b90d67bdf392c9b3a21fab87c0fa7edaf1fb3a058172a1ffd61033fcec7aec1?s=96&d=mm&r=g\",\"contentUrl\":\"https:\\\/\\\/secure.gravatar.com\\\/avatar\\\/2b90d67bdf392c9b3a21fab87c0fa7edaf1fb3a058172a1ffd61033fcec7aec1?s=96&d=mm&r=g\",\"caption\":\"Jean-Gabriel Davis\"}}]}<\/script>\n<!-- \/ Yoast SEO plugin. -->","yoast_head_json":{"title":"Tsigele-Migele, the tale of the little white kid - Institut Europ\u00e9en des Musiques Juives","robots":{"index":"index","follow":"follow","max-snippet":"max-snippet:-1","max-image-preview":"max-image-preview:large","max-video-preview":"max-video-preview:-1"},"canonical":"https:\/\/www.iemj.org\/es\/tsigele-migele-the-tale-of-the-little-white-kid\/","og_locale":"es_ES","og_type":"article","og_title":"Tsigele-Migele, the tale of the little white kid - Institut Europ\u00e9en des Musiques Juives","og_description":"Grabar un \u00e1lbum de canciones infantiles, nanas y canciones de cuna que guste por igual a peque\u00f1os y mayores no es tarea f\u00e1cil. Es m\u00e1s, con canciones s\u00f3lo en yiddish,","og_url":"https:\/\/www.iemj.org\/es\/tsigele-migele-the-tale-of-the-little-white-kid\/","og_site_name":"Institut Europ\u00e9en des Musiques Juives","article_publisher":"https:\/\/www.facebook.com\/MusiquesJuives\/","article_published_time":"2016-05-03T10:43:33+00:00","article_modified_time":"2025-10-20T15:58:44+00:00","og_image":[{"width":350,"height":344,"url":"https:\/\/www.iemj.org\/wp-content\/uploads\/2016\/05\/arton1652-e1619354238351.jpg","type":"image\/jpeg"}],"author":"Jean-Gabriel Davis","twitter_card":"summary_large_image","twitter_misc":{"Escrito por":"Jean-Gabriel Davis","Tiempo de lectura":"2 minutos"},"schema":{"@context":"https:\/\/schema.org","@graph":[{"@type":"Article","@id":"https:\/\/www.iemj.org\/es\/tsigele-migele-the-tale-of-the-little-white-kid\/#article","isPartOf":{"@id":"https:\/\/www.iemj.org\/es\/tsigele-migele-the-tale-of-the-little-white-kid\/"},"author":{"name":"Jean-Gabriel Davis","@id":"https:\/\/www.iemj.org\/es\/#\/schema\/person\/c9bc1c386a3749579a2d675e72a18666"},"headline":"Tsigele-Migele, the tale of the little white kid","datePublished":"2016-05-03T10:43:33+00:00","dateModified":"2025-10-20T15:58:44+00:00","mainEntityOfPage":{"@id":"https:\/\/www.iemj.org\/es\/tsigele-migele-the-tale-of-the-little-white-kid\/"},"wordCount":312,"publisher":{"@id":"https:\/\/www.iemj.org\/es\/#organization"},"image":{"@id":"https:\/\/www.iemj.org\/es\/tsigele-migele-the-tale-of-the-little-white-kid\/#primaryimage"},"thumbnailUrl":"https:\/\/www.iemj.org\/wp-content\/uploads\/2016\/05\/arton1652-e1619354238351.jpg","articleSection":["CD","\u00daltimas adquisiciones"],"inLanguage":"es"},{"@type":"WebPage","@id":"https:\/\/www.iemj.org\/es\/tsigele-migele-the-tale-of-the-little-white-kid\/","url":"https:\/\/www.iemj.org\/es\/tsigele-migele-the-tale-of-the-little-white-kid\/","name":"Tsigele-Migele, the tale of the little white kid - Institut Europ\u00e9en des Musiques Juives","isPartOf":{"@id":"https:\/\/www.iemj.org\/es\/#website"},"primaryImageOfPage":{"@id":"https:\/\/www.iemj.org\/es\/tsigele-migele-the-tale-of-the-little-white-kid\/#primaryimage"},"image":{"@id":"https:\/\/www.iemj.org\/es\/tsigele-migele-the-tale-of-the-little-white-kid\/#primaryimage"},"thumbnailUrl":"https:\/\/www.iemj.org\/wp-content\/uploads\/2016\/05\/arton1652-e1619354238351.jpg","datePublished":"2016-05-03T10:43:33+00:00","dateModified":"2025-10-20T15:58:44+00:00","breadcrumb":{"@id":"https:\/\/www.iemj.org\/es\/tsigele-migele-the-tale-of-the-little-white-kid\/#breadcrumb"},"inLanguage":"es","potentialAction":[{"@type":"ReadAction","target":["https:\/\/www.iemj.org\/es\/tsigele-migele-the-tale-of-the-little-white-kid\/"]}]},{"@type":"ImageObject","inLanguage":"es","@id":"https:\/\/www.iemj.org\/es\/tsigele-migele-the-tale-of-the-little-white-kid\/#primaryimage","url":"https:\/\/www.iemj.org\/wp-content\/uploads\/2016\/05\/arton1652-e1619354238351.jpg","contentUrl":"https:\/\/www.iemj.org\/wp-content\/uploads\/2016\/05\/arton1652-e1619354238351.jpg","width":350,"height":344},{"@type":"BreadcrumbList","@id":"https:\/\/www.iemj.org\/es\/tsigele-migele-the-tale-of-the-little-white-kid\/#breadcrumb","itemListElement":[{"@type":"ListItem","position":1,"name":"Accueil","item":"https:\/\/www.iemj.org\/es\/"},{"@type":"ListItem","position":2,"name":"Tsigele-Migele, the tale of the little white kid"}]},{"@type":"WebSite","@id":"https:\/\/www.iemj.org\/es\/#website","url":"https:\/\/www.iemj.org\/es\/","name":"Institut Europ\u00e9en des Musiques Juives","description":"Des traditions musicales \u00e0 la port\u00e9e de tous","publisher":{"@id":"https:\/\/www.iemj.org\/es\/#organization"},"potentialAction":[{"@type":"SearchAction","target":{"@type":"EntryPoint","urlTemplate":"https:\/\/www.iemj.org\/es\/?s={search_term_string}"},"query-input":{"@type":"PropertyValueSpecification","valueRequired":true,"valueName":"search_term_string"}}],"inLanguage":"es"},{"@type":"Organization","@id":"https:\/\/www.iemj.org\/es\/#organization","name":"Institut Europ\u00e9en des Musiques Juives","url":"https:\/\/www.iemj.org\/es\/","logo":{"@type":"ImageObject","inLanguage":"es","@id":"https:\/\/www.iemj.org\/es\/#\/schema\/logo\/image\/","url":"https:\/\/www.iemj.org\/wp-content\/uploads\/2021\/09\/Logo-IEMJ-Paypal.jpg","contentUrl":"https:\/\/www.iemj.org\/wp-content\/uploads\/2021\/09\/Logo-IEMJ-Paypal.jpg","width":150,"height":50,"caption":"Institut Europ\u00e9en des Musiques Juives"},"image":{"@id":"https:\/\/www.iemj.org\/es\/#\/schema\/logo\/image\/"},"sameAs":["https:\/\/www.facebook.com\/MusiquesJuives\/","https:\/\/www.instagram.com\/musiquesjuives\/","https:\/\/www.youtube.com\/user\/musiquesjuives"]},{"@type":"Person","@id":"https:\/\/www.iemj.org\/es\/#\/schema\/person\/c9bc1c386a3749579a2d675e72a18666","name":"Jean-Gabriel Davis","image":{"@type":"ImageObject","inLanguage":"es","@id":"https:\/\/secure.gravatar.com\/avatar\/2b90d67bdf392c9b3a21fab87c0fa7edaf1fb3a058172a1ffd61033fcec7aec1?s=96&d=mm&r=g","url":"https:\/\/secure.gravatar.com\/avatar\/2b90d67bdf392c9b3a21fab87c0fa7edaf1fb3a058172a1ffd61033fcec7aec1?s=96&d=mm&r=g","contentUrl":"https:\/\/secure.gravatar.com\/avatar\/2b90d67bdf392c9b3a21fab87c0fa7edaf1fb3a058172a1ffd61033fcec7aec1?s=96&d=mm&r=g","caption":"Jean-Gabriel Davis"}}]}},"_links":{"self":[{"href":"https:\/\/www.iemj.org\/es\/wp-json\/wp\/v2\/posts\/101792","targetHints":{"allow":["GET"]}}],"collection":[{"href":"https:\/\/www.iemj.org\/es\/wp-json\/wp\/v2\/posts"}],"about":[{"href":"https:\/\/www.iemj.org\/es\/wp-json\/wp\/v2\/types\/post"}],"author":[{"embeddable":true,"href":"https:\/\/www.iemj.org\/es\/wp-json\/wp\/v2\/users\/1048"}],"replies":[{"embeddable":true,"href":"https:\/\/www.iemj.org\/es\/wp-json\/wp\/v2\/comments?post=101792"}],"version-history":[{"count":1,"href":"https:\/\/www.iemj.org\/es\/wp-json\/wp\/v2\/posts\/101792\/revisions"}],"predecessor-version":[{"id":127540,"href":"https:\/\/www.iemj.org\/es\/wp-json\/wp\/v2\/posts\/101792\/revisions\/127540"}],"wp:featuredmedia":[{"embeddable":true,"href":"https:\/\/www.iemj.org\/es\/wp-json\/wp\/v2\/media\/101793"}],"wp:attachment":[{"href":"https:\/\/www.iemj.org\/es\/wp-json\/wp\/v2\/media?parent=101792"}],"wp:term":[{"taxonomy":"category","embeddable":true,"href":"https:\/\/www.iemj.org\/es\/wp-json\/wp\/v2\/categories?post=101792"},{"taxonomy":"post_tag","embeddable":true,"href":"https:\/\/www.iemj.org\/es\/wp-json\/wp\/v2\/tags?post=101792"},{"taxonomy":"technique","embeddable":true,"href":"https:\/\/www.iemj.org\/es\/wp-json\/wp\/v2\/technique?post=101792"},{"taxonomy":"squelettes","embeddable":true,"href":"https:\/\/www.iemj.org\/es\/wp-json\/wp\/v2\/squelettes?post=101792"},{"taxonomy":"sujet","embeddable":true,"href":"https:\/\/www.iemj.org\/es\/wp-json\/wp\/v2\/sujet?post=101792"},{"taxonomy":"formation","embeddable":true,"href":"https:\/\/www.iemj.org\/es\/wp-json\/wp\/v2\/formation?post=101792"},{"taxonomy":"genre","embeddable":true,"href":"https:\/\/www.iemj.org\/es\/wp-json\/wp\/v2\/genre?post=101792"},{"taxonomy":"fonds","embeddable":true,"href":"https:\/\/www.iemj.org\/es\/wp-json\/wp\/v2\/fonds?post=101792"},{"taxonomy":"tradition","embeddable":true,"href":"https:\/\/www.iemj.org\/es\/wp-json\/wp\/v2\/tradition?post=101792"},{"taxonomy":"type-de-contenu","embeddable":true,"href":"https:\/\/www.iemj.org\/es\/wp-json\/wp\/v2\/type-de-contenu?post=101792"},{"taxonomy":"interprete-compositeur","embeddable":true,"href":"https:\/\/www.iemj.org\/es\/wp-json\/wp\/v2\/interprete-compositeur?post=101792"},{"taxonomy":"frise","embeddable":true,"href":"https:\/\/www.iemj.org\/es\/wp-json\/wp\/v2\/frise?post=101792"},{"taxonomy":"type-devenement","embeddable":true,"href":"https:\/\/www.iemj.org\/es\/wp-json\/wp\/v2\/type-devenement?post=101792"},{"taxonomy":"tableaux-liens-externes","embeddable":true,"href":"https:\/\/www.iemj.org\/es\/wp-json\/wp\/v2\/tableaux-liens-externes?post=101792"}],"curies":[{"name":"wp","href":"https:\/\/api.w.org\/{rel}","templated":true}]}}