{"id":101819,"date":"2016-12-12T12:06:03","date_gmt":"2016-12-12T11:06:03","guid":{"rendered":"https:\/\/www.iemj.org\/cycle-de-cours-la-musique-juive-savante-en-europe-aux-17e-et-18e-siecles-italie-france-hollande\/"},"modified":"2023-08-28T15:39:37","modified_gmt":"2023-08-28T13:39:37","slug":"cycle-de-cours-la-musique-juive-savante-en-europe-aux-17e-et-18e-siecles-italie-france-hollande","status":"publish","type":"post","link":"https:\/\/www.iemj.org\/es\/cycle-de-cours-la-musique-juive-savante-en-europe-aux-17e-et-18e-siecles-italie-france-hollande\/","title":{"rendered":"Curso: La m\u00fasica jud\u00eda culta en Europa en los siglos 17 y 18 (Italia, Francia, Holanda)"},"content":{"rendered":"<p><strong><a href=\"http:\/\/www.instituteliewiesel.com\/\" target=\"_blank\" rel=\"noopener\">El Instituto Elie Wiesel <\/a>organiza, en colaboraci\u00f3n con el Instituto Europeo de M\u00fasicas Jud\u00edas, una serie de cursos impartidos por Herv\u00e9 Roten los jueves 5, 12, 19 y 26 de enero de 2017 de 18:30 a 20:30.<\/strong><\/p>\n<p>Durante siglos, la m\u00fasica jud\u00eda fue compartida a trav\u00e9s de la tradici\u00f3n oral. Salvo algunas excepciones \u2013 como la de Ovadya el pros\u00e9lito normando en el siglo 12 \u2013 los jud\u00edos no anotaban su m\u00fasica. Habr\u00e1 que esperar el Renacimiento italiano del siglo 16 y sobre todo los principios del siglo 17 para que aparezcan las primeras partituras de m\u00fasicas tocadas en un marco jud\u00edo. Aunque estas partituras no reflejan la pr\u00e1ctica musical cotidiana de los jud\u00edos, nos dan informaci\u00f3n importante sobre el nivel de integraci\u00f3n de los jud\u00edos italianos en su entorno cultural. Fue as\u00ed como, desde finales del siglo 16, se mencionan pr\u00e1cticas corales polif\u00f3nicas, a veces acompa\u00f1adas de instrumentos, en las sinagogas de Padua, Ferrara y Mantua. En Venecia, en 1622-23, <a href=\"https:\/\/www.iemj.org\/es\/rossi-salomone-vers-1570-vers-1630\/\">Salomone Rossi<\/a> (ca 1570 &#8211; ca 1630) public\u00f3 una gran colecci\u00f3n de composiciones hebreas lit\u00fargicas \u2013 titulada Ha-Shirim asher li-Shelomo \u2013 incluyendo 33 coros de 3 a 8 voces destinados al culto sinagogal.<\/p>\n<p>Ese movimiento inicial, que se extendi\u00f3 durante el Siglo de las Luces, tambi\u00e9n tendr\u00e1 un impacto en las comunidades jud\u00edas de Amsterdam y del Condado Venaissin. En el siglo 18, se multiplic\u00f3 el n\u00famero de obras musicales escritas en el estilo de la \u00e9poca, ya sea en Italia, Francia u Holanda.<\/p>\n<p>Este curso, dedicado a la memoria de <a href=\"https:\/\/www.iemj.org\/es\/adler-israel-1925-2009\/\" target=\"_blank\" rel=\"noopener\">Israel Adler<\/a> (1925-2009), especialista en m\u00fasicas jud\u00edas barrocas, ser\u00e1 ilustrado con muchos ejemplos sonoros y audiovisuales permitiendo descubrir la riqueza de las pr\u00e1cticas musicales jud\u00edas de la \u00e9poca barroca y cl\u00e1sica, entre 1623 y 1774.<\/p>\n<p><strong>Bibliografia<\/strong><br \/>\n&#8211; Israel Adler, La pratique musicale savante dans quelques communaut\u00e9s juives en Europe aux XVII\u00e8me et XVIII\u00e8me si\u00e8cles, Paris &#8211; La Haye, Mouton &amp; Co, 1966, 2 vol.<br \/>\n&#8211; Don Harran, Salamone Rossi, Jewish Musician in Late Renaissance Mantua. Oxford: Oxford University Press, 1999.<br \/>\n&#8211; Herv\u00e9 Roten, Musiques liturgiques juives (CD incluido), Cit\u00e9 de la Musique\/Actes Sud, 1998.<br \/>\n&#8211; Amnon Shiloah, Les traditions musicales juives, Maisonneuve &amp; Larose, 1995.<\/p>\n<p><strong>Discographie<\/strong><br \/>\n<a href=\"https:\/\/www.iemj.org\/es\/musiques-juives-baroques-venise-mantoue-amsterdam-1623-1774-2\/\">&#8211; Musiques juives baroques, Venise, Mantoue, Amsterdam (1623-1774) \u2013 hommage \u00e0 Israel Adler, Coll. Patrimoines musicaux des Juifs de France, vol. 10, Buda Musique, 2011.<\/a><br \/>\n&#8211; Synagogal Music in the baroque (Amsterdam, Italie et Sud de la France), AMTI CD 9101, C.D.I. Ltd, ed. I. Adler, Israel, 1991.<\/p>\n<p><strong>Calendario:<\/strong> los jueves 5, 12, 19 y 26 de enero de 2017 de 18:30 a 20:30<\/p>\n<p><strong>Precio:<\/strong> 65 \u20ac (30 \u20ac para los estudiantes)<\/p>\n","protected":false},"excerpt":{"rendered":"<p>El Instituto Elie Wiesel organiza, en colaboraci\u00f3n con el Instituto Europeo de M\u00fasicas Jud\u00edas, una serie de cursos impartidos por Herv\u00e9 Roten los jueves 5, 12, 19 y 26 de<\/p>\n","protected":false},"author":5,"featured_media":101820,"comment_status":"closed","ping_status":"open","sticky":false,"template":"","format":"standard","meta":{"_acf_changed":false,"footnotes":""},"categories":[1384,1372],"tags":[3422],"technique":[],"squelettes":[],"sujet":[],"formation":[],"genre":[1894],"fonds":[],"tradition":[],"type-de-contenu":[],"interprete-compositeur":[],"frise":[],"type-devenement":[],"tableaux-liens-externes":[],"class_list":["post-101819","post","type-post","status-publish","format-standard","has-post-thumbnail","hentry","category-clases-conferencias-es","category-manifestaciones-es","tag-eventos-asociados-es","genre-musica-barroca-es"],"acf":[],"yoast_head":"<!-- This site is optimized with the Yoast SEO plugin v27.3 - https:\/\/yoast.com\/product\/yoast-seo-wordpress\/ -->\n<title>Curso: La m\u00fasica jud\u00eda culta en Europa en los siglos 17 y 18 (Italia, Francia, Holanda) - Institut Europ\u00e9en des Musiques Juives<\/title>\n<meta name=\"robots\" content=\"noindex, follow\" \/>\n<meta property=\"og:locale\" content=\"es_ES\" \/>\n<meta property=\"og:type\" content=\"article\" \/>\n<meta property=\"og:title\" content=\"Curso: La m\u00fasica jud\u00eda culta en Europa en los siglos 17 y 18 (Italia, Francia, Holanda) - Institut Europ\u00e9en des Musiques Juives\" \/>\n<meta property=\"og:description\" content=\"El Instituto Elie Wiesel organiza, en colaboraci\u00f3n con el Instituto Europeo de M\u00fasicas Jud\u00edas, una serie de cursos impartidos por Herv\u00e9 Roten los jueves 5, 12, 19 y 26 de\" \/>\n<meta property=\"og:url\" content=\"https:\/\/www.iemj.org\/es\/cycle-de-cours-la-musique-juive-savante-en-europe-aux-17e-et-18e-siecles-italie-france-hollande\/\" \/>\n<meta property=\"og:site_name\" content=\"Institut Europ\u00e9en des Musiques Juives\" \/>\n<meta property=\"article:publisher\" content=\"https:\/\/www.facebook.com\/MusiquesJuives\/\" \/>\n<meta property=\"article:published_time\" content=\"2016-12-12T11:06:03+00:00\" \/>\n<meta property=\"article:modified_time\" content=\"2023-08-28T13:39:37+00:00\" \/>\n<meta property=\"og:image\" content=\"https:\/\/www.iemj.org\/wp-content\/uploads\/2016\/12\/arton1992.jpg\" \/>\n\t<meta property=\"og:image:width\" content=\"735\" \/>\n\t<meta property=\"og:image:height\" content=\"527\" \/>\n\t<meta property=\"og:image:type\" content=\"image\/jpeg\" \/>\n<meta name=\"author\" content=\"Jacqueline ROTEN\" \/>\n<meta name=\"twitter:card\" content=\"summary_large_image\" \/>\n<meta name=\"twitter:label1\" content=\"Escrito por\" \/>\n\t<meta name=\"twitter:data1\" content=\"Jacqueline ROTEN\" \/>\n\t<meta name=\"twitter:label2\" content=\"Tiempo de lectura\" \/>\n\t<meta name=\"twitter:data2\" content=\"3 minutos\" \/>\n<script type=\"application\/ld+json\" class=\"yoast-schema-graph\">{\"@context\":\"https:\\\/\\\/schema.org\",\"@graph\":[{\"@type\":\"Article\",\"@id\":\"https:\\\/\\\/www.iemj.org\\\/es\\\/cycle-de-cours-la-musique-juive-savante-en-europe-aux-17e-et-18e-siecles-italie-france-hollande\\\/#article\",\"isPartOf\":{\"@id\":\"https:\\\/\\\/www.iemj.org\\\/es\\\/cycle-de-cours-la-musique-juive-savante-en-europe-aux-17e-et-18e-siecles-italie-france-hollande\\\/\"},\"author\":{\"name\":\"Jacqueline ROTEN\",\"@id\":\"https:\\\/\\\/www.iemj.org\\\/es\\\/#\\\/schema\\\/person\\\/358e26c18aca017fcc4cc15437f7279c\"},\"headline\":\"Curso: La m\u00fasica jud\u00eda culta en Europa en los siglos 17 y 18 (Italia, Francia, Holanda)\",\"datePublished\":\"2016-12-12T11:06:03+00:00\",\"dateModified\":\"2023-08-28T13:39:37+00:00\",\"mainEntityOfPage\":{\"@id\":\"https:\\\/\\\/www.iemj.org\\\/es\\\/cycle-de-cours-la-musique-juive-savante-en-europe-aux-17e-et-18e-siecles-italie-france-hollande\\\/\"},\"wordCount\":438,\"publisher\":{\"@id\":\"https:\\\/\\\/www.iemj.org\\\/es\\\/#organization\"},\"image\":{\"@id\":\"https:\\\/\\\/www.iemj.org\\\/es\\\/cycle-de-cours-la-musique-juive-savante-en-europe-aux-17e-et-18e-siecles-italie-france-hollande\\\/#primaryimage\"},\"thumbnailUrl\":\"https:\\\/\\\/www.iemj.org\\\/wp-content\\\/uploads\\\/2016\\\/12\\\/arton1992.jpg\",\"keywords\":[\"Eventos asociados\"],\"articleSection\":[\"Clases \\\/ Conferencias\",\"Manifestaciones\"],\"inLanguage\":\"es\"},{\"@type\":\"WebPage\",\"@id\":\"https:\\\/\\\/www.iemj.org\\\/es\\\/cycle-de-cours-la-musique-juive-savante-en-europe-aux-17e-et-18e-siecles-italie-france-hollande\\\/\",\"url\":\"https:\\\/\\\/www.iemj.org\\\/es\\\/cycle-de-cours-la-musique-juive-savante-en-europe-aux-17e-et-18e-siecles-italie-france-hollande\\\/\",\"name\":\"Curso: La m\u00fasica jud\u00eda culta en Europa en los siglos 17 y 18 (Italia, Francia, Holanda) - Institut Europ\u00e9en des Musiques Juives\",\"isPartOf\":{\"@id\":\"https:\\\/\\\/www.iemj.org\\\/es\\\/#website\"},\"primaryImageOfPage\":{\"@id\":\"https:\\\/\\\/www.iemj.org\\\/es\\\/cycle-de-cours-la-musique-juive-savante-en-europe-aux-17e-et-18e-siecles-italie-france-hollande\\\/#primaryimage\"},\"image\":{\"@id\":\"https:\\\/\\\/www.iemj.org\\\/es\\\/cycle-de-cours-la-musique-juive-savante-en-europe-aux-17e-et-18e-siecles-italie-france-hollande\\\/#primaryimage\"},\"thumbnailUrl\":\"https:\\\/\\\/www.iemj.org\\\/wp-content\\\/uploads\\\/2016\\\/12\\\/arton1992.jpg\",\"datePublished\":\"2016-12-12T11:06:03+00:00\",\"dateModified\":\"2023-08-28T13:39:37+00:00\",\"breadcrumb\":{\"@id\":\"https:\\\/\\\/www.iemj.org\\\/es\\\/cycle-de-cours-la-musique-juive-savante-en-europe-aux-17e-et-18e-siecles-italie-france-hollande\\\/#breadcrumb\"},\"inLanguage\":\"es\",\"potentialAction\":[{\"@type\":\"ReadAction\",\"target\":[\"https:\\\/\\\/www.iemj.org\\\/es\\\/cycle-de-cours-la-musique-juive-savante-en-europe-aux-17e-et-18e-siecles-italie-france-hollande\\\/\"]}]},{\"@type\":\"ImageObject\",\"inLanguage\":\"es\",\"@id\":\"https:\\\/\\\/www.iemj.org\\\/es\\\/cycle-de-cours-la-musique-juive-savante-en-europe-aux-17e-et-18e-siecles-italie-france-hollande\\\/#primaryimage\",\"url\":\"https:\\\/\\\/www.iemj.org\\\/wp-content\\\/uploads\\\/2016\\\/12\\\/arton1992.jpg\",\"contentUrl\":\"https:\\\/\\\/www.iemj.org\\\/wp-content\\\/uploads\\\/2016\\\/12\\\/arton1992.jpg\",\"width\":735,\"height\":527},{\"@type\":\"BreadcrumbList\",\"@id\":\"https:\\\/\\\/www.iemj.org\\\/es\\\/cycle-de-cours-la-musique-juive-savante-en-europe-aux-17e-et-18e-siecles-italie-france-hollande\\\/#breadcrumb\",\"itemListElement\":[{\"@type\":\"ListItem\",\"position\":1,\"name\":\"Accueil\",\"item\":\"https:\\\/\\\/www.iemj.org\\\/es\\\/\"},{\"@type\":\"ListItem\",\"position\":2,\"name\":\"Curso: La m\u00fasica jud\u00eda culta en Europa en los siglos 17 y 18 (Italia, Francia, Holanda)\"}]},{\"@type\":\"WebSite\",\"@id\":\"https:\\\/\\\/www.iemj.org\\\/es\\\/#website\",\"url\":\"https:\\\/\\\/www.iemj.org\\\/es\\\/\",\"name\":\"Institut Europ\u00e9en des Musiques Juives\",\"description\":\"Des traditions musicales \u00e0 la port\u00e9e de tous\",\"publisher\":{\"@id\":\"https:\\\/\\\/www.iemj.org\\\/es\\\/#organization\"},\"potentialAction\":[{\"@type\":\"SearchAction\",\"target\":{\"@type\":\"EntryPoint\",\"urlTemplate\":\"https:\\\/\\\/www.iemj.org\\\/es\\\/?s={search_term_string}\"},\"query-input\":{\"@type\":\"PropertyValueSpecification\",\"valueRequired\":true,\"valueName\":\"search_term_string\"}}],\"inLanguage\":\"es\"},{\"@type\":\"Organization\",\"@id\":\"https:\\\/\\\/www.iemj.org\\\/es\\\/#organization\",\"name\":\"Institut Europ\u00e9en des Musiques Juives\",\"url\":\"https:\\\/\\\/www.iemj.org\\\/es\\\/\",\"logo\":{\"@type\":\"ImageObject\",\"inLanguage\":\"es\",\"@id\":\"https:\\\/\\\/www.iemj.org\\\/es\\\/#\\\/schema\\\/logo\\\/image\\\/\",\"url\":\"https:\\\/\\\/www.iemj.org\\\/wp-content\\\/uploads\\\/2021\\\/09\\\/Logo-IEMJ-Paypal.jpg\",\"contentUrl\":\"https:\\\/\\\/www.iemj.org\\\/wp-content\\\/uploads\\\/2021\\\/09\\\/Logo-IEMJ-Paypal.jpg\",\"width\":150,\"height\":50,\"caption\":\"Institut Europ\u00e9en des Musiques Juives\"},\"image\":{\"@id\":\"https:\\\/\\\/www.iemj.org\\\/es\\\/#\\\/schema\\\/logo\\\/image\\\/\"},\"sameAs\":[\"https:\\\/\\\/www.facebook.com\\\/MusiquesJuives\\\/\",\"https:\\\/\\\/www.instagram.com\\\/musiquesjuives\\\/\",\"https:\\\/\\\/www.youtube.com\\\/user\\\/musiquesjuives\"]},{\"@type\":\"Person\",\"@id\":\"https:\\\/\\\/www.iemj.org\\\/es\\\/#\\\/schema\\\/person\\\/358e26c18aca017fcc4cc15437f7279c\",\"name\":\"Jacqueline ROTEN\",\"image\":{\"@type\":\"ImageObject\",\"inLanguage\":\"es\",\"@id\":\"https:\\\/\\\/secure.gravatar.com\\\/avatar\\\/5964256d6c6957de3a3505278957e0fb2a35119ac47ea41827a65301213c810b?s=96&d=mm&r=g\",\"url\":\"https:\\\/\\\/secure.gravatar.com\\\/avatar\\\/5964256d6c6957de3a3505278957e0fb2a35119ac47ea41827a65301213c810b?s=96&d=mm&r=g\",\"contentUrl\":\"https:\\\/\\\/secure.gravatar.com\\\/avatar\\\/5964256d6c6957de3a3505278957e0fb2a35119ac47ea41827a65301213c810b?s=96&d=mm&r=g\",\"caption\":\"Jacqueline ROTEN\"}}]}<\/script>\n<!-- \/ Yoast SEO plugin. -->","yoast_head_json":{"title":"Curso: La m\u00fasica jud\u00eda culta en Europa en los siglos 17 y 18 (Italia, Francia, Holanda) - Institut Europ\u00e9en des Musiques Juives","robots":{"index":"noindex","follow":"follow"},"og_locale":"es_ES","og_type":"article","og_title":"Curso: La m\u00fasica jud\u00eda culta en Europa en los siglos 17 y 18 (Italia, Francia, Holanda) - Institut Europ\u00e9en des Musiques Juives","og_description":"El Instituto Elie Wiesel organiza, en colaboraci\u00f3n con el Instituto Europeo de M\u00fasicas Jud\u00edas, una serie de cursos impartidos por Herv\u00e9 Roten los jueves 5, 12, 19 y 26 de","og_url":"https:\/\/www.iemj.org\/es\/cycle-de-cours-la-musique-juive-savante-en-europe-aux-17e-et-18e-siecles-italie-france-hollande\/","og_site_name":"Institut Europ\u00e9en des Musiques Juives","article_publisher":"https:\/\/www.facebook.com\/MusiquesJuives\/","article_published_time":"2016-12-12T11:06:03+00:00","article_modified_time":"2023-08-28T13:39:37+00:00","og_image":[{"width":735,"height":527,"url":"https:\/\/www.iemj.org\/wp-content\/uploads\/2016\/12\/arton1992.jpg","type":"image\/jpeg"}],"author":"Jacqueline ROTEN","twitter_card":"summary_large_image","twitter_misc":{"Escrito por":"Jacqueline ROTEN","Tiempo de lectura":"3 minutos"},"schema":{"@context":"https:\/\/schema.org","@graph":[{"@type":"Article","@id":"https:\/\/www.iemj.org\/es\/cycle-de-cours-la-musique-juive-savante-en-europe-aux-17e-et-18e-siecles-italie-france-hollande\/#article","isPartOf":{"@id":"https:\/\/www.iemj.org\/es\/cycle-de-cours-la-musique-juive-savante-en-europe-aux-17e-et-18e-siecles-italie-france-hollande\/"},"author":{"name":"Jacqueline ROTEN","@id":"https:\/\/www.iemj.org\/es\/#\/schema\/person\/358e26c18aca017fcc4cc15437f7279c"},"headline":"Curso: La m\u00fasica jud\u00eda culta en Europa en los siglos 17 y 18 (Italia, Francia, Holanda)","datePublished":"2016-12-12T11:06:03+00:00","dateModified":"2023-08-28T13:39:37+00:00","mainEntityOfPage":{"@id":"https:\/\/www.iemj.org\/es\/cycle-de-cours-la-musique-juive-savante-en-europe-aux-17e-et-18e-siecles-italie-france-hollande\/"},"wordCount":438,"publisher":{"@id":"https:\/\/www.iemj.org\/es\/#organization"},"image":{"@id":"https:\/\/www.iemj.org\/es\/cycle-de-cours-la-musique-juive-savante-en-europe-aux-17e-et-18e-siecles-italie-france-hollande\/#primaryimage"},"thumbnailUrl":"https:\/\/www.iemj.org\/wp-content\/uploads\/2016\/12\/arton1992.jpg","keywords":["Eventos asociados"],"articleSection":["Clases \/ Conferencias","Manifestaciones"],"inLanguage":"es"},{"@type":"WebPage","@id":"https:\/\/www.iemj.org\/es\/cycle-de-cours-la-musique-juive-savante-en-europe-aux-17e-et-18e-siecles-italie-france-hollande\/","url":"https:\/\/www.iemj.org\/es\/cycle-de-cours-la-musique-juive-savante-en-europe-aux-17e-et-18e-siecles-italie-france-hollande\/","name":"Curso: La m\u00fasica jud\u00eda culta en Europa en los siglos 17 y 18 (Italia, Francia, Holanda) - Institut Europ\u00e9en des Musiques Juives","isPartOf":{"@id":"https:\/\/www.iemj.org\/es\/#website"},"primaryImageOfPage":{"@id":"https:\/\/www.iemj.org\/es\/cycle-de-cours-la-musique-juive-savante-en-europe-aux-17e-et-18e-siecles-italie-france-hollande\/#primaryimage"},"image":{"@id":"https:\/\/www.iemj.org\/es\/cycle-de-cours-la-musique-juive-savante-en-europe-aux-17e-et-18e-siecles-italie-france-hollande\/#primaryimage"},"thumbnailUrl":"https:\/\/www.iemj.org\/wp-content\/uploads\/2016\/12\/arton1992.jpg","datePublished":"2016-12-12T11:06:03+00:00","dateModified":"2023-08-28T13:39:37+00:00","breadcrumb":{"@id":"https:\/\/www.iemj.org\/es\/cycle-de-cours-la-musique-juive-savante-en-europe-aux-17e-et-18e-siecles-italie-france-hollande\/#breadcrumb"},"inLanguage":"es","potentialAction":[{"@type":"ReadAction","target":["https:\/\/www.iemj.org\/es\/cycle-de-cours-la-musique-juive-savante-en-europe-aux-17e-et-18e-siecles-italie-france-hollande\/"]}]},{"@type":"ImageObject","inLanguage":"es","@id":"https:\/\/www.iemj.org\/es\/cycle-de-cours-la-musique-juive-savante-en-europe-aux-17e-et-18e-siecles-italie-france-hollande\/#primaryimage","url":"https:\/\/www.iemj.org\/wp-content\/uploads\/2016\/12\/arton1992.jpg","contentUrl":"https:\/\/www.iemj.org\/wp-content\/uploads\/2016\/12\/arton1992.jpg","width":735,"height":527},{"@type":"BreadcrumbList","@id":"https:\/\/www.iemj.org\/es\/cycle-de-cours-la-musique-juive-savante-en-europe-aux-17e-et-18e-siecles-italie-france-hollande\/#breadcrumb","itemListElement":[{"@type":"ListItem","position":1,"name":"Accueil","item":"https:\/\/www.iemj.org\/es\/"},{"@type":"ListItem","position":2,"name":"Curso: La m\u00fasica jud\u00eda culta en Europa en los siglos 17 y 18 (Italia, Francia, Holanda)"}]},{"@type":"WebSite","@id":"https:\/\/www.iemj.org\/es\/#website","url":"https:\/\/www.iemj.org\/es\/","name":"Institut Europ\u00e9en des Musiques Juives","description":"Des traditions musicales \u00e0 la port\u00e9e de tous","publisher":{"@id":"https:\/\/www.iemj.org\/es\/#organization"},"potentialAction":[{"@type":"SearchAction","target":{"@type":"EntryPoint","urlTemplate":"https:\/\/www.iemj.org\/es\/?s={search_term_string}"},"query-input":{"@type":"PropertyValueSpecification","valueRequired":true,"valueName":"search_term_string"}}],"inLanguage":"es"},{"@type":"Organization","@id":"https:\/\/www.iemj.org\/es\/#organization","name":"Institut Europ\u00e9en des Musiques Juives","url":"https:\/\/www.iemj.org\/es\/","logo":{"@type":"ImageObject","inLanguage":"es","@id":"https:\/\/www.iemj.org\/es\/#\/schema\/logo\/image\/","url":"https:\/\/www.iemj.org\/wp-content\/uploads\/2021\/09\/Logo-IEMJ-Paypal.jpg","contentUrl":"https:\/\/www.iemj.org\/wp-content\/uploads\/2021\/09\/Logo-IEMJ-Paypal.jpg","width":150,"height":50,"caption":"Institut Europ\u00e9en des Musiques Juives"},"image":{"@id":"https:\/\/www.iemj.org\/es\/#\/schema\/logo\/image\/"},"sameAs":["https:\/\/www.facebook.com\/MusiquesJuives\/","https:\/\/www.instagram.com\/musiquesjuives\/","https:\/\/www.youtube.com\/user\/musiquesjuives"]},{"@type":"Person","@id":"https:\/\/www.iemj.org\/es\/#\/schema\/person\/358e26c18aca017fcc4cc15437f7279c","name":"Jacqueline ROTEN","image":{"@type":"ImageObject","inLanguage":"es","@id":"https:\/\/secure.gravatar.com\/avatar\/5964256d6c6957de3a3505278957e0fb2a35119ac47ea41827a65301213c810b?s=96&d=mm&r=g","url":"https:\/\/secure.gravatar.com\/avatar\/5964256d6c6957de3a3505278957e0fb2a35119ac47ea41827a65301213c810b?s=96&d=mm&r=g","contentUrl":"https:\/\/secure.gravatar.com\/avatar\/5964256d6c6957de3a3505278957e0fb2a35119ac47ea41827a65301213c810b?s=96&d=mm&r=g","caption":"Jacqueline ROTEN"}}]}},"_links":{"self":[{"href":"https:\/\/www.iemj.org\/es\/wp-json\/wp\/v2\/posts\/101819","targetHints":{"allow":["GET"]}}],"collection":[{"href":"https:\/\/www.iemj.org\/es\/wp-json\/wp\/v2\/posts"}],"about":[{"href":"https:\/\/www.iemj.org\/es\/wp-json\/wp\/v2\/types\/post"}],"author":[{"embeddable":true,"href":"https:\/\/www.iemj.org\/es\/wp-json\/wp\/v2\/users\/5"}],"replies":[{"embeddable":true,"href":"https:\/\/www.iemj.org\/es\/wp-json\/wp\/v2\/comments?post=101819"}],"version-history":[{"count":0,"href":"https:\/\/www.iemj.org\/es\/wp-json\/wp\/v2\/posts\/101819\/revisions"}],"wp:featuredmedia":[{"embeddable":true,"href":"https:\/\/www.iemj.org\/es\/wp-json\/wp\/v2\/media\/101820"}],"wp:attachment":[{"href":"https:\/\/www.iemj.org\/es\/wp-json\/wp\/v2\/media?parent=101819"}],"wp:term":[{"taxonomy":"category","embeddable":true,"href":"https:\/\/www.iemj.org\/es\/wp-json\/wp\/v2\/categories?post=101819"},{"taxonomy":"post_tag","embeddable":true,"href":"https:\/\/www.iemj.org\/es\/wp-json\/wp\/v2\/tags?post=101819"},{"taxonomy":"technique","embeddable":true,"href":"https:\/\/www.iemj.org\/es\/wp-json\/wp\/v2\/technique?post=101819"},{"taxonomy":"squelettes","embeddable":true,"href":"https:\/\/www.iemj.org\/es\/wp-json\/wp\/v2\/squelettes?post=101819"},{"taxonomy":"sujet","embeddable":true,"href":"https:\/\/www.iemj.org\/es\/wp-json\/wp\/v2\/sujet?post=101819"},{"taxonomy":"formation","embeddable":true,"href":"https:\/\/www.iemj.org\/es\/wp-json\/wp\/v2\/formation?post=101819"},{"taxonomy":"genre","embeddable":true,"href":"https:\/\/www.iemj.org\/es\/wp-json\/wp\/v2\/genre?post=101819"},{"taxonomy":"fonds","embeddable":true,"href":"https:\/\/www.iemj.org\/es\/wp-json\/wp\/v2\/fonds?post=101819"},{"taxonomy":"tradition","embeddable":true,"href":"https:\/\/www.iemj.org\/es\/wp-json\/wp\/v2\/tradition?post=101819"},{"taxonomy":"type-de-contenu","embeddable":true,"href":"https:\/\/www.iemj.org\/es\/wp-json\/wp\/v2\/type-de-contenu?post=101819"},{"taxonomy":"interprete-compositeur","embeddable":true,"href":"https:\/\/www.iemj.org\/es\/wp-json\/wp\/v2\/interprete-compositeur?post=101819"},{"taxonomy":"frise","embeddable":true,"href":"https:\/\/www.iemj.org\/es\/wp-json\/wp\/v2\/frise?post=101819"},{"taxonomy":"type-devenement","embeddable":true,"href":"https:\/\/www.iemj.org\/es\/wp-json\/wp\/v2\/type-devenement?post=101819"},{"taxonomy":"tableaux-liens-externes","embeddable":true,"href":"https:\/\/www.iemj.org\/es\/wp-json\/wp\/v2\/tableaux-liens-externes?post=101819"}],"curies":[{"name":"wp","href":"https:\/\/api.w.org\/{rel}","templated":true}]}}