{"id":101991,"date":"2016-04-12T12:58:30","date_gmt":"2016-04-12T10:58:30","guid":{"rendered":"https:\/\/www.iemj.org\/chants-et-emotions\/"},"modified":"2025-10-22T14:17:40","modified_gmt":"2025-10-22T12:17:40","slug":"chants-et-emotions","status":"publish","type":"post","link":"https:\/\/www.iemj.org\/es\/chants-et-emotions\/","title":{"rendered":"Chants et Emotions"},"content":{"rendered":"<p>El 1er CD de este cofre recoge grabaciones de conciertos de las Polyphonies H\u00e9bra\u00efques de Strasbourg, entre 2011 y 2013. Este conjunto, formado actualmente por unos cincuenta coristas y solistas bajo la direcci\u00f3n de <strong>Hector Sabo<\/strong>, fue fundado en 1996. Acompa\u00f1ado al \u00f3rgano por <strong>Michel Hild<\/strong>, el coro presenta un repertorio rico y variado de liturgia jud\u00eda de los siglos XVII al XXI, canciones ladinas, canciones israel\u00edes, etc.<\/p>\n<p>Desde 2011, las <a href=\"https:\/\/www.polyphonies67.com\/\" target=\"_blank\" rel=\"noopener\"><em>Polyphonies H\u00e9bra\u00efques de Strasbourg<\/em><\/a> han sido invitadas a actuar en Alsacia, por supuesto, pero tambi\u00e9n en Berl\u00edn y Luxemburgo, en conciertos grabados que constituyen el tel\u00f3n de fondo de este CD.<\/p>\n<p><img fetchpriority=\"high\" decoding=\"async\" class=\" aligncenter wp-image-10138\" src=\"https:\/\/www.iemj.org\/wp-content\/uploads\/2016\/04\/cd_812_couv4.jpg\" alt=\"cd_812_couv4.jpg\" width=\"709\" height=\"620\" align=\"center\" srcset=\"https:\/\/www.iemj.org\/wp-content\/uploads\/2016\/04\/cd_812_couv4.jpg 1113w, https:\/\/www.iemj.org\/wp-content\/uploads\/2016\/04\/cd_812_couv4-300x263.jpg 300w, https:\/\/www.iemj.org\/wp-content\/uploads\/2016\/04\/cd_812_couv4-1024x896.jpg 1024w, https:\/\/www.iemj.org\/wp-content\/uploads\/2016\/04\/cd_812_couv4-768x672.jpg 768w, https:\/\/www.iemj.org\/wp-content\/uploads\/2016\/04\/cd_812_couv4-600x525.jpg 600w\" sizes=\"(max-width: 709px) 100vw, 709px\" \/><\/p>\n<p>La originalidad de la m\u00fasica sinagogal de las grandes capitales europeas y americanas se debe a que a menudo fue encargada a compositores eminentes para ocasiones excepcionales, celebraciones fuera de lo com\u00fan o para marcar un evento importante en la vida de las comunidades jud\u00edas de las grandes ciudades y a veces incluso de las ciudades medianas. Hay composiciones escritas para peque\u00f1os conjuntos vocales profesionales o para conjuntos vocales de alto nivel. El objetivo es elevar espiritualmente ciertos servicios especiales, ceremonias nupciales u otros eventos importantes.<\/p>\n<p>El 2\u00ba CD de este cofre presenta al <em>Ensemble Vocal H\u00e9bra\u00efca<\/em>, que se ha propuesto recuperar, en las mejores condiciones posibles, la calidad musical de estas obras notables, a menudo poco conocidas, que merecen formar parte del \u00abgran repertorio\u00bb de la m\u00fasica universal. El conjunto explora tambi\u00e9n otros estilos musicales derivados o vinculados al canto hebreo, ya sea en versiones originales o en arreglos especialmente adaptados al estilo de los diversos conjuntos vocales.<\/p>\n<p><a href=\"https:\/\/www.polyphonies67.com\/extraits\" target=\"_blank\" rel=\"noopener\">M\u00e1s informaci\u00f3n y pedir el CD<\/a><\/p>\n<p><img decoding=\"async\" class=\"wp-image-110610 aligncenter\" src=\"https:\/\/www.iemj.org\/wp-content\/uploads\/2024\/03\/AUDIO-PLAYER-300x39.png\" alt=\"\" width=\"900\" height=\"117\" srcset=\"https:\/\/www.iemj.org\/wp-content\/uploads\/2024\/03\/AUDIO-PLAYER-300x39.png 300w, https:\/\/www.iemj.org\/wp-content\/uploads\/2024\/03\/AUDIO-PLAYER-1024x133.png 1024w, https:\/\/www.iemj.org\/wp-content\/uploads\/2024\/03\/AUDIO-PLAYER-768x100.png 768w, https:\/\/www.iemj.org\/wp-content\/uploads\/2024\/03\/AUDIO-PLAYER-600x78.png 600w, https:\/\/www.iemj.org\/wp-content\/uploads\/2024\/03\/AUDIO-PLAYER.png 1210w\" sizes=\"(max-width: 900px) 100vw, 900px\" \/><\/p>\n","protected":false},"excerpt":{"rendered":"<p>El 1er CD de este cofre recoge grabaciones de conciertos de las Polyphonies H\u00e9bra\u00efques de Strasbourg, entre 2011 y 2013. Este conjunto, formado actualmente por unos cincuenta coristas y solistas<\/p>\n","protected":false},"author":1048,"featured_media":101992,"comment_status":"closed","ping_status":"closed","sticky":false,"template":"","format":"standard","meta":{"_acf_changed":false,"footnotes":""},"categories":[1568,1565],"tags":[],"technique":[],"squelettes":[],"sujet":[],"formation":[],"genre":[1890],"fonds":[],"tradition":[],"type-de-contenu":[],"interprete-compositeur":[],"frise":[],"type-devenement":[],"tableaux-liens-externes":[],"class_list":["post-101991","post","type-post","status-publish","format-standard","has-post-thumbnail","hentry","category-cd-es","category-ultimas-adquisiciones-es","genre-liturgia-es"],"acf":[],"yoast_head":"<!-- This site is optimized with the Yoast SEO plugin v27.3 - https:\/\/yoast.com\/product\/yoast-seo-wordpress\/ -->\n<title>Chants et Emotions - Institut Europ\u00e9en des Musiques Juives<\/title>\n<meta name=\"robots\" content=\"index, follow, max-snippet:-1, max-image-preview:large, max-video-preview:-1\" \/>\n<link rel=\"canonical\" href=\"https:\/\/www.iemj.org\/es\/chants-et-emotions\/\" \/>\n<meta property=\"og:locale\" content=\"es_ES\" \/>\n<meta property=\"og:type\" content=\"article\" \/>\n<meta property=\"og:title\" content=\"Chants et Emotions - Institut Europ\u00e9en des Musiques Juives\" \/>\n<meta property=\"og:description\" content=\"El 1er CD de este cofre recoge grabaciones de conciertos de las Polyphonies H\u00e9bra\u00efques de Strasbourg, entre 2011 y 2013. Este conjunto, formado actualmente por unos cincuenta coristas y solistas\" \/>\n<meta property=\"og:url\" content=\"https:\/\/www.iemj.org\/es\/chants-et-emotions\/\" \/>\n<meta property=\"og:site_name\" content=\"Institut Europ\u00e9en des Musiques Juives\" \/>\n<meta property=\"article:publisher\" content=\"https:\/\/www.facebook.com\/MusiquesJuives\/\" \/>\n<meta property=\"article:published_time\" content=\"2016-04-12T10:58:30+00:00\" \/>\n<meta property=\"article:modified_time\" content=\"2025-10-22T12:17:40+00:00\" \/>\n<meta property=\"og:image\" content=\"https:\/\/www.iemj.org\/wp-content\/uploads\/2016\/04\/arton1594-e1619368454515.jpg\" \/>\n\t<meta property=\"og:image:width\" content=\"350\" \/>\n\t<meta property=\"og:image:height\" content=\"311\" \/>\n\t<meta property=\"og:image:type\" content=\"image\/jpeg\" \/>\n<meta name=\"author\" content=\"Jean-Gabriel Davis\" \/>\n<meta name=\"twitter:card\" content=\"summary_large_image\" \/>\n<meta name=\"twitter:label1\" content=\"Escrito por\" \/>\n\t<meta name=\"twitter:data1\" content=\"Jean-Gabriel Davis\" \/>\n\t<meta name=\"twitter:label2\" content=\"Tiempo de lectura\" \/>\n\t<meta name=\"twitter:data2\" content=\"2 minutos\" \/>\n<script type=\"application\/ld+json\" class=\"yoast-schema-graph\">{\"@context\":\"https:\\\/\\\/schema.org\",\"@graph\":[{\"@type\":\"Article\",\"@id\":\"https:\\\/\\\/www.iemj.org\\\/es\\\/chants-et-emotions\\\/#article\",\"isPartOf\":{\"@id\":\"https:\\\/\\\/www.iemj.org\\\/es\\\/chants-et-emotions\\\/\"},\"author\":{\"name\":\"Jean-Gabriel Davis\",\"@id\":\"https:\\\/\\\/www.iemj.org\\\/es\\\/#\\\/schema\\\/person\\\/c9bc1c386a3749579a2d675e72a18666\"},\"headline\":\"Chants et Emotions\",\"datePublished\":\"2016-04-12T10:58:30+00:00\",\"dateModified\":\"2025-10-22T12:17:40+00:00\",\"mainEntityOfPage\":{\"@id\":\"https:\\\/\\\/www.iemj.org\\\/es\\\/chants-et-emotions\\\/\"},\"wordCount\":286,\"publisher\":{\"@id\":\"https:\\\/\\\/www.iemj.org\\\/es\\\/#organization\"},\"image\":{\"@id\":\"https:\\\/\\\/www.iemj.org\\\/es\\\/chants-et-emotions\\\/#primaryimage\"},\"thumbnailUrl\":\"https:\\\/\\\/www.iemj.org\\\/wp-content\\\/uploads\\\/2016\\\/04\\\/arton1594-e1619368454515.jpg\",\"articleSection\":[\"CD\",\"\u00daltimas adquisiciones\"],\"inLanguage\":\"es\"},{\"@type\":\"WebPage\",\"@id\":\"https:\\\/\\\/www.iemj.org\\\/es\\\/chants-et-emotions\\\/\",\"url\":\"https:\\\/\\\/www.iemj.org\\\/es\\\/chants-et-emotions\\\/\",\"name\":\"Chants et Emotions - Institut Europ\u00e9en des Musiques Juives\",\"isPartOf\":{\"@id\":\"https:\\\/\\\/www.iemj.org\\\/es\\\/#website\"},\"primaryImageOfPage\":{\"@id\":\"https:\\\/\\\/www.iemj.org\\\/es\\\/chants-et-emotions\\\/#primaryimage\"},\"image\":{\"@id\":\"https:\\\/\\\/www.iemj.org\\\/es\\\/chants-et-emotions\\\/#primaryimage\"},\"thumbnailUrl\":\"https:\\\/\\\/www.iemj.org\\\/wp-content\\\/uploads\\\/2016\\\/04\\\/arton1594-e1619368454515.jpg\",\"datePublished\":\"2016-04-12T10:58:30+00:00\",\"dateModified\":\"2025-10-22T12:17:40+00:00\",\"breadcrumb\":{\"@id\":\"https:\\\/\\\/www.iemj.org\\\/es\\\/chants-et-emotions\\\/#breadcrumb\"},\"inLanguage\":\"es\",\"potentialAction\":[{\"@type\":\"ReadAction\",\"target\":[\"https:\\\/\\\/www.iemj.org\\\/es\\\/chants-et-emotions\\\/\"]}]},{\"@type\":\"ImageObject\",\"inLanguage\":\"es\",\"@id\":\"https:\\\/\\\/www.iemj.org\\\/es\\\/chants-et-emotions\\\/#primaryimage\",\"url\":\"https:\\\/\\\/www.iemj.org\\\/wp-content\\\/uploads\\\/2016\\\/04\\\/arton1594-e1619368454515.jpg\",\"contentUrl\":\"https:\\\/\\\/www.iemj.org\\\/wp-content\\\/uploads\\\/2016\\\/04\\\/arton1594-e1619368454515.jpg\",\"width\":350,\"height\":311},{\"@type\":\"BreadcrumbList\",\"@id\":\"https:\\\/\\\/www.iemj.org\\\/es\\\/chants-et-emotions\\\/#breadcrumb\",\"itemListElement\":[{\"@type\":\"ListItem\",\"position\":1,\"name\":\"Accueil\",\"item\":\"https:\\\/\\\/www.iemj.org\\\/es\\\/\"},{\"@type\":\"ListItem\",\"position\":2,\"name\":\"Chants et Emotions\"}]},{\"@type\":\"WebSite\",\"@id\":\"https:\\\/\\\/www.iemj.org\\\/es\\\/#website\",\"url\":\"https:\\\/\\\/www.iemj.org\\\/es\\\/\",\"name\":\"Institut Europ\u00e9en des Musiques Juives\",\"description\":\"Des traditions musicales \u00e0 la port\u00e9e de tous\",\"publisher\":{\"@id\":\"https:\\\/\\\/www.iemj.org\\\/es\\\/#organization\"},\"potentialAction\":[{\"@type\":\"SearchAction\",\"target\":{\"@type\":\"EntryPoint\",\"urlTemplate\":\"https:\\\/\\\/www.iemj.org\\\/es\\\/?s={search_term_string}\"},\"query-input\":{\"@type\":\"PropertyValueSpecification\",\"valueRequired\":true,\"valueName\":\"search_term_string\"}}],\"inLanguage\":\"es\"},{\"@type\":\"Organization\",\"@id\":\"https:\\\/\\\/www.iemj.org\\\/es\\\/#organization\",\"name\":\"Institut Europ\u00e9en des Musiques Juives\",\"url\":\"https:\\\/\\\/www.iemj.org\\\/es\\\/\",\"logo\":{\"@type\":\"ImageObject\",\"inLanguage\":\"es\",\"@id\":\"https:\\\/\\\/www.iemj.org\\\/es\\\/#\\\/schema\\\/logo\\\/image\\\/\",\"url\":\"https:\\\/\\\/www.iemj.org\\\/wp-content\\\/uploads\\\/2021\\\/09\\\/Logo-IEMJ-Paypal.jpg\",\"contentUrl\":\"https:\\\/\\\/www.iemj.org\\\/wp-content\\\/uploads\\\/2021\\\/09\\\/Logo-IEMJ-Paypal.jpg\",\"width\":150,\"height\":50,\"caption\":\"Institut Europ\u00e9en des Musiques Juives\"},\"image\":{\"@id\":\"https:\\\/\\\/www.iemj.org\\\/es\\\/#\\\/schema\\\/logo\\\/image\\\/\"},\"sameAs\":[\"https:\\\/\\\/www.facebook.com\\\/MusiquesJuives\\\/\",\"https:\\\/\\\/www.instagram.com\\\/musiquesjuives\\\/\",\"https:\\\/\\\/www.youtube.com\\\/user\\\/musiquesjuives\"]},{\"@type\":\"Person\",\"@id\":\"https:\\\/\\\/www.iemj.org\\\/es\\\/#\\\/schema\\\/person\\\/c9bc1c386a3749579a2d675e72a18666\",\"name\":\"Jean-Gabriel Davis\",\"image\":{\"@type\":\"ImageObject\",\"inLanguage\":\"es\",\"@id\":\"https:\\\/\\\/secure.gravatar.com\\\/avatar\\\/2b90d67bdf392c9b3a21fab87c0fa7edaf1fb3a058172a1ffd61033fcec7aec1?s=96&d=mm&r=g\",\"url\":\"https:\\\/\\\/secure.gravatar.com\\\/avatar\\\/2b90d67bdf392c9b3a21fab87c0fa7edaf1fb3a058172a1ffd61033fcec7aec1?s=96&d=mm&r=g\",\"contentUrl\":\"https:\\\/\\\/secure.gravatar.com\\\/avatar\\\/2b90d67bdf392c9b3a21fab87c0fa7edaf1fb3a058172a1ffd61033fcec7aec1?s=96&d=mm&r=g\",\"caption\":\"Jean-Gabriel Davis\"}}]}<\/script>\n<!-- \/ Yoast SEO plugin. -->","yoast_head_json":{"title":"Chants et Emotions - Institut Europ\u00e9en des Musiques Juives","robots":{"index":"index","follow":"follow","max-snippet":"max-snippet:-1","max-image-preview":"max-image-preview:large","max-video-preview":"max-video-preview:-1"},"canonical":"https:\/\/www.iemj.org\/es\/chants-et-emotions\/","og_locale":"es_ES","og_type":"article","og_title":"Chants et Emotions - Institut Europ\u00e9en des Musiques Juives","og_description":"El 1er CD de este cofre recoge grabaciones de conciertos de las Polyphonies H\u00e9bra\u00efques de Strasbourg, entre 2011 y 2013. Este conjunto, formado actualmente por unos cincuenta coristas y solistas","og_url":"https:\/\/www.iemj.org\/es\/chants-et-emotions\/","og_site_name":"Institut Europ\u00e9en des Musiques Juives","article_publisher":"https:\/\/www.facebook.com\/MusiquesJuives\/","article_published_time":"2016-04-12T10:58:30+00:00","article_modified_time":"2025-10-22T12:17:40+00:00","og_image":[{"width":350,"height":311,"url":"https:\/\/www.iemj.org\/wp-content\/uploads\/2016\/04\/arton1594-e1619368454515.jpg","type":"image\/jpeg"}],"author":"Jean-Gabriel Davis","twitter_card":"summary_large_image","twitter_misc":{"Escrito por":"Jean-Gabriel Davis","Tiempo de lectura":"2 minutos"},"schema":{"@context":"https:\/\/schema.org","@graph":[{"@type":"Article","@id":"https:\/\/www.iemj.org\/es\/chants-et-emotions\/#article","isPartOf":{"@id":"https:\/\/www.iemj.org\/es\/chants-et-emotions\/"},"author":{"name":"Jean-Gabriel Davis","@id":"https:\/\/www.iemj.org\/es\/#\/schema\/person\/c9bc1c386a3749579a2d675e72a18666"},"headline":"Chants et Emotions","datePublished":"2016-04-12T10:58:30+00:00","dateModified":"2025-10-22T12:17:40+00:00","mainEntityOfPage":{"@id":"https:\/\/www.iemj.org\/es\/chants-et-emotions\/"},"wordCount":286,"publisher":{"@id":"https:\/\/www.iemj.org\/es\/#organization"},"image":{"@id":"https:\/\/www.iemj.org\/es\/chants-et-emotions\/#primaryimage"},"thumbnailUrl":"https:\/\/www.iemj.org\/wp-content\/uploads\/2016\/04\/arton1594-e1619368454515.jpg","articleSection":["CD","\u00daltimas adquisiciones"],"inLanguage":"es"},{"@type":"WebPage","@id":"https:\/\/www.iemj.org\/es\/chants-et-emotions\/","url":"https:\/\/www.iemj.org\/es\/chants-et-emotions\/","name":"Chants et Emotions - Institut Europ\u00e9en des Musiques Juives","isPartOf":{"@id":"https:\/\/www.iemj.org\/es\/#website"},"primaryImageOfPage":{"@id":"https:\/\/www.iemj.org\/es\/chants-et-emotions\/#primaryimage"},"image":{"@id":"https:\/\/www.iemj.org\/es\/chants-et-emotions\/#primaryimage"},"thumbnailUrl":"https:\/\/www.iemj.org\/wp-content\/uploads\/2016\/04\/arton1594-e1619368454515.jpg","datePublished":"2016-04-12T10:58:30+00:00","dateModified":"2025-10-22T12:17:40+00:00","breadcrumb":{"@id":"https:\/\/www.iemj.org\/es\/chants-et-emotions\/#breadcrumb"},"inLanguage":"es","potentialAction":[{"@type":"ReadAction","target":["https:\/\/www.iemj.org\/es\/chants-et-emotions\/"]}]},{"@type":"ImageObject","inLanguage":"es","@id":"https:\/\/www.iemj.org\/es\/chants-et-emotions\/#primaryimage","url":"https:\/\/www.iemj.org\/wp-content\/uploads\/2016\/04\/arton1594-e1619368454515.jpg","contentUrl":"https:\/\/www.iemj.org\/wp-content\/uploads\/2016\/04\/arton1594-e1619368454515.jpg","width":350,"height":311},{"@type":"BreadcrumbList","@id":"https:\/\/www.iemj.org\/es\/chants-et-emotions\/#breadcrumb","itemListElement":[{"@type":"ListItem","position":1,"name":"Accueil","item":"https:\/\/www.iemj.org\/es\/"},{"@type":"ListItem","position":2,"name":"Chants et Emotions"}]},{"@type":"WebSite","@id":"https:\/\/www.iemj.org\/es\/#website","url":"https:\/\/www.iemj.org\/es\/","name":"Institut Europ\u00e9en des Musiques Juives","description":"Des traditions musicales \u00e0 la port\u00e9e de tous","publisher":{"@id":"https:\/\/www.iemj.org\/es\/#organization"},"potentialAction":[{"@type":"SearchAction","target":{"@type":"EntryPoint","urlTemplate":"https:\/\/www.iemj.org\/es\/?s={search_term_string}"},"query-input":{"@type":"PropertyValueSpecification","valueRequired":true,"valueName":"search_term_string"}}],"inLanguage":"es"},{"@type":"Organization","@id":"https:\/\/www.iemj.org\/es\/#organization","name":"Institut Europ\u00e9en des Musiques Juives","url":"https:\/\/www.iemj.org\/es\/","logo":{"@type":"ImageObject","inLanguage":"es","@id":"https:\/\/www.iemj.org\/es\/#\/schema\/logo\/image\/","url":"https:\/\/www.iemj.org\/wp-content\/uploads\/2021\/09\/Logo-IEMJ-Paypal.jpg","contentUrl":"https:\/\/www.iemj.org\/wp-content\/uploads\/2021\/09\/Logo-IEMJ-Paypal.jpg","width":150,"height":50,"caption":"Institut Europ\u00e9en des Musiques Juives"},"image":{"@id":"https:\/\/www.iemj.org\/es\/#\/schema\/logo\/image\/"},"sameAs":["https:\/\/www.facebook.com\/MusiquesJuives\/","https:\/\/www.instagram.com\/musiquesjuives\/","https:\/\/www.youtube.com\/user\/musiquesjuives"]},{"@type":"Person","@id":"https:\/\/www.iemj.org\/es\/#\/schema\/person\/c9bc1c386a3749579a2d675e72a18666","name":"Jean-Gabriel Davis","image":{"@type":"ImageObject","inLanguage":"es","@id":"https:\/\/secure.gravatar.com\/avatar\/2b90d67bdf392c9b3a21fab87c0fa7edaf1fb3a058172a1ffd61033fcec7aec1?s=96&d=mm&r=g","url":"https:\/\/secure.gravatar.com\/avatar\/2b90d67bdf392c9b3a21fab87c0fa7edaf1fb3a058172a1ffd61033fcec7aec1?s=96&d=mm&r=g","contentUrl":"https:\/\/secure.gravatar.com\/avatar\/2b90d67bdf392c9b3a21fab87c0fa7edaf1fb3a058172a1ffd61033fcec7aec1?s=96&d=mm&r=g","caption":"Jean-Gabriel Davis"}}]}},"_links":{"self":[{"href":"https:\/\/www.iemj.org\/es\/wp-json\/wp\/v2\/posts\/101991","targetHints":{"allow":["GET"]}}],"collection":[{"href":"https:\/\/www.iemj.org\/es\/wp-json\/wp\/v2\/posts"}],"about":[{"href":"https:\/\/www.iemj.org\/es\/wp-json\/wp\/v2\/types\/post"}],"author":[{"embeddable":true,"href":"https:\/\/www.iemj.org\/es\/wp-json\/wp\/v2\/users\/1048"}],"replies":[{"embeddable":true,"href":"https:\/\/www.iemj.org\/es\/wp-json\/wp\/v2\/comments?post=101991"}],"version-history":[{"count":1,"href":"https:\/\/www.iemj.org\/es\/wp-json\/wp\/v2\/posts\/101991\/revisions"}],"predecessor-version":[{"id":127649,"href":"https:\/\/www.iemj.org\/es\/wp-json\/wp\/v2\/posts\/101991\/revisions\/127649"}],"wp:featuredmedia":[{"embeddable":true,"href":"https:\/\/www.iemj.org\/es\/wp-json\/wp\/v2\/media\/101992"}],"wp:attachment":[{"href":"https:\/\/www.iemj.org\/es\/wp-json\/wp\/v2\/media?parent=101991"}],"wp:term":[{"taxonomy":"category","embeddable":true,"href":"https:\/\/www.iemj.org\/es\/wp-json\/wp\/v2\/categories?post=101991"},{"taxonomy":"post_tag","embeddable":true,"href":"https:\/\/www.iemj.org\/es\/wp-json\/wp\/v2\/tags?post=101991"},{"taxonomy":"technique","embeddable":true,"href":"https:\/\/www.iemj.org\/es\/wp-json\/wp\/v2\/technique?post=101991"},{"taxonomy":"squelettes","embeddable":true,"href":"https:\/\/www.iemj.org\/es\/wp-json\/wp\/v2\/squelettes?post=101991"},{"taxonomy":"sujet","embeddable":true,"href":"https:\/\/www.iemj.org\/es\/wp-json\/wp\/v2\/sujet?post=101991"},{"taxonomy":"formation","embeddable":true,"href":"https:\/\/www.iemj.org\/es\/wp-json\/wp\/v2\/formation?post=101991"},{"taxonomy":"genre","embeddable":true,"href":"https:\/\/www.iemj.org\/es\/wp-json\/wp\/v2\/genre?post=101991"},{"taxonomy":"fonds","embeddable":true,"href":"https:\/\/www.iemj.org\/es\/wp-json\/wp\/v2\/fonds?post=101991"},{"taxonomy":"tradition","embeddable":true,"href":"https:\/\/www.iemj.org\/es\/wp-json\/wp\/v2\/tradition?post=101991"},{"taxonomy":"type-de-contenu","embeddable":true,"href":"https:\/\/www.iemj.org\/es\/wp-json\/wp\/v2\/type-de-contenu?post=101991"},{"taxonomy":"interprete-compositeur","embeddable":true,"href":"https:\/\/www.iemj.org\/es\/wp-json\/wp\/v2\/interprete-compositeur?post=101991"},{"taxonomy":"frise","embeddable":true,"href":"https:\/\/www.iemj.org\/es\/wp-json\/wp\/v2\/frise?post=101991"},{"taxonomy":"type-devenement","embeddable":true,"href":"https:\/\/www.iemj.org\/es\/wp-json\/wp\/v2\/type-devenement?post=101991"},{"taxonomy":"tableaux-liens-externes","embeddable":true,"href":"https:\/\/www.iemj.org\/es\/wp-json\/wp\/v2\/tableaux-liens-externes?post=101991"}],"curies":[{"name":"wp","href":"https:\/\/api.w.org\/{rel}","templated":true}]}}