{"id":102010,"date":"2014-07-10T16:34:52","date_gmt":"2014-07-10T14:34:52","guid":{"rendered":"https:\/\/www.iemj.org\/colloque-et-concerts-vox-aurea-via-sacra-2014-la-musique-sacree-juive\/"},"modified":"2023-08-29T17:14:24","modified_gmt":"2023-08-29T15:14:24","slug":"colloque-et-concerts-vox-aurea-via-sacra-2014-la-musique-sacree-juive","status":"publish","type":"post","link":"https:\/\/www.iemj.org\/es\/colloque-et-concerts-vox-aurea-via-sacra-2014-la-musique-sacree-juive\/","title":{"rendered":"Coloquio y Conciertos Vox Aurea \u2013 Via Sacra 2014 &#8211; La M\u00fasica Sacra Jud\u00eda"},"content":{"rendered":"<h3 class=\"post_excerpt\"><strong>Domingo 7 de septiembre de 2014, 18200 Saint-Amand-Montrond<\/strong><\/h3>\n<h3><\/h3>\n<p><!--more--><br \/>\nLa m\u00fasica sacra ocupa un lugar importante en la historia musical jud\u00eda. Hasta los principios del siglo 18, la historia de la m\u00fasica religiosa jud\u00eda, salvo muy pocas excepciones, representa la de la m\u00fasica jud\u00eda en s\u00ed. A lo largo de este d\u00eda, comunicaciones seguidas de conciertos nos guiar\u00e1n hacia el coraz\u00f3n del canto sagrado jud\u00edo, sus tradiciones b\u00edblicas, sinagogales o m\u00edsticas, a trav\u00e9s de las grandes tradiciones asquenaz\u00edes de Europa del Este o del Oeste, y sefard\u00edes de los pa\u00edses del Magreb.<\/p>\n<p>\u00a1A pocos kil\u00f3metros de la ciudad de Bourges, un evento que no se puede perder!<\/p>\n<p><strong>PROGRAMMA:<\/strong><br \/>\n<span style=\"color: ff6600;\"><b>COLOQUIO<\/b> (entrada libre \u2013 comida con reserva previa)<\/span><\/p>\n<p>8h &#8211; Recepci\u00f3n y t\u00e9 verde<br \/>\n<strong>8h45 &#8211; Thierry Vin\u00e7on<\/strong><br \/>\nAlcalde de Saint-Amand-Montrond<br \/>\n<em>Observaciones introductorias<\/em><br \/>\n<strong>9h &#8211; Herv\u00e9 Roten<\/strong><br \/>\nDirector del Instituto Europeo de M\u00fasicas Jud\u00edas<br \/>\n<a href=\"https:\/\/www.iemj.org\/limportance-du-chant-dans-la-tradition-juive-herve-roten\/\" target=\"_blank\" rel=\"noopener\"><em>La importancia del canto en la tradici\u00f3n jud\u00eda<\/em><\/a><\/p>\n<p>10h00: pausa<\/p>\n<p><strong>10h30 &#8211; Jean-Philippe Amar<\/strong><br \/>\nMusic\u00f3logo<br \/>\n<a href=\"https:\/\/www.iemj.org\/cantillation-biblique-et-psalmodie-jean-philippe-amar\/\" target=\"_blank\" rel=\"noopener\"><em>Cantilena b\u00edblica y salmodia<\/em><\/a><br \/>\n<strong>11h30 &#8211; Hector Sabo<\/strong><br \/>\nMusic\u00f3logo, director musical del Coro Jud\u00edo de Francia y de los Conjuntos H\u00e9bra\u00efca y Polifon\u00edas Hebreas de Estrasburgo<br \/>\n<a href=\"https:\/\/www.iemj.org\/la-voix-dans-la-tradition-liturgique-ashkenaze-hector-sabo\/\" target=\"_blank\" rel=\"noopener\"><em>La voz en la tradici\u00f3n lit\u00fargica asquenaz\u00ed<\/em><\/a><br \/>\n<strong>14h &#8211; Marc-Alain Ouaknin<\/strong><br \/>\nRabino, fil\u00f3sofo y profesor universitario<br \/>\n<a href=\"https:\/\/www.iemj.org\/le-chant-mystique-dans-la-tradition-hassidique-marc-alain-ouaknin\/\" target=\"_blank\" rel=\"noopener\"><em>El canto m\u00edstico en la tradici\u00f3n jas\u00eddica<\/em><\/a><br \/>\n<strong>15h &#8211; Jacques Arnold<\/strong><br \/>\nCantor y rabino honorario<br \/>\n<a href=\"https:\/\/www.iemj.org\/le-hazzan-vecteur-du-chant-synagogal-jacques-arnold\/\" target=\"_blank\" rel=\"noopener\"><em>El haz\u00e1n: portador del canto sinagogal<\/em><\/a><\/p>\n<p><strong>CONCIERTOS <\/strong>(entrada: 20 \u20ac)<br \/>\n<strong>17h \u2013 EL CORO JUD\u00cdO DE FRANCIA<\/strong><br \/>\n<a href=\"https:\/\/www.iemj.org\/es\/chants-liturgiques-des-juifs-ashkenazes-le-choeur-juif-de-france\/\" target=\"_blank\" rel=\"noopener\"><em>Cantos lit\u00fargicos de los Jud\u00eds asquenaz\u00edes<\/em><\/a><br \/>\nHector SABO, dir.<br \/>\n<strong>20h30 \u2013 PHILIPPE y MIKAEL DARMON<\/strong><br \/>\n<a href=\"https:\/\/www.iemj.org\/es\/chants-liturgiques-de-juifs-sepharades-philippe-darmon\/\" target=\"_blank\" rel=\"noopener\"><em>Cantos lit\u00fargicos sefard\u00edes<\/em><\/a><\/p>\n<p><strong>Informaci\u00f3n y reservaciones<\/strong><br \/>\ntel. 02 48 63 83 11: H\u00f4tel de Ville 2 rue Philibert-Audebrand, BP 196<br \/>\ntel. 02 48 96 16 86: Office de Tourisme Place de la R\u00e9publique<br \/>\n18200 Saint-Amand-Montrond<\/p>\n<p>p\u00e1gina web: <a href=\"http:\/\/www.voxaurea-viasacra.com\">www.voxaurea-viasacra.com<\/a><br \/>\ncorreo electr\u00f3nico: <a href=\"mailto:contact@voxaurea-viasacra.com\">contact@voxaurea-viasacra.com<\/a><\/p>\n","protected":false},"excerpt":{"rendered":"<p>Domingo 7 de septiembre de 2014, 18200 Saint-Amand-Montrond<\/p>\n","protected":false},"author":1050,"featured_media":102011,"comment_status":"closed","ping_status":"closed","sticky":false,"template":"","format":"standard","meta":{"_acf_changed":false,"footnotes":""},"categories":[1384,1376,1372],"tags":[],"technique":[],"squelettes":[],"sujet":[],"formation":[],"genre":[1890],"fonds":[],"tradition":[],"type-de-contenu":[],"interprete-compositeur":[],"frise":[],"type-devenement":[],"tableaux-liens-externes":[],"class_list":["post-102010","post","type-post","status-publish","format-standard","has-post-thumbnail","hentry","category-clases-conferencias-es","category-coloquio-es","category-manifestaciones-es","genre-liturgia-es"],"acf":[],"yoast_head":"<!-- This site is optimized with the Yoast SEO plugin v27.3 - https:\/\/yoast.com\/product\/yoast-seo-wordpress\/ -->\n<title>Coloquio y Conciertos Vox Aurea \u2013 Via Sacra 2014 - La M\u00fasica Sacra Jud\u00eda - Institut Europ\u00e9en des Musiques Juives<\/title>\n<meta name=\"robots\" content=\"noindex, follow\" \/>\n<meta property=\"og:locale\" content=\"es_ES\" \/>\n<meta property=\"og:type\" content=\"article\" \/>\n<meta property=\"og:title\" content=\"Coloquio y Conciertos Vox Aurea \u2013 Via Sacra 2014 - La M\u00fasica Sacra Jud\u00eda - Institut Europ\u00e9en des Musiques Juives\" \/>\n<meta property=\"og:description\" content=\"Domingo 7 de septiembre de 2014, 18200 Saint-Amand-Montrond\" \/>\n<meta property=\"og:url\" content=\"https:\/\/www.iemj.org\/es\/colloque-et-concerts-vox-aurea-via-sacra-2014-la-musique-sacree-juive\/\" \/>\n<meta property=\"og:site_name\" content=\"Institut Europ\u00e9en des Musiques Juives\" \/>\n<meta property=\"article:publisher\" content=\"https:\/\/www.facebook.com\/MusiquesJuives\/\" \/>\n<meta property=\"article:published_time\" content=\"2014-07-10T14:34:52+00:00\" \/>\n<meta property=\"article:modified_time\" content=\"2023-08-29T15:14:24+00:00\" \/>\n<meta property=\"og:image\" content=\"https:\/\/www.iemj.org\/wp-content\/uploads\/2014\/07\/arton900.png\" \/>\n\t<meta property=\"og:image:width\" content=\"281\" \/>\n\t<meta property=\"og:image:height\" content=\"176\" \/>\n\t<meta property=\"og:image:type\" content=\"image\/png\" \/>\n<meta name=\"author\" content=\"ncochin\" \/>\n<meta name=\"twitter:card\" content=\"summary_large_image\" \/>\n<meta name=\"twitter:label1\" content=\"Escrito por\" \/>\n\t<meta name=\"twitter:data1\" content=\"ncochin\" \/>\n\t<meta name=\"twitter:label2\" content=\"Tiempo de lectura\" \/>\n\t<meta name=\"twitter:data2\" content=\"2 minutos\" \/>\n<script type=\"application\/ld+json\" class=\"yoast-schema-graph\">{\"@context\":\"https:\\\/\\\/schema.org\",\"@graph\":[{\"@type\":\"Article\",\"@id\":\"https:\\\/\\\/www.iemj.org\\\/es\\\/colloque-et-concerts-vox-aurea-via-sacra-2014-la-musique-sacree-juive\\\/#article\",\"isPartOf\":{\"@id\":\"https:\\\/\\\/www.iemj.org\\\/es\\\/colloque-et-concerts-vox-aurea-via-sacra-2014-la-musique-sacree-juive\\\/\"},\"author\":{\"name\":\"ncochin\",\"@id\":\"https:\\\/\\\/www.iemj.org\\\/es\\\/#\\\/schema\\\/person\\\/f826ad11b0cd58dd99babe0a3fbcb86e\"},\"headline\":\"Coloquio y Conciertos Vox Aurea \u2013 Via Sacra 2014 &#8211; La M\u00fasica Sacra Jud\u00eda\",\"datePublished\":\"2014-07-10T14:34:52+00:00\",\"dateModified\":\"2023-08-29T15:14:24+00:00\",\"mainEntityOfPage\":{\"@id\":\"https:\\\/\\\/www.iemj.org\\\/es\\\/colloque-et-concerts-vox-aurea-via-sacra-2014-la-musique-sacree-juive\\\/\"},\"wordCount\":330,\"publisher\":{\"@id\":\"https:\\\/\\\/www.iemj.org\\\/es\\\/#organization\"},\"image\":{\"@id\":\"https:\\\/\\\/www.iemj.org\\\/es\\\/colloque-et-concerts-vox-aurea-via-sacra-2014-la-musique-sacree-juive\\\/#primaryimage\"},\"thumbnailUrl\":\"https:\\\/\\\/www.iemj.org\\\/wp-content\\\/uploads\\\/2014\\\/07\\\/arton900.png\",\"articleSection\":[\"Clases \\\/ Conferencias\",\"Coloquio\",\"Manifestaciones\"],\"inLanguage\":\"es\"},{\"@type\":\"WebPage\",\"@id\":\"https:\\\/\\\/www.iemj.org\\\/es\\\/colloque-et-concerts-vox-aurea-via-sacra-2014-la-musique-sacree-juive\\\/\",\"url\":\"https:\\\/\\\/www.iemj.org\\\/es\\\/colloque-et-concerts-vox-aurea-via-sacra-2014-la-musique-sacree-juive\\\/\",\"name\":\"Coloquio y Conciertos Vox Aurea \u2013 Via Sacra 2014 - La M\u00fasica Sacra Jud\u00eda - Institut Europ\u00e9en des Musiques Juives\",\"isPartOf\":{\"@id\":\"https:\\\/\\\/www.iemj.org\\\/es\\\/#website\"},\"primaryImageOfPage\":{\"@id\":\"https:\\\/\\\/www.iemj.org\\\/es\\\/colloque-et-concerts-vox-aurea-via-sacra-2014-la-musique-sacree-juive\\\/#primaryimage\"},\"image\":{\"@id\":\"https:\\\/\\\/www.iemj.org\\\/es\\\/colloque-et-concerts-vox-aurea-via-sacra-2014-la-musique-sacree-juive\\\/#primaryimage\"},\"thumbnailUrl\":\"https:\\\/\\\/www.iemj.org\\\/wp-content\\\/uploads\\\/2014\\\/07\\\/arton900.png\",\"datePublished\":\"2014-07-10T14:34:52+00:00\",\"dateModified\":\"2023-08-29T15:14:24+00:00\",\"breadcrumb\":{\"@id\":\"https:\\\/\\\/www.iemj.org\\\/es\\\/colloque-et-concerts-vox-aurea-via-sacra-2014-la-musique-sacree-juive\\\/#breadcrumb\"},\"inLanguage\":\"es\",\"potentialAction\":[{\"@type\":\"ReadAction\",\"target\":[\"https:\\\/\\\/www.iemj.org\\\/es\\\/colloque-et-concerts-vox-aurea-via-sacra-2014-la-musique-sacree-juive\\\/\"]}]},{\"@type\":\"ImageObject\",\"inLanguage\":\"es\",\"@id\":\"https:\\\/\\\/www.iemj.org\\\/es\\\/colloque-et-concerts-vox-aurea-via-sacra-2014-la-musique-sacree-juive\\\/#primaryimage\",\"url\":\"https:\\\/\\\/www.iemj.org\\\/wp-content\\\/uploads\\\/2014\\\/07\\\/arton900.png\",\"contentUrl\":\"https:\\\/\\\/www.iemj.org\\\/wp-content\\\/uploads\\\/2014\\\/07\\\/arton900.png\",\"width\":281,\"height\":176},{\"@type\":\"BreadcrumbList\",\"@id\":\"https:\\\/\\\/www.iemj.org\\\/es\\\/colloque-et-concerts-vox-aurea-via-sacra-2014-la-musique-sacree-juive\\\/#breadcrumb\",\"itemListElement\":[{\"@type\":\"ListItem\",\"position\":1,\"name\":\"Accueil\",\"item\":\"https:\\\/\\\/www.iemj.org\\\/es\\\/\"},{\"@type\":\"ListItem\",\"position\":2,\"name\":\"Coloquio y Conciertos Vox Aurea \u2013 Via Sacra 2014 &#8211; La M\u00fasica Sacra Jud\u00eda\"}]},{\"@type\":\"WebSite\",\"@id\":\"https:\\\/\\\/www.iemj.org\\\/es\\\/#website\",\"url\":\"https:\\\/\\\/www.iemj.org\\\/es\\\/\",\"name\":\"Institut Europ\u00e9en des Musiques Juives\",\"description\":\"Des traditions musicales \u00e0 la port\u00e9e de tous\",\"publisher\":{\"@id\":\"https:\\\/\\\/www.iemj.org\\\/es\\\/#organization\"},\"potentialAction\":[{\"@type\":\"SearchAction\",\"target\":{\"@type\":\"EntryPoint\",\"urlTemplate\":\"https:\\\/\\\/www.iemj.org\\\/es\\\/?s={search_term_string}\"},\"query-input\":{\"@type\":\"PropertyValueSpecification\",\"valueRequired\":true,\"valueName\":\"search_term_string\"}}],\"inLanguage\":\"es\"},{\"@type\":\"Organization\",\"@id\":\"https:\\\/\\\/www.iemj.org\\\/es\\\/#organization\",\"name\":\"Institut Europ\u00e9en des Musiques Juives\",\"url\":\"https:\\\/\\\/www.iemj.org\\\/es\\\/\",\"logo\":{\"@type\":\"ImageObject\",\"inLanguage\":\"es\",\"@id\":\"https:\\\/\\\/www.iemj.org\\\/es\\\/#\\\/schema\\\/logo\\\/image\\\/\",\"url\":\"https:\\\/\\\/www.iemj.org\\\/wp-content\\\/uploads\\\/2021\\\/09\\\/Logo-IEMJ-Paypal.jpg\",\"contentUrl\":\"https:\\\/\\\/www.iemj.org\\\/wp-content\\\/uploads\\\/2021\\\/09\\\/Logo-IEMJ-Paypal.jpg\",\"width\":150,\"height\":50,\"caption\":\"Institut Europ\u00e9en des Musiques Juives\"},\"image\":{\"@id\":\"https:\\\/\\\/www.iemj.org\\\/es\\\/#\\\/schema\\\/logo\\\/image\\\/\"},\"sameAs\":[\"https:\\\/\\\/www.facebook.com\\\/MusiquesJuives\\\/\",\"https:\\\/\\\/www.instagram.com\\\/musiquesjuives\\\/\",\"https:\\\/\\\/www.youtube.com\\\/user\\\/musiquesjuives\"]},{\"@type\":\"Person\",\"@id\":\"https:\\\/\\\/www.iemj.org\\\/es\\\/#\\\/schema\\\/person\\\/f826ad11b0cd58dd99babe0a3fbcb86e\",\"name\":\"ncochin\",\"image\":{\"@type\":\"ImageObject\",\"inLanguage\":\"es\",\"@id\":\"https:\\\/\\\/secure.gravatar.com\\\/avatar\\\/4499f551e6a9b8c28bd3132f28d79657b2cb55ff363257726f67e89c95e2a33c?s=96&d=mm&r=g\",\"url\":\"https:\\\/\\\/secure.gravatar.com\\\/avatar\\\/4499f551e6a9b8c28bd3132f28d79657b2cb55ff363257726f67e89c95e2a33c?s=96&d=mm&r=g\",\"contentUrl\":\"https:\\\/\\\/secure.gravatar.com\\\/avatar\\\/4499f551e6a9b8c28bd3132f28d79657b2cb55ff363257726f67e89c95e2a33c?s=96&d=mm&r=g\",\"caption\":\"ncochin\"}}]}<\/script>\n<!-- \/ Yoast SEO plugin. -->","yoast_head_json":{"title":"Coloquio y Conciertos Vox Aurea \u2013 Via Sacra 2014 - La M\u00fasica Sacra Jud\u00eda - Institut Europ\u00e9en des Musiques Juives","robots":{"index":"noindex","follow":"follow"},"og_locale":"es_ES","og_type":"article","og_title":"Coloquio y Conciertos Vox Aurea \u2013 Via Sacra 2014 - La M\u00fasica Sacra Jud\u00eda - Institut Europ\u00e9en des Musiques Juives","og_description":"Domingo 7 de septiembre de 2014, 18200 Saint-Amand-Montrond","og_url":"https:\/\/www.iemj.org\/es\/colloque-et-concerts-vox-aurea-via-sacra-2014-la-musique-sacree-juive\/","og_site_name":"Institut Europ\u00e9en des Musiques Juives","article_publisher":"https:\/\/www.facebook.com\/MusiquesJuives\/","article_published_time":"2014-07-10T14:34:52+00:00","article_modified_time":"2023-08-29T15:14:24+00:00","og_image":[{"width":281,"height":176,"url":"https:\/\/www.iemj.org\/wp-content\/uploads\/2014\/07\/arton900.png","type":"image\/png"}],"author":"ncochin","twitter_card":"summary_large_image","twitter_misc":{"Escrito por":"ncochin","Tiempo de lectura":"2 minutos"},"schema":{"@context":"https:\/\/schema.org","@graph":[{"@type":"Article","@id":"https:\/\/www.iemj.org\/es\/colloque-et-concerts-vox-aurea-via-sacra-2014-la-musique-sacree-juive\/#article","isPartOf":{"@id":"https:\/\/www.iemj.org\/es\/colloque-et-concerts-vox-aurea-via-sacra-2014-la-musique-sacree-juive\/"},"author":{"name":"ncochin","@id":"https:\/\/www.iemj.org\/es\/#\/schema\/person\/f826ad11b0cd58dd99babe0a3fbcb86e"},"headline":"Coloquio y Conciertos Vox Aurea \u2013 Via Sacra 2014 &#8211; La M\u00fasica Sacra Jud\u00eda","datePublished":"2014-07-10T14:34:52+00:00","dateModified":"2023-08-29T15:14:24+00:00","mainEntityOfPage":{"@id":"https:\/\/www.iemj.org\/es\/colloque-et-concerts-vox-aurea-via-sacra-2014-la-musique-sacree-juive\/"},"wordCount":330,"publisher":{"@id":"https:\/\/www.iemj.org\/es\/#organization"},"image":{"@id":"https:\/\/www.iemj.org\/es\/colloque-et-concerts-vox-aurea-via-sacra-2014-la-musique-sacree-juive\/#primaryimage"},"thumbnailUrl":"https:\/\/www.iemj.org\/wp-content\/uploads\/2014\/07\/arton900.png","articleSection":["Clases \/ Conferencias","Coloquio","Manifestaciones"],"inLanguage":"es"},{"@type":"WebPage","@id":"https:\/\/www.iemj.org\/es\/colloque-et-concerts-vox-aurea-via-sacra-2014-la-musique-sacree-juive\/","url":"https:\/\/www.iemj.org\/es\/colloque-et-concerts-vox-aurea-via-sacra-2014-la-musique-sacree-juive\/","name":"Coloquio y Conciertos Vox Aurea \u2013 Via Sacra 2014 - La M\u00fasica Sacra Jud\u00eda - Institut Europ\u00e9en des Musiques Juives","isPartOf":{"@id":"https:\/\/www.iemj.org\/es\/#website"},"primaryImageOfPage":{"@id":"https:\/\/www.iemj.org\/es\/colloque-et-concerts-vox-aurea-via-sacra-2014-la-musique-sacree-juive\/#primaryimage"},"image":{"@id":"https:\/\/www.iemj.org\/es\/colloque-et-concerts-vox-aurea-via-sacra-2014-la-musique-sacree-juive\/#primaryimage"},"thumbnailUrl":"https:\/\/www.iemj.org\/wp-content\/uploads\/2014\/07\/arton900.png","datePublished":"2014-07-10T14:34:52+00:00","dateModified":"2023-08-29T15:14:24+00:00","breadcrumb":{"@id":"https:\/\/www.iemj.org\/es\/colloque-et-concerts-vox-aurea-via-sacra-2014-la-musique-sacree-juive\/#breadcrumb"},"inLanguage":"es","potentialAction":[{"@type":"ReadAction","target":["https:\/\/www.iemj.org\/es\/colloque-et-concerts-vox-aurea-via-sacra-2014-la-musique-sacree-juive\/"]}]},{"@type":"ImageObject","inLanguage":"es","@id":"https:\/\/www.iemj.org\/es\/colloque-et-concerts-vox-aurea-via-sacra-2014-la-musique-sacree-juive\/#primaryimage","url":"https:\/\/www.iemj.org\/wp-content\/uploads\/2014\/07\/arton900.png","contentUrl":"https:\/\/www.iemj.org\/wp-content\/uploads\/2014\/07\/arton900.png","width":281,"height":176},{"@type":"BreadcrumbList","@id":"https:\/\/www.iemj.org\/es\/colloque-et-concerts-vox-aurea-via-sacra-2014-la-musique-sacree-juive\/#breadcrumb","itemListElement":[{"@type":"ListItem","position":1,"name":"Accueil","item":"https:\/\/www.iemj.org\/es\/"},{"@type":"ListItem","position":2,"name":"Coloquio y Conciertos Vox Aurea \u2013 Via Sacra 2014 &#8211; La M\u00fasica Sacra Jud\u00eda"}]},{"@type":"WebSite","@id":"https:\/\/www.iemj.org\/es\/#website","url":"https:\/\/www.iemj.org\/es\/","name":"Institut Europ\u00e9en des Musiques Juives","description":"Des traditions musicales \u00e0 la port\u00e9e de tous","publisher":{"@id":"https:\/\/www.iemj.org\/es\/#organization"},"potentialAction":[{"@type":"SearchAction","target":{"@type":"EntryPoint","urlTemplate":"https:\/\/www.iemj.org\/es\/?s={search_term_string}"},"query-input":{"@type":"PropertyValueSpecification","valueRequired":true,"valueName":"search_term_string"}}],"inLanguage":"es"},{"@type":"Organization","@id":"https:\/\/www.iemj.org\/es\/#organization","name":"Institut Europ\u00e9en des Musiques Juives","url":"https:\/\/www.iemj.org\/es\/","logo":{"@type":"ImageObject","inLanguage":"es","@id":"https:\/\/www.iemj.org\/es\/#\/schema\/logo\/image\/","url":"https:\/\/www.iemj.org\/wp-content\/uploads\/2021\/09\/Logo-IEMJ-Paypal.jpg","contentUrl":"https:\/\/www.iemj.org\/wp-content\/uploads\/2021\/09\/Logo-IEMJ-Paypal.jpg","width":150,"height":50,"caption":"Institut Europ\u00e9en des Musiques Juives"},"image":{"@id":"https:\/\/www.iemj.org\/es\/#\/schema\/logo\/image\/"},"sameAs":["https:\/\/www.facebook.com\/MusiquesJuives\/","https:\/\/www.instagram.com\/musiquesjuives\/","https:\/\/www.youtube.com\/user\/musiquesjuives"]},{"@type":"Person","@id":"https:\/\/www.iemj.org\/es\/#\/schema\/person\/f826ad11b0cd58dd99babe0a3fbcb86e","name":"ncochin","image":{"@type":"ImageObject","inLanguage":"es","@id":"https:\/\/secure.gravatar.com\/avatar\/4499f551e6a9b8c28bd3132f28d79657b2cb55ff363257726f67e89c95e2a33c?s=96&d=mm&r=g","url":"https:\/\/secure.gravatar.com\/avatar\/4499f551e6a9b8c28bd3132f28d79657b2cb55ff363257726f67e89c95e2a33c?s=96&d=mm&r=g","contentUrl":"https:\/\/secure.gravatar.com\/avatar\/4499f551e6a9b8c28bd3132f28d79657b2cb55ff363257726f67e89c95e2a33c?s=96&d=mm&r=g","caption":"ncochin"}}]}},"_links":{"self":[{"href":"https:\/\/www.iemj.org\/es\/wp-json\/wp\/v2\/posts\/102010","targetHints":{"allow":["GET"]}}],"collection":[{"href":"https:\/\/www.iemj.org\/es\/wp-json\/wp\/v2\/posts"}],"about":[{"href":"https:\/\/www.iemj.org\/es\/wp-json\/wp\/v2\/types\/post"}],"author":[{"embeddable":true,"href":"https:\/\/www.iemj.org\/es\/wp-json\/wp\/v2\/users\/1050"}],"replies":[{"embeddable":true,"href":"https:\/\/www.iemj.org\/es\/wp-json\/wp\/v2\/comments?post=102010"}],"version-history":[{"count":0,"href":"https:\/\/www.iemj.org\/es\/wp-json\/wp\/v2\/posts\/102010\/revisions"}],"wp:featuredmedia":[{"embeddable":true,"href":"https:\/\/www.iemj.org\/es\/wp-json\/wp\/v2\/media\/102011"}],"wp:attachment":[{"href":"https:\/\/www.iemj.org\/es\/wp-json\/wp\/v2\/media?parent=102010"}],"wp:term":[{"taxonomy":"category","embeddable":true,"href":"https:\/\/www.iemj.org\/es\/wp-json\/wp\/v2\/categories?post=102010"},{"taxonomy":"post_tag","embeddable":true,"href":"https:\/\/www.iemj.org\/es\/wp-json\/wp\/v2\/tags?post=102010"},{"taxonomy":"technique","embeddable":true,"href":"https:\/\/www.iemj.org\/es\/wp-json\/wp\/v2\/technique?post=102010"},{"taxonomy":"squelettes","embeddable":true,"href":"https:\/\/www.iemj.org\/es\/wp-json\/wp\/v2\/squelettes?post=102010"},{"taxonomy":"sujet","embeddable":true,"href":"https:\/\/www.iemj.org\/es\/wp-json\/wp\/v2\/sujet?post=102010"},{"taxonomy":"formation","embeddable":true,"href":"https:\/\/www.iemj.org\/es\/wp-json\/wp\/v2\/formation?post=102010"},{"taxonomy":"genre","embeddable":true,"href":"https:\/\/www.iemj.org\/es\/wp-json\/wp\/v2\/genre?post=102010"},{"taxonomy":"fonds","embeddable":true,"href":"https:\/\/www.iemj.org\/es\/wp-json\/wp\/v2\/fonds?post=102010"},{"taxonomy":"tradition","embeddable":true,"href":"https:\/\/www.iemj.org\/es\/wp-json\/wp\/v2\/tradition?post=102010"},{"taxonomy":"type-de-contenu","embeddable":true,"href":"https:\/\/www.iemj.org\/es\/wp-json\/wp\/v2\/type-de-contenu?post=102010"},{"taxonomy":"interprete-compositeur","embeddable":true,"href":"https:\/\/www.iemj.org\/es\/wp-json\/wp\/v2\/interprete-compositeur?post=102010"},{"taxonomy":"frise","embeddable":true,"href":"https:\/\/www.iemj.org\/es\/wp-json\/wp\/v2\/frise?post=102010"},{"taxonomy":"type-devenement","embeddable":true,"href":"https:\/\/www.iemj.org\/es\/wp-json\/wp\/v2\/type-devenement?post=102010"},{"taxonomy":"tableaux-liens-externes","embeddable":true,"href":"https:\/\/www.iemj.org\/es\/wp-json\/wp\/v2\/tableaux-liens-externes?post=102010"}],"curies":[{"name":"wp","href":"https:\/\/api.w.org\/{rel}","templated":true}]}}