{"id":102118,"date":"2016-03-15T11:25:43","date_gmt":"2016-03-15T10:25:43","guid":{"rendered":"https:\/\/www.iemj.org\/chansons-et-piyutim-en-lhonneur-du-tsaddik-sidna-baba-sale\/"},"modified":"2025-10-23T09:46:46","modified_gmt":"2025-10-23T07:46:46","slug":"chansons-et-piyutim-en-lhonneur-du-tsaddik-sidna-baba-sale","status":"publish","type":"post","link":"https:\/\/www.iemj.org\/es\/chansons-et-piyutim-en-lhonneur-du-tsaddik-sidna-baba-sale\/","title":{"rendered":"Canciones y Piyutim en honor del Tzadik Sidna Baba Sal\u00e9"},"content":{"rendered":"\n<p>El rabino Israel Abuhatzeira naci\u00f3 en Rosh Hashana 5650 (26 de septiembre de 1889). Su padre era el tzadik Rab\u00ed Massoud, rabino del pueblo de Rissani, cerca de Tafilalet. Desde muy temprana edad, Rab\u00ed Israel sol\u00eda levantarse al amanecer y, tras ba\u00f1arse en la Mikve para purificarse, se apresuraba a ir a la sinagoga para el servicio matutino en Nets Hahama.<\/p>\n\n\n\n<p>El 12 de Iyar 5668 (13 de mayo de 1908), falleci\u00f3 el rabino Massoud (su padre). En el momento de su muerte, Rab\u00ed Israel ten\u00eda dieciocho a\u00f1os. Sin embargo, ya era un Ga\u00f3n, cuyo temor superaba su sabidur\u00eda. Los jud\u00edos de Tafilalet le rogaron que aceptara, a pesar de su corta edad, el cargo de Rabino, y que fuera el l\u00edder espiritual de la Yeshiva. El rabino Israel era muy modesto y trat\u00f3 de evitar los cargos que quer\u00edan imponerle. Pero los jud\u00edos de Tafilalet sab\u00edan que dif\u00edcilmente encontrar\u00edan otro hombre santo como \u00e9l. Insistieron tanto que acept\u00f3 ocupar el lugar de su padre. Conocido por realizar numerosos milagros, miles de personas acud\u00edan a \u00e9l en busca de consejo y bendiciones.<\/p>\n\n\n\n<p>En 5724 (1963-64), se traslad\u00f3 a Yavneh en Israel, luego a Ashkelon, y finalmente a Netivot en 5730 (1969-70), donde permaneci\u00f3 hasta el final de su vida el 4 de Shevat de 5744 (8 de enero de 1984).<\/p>\n\n\n\n<p>Desde entonces, su hiloula, la peregrinaci\u00f3n anual a su tumba en la fecha de su muerte, ha sido un importante punto de encuentro para los jud\u00edos de Marruecos.<\/p>\n\n\n\n<p>En esta caja de 8 casetes de audio, 7 cantantes (Samy Elmaghribi, Rabbin Ha\u00efm Louk, Cheikh Mouizo, Albert Souissa, Emile Zrihan, Maxime Michali y Mordekha\u00ef Bouzaglo) se turnan para honrar la memoria de Baba Sal\u00e9.<\/p>\n\n\n<div class=\"wp-block-image\">\n<figure class=\"aligncenter size-large\"><img fetchpriority=\"high\" decoding=\"async\" width=\"1024\" height=\"133\" src=\"https:\/\/www.iemj.org\/wp-content\/uploads\/2024\/03\/AUDIO-PLAYER-1024x133.png\" alt=\"\" class=\"wp-image-110608\" srcset=\"https:\/\/www.iemj.org\/wp-content\/uploads\/2024\/03\/AUDIO-PLAYER-1024x133.png 1024w, https:\/\/www.iemj.org\/wp-content\/uploads\/2024\/03\/AUDIO-PLAYER-300x39.png 300w, https:\/\/www.iemj.org\/wp-content\/uploads\/2024\/03\/AUDIO-PLAYER-768x100.png 768w, https:\/\/www.iemj.org\/wp-content\/uploads\/2024\/03\/AUDIO-PLAYER-600x78.png 600w, https:\/\/www.iemj.org\/wp-content\/uploads\/2024\/03\/AUDIO-PLAYER.png 1210w\" sizes=\"(max-width: 1024px) 100vw, 1024px\" \/><\/figure>\n<\/div>\n\n\n<div class=\"wp-block-file\"><a id=\"wp-block-file--media-d5ee9635-1885-4d92-91fe-71f7104993f5\" href=\"https:\/\/www.iemj.org\/wp-content\/uploads\/2016\/03\/k7_161a_01.mp3\">Emile Zarihan<\/a><\/div>\n\n\n\n<div class=\"wp-block-file\"><a id=\"wp-block-file--media-4fd90c36-165c-4376-be5f-32b913238abb\" href=\"https:\/\/www.iemj.org\/wp-content\/uploads\/2016\/03\/k7_161b_03.mp3\">Maxime Michali<\/a><\/div>\n\n\n\n<div class=\"wp-block-file\"><a id=\"wp-block-file--media-2f39f42f-72bd-4685-809d-b0abde04c9ee\" href=\"https:\/\/www.iemj.org\/wp-content\/uploads\/2016\/03\/k7_161c_02.mp3\">Ha\u00efm Louk<\/a><\/div>\n\n\n\n<div class=\"wp-block-file\"><a id=\"wp-block-file--media-60beebe6-1c73-48ec-8e6e-3a9eb52f89cf\" href=\"https:\/\/www.iemj.org\/wp-content\/uploads\/2016\/03\/k7_161e_07.mp3\">Cheikh Mouizo<\/a><\/div>\n\n\n\n<div class=\"wp-block-file\"><a id=\"wp-block-file--media-53ab6e5a-d3c9-484d-86c3-ab6876d2d8b5\" href=\"https:\/\/www.iemj.org\/wp-content\/uploads\/2016\/03\/k7_161f_02.mp3\">Mordekha\u00ef Bouzaglo<\/a><\/div>\n","protected":false},"excerpt":{"rendered":"<p>El rabino Israel Abuhatzeira naci\u00f3 en Rosh Hashana 5650 (26 de septiembre de 1889). Su padre era el tzadik Rab\u00ed Massoud, rabino del pueblo de Rissani, cerca de Tafilalet. Desde<\/p>\n","protected":false},"author":1048,"featured_media":102119,"comment_status":"closed","ping_status":"closed","sticky":false,"template":"","format":"standard","meta":{"_acf_changed":false,"footnotes":""},"categories":[1568,1565],"tags":[],"technique":[],"squelettes":[],"sujet":[],"formation":[],"genre":[],"fonds":[],"tradition":[],"type-de-contenu":[],"interprete-compositeur":[],"frise":[],"type-devenement":[],"tableaux-liens-externes":[],"class_list":["post-102118","post","type-post","status-publish","format-standard","has-post-thumbnail","hentry","category-cd-es","category-ultimas-adquisiciones-es"],"acf":[],"yoast_head":"<!-- This site is optimized with the Yoast SEO plugin v27.3 - https:\/\/yoast.com\/product\/yoast-seo-wordpress\/ -->\n<title>Canciones y Piyutim en honor del Tzadik Sidna Baba Sal\u00e9 - Institut Europ\u00e9en des Musiques Juives<\/title>\n<meta name=\"robots\" content=\"index, follow, max-snippet:-1, max-image-preview:large, max-video-preview:-1\" \/>\n<link rel=\"canonical\" href=\"https:\/\/www.iemj.org\/es\/chansons-et-piyutim-en-lhonneur-du-tsaddik-sidna-baba-sale\/\" \/>\n<meta property=\"og:locale\" content=\"es_ES\" \/>\n<meta property=\"og:type\" content=\"article\" \/>\n<meta property=\"og:title\" content=\"Canciones y Piyutim en honor del Tzadik Sidna Baba Sal\u00e9 - Institut Europ\u00e9en des Musiques Juives\" \/>\n<meta property=\"og:description\" content=\"El rabino Israel Abuhatzeira naci\u00f3 en Rosh Hashana 5650 (26 de septiembre de 1889). Su padre era el tzadik Rab\u00ed Massoud, rabino del pueblo de Rissani, cerca de Tafilalet. Desde\" \/>\n<meta property=\"og:url\" content=\"https:\/\/www.iemj.org\/es\/chansons-et-piyutim-en-lhonneur-du-tsaddik-sidna-baba-sale\/\" \/>\n<meta property=\"og:site_name\" content=\"Institut Europ\u00e9en des Musiques Juives\" \/>\n<meta property=\"article:publisher\" content=\"https:\/\/www.facebook.com\/MusiquesJuives\/\" \/>\n<meta property=\"article:published_time\" content=\"2016-03-15T10:25:43+00:00\" \/>\n<meta property=\"article:modified_time\" content=\"2025-10-23T07:46:46+00:00\" \/>\n<meta property=\"og:image\" content=\"https:\/\/www.iemj.org\/wp-content\/uploads\/2016\/03\/arton1533-e1619426609558.jpg\" \/>\n\t<meta property=\"og:image:width\" content=\"350\" \/>\n\t<meta property=\"og:image:height\" content=\"497\" \/>\n\t<meta property=\"og:image:type\" content=\"image\/jpeg\" \/>\n<meta name=\"author\" content=\"Jean-Gabriel Davis\" \/>\n<meta name=\"twitter:card\" content=\"summary_large_image\" \/>\n<meta name=\"twitter:label1\" content=\"Escrito por\" \/>\n\t<meta name=\"twitter:data1\" content=\"Jean-Gabriel Davis\" \/>\n\t<meta name=\"twitter:label2\" content=\"Tiempo de lectura\" \/>\n\t<meta name=\"twitter:data2\" content=\"2 minutos\" \/>\n<script type=\"application\/ld+json\" class=\"yoast-schema-graph\">{\"@context\":\"https:\\\/\\\/schema.org\",\"@graph\":[{\"@type\":\"Article\",\"@id\":\"https:\\\/\\\/www.iemj.org\\\/es\\\/chansons-et-piyutim-en-lhonneur-du-tsaddik-sidna-baba-sale\\\/#article\",\"isPartOf\":{\"@id\":\"https:\\\/\\\/www.iemj.org\\\/es\\\/chansons-et-piyutim-en-lhonneur-du-tsaddik-sidna-baba-sale\\\/\"},\"author\":{\"name\":\"Jean-Gabriel Davis\",\"@id\":\"https:\\\/\\\/www.iemj.org\\\/es\\\/#\\\/schema\\\/person\\\/c9bc1c386a3749579a2d675e72a18666\"},\"headline\":\"Canciones y Piyutim en honor del Tzadik Sidna Baba Sal\u00e9\",\"datePublished\":\"2016-03-15T10:25:43+00:00\",\"dateModified\":\"2025-10-23T07:46:46+00:00\",\"mainEntityOfPage\":{\"@id\":\"https:\\\/\\\/www.iemj.org\\\/es\\\/chansons-et-piyutim-en-lhonneur-du-tsaddik-sidna-baba-sale\\\/\"},\"wordCount\":306,\"publisher\":{\"@id\":\"https:\\\/\\\/www.iemj.org\\\/es\\\/#organization\"},\"image\":{\"@id\":\"https:\\\/\\\/www.iemj.org\\\/es\\\/chansons-et-piyutim-en-lhonneur-du-tsaddik-sidna-baba-sale\\\/#primaryimage\"},\"thumbnailUrl\":\"https:\\\/\\\/www.iemj.org\\\/wp-content\\\/uploads\\\/2016\\\/03\\\/arton1533-e1619426609558.jpg\",\"articleSection\":[\"CD\",\"\u00daltimas adquisiciones\"],\"inLanguage\":\"es\"},{\"@type\":\"WebPage\",\"@id\":\"https:\\\/\\\/www.iemj.org\\\/es\\\/chansons-et-piyutim-en-lhonneur-du-tsaddik-sidna-baba-sale\\\/\",\"url\":\"https:\\\/\\\/www.iemj.org\\\/es\\\/chansons-et-piyutim-en-lhonneur-du-tsaddik-sidna-baba-sale\\\/\",\"name\":\"Canciones y Piyutim en honor del Tzadik Sidna Baba Sal\u00e9 - Institut Europ\u00e9en des Musiques Juives\",\"isPartOf\":{\"@id\":\"https:\\\/\\\/www.iemj.org\\\/es\\\/#website\"},\"primaryImageOfPage\":{\"@id\":\"https:\\\/\\\/www.iemj.org\\\/es\\\/chansons-et-piyutim-en-lhonneur-du-tsaddik-sidna-baba-sale\\\/#primaryimage\"},\"image\":{\"@id\":\"https:\\\/\\\/www.iemj.org\\\/es\\\/chansons-et-piyutim-en-lhonneur-du-tsaddik-sidna-baba-sale\\\/#primaryimage\"},\"thumbnailUrl\":\"https:\\\/\\\/www.iemj.org\\\/wp-content\\\/uploads\\\/2016\\\/03\\\/arton1533-e1619426609558.jpg\",\"datePublished\":\"2016-03-15T10:25:43+00:00\",\"dateModified\":\"2025-10-23T07:46:46+00:00\",\"breadcrumb\":{\"@id\":\"https:\\\/\\\/www.iemj.org\\\/es\\\/chansons-et-piyutim-en-lhonneur-du-tsaddik-sidna-baba-sale\\\/#breadcrumb\"},\"inLanguage\":\"es\",\"potentialAction\":[{\"@type\":\"ReadAction\",\"target\":[\"https:\\\/\\\/www.iemj.org\\\/es\\\/chansons-et-piyutim-en-lhonneur-du-tsaddik-sidna-baba-sale\\\/\"]}]},{\"@type\":\"ImageObject\",\"inLanguage\":\"es\",\"@id\":\"https:\\\/\\\/www.iemj.org\\\/es\\\/chansons-et-piyutim-en-lhonneur-du-tsaddik-sidna-baba-sale\\\/#primaryimage\",\"url\":\"https:\\\/\\\/www.iemj.org\\\/wp-content\\\/uploads\\\/2016\\\/03\\\/arton1533-e1619426609558.jpg\",\"contentUrl\":\"https:\\\/\\\/www.iemj.org\\\/wp-content\\\/uploads\\\/2016\\\/03\\\/arton1533-e1619426609558.jpg\",\"width\":350,\"height\":497},{\"@type\":\"BreadcrumbList\",\"@id\":\"https:\\\/\\\/www.iemj.org\\\/es\\\/chansons-et-piyutim-en-lhonneur-du-tsaddik-sidna-baba-sale\\\/#breadcrumb\",\"itemListElement\":[{\"@type\":\"ListItem\",\"position\":1,\"name\":\"Accueil\",\"item\":\"https:\\\/\\\/www.iemj.org\\\/es\\\/\"},{\"@type\":\"ListItem\",\"position\":2,\"name\":\"Canciones y Piyutim en honor del Tzadik Sidna Baba Sal\u00e9\"}]},{\"@type\":\"WebSite\",\"@id\":\"https:\\\/\\\/www.iemj.org\\\/es\\\/#website\",\"url\":\"https:\\\/\\\/www.iemj.org\\\/es\\\/\",\"name\":\"Institut Europ\u00e9en des Musiques Juives\",\"description\":\"Des traditions musicales \u00e0 la port\u00e9e de tous\",\"publisher\":{\"@id\":\"https:\\\/\\\/www.iemj.org\\\/es\\\/#organization\"},\"potentialAction\":[{\"@type\":\"SearchAction\",\"target\":{\"@type\":\"EntryPoint\",\"urlTemplate\":\"https:\\\/\\\/www.iemj.org\\\/es\\\/?s={search_term_string}\"},\"query-input\":{\"@type\":\"PropertyValueSpecification\",\"valueRequired\":true,\"valueName\":\"search_term_string\"}}],\"inLanguage\":\"es\"},{\"@type\":\"Organization\",\"@id\":\"https:\\\/\\\/www.iemj.org\\\/es\\\/#organization\",\"name\":\"Institut Europ\u00e9en des Musiques Juives\",\"url\":\"https:\\\/\\\/www.iemj.org\\\/es\\\/\",\"logo\":{\"@type\":\"ImageObject\",\"inLanguage\":\"es\",\"@id\":\"https:\\\/\\\/www.iemj.org\\\/es\\\/#\\\/schema\\\/logo\\\/image\\\/\",\"url\":\"https:\\\/\\\/www.iemj.org\\\/wp-content\\\/uploads\\\/2021\\\/09\\\/Logo-IEMJ-Paypal.jpg\",\"contentUrl\":\"https:\\\/\\\/www.iemj.org\\\/wp-content\\\/uploads\\\/2021\\\/09\\\/Logo-IEMJ-Paypal.jpg\",\"width\":150,\"height\":50,\"caption\":\"Institut Europ\u00e9en des Musiques Juives\"},\"image\":{\"@id\":\"https:\\\/\\\/www.iemj.org\\\/es\\\/#\\\/schema\\\/logo\\\/image\\\/\"},\"sameAs\":[\"https:\\\/\\\/www.facebook.com\\\/MusiquesJuives\\\/\",\"https:\\\/\\\/www.instagram.com\\\/musiquesjuives\\\/\",\"https:\\\/\\\/www.youtube.com\\\/user\\\/musiquesjuives\"]},{\"@type\":\"Person\",\"@id\":\"https:\\\/\\\/www.iemj.org\\\/es\\\/#\\\/schema\\\/person\\\/c9bc1c386a3749579a2d675e72a18666\",\"name\":\"Jean-Gabriel Davis\",\"image\":{\"@type\":\"ImageObject\",\"inLanguage\":\"es\",\"@id\":\"https:\\\/\\\/secure.gravatar.com\\\/avatar\\\/2b90d67bdf392c9b3a21fab87c0fa7edaf1fb3a058172a1ffd61033fcec7aec1?s=96&d=mm&r=g\",\"url\":\"https:\\\/\\\/secure.gravatar.com\\\/avatar\\\/2b90d67bdf392c9b3a21fab87c0fa7edaf1fb3a058172a1ffd61033fcec7aec1?s=96&d=mm&r=g\",\"contentUrl\":\"https:\\\/\\\/secure.gravatar.com\\\/avatar\\\/2b90d67bdf392c9b3a21fab87c0fa7edaf1fb3a058172a1ffd61033fcec7aec1?s=96&d=mm&r=g\",\"caption\":\"Jean-Gabriel Davis\"}}]}<\/script>\n<!-- \/ Yoast SEO plugin. -->","yoast_head_json":{"title":"Canciones y Piyutim en honor del Tzadik Sidna Baba Sal\u00e9 - Institut Europ\u00e9en des Musiques Juives","robots":{"index":"index","follow":"follow","max-snippet":"max-snippet:-1","max-image-preview":"max-image-preview:large","max-video-preview":"max-video-preview:-1"},"canonical":"https:\/\/www.iemj.org\/es\/chansons-et-piyutim-en-lhonneur-du-tsaddik-sidna-baba-sale\/","og_locale":"es_ES","og_type":"article","og_title":"Canciones y Piyutim en honor del Tzadik Sidna Baba Sal\u00e9 - Institut Europ\u00e9en des Musiques Juives","og_description":"El rabino Israel Abuhatzeira naci\u00f3 en Rosh Hashana 5650 (26 de septiembre de 1889). Su padre era el tzadik Rab\u00ed Massoud, rabino del pueblo de Rissani, cerca de Tafilalet. Desde","og_url":"https:\/\/www.iemj.org\/es\/chansons-et-piyutim-en-lhonneur-du-tsaddik-sidna-baba-sale\/","og_site_name":"Institut Europ\u00e9en des Musiques Juives","article_publisher":"https:\/\/www.facebook.com\/MusiquesJuives\/","article_published_time":"2016-03-15T10:25:43+00:00","article_modified_time":"2025-10-23T07:46:46+00:00","og_image":[{"width":350,"height":497,"url":"https:\/\/www.iemj.org\/wp-content\/uploads\/2016\/03\/arton1533-e1619426609558.jpg","type":"image\/jpeg"}],"author":"Jean-Gabriel Davis","twitter_card":"summary_large_image","twitter_misc":{"Escrito por":"Jean-Gabriel Davis","Tiempo de lectura":"2 minutos"},"schema":{"@context":"https:\/\/schema.org","@graph":[{"@type":"Article","@id":"https:\/\/www.iemj.org\/es\/chansons-et-piyutim-en-lhonneur-du-tsaddik-sidna-baba-sale\/#article","isPartOf":{"@id":"https:\/\/www.iemj.org\/es\/chansons-et-piyutim-en-lhonneur-du-tsaddik-sidna-baba-sale\/"},"author":{"name":"Jean-Gabriel Davis","@id":"https:\/\/www.iemj.org\/es\/#\/schema\/person\/c9bc1c386a3749579a2d675e72a18666"},"headline":"Canciones y Piyutim en honor del Tzadik Sidna Baba Sal\u00e9","datePublished":"2016-03-15T10:25:43+00:00","dateModified":"2025-10-23T07:46:46+00:00","mainEntityOfPage":{"@id":"https:\/\/www.iemj.org\/es\/chansons-et-piyutim-en-lhonneur-du-tsaddik-sidna-baba-sale\/"},"wordCount":306,"publisher":{"@id":"https:\/\/www.iemj.org\/es\/#organization"},"image":{"@id":"https:\/\/www.iemj.org\/es\/chansons-et-piyutim-en-lhonneur-du-tsaddik-sidna-baba-sale\/#primaryimage"},"thumbnailUrl":"https:\/\/www.iemj.org\/wp-content\/uploads\/2016\/03\/arton1533-e1619426609558.jpg","articleSection":["CD","\u00daltimas adquisiciones"],"inLanguage":"es"},{"@type":"WebPage","@id":"https:\/\/www.iemj.org\/es\/chansons-et-piyutim-en-lhonneur-du-tsaddik-sidna-baba-sale\/","url":"https:\/\/www.iemj.org\/es\/chansons-et-piyutim-en-lhonneur-du-tsaddik-sidna-baba-sale\/","name":"Canciones y Piyutim en honor del Tzadik Sidna Baba Sal\u00e9 - Institut Europ\u00e9en des Musiques Juives","isPartOf":{"@id":"https:\/\/www.iemj.org\/es\/#website"},"primaryImageOfPage":{"@id":"https:\/\/www.iemj.org\/es\/chansons-et-piyutim-en-lhonneur-du-tsaddik-sidna-baba-sale\/#primaryimage"},"image":{"@id":"https:\/\/www.iemj.org\/es\/chansons-et-piyutim-en-lhonneur-du-tsaddik-sidna-baba-sale\/#primaryimage"},"thumbnailUrl":"https:\/\/www.iemj.org\/wp-content\/uploads\/2016\/03\/arton1533-e1619426609558.jpg","datePublished":"2016-03-15T10:25:43+00:00","dateModified":"2025-10-23T07:46:46+00:00","breadcrumb":{"@id":"https:\/\/www.iemj.org\/es\/chansons-et-piyutim-en-lhonneur-du-tsaddik-sidna-baba-sale\/#breadcrumb"},"inLanguage":"es","potentialAction":[{"@type":"ReadAction","target":["https:\/\/www.iemj.org\/es\/chansons-et-piyutim-en-lhonneur-du-tsaddik-sidna-baba-sale\/"]}]},{"@type":"ImageObject","inLanguage":"es","@id":"https:\/\/www.iemj.org\/es\/chansons-et-piyutim-en-lhonneur-du-tsaddik-sidna-baba-sale\/#primaryimage","url":"https:\/\/www.iemj.org\/wp-content\/uploads\/2016\/03\/arton1533-e1619426609558.jpg","contentUrl":"https:\/\/www.iemj.org\/wp-content\/uploads\/2016\/03\/arton1533-e1619426609558.jpg","width":350,"height":497},{"@type":"BreadcrumbList","@id":"https:\/\/www.iemj.org\/es\/chansons-et-piyutim-en-lhonneur-du-tsaddik-sidna-baba-sale\/#breadcrumb","itemListElement":[{"@type":"ListItem","position":1,"name":"Accueil","item":"https:\/\/www.iemj.org\/es\/"},{"@type":"ListItem","position":2,"name":"Canciones y Piyutim en honor del Tzadik Sidna Baba Sal\u00e9"}]},{"@type":"WebSite","@id":"https:\/\/www.iemj.org\/es\/#website","url":"https:\/\/www.iemj.org\/es\/","name":"Institut Europ\u00e9en des Musiques Juives","description":"Des traditions musicales \u00e0 la port\u00e9e de tous","publisher":{"@id":"https:\/\/www.iemj.org\/es\/#organization"},"potentialAction":[{"@type":"SearchAction","target":{"@type":"EntryPoint","urlTemplate":"https:\/\/www.iemj.org\/es\/?s={search_term_string}"},"query-input":{"@type":"PropertyValueSpecification","valueRequired":true,"valueName":"search_term_string"}}],"inLanguage":"es"},{"@type":"Organization","@id":"https:\/\/www.iemj.org\/es\/#organization","name":"Institut Europ\u00e9en des Musiques Juives","url":"https:\/\/www.iemj.org\/es\/","logo":{"@type":"ImageObject","inLanguage":"es","@id":"https:\/\/www.iemj.org\/es\/#\/schema\/logo\/image\/","url":"https:\/\/www.iemj.org\/wp-content\/uploads\/2021\/09\/Logo-IEMJ-Paypal.jpg","contentUrl":"https:\/\/www.iemj.org\/wp-content\/uploads\/2021\/09\/Logo-IEMJ-Paypal.jpg","width":150,"height":50,"caption":"Institut Europ\u00e9en des Musiques Juives"},"image":{"@id":"https:\/\/www.iemj.org\/es\/#\/schema\/logo\/image\/"},"sameAs":["https:\/\/www.facebook.com\/MusiquesJuives\/","https:\/\/www.instagram.com\/musiquesjuives\/","https:\/\/www.youtube.com\/user\/musiquesjuives"]},{"@type":"Person","@id":"https:\/\/www.iemj.org\/es\/#\/schema\/person\/c9bc1c386a3749579a2d675e72a18666","name":"Jean-Gabriel Davis","image":{"@type":"ImageObject","inLanguage":"es","@id":"https:\/\/secure.gravatar.com\/avatar\/2b90d67bdf392c9b3a21fab87c0fa7edaf1fb3a058172a1ffd61033fcec7aec1?s=96&d=mm&r=g","url":"https:\/\/secure.gravatar.com\/avatar\/2b90d67bdf392c9b3a21fab87c0fa7edaf1fb3a058172a1ffd61033fcec7aec1?s=96&d=mm&r=g","contentUrl":"https:\/\/secure.gravatar.com\/avatar\/2b90d67bdf392c9b3a21fab87c0fa7edaf1fb3a058172a1ffd61033fcec7aec1?s=96&d=mm&r=g","caption":"Jean-Gabriel Davis"}}]}},"_links":{"self":[{"href":"https:\/\/www.iemj.org\/es\/wp-json\/wp\/v2\/posts\/102118","targetHints":{"allow":["GET"]}}],"collection":[{"href":"https:\/\/www.iemj.org\/es\/wp-json\/wp\/v2\/posts"}],"about":[{"href":"https:\/\/www.iemj.org\/es\/wp-json\/wp\/v2\/types\/post"}],"author":[{"embeddable":true,"href":"https:\/\/www.iemj.org\/es\/wp-json\/wp\/v2\/users\/1048"}],"replies":[{"embeddable":true,"href":"https:\/\/www.iemj.org\/es\/wp-json\/wp\/v2\/comments?post=102118"}],"version-history":[{"count":1,"href":"https:\/\/www.iemj.org\/es\/wp-json\/wp\/v2\/posts\/102118\/revisions"}],"predecessor-version":[{"id":127766,"href":"https:\/\/www.iemj.org\/es\/wp-json\/wp\/v2\/posts\/102118\/revisions\/127766"}],"wp:featuredmedia":[{"embeddable":true,"href":"https:\/\/www.iemj.org\/es\/wp-json\/wp\/v2\/media\/102119"}],"wp:attachment":[{"href":"https:\/\/www.iemj.org\/es\/wp-json\/wp\/v2\/media?parent=102118"}],"wp:term":[{"taxonomy":"category","embeddable":true,"href":"https:\/\/www.iemj.org\/es\/wp-json\/wp\/v2\/categories?post=102118"},{"taxonomy":"post_tag","embeddable":true,"href":"https:\/\/www.iemj.org\/es\/wp-json\/wp\/v2\/tags?post=102118"},{"taxonomy":"technique","embeddable":true,"href":"https:\/\/www.iemj.org\/es\/wp-json\/wp\/v2\/technique?post=102118"},{"taxonomy":"squelettes","embeddable":true,"href":"https:\/\/www.iemj.org\/es\/wp-json\/wp\/v2\/squelettes?post=102118"},{"taxonomy":"sujet","embeddable":true,"href":"https:\/\/www.iemj.org\/es\/wp-json\/wp\/v2\/sujet?post=102118"},{"taxonomy":"formation","embeddable":true,"href":"https:\/\/www.iemj.org\/es\/wp-json\/wp\/v2\/formation?post=102118"},{"taxonomy":"genre","embeddable":true,"href":"https:\/\/www.iemj.org\/es\/wp-json\/wp\/v2\/genre?post=102118"},{"taxonomy":"fonds","embeddable":true,"href":"https:\/\/www.iemj.org\/es\/wp-json\/wp\/v2\/fonds?post=102118"},{"taxonomy":"tradition","embeddable":true,"href":"https:\/\/www.iemj.org\/es\/wp-json\/wp\/v2\/tradition?post=102118"},{"taxonomy":"type-de-contenu","embeddable":true,"href":"https:\/\/www.iemj.org\/es\/wp-json\/wp\/v2\/type-de-contenu?post=102118"},{"taxonomy":"interprete-compositeur","embeddable":true,"href":"https:\/\/www.iemj.org\/es\/wp-json\/wp\/v2\/interprete-compositeur?post=102118"},{"taxonomy":"frise","embeddable":true,"href":"https:\/\/www.iemj.org\/es\/wp-json\/wp\/v2\/frise?post=102118"},{"taxonomy":"type-devenement","embeddable":true,"href":"https:\/\/www.iemj.org\/es\/wp-json\/wp\/v2\/type-devenement?post=102118"},{"taxonomy":"tableaux-liens-externes","embeddable":true,"href":"https:\/\/www.iemj.org\/es\/wp-json\/wp\/v2\/tableaux-liens-externes?post=102118"}],"curies":[{"name":"wp","href":"https:\/\/api.w.org\/{rel}","templated":true}]}}