{"id":102221,"date":"2016-02-16T17:11:54","date_gmt":"2016-02-16T16:11:54","guid":{"rendered":"https:\/\/www.iemj.org\/in-love-and-in-struggle\/"},"modified":"2025-10-22T18:06:13","modified_gmt":"2025-10-22T16:06:13","slug":"in-love-and-in-struggle","status":"publish","type":"post","link":"https:\/\/www.iemj.org\/es\/in-love-and-in-struggle\/","title":{"rendered":"In Love and in Struggle"},"content":{"rendered":"\n<p>El legado musical del Bund Jewish Workers&#8217; Party, en 17 canciones interpretadas por Zalmen Mlotek, Adrienne Cooper, Dan Rous, la New Yiddish Chorale y el Workmen&#8217;s Circle Chorus&#8230;<\/p>\n\n\n\n<!--more-->\n\n\n\n<p>Este \u00e1lbum es extraordinario. Una multitud de maravillosas voces humanas, solistas de talento como Adrienne Cooper (z\u00bbl), una formidable selecci\u00f3n de canciones de lucha proletaria procedentes del repertorio yiddish del Bund, el partido obrero jud\u00edo que representaba la quintaesencia de las aspiraciones socialistas de los jud\u00edos rusos de finales del siglo XIX.<\/p>\n\n\n\n<p>Desde el principio, con \u00abHof un Gleyb\u00bb (esperanza y fe), el \u00e1lbum nos arrolla y nos inspira. Luego hay momentos m\u00e1s tranquilos, como la canci\u00f3n de Adrienne Cooper \u00abVilna\u00bb, que en lugar de cantarse con nostalgia, describe la creaci\u00f3n del Bund en Vilnius, expresando un fuerte sentimiento de esperanza. Sus solos son tan poderosos, tan llenos de futuro, que lejos de mirar atr\u00e1s, miramos hacia delante, a trav\u00e9s de los ojos de los bundistas, hacia el mundo en el que cre\u00edan que se convertir\u00edan. \u00bfY este coro, esta masa de voces humanas perfectas? Proporciona ese oc\u00e9ano de emoci\u00f3n en el que nos sumergen los solos.<\/p>\n\n\n\n<p>Pero este \u00e1lbum es m\u00e1s que nost\u00e1lgico. Al menos por una parte. Escuchando el estribillo que canta \u00abHey hey daloy politsey\u00bb (hey, hey, abajo la polic\u00eda), uno puede sentirse doblemente nost\u00e1lgico: en primer lugar, de cuando se cre\u00f3 la canci\u00f3n, cuando se improvisaba una letra nueva para cada demostraci\u00f3n, y en segundo lugar, deseando haber vivido y conocido esta canci\u00f3n, durante las grandes luchas sociales de la segunda mitad del siglo XX.<\/p>\n\n\n<div class=\"wp-block-image\">\n<figure class=\"aligncenter\"><img fetchpriority=\"high\" decoding=\"async\" width=\"953\" height=\"470\" src=\"https:\/\/www.iemj.org\/wp-content\/uploads\/2016\/02\/cd_773_15.jpg\" alt=\"cd_773_15.jpg\" class=\"wp-image-9386\" srcset=\"https:\/\/www.iemj.org\/wp-content\/uploads\/2016\/02\/cd_773_15.jpg 953w, https:\/\/www.iemj.org\/wp-content\/uploads\/2016\/02\/cd_773_15-300x148.jpg 300w, https:\/\/www.iemj.org\/wp-content\/uploads\/2016\/02\/cd_773_15-768x379.jpg 768w, https:\/\/www.iemj.org\/wp-content\/uploads\/2016\/02\/cd_773_15-600x296.jpg 600w\" sizes=\"(max-width: 953px) 100vw, 953px\" \/><\/figure>\n<\/div>\n\n\n<div style=\"height:15px\" aria-hidden=\"true\" class=\"wp-block-spacer\"><\/div>\n\n\n<div class=\"wp-block-image\">\n<figure class=\"alignright\"><img decoding=\"async\" width=\"332\" height=\"292\" src=\"https:\/\/www.iemj.org\/wp-content\/uploads\/2016\/02\/cd_773_couv4_petit.jpg\" alt=\"cd_773_couv4_petit.jpg\" class=\"wp-image-9388\" srcset=\"https:\/\/www.iemj.org\/wp-content\/uploads\/2016\/02\/cd_773_couv4_petit.jpg 332w, https:\/\/www.iemj.org\/wp-content\/uploads\/2016\/02\/cd_773_couv4_petit-300x264.jpg 300w\" sizes=\"(max-width: 332px) 100vw, 332px\" \/><\/figure>\n<\/div>\n\n\n<p>Este \u00e1lbum tambi\u00e9n puede escucharse con inmenso placer s\u00f3lo por la m\u00fasica. Es sencillamente delicioso. Este \u00e1lbum se produjo en 1999 para conmemorar los 100 a\u00f1os del Bund. Y aunque hoy el Bund sea menos visible, sigue habiendo sindicatos, organizaciones y una nueva generaci\u00f3n que contin\u00faa la lucha. Para los activistas de hoy, este \u00e1lbum es una fuente de inspiraci\u00f3n, y un agradable momento para pasar lejos de la lucha. Para los que no participan en la lucha, este \u00e1lbum es tambi\u00e9n una fuente de inspiraci\u00f3n y la prueba de que participar en la lucha por un mundo mejor tiene repercusiones.<\/p>\n\n\n\n<p>Quienes teman que su desconocimiento del yiddish les impida apreciar plenamente este \u00e1lbum, pueden estar tranquilos: las explicaciones est\u00e1n en ingl\u00e9s, los textos en yiddish y en transliteraci\u00f3n latina, con traducciones al ingl\u00e9s.<\/p>\n\n\n\n<p>En conclusi\u00f3n, este CD es un digno homenaje a la herencia musical del Partido Obrero Jud\u00edo del Bund. Zalmen Mlotek y los dos solistas son vocalmente soberbios. Escuche y disfrute.<\/p>\n\n\n\n<p><em>Extracto de una rese\u00f1a de Ari Davidow del 18 de julio de 1999<\/em><\/p>\n\n\n<div class=\"wp-block-image\">\n<figure class=\"aligncenter size-large\"><img decoding=\"async\" width=\"1024\" height=\"133\" src=\"https:\/\/www.iemj.org\/wp-content\/uploads\/2024\/03\/AUDIO-PLAYER-1024x133.png\" alt=\"\" class=\"wp-image-110608\" srcset=\"https:\/\/www.iemj.org\/wp-content\/uploads\/2024\/03\/AUDIO-PLAYER-1024x133.png 1024w, https:\/\/www.iemj.org\/wp-content\/uploads\/2024\/03\/AUDIO-PLAYER-300x39.png 300w, https:\/\/www.iemj.org\/wp-content\/uploads\/2024\/03\/AUDIO-PLAYER-768x100.png 768w, https:\/\/www.iemj.org\/wp-content\/uploads\/2024\/03\/AUDIO-PLAYER-600x78.png 600w, https:\/\/www.iemj.org\/wp-content\/uploads\/2024\/03\/AUDIO-PLAYER.png 1210w\" sizes=\"(max-width: 1024px) 100vw, 1024px\" \/><\/figure>\n<\/div>\n\n\n<p><a href=\"http:\/\/www.yivoencyclopedia.org\/article.aspx\/Bund\" target=\"_blank\" rel=\"noopener\">M\u00e1s informaci\u00f3n sobre el Bund<\/a><br><a href=\"https:\/\/savethemusic.com\/album\/in-love-and-in-struggle-the-musical-legacy-of-the-labor-bund\/\" target=\"_blank\" rel=\"noopener\">Pedir el CD<\/a><\/p>\n\n\n\n<div class=\"wp-block-file\"><a id=\"wp-block-file--media-7f5a1c1a-3ee9-44ee-a08d-5f83d83dbce1\" href=\"https:\/\/www.iemj.org\/wp-content\/uploads\/2016\/02\/cd_773_03_ex.mp3\">Barikadn<\/a><\/div>\n\n\n\n<div class=\"wp-block-file\"><a id=\"wp-block-file--media-d8de0b8f-d779-4bab-95dc-2b7d5c572013\" href=\"https:\/\/www.iemj.org\/wp-content\/uploads\/2016\/02\/cd_773_04_ex.mp3\">Yidn Shmidn<\/a><\/div>\n\n\n\n<div class=\"wp-block-file\"><a id=\"wp-block-file--media-4a2585b1-65ec-445c-8b77-f223eb17e239\" href=\"https:\/\/www.iemj.org\/wp-content\/uploads\/2016\/02\/cd_773_09_ex.mp3\">Hulyet, hulyet, beyze vintn!<\/a><\/div>\n\n\n\n<div class=\"wp-block-file\"><a id=\"wp-block-file--media-cd2aa073-3c5b-40f0-b31b-7f1f8593c546\" href=\"https:\/\/www.iemj.org\/wp-content\/uploads\/2016\/02\/cd_773_11_ex.mp3\">In ale gasn &#8211; Hey, hey, daloy politsey<\/a><\/div>\n\n\n\n<div class=\"wp-block-file\"><a id=\"wp-block-file--media-213508ec-a91f-409c-bf0e-9ba9bd2c1c6f\" href=\"https:\/\/www.iemj.org\/wp-content\/uploads\/2016\/02\/cd_773_15_ex.mp3\">Di Tsukunft<\/a><\/div>\n\n\n\n<div class=\"wp-block-file\"><a id=\"wp-block-file--media-f61e941c-8fd1-4100-8948-41fe0695195f\" href=\"https:\/\/www.iemj.org\/wp-content\/uploads\/2016\/02\/cd_773_17_ex.mp3\">Di Shvue<\/a><\/div>\n","protected":false},"excerpt":{"rendered":"<p>El legado musical del Bund Jewish Workers&#8217; Party, en 17 canciones interpretadas por Zalmen Mlotek, Adrienne Cooper, Dan Rous, la New Yiddish Chorale y el Workmen&#8217;s Circle Chorus&#8230;<\/p>\n","protected":false},"author":1048,"featured_media":102222,"comment_status":"closed","ping_status":"closed","sticky":false,"template":"","format":"standard","meta":{"_acf_changed":false,"footnotes":""},"categories":[1568,1565],"tags":[],"technique":[],"squelettes":[],"sujet":[],"formation":[],"genre":[1863],"fonds":[],"tradition":[],"type-de-contenu":[],"interprete-compositeur":[],"frise":[],"type-devenement":[],"tableaux-liens-externes":[],"class_list":["post-102221","post","type-post","status-publish","format-standard","has-post-thumbnail","hentry","category-cd-es","category-ultimas-adquisiciones-es","genre-yiddish-es"],"acf":[],"yoast_head":"<!-- This site is optimized with the Yoast SEO plugin v27.3 - https:\/\/yoast.com\/product\/yoast-seo-wordpress\/ -->\n<title>In Love and in Struggle - Institut Europ\u00e9en des Musiques Juives<\/title>\n<meta name=\"robots\" content=\"index, follow, max-snippet:-1, max-image-preview:large, max-video-preview:-1\" \/>\n<link rel=\"canonical\" href=\"https:\/\/www.iemj.org\/es\/in-love-and-in-struggle\/\" \/>\n<meta property=\"og:locale\" content=\"es_ES\" \/>\n<meta property=\"og:type\" content=\"article\" \/>\n<meta property=\"og:title\" content=\"In Love and in Struggle - Institut Europ\u00e9en des Musiques Juives\" \/>\n<meta property=\"og:description\" content=\"El legado musical del Bund Jewish Workers&#8217; Party, en 17 canciones interpretadas por Zalmen Mlotek, Adrienne Cooper, Dan Rous, la New Yiddish Chorale y el Workmen&#8217;s Circle Chorus&#8230;\" \/>\n<meta property=\"og:url\" content=\"https:\/\/www.iemj.org\/es\/in-love-and-in-struggle\/\" \/>\n<meta property=\"og:site_name\" content=\"Institut Europ\u00e9en des Musiques Juives\" \/>\n<meta property=\"article:publisher\" content=\"https:\/\/www.facebook.com\/MusiquesJuives\/\" \/>\n<meta property=\"article:published_time\" content=\"2016-02-16T16:11:54+00:00\" \/>\n<meta property=\"article:modified_time\" content=\"2025-10-22T16:06:13+00:00\" \/>\n<meta property=\"og:image\" content=\"https:\/\/www.iemj.org\/wp-content\/uploads\/2016\/02\/arton1478-e1619427559496.jpg\" \/>\n\t<meta property=\"og:image:width\" content=\"350\" \/>\n\t<meta property=\"og:image:height\" content=\"344\" \/>\n\t<meta property=\"og:image:type\" content=\"image\/jpeg\" \/>\n<meta name=\"author\" content=\"Jean-Gabriel Davis\" \/>\n<meta name=\"twitter:card\" content=\"summary_large_image\" \/>\n<meta name=\"twitter:label1\" content=\"Escrito por\" \/>\n\t<meta name=\"twitter:data1\" content=\"Jean-Gabriel Davis\" \/>\n\t<meta name=\"twitter:label2\" content=\"Tiempo de lectura\" \/>\n\t<meta name=\"twitter:data2\" content=\"4 minutos\" \/>\n<script type=\"application\/ld+json\" class=\"yoast-schema-graph\">{\"@context\":\"https:\\\/\\\/schema.org\",\"@graph\":[{\"@type\":\"Article\",\"@id\":\"https:\\\/\\\/www.iemj.org\\\/es\\\/in-love-and-in-struggle\\\/#article\",\"isPartOf\":{\"@id\":\"https:\\\/\\\/www.iemj.org\\\/es\\\/in-love-and-in-struggle\\\/\"},\"author\":{\"name\":\"Jean-Gabriel Davis\",\"@id\":\"https:\\\/\\\/www.iemj.org\\\/es\\\/#\\\/schema\\\/person\\\/c9bc1c386a3749579a2d675e72a18666\"},\"headline\":\"In Love and in Struggle\",\"datePublished\":\"2016-02-16T16:11:54+00:00\",\"dateModified\":\"2025-10-22T16:06:13+00:00\",\"mainEntityOfPage\":{\"@id\":\"https:\\\/\\\/www.iemj.org\\\/es\\\/in-love-and-in-struggle\\\/\"},\"wordCount\":500,\"publisher\":{\"@id\":\"https:\\\/\\\/www.iemj.org\\\/es\\\/#organization\"},\"image\":{\"@id\":\"https:\\\/\\\/www.iemj.org\\\/es\\\/in-love-and-in-struggle\\\/#primaryimage\"},\"thumbnailUrl\":\"https:\\\/\\\/www.iemj.org\\\/wp-content\\\/uploads\\\/2016\\\/02\\\/arton1478-e1619427559496.jpg\",\"articleSection\":[\"CD\",\"\u00daltimas adquisiciones\"],\"inLanguage\":\"es\"},{\"@type\":\"WebPage\",\"@id\":\"https:\\\/\\\/www.iemj.org\\\/es\\\/in-love-and-in-struggle\\\/\",\"url\":\"https:\\\/\\\/www.iemj.org\\\/es\\\/in-love-and-in-struggle\\\/\",\"name\":\"In Love and in Struggle - Institut Europ\u00e9en des Musiques Juives\",\"isPartOf\":{\"@id\":\"https:\\\/\\\/www.iemj.org\\\/es\\\/#website\"},\"primaryImageOfPage\":{\"@id\":\"https:\\\/\\\/www.iemj.org\\\/es\\\/in-love-and-in-struggle\\\/#primaryimage\"},\"image\":{\"@id\":\"https:\\\/\\\/www.iemj.org\\\/es\\\/in-love-and-in-struggle\\\/#primaryimage\"},\"thumbnailUrl\":\"https:\\\/\\\/www.iemj.org\\\/wp-content\\\/uploads\\\/2016\\\/02\\\/arton1478-e1619427559496.jpg\",\"datePublished\":\"2016-02-16T16:11:54+00:00\",\"dateModified\":\"2025-10-22T16:06:13+00:00\",\"breadcrumb\":{\"@id\":\"https:\\\/\\\/www.iemj.org\\\/es\\\/in-love-and-in-struggle\\\/#breadcrumb\"},\"inLanguage\":\"es\",\"potentialAction\":[{\"@type\":\"ReadAction\",\"target\":[\"https:\\\/\\\/www.iemj.org\\\/es\\\/in-love-and-in-struggle\\\/\"]}]},{\"@type\":\"ImageObject\",\"inLanguage\":\"es\",\"@id\":\"https:\\\/\\\/www.iemj.org\\\/es\\\/in-love-and-in-struggle\\\/#primaryimage\",\"url\":\"https:\\\/\\\/www.iemj.org\\\/wp-content\\\/uploads\\\/2016\\\/02\\\/arton1478-e1619427559496.jpg\",\"contentUrl\":\"https:\\\/\\\/www.iemj.org\\\/wp-content\\\/uploads\\\/2016\\\/02\\\/arton1478-e1619427559496.jpg\",\"width\":350,\"height\":344},{\"@type\":\"BreadcrumbList\",\"@id\":\"https:\\\/\\\/www.iemj.org\\\/es\\\/in-love-and-in-struggle\\\/#breadcrumb\",\"itemListElement\":[{\"@type\":\"ListItem\",\"position\":1,\"name\":\"Accueil\",\"item\":\"https:\\\/\\\/www.iemj.org\\\/es\\\/\"},{\"@type\":\"ListItem\",\"position\":2,\"name\":\"In Love and in Struggle\"}]},{\"@type\":\"WebSite\",\"@id\":\"https:\\\/\\\/www.iemj.org\\\/es\\\/#website\",\"url\":\"https:\\\/\\\/www.iemj.org\\\/es\\\/\",\"name\":\"Institut Europ\u00e9en des Musiques Juives\",\"description\":\"Des traditions musicales \u00e0 la port\u00e9e de tous\",\"publisher\":{\"@id\":\"https:\\\/\\\/www.iemj.org\\\/es\\\/#organization\"},\"potentialAction\":[{\"@type\":\"SearchAction\",\"target\":{\"@type\":\"EntryPoint\",\"urlTemplate\":\"https:\\\/\\\/www.iemj.org\\\/es\\\/?s={search_term_string}\"},\"query-input\":{\"@type\":\"PropertyValueSpecification\",\"valueRequired\":true,\"valueName\":\"search_term_string\"}}],\"inLanguage\":\"es\"},{\"@type\":\"Organization\",\"@id\":\"https:\\\/\\\/www.iemj.org\\\/es\\\/#organization\",\"name\":\"Institut Europ\u00e9en des Musiques Juives\",\"url\":\"https:\\\/\\\/www.iemj.org\\\/es\\\/\",\"logo\":{\"@type\":\"ImageObject\",\"inLanguage\":\"es\",\"@id\":\"https:\\\/\\\/www.iemj.org\\\/es\\\/#\\\/schema\\\/logo\\\/image\\\/\",\"url\":\"https:\\\/\\\/www.iemj.org\\\/wp-content\\\/uploads\\\/2021\\\/09\\\/Logo-IEMJ-Paypal.jpg\",\"contentUrl\":\"https:\\\/\\\/www.iemj.org\\\/wp-content\\\/uploads\\\/2021\\\/09\\\/Logo-IEMJ-Paypal.jpg\",\"width\":150,\"height\":50,\"caption\":\"Institut Europ\u00e9en des Musiques Juives\"},\"image\":{\"@id\":\"https:\\\/\\\/www.iemj.org\\\/es\\\/#\\\/schema\\\/logo\\\/image\\\/\"},\"sameAs\":[\"https:\\\/\\\/www.facebook.com\\\/MusiquesJuives\\\/\",\"https:\\\/\\\/www.instagram.com\\\/musiquesjuives\\\/\",\"https:\\\/\\\/www.youtube.com\\\/user\\\/musiquesjuives\"]},{\"@type\":\"Person\",\"@id\":\"https:\\\/\\\/www.iemj.org\\\/es\\\/#\\\/schema\\\/person\\\/c9bc1c386a3749579a2d675e72a18666\",\"name\":\"Jean-Gabriel Davis\",\"image\":{\"@type\":\"ImageObject\",\"inLanguage\":\"es\",\"@id\":\"https:\\\/\\\/secure.gravatar.com\\\/avatar\\\/2b90d67bdf392c9b3a21fab87c0fa7edaf1fb3a058172a1ffd61033fcec7aec1?s=96&d=mm&r=g\",\"url\":\"https:\\\/\\\/secure.gravatar.com\\\/avatar\\\/2b90d67bdf392c9b3a21fab87c0fa7edaf1fb3a058172a1ffd61033fcec7aec1?s=96&d=mm&r=g\",\"contentUrl\":\"https:\\\/\\\/secure.gravatar.com\\\/avatar\\\/2b90d67bdf392c9b3a21fab87c0fa7edaf1fb3a058172a1ffd61033fcec7aec1?s=96&d=mm&r=g\",\"caption\":\"Jean-Gabriel Davis\"}}]}<\/script>\n<!-- \/ Yoast SEO plugin. -->","yoast_head_json":{"title":"In Love and in Struggle - Institut Europ\u00e9en des Musiques Juives","robots":{"index":"index","follow":"follow","max-snippet":"max-snippet:-1","max-image-preview":"max-image-preview:large","max-video-preview":"max-video-preview:-1"},"canonical":"https:\/\/www.iemj.org\/es\/in-love-and-in-struggle\/","og_locale":"es_ES","og_type":"article","og_title":"In Love and in Struggle - Institut Europ\u00e9en des Musiques Juives","og_description":"El legado musical del Bund Jewish Workers&#8217; Party, en 17 canciones interpretadas por Zalmen Mlotek, Adrienne Cooper, Dan Rous, la New Yiddish Chorale y el Workmen&#8217;s Circle Chorus&#8230;","og_url":"https:\/\/www.iemj.org\/es\/in-love-and-in-struggle\/","og_site_name":"Institut Europ\u00e9en des Musiques Juives","article_publisher":"https:\/\/www.facebook.com\/MusiquesJuives\/","article_published_time":"2016-02-16T16:11:54+00:00","article_modified_time":"2025-10-22T16:06:13+00:00","og_image":[{"width":350,"height":344,"url":"https:\/\/www.iemj.org\/wp-content\/uploads\/2016\/02\/arton1478-e1619427559496.jpg","type":"image\/jpeg"}],"author":"Jean-Gabriel Davis","twitter_card":"summary_large_image","twitter_misc":{"Escrito por":"Jean-Gabriel Davis","Tiempo de lectura":"4 minutos"},"schema":{"@context":"https:\/\/schema.org","@graph":[{"@type":"Article","@id":"https:\/\/www.iemj.org\/es\/in-love-and-in-struggle\/#article","isPartOf":{"@id":"https:\/\/www.iemj.org\/es\/in-love-and-in-struggle\/"},"author":{"name":"Jean-Gabriel Davis","@id":"https:\/\/www.iemj.org\/es\/#\/schema\/person\/c9bc1c386a3749579a2d675e72a18666"},"headline":"In Love and in Struggle","datePublished":"2016-02-16T16:11:54+00:00","dateModified":"2025-10-22T16:06:13+00:00","mainEntityOfPage":{"@id":"https:\/\/www.iemj.org\/es\/in-love-and-in-struggle\/"},"wordCount":500,"publisher":{"@id":"https:\/\/www.iemj.org\/es\/#organization"},"image":{"@id":"https:\/\/www.iemj.org\/es\/in-love-and-in-struggle\/#primaryimage"},"thumbnailUrl":"https:\/\/www.iemj.org\/wp-content\/uploads\/2016\/02\/arton1478-e1619427559496.jpg","articleSection":["CD","\u00daltimas adquisiciones"],"inLanguage":"es"},{"@type":"WebPage","@id":"https:\/\/www.iemj.org\/es\/in-love-and-in-struggle\/","url":"https:\/\/www.iemj.org\/es\/in-love-and-in-struggle\/","name":"In Love and in Struggle - Institut Europ\u00e9en des Musiques Juives","isPartOf":{"@id":"https:\/\/www.iemj.org\/es\/#website"},"primaryImageOfPage":{"@id":"https:\/\/www.iemj.org\/es\/in-love-and-in-struggle\/#primaryimage"},"image":{"@id":"https:\/\/www.iemj.org\/es\/in-love-and-in-struggle\/#primaryimage"},"thumbnailUrl":"https:\/\/www.iemj.org\/wp-content\/uploads\/2016\/02\/arton1478-e1619427559496.jpg","datePublished":"2016-02-16T16:11:54+00:00","dateModified":"2025-10-22T16:06:13+00:00","breadcrumb":{"@id":"https:\/\/www.iemj.org\/es\/in-love-and-in-struggle\/#breadcrumb"},"inLanguage":"es","potentialAction":[{"@type":"ReadAction","target":["https:\/\/www.iemj.org\/es\/in-love-and-in-struggle\/"]}]},{"@type":"ImageObject","inLanguage":"es","@id":"https:\/\/www.iemj.org\/es\/in-love-and-in-struggle\/#primaryimage","url":"https:\/\/www.iemj.org\/wp-content\/uploads\/2016\/02\/arton1478-e1619427559496.jpg","contentUrl":"https:\/\/www.iemj.org\/wp-content\/uploads\/2016\/02\/arton1478-e1619427559496.jpg","width":350,"height":344},{"@type":"BreadcrumbList","@id":"https:\/\/www.iemj.org\/es\/in-love-and-in-struggle\/#breadcrumb","itemListElement":[{"@type":"ListItem","position":1,"name":"Accueil","item":"https:\/\/www.iemj.org\/es\/"},{"@type":"ListItem","position":2,"name":"In Love and in Struggle"}]},{"@type":"WebSite","@id":"https:\/\/www.iemj.org\/es\/#website","url":"https:\/\/www.iemj.org\/es\/","name":"Institut Europ\u00e9en des Musiques Juives","description":"Des traditions musicales \u00e0 la port\u00e9e de tous","publisher":{"@id":"https:\/\/www.iemj.org\/es\/#organization"},"potentialAction":[{"@type":"SearchAction","target":{"@type":"EntryPoint","urlTemplate":"https:\/\/www.iemj.org\/es\/?s={search_term_string}"},"query-input":{"@type":"PropertyValueSpecification","valueRequired":true,"valueName":"search_term_string"}}],"inLanguage":"es"},{"@type":"Organization","@id":"https:\/\/www.iemj.org\/es\/#organization","name":"Institut Europ\u00e9en des Musiques Juives","url":"https:\/\/www.iemj.org\/es\/","logo":{"@type":"ImageObject","inLanguage":"es","@id":"https:\/\/www.iemj.org\/es\/#\/schema\/logo\/image\/","url":"https:\/\/www.iemj.org\/wp-content\/uploads\/2021\/09\/Logo-IEMJ-Paypal.jpg","contentUrl":"https:\/\/www.iemj.org\/wp-content\/uploads\/2021\/09\/Logo-IEMJ-Paypal.jpg","width":150,"height":50,"caption":"Institut Europ\u00e9en des Musiques Juives"},"image":{"@id":"https:\/\/www.iemj.org\/es\/#\/schema\/logo\/image\/"},"sameAs":["https:\/\/www.facebook.com\/MusiquesJuives\/","https:\/\/www.instagram.com\/musiquesjuives\/","https:\/\/www.youtube.com\/user\/musiquesjuives"]},{"@type":"Person","@id":"https:\/\/www.iemj.org\/es\/#\/schema\/person\/c9bc1c386a3749579a2d675e72a18666","name":"Jean-Gabriel Davis","image":{"@type":"ImageObject","inLanguage":"es","@id":"https:\/\/secure.gravatar.com\/avatar\/2b90d67bdf392c9b3a21fab87c0fa7edaf1fb3a058172a1ffd61033fcec7aec1?s=96&d=mm&r=g","url":"https:\/\/secure.gravatar.com\/avatar\/2b90d67bdf392c9b3a21fab87c0fa7edaf1fb3a058172a1ffd61033fcec7aec1?s=96&d=mm&r=g","contentUrl":"https:\/\/secure.gravatar.com\/avatar\/2b90d67bdf392c9b3a21fab87c0fa7edaf1fb3a058172a1ffd61033fcec7aec1?s=96&d=mm&r=g","caption":"Jean-Gabriel Davis"}}]}},"_links":{"self":[{"href":"https:\/\/www.iemj.org\/es\/wp-json\/wp\/v2\/posts\/102221","targetHints":{"allow":["GET"]}}],"collection":[{"href":"https:\/\/www.iemj.org\/es\/wp-json\/wp\/v2\/posts"}],"about":[{"href":"https:\/\/www.iemj.org\/es\/wp-json\/wp\/v2\/types\/post"}],"author":[{"embeddable":true,"href":"https:\/\/www.iemj.org\/es\/wp-json\/wp\/v2\/users\/1048"}],"replies":[{"embeddable":true,"href":"https:\/\/www.iemj.org\/es\/wp-json\/wp\/v2\/comments?post=102221"}],"version-history":[{"count":1,"href":"https:\/\/www.iemj.org\/es\/wp-json\/wp\/v2\/posts\/102221\/revisions"}],"predecessor-version":[{"id":127756,"href":"https:\/\/www.iemj.org\/es\/wp-json\/wp\/v2\/posts\/102221\/revisions\/127756"}],"wp:featuredmedia":[{"embeddable":true,"href":"https:\/\/www.iemj.org\/es\/wp-json\/wp\/v2\/media\/102222"}],"wp:attachment":[{"href":"https:\/\/www.iemj.org\/es\/wp-json\/wp\/v2\/media?parent=102221"}],"wp:term":[{"taxonomy":"category","embeddable":true,"href":"https:\/\/www.iemj.org\/es\/wp-json\/wp\/v2\/categories?post=102221"},{"taxonomy":"post_tag","embeddable":true,"href":"https:\/\/www.iemj.org\/es\/wp-json\/wp\/v2\/tags?post=102221"},{"taxonomy":"technique","embeddable":true,"href":"https:\/\/www.iemj.org\/es\/wp-json\/wp\/v2\/technique?post=102221"},{"taxonomy":"squelettes","embeddable":true,"href":"https:\/\/www.iemj.org\/es\/wp-json\/wp\/v2\/squelettes?post=102221"},{"taxonomy":"sujet","embeddable":true,"href":"https:\/\/www.iemj.org\/es\/wp-json\/wp\/v2\/sujet?post=102221"},{"taxonomy":"formation","embeddable":true,"href":"https:\/\/www.iemj.org\/es\/wp-json\/wp\/v2\/formation?post=102221"},{"taxonomy":"genre","embeddable":true,"href":"https:\/\/www.iemj.org\/es\/wp-json\/wp\/v2\/genre?post=102221"},{"taxonomy":"fonds","embeddable":true,"href":"https:\/\/www.iemj.org\/es\/wp-json\/wp\/v2\/fonds?post=102221"},{"taxonomy":"tradition","embeddable":true,"href":"https:\/\/www.iemj.org\/es\/wp-json\/wp\/v2\/tradition?post=102221"},{"taxonomy":"type-de-contenu","embeddable":true,"href":"https:\/\/www.iemj.org\/es\/wp-json\/wp\/v2\/type-de-contenu?post=102221"},{"taxonomy":"interprete-compositeur","embeddable":true,"href":"https:\/\/www.iemj.org\/es\/wp-json\/wp\/v2\/interprete-compositeur?post=102221"},{"taxonomy":"frise","embeddable":true,"href":"https:\/\/www.iemj.org\/es\/wp-json\/wp\/v2\/frise?post=102221"},{"taxonomy":"type-devenement","embeddable":true,"href":"https:\/\/www.iemj.org\/es\/wp-json\/wp\/v2\/type-devenement?post=102221"},{"taxonomy":"tableaux-liens-externes","embeddable":true,"href":"https:\/\/www.iemj.org\/es\/wp-json\/wp\/v2\/tableaux-liens-externes?post=102221"}],"curies":[{"name":"wp","href":"https:\/\/api.w.org\/{rel}","templated":true}]}}