{"id":102252,"date":"2016-02-02T16:04:14","date_gmt":"2016-02-02T15:04:14","guid":{"rendered":"https:\/\/www.iemj.org\/erransa-1-et-2-sandra-hurtado-ros\/"},"modified":"2023-08-30T16:44:08","modified_gmt":"2023-08-30T14:44:08","slug":"erransa-1-et-2-sandra-hurtado-ros","status":"publish","type":"post","link":"https:\/\/www.iemj.org\/es\/erransa-1-et-2-sandra-hurtado-ros\/","title":{"rendered":"Erransa 1 et 2, Sandra Hurtado-R\u00f2s"},"content":{"rendered":"<p class=\"post_excerpt\">En una interpretaci\u00f3n colorista y expresionista, Sandra Hurtado-R\u00f2s enciende&#8230; los cansos de los trovadores y los cantos sefard\u00edes.<\/p>\n<p><!--more-->Con su intensa pasi\u00f3n por la melod\u00eda, Sandra Hurtado-R\u00f2s nos ofrece, en la di\u00e1fana claridad de su voz, el canto profundo de su Andaluc\u00eda natal. Las canciones sefard\u00edes son monodias derivadas de la m\u00fasica popular de las comunidades jud\u00edas que se asentaron en Espa\u00f1a desde el Antiguo Testamento hasta 1492, cuando cay\u00f3 Granada y comenz\u00f3 la Reconquista. Estas baladas, difundidas en el Mediterr\u00e1neo, Turqu\u00eda, Marruecos, Bosnia, Grecia y Bulgaria, est\u00e1n en ladino, castellano antiguo, y cantan la vida cotidiana de un pueblo desarraigado.<\/p>\n<p><img fetchpriority=\"high\" decoding=\"async\" class=\" wp-image-9236 alignright\" src=\"https:\/\/www.iemj.org\/wp-content\/uploads\/2016\/02\/cd_788_couv_nvella_cq.jpg\" alt=\"cd_788_couv_nvella_cq.jpg\" width=\"333\" height=\"291\" align=\"center\" srcset=\"https:\/\/www.iemj.org\/wp-content\/uploads\/2016\/02\/cd_788_couv_nvella_cq.jpg 333w, https:\/\/www.iemj.org\/wp-content\/uploads\/2016\/02\/cd_788_couv_nvella_cq-300x262.jpg 300w\" sizes=\"(max-width: 333px) 100vw, 333px\" \/>Acompa\u00f1ado por V\u00e9ronique Condesse-Bonnevide al arpa en el 1er opus, el 2\u00ba opus presenta instrumentos m\u00e1s orientales como el gembri, el saz, el rebab, el kanun&#8230;<\/p>\n<p><a href=\"https:\/\/www.art-troubadours.com\/erransa\/\" target=\"_blank\" rel=\"noopener\">M\u00e1s informaci\u00f3n<\/a><br \/><a href=\"http:\/\/www.comptoirdulivre.fr\/A-447997-erransa-2-chansons-sefarades-cd.aspx\" target=\"_blank\" rel=\"noopener\">Pedir el CD<\/a><\/p>\n\n\n<div class=\"wp-block-file\"><a id=\"wp-block-file--media-5a4958fb-0671-4153-a25f-b55ed31b3fed\" href=\"https:\/\/www.iemj.org\/wp-content\/uploads\/2016\/02\/cd_788_02_ex.mp3\">Una matica de ruda<\/a><\/div>\n\n\n\n<div class=\"wp-block-file\"><a id=\"wp-block-file--media-a23c4ab1-7a02-432e-bcba-93444830955b\" href=\"https:\/\/www.iemj.org\/wp-content\/uploads\/2016\/02\/cd_788_07_ex.mp3\">Man\u00e7anica corelada<\/a><\/div>\n\n\n\n<div class=\"wp-block-file\"><a id=\"wp-block-file--media-185fbe3b-b947-43da-8e1e-b1ff4090494c\" href=\"https:\/\/www.iemj.org\/wp-content\/uploads\/2016\/02\/cd_789_01_ex.mp3\">Yo m&#8217;enamori d&#8217;un aire, ah<\/a><\/div>\n\n\n\n<div class=\"wp-block-file\"><a id=\"wp-block-file--media-475c20bd-d0d6-461a-ab50-2be0f257fd44\" href=\"https:\/\/www.iemj.org\/wp-content\/uploads\/2016\/02\/cd_789_05_ex.mp3\">Cinco a\u00f1os d&#8217;amistad<\/a><\/div>\n\n\n\n<div class=\"wp-block-file\"><a id=\"wp-block-file--media-6dece714-f2dd-4480-9b2a-2a2c6f2ca1c6\" href=\"https:\/\/www.iemj.org\/wp-content\/uploads\/2016\/02\/cd_789_08_ex.mp3\">Madre de la gracia<\/a><\/div>\n","protected":false},"excerpt":{"rendered":"<p>En una interpretaci\u00f3n colorista y expresionista, Sandra Hurtado-R\u00f2s enciende&#8230; los cansos de los trovadores y los cantos sefard\u00edes.<\/p>\n","protected":false},"author":1048,"featured_media":37654,"comment_status":"closed","ping_status":"closed","sticky":false,"template":"","format":"standard","meta":{"_acf_changed":false,"footnotes":""},"categories":[1568,1565],"tags":[],"technique":[],"squelettes":[],"sujet":[],"formation":[],"genre":[],"fonds":[],"tradition":[],"type-de-contenu":[],"interprete-compositeur":[],"frise":[],"type-devenement":[],"tableaux-liens-externes":[],"class_list":["post-102252","post","type-post","status-publish","format-standard","has-post-thumbnail","hentry","category-cd-es","category-ultimas-adquisiciones-es"],"acf":[],"yoast_head":"<!-- This site is optimized with the Yoast SEO plugin v27.3 - https:\/\/yoast.com\/product\/yoast-seo-wordpress\/ -->\n<title>Erransa 1 et 2, Sandra Hurtado-R\u00f2s - Institut Europ\u00e9en des Musiques Juives<\/title>\n<meta name=\"robots\" content=\"index, follow, max-snippet:-1, max-image-preview:large, max-video-preview:-1\" \/>\n<link rel=\"canonical\" href=\"https:\/\/www.iemj.org\/es\/erransa-1-et-2-sandra-hurtado-ros\/\" \/>\n<meta property=\"og:locale\" content=\"es_ES\" \/>\n<meta property=\"og:type\" content=\"article\" \/>\n<meta property=\"og:title\" content=\"Erransa 1 et 2, Sandra Hurtado-R\u00f2s - Institut Europ\u00e9en des Musiques Juives\" \/>\n<meta property=\"og:description\" content=\"En una interpretaci\u00f3n colorista y expresionista, Sandra Hurtado-R\u00f2s enciende&#8230; los cansos de los trovadores y los cantos sefard\u00edes.\" \/>\n<meta property=\"og:url\" content=\"https:\/\/www.iemj.org\/es\/erransa-1-et-2-sandra-hurtado-ros\/\" \/>\n<meta property=\"og:site_name\" content=\"Institut Europ\u00e9en des Musiques Juives\" \/>\n<meta property=\"article:publisher\" content=\"https:\/\/www.facebook.com\/MusiquesJuives\/\" \/>\n<meta property=\"article:published_time\" content=\"2016-02-02T15:04:14+00:00\" \/>\n<meta property=\"article:modified_time\" content=\"2023-08-30T14:44:08+00:00\" \/>\n<meta property=\"og:image\" content=\"https:\/\/www.iemj.org\/wp-content\/uploads\/2016\/02\/arton1449-e1619431423310.jpg\" \/>\n\t<meta property=\"og:image:width\" content=\"350\" \/>\n\t<meta property=\"og:image:height\" content=\"303\" \/>\n\t<meta property=\"og:image:type\" content=\"image\/jpeg\" \/>\n<meta name=\"author\" content=\"Jean-Gabriel Davis\" \/>\n<meta name=\"twitter:card\" content=\"summary_large_image\" \/>\n<meta name=\"twitter:label1\" content=\"Escrito por\" \/>\n\t<meta name=\"twitter:data1\" content=\"Jean-Gabriel Davis\" \/>\n\t<meta name=\"twitter:label2\" content=\"Tiempo de lectura\" \/>\n\t<meta name=\"twitter:data2\" content=\"1 minuto\" \/>\n<script type=\"application\/ld+json\" class=\"yoast-schema-graph\">{\"@context\":\"https:\\\/\\\/schema.org\",\"@graph\":[{\"@type\":\"Article\",\"@id\":\"https:\\\/\\\/www.iemj.org\\\/es\\\/erransa-1-et-2-sandra-hurtado-ros\\\/#article\",\"isPartOf\":{\"@id\":\"https:\\\/\\\/www.iemj.org\\\/es\\\/erransa-1-et-2-sandra-hurtado-ros\\\/\"},\"author\":{\"name\":\"Jean-Gabriel Davis\",\"@id\":\"https:\\\/\\\/www.iemj.org\\\/es\\\/#\\\/schema\\\/person\\\/c9bc1c386a3749579a2d675e72a18666\"},\"headline\":\"Erransa 1 et 2, Sandra Hurtado-R\u00f2s\",\"datePublished\":\"2016-02-02T15:04:14+00:00\",\"dateModified\":\"2023-08-30T14:44:08+00:00\",\"mainEntityOfPage\":{\"@id\":\"https:\\\/\\\/www.iemj.org\\\/es\\\/erransa-1-et-2-sandra-hurtado-ros\\\/\"},\"wordCount\":178,\"publisher\":{\"@id\":\"https:\\\/\\\/www.iemj.org\\\/es\\\/#organization\"},\"image\":{\"@id\":\"https:\\\/\\\/www.iemj.org\\\/es\\\/erransa-1-et-2-sandra-hurtado-ros\\\/#primaryimage\"},\"thumbnailUrl\":\"https:\\\/\\\/www.iemj.org\\\/wp-content\\\/uploads\\\/2016\\\/02\\\/arton1449-e1619431423310.jpg\",\"articleSection\":[\"CD\",\"\u00daltimas adquisiciones\"],\"inLanguage\":\"es\"},{\"@type\":\"WebPage\",\"@id\":\"https:\\\/\\\/www.iemj.org\\\/es\\\/erransa-1-et-2-sandra-hurtado-ros\\\/\",\"url\":\"https:\\\/\\\/www.iemj.org\\\/es\\\/erransa-1-et-2-sandra-hurtado-ros\\\/\",\"name\":\"Erransa 1 et 2, Sandra Hurtado-R\u00f2s - Institut Europ\u00e9en des Musiques Juives\",\"isPartOf\":{\"@id\":\"https:\\\/\\\/www.iemj.org\\\/es\\\/#website\"},\"primaryImageOfPage\":{\"@id\":\"https:\\\/\\\/www.iemj.org\\\/es\\\/erransa-1-et-2-sandra-hurtado-ros\\\/#primaryimage\"},\"image\":{\"@id\":\"https:\\\/\\\/www.iemj.org\\\/es\\\/erransa-1-et-2-sandra-hurtado-ros\\\/#primaryimage\"},\"thumbnailUrl\":\"https:\\\/\\\/www.iemj.org\\\/wp-content\\\/uploads\\\/2016\\\/02\\\/arton1449-e1619431423310.jpg\",\"datePublished\":\"2016-02-02T15:04:14+00:00\",\"dateModified\":\"2023-08-30T14:44:08+00:00\",\"breadcrumb\":{\"@id\":\"https:\\\/\\\/www.iemj.org\\\/es\\\/erransa-1-et-2-sandra-hurtado-ros\\\/#breadcrumb\"},\"inLanguage\":\"es\",\"potentialAction\":[{\"@type\":\"ReadAction\",\"target\":[\"https:\\\/\\\/www.iemj.org\\\/es\\\/erransa-1-et-2-sandra-hurtado-ros\\\/\"]}]},{\"@type\":\"ImageObject\",\"inLanguage\":\"es\",\"@id\":\"https:\\\/\\\/www.iemj.org\\\/es\\\/erransa-1-et-2-sandra-hurtado-ros\\\/#primaryimage\",\"url\":\"https:\\\/\\\/www.iemj.org\\\/wp-content\\\/uploads\\\/2016\\\/02\\\/arton1449-e1619431423310.jpg\",\"contentUrl\":\"https:\\\/\\\/www.iemj.org\\\/wp-content\\\/uploads\\\/2016\\\/02\\\/arton1449-e1619431423310.jpg\",\"width\":350,\"height\":303},{\"@type\":\"BreadcrumbList\",\"@id\":\"https:\\\/\\\/www.iemj.org\\\/es\\\/erransa-1-et-2-sandra-hurtado-ros\\\/#breadcrumb\",\"itemListElement\":[{\"@type\":\"ListItem\",\"position\":1,\"name\":\"Accueil\",\"item\":\"https:\\\/\\\/www.iemj.org\\\/es\\\/\"},{\"@type\":\"ListItem\",\"position\":2,\"name\":\"Erransa 1 et 2, Sandra Hurtado-R\u00f2s\"}]},{\"@type\":\"WebSite\",\"@id\":\"https:\\\/\\\/www.iemj.org\\\/es\\\/#website\",\"url\":\"https:\\\/\\\/www.iemj.org\\\/es\\\/\",\"name\":\"Institut Europ\u00e9en des Musiques Juives\",\"description\":\"Des traditions musicales \u00e0 la port\u00e9e de tous\",\"publisher\":{\"@id\":\"https:\\\/\\\/www.iemj.org\\\/es\\\/#organization\"},\"potentialAction\":[{\"@type\":\"SearchAction\",\"target\":{\"@type\":\"EntryPoint\",\"urlTemplate\":\"https:\\\/\\\/www.iemj.org\\\/es\\\/?s={search_term_string}\"},\"query-input\":{\"@type\":\"PropertyValueSpecification\",\"valueRequired\":true,\"valueName\":\"search_term_string\"}}],\"inLanguage\":\"es\"},{\"@type\":\"Organization\",\"@id\":\"https:\\\/\\\/www.iemj.org\\\/es\\\/#organization\",\"name\":\"Institut Europ\u00e9en des Musiques Juives\",\"url\":\"https:\\\/\\\/www.iemj.org\\\/es\\\/\",\"logo\":{\"@type\":\"ImageObject\",\"inLanguage\":\"es\",\"@id\":\"https:\\\/\\\/www.iemj.org\\\/es\\\/#\\\/schema\\\/logo\\\/image\\\/\",\"url\":\"https:\\\/\\\/www.iemj.org\\\/wp-content\\\/uploads\\\/2021\\\/09\\\/Logo-IEMJ-Paypal.jpg\",\"contentUrl\":\"https:\\\/\\\/www.iemj.org\\\/wp-content\\\/uploads\\\/2021\\\/09\\\/Logo-IEMJ-Paypal.jpg\",\"width\":150,\"height\":50,\"caption\":\"Institut Europ\u00e9en des Musiques Juives\"},\"image\":{\"@id\":\"https:\\\/\\\/www.iemj.org\\\/es\\\/#\\\/schema\\\/logo\\\/image\\\/\"},\"sameAs\":[\"https:\\\/\\\/www.facebook.com\\\/MusiquesJuives\\\/\",\"https:\\\/\\\/www.instagram.com\\\/musiquesjuives\\\/\",\"https:\\\/\\\/www.youtube.com\\\/user\\\/musiquesjuives\"]},{\"@type\":\"Person\",\"@id\":\"https:\\\/\\\/www.iemj.org\\\/es\\\/#\\\/schema\\\/person\\\/c9bc1c386a3749579a2d675e72a18666\",\"name\":\"Jean-Gabriel Davis\",\"image\":{\"@type\":\"ImageObject\",\"inLanguage\":\"es\",\"@id\":\"https:\\\/\\\/secure.gravatar.com\\\/avatar\\\/2b90d67bdf392c9b3a21fab87c0fa7edaf1fb3a058172a1ffd61033fcec7aec1?s=96&d=mm&r=g\",\"url\":\"https:\\\/\\\/secure.gravatar.com\\\/avatar\\\/2b90d67bdf392c9b3a21fab87c0fa7edaf1fb3a058172a1ffd61033fcec7aec1?s=96&d=mm&r=g\",\"contentUrl\":\"https:\\\/\\\/secure.gravatar.com\\\/avatar\\\/2b90d67bdf392c9b3a21fab87c0fa7edaf1fb3a058172a1ffd61033fcec7aec1?s=96&d=mm&r=g\",\"caption\":\"Jean-Gabriel Davis\"}}]}<\/script>\n<!-- \/ Yoast SEO plugin. -->","yoast_head_json":{"title":"Erransa 1 et 2, Sandra Hurtado-R\u00f2s - Institut Europ\u00e9en des Musiques Juives","robots":{"index":"index","follow":"follow","max-snippet":"max-snippet:-1","max-image-preview":"max-image-preview:large","max-video-preview":"max-video-preview:-1"},"canonical":"https:\/\/www.iemj.org\/es\/erransa-1-et-2-sandra-hurtado-ros\/","og_locale":"es_ES","og_type":"article","og_title":"Erransa 1 et 2, Sandra Hurtado-R\u00f2s - Institut Europ\u00e9en des Musiques Juives","og_description":"En una interpretaci\u00f3n colorista y expresionista, Sandra Hurtado-R\u00f2s enciende&#8230; los cansos de los trovadores y los cantos sefard\u00edes.","og_url":"https:\/\/www.iemj.org\/es\/erransa-1-et-2-sandra-hurtado-ros\/","og_site_name":"Institut Europ\u00e9en des Musiques Juives","article_publisher":"https:\/\/www.facebook.com\/MusiquesJuives\/","article_published_time":"2016-02-02T15:04:14+00:00","article_modified_time":"2023-08-30T14:44:08+00:00","og_image":[{"width":350,"height":303,"url":"https:\/\/www.iemj.org\/wp-content\/uploads\/2016\/02\/arton1449-e1619431423310.jpg","type":"image\/jpeg"}],"author":"Jean-Gabriel Davis","twitter_card":"summary_large_image","twitter_misc":{"Escrito por":"Jean-Gabriel Davis","Tiempo de lectura":"1 minuto"},"schema":{"@context":"https:\/\/schema.org","@graph":[{"@type":"Article","@id":"https:\/\/www.iemj.org\/es\/erransa-1-et-2-sandra-hurtado-ros\/#article","isPartOf":{"@id":"https:\/\/www.iemj.org\/es\/erransa-1-et-2-sandra-hurtado-ros\/"},"author":{"name":"Jean-Gabriel Davis","@id":"https:\/\/www.iemj.org\/es\/#\/schema\/person\/c9bc1c386a3749579a2d675e72a18666"},"headline":"Erransa 1 et 2, Sandra Hurtado-R\u00f2s","datePublished":"2016-02-02T15:04:14+00:00","dateModified":"2023-08-30T14:44:08+00:00","mainEntityOfPage":{"@id":"https:\/\/www.iemj.org\/es\/erransa-1-et-2-sandra-hurtado-ros\/"},"wordCount":178,"publisher":{"@id":"https:\/\/www.iemj.org\/es\/#organization"},"image":{"@id":"https:\/\/www.iemj.org\/es\/erransa-1-et-2-sandra-hurtado-ros\/#primaryimage"},"thumbnailUrl":"https:\/\/www.iemj.org\/wp-content\/uploads\/2016\/02\/arton1449-e1619431423310.jpg","articleSection":["CD","\u00daltimas adquisiciones"],"inLanguage":"es"},{"@type":"WebPage","@id":"https:\/\/www.iemj.org\/es\/erransa-1-et-2-sandra-hurtado-ros\/","url":"https:\/\/www.iemj.org\/es\/erransa-1-et-2-sandra-hurtado-ros\/","name":"Erransa 1 et 2, Sandra Hurtado-R\u00f2s - Institut Europ\u00e9en des Musiques Juives","isPartOf":{"@id":"https:\/\/www.iemj.org\/es\/#website"},"primaryImageOfPage":{"@id":"https:\/\/www.iemj.org\/es\/erransa-1-et-2-sandra-hurtado-ros\/#primaryimage"},"image":{"@id":"https:\/\/www.iemj.org\/es\/erransa-1-et-2-sandra-hurtado-ros\/#primaryimage"},"thumbnailUrl":"https:\/\/www.iemj.org\/wp-content\/uploads\/2016\/02\/arton1449-e1619431423310.jpg","datePublished":"2016-02-02T15:04:14+00:00","dateModified":"2023-08-30T14:44:08+00:00","breadcrumb":{"@id":"https:\/\/www.iemj.org\/es\/erransa-1-et-2-sandra-hurtado-ros\/#breadcrumb"},"inLanguage":"es","potentialAction":[{"@type":"ReadAction","target":["https:\/\/www.iemj.org\/es\/erransa-1-et-2-sandra-hurtado-ros\/"]}]},{"@type":"ImageObject","inLanguage":"es","@id":"https:\/\/www.iemj.org\/es\/erransa-1-et-2-sandra-hurtado-ros\/#primaryimage","url":"https:\/\/www.iemj.org\/wp-content\/uploads\/2016\/02\/arton1449-e1619431423310.jpg","contentUrl":"https:\/\/www.iemj.org\/wp-content\/uploads\/2016\/02\/arton1449-e1619431423310.jpg","width":350,"height":303},{"@type":"BreadcrumbList","@id":"https:\/\/www.iemj.org\/es\/erransa-1-et-2-sandra-hurtado-ros\/#breadcrumb","itemListElement":[{"@type":"ListItem","position":1,"name":"Accueil","item":"https:\/\/www.iemj.org\/es\/"},{"@type":"ListItem","position":2,"name":"Erransa 1 et 2, Sandra Hurtado-R\u00f2s"}]},{"@type":"WebSite","@id":"https:\/\/www.iemj.org\/es\/#website","url":"https:\/\/www.iemj.org\/es\/","name":"Institut Europ\u00e9en des Musiques Juives","description":"Des traditions musicales \u00e0 la port\u00e9e de tous","publisher":{"@id":"https:\/\/www.iemj.org\/es\/#organization"},"potentialAction":[{"@type":"SearchAction","target":{"@type":"EntryPoint","urlTemplate":"https:\/\/www.iemj.org\/es\/?s={search_term_string}"},"query-input":{"@type":"PropertyValueSpecification","valueRequired":true,"valueName":"search_term_string"}}],"inLanguage":"es"},{"@type":"Organization","@id":"https:\/\/www.iemj.org\/es\/#organization","name":"Institut Europ\u00e9en des Musiques Juives","url":"https:\/\/www.iemj.org\/es\/","logo":{"@type":"ImageObject","inLanguage":"es","@id":"https:\/\/www.iemj.org\/es\/#\/schema\/logo\/image\/","url":"https:\/\/www.iemj.org\/wp-content\/uploads\/2021\/09\/Logo-IEMJ-Paypal.jpg","contentUrl":"https:\/\/www.iemj.org\/wp-content\/uploads\/2021\/09\/Logo-IEMJ-Paypal.jpg","width":150,"height":50,"caption":"Institut Europ\u00e9en des Musiques Juives"},"image":{"@id":"https:\/\/www.iemj.org\/es\/#\/schema\/logo\/image\/"},"sameAs":["https:\/\/www.facebook.com\/MusiquesJuives\/","https:\/\/www.instagram.com\/musiquesjuives\/","https:\/\/www.youtube.com\/user\/musiquesjuives"]},{"@type":"Person","@id":"https:\/\/www.iemj.org\/es\/#\/schema\/person\/c9bc1c386a3749579a2d675e72a18666","name":"Jean-Gabriel Davis","image":{"@type":"ImageObject","inLanguage":"es","@id":"https:\/\/secure.gravatar.com\/avatar\/2b90d67bdf392c9b3a21fab87c0fa7edaf1fb3a058172a1ffd61033fcec7aec1?s=96&d=mm&r=g","url":"https:\/\/secure.gravatar.com\/avatar\/2b90d67bdf392c9b3a21fab87c0fa7edaf1fb3a058172a1ffd61033fcec7aec1?s=96&d=mm&r=g","contentUrl":"https:\/\/secure.gravatar.com\/avatar\/2b90d67bdf392c9b3a21fab87c0fa7edaf1fb3a058172a1ffd61033fcec7aec1?s=96&d=mm&r=g","caption":"Jean-Gabriel Davis"}}]}},"_links":{"self":[{"href":"https:\/\/www.iemj.org\/es\/wp-json\/wp\/v2\/posts\/102252","targetHints":{"allow":["GET"]}}],"collection":[{"href":"https:\/\/www.iemj.org\/es\/wp-json\/wp\/v2\/posts"}],"about":[{"href":"https:\/\/www.iemj.org\/es\/wp-json\/wp\/v2\/types\/post"}],"author":[{"embeddable":true,"href":"https:\/\/www.iemj.org\/es\/wp-json\/wp\/v2\/users\/1048"}],"replies":[{"embeddable":true,"href":"https:\/\/www.iemj.org\/es\/wp-json\/wp\/v2\/comments?post=102252"}],"version-history":[{"count":0,"href":"https:\/\/www.iemj.org\/es\/wp-json\/wp\/v2\/posts\/102252\/revisions"}],"wp:featuredmedia":[{"embeddable":true,"href":"https:\/\/www.iemj.org\/es\/wp-json\/wp\/v2\/media\/37654"}],"wp:attachment":[{"href":"https:\/\/www.iemj.org\/es\/wp-json\/wp\/v2\/media?parent=102252"}],"wp:term":[{"taxonomy":"category","embeddable":true,"href":"https:\/\/www.iemj.org\/es\/wp-json\/wp\/v2\/categories?post=102252"},{"taxonomy":"post_tag","embeddable":true,"href":"https:\/\/www.iemj.org\/es\/wp-json\/wp\/v2\/tags?post=102252"},{"taxonomy":"technique","embeddable":true,"href":"https:\/\/www.iemj.org\/es\/wp-json\/wp\/v2\/technique?post=102252"},{"taxonomy":"squelettes","embeddable":true,"href":"https:\/\/www.iemj.org\/es\/wp-json\/wp\/v2\/squelettes?post=102252"},{"taxonomy":"sujet","embeddable":true,"href":"https:\/\/www.iemj.org\/es\/wp-json\/wp\/v2\/sujet?post=102252"},{"taxonomy":"formation","embeddable":true,"href":"https:\/\/www.iemj.org\/es\/wp-json\/wp\/v2\/formation?post=102252"},{"taxonomy":"genre","embeddable":true,"href":"https:\/\/www.iemj.org\/es\/wp-json\/wp\/v2\/genre?post=102252"},{"taxonomy":"fonds","embeddable":true,"href":"https:\/\/www.iemj.org\/es\/wp-json\/wp\/v2\/fonds?post=102252"},{"taxonomy":"tradition","embeddable":true,"href":"https:\/\/www.iemj.org\/es\/wp-json\/wp\/v2\/tradition?post=102252"},{"taxonomy":"type-de-contenu","embeddable":true,"href":"https:\/\/www.iemj.org\/es\/wp-json\/wp\/v2\/type-de-contenu?post=102252"},{"taxonomy":"interprete-compositeur","embeddable":true,"href":"https:\/\/www.iemj.org\/es\/wp-json\/wp\/v2\/interprete-compositeur?post=102252"},{"taxonomy":"frise","embeddable":true,"href":"https:\/\/www.iemj.org\/es\/wp-json\/wp\/v2\/frise?post=102252"},{"taxonomy":"type-devenement","embeddable":true,"href":"https:\/\/www.iemj.org\/es\/wp-json\/wp\/v2\/type-devenement?post=102252"},{"taxonomy":"tableaux-liens-externes","embeddable":true,"href":"https:\/\/www.iemj.org\/es\/wp-json\/wp\/v2\/tableaux-liens-externes?post=102252"}],"curies":[{"name":"wp","href":"https:\/\/api.w.org\/{rel}","templated":true}]}}