{"id":102557,"date":"2015-02-02T00:43:33","date_gmt":"2015-02-01T23:43:33","guid":{"rendered":"https:\/\/www.iemj.org\/salim-halali-tresor-de-la-chanson-judeo-arabe\/"},"modified":"2025-10-21T16:31:47","modified_gmt":"2025-10-21T14:31:47","slug":"salim-halali-tresor-de-la-chanson-judeo-arabe","status":"publish","type":"post","link":"https:\/\/www.iemj.org\/es\/salim-halali-tresor-de-la-chanson-judeo-arabe\/","title":{"rendered":"Salim Halali"},"content":{"rendered":"<p>Nueva obra de la colecci\u00f3n \u00abTr\u00e9sors de la chanson jud\u00e9o-arabe\u00bb publicada por Buda Musique, la suntuosa voz de Salim Halali, nacido en 1920 en Annaba (antigua B\u00f4ne), en Argelia, da testimonio de la canci\u00f3n judeo-magreb\u00ed de los a\u00f1os 40 a 1965.<\/p>\n<p>Salim Halali fue una de las mejores voces de la canci\u00f3n magreb\u00ed, en todos los g\u00e9neros. Hoy, una nueva generaci\u00f3n tararea algunas de sus canciones, bien promocionadas por la Orquesta Nacional de Barb\u00e8s (<em>Dour Biha Ya Chibani<\/em>) o La Mano Negra (<em>Sidi H&#8217;bibi<\/em>), ignorando la identidad del int\u00e9rprete original.<\/p>\n<p>Salim, nacido el 30 de julio de 1920 en Annaba (antigua B\u00f4ne) en el seno de una familia bereber jud\u00eda de panaderos, so\u00f1aba con una carrera de cantante espa\u00f1ol. A su llegada a Par\u00eds en 1934, tras un desv\u00edo por Marsella, se lanza en el repertorio llamado de sevillanas, marcado en particular por los \u00e9xitos de la franco-italiana Rina Ketty, int\u00e9rprete de <em>J&#8217;attendrai<\/em>. Su voz melosa no pasa desapercibida. Decide entonces dedicarse al patrimonio norteafricano. Su nueva vocaci\u00f3n arranca con fuerza en el mayor cine de Marsella, y luego recorre otras ciudades de Francia.<\/p>\n<p>Salim estuvo a punto de ser engullido por las noches y las nieblas nazis, y s\u00f3lo se salv\u00f3 gracias a la intervenci\u00f3n del rector de la mezquita de Par\u00eds. Tras la Liberaci\u00f3n, Salim vuelve a la m\u00fasica y, una vez m\u00e1s, sus majestuosas cuerdas vocales, sus movimientos p\u00e9lvicos y su golpe de derbouka seducen, perturban e incendian las pistas de baile de varios clubes orientales. En 1947, se hace con la mansi\u00f3n parisina de Ferdinand de Lesseps, en la avenida Montaigne, y la transforma en un lujoso club nocturno llamado \u00abIsmailia Folies\u00bb. Al a\u00f1o siguiente, abre \u00abLe S\u00e9rail\u00bb. Este impulso se ve truncado por la p\u00e9rdida de todos sus hermanos y hermanas.<\/p>\n<p>Disgustado y magullado, se refugia en Marruecos, donde es acogido calurosamente. Pasa muchos a\u00f1os felices grabando discos de \u00e9xito y actuando en directo sobre los escenarios, hasta 1965, a\u00f1o en que se retira. En circunstancias poco conocidas, pierde todos sus bienes y acaba su vida en la m\u00e1s absoluta indigencia.<\/p>\n<p>Nos quedan sus canciones y esa voz de la que nunca nos cansaremos.<\/p>\n<p><a href=\"https:\/\/www.iemj.org\/es\/halali-salim-1920-2005\/\" target=\"_blank\" rel=\"noopener\">M\u00e1s informaci\u00f3n sobre Salim Halali<\/a><\/p>\n<p><img fetchpriority=\"high\" decoding=\"async\" class=\"aligncenter size-full wp-image-110608\" src=\"https:\/\/www.iemj.org\/wp-content\/uploads\/2024\/03\/AUDIO-PLAYER.png\" alt=\"\" width=\"1210\" height=\"157\" srcset=\"https:\/\/www.iemj.org\/wp-content\/uploads\/2024\/03\/AUDIO-PLAYER.png 1210w, https:\/\/www.iemj.org\/wp-content\/uploads\/2024\/03\/AUDIO-PLAYER-300x39.png 300w, https:\/\/www.iemj.org\/wp-content\/uploads\/2024\/03\/AUDIO-PLAYER-1024x133.png 1024w, https:\/\/www.iemj.org\/wp-content\/uploads\/2024\/03\/AUDIO-PLAYER-768x100.png 768w, https:\/\/www.iemj.org\/wp-content\/uploads\/2024\/03\/AUDIO-PLAYER-600x78.png 600w\" sizes=\"(max-width: 1210px) 100vw, 1210px\" \/><\/p>\n","protected":false},"excerpt":{"rendered":"<p>Nueva obra de la colecci\u00f3n \u00abTr\u00e9sors de la chanson jud\u00e9o-arabe\u00bb publicada por Buda Musique, la suntuosa voz de Salim Halali, nacido en 1920 en Annaba (antigua B\u00f4ne), en Argelia, da<\/p>\n","protected":false},"author":1047,"featured_media":102558,"comment_status":"closed","ping_status":"closed","sticky":false,"template":"","format":"standard","meta":{"_acf_changed":false,"footnotes":""},"categories":[1568,1565],"tags":[],"technique":[],"squelettes":[],"sujet":[],"formation":[1858],"genre":[],"fonds":[],"tradition":[],"type-de-contenu":[],"interprete-compositeur":[],"frise":[],"type-devenement":[],"tableaux-liens-externes":[],"class_list":["post-102557","post","type-post","status-publish","format-standard","has-post-thumbnail","hentry","category-cd-es","category-ultimas-adquisiciones-es","formation-instrumental-es"],"acf":[],"yoast_head":"<!-- This site is optimized with the Yoast SEO plugin v27.3 - https:\/\/yoast.com\/product\/yoast-seo-wordpress\/ -->\n<title>Salim Halali - Institut Europ\u00e9en des Musiques Juives<\/title>\n<meta name=\"robots\" content=\"index, follow, max-snippet:-1, max-image-preview:large, max-video-preview:-1\" \/>\n<link rel=\"canonical\" href=\"https:\/\/www.iemj.org\/es\/salim-halali-tresor-de-la-chanson-judeo-arabe\/\" \/>\n<meta property=\"og:locale\" content=\"es_ES\" \/>\n<meta property=\"og:type\" content=\"article\" \/>\n<meta property=\"og:title\" content=\"Salim Halali - Institut Europ\u00e9en des Musiques Juives\" \/>\n<meta property=\"og:description\" content=\"Nueva obra de la colecci\u00f3n \u00abTr\u00e9sors de la chanson jud\u00e9o-arabe\u00bb publicada por Buda Musique, la suntuosa voz de Salim Halali, nacido en 1920 en Annaba (antigua B\u00f4ne), en Argelia, da\" \/>\n<meta property=\"og:url\" content=\"https:\/\/www.iemj.org\/es\/salim-halali-tresor-de-la-chanson-judeo-arabe\/\" \/>\n<meta property=\"og:site_name\" content=\"Institut Europ\u00e9en des Musiques Juives\" \/>\n<meta property=\"article:publisher\" content=\"https:\/\/www.facebook.com\/MusiquesJuives\/\" \/>\n<meta property=\"article:published_time\" content=\"2015-02-01T23:43:33+00:00\" \/>\n<meta property=\"article:modified_time\" content=\"2025-10-21T14:31:47+00:00\" \/>\n<meta property=\"og:image\" content=\"https:\/\/www.iemj.org\/wp-content\/uploads\/2015\/02\/arton223-e1619537349285.jpg\" \/>\n\t<meta property=\"og:image:width\" content=\"350\" \/>\n\t<meta property=\"og:image:height\" content=\"334\" \/>\n\t<meta property=\"og:image:type\" content=\"image\/jpeg\" \/>\n<meta name=\"author\" content=\"Nicolas Fevre\" \/>\n<meta name=\"twitter:card\" content=\"summary_large_image\" \/>\n<meta name=\"twitter:label1\" content=\"Escrito por\" \/>\n\t<meta name=\"twitter:data1\" content=\"Nicolas Fevre\" \/>\n\t<meta name=\"twitter:label2\" content=\"Tiempo de lectura\" \/>\n\t<meta name=\"twitter:data2\" content=\"3 minutos\" \/>\n<script type=\"application\/ld+json\" class=\"yoast-schema-graph\">{\"@context\":\"https:\\\/\\\/schema.org\",\"@graph\":[{\"@type\":\"Article\",\"@id\":\"https:\\\/\\\/www.iemj.org\\\/es\\\/salim-halali-tresor-de-la-chanson-judeo-arabe\\\/#article\",\"isPartOf\":{\"@id\":\"https:\\\/\\\/www.iemj.org\\\/es\\\/salim-halali-tresor-de-la-chanson-judeo-arabe\\\/\"},\"author\":{\"name\":\"Nicolas Fevre\",\"@id\":\"https:\\\/\\\/www.iemj.org\\\/es\\\/#\\\/schema\\\/person\\\/0dfc8632809ec10c9e7d4daf4f4b9f1c\"},\"headline\":\"Salim Halali\",\"datePublished\":\"2015-02-01T23:43:33+00:00\",\"dateModified\":\"2025-10-21T14:31:47+00:00\",\"mainEntityOfPage\":{\"@id\":\"https:\\\/\\\/www.iemj.org\\\/es\\\/salim-halali-tresor-de-la-chanson-judeo-arabe\\\/\"},\"wordCount\":395,\"publisher\":{\"@id\":\"https:\\\/\\\/www.iemj.org\\\/es\\\/#organization\"},\"image\":{\"@id\":\"https:\\\/\\\/www.iemj.org\\\/es\\\/salim-halali-tresor-de-la-chanson-judeo-arabe\\\/#primaryimage\"},\"thumbnailUrl\":\"https:\\\/\\\/www.iemj.org\\\/wp-content\\\/uploads\\\/2015\\\/02\\\/arton223-e1619537349285.jpg\",\"articleSection\":[\"CD\",\"\u00daltimas adquisiciones\"],\"inLanguage\":\"es\"},{\"@type\":\"WebPage\",\"@id\":\"https:\\\/\\\/www.iemj.org\\\/es\\\/salim-halali-tresor-de-la-chanson-judeo-arabe\\\/\",\"url\":\"https:\\\/\\\/www.iemj.org\\\/es\\\/salim-halali-tresor-de-la-chanson-judeo-arabe\\\/\",\"name\":\"Salim Halali - Institut Europ\u00e9en des Musiques Juives\",\"isPartOf\":{\"@id\":\"https:\\\/\\\/www.iemj.org\\\/es\\\/#website\"},\"primaryImageOfPage\":{\"@id\":\"https:\\\/\\\/www.iemj.org\\\/es\\\/salim-halali-tresor-de-la-chanson-judeo-arabe\\\/#primaryimage\"},\"image\":{\"@id\":\"https:\\\/\\\/www.iemj.org\\\/es\\\/salim-halali-tresor-de-la-chanson-judeo-arabe\\\/#primaryimage\"},\"thumbnailUrl\":\"https:\\\/\\\/www.iemj.org\\\/wp-content\\\/uploads\\\/2015\\\/02\\\/arton223-e1619537349285.jpg\",\"datePublished\":\"2015-02-01T23:43:33+00:00\",\"dateModified\":\"2025-10-21T14:31:47+00:00\",\"breadcrumb\":{\"@id\":\"https:\\\/\\\/www.iemj.org\\\/es\\\/salim-halali-tresor-de-la-chanson-judeo-arabe\\\/#breadcrumb\"},\"inLanguage\":\"es\",\"potentialAction\":[{\"@type\":\"ReadAction\",\"target\":[\"https:\\\/\\\/www.iemj.org\\\/es\\\/salim-halali-tresor-de-la-chanson-judeo-arabe\\\/\"]}]},{\"@type\":\"ImageObject\",\"inLanguage\":\"es\",\"@id\":\"https:\\\/\\\/www.iemj.org\\\/es\\\/salim-halali-tresor-de-la-chanson-judeo-arabe\\\/#primaryimage\",\"url\":\"https:\\\/\\\/www.iemj.org\\\/wp-content\\\/uploads\\\/2015\\\/02\\\/arton223-e1619537349285.jpg\",\"contentUrl\":\"https:\\\/\\\/www.iemj.org\\\/wp-content\\\/uploads\\\/2015\\\/02\\\/arton223-e1619537349285.jpg\",\"width\":350,\"height\":334},{\"@type\":\"BreadcrumbList\",\"@id\":\"https:\\\/\\\/www.iemj.org\\\/es\\\/salim-halali-tresor-de-la-chanson-judeo-arabe\\\/#breadcrumb\",\"itemListElement\":[{\"@type\":\"ListItem\",\"position\":1,\"name\":\"Accueil\",\"item\":\"https:\\\/\\\/www.iemj.org\\\/es\\\/\"},{\"@type\":\"ListItem\",\"position\":2,\"name\":\"Salim Halali\"}]},{\"@type\":\"WebSite\",\"@id\":\"https:\\\/\\\/www.iemj.org\\\/es\\\/#website\",\"url\":\"https:\\\/\\\/www.iemj.org\\\/es\\\/\",\"name\":\"Institut Europ\u00e9en des Musiques Juives\",\"description\":\"Des traditions musicales \u00e0 la port\u00e9e de tous\",\"publisher\":{\"@id\":\"https:\\\/\\\/www.iemj.org\\\/es\\\/#organization\"},\"potentialAction\":[{\"@type\":\"SearchAction\",\"target\":{\"@type\":\"EntryPoint\",\"urlTemplate\":\"https:\\\/\\\/www.iemj.org\\\/es\\\/?s={search_term_string}\"},\"query-input\":{\"@type\":\"PropertyValueSpecification\",\"valueRequired\":true,\"valueName\":\"search_term_string\"}}],\"inLanguage\":\"es\"},{\"@type\":\"Organization\",\"@id\":\"https:\\\/\\\/www.iemj.org\\\/es\\\/#organization\",\"name\":\"Institut Europ\u00e9en des Musiques Juives\",\"url\":\"https:\\\/\\\/www.iemj.org\\\/es\\\/\",\"logo\":{\"@type\":\"ImageObject\",\"inLanguage\":\"es\",\"@id\":\"https:\\\/\\\/www.iemj.org\\\/es\\\/#\\\/schema\\\/logo\\\/image\\\/\",\"url\":\"https:\\\/\\\/www.iemj.org\\\/wp-content\\\/uploads\\\/2021\\\/09\\\/Logo-IEMJ-Paypal.jpg\",\"contentUrl\":\"https:\\\/\\\/www.iemj.org\\\/wp-content\\\/uploads\\\/2021\\\/09\\\/Logo-IEMJ-Paypal.jpg\",\"width\":150,\"height\":50,\"caption\":\"Institut Europ\u00e9en des Musiques Juives\"},\"image\":{\"@id\":\"https:\\\/\\\/www.iemj.org\\\/es\\\/#\\\/schema\\\/logo\\\/image\\\/\"},\"sameAs\":[\"https:\\\/\\\/www.facebook.com\\\/MusiquesJuives\\\/\",\"https:\\\/\\\/www.instagram.com\\\/musiquesjuives\\\/\",\"https:\\\/\\\/www.youtube.com\\\/user\\\/musiquesjuives\"]},{\"@type\":\"Person\",\"@id\":\"https:\\\/\\\/www.iemj.org\\\/es\\\/#\\\/schema\\\/person\\\/0dfc8632809ec10c9e7d4daf4f4b9f1c\",\"name\":\"Nicolas Fevre\",\"image\":{\"@type\":\"ImageObject\",\"inLanguage\":\"es\",\"@id\":\"https:\\\/\\\/secure.gravatar.com\\\/avatar\\\/d879fd262de3ba26caa7035b34c65f320aa09cf4c96889ac41d9325e287ccb7b?s=96&d=mm&r=g\",\"url\":\"https:\\\/\\\/secure.gravatar.com\\\/avatar\\\/d879fd262de3ba26caa7035b34c65f320aa09cf4c96889ac41d9325e287ccb7b?s=96&d=mm&r=g\",\"contentUrl\":\"https:\\\/\\\/secure.gravatar.com\\\/avatar\\\/d879fd262de3ba26caa7035b34c65f320aa09cf4c96889ac41d9325e287ccb7b?s=96&d=mm&r=g\",\"caption\":\"Nicolas Fevre\"}}]}<\/script>\n<!-- \/ Yoast SEO plugin. -->","yoast_head_json":{"title":"Salim Halali - Institut Europ\u00e9en des Musiques Juives","robots":{"index":"index","follow":"follow","max-snippet":"max-snippet:-1","max-image-preview":"max-image-preview:large","max-video-preview":"max-video-preview:-1"},"canonical":"https:\/\/www.iemj.org\/es\/salim-halali-tresor-de-la-chanson-judeo-arabe\/","og_locale":"es_ES","og_type":"article","og_title":"Salim Halali - Institut Europ\u00e9en des Musiques Juives","og_description":"Nueva obra de la colecci\u00f3n \u00abTr\u00e9sors de la chanson jud\u00e9o-arabe\u00bb publicada por Buda Musique, la suntuosa voz de Salim Halali, nacido en 1920 en Annaba (antigua B\u00f4ne), en Argelia, da","og_url":"https:\/\/www.iemj.org\/es\/salim-halali-tresor-de-la-chanson-judeo-arabe\/","og_site_name":"Institut Europ\u00e9en des Musiques Juives","article_publisher":"https:\/\/www.facebook.com\/MusiquesJuives\/","article_published_time":"2015-02-01T23:43:33+00:00","article_modified_time":"2025-10-21T14:31:47+00:00","og_image":[{"width":350,"height":334,"url":"https:\/\/www.iemj.org\/wp-content\/uploads\/2015\/02\/arton223-e1619537349285.jpg","type":"image\/jpeg"}],"author":"Nicolas Fevre","twitter_card":"summary_large_image","twitter_misc":{"Escrito por":"Nicolas Fevre","Tiempo de lectura":"3 minutos"},"schema":{"@context":"https:\/\/schema.org","@graph":[{"@type":"Article","@id":"https:\/\/www.iemj.org\/es\/salim-halali-tresor-de-la-chanson-judeo-arabe\/#article","isPartOf":{"@id":"https:\/\/www.iemj.org\/es\/salim-halali-tresor-de-la-chanson-judeo-arabe\/"},"author":{"name":"Nicolas Fevre","@id":"https:\/\/www.iemj.org\/es\/#\/schema\/person\/0dfc8632809ec10c9e7d4daf4f4b9f1c"},"headline":"Salim Halali","datePublished":"2015-02-01T23:43:33+00:00","dateModified":"2025-10-21T14:31:47+00:00","mainEntityOfPage":{"@id":"https:\/\/www.iemj.org\/es\/salim-halali-tresor-de-la-chanson-judeo-arabe\/"},"wordCount":395,"publisher":{"@id":"https:\/\/www.iemj.org\/es\/#organization"},"image":{"@id":"https:\/\/www.iemj.org\/es\/salim-halali-tresor-de-la-chanson-judeo-arabe\/#primaryimage"},"thumbnailUrl":"https:\/\/www.iemj.org\/wp-content\/uploads\/2015\/02\/arton223-e1619537349285.jpg","articleSection":["CD","\u00daltimas adquisiciones"],"inLanguage":"es"},{"@type":"WebPage","@id":"https:\/\/www.iemj.org\/es\/salim-halali-tresor-de-la-chanson-judeo-arabe\/","url":"https:\/\/www.iemj.org\/es\/salim-halali-tresor-de-la-chanson-judeo-arabe\/","name":"Salim Halali - Institut Europ\u00e9en des Musiques Juives","isPartOf":{"@id":"https:\/\/www.iemj.org\/es\/#website"},"primaryImageOfPage":{"@id":"https:\/\/www.iemj.org\/es\/salim-halali-tresor-de-la-chanson-judeo-arabe\/#primaryimage"},"image":{"@id":"https:\/\/www.iemj.org\/es\/salim-halali-tresor-de-la-chanson-judeo-arabe\/#primaryimage"},"thumbnailUrl":"https:\/\/www.iemj.org\/wp-content\/uploads\/2015\/02\/arton223-e1619537349285.jpg","datePublished":"2015-02-01T23:43:33+00:00","dateModified":"2025-10-21T14:31:47+00:00","breadcrumb":{"@id":"https:\/\/www.iemj.org\/es\/salim-halali-tresor-de-la-chanson-judeo-arabe\/#breadcrumb"},"inLanguage":"es","potentialAction":[{"@type":"ReadAction","target":["https:\/\/www.iemj.org\/es\/salim-halali-tresor-de-la-chanson-judeo-arabe\/"]}]},{"@type":"ImageObject","inLanguage":"es","@id":"https:\/\/www.iemj.org\/es\/salim-halali-tresor-de-la-chanson-judeo-arabe\/#primaryimage","url":"https:\/\/www.iemj.org\/wp-content\/uploads\/2015\/02\/arton223-e1619537349285.jpg","contentUrl":"https:\/\/www.iemj.org\/wp-content\/uploads\/2015\/02\/arton223-e1619537349285.jpg","width":350,"height":334},{"@type":"BreadcrumbList","@id":"https:\/\/www.iemj.org\/es\/salim-halali-tresor-de-la-chanson-judeo-arabe\/#breadcrumb","itemListElement":[{"@type":"ListItem","position":1,"name":"Accueil","item":"https:\/\/www.iemj.org\/es\/"},{"@type":"ListItem","position":2,"name":"Salim Halali"}]},{"@type":"WebSite","@id":"https:\/\/www.iemj.org\/es\/#website","url":"https:\/\/www.iemj.org\/es\/","name":"Institut Europ\u00e9en des Musiques Juives","description":"Des traditions musicales \u00e0 la port\u00e9e de tous","publisher":{"@id":"https:\/\/www.iemj.org\/es\/#organization"},"potentialAction":[{"@type":"SearchAction","target":{"@type":"EntryPoint","urlTemplate":"https:\/\/www.iemj.org\/es\/?s={search_term_string}"},"query-input":{"@type":"PropertyValueSpecification","valueRequired":true,"valueName":"search_term_string"}}],"inLanguage":"es"},{"@type":"Organization","@id":"https:\/\/www.iemj.org\/es\/#organization","name":"Institut Europ\u00e9en des Musiques Juives","url":"https:\/\/www.iemj.org\/es\/","logo":{"@type":"ImageObject","inLanguage":"es","@id":"https:\/\/www.iemj.org\/es\/#\/schema\/logo\/image\/","url":"https:\/\/www.iemj.org\/wp-content\/uploads\/2021\/09\/Logo-IEMJ-Paypal.jpg","contentUrl":"https:\/\/www.iemj.org\/wp-content\/uploads\/2021\/09\/Logo-IEMJ-Paypal.jpg","width":150,"height":50,"caption":"Institut Europ\u00e9en des Musiques Juives"},"image":{"@id":"https:\/\/www.iemj.org\/es\/#\/schema\/logo\/image\/"},"sameAs":["https:\/\/www.facebook.com\/MusiquesJuives\/","https:\/\/www.instagram.com\/musiquesjuives\/","https:\/\/www.youtube.com\/user\/musiquesjuives"]},{"@type":"Person","@id":"https:\/\/www.iemj.org\/es\/#\/schema\/person\/0dfc8632809ec10c9e7d4daf4f4b9f1c","name":"Nicolas Fevre","image":{"@type":"ImageObject","inLanguage":"es","@id":"https:\/\/secure.gravatar.com\/avatar\/d879fd262de3ba26caa7035b34c65f320aa09cf4c96889ac41d9325e287ccb7b?s=96&d=mm&r=g","url":"https:\/\/secure.gravatar.com\/avatar\/d879fd262de3ba26caa7035b34c65f320aa09cf4c96889ac41d9325e287ccb7b?s=96&d=mm&r=g","contentUrl":"https:\/\/secure.gravatar.com\/avatar\/d879fd262de3ba26caa7035b34c65f320aa09cf4c96889ac41d9325e287ccb7b?s=96&d=mm&r=g","caption":"Nicolas Fevre"}}]}},"_links":{"self":[{"href":"https:\/\/www.iemj.org\/es\/wp-json\/wp\/v2\/posts\/102557","targetHints":{"allow":["GET"]}}],"collection":[{"href":"https:\/\/www.iemj.org\/es\/wp-json\/wp\/v2\/posts"}],"about":[{"href":"https:\/\/www.iemj.org\/es\/wp-json\/wp\/v2\/types\/post"}],"author":[{"embeddable":true,"href":"https:\/\/www.iemj.org\/es\/wp-json\/wp\/v2\/users\/1047"}],"replies":[{"embeddable":true,"href":"https:\/\/www.iemj.org\/es\/wp-json\/wp\/v2\/comments?post=102557"}],"version-history":[{"count":1,"href":"https:\/\/www.iemj.org\/es\/wp-json\/wp\/v2\/posts\/102557\/revisions"}],"predecessor-version":[{"id":127583,"href":"https:\/\/www.iemj.org\/es\/wp-json\/wp\/v2\/posts\/102557\/revisions\/127583"}],"wp:featuredmedia":[{"embeddable":true,"href":"https:\/\/www.iemj.org\/es\/wp-json\/wp\/v2\/media\/102558"}],"wp:attachment":[{"href":"https:\/\/www.iemj.org\/es\/wp-json\/wp\/v2\/media?parent=102557"}],"wp:term":[{"taxonomy":"category","embeddable":true,"href":"https:\/\/www.iemj.org\/es\/wp-json\/wp\/v2\/categories?post=102557"},{"taxonomy":"post_tag","embeddable":true,"href":"https:\/\/www.iemj.org\/es\/wp-json\/wp\/v2\/tags?post=102557"},{"taxonomy":"technique","embeddable":true,"href":"https:\/\/www.iemj.org\/es\/wp-json\/wp\/v2\/technique?post=102557"},{"taxonomy":"squelettes","embeddable":true,"href":"https:\/\/www.iemj.org\/es\/wp-json\/wp\/v2\/squelettes?post=102557"},{"taxonomy":"sujet","embeddable":true,"href":"https:\/\/www.iemj.org\/es\/wp-json\/wp\/v2\/sujet?post=102557"},{"taxonomy":"formation","embeddable":true,"href":"https:\/\/www.iemj.org\/es\/wp-json\/wp\/v2\/formation?post=102557"},{"taxonomy":"genre","embeddable":true,"href":"https:\/\/www.iemj.org\/es\/wp-json\/wp\/v2\/genre?post=102557"},{"taxonomy":"fonds","embeddable":true,"href":"https:\/\/www.iemj.org\/es\/wp-json\/wp\/v2\/fonds?post=102557"},{"taxonomy":"tradition","embeddable":true,"href":"https:\/\/www.iemj.org\/es\/wp-json\/wp\/v2\/tradition?post=102557"},{"taxonomy":"type-de-contenu","embeddable":true,"href":"https:\/\/www.iemj.org\/es\/wp-json\/wp\/v2\/type-de-contenu?post=102557"},{"taxonomy":"interprete-compositeur","embeddable":true,"href":"https:\/\/www.iemj.org\/es\/wp-json\/wp\/v2\/interprete-compositeur?post=102557"},{"taxonomy":"frise","embeddable":true,"href":"https:\/\/www.iemj.org\/es\/wp-json\/wp\/v2\/frise?post=102557"},{"taxonomy":"type-devenement","embeddable":true,"href":"https:\/\/www.iemj.org\/es\/wp-json\/wp\/v2\/type-devenement?post=102557"},{"taxonomy":"tableaux-liens-externes","embeddable":true,"href":"https:\/\/www.iemj.org\/es\/wp-json\/wp\/v2\/tableaux-liens-externes?post=102557"}],"curies":[{"name":"wp","href":"https:\/\/api.w.org\/{rel}","templated":true}]}}