{"id":102705,"date":"2013-10-17T14:29:24","date_gmt":"2013-10-17T12:29:24","guid":{"rendered":"https:\/\/www.iemj.org\/les-voix-de-loubli-erwin-schulhoff-leo-smit\/"},"modified":"2025-10-20T17:11:13","modified_gmt":"2025-10-20T15:11:13","slug":"les-voix-de-loubli-erwin-schulhoff-leo-smit","status":"publish","type":"post","link":"https:\/\/www.iemj.org\/es\/les-voix-de-loubli-erwin-schulhoff-leo-smit\/","title":{"rendered":"Les voix de l&#8217;oubli : Erwin Schulhoff &#8211; L\u00e9o Smit"},"content":{"rendered":"\n<p>Saphir Productions, 21-11-2012<\/p>\n\n\n\n<!--more-->\n\n\n\n<p>Producido por la flautista Virginie Reibel-Escoffier, este CD repasa el periodo de purga musical en la Alemania nazi (1933-1945), y los m\u00fasicos y compositores, en su mayor\u00eda jud\u00edos, que fueron rechazados antes de ser deportados y exterminados.<\/p>\n\n\n\n<p>Esta grabaci\u00f3n saca del olvido varias obras de Erwin Schulhoff y L\u00e9o Smit.<\/p>\n\n\n\n<p>Alumno de Max Reger y Claude Debussy, Erwin Schulhof (1894 &#8211; 1942), nacido en Praga, fue detenido all\u00ed el 22 de junio de 1941 e internado en la fortaleza de W\u00fclzburg, en Baviera, donde muri\u00f3 de tuberculosis el 28 de agosto de 1942.<\/p>\n\n\n\n<p>Influido por la m\u00fasica francesa (Milhaud, Roussel, Stravinsky&#8230;), L\u00e9o Smit (1900-1943), nacido en \u00c1msterdam en el seno de una familia jud\u00eda de origen portugu\u00e9s, fue encerrado en el \u00abTeatro para Jud\u00edos\u00bb de \u00c1msterdam antes de ser deportado al campo de concentraci\u00f3n de Sobibor, donde fue gaseado el 30 de abril de 1943.<\/p>\n\n\n\n<p><strong>Programa del CD<\/strong><br><strong>Erwin Schulhoff:<\/strong><br>&#8211; Concertino para flauta, viola y contrabajo<br>&#8211; Sonata para flauta y piano<br>&#8211; Susi fox song para flauta y piano<br><strong>L\u00e9o Smit:<\/strong><br>&#8211; Tr\u00edo para flauta, viola y arpa<br>&#8211; Quinteto para flauta, arpa y tr\u00edo de cuerda<br>&#8211; Sonata para flauta y piano<\/p>\n\n\n<div class=\"wp-block-image\">\n<figure class=\"aligncenter size-large\"><img fetchpriority=\"high\" decoding=\"async\" width=\"1024\" height=\"133\" src=\"https:\/\/www.iemj.org\/wp-content\/uploads\/2024\/03\/AUDIO-PLAYER-1024x133.png\" alt=\"\" class=\"wp-image-110608\" srcset=\"https:\/\/www.iemj.org\/wp-content\/uploads\/2024\/03\/AUDIO-PLAYER-1024x133.png 1024w, https:\/\/www.iemj.org\/wp-content\/uploads\/2024\/03\/AUDIO-PLAYER-300x39.png 300w, https:\/\/www.iemj.org\/wp-content\/uploads\/2024\/03\/AUDIO-PLAYER-768x100.png 768w, https:\/\/www.iemj.org\/wp-content\/uploads\/2024\/03\/AUDIO-PLAYER-600x78.png 600w, https:\/\/www.iemj.org\/wp-content\/uploads\/2024\/03\/AUDIO-PLAYER.png 1210w\" sizes=\"(max-width: 1024px) 100vw, 1024px\" \/><\/figure>\n<\/div>\n\n\n<div class=\"wp-block-file\"><a id=\"wp-block-file--media-b7badbcb-a8eb-415e-8150-1f7a119ab3b3\" href=\"https:\/\/www.iemj.org\/wp-content\/uploads\/2013\/10\/cd_500_02_siteiemj.mp3\">Schulhoff : 2e mouvt du Concertino pour fl\u00fbte, alto et contrebasse<\/a><\/div>\n\n\n\n<div class=\"wp-block-file\"><a id=\"wp-block-file--media-418b5cda-20e7-40c1-bee2-0172b67cf0d3\" href=\"https:\/\/www.iemj.org\/wp-content\/uploads\/2013\/10\/cd_500_05_siteiemj.mp3\">Smit : Trio pour fl\u00fbte, alto et harpe<\/a><\/div>\n\n\n\n<div class=\"wp-block-file\"><a id=\"wp-block-file--media-ad28348f-e6d0-48e4-9dd3-e2d1aef833b2\" href=\"https:\/\/www.iemj.org\/wp-content\/uploads\/2013\/10\/cd_500_13_siteiemj.mp3\">Smit : Susi, fox song pour fl\u00fbte &amp; piano<\/a><\/div>\n","protected":false},"excerpt":{"rendered":"<p>Saphir Productions, 21-11-2012<\/p>\n","protected":false},"author":1045,"featured_media":102706,"comment_status":"closed","ping_status":"closed","sticky":false,"template":"","format":"standard","meta":{"_acf_changed":false,"footnotes":""},"categories":[1568,1565],"tags":[2079],"technique":[],"squelettes":[],"sujet":[],"formation":[],"genre":[],"fonds":[],"tradition":[],"type-de-contenu":[],"interprete-compositeur":[],"frise":[],"type-devenement":[],"tableaux-liens-externes":[],"class_list":["post-102705","post","type-post","status-publish","format-standard","has-post-thumbnail","hentry","category-cd-es","category-ultimas-adquisiciones-es","tag-alemania-es"],"acf":[],"yoast_head":"<!-- This site is optimized with the Yoast SEO plugin v27.3 - https:\/\/yoast.com\/product\/yoast-seo-wordpress\/ -->\n<title>Les voix de l&#039;oubli : Erwin Schulhoff - L\u00e9o Smit - Institut Europ\u00e9en des Musiques Juives<\/title>\n<meta name=\"robots\" content=\"index, follow, max-snippet:-1, max-image-preview:large, max-video-preview:-1\" \/>\n<link rel=\"canonical\" href=\"https:\/\/www.iemj.org\/es\/les-voix-de-loubli-erwin-schulhoff-leo-smit\/\" \/>\n<meta property=\"og:locale\" content=\"es_ES\" \/>\n<meta property=\"og:type\" content=\"article\" \/>\n<meta property=\"og:title\" content=\"Les voix de l&#039;oubli : Erwin Schulhoff - L\u00e9o Smit - Institut Europ\u00e9en des Musiques Juives\" \/>\n<meta property=\"og:description\" content=\"Saphir Productions, 21-11-2012\" \/>\n<meta property=\"og:url\" content=\"https:\/\/www.iemj.org\/es\/les-voix-de-loubli-erwin-schulhoff-leo-smit\/\" \/>\n<meta property=\"og:site_name\" content=\"Institut Europ\u00e9en des Musiques Juives\" \/>\n<meta property=\"article:publisher\" content=\"https:\/\/www.facebook.com\/MusiquesJuives\/\" \/>\n<meta property=\"article:published_time\" content=\"2013-10-17T12:29:24+00:00\" \/>\n<meta property=\"article:modified_time\" content=\"2025-10-20T15:11:13+00:00\" \/>\n<meta property=\"og:image\" content=\"https:\/\/www.iemj.org\/wp-content\/uploads\/2013\/10\/arton771.jpg\" \/>\n\t<meta property=\"og:image:width\" content=\"328\" \/>\n\t<meta property=\"og:image:height\" content=\"320\" \/>\n\t<meta property=\"og:image:type\" content=\"image\/jpeg\" \/>\n<meta name=\"author\" content=\"Herv\u00e9 Roten\" \/>\n<meta name=\"twitter:card\" content=\"summary_large_image\" \/>\n<meta name=\"twitter:label1\" content=\"Escrito por\" \/>\n\t<meta name=\"twitter:data1\" content=\"Herv\u00e9 Roten\" \/>\n\t<meta name=\"twitter:label2\" content=\"Tiempo de lectura\" \/>\n\t<meta name=\"twitter:data2\" content=\"2 minutos\" \/>\n<script type=\"application\/ld+json\" class=\"yoast-schema-graph\">{\"@context\":\"https:\\\/\\\/schema.org\",\"@graph\":[{\"@type\":\"Article\",\"@id\":\"https:\\\/\\\/www.iemj.org\\\/es\\\/les-voix-de-loubli-erwin-schulhoff-leo-smit\\\/#article\",\"isPartOf\":{\"@id\":\"https:\\\/\\\/www.iemj.org\\\/es\\\/les-voix-de-loubli-erwin-schulhoff-leo-smit\\\/\"},\"author\":{\"name\":\"Herv\u00e9 Roten\",\"@id\":\"https:\\\/\\\/www.iemj.org\\\/es\\\/#\\\/schema\\\/person\\\/906134402c29d5c76e7b726261dd4bbd\"},\"headline\":\"Les voix de l&#8217;oubli : Erwin Schulhoff &#8211; L\u00e9o Smit\",\"datePublished\":\"2013-10-17T12:29:24+00:00\",\"dateModified\":\"2025-10-20T15:11:13+00:00\",\"mainEntityOfPage\":{\"@id\":\"https:\\\/\\\/www.iemj.org\\\/es\\\/les-voix-de-loubli-erwin-schulhoff-leo-smit\\\/\"},\"wordCount\":241,\"publisher\":{\"@id\":\"https:\\\/\\\/www.iemj.org\\\/es\\\/#organization\"},\"image\":{\"@id\":\"https:\\\/\\\/www.iemj.org\\\/es\\\/les-voix-de-loubli-erwin-schulhoff-leo-smit\\\/#primaryimage\"},\"thumbnailUrl\":\"https:\\\/\\\/www.iemj.org\\\/wp-content\\\/uploads\\\/2013\\\/10\\\/arton771.jpg\",\"keywords\":[\"Alemania\"],\"articleSection\":[\"CD\",\"\u00daltimas adquisiciones\"],\"inLanguage\":\"es\"},{\"@type\":\"WebPage\",\"@id\":\"https:\\\/\\\/www.iemj.org\\\/es\\\/les-voix-de-loubli-erwin-schulhoff-leo-smit\\\/\",\"url\":\"https:\\\/\\\/www.iemj.org\\\/es\\\/les-voix-de-loubli-erwin-schulhoff-leo-smit\\\/\",\"name\":\"Les voix de l'oubli : Erwin Schulhoff - L\u00e9o Smit - Institut Europ\u00e9en des Musiques Juives\",\"isPartOf\":{\"@id\":\"https:\\\/\\\/www.iemj.org\\\/es\\\/#website\"},\"primaryImageOfPage\":{\"@id\":\"https:\\\/\\\/www.iemj.org\\\/es\\\/les-voix-de-loubli-erwin-schulhoff-leo-smit\\\/#primaryimage\"},\"image\":{\"@id\":\"https:\\\/\\\/www.iemj.org\\\/es\\\/les-voix-de-loubli-erwin-schulhoff-leo-smit\\\/#primaryimage\"},\"thumbnailUrl\":\"https:\\\/\\\/www.iemj.org\\\/wp-content\\\/uploads\\\/2013\\\/10\\\/arton771.jpg\",\"datePublished\":\"2013-10-17T12:29:24+00:00\",\"dateModified\":\"2025-10-20T15:11:13+00:00\",\"breadcrumb\":{\"@id\":\"https:\\\/\\\/www.iemj.org\\\/es\\\/les-voix-de-loubli-erwin-schulhoff-leo-smit\\\/#breadcrumb\"},\"inLanguage\":\"es\",\"potentialAction\":[{\"@type\":\"ReadAction\",\"target\":[\"https:\\\/\\\/www.iemj.org\\\/es\\\/les-voix-de-loubli-erwin-schulhoff-leo-smit\\\/\"]}]},{\"@type\":\"ImageObject\",\"inLanguage\":\"es\",\"@id\":\"https:\\\/\\\/www.iemj.org\\\/es\\\/les-voix-de-loubli-erwin-schulhoff-leo-smit\\\/#primaryimage\",\"url\":\"https:\\\/\\\/www.iemj.org\\\/wp-content\\\/uploads\\\/2013\\\/10\\\/arton771.jpg\",\"contentUrl\":\"https:\\\/\\\/www.iemj.org\\\/wp-content\\\/uploads\\\/2013\\\/10\\\/arton771.jpg\",\"width\":328,\"height\":320},{\"@type\":\"BreadcrumbList\",\"@id\":\"https:\\\/\\\/www.iemj.org\\\/es\\\/les-voix-de-loubli-erwin-schulhoff-leo-smit\\\/#breadcrumb\",\"itemListElement\":[{\"@type\":\"ListItem\",\"position\":1,\"name\":\"Accueil\",\"item\":\"https:\\\/\\\/www.iemj.org\\\/es\\\/\"},{\"@type\":\"ListItem\",\"position\":2,\"name\":\"Les voix de l&rsquo;oubli : Erwin Schulhoff &#8211; L\u00e9o Smit\"}]},{\"@type\":\"WebSite\",\"@id\":\"https:\\\/\\\/www.iemj.org\\\/es\\\/#website\",\"url\":\"https:\\\/\\\/www.iemj.org\\\/es\\\/\",\"name\":\"Institut Europ\u00e9en des Musiques Juives\",\"description\":\"Des traditions musicales \u00e0 la port\u00e9e de tous\",\"publisher\":{\"@id\":\"https:\\\/\\\/www.iemj.org\\\/es\\\/#organization\"},\"potentialAction\":[{\"@type\":\"SearchAction\",\"target\":{\"@type\":\"EntryPoint\",\"urlTemplate\":\"https:\\\/\\\/www.iemj.org\\\/es\\\/?s={search_term_string}\"},\"query-input\":{\"@type\":\"PropertyValueSpecification\",\"valueRequired\":true,\"valueName\":\"search_term_string\"}}],\"inLanguage\":\"es\"},{\"@type\":\"Organization\",\"@id\":\"https:\\\/\\\/www.iemj.org\\\/es\\\/#organization\",\"name\":\"Institut Europ\u00e9en des Musiques Juives\",\"url\":\"https:\\\/\\\/www.iemj.org\\\/es\\\/\",\"logo\":{\"@type\":\"ImageObject\",\"inLanguage\":\"es\",\"@id\":\"https:\\\/\\\/www.iemj.org\\\/es\\\/#\\\/schema\\\/logo\\\/image\\\/\",\"url\":\"https:\\\/\\\/www.iemj.org\\\/wp-content\\\/uploads\\\/2021\\\/09\\\/Logo-IEMJ-Paypal.jpg\",\"contentUrl\":\"https:\\\/\\\/www.iemj.org\\\/wp-content\\\/uploads\\\/2021\\\/09\\\/Logo-IEMJ-Paypal.jpg\",\"width\":150,\"height\":50,\"caption\":\"Institut Europ\u00e9en des Musiques Juives\"},\"image\":{\"@id\":\"https:\\\/\\\/www.iemj.org\\\/es\\\/#\\\/schema\\\/logo\\\/image\\\/\"},\"sameAs\":[\"https:\\\/\\\/www.facebook.com\\\/MusiquesJuives\\\/\",\"https:\\\/\\\/www.instagram.com\\\/musiquesjuives\\\/\",\"https:\\\/\\\/www.youtube.com\\\/user\\\/musiquesjuives\"]},{\"@type\":\"Person\",\"@id\":\"https:\\\/\\\/www.iemj.org\\\/es\\\/#\\\/schema\\\/person\\\/906134402c29d5c76e7b726261dd4bbd\",\"name\":\"Herv\u00e9 Roten\",\"image\":{\"@type\":\"ImageObject\",\"inLanguage\":\"es\",\"@id\":\"https:\\\/\\\/secure.gravatar.com\\\/avatar\\\/f96ad2db538a26481f18384936b5cd0610c92d390c4dc382209216d455f685ff?s=96&d=mm&r=g\",\"url\":\"https:\\\/\\\/secure.gravatar.com\\\/avatar\\\/f96ad2db538a26481f18384936b5cd0610c92d390c4dc382209216d455f685ff?s=96&d=mm&r=g\",\"contentUrl\":\"https:\\\/\\\/secure.gravatar.com\\\/avatar\\\/f96ad2db538a26481f18384936b5cd0610c92d390c4dc382209216d455f685ff?s=96&d=mm&r=g\",\"caption\":\"Herv\u00e9 Roten\"}}]}<\/script>\n<!-- \/ Yoast SEO plugin. -->","yoast_head_json":{"title":"Les voix de l'oubli : Erwin Schulhoff - L\u00e9o Smit - Institut Europ\u00e9en des Musiques Juives","robots":{"index":"index","follow":"follow","max-snippet":"max-snippet:-1","max-image-preview":"max-image-preview:large","max-video-preview":"max-video-preview:-1"},"canonical":"https:\/\/www.iemj.org\/es\/les-voix-de-loubli-erwin-schulhoff-leo-smit\/","og_locale":"es_ES","og_type":"article","og_title":"Les voix de l'oubli : Erwin Schulhoff - L\u00e9o Smit - Institut Europ\u00e9en des Musiques Juives","og_description":"Saphir Productions, 21-11-2012","og_url":"https:\/\/www.iemj.org\/es\/les-voix-de-loubli-erwin-schulhoff-leo-smit\/","og_site_name":"Institut Europ\u00e9en des Musiques Juives","article_publisher":"https:\/\/www.facebook.com\/MusiquesJuives\/","article_published_time":"2013-10-17T12:29:24+00:00","article_modified_time":"2025-10-20T15:11:13+00:00","og_image":[{"width":328,"height":320,"url":"https:\/\/www.iemj.org\/wp-content\/uploads\/2013\/10\/arton771.jpg","type":"image\/jpeg"}],"author":"Herv\u00e9 Roten","twitter_card":"summary_large_image","twitter_misc":{"Escrito por":"Herv\u00e9 Roten","Tiempo de lectura":"2 minutos"},"schema":{"@context":"https:\/\/schema.org","@graph":[{"@type":"Article","@id":"https:\/\/www.iemj.org\/es\/les-voix-de-loubli-erwin-schulhoff-leo-smit\/#article","isPartOf":{"@id":"https:\/\/www.iemj.org\/es\/les-voix-de-loubli-erwin-schulhoff-leo-smit\/"},"author":{"name":"Herv\u00e9 Roten","@id":"https:\/\/www.iemj.org\/es\/#\/schema\/person\/906134402c29d5c76e7b726261dd4bbd"},"headline":"Les voix de l&#8217;oubli : Erwin Schulhoff &#8211; L\u00e9o Smit","datePublished":"2013-10-17T12:29:24+00:00","dateModified":"2025-10-20T15:11:13+00:00","mainEntityOfPage":{"@id":"https:\/\/www.iemj.org\/es\/les-voix-de-loubli-erwin-schulhoff-leo-smit\/"},"wordCount":241,"publisher":{"@id":"https:\/\/www.iemj.org\/es\/#organization"},"image":{"@id":"https:\/\/www.iemj.org\/es\/les-voix-de-loubli-erwin-schulhoff-leo-smit\/#primaryimage"},"thumbnailUrl":"https:\/\/www.iemj.org\/wp-content\/uploads\/2013\/10\/arton771.jpg","keywords":["Alemania"],"articleSection":["CD","\u00daltimas adquisiciones"],"inLanguage":"es"},{"@type":"WebPage","@id":"https:\/\/www.iemj.org\/es\/les-voix-de-loubli-erwin-schulhoff-leo-smit\/","url":"https:\/\/www.iemj.org\/es\/les-voix-de-loubli-erwin-schulhoff-leo-smit\/","name":"Les voix de l'oubli : Erwin Schulhoff - L\u00e9o Smit - Institut Europ\u00e9en des Musiques Juives","isPartOf":{"@id":"https:\/\/www.iemj.org\/es\/#website"},"primaryImageOfPage":{"@id":"https:\/\/www.iemj.org\/es\/les-voix-de-loubli-erwin-schulhoff-leo-smit\/#primaryimage"},"image":{"@id":"https:\/\/www.iemj.org\/es\/les-voix-de-loubli-erwin-schulhoff-leo-smit\/#primaryimage"},"thumbnailUrl":"https:\/\/www.iemj.org\/wp-content\/uploads\/2013\/10\/arton771.jpg","datePublished":"2013-10-17T12:29:24+00:00","dateModified":"2025-10-20T15:11:13+00:00","breadcrumb":{"@id":"https:\/\/www.iemj.org\/es\/les-voix-de-loubli-erwin-schulhoff-leo-smit\/#breadcrumb"},"inLanguage":"es","potentialAction":[{"@type":"ReadAction","target":["https:\/\/www.iemj.org\/es\/les-voix-de-loubli-erwin-schulhoff-leo-smit\/"]}]},{"@type":"ImageObject","inLanguage":"es","@id":"https:\/\/www.iemj.org\/es\/les-voix-de-loubli-erwin-schulhoff-leo-smit\/#primaryimage","url":"https:\/\/www.iemj.org\/wp-content\/uploads\/2013\/10\/arton771.jpg","contentUrl":"https:\/\/www.iemj.org\/wp-content\/uploads\/2013\/10\/arton771.jpg","width":328,"height":320},{"@type":"BreadcrumbList","@id":"https:\/\/www.iemj.org\/es\/les-voix-de-loubli-erwin-schulhoff-leo-smit\/#breadcrumb","itemListElement":[{"@type":"ListItem","position":1,"name":"Accueil","item":"https:\/\/www.iemj.org\/es\/"},{"@type":"ListItem","position":2,"name":"Les voix de l&rsquo;oubli : Erwin Schulhoff &#8211; L\u00e9o Smit"}]},{"@type":"WebSite","@id":"https:\/\/www.iemj.org\/es\/#website","url":"https:\/\/www.iemj.org\/es\/","name":"Institut Europ\u00e9en des Musiques Juives","description":"Des traditions musicales \u00e0 la port\u00e9e de tous","publisher":{"@id":"https:\/\/www.iemj.org\/es\/#organization"},"potentialAction":[{"@type":"SearchAction","target":{"@type":"EntryPoint","urlTemplate":"https:\/\/www.iemj.org\/es\/?s={search_term_string}"},"query-input":{"@type":"PropertyValueSpecification","valueRequired":true,"valueName":"search_term_string"}}],"inLanguage":"es"},{"@type":"Organization","@id":"https:\/\/www.iemj.org\/es\/#organization","name":"Institut Europ\u00e9en des Musiques Juives","url":"https:\/\/www.iemj.org\/es\/","logo":{"@type":"ImageObject","inLanguage":"es","@id":"https:\/\/www.iemj.org\/es\/#\/schema\/logo\/image\/","url":"https:\/\/www.iemj.org\/wp-content\/uploads\/2021\/09\/Logo-IEMJ-Paypal.jpg","contentUrl":"https:\/\/www.iemj.org\/wp-content\/uploads\/2021\/09\/Logo-IEMJ-Paypal.jpg","width":150,"height":50,"caption":"Institut Europ\u00e9en des Musiques Juives"},"image":{"@id":"https:\/\/www.iemj.org\/es\/#\/schema\/logo\/image\/"},"sameAs":["https:\/\/www.facebook.com\/MusiquesJuives\/","https:\/\/www.instagram.com\/musiquesjuives\/","https:\/\/www.youtube.com\/user\/musiquesjuives"]},{"@type":"Person","@id":"https:\/\/www.iemj.org\/es\/#\/schema\/person\/906134402c29d5c76e7b726261dd4bbd","name":"Herv\u00e9 Roten","image":{"@type":"ImageObject","inLanguage":"es","@id":"https:\/\/secure.gravatar.com\/avatar\/f96ad2db538a26481f18384936b5cd0610c92d390c4dc382209216d455f685ff?s=96&d=mm&r=g","url":"https:\/\/secure.gravatar.com\/avatar\/f96ad2db538a26481f18384936b5cd0610c92d390c4dc382209216d455f685ff?s=96&d=mm&r=g","contentUrl":"https:\/\/secure.gravatar.com\/avatar\/f96ad2db538a26481f18384936b5cd0610c92d390c4dc382209216d455f685ff?s=96&d=mm&r=g","caption":"Herv\u00e9 Roten"}}]}},"_links":{"self":[{"href":"https:\/\/www.iemj.org\/es\/wp-json\/wp\/v2\/posts\/102705","targetHints":{"allow":["GET"]}}],"collection":[{"href":"https:\/\/www.iemj.org\/es\/wp-json\/wp\/v2\/posts"}],"about":[{"href":"https:\/\/www.iemj.org\/es\/wp-json\/wp\/v2\/types\/post"}],"author":[{"embeddable":true,"href":"https:\/\/www.iemj.org\/es\/wp-json\/wp\/v2\/users\/1045"}],"replies":[{"embeddable":true,"href":"https:\/\/www.iemj.org\/es\/wp-json\/wp\/v2\/comments?post=102705"}],"version-history":[{"count":1,"href":"https:\/\/www.iemj.org\/es\/wp-json\/wp\/v2\/posts\/102705\/revisions"}],"predecessor-version":[{"id":127452,"href":"https:\/\/www.iemj.org\/es\/wp-json\/wp\/v2\/posts\/102705\/revisions\/127452"}],"wp:featuredmedia":[{"embeddable":true,"href":"https:\/\/www.iemj.org\/es\/wp-json\/wp\/v2\/media\/102706"}],"wp:attachment":[{"href":"https:\/\/www.iemj.org\/es\/wp-json\/wp\/v2\/media?parent=102705"}],"wp:term":[{"taxonomy":"category","embeddable":true,"href":"https:\/\/www.iemj.org\/es\/wp-json\/wp\/v2\/categories?post=102705"},{"taxonomy":"post_tag","embeddable":true,"href":"https:\/\/www.iemj.org\/es\/wp-json\/wp\/v2\/tags?post=102705"},{"taxonomy":"technique","embeddable":true,"href":"https:\/\/www.iemj.org\/es\/wp-json\/wp\/v2\/technique?post=102705"},{"taxonomy":"squelettes","embeddable":true,"href":"https:\/\/www.iemj.org\/es\/wp-json\/wp\/v2\/squelettes?post=102705"},{"taxonomy":"sujet","embeddable":true,"href":"https:\/\/www.iemj.org\/es\/wp-json\/wp\/v2\/sujet?post=102705"},{"taxonomy":"formation","embeddable":true,"href":"https:\/\/www.iemj.org\/es\/wp-json\/wp\/v2\/formation?post=102705"},{"taxonomy":"genre","embeddable":true,"href":"https:\/\/www.iemj.org\/es\/wp-json\/wp\/v2\/genre?post=102705"},{"taxonomy":"fonds","embeddable":true,"href":"https:\/\/www.iemj.org\/es\/wp-json\/wp\/v2\/fonds?post=102705"},{"taxonomy":"tradition","embeddable":true,"href":"https:\/\/www.iemj.org\/es\/wp-json\/wp\/v2\/tradition?post=102705"},{"taxonomy":"type-de-contenu","embeddable":true,"href":"https:\/\/www.iemj.org\/es\/wp-json\/wp\/v2\/type-de-contenu?post=102705"},{"taxonomy":"interprete-compositeur","embeddable":true,"href":"https:\/\/www.iemj.org\/es\/wp-json\/wp\/v2\/interprete-compositeur?post=102705"},{"taxonomy":"frise","embeddable":true,"href":"https:\/\/www.iemj.org\/es\/wp-json\/wp\/v2\/frise?post=102705"},{"taxonomy":"type-devenement","embeddable":true,"href":"https:\/\/www.iemj.org\/es\/wp-json\/wp\/v2\/type-devenement?post=102705"},{"taxonomy":"tableaux-liens-externes","embeddable":true,"href":"https:\/\/www.iemj.org\/es\/wp-json\/wp\/v2\/tableaux-liens-externes?post=102705"}],"curies":[{"name":"wp","href":"https:\/\/api.w.org\/{rel}","templated":true}]}}