{"id":102800,"date":"2013-09-29T11:44:55","date_gmt":"2013-09-29T09:44:55","guid":{"rendered":"https:\/\/www.iemj.org\/darius-milhaud-ani-maamin-un-chant-perdu-et-retrouve\/"},"modified":"2025-10-20T16:56:06","modified_gmt":"2025-10-20T14:56:06","slug":"darius-milhaud-ani-maamin-un-chant-perdu-et-retrouve","status":"publish","type":"post","link":"https:\/\/www.iemj.org\/es\/darius-milhaud-ani-maamin-un-chant-perdu-et-retrouve\/","title":{"rendered":"Darius Milhaud &#8211; Ani maamin &#8211; un chant perdu et retrouv\u00e9"},"content":{"rendered":"<p>Disco publicado en 1994 por Arion, en la colecci\u00f3n MFA (Musique Fran\u00e7aise d&#8217;Aujourd&#8217;hui).<\/p>\n<p>Con Sharon Cooper (soprano), Micha\u00ebl Lonsdale, Bernard Freyd, Michel Hermon y Jean N\u00e9groni (recitadores), el coro Madrigal de Burdeos (mezzosoprano: Anna Parus, directora de coro: Eliane Lavail) y el conjunto 2E2M dirigido por Paul M\u00e9fano.<\/p>\n<p><!--more-->Esta grabaci\u00f3n hist\u00f3rica se realiz\u00f3 en 1992 con motivo del centenario del nacimiento de <a href=\"https:\/\/es.wikipedia.org\/wiki\/Darius_Milhaud\" target=\"_blank\" rel=\"noopener\">Darius Milhaud<\/a> (1892-1974).<\/p>\n<p><a href=\"http:\/\/brahms.ircam.fr\/works\/work\/45449\/\">Ani maamin<\/a> es la \u00faltima obra de este prol\u00edfico compositor (\u00a1443 obras en su cat\u00e1logo!) que se describ\u00eda a s\u00ed mismo como \u00abun franc\u00e9s nacido en Aix y de fe jud\u00eda\u00bb. Esta cantata, basada en un texto de Elie Wiesel, deportado a Auschwitz a los quince a\u00f1os, describe el horror de los campos de exterminio y el martirio de los jud\u00edos (el padre asesinado delante de su hijo, el ni\u00f1o estrangulado en brazos de su madre&#8230;). Pero tambi\u00e9n es la expresi\u00f3n de una fe que abre interrogantes eternos, que cada uno se plantea y trata de resolver a su manera: la responsabilidad de un dios, la responsabilidad de la humanidad.<\/p>\n<p>\u00abAni maamin beviat ha-Mashiah\u00bb significa \u00abCreo en la venida del Mes\u00edas\u00bb. La partitura de Darius Milhaud lleva estas l\u00edneas como exergo: \u00abEste es uno de los trece principios de la Fe enunciados por Maim\u00f3nides. Es tambi\u00e9n la canci\u00f3n que, en los campos y guetos, los jud\u00edos piadosos y obstinados eligieron como himno. Su fe, en lugar de consolar y calmar a los supervivientes, s\u00f3lo los desconcertaba. Afirmaci\u00f3n y provocaci\u00f3n al mismo tiempo, no puede despertar inquietud. Y sin embargo&#8230;\u00bb.<\/p>\n<p><a href=\"https:\/\/www.espritsnomades.net\/musiques\/darius-milhaud-un-ogre-en-musique\/\" target=\"_blank\" rel=\"noopener\">M\u00e1s informaci\u00f3n sobre Darius Milhaud y la cantata Ani maamin<\/a><\/p>\n\n\n<figure class=\"wp-block-embed is-type-video is-provider-youtube wp-block-embed-youtube wp-embed-aspect-16-9 wp-has-aspect-ratio\"><div class=\"wp-block-embed__wrapper\">\n<iframe title=\"Darius Milhaud et Elie Wiesel - Ani maamin\" width=\"640\" height=\"360\" src=\"https:\/\/www.youtube.com\/embed\/zKrfDxvNCig?feature=oembed\" frameborder=\"0\" allow=\"accelerometer; autoplay; clipboard-write; encrypted-media; gyroscope; picture-in-picture; web-share\" referrerpolicy=\"strict-origin-when-cross-origin\" allowfullscreen><\/iframe>\n<\/div><\/figure>\n\n\n\n<figure class=\"wp-block-image size-large\"><img fetchpriority=\"high\" decoding=\"async\" width=\"1024\" height=\"133\" src=\"https:\/\/www.iemj.org\/wp-content\/uploads\/2024\/03\/AUDIO-PLAYER-1024x133.png\" alt=\"\" class=\"wp-image-110608\" srcset=\"https:\/\/www.iemj.org\/wp-content\/uploads\/2024\/03\/AUDIO-PLAYER-1024x133.png 1024w, https:\/\/www.iemj.org\/wp-content\/uploads\/2024\/03\/AUDIO-PLAYER-300x39.png 300w, https:\/\/www.iemj.org\/wp-content\/uploads\/2024\/03\/AUDIO-PLAYER-768x100.png 768w, https:\/\/www.iemj.org\/wp-content\/uploads\/2024\/03\/AUDIO-PLAYER-600x78.png 600w, https:\/\/www.iemj.org\/wp-content\/uploads\/2024\/03\/AUDIO-PLAYER.png 1210w\" sizes=\"(max-width: 1024px) 100vw, 1024px\" \/><\/figure>\n\n\n\n<div class=\"wp-block-file\"><a id=\"wp-block-file--media-a1efcf5e-b28e-49d9-a3e2-40e688098c45\" href=\"https:\/\/www.iemj.org\/wp-content\/uploads\/2013\/09\/cd_493_02_exsite.mp3\">Ani Maamin<\/a><\/div>\n\n\n\n<div class=\"wp-block-file\"><a id=\"wp-block-file--media-5c82aed0-0e1f-49b8-993d-38cc38963ecd\" href=\"https:\/\/www.iemj.org\/wp-content\/uploads\/2013\/09\/cd_493_15_exsite.mp3\">Le Maitre du Monde<\/a><\/div>\n\n\n\n<div class=\"wp-block-file\"><a id=\"wp-block-file--media-418a2162-77cf-42a4-8515-b955e22f5b1d\" href=\"https:\/\/www.iemj.org\/wp-content\/uploads\/2013\/09\/cd_493_21_exsite.mp3\">Rien l\u00e0-haut<\/a><\/div>\n","protected":false},"excerpt":{"rendered":"<p>Disco publicado en 1994 por Arion, en la colecci\u00f3n MFA (Musique Fran\u00e7aise d&#8217;Aujourd&#8217;hui). Con Sharon Cooper (soprano), Micha\u00ebl Lonsdale, Bernard Freyd, Michel Hermon y Jean N\u00e9groni (recitadores), el coro Madrigal<\/p>\n","protected":false},"author":1045,"featured_media":102801,"comment_status":"closed","ping_status":"closed","sticky":false,"template":"","format":"standard","meta":{"_acf_changed":false,"footnotes":""},"categories":[1568,1565],"tags":[],"technique":[],"squelettes":[],"sujet":[],"formation":[],"genre":[1899],"fonds":[],"tradition":[],"type-de-contenu":[],"interprete-compositeur":[3129],"frise":[],"type-devenement":[],"tableaux-liens-externes":[],"class_list":["post-102800","post","type-post","status-publish","format-standard","has-post-thumbnail","hentry","category-cd-es","category-ultimas-adquisiciones-es","genre-musica-clasica-es","interprete-compositeur-darius-milhaud-es"],"acf":[],"yoast_head":"<!-- This site is optimized with the Yoast SEO plugin v27.3 - https:\/\/yoast.com\/product\/yoast-seo-wordpress\/ -->\n<title>Darius Milhaud - Ani maamin - un chant perdu et retrouv\u00e9 - Institut Europ\u00e9en des Musiques Juives<\/title>\n<meta name=\"robots\" content=\"index, follow, max-snippet:-1, max-image-preview:large, max-video-preview:-1\" \/>\n<link rel=\"canonical\" href=\"https:\/\/www.iemj.org\/es\/darius-milhaud-ani-maamin-un-chant-perdu-et-retrouve\/\" \/>\n<meta property=\"og:locale\" content=\"es_ES\" \/>\n<meta property=\"og:type\" content=\"article\" \/>\n<meta property=\"og:title\" content=\"Darius Milhaud - Ani maamin - un chant perdu et retrouv\u00e9 - Institut Europ\u00e9en des Musiques Juives\" \/>\n<meta property=\"og:description\" content=\"Disco publicado en 1994 por Arion, en la colecci\u00f3n MFA (Musique Fran\u00e7aise d&#8217;Aujourd&#8217;hui). Con Sharon Cooper (soprano), Micha\u00ebl Lonsdale, Bernard Freyd, Michel Hermon y Jean N\u00e9groni (recitadores), el coro Madrigal\" \/>\n<meta property=\"og:url\" content=\"https:\/\/www.iemj.org\/es\/darius-milhaud-ani-maamin-un-chant-perdu-et-retrouve\/\" \/>\n<meta property=\"og:site_name\" content=\"Institut Europ\u00e9en des Musiques Juives\" \/>\n<meta property=\"article:publisher\" content=\"https:\/\/www.facebook.com\/MusiquesJuives\/\" \/>\n<meta property=\"article:published_time\" content=\"2013-09-29T09:44:55+00:00\" \/>\n<meta property=\"article:modified_time\" content=\"2025-10-20T14:56:06+00:00\" \/>\n<meta property=\"og:image\" content=\"https:\/\/www.iemj.org\/wp-content\/uploads\/2013\/09\/arton760.jpg\" \/>\n\t<meta property=\"og:image:width\" content=\"247\" \/>\n\t<meta property=\"og:image:height\" content=\"240\" \/>\n\t<meta property=\"og:image:type\" content=\"image\/jpeg\" \/>\n<meta name=\"author\" content=\"Herv\u00e9 Roten\" \/>\n<meta name=\"twitter:card\" content=\"summary_large_image\" \/>\n<meta name=\"twitter:label1\" content=\"Escrito por\" \/>\n\t<meta name=\"twitter:data1\" content=\"Herv\u00e9 Roten\" \/>\n\t<meta name=\"twitter:label2\" content=\"Tiempo de lectura\" \/>\n\t<meta name=\"twitter:data2\" content=\"2 minutos\" \/>\n<script type=\"application\/ld+json\" class=\"yoast-schema-graph\">{\"@context\":\"https:\\\/\\\/schema.org\",\"@graph\":[{\"@type\":\"Article\",\"@id\":\"https:\\\/\\\/www.iemj.org\\\/es\\\/darius-milhaud-ani-maamin-un-chant-perdu-et-retrouve\\\/#article\",\"isPartOf\":{\"@id\":\"https:\\\/\\\/www.iemj.org\\\/es\\\/darius-milhaud-ani-maamin-un-chant-perdu-et-retrouve\\\/\"},\"author\":{\"name\":\"Herv\u00e9 Roten\",\"@id\":\"https:\\\/\\\/www.iemj.org\\\/es\\\/#\\\/schema\\\/person\\\/906134402c29d5c76e7b726261dd4bbd\"},\"headline\":\"Darius Milhaud &#8211; Ani maamin &#8211; un chant perdu et retrouv\u00e9\",\"datePublished\":\"2013-09-29T09:44:55+00:00\",\"dateModified\":\"2025-10-20T14:56:06+00:00\",\"mainEntityOfPage\":{\"@id\":\"https:\\\/\\\/www.iemj.org\\\/es\\\/darius-milhaud-ani-maamin-un-chant-perdu-et-retrouve\\\/\"},\"wordCount\":316,\"publisher\":{\"@id\":\"https:\\\/\\\/www.iemj.org\\\/es\\\/#organization\"},\"image\":{\"@id\":\"https:\\\/\\\/www.iemj.org\\\/es\\\/darius-milhaud-ani-maamin-un-chant-perdu-et-retrouve\\\/#primaryimage\"},\"thumbnailUrl\":\"https:\\\/\\\/www.iemj.org\\\/wp-content\\\/uploads\\\/2013\\\/09\\\/arton760.jpg\",\"articleSection\":[\"CD\",\"\u00daltimas adquisiciones\"],\"inLanguage\":\"es\"},{\"@type\":\"WebPage\",\"@id\":\"https:\\\/\\\/www.iemj.org\\\/es\\\/darius-milhaud-ani-maamin-un-chant-perdu-et-retrouve\\\/\",\"url\":\"https:\\\/\\\/www.iemj.org\\\/es\\\/darius-milhaud-ani-maamin-un-chant-perdu-et-retrouve\\\/\",\"name\":\"Darius Milhaud - Ani maamin - un chant perdu et retrouv\u00e9 - Institut Europ\u00e9en des Musiques Juives\",\"isPartOf\":{\"@id\":\"https:\\\/\\\/www.iemj.org\\\/es\\\/#website\"},\"primaryImageOfPage\":{\"@id\":\"https:\\\/\\\/www.iemj.org\\\/es\\\/darius-milhaud-ani-maamin-un-chant-perdu-et-retrouve\\\/#primaryimage\"},\"image\":{\"@id\":\"https:\\\/\\\/www.iemj.org\\\/es\\\/darius-milhaud-ani-maamin-un-chant-perdu-et-retrouve\\\/#primaryimage\"},\"thumbnailUrl\":\"https:\\\/\\\/www.iemj.org\\\/wp-content\\\/uploads\\\/2013\\\/09\\\/arton760.jpg\",\"datePublished\":\"2013-09-29T09:44:55+00:00\",\"dateModified\":\"2025-10-20T14:56:06+00:00\",\"breadcrumb\":{\"@id\":\"https:\\\/\\\/www.iemj.org\\\/es\\\/darius-milhaud-ani-maamin-un-chant-perdu-et-retrouve\\\/#breadcrumb\"},\"inLanguage\":\"es\",\"potentialAction\":[{\"@type\":\"ReadAction\",\"target\":[\"https:\\\/\\\/www.iemj.org\\\/es\\\/darius-milhaud-ani-maamin-un-chant-perdu-et-retrouve\\\/\"]}]},{\"@type\":\"ImageObject\",\"inLanguage\":\"es\",\"@id\":\"https:\\\/\\\/www.iemj.org\\\/es\\\/darius-milhaud-ani-maamin-un-chant-perdu-et-retrouve\\\/#primaryimage\",\"url\":\"https:\\\/\\\/www.iemj.org\\\/wp-content\\\/uploads\\\/2013\\\/09\\\/arton760.jpg\",\"contentUrl\":\"https:\\\/\\\/www.iemj.org\\\/wp-content\\\/uploads\\\/2013\\\/09\\\/arton760.jpg\",\"width\":247,\"height\":240},{\"@type\":\"BreadcrumbList\",\"@id\":\"https:\\\/\\\/www.iemj.org\\\/es\\\/darius-milhaud-ani-maamin-un-chant-perdu-et-retrouve\\\/#breadcrumb\",\"itemListElement\":[{\"@type\":\"ListItem\",\"position\":1,\"name\":\"Accueil\",\"item\":\"https:\\\/\\\/www.iemj.org\\\/es\\\/\"},{\"@type\":\"ListItem\",\"position\":2,\"name\":\"Darius Milhaud &#8211; Ani maamin &#8211; un chant perdu et retrouv\u00e9\"}]},{\"@type\":\"WebSite\",\"@id\":\"https:\\\/\\\/www.iemj.org\\\/es\\\/#website\",\"url\":\"https:\\\/\\\/www.iemj.org\\\/es\\\/\",\"name\":\"Institut Europ\u00e9en des Musiques Juives\",\"description\":\"Des traditions musicales \u00e0 la port\u00e9e de tous\",\"publisher\":{\"@id\":\"https:\\\/\\\/www.iemj.org\\\/es\\\/#organization\"},\"potentialAction\":[{\"@type\":\"SearchAction\",\"target\":{\"@type\":\"EntryPoint\",\"urlTemplate\":\"https:\\\/\\\/www.iemj.org\\\/es\\\/?s={search_term_string}\"},\"query-input\":{\"@type\":\"PropertyValueSpecification\",\"valueRequired\":true,\"valueName\":\"search_term_string\"}}],\"inLanguage\":\"es\"},{\"@type\":\"Organization\",\"@id\":\"https:\\\/\\\/www.iemj.org\\\/es\\\/#organization\",\"name\":\"Institut Europ\u00e9en des Musiques Juives\",\"url\":\"https:\\\/\\\/www.iemj.org\\\/es\\\/\",\"logo\":{\"@type\":\"ImageObject\",\"inLanguage\":\"es\",\"@id\":\"https:\\\/\\\/www.iemj.org\\\/es\\\/#\\\/schema\\\/logo\\\/image\\\/\",\"url\":\"https:\\\/\\\/www.iemj.org\\\/wp-content\\\/uploads\\\/2021\\\/09\\\/Logo-IEMJ-Paypal.jpg\",\"contentUrl\":\"https:\\\/\\\/www.iemj.org\\\/wp-content\\\/uploads\\\/2021\\\/09\\\/Logo-IEMJ-Paypal.jpg\",\"width\":150,\"height\":50,\"caption\":\"Institut Europ\u00e9en des Musiques Juives\"},\"image\":{\"@id\":\"https:\\\/\\\/www.iemj.org\\\/es\\\/#\\\/schema\\\/logo\\\/image\\\/\"},\"sameAs\":[\"https:\\\/\\\/www.facebook.com\\\/MusiquesJuives\\\/\",\"https:\\\/\\\/www.instagram.com\\\/musiquesjuives\\\/\",\"https:\\\/\\\/www.youtube.com\\\/user\\\/musiquesjuives\"]},{\"@type\":\"Person\",\"@id\":\"https:\\\/\\\/www.iemj.org\\\/es\\\/#\\\/schema\\\/person\\\/906134402c29d5c76e7b726261dd4bbd\",\"name\":\"Herv\u00e9 Roten\",\"image\":{\"@type\":\"ImageObject\",\"inLanguage\":\"es\",\"@id\":\"https:\\\/\\\/secure.gravatar.com\\\/avatar\\\/f96ad2db538a26481f18384936b5cd0610c92d390c4dc382209216d455f685ff?s=96&d=mm&r=g\",\"url\":\"https:\\\/\\\/secure.gravatar.com\\\/avatar\\\/f96ad2db538a26481f18384936b5cd0610c92d390c4dc382209216d455f685ff?s=96&d=mm&r=g\",\"contentUrl\":\"https:\\\/\\\/secure.gravatar.com\\\/avatar\\\/f96ad2db538a26481f18384936b5cd0610c92d390c4dc382209216d455f685ff?s=96&d=mm&r=g\",\"caption\":\"Herv\u00e9 Roten\"}}]}<\/script>\n<!-- \/ Yoast SEO plugin. -->","yoast_head_json":{"title":"Darius Milhaud - Ani maamin - un chant perdu et retrouv\u00e9 - Institut Europ\u00e9en des Musiques Juives","robots":{"index":"index","follow":"follow","max-snippet":"max-snippet:-1","max-image-preview":"max-image-preview:large","max-video-preview":"max-video-preview:-1"},"canonical":"https:\/\/www.iemj.org\/es\/darius-milhaud-ani-maamin-un-chant-perdu-et-retrouve\/","og_locale":"es_ES","og_type":"article","og_title":"Darius Milhaud - Ani maamin - un chant perdu et retrouv\u00e9 - Institut Europ\u00e9en des Musiques Juives","og_description":"Disco publicado en 1994 por Arion, en la colecci\u00f3n MFA (Musique Fran\u00e7aise d&#8217;Aujourd&#8217;hui). Con Sharon Cooper (soprano), Micha\u00ebl Lonsdale, Bernard Freyd, Michel Hermon y Jean N\u00e9groni (recitadores), el coro Madrigal","og_url":"https:\/\/www.iemj.org\/es\/darius-milhaud-ani-maamin-un-chant-perdu-et-retrouve\/","og_site_name":"Institut Europ\u00e9en des Musiques Juives","article_publisher":"https:\/\/www.facebook.com\/MusiquesJuives\/","article_published_time":"2013-09-29T09:44:55+00:00","article_modified_time":"2025-10-20T14:56:06+00:00","og_image":[{"width":247,"height":240,"url":"https:\/\/www.iemj.org\/wp-content\/uploads\/2013\/09\/arton760.jpg","type":"image\/jpeg"}],"author":"Herv\u00e9 Roten","twitter_card":"summary_large_image","twitter_misc":{"Escrito por":"Herv\u00e9 Roten","Tiempo de lectura":"2 minutos"},"schema":{"@context":"https:\/\/schema.org","@graph":[{"@type":"Article","@id":"https:\/\/www.iemj.org\/es\/darius-milhaud-ani-maamin-un-chant-perdu-et-retrouve\/#article","isPartOf":{"@id":"https:\/\/www.iemj.org\/es\/darius-milhaud-ani-maamin-un-chant-perdu-et-retrouve\/"},"author":{"name":"Herv\u00e9 Roten","@id":"https:\/\/www.iemj.org\/es\/#\/schema\/person\/906134402c29d5c76e7b726261dd4bbd"},"headline":"Darius Milhaud &#8211; Ani maamin &#8211; un chant perdu et retrouv\u00e9","datePublished":"2013-09-29T09:44:55+00:00","dateModified":"2025-10-20T14:56:06+00:00","mainEntityOfPage":{"@id":"https:\/\/www.iemj.org\/es\/darius-milhaud-ani-maamin-un-chant-perdu-et-retrouve\/"},"wordCount":316,"publisher":{"@id":"https:\/\/www.iemj.org\/es\/#organization"},"image":{"@id":"https:\/\/www.iemj.org\/es\/darius-milhaud-ani-maamin-un-chant-perdu-et-retrouve\/#primaryimage"},"thumbnailUrl":"https:\/\/www.iemj.org\/wp-content\/uploads\/2013\/09\/arton760.jpg","articleSection":["CD","\u00daltimas adquisiciones"],"inLanguage":"es"},{"@type":"WebPage","@id":"https:\/\/www.iemj.org\/es\/darius-milhaud-ani-maamin-un-chant-perdu-et-retrouve\/","url":"https:\/\/www.iemj.org\/es\/darius-milhaud-ani-maamin-un-chant-perdu-et-retrouve\/","name":"Darius Milhaud - Ani maamin - un chant perdu et retrouv\u00e9 - Institut Europ\u00e9en des Musiques Juives","isPartOf":{"@id":"https:\/\/www.iemj.org\/es\/#website"},"primaryImageOfPage":{"@id":"https:\/\/www.iemj.org\/es\/darius-milhaud-ani-maamin-un-chant-perdu-et-retrouve\/#primaryimage"},"image":{"@id":"https:\/\/www.iemj.org\/es\/darius-milhaud-ani-maamin-un-chant-perdu-et-retrouve\/#primaryimage"},"thumbnailUrl":"https:\/\/www.iemj.org\/wp-content\/uploads\/2013\/09\/arton760.jpg","datePublished":"2013-09-29T09:44:55+00:00","dateModified":"2025-10-20T14:56:06+00:00","breadcrumb":{"@id":"https:\/\/www.iemj.org\/es\/darius-milhaud-ani-maamin-un-chant-perdu-et-retrouve\/#breadcrumb"},"inLanguage":"es","potentialAction":[{"@type":"ReadAction","target":["https:\/\/www.iemj.org\/es\/darius-milhaud-ani-maamin-un-chant-perdu-et-retrouve\/"]}]},{"@type":"ImageObject","inLanguage":"es","@id":"https:\/\/www.iemj.org\/es\/darius-milhaud-ani-maamin-un-chant-perdu-et-retrouve\/#primaryimage","url":"https:\/\/www.iemj.org\/wp-content\/uploads\/2013\/09\/arton760.jpg","contentUrl":"https:\/\/www.iemj.org\/wp-content\/uploads\/2013\/09\/arton760.jpg","width":247,"height":240},{"@type":"BreadcrumbList","@id":"https:\/\/www.iemj.org\/es\/darius-milhaud-ani-maamin-un-chant-perdu-et-retrouve\/#breadcrumb","itemListElement":[{"@type":"ListItem","position":1,"name":"Accueil","item":"https:\/\/www.iemj.org\/es\/"},{"@type":"ListItem","position":2,"name":"Darius Milhaud &#8211; Ani maamin &#8211; un chant perdu et retrouv\u00e9"}]},{"@type":"WebSite","@id":"https:\/\/www.iemj.org\/es\/#website","url":"https:\/\/www.iemj.org\/es\/","name":"Institut Europ\u00e9en des Musiques Juives","description":"Des traditions musicales \u00e0 la port\u00e9e de tous","publisher":{"@id":"https:\/\/www.iemj.org\/es\/#organization"},"potentialAction":[{"@type":"SearchAction","target":{"@type":"EntryPoint","urlTemplate":"https:\/\/www.iemj.org\/es\/?s={search_term_string}"},"query-input":{"@type":"PropertyValueSpecification","valueRequired":true,"valueName":"search_term_string"}}],"inLanguage":"es"},{"@type":"Organization","@id":"https:\/\/www.iemj.org\/es\/#organization","name":"Institut Europ\u00e9en des Musiques Juives","url":"https:\/\/www.iemj.org\/es\/","logo":{"@type":"ImageObject","inLanguage":"es","@id":"https:\/\/www.iemj.org\/es\/#\/schema\/logo\/image\/","url":"https:\/\/www.iemj.org\/wp-content\/uploads\/2021\/09\/Logo-IEMJ-Paypal.jpg","contentUrl":"https:\/\/www.iemj.org\/wp-content\/uploads\/2021\/09\/Logo-IEMJ-Paypal.jpg","width":150,"height":50,"caption":"Institut Europ\u00e9en des Musiques Juives"},"image":{"@id":"https:\/\/www.iemj.org\/es\/#\/schema\/logo\/image\/"},"sameAs":["https:\/\/www.facebook.com\/MusiquesJuives\/","https:\/\/www.instagram.com\/musiquesjuives\/","https:\/\/www.youtube.com\/user\/musiquesjuives"]},{"@type":"Person","@id":"https:\/\/www.iemj.org\/es\/#\/schema\/person\/906134402c29d5c76e7b726261dd4bbd","name":"Herv\u00e9 Roten","image":{"@type":"ImageObject","inLanguage":"es","@id":"https:\/\/secure.gravatar.com\/avatar\/f96ad2db538a26481f18384936b5cd0610c92d390c4dc382209216d455f685ff?s=96&d=mm&r=g","url":"https:\/\/secure.gravatar.com\/avatar\/f96ad2db538a26481f18384936b5cd0610c92d390c4dc382209216d455f685ff?s=96&d=mm&r=g","contentUrl":"https:\/\/secure.gravatar.com\/avatar\/f96ad2db538a26481f18384936b5cd0610c92d390c4dc382209216d455f685ff?s=96&d=mm&r=g","caption":"Herv\u00e9 Roten"}}]}},"_links":{"self":[{"href":"https:\/\/www.iemj.org\/es\/wp-json\/wp\/v2\/posts\/102800","targetHints":{"allow":["GET"]}}],"collection":[{"href":"https:\/\/www.iemj.org\/es\/wp-json\/wp\/v2\/posts"}],"about":[{"href":"https:\/\/www.iemj.org\/es\/wp-json\/wp\/v2\/types\/post"}],"author":[{"embeddable":true,"href":"https:\/\/www.iemj.org\/es\/wp-json\/wp\/v2\/users\/1045"}],"replies":[{"embeddable":true,"href":"https:\/\/www.iemj.org\/es\/wp-json\/wp\/v2\/comments?post=102800"}],"version-history":[{"count":1,"href":"https:\/\/www.iemj.org\/es\/wp-json\/wp\/v2\/posts\/102800\/revisions"}],"predecessor-version":[{"id":127432,"href":"https:\/\/www.iemj.org\/es\/wp-json\/wp\/v2\/posts\/102800\/revisions\/127432"}],"wp:featuredmedia":[{"embeddable":true,"href":"https:\/\/www.iemj.org\/es\/wp-json\/wp\/v2\/media\/102801"}],"wp:attachment":[{"href":"https:\/\/www.iemj.org\/es\/wp-json\/wp\/v2\/media?parent=102800"}],"wp:term":[{"taxonomy":"category","embeddable":true,"href":"https:\/\/www.iemj.org\/es\/wp-json\/wp\/v2\/categories?post=102800"},{"taxonomy":"post_tag","embeddable":true,"href":"https:\/\/www.iemj.org\/es\/wp-json\/wp\/v2\/tags?post=102800"},{"taxonomy":"technique","embeddable":true,"href":"https:\/\/www.iemj.org\/es\/wp-json\/wp\/v2\/technique?post=102800"},{"taxonomy":"squelettes","embeddable":true,"href":"https:\/\/www.iemj.org\/es\/wp-json\/wp\/v2\/squelettes?post=102800"},{"taxonomy":"sujet","embeddable":true,"href":"https:\/\/www.iemj.org\/es\/wp-json\/wp\/v2\/sujet?post=102800"},{"taxonomy":"formation","embeddable":true,"href":"https:\/\/www.iemj.org\/es\/wp-json\/wp\/v2\/formation?post=102800"},{"taxonomy":"genre","embeddable":true,"href":"https:\/\/www.iemj.org\/es\/wp-json\/wp\/v2\/genre?post=102800"},{"taxonomy":"fonds","embeddable":true,"href":"https:\/\/www.iemj.org\/es\/wp-json\/wp\/v2\/fonds?post=102800"},{"taxonomy":"tradition","embeddable":true,"href":"https:\/\/www.iemj.org\/es\/wp-json\/wp\/v2\/tradition?post=102800"},{"taxonomy":"type-de-contenu","embeddable":true,"href":"https:\/\/www.iemj.org\/es\/wp-json\/wp\/v2\/type-de-contenu?post=102800"},{"taxonomy":"interprete-compositeur","embeddable":true,"href":"https:\/\/www.iemj.org\/es\/wp-json\/wp\/v2\/interprete-compositeur?post=102800"},{"taxonomy":"frise","embeddable":true,"href":"https:\/\/www.iemj.org\/es\/wp-json\/wp\/v2\/frise?post=102800"},{"taxonomy":"type-devenement","embeddable":true,"href":"https:\/\/www.iemj.org\/es\/wp-json\/wp\/v2\/type-devenement?post=102800"},{"taxonomy":"tableaux-liens-externes","embeddable":true,"href":"https:\/\/www.iemj.org\/es\/wp-json\/wp\/v2\/tableaux-liens-externes?post=102800"}],"curies":[{"name":"wp","href":"https:\/\/api.w.org\/{rel}","templated":true}]}}