{"id":102952,"date":"2013-06-14T12:55:44","date_gmt":"2013-06-14T10:55:44","guid":{"rendered":"https:\/\/www.iemj.org\/une-collection-de-9-cds-publies-par-leuropaisches-zentrum-fur-judische-musik-ezjm-de-hanovre\/"},"modified":"2025-10-20T16:11:58","modified_gmt":"2025-10-20T14:11:58","slug":"une-collection-de-9-cds-publies-par-leuropaisches-zentrum-fur-judische-musik-ezjm-de-hanovre","status":"publish","type":"post","link":"https:\/\/www.iemj.org\/es\/une-collection-de-9-cds-publies-par-leuropaisches-zentrum-fur-judische-musik-ezjm-de-hanovre\/","title":{"rendered":"Colecci\u00f3n de 9 CD publicados por el Europa\u00efsches Zentrum f\u00fcr J\u00fcdische Musik (EZJM) de Hannover."},"content":{"rendered":"<p>Fundado en 1988 por Andor Izs\u00e1k, el <em><a href=\"http:\/\/www.ezjm.hmtm-hannover.de\/en\/\">Europa\u00efsches Zentrum f\u00fcr J\u00fcdische Musik<\/a><\/em><a href=\"http:\/\/www.ezjm.hmtm-hannover.de\/en\/\"> (EZJM)<\/a> [Centro Europeo de M\u00fasica Jud\u00eda] es un instituto adscrito a la Universidad de Hannover, cuyo objetivo es documentar y resucitar la m\u00fasica lit\u00fargica jud\u00eda que se escuchaba en las sinagogas europeas hasta 1938, especialmente en Alemania.<\/p>\n<p>Actualmente alojada en la suntuosa Villa Seligmann, la EZJM cuenta con un espacio dedicado a archivos (partituras, grabaciones sonoras, etc.), una biblioteca y una fonoteca, un estudio de grabaci\u00f3n y una gran sala para conciertos, exposiciones, conferencias y otras actividades educativas.<\/p>\n<p>Desde 1988, el EZJM ha publicado una decena de CD, principalmente de m\u00fasica para coro y \u00f3rgano, dos colecciones de partituras y cuatro revistas cient\u00edficas.<\/p>\n<p>Martha Stellmacher, que trabaj\u00f3 en 2011-2012 en nuestro programa de salvaguardia y digitalizaci\u00f3n de las colecciones de las sinagogas de la regi\u00f3n parisina, ha sido destinada al <em>Europa\u00efsches Zentrum f\u00fcr J\u00fcdische Musik<\/em>. Fue ella quien inici\u00f3 estos intercambios de publicaciones y el comienzo de una prometedora colaboraci\u00f3n.<\/p>\n\n\n<figure class=\"wp-block-gallery has-nested-images columns-default is-cropped wp-block-gallery-1 is-layout-flex wp-block-gallery-is-layout-flex\">\n<figure class=\"wp-block-image size-large\"><img decoding=\"async\" width=\"185\" height=\"180\" data-id=\"38555\" src=\"https:\/\/www.iemj.org\/wp-content\/uploads\/2021\/04\/cd_446_siteiemj.jpg\" alt=\"\" class=\"wp-image-38555\"\/><\/figure>\n\n\n\n<figure class=\"wp-block-image size-large\"><img decoding=\"async\" width=\"185\" height=\"179\" data-id=\"38560\" src=\"https:\/\/www.iemj.org\/wp-content\/uploads\/2021\/04\/cd_448_siteiemj.jpg\" alt=\"\" class=\"wp-image-38560\"\/><\/figure>\n\n\n\n<figure class=\"wp-block-image size-large\"><img decoding=\"async\" width=\"184\" height=\"180\" data-id=\"38565\" src=\"https:\/\/www.iemj.org\/wp-content\/uploads\/2021\/04\/cd_451_siteiemj.jpg\" alt=\"\" class=\"wp-image-38565\"\/><\/figure>\n<\/figure>\n\n\n\n<figure class=\"wp-block-image alignwide size-large\"><img loading=\"lazy\" decoding=\"async\" width=\"1024\" height=\"133\" src=\"https:\/\/www.iemj.org\/wp-content\/uploads\/2024\/03\/AUDIO-PLAYER-1024x133.png\" alt=\"\" class=\"wp-image-110610\" srcset=\"https:\/\/www.iemj.org\/wp-content\/uploads\/2024\/03\/AUDIO-PLAYER-1024x133.png 1024w, https:\/\/www.iemj.org\/wp-content\/uploads\/2024\/03\/AUDIO-PLAYER-300x39.png 300w, https:\/\/www.iemj.org\/wp-content\/uploads\/2024\/03\/AUDIO-PLAYER-768x100.png 768w, https:\/\/www.iemj.org\/wp-content\/uploads\/2024\/03\/AUDIO-PLAYER-600x78.png 600w, https:\/\/www.iemj.org\/wp-content\/uploads\/2024\/03\/AUDIO-PLAYER.png 1210w\" sizes=\"(max-width: 1024px) 100vw, 1024px\" \/><\/figure>\n\n\n\n<div class=\"wp-block-file\"><a id=\"wp-block-file--media-4823019e-ff5b-44a1-aca5-d69bef14928c\" href=\"https:\/\/www.iemj.org\/wp-content\/uploads\/2013\/06\/cd_446_08_ex_siteiemj.mp3\">Ernest Bloch \u2013 Jewish Life (n\u00b0 3&nbsp;: Jewish Song)<\/a><\/div>\n\n\n\n<div class=\"wp-block-file\"><a id=\"wp-block-file--media-e8ef1b92-de61-43ba-91e0-165cab8545a8\" href=\"https:\/\/www.iemj.org\/wp-content\/uploads\/2013\/06\/cd_447_03_ex_siteiemj.mp3\">Israel Alter \u2013 W\u2019hogen ba\u2019adenu<\/a><\/div>\n\n\n\n<div class=\"wp-block-file\"><a id=\"wp-block-file--media-6daac717-b5f2-4b84-90d8-b77a04180681\" href=\"https:\/\/www.iemj.org\/wp-content\/uploads\/2013\/06\/cd_448_07_ex_siteiemj.mp3\">Alberto Mizrahi \u2013 Kaddisch<\/a><\/div>\n\n\n\n<div class=\"wp-block-file\"><a id=\"wp-block-file--media-acef1628-8641-4862-994e-098c4f1ec6b3\" href=\"https:\/\/www.iemj.org\/wp-content\/uploads\/2013\/06\/cd_449a_05_ex_siteiemj.mp3\">Louis Lewandowski \u2013 Psaume 39<\/a><\/div>\n\n\n\n<div class=\"wp-block-file\"><a id=\"wp-block-file--media-cdfa3d48-3f21-4af6-bcc8-aaedc01ff1ce\" href=\"https:\/\/www.iemj.org\/wp-content\/uploads\/2013\/06\/cd_450_05_ex_siteiemj.mp3\">Moritz Moszkowski  \u2013 Valse brillante<\/a><\/div>\n\n\n\n<div class=\"wp-block-file\"><a id=\"wp-block-file--media-4665d699-d7bc-47f5-996b-75bc6aa215fd\" href=\"https:\/\/www.iemj.org\/wp-content\/uploads\/2013\/06\/cd_451_10_ex_siteiemj.mp3\">Louis Lewandowski \u2013 Adon Olom<\/a><\/div>\n\n\n\n<div class=\"wp-block-file\"><a id=\"wp-block-file--media-df299bb1-02e3-467c-98ea-920db4033d56\" href=\"https:\/\/www.iemj.org\/wp-content\/uploads\/2013\/06\/cd_452_07_ex_siteiemj.mp3\">Franz Schubert \u2013 Gott ist mein Hirt (Psaume 23)<\/a><\/div>\n\n\n\n<div class=\"wp-block-file\"><a id=\"wp-block-file--media-f609d4c9-3b3e-4a8a-9106-17ffef1f0b06\" href=\"https:\/\/www.iemj.org\/wp-content\/uploads\/2013\/06\/cd_453_02_ex_siteiemj.mp3\">Louis Lewandowski \u2013 Mah towu<\/a><\/div>\n\n\n\n<div class=\"wp-block-file\"><a id=\"wp-block-file--media-f900b697-0924-4b5a-a1dc-78155fd941a2\" href=\"https:\/\/www.iemj.org\/wp-content\/uploads\/2013\/06\/cd_454a_06_ex_siteiemj.mp3\">Israel Alter \u2013 Ja\u2019aleh tachanunenu<\/a><\/div>\n","protected":false},"excerpt":{"rendered":"<p>Fundado en 1988 por Andor Izs\u00e1k, el Europa\u00efsches Zentrum f\u00fcr J\u00fcdische Musik (EZJM) [Centro Europeo de M\u00fasica Jud\u00eda] es un instituto adscrito a la Universidad de Hannover, cuyo objetivo es<\/p>\n","protected":false},"author":1045,"featured_media":38532,"comment_status":"closed","ping_status":"closed","sticky":false,"template":"","format":"standard","meta":{"_acf_changed":false,"footnotes":""},"categories":[1568,1565],"tags":[2079],"technique":[],"squelettes":[],"sujet":[],"formation":[],"genre":[1890],"fonds":[],"tradition":[],"type-de-contenu":[],"interprete-compositeur":[],"frise":[],"type-devenement":[],"tableaux-liens-externes":[],"class_list":["post-102952","post","type-post","status-publish","format-standard","has-post-thumbnail","hentry","category-cd-es","category-ultimas-adquisiciones-es","tag-alemania-es","genre-liturgia-es"],"acf":[],"yoast_head":"<!-- This site is optimized with the Yoast SEO plugin v27.3 - https:\/\/yoast.com\/product\/yoast-seo-wordpress\/ -->\n<title>Colecci\u00f3n de 9 CD publicados por el Europa\u00efsches Zentrum f\u00fcr J\u00fcdische Musik (EZJM) de Hannover. - Institut Europ\u00e9en des Musiques Juives<\/title>\n<meta name=\"robots\" content=\"index, follow, max-snippet:-1, max-image-preview:large, max-video-preview:-1\" \/>\n<link rel=\"canonical\" href=\"https:\/\/www.iemj.org\/es\/une-collection-de-9-cds-publies-par-leuropaisches-zentrum-fur-judische-musik-ezjm-de-hanovre\/\" \/>\n<meta property=\"og:locale\" content=\"es_ES\" \/>\n<meta property=\"og:type\" content=\"article\" \/>\n<meta property=\"og:title\" content=\"Colecci\u00f3n de 9 CD publicados por el Europa\u00efsches Zentrum f\u00fcr J\u00fcdische Musik (EZJM) de Hannover. - Institut Europ\u00e9en des Musiques Juives\" \/>\n<meta property=\"og:description\" content=\"Fundado en 1988 por Andor Izs\u00e1k, el Europa\u00efsches Zentrum f\u00fcr J\u00fcdische Musik (EZJM) [Centro Europeo de M\u00fasica Jud\u00eda] es un instituto adscrito a la Universidad de Hannover, cuyo objetivo es\" \/>\n<meta property=\"og:url\" content=\"https:\/\/www.iemj.org\/es\/une-collection-de-9-cds-publies-par-leuropaisches-zentrum-fur-judische-musik-ezjm-de-hanovre\/\" \/>\n<meta property=\"og:site_name\" content=\"Institut Europ\u00e9en des Musiques Juives\" \/>\n<meta property=\"article:publisher\" content=\"https:\/\/www.facebook.com\/MusiquesJuives\/\" \/>\n<meta property=\"article:published_time\" content=\"2013-06-14T10:55:44+00:00\" \/>\n<meta property=\"article:modified_time\" content=\"2025-10-20T14:11:58+00:00\" \/>\n<meta property=\"og:image\" content=\"https:\/\/www.iemj.org\/wp-content\/uploads\/2013\/06\/arton714-e1619625215998.jpg\" \/>\n\t<meta property=\"og:image:width\" content=\"350\" \/>\n\t<meta property=\"og:image:height\" content=\"341\" \/>\n\t<meta property=\"og:image:type\" content=\"image\/jpeg\" \/>\n<meta name=\"author\" content=\"Herv\u00e9 Roten\" \/>\n<meta name=\"twitter:card\" content=\"summary_large_image\" \/>\n<meta name=\"twitter:label1\" content=\"Escrito por\" \/>\n\t<meta name=\"twitter:data1\" content=\"Herv\u00e9 Roten\" \/>\n\t<meta name=\"twitter:label2\" content=\"Tiempo de lectura\" \/>\n\t<meta name=\"twitter:data2\" content=\"3 minutos\" \/>\n<script type=\"application\/ld+json\" class=\"yoast-schema-graph\">{\"@context\":\"https:\\\/\\\/schema.org\",\"@graph\":[{\"@type\":\"Article\",\"@id\":\"https:\\\/\\\/www.iemj.org\\\/es\\\/une-collection-de-9-cds-publies-par-leuropaisches-zentrum-fur-judische-musik-ezjm-de-hanovre\\\/#article\",\"isPartOf\":{\"@id\":\"https:\\\/\\\/www.iemj.org\\\/es\\\/une-collection-de-9-cds-publies-par-leuropaisches-zentrum-fur-judische-musik-ezjm-de-hanovre\\\/\"},\"author\":{\"name\":\"Herv\u00e9 Roten\",\"@id\":\"https:\\\/\\\/www.iemj.org\\\/es\\\/#\\\/schema\\\/person\\\/906134402c29d5c76e7b726261dd4bbd\"},\"headline\":\"Colecci\u00f3n de 9 CD publicados por el Europa\u00efsches Zentrum f\u00fcr J\u00fcdische Musik (EZJM) de Hannover.\",\"datePublished\":\"2013-06-14T10:55:44+00:00\",\"dateModified\":\"2025-10-20T14:11:58+00:00\",\"mainEntityOfPage\":{\"@id\":\"https:\\\/\\\/www.iemj.org\\\/es\\\/une-collection-de-9-cds-publies-par-leuropaisches-zentrum-fur-judische-musik-ezjm-de-hanovre\\\/\"},\"wordCount\":239,\"publisher\":{\"@id\":\"https:\\\/\\\/www.iemj.org\\\/es\\\/#organization\"},\"image\":{\"@id\":\"https:\\\/\\\/www.iemj.org\\\/es\\\/une-collection-de-9-cds-publies-par-leuropaisches-zentrum-fur-judische-musik-ezjm-de-hanovre\\\/#primaryimage\"},\"thumbnailUrl\":\"https:\\\/\\\/www.iemj.org\\\/wp-content\\\/uploads\\\/2013\\\/06\\\/arton714-e1619625215998.jpg\",\"keywords\":[\"Alemania\"],\"articleSection\":[\"CD\",\"\u00daltimas adquisiciones\"],\"inLanguage\":\"es\"},{\"@type\":\"WebPage\",\"@id\":\"https:\\\/\\\/www.iemj.org\\\/es\\\/une-collection-de-9-cds-publies-par-leuropaisches-zentrum-fur-judische-musik-ezjm-de-hanovre\\\/\",\"url\":\"https:\\\/\\\/www.iemj.org\\\/es\\\/une-collection-de-9-cds-publies-par-leuropaisches-zentrum-fur-judische-musik-ezjm-de-hanovre\\\/\",\"name\":\"Colecci\u00f3n de 9 CD publicados por el Europa\u00efsches Zentrum f\u00fcr J\u00fcdische Musik (EZJM) de Hannover. - Institut Europ\u00e9en des Musiques Juives\",\"isPartOf\":{\"@id\":\"https:\\\/\\\/www.iemj.org\\\/es\\\/#website\"},\"primaryImageOfPage\":{\"@id\":\"https:\\\/\\\/www.iemj.org\\\/es\\\/une-collection-de-9-cds-publies-par-leuropaisches-zentrum-fur-judische-musik-ezjm-de-hanovre\\\/#primaryimage\"},\"image\":{\"@id\":\"https:\\\/\\\/www.iemj.org\\\/es\\\/une-collection-de-9-cds-publies-par-leuropaisches-zentrum-fur-judische-musik-ezjm-de-hanovre\\\/#primaryimage\"},\"thumbnailUrl\":\"https:\\\/\\\/www.iemj.org\\\/wp-content\\\/uploads\\\/2013\\\/06\\\/arton714-e1619625215998.jpg\",\"datePublished\":\"2013-06-14T10:55:44+00:00\",\"dateModified\":\"2025-10-20T14:11:58+00:00\",\"breadcrumb\":{\"@id\":\"https:\\\/\\\/www.iemj.org\\\/es\\\/une-collection-de-9-cds-publies-par-leuropaisches-zentrum-fur-judische-musik-ezjm-de-hanovre\\\/#breadcrumb\"},\"inLanguage\":\"es\",\"potentialAction\":[{\"@type\":\"ReadAction\",\"target\":[\"https:\\\/\\\/www.iemj.org\\\/es\\\/une-collection-de-9-cds-publies-par-leuropaisches-zentrum-fur-judische-musik-ezjm-de-hanovre\\\/\"]}]},{\"@type\":\"ImageObject\",\"inLanguage\":\"es\",\"@id\":\"https:\\\/\\\/www.iemj.org\\\/es\\\/une-collection-de-9-cds-publies-par-leuropaisches-zentrum-fur-judische-musik-ezjm-de-hanovre\\\/#primaryimage\",\"url\":\"https:\\\/\\\/www.iemj.org\\\/wp-content\\\/uploads\\\/2013\\\/06\\\/arton714-e1619625215998.jpg\",\"contentUrl\":\"https:\\\/\\\/www.iemj.org\\\/wp-content\\\/uploads\\\/2013\\\/06\\\/arton714-e1619625215998.jpg\",\"width\":350,\"height\":341},{\"@type\":\"BreadcrumbList\",\"@id\":\"https:\\\/\\\/www.iemj.org\\\/es\\\/une-collection-de-9-cds-publies-par-leuropaisches-zentrum-fur-judische-musik-ezjm-de-hanovre\\\/#breadcrumb\",\"itemListElement\":[{\"@type\":\"ListItem\",\"position\":1,\"name\":\"Accueil\",\"item\":\"https:\\\/\\\/www.iemj.org\\\/es\\\/\"},{\"@type\":\"ListItem\",\"position\":2,\"name\":\"Colecci\u00f3n de 9 CD publicados por el Europa\u00efsches Zentrum f\u00fcr J\u00fcdische Musik (EZJM) de Hannover.\"}]},{\"@type\":\"WebSite\",\"@id\":\"https:\\\/\\\/www.iemj.org\\\/es\\\/#website\",\"url\":\"https:\\\/\\\/www.iemj.org\\\/es\\\/\",\"name\":\"Institut Europ\u00e9en des Musiques Juives\",\"description\":\"Des traditions musicales \u00e0 la port\u00e9e de tous\",\"publisher\":{\"@id\":\"https:\\\/\\\/www.iemj.org\\\/es\\\/#organization\"},\"potentialAction\":[{\"@type\":\"SearchAction\",\"target\":{\"@type\":\"EntryPoint\",\"urlTemplate\":\"https:\\\/\\\/www.iemj.org\\\/es\\\/?s={search_term_string}\"},\"query-input\":{\"@type\":\"PropertyValueSpecification\",\"valueRequired\":true,\"valueName\":\"search_term_string\"}}],\"inLanguage\":\"es\"},{\"@type\":\"Organization\",\"@id\":\"https:\\\/\\\/www.iemj.org\\\/es\\\/#organization\",\"name\":\"Institut Europ\u00e9en des Musiques Juives\",\"url\":\"https:\\\/\\\/www.iemj.org\\\/es\\\/\",\"logo\":{\"@type\":\"ImageObject\",\"inLanguage\":\"es\",\"@id\":\"https:\\\/\\\/www.iemj.org\\\/es\\\/#\\\/schema\\\/logo\\\/image\\\/\",\"url\":\"https:\\\/\\\/www.iemj.org\\\/wp-content\\\/uploads\\\/2021\\\/09\\\/Logo-IEMJ-Paypal.jpg\",\"contentUrl\":\"https:\\\/\\\/www.iemj.org\\\/wp-content\\\/uploads\\\/2021\\\/09\\\/Logo-IEMJ-Paypal.jpg\",\"width\":150,\"height\":50,\"caption\":\"Institut Europ\u00e9en des Musiques Juives\"},\"image\":{\"@id\":\"https:\\\/\\\/www.iemj.org\\\/es\\\/#\\\/schema\\\/logo\\\/image\\\/\"},\"sameAs\":[\"https:\\\/\\\/www.facebook.com\\\/MusiquesJuives\\\/\",\"https:\\\/\\\/www.instagram.com\\\/musiquesjuives\\\/\",\"https:\\\/\\\/www.youtube.com\\\/user\\\/musiquesjuives\"]},{\"@type\":\"Person\",\"@id\":\"https:\\\/\\\/www.iemj.org\\\/es\\\/#\\\/schema\\\/person\\\/906134402c29d5c76e7b726261dd4bbd\",\"name\":\"Herv\u00e9 Roten\",\"image\":{\"@type\":\"ImageObject\",\"inLanguage\":\"es\",\"@id\":\"https:\\\/\\\/secure.gravatar.com\\\/avatar\\\/f96ad2db538a26481f18384936b5cd0610c92d390c4dc382209216d455f685ff?s=96&d=mm&r=g\",\"url\":\"https:\\\/\\\/secure.gravatar.com\\\/avatar\\\/f96ad2db538a26481f18384936b5cd0610c92d390c4dc382209216d455f685ff?s=96&d=mm&r=g\",\"contentUrl\":\"https:\\\/\\\/secure.gravatar.com\\\/avatar\\\/f96ad2db538a26481f18384936b5cd0610c92d390c4dc382209216d455f685ff?s=96&d=mm&r=g\",\"caption\":\"Herv\u00e9 Roten\"}}]}<\/script>\n<!-- \/ Yoast SEO plugin. -->","yoast_head_json":{"title":"Colecci\u00f3n de 9 CD publicados por el Europa\u00efsches Zentrum f\u00fcr J\u00fcdische Musik (EZJM) de Hannover. - Institut Europ\u00e9en des Musiques Juives","robots":{"index":"index","follow":"follow","max-snippet":"max-snippet:-1","max-image-preview":"max-image-preview:large","max-video-preview":"max-video-preview:-1"},"canonical":"https:\/\/www.iemj.org\/es\/une-collection-de-9-cds-publies-par-leuropaisches-zentrum-fur-judische-musik-ezjm-de-hanovre\/","og_locale":"es_ES","og_type":"article","og_title":"Colecci\u00f3n de 9 CD publicados por el Europa\u00efsches Zentrum f\u00fcr J\u00fcdische Musik (EZJM) de Hannover. - Institut Europ\u00e9en des Musiques Juives","og_description":"Fundado en 1988 por Andor Izs\u00e1k, el Europa\u00efsches Zentrum f\u00fcr J\u00fcdische Musik (EZJM) [Centro Europeo de M\u00fasica Jud\u00eda] es un instituto adscrito a la Universidad de Hannover, cuyo objetivo es","og_url":"https:\/\/www.iemj.org\/es\/une-collection-de-9-cds-publies-par-leuropaisches-zentrum-fur-judische-musik-ezjm-de-hanovre\/","og_site_name":"Institut Europ\u00e9en des Musiques Juives","article_publisher":"https:\/\/www.facebook.com\/MusiquesJuives\/","article_published_time":"2013-06-14T10:55:44+00:00","article_modified_time":"2025-10-20T14:11:58+00:00","og_image":[{"width":350,"height":341,"url":"https:\/\/www.iemj.org\/wp-content\/uploads\/2013\/06\/arton714-e1619625215998.jpg","type":"image\/jpeg"}],"author":"Herv\u00e9 Roten","twitter_card":"summary_large_image","twitter_misc":{"Escrito por":"Herv\u00e9 Roten","Tiempo de lectura":"3 minutos"},"schema":{"@context":"https:\/\/schema.org","@graph":[{"@type":"Article","@id":"https:\/\/www.iemj.org\/es\/une-collection-de-9-cds-publies-par-leuropaisches-zentrum-fur-judische-musik-ezjm-de-hanovre\/#article","isPartOf":{"@id":"https:\/\/www.iemj.org\/es\/une-collection-de-9-cds-publies-par-leuropaisches-zentrum-fur-judische-musik-ezjm-de-hanovre\/"},"author":{"name":"Herv\u00e9 Roten","@id":"https:\/\/www.iemj.org\/es\/#\/schema\/person\/906134402c29d5c76e7b726261dd4bbd"},"headline":"Colecci\u00f3n de 9 CD publicados por el Europa\u00efsches Zentrum f\u00fcr J\u00fcdische Musik (EZJM) de Hannover.","datePublished":"2013-06-14T10:55:44+00:00","dateModified":"2025-10-20T14:11:58+00:00","mainEntityOfPage":{"@id":"https:\/\/www.iemj.org\/es\/une-collection-de-9-cds-publies-par-leuropaisches-zentrum-fur-judische-musik-ezjm-de-hanovre\/"},"wordCount":239,"publisher":{"@id":"https:\/\/www.iemj.org\/es\/#organization"},"image":{"@id":"https:\/\/www.iemj.org\/es\/une-collection-de-9-cds-publies-par-leuropaisches-zentrum-fur-judische-musik-ezjm-de-hanovre\/#primaryimage"},"thumbnailUrl":"https:\/\/www.iemj.org\/wp-content\/uploads\/2013\/06\/arton714-e1619625215998.jpg","keywords":["Alemania"],"articleSection":["CD","\u00daltimas adquisiciones"],"inLanguage":"es"},{"@type":"WebPage","@id":"https:\/\/www.iemj.org\/es\/une-collection-de-9-cds-publies-par-leuropaisches-zentrum-fur-judische-musik-ezjm-de-hanovre\/","url":"https:\/\/www.iemj.org\/es\/une-collection-de-9-cds-publies-par-leuropaisches-zentrum-fur-judische-musik-ezjm-de-hanovre\/","name":"Colecci\u00f3n de 9 CD publicados por el Europa\u00efsches Zentrum f\u00fcr J\u00fcdische Musik (EZJM) de Hannover. - Institut Europ\u00e9en des Musiques Juives","isPartOf":{"@id":"https:\/\/www.iemj.org\/es\/#website"},"primaryImageOfPage":{"@id":"https:\/\/www.iemj.org\/es\/une-collection-de-9-cds-publies-par-leuropaisches-zentrum-fur-judische-musik-ezjm-de-hanovre\/#primaryimage"},"image":{"@id":"https:\/\/www.iemj.org\/es\/une-collection-de-9-cds-publies-par-leuropaisches-zentrum-fur-judische-musik-ezjm-de-hanovre\/#primaryimage"},"thumbnailUrl":"https:\/\/www.iemj.org\/wp-content\/uploads\/2013\/06\/arton714-e1619625215998.jpg","datePublished":"2013-06-14T10:55:44+00:00","dateModified":"2025-10-20T14:11:58+00:00","breadcrumb":{"@id":"https:\/\/www.iemj.org\/es\/une-collection-de-9-cds-publies-par-leuropaisches-zentrum-fur-judische-musik-ezjm-de-hanovre\/#breadcrumb"},"inLanguage":"es","potentialAction":[{"@type":"ReadAction","target":["https:\/\/www.iemj.org\/es\/une-collection-de-9-cds-publies-par-leuropaisches-zentrum-fur-judische-musik-ezjm-de-hanovre\/"]}]},{"@type":"ImageObject","inLanguage":"es","@id":"https:\/\/www.iemj.org\/es\/une-collection-de-9-cds-publies-par-leuropaisches-zentrum-fur-judische-musik-ezjm-de-hanovre\/#primaryimage","url":"https:\/\/www.iemj.org\/wp-content\/uploads\/2013\/06\/arton714-e1619625215998.jpg","contentUrl":"https:\/\/www.iemj.org\/wp-content\/uploads\/2013\/06\/arton714-e1619625215998.jpg","width":350,"height":341},{"@type":"BreadcrumbList","@id":"https:\/\/www.iemj.org\/es\/une-collection-de-9-cds-publies-par-leuropaisches-zentrum-fur-judische-musik-ezjm-de-hanovre\/#breadcrumb","itemListElement":[{"@type":"ListItem","position":1,"name":"Accueil","item":"https:\/\/www.iemj.org\/es\/"},{"@type":"ListItem","position":2,"name":"Colecci\u00f3n de 9 CD publicados por el Europa\u00efsches Zentrum f\u00fcr J\u00fcdische Musik (EZJM) de Hannover."}]},{"@type":"WebSite","@id":"https:\/\/www.iemj.org\/es\/#website","url":"https:\/\/www.iemj.org\/es\/","name":"Institut Europ\u00e9en des Musiques Juives","description":"Des traditions musicales \u00e0 la port\u00e9e de tous","publisher":{"@id":"https:\/\/www.iemj.org\/es\/#organization"},"potentialAction":[{"@type":"SearchAction","target":{"@type":"EntryPoint","urlTemplate":"https:\/\/www.iemj.org\/es\/?s={search_term_string}"},"query-input":{"@type":"PropertyValueSpecification","valueRequired":true,"valueName":"search_term_string"}}],"inLanguage":"es"},{"@type":"Organization","@id":"https:\/\/www.iemj.org\/es\/#organization","name":"Institut Europ\u00e9en des Musiques Juives","url":"https:\/\/www.iemj.org\/es\/","logo":{"@type":"ImageObject","inLanguage":"es","@id":"https:\/\/www.iemj.org\/es\/#\/schema\/logo\/image\/","url":"https:\/\/www.iemj.org\/wp-content\/uploads\/2021\/09\/Logo-IEMJ-Paypal.jpg","contentUrl":"https:\/\/www.iemj.org\/wp-content\/uploads\/2021\/09\/Logo-IEMJ-Paypal.jpg","width":150,"height":50,"caption":"Institut Europ\u00e9en des Musiques Juives"},"image":{"@id":"https:\/\/www.iemj.org\/es\/#\/schema\/logo\/image\/"},"sameAs":["https:\/\/www.facebook.com\/MusiquesJuives\/","https:\/\/www.instagram.com\/musiquesjuives\/","https:\/\/www.youtube.com\/user\/musiquesjuives"]},{"@type":"Person","@id":"https:\/\/www.iemj.org\/es\/#\/schema\/person\/906134402c29d5c76e7b726261dd4bbd","name":"Herv\u00e9 Roten","image":{"@type":"ImageObject","inLanguage":"es","@id":"https:\/\/secure.gravatar.com\/avatar\/f96ad2db538a26481f18384936b5cd0610c92d390c4dc382209216d455f685ff?s=96&d=mm&r=g","url":"https:\/\/secure.gravatar.com\/avatar\/f96ad2db538a26481f18384936b5cd0610c92d390c4dc382209216d455f685ff?s=96&d=mm&r=g","contentUrl":"https:\/\/secure.gravatar.com\/avatar\/f96ad2db538a26481f18384936b5cd0610c92d390c4dc382209216d455f685ff?s=96&d=mm&r=g","caption":"Herv\u00e9 Roten"}}]}},"_links":{"self":[{"href":"https:\/\/www.iemj.org\/es\/wp-json\/wp\/v2\/posts\/102952","targetHints":{"allow":["GET"]}}],"collection":[{"href":"https:\/\/www.iemj.org\/es\/wp-json\/wp\/v2\/posts"}],"about":[{"href":"https:\/\/www.iemj.org\/es\/wp-json\/wp\/v2\/types\/post"}],"author":[{"embeddable":true,"href":"https:\/\/www.iemj.org\/es\/wp-json\/wp\/v2\/users\/1045"}],"replies":[{"embeddable":true,"href":"https:\/\/www.iemj.org\/es\/wp-json\/wp\/v2\/comments?post=102952"}],"version-history":[{"count":1,"href":"https:\/\/www.iemj.org\/es\/wp-json\/wp\/v2\/posts\/102952\/revisions"}],"predecessor-version":[{"id":127403,"href":"https:\/\/www.iemj.org\/es\/wp-json\/wp\/v2\/posts\/102952\/revisions\/127403"}],"wp:featuredmedia":[{"embeddable":true,"href":"https:\/\/www.iemj.org\/es\/wp-json\/wp\/v2\/media\/38532"}],"wp:attachment":[{"href":"https:\/\/www.iemj.org\/es\/wp-json\/wp\/v2\/media?parent=102952"}],"wp:term":[{"taxonomy":"category","embeddable":true,"href":"https:\/\/www.iemj.org\/es\/wp-json\/wp\/v2\/categories?post=102952"},{"taxonomy":"post_tag","embeddable":true,"href":"https:\/\/www.iemj.org\/es\/wp-json\/wp\/v2\/tags?post=102952"},{"taxonomy":"technique","embeddable":true,"href":"https:\/\/www.iemj.org\/es\/wp-json\/wp\/v2\/technique?post=102952"},{"taxonomy":"squelettes","embeddable":true,"href":"https:\/\/www.iemj.org\/es\/wp-json\/wp\/v2\/squelettes?post=102952"},{"taxonomy":"sujet","embeddable":true,"href":"https:\/\/www.iemj.org\/es\/wp-json\/wp\/v2\/sujet?post=102952"},{"taxonomy":"formation","embeddable":true,"href":"https:\/\/www.iemj.org\/es\/wp-json\/wp\/v2\/formation?post=102952"},{"taxonomy":"genre","embeddable":true,"href":"https:\/\/www.iemj.org\/es\/wp-json\/wp\/v2\/genre?post=102952"},{"taxonomy":"fonds","embeddable":true,"href":"https:\/\/www.iemj.org\/es\/wp-json\/wp\/v2\/fonds?post=102952"},{"taxonomy":"tradition","embeddable":true,"href":"https:\/\/www.iemj.org\/es\/wp-json\/wp\/v2\/tradition?post=102952"},{"taxonomy":"type-de-contenu","embeddable":true,"href":"https:\/\/www.iemj.org\/es\/wp-json\/wp\/v2\/type-de-contenu?post=102952"},{"taxonomy":"interprete-compositeur","embeddable":true,"href":"https:\/\/www.iemj.org\/es\/wp-json\/wp\/v2\/interprete-compositeur?post=102952"},{"taxonomy":"frise","embeddable":true,"href":"https:\/\/www.iemj.org\/es\/wp-json\/wp\/v2\/frise?post=102952"},{"taxonomy":"type-devenement","embeddable":true,"href":"https:\/\/www.iemj.org\/es\/wp-json\/wp\/v2\/type-devenement?post=102952"},{"taxonomy":"tableaux-liens-externes","embeddable":true,"href":"https:\/\/www.iemj.org\/es\/wp-json\/wp\/v2\/tableaux-liens-externes?post=102952"}],"curies":[{"name":"wp","href":"https:\/\/api.w.org\/{rel}","templated":true}]}}