{"id":103116,"date":"2012-05-06T11:57:43","date_gmt":"2012-05-06T09:57:43","guid":{"rendered":"https:\/\/www.iemj.org\/cheikh-raymond-anthologie-enregistrements-originaux-1937-1961\/"},"modified":"2025-10-20T13:17:44","modified_gmt":"2025-10-20T11:17:44","slug":"cheikh-raymond-anthologie-enregistrements-originaux-1937-1961","status":"publish","type":"post","link":"https:\/\/www.iemj.org\/es\/cheikh-raymond-anthologie-enregistrements-originaux-1937-1961\/","title":{"rendered":"Cheikh Raymond &#8211; Anthologie"},"content":{"rendered":"<p>Universal Classics &amp; Jazz France, 2011<\/p>\n<p><!--more--><\/p>\n<p>Desde su muerte, el 22 de junio de 1961, los discos originales de Cheikh Raymond Leyris han pasado de reliquia a mito. En suelo franc\u00e9s, los exiliados de una tierra perdida han conservado minuciosamente viejos discos de vinilo y, de vez en cuando, en una radio comunitaria o en un melanc\u00f3lico documental, se puede escuchar una voz sublime que emerge de los venerables chirridos de un 78 caducado.<\/p>\n<p><a href=\"https:\/\/www.iemj.org\/es\/cheikh-raymond-1912-1961\/\" target=\"_blank\" rel=\"noopener\">Cheikh Raymond<\/a> fue el gran art\u00edfice del renacimiento de la m\u00fasica \u00e1rabe-andalus\u00ed de Constantina, el malouf. Hoy, una antolog\u00eda en 3 CD re\u00fane sus grabaciones realizadas entre 1937 y 1961. La voz de Cheikh Raymond, con su timbre ligeramente nasal y sus melismas a\u00e9reos, vuelve a sonar. Y sus piezas musicales, cinceladas con la precisi\u00f3n de un orfebre y ejecutadas con el fervor de un m\u00fasico totalmente entregado a su arte, pueden volver a desprender sus aromas.<\/p>\n<p>Los aficionados a la historia tambi\u00e9n estar\u00e1n de enhorabuena, ya que esta reedici\u00f3n va acompa\u00f1ada de la publicaci\u00f3n de una biograf\u00eda fascinante que sit\u00faa la vida del m\u00fasico en el doloroso contexto del final de la colonizaci\u00f3n francesa. En ella, el autor Bertrand Dicale a\u00edsla, uno por uno, todos los ingredientes que constituyeron el c\u00f3ctel explosivo que condujo al asesinato de Cheikh Raymond. Al leer este relato, uno se da cuenta de lo absurdo y escandaloso que fue. Nunca explicado, nunca reivindicado, el asesinato de un hombre poco conocido por su postura pol\u00edtica y que, querido por el pueblo, viv\u00eda en armon\u00eda con todas las comunidades, basta para demostrar que se hab\u00eda llegado a un punto sin retorno. Sin duda, el homenaje m\u00e1s cruel y definitivo jam\u00e1s rendido a un m\u00fasico.<\/p>\n<p><a href=\"https:\/\/www.iemj.org\/es\/cheikh-raymond-1912-1961\/\" target=\"_blank\" rel=\"noopener\">M\u00e1s informaci\u00f3n sobre Cheikh Raymond<\/a><\/p>\n\n\n<figure class=\"wp-block-image alignwide size-large\"><img fetchpriority=\"high\" decoding=\"async\" width=\"1024\" height=\"133\" src=\"https:\/\/www.iemj.org\/wp-content\/uploads\/2024\/03\/AUDIO-PLAYER-1024x133.png\" alt=\"\" class=\"wp-image-110610\" srcset=\"https:\/\/www.iemj.org\/wp-content\/uploads\/2024\/03\/AUDIO-PLAYER-1024x133.png 1024w, https:\/\/www.iemj.org\/wp-content\/uploads\/2024\/03\/AUDIO-PLAYER-300x39.png 300w, https:\/\/www.iemj.org\/wp-content\/uploads\/2024\/03\/AUDIO-PLAYER-768x100.png 768w, https:\/\/www.iemj.org\/wp-content\/uploads\/2024\/03\/AUDIO-PLAYER-600x78.png 600w, https:\/\/www.iemj.org\/wp-content\/uploads\/2024\/03\/AUDIO-PLAYER.png 1210w\" sizes=\"(max-width: 1024px) 100vw, 1024px\" \/><\/figure>\n\n\n\n<div class=\"wp-block-file\"><a id=\"wp-block-file--media-61b18014-d9d3-4fd1-8cd0-70ea2eea9c56\" href=\"https:\/\/www.iemj.org\/wp-content\/uploads\/2012\/05\/el_boghi_ext.mp3\">El Boghi<\/a><\/div>\n\n\n\n<div class=\"wp-block-file\"><a id=\"wp-block-file--media-8a299634-76da-4ef7-81e1-d4939058e944\" href=\"https:\/\/www.iemj.org\/wp-content\/uploads\/2012\/05\/el_ouerd_ext.mp3\">El Ouerd<\/a><\/div>\n\n\n\n<div class=\"wp-block-file\"><a id=\"wp-block-file--media-7acf64ce-e74c-49fa-a08f-f1b49e3e8255\" href=\"https:\/\/www.iemj.org\/wp-content\/uploads\/2012\/05\/saiqua_ext.mp3\">Saiqua<\/a><\/div>\n","protected":false},"excerpt":{"rendered":"<p>Universal Classics &amp; Jazz France, 2011<\/p>\n","protected":false},"author":1045,"featured_media":103117,"comment_status":"closed","ping_status":"closed","sticky":false,"template":"","format":"standard","meta":{"_acf_changed":false,"footnotes":""},"categories":[1568,1565],"tags":[],"technique":[],"squelettes":[],"sujet":[],"formation":[],"genre":[1915],"fonds":[],"tradition":[],"type-de-contenu":[],"interprete-compositeur":[3116],"frise":[],"type-devenement":[],"tableaux-liens-externes":[],"class_list":["post-103116","post","type-post","status-publish","format-standard","has-post-thumbnail","hentry","category-cd-es","category-ultimas-adquisiciones-es","genre-oriental-es","interprete-compositeur-cheikh-raymond-es"],"acf":[],"yoast_head":"<!-- This site is optimized with the Yoast SEO plugin v27.3 - https:\/\/yoast.com\/product\/yoast-seo-wordpress\/ -->\n<title>Cheikh Raymond - Anthologie - Institut Europ\u00e9en des Musiques Juives<\/title>\n<meta name=\"robots\" content=\"index, follow, max-snippet:-1, max-image-preview:large, max-video-preview:-1\" \/>\n<link rel=\"canonical\" href=\"https:\/\/www.iemj.org\/es\/cheikh-raymond-anthologie-enregistrements-originaux-1937-1961\/\" \/>\n<meta property=\"og:locale\" content=\"es_ES\" \/>\n<meta property=\"og:type\" content=\"article\" \/>\n<meta property=\"og:title\" content=\"Cheikh Raymond - Anthologie - Institut Europ\u00e9en des Musiques Juives\" \/>\n<meta property=\"og:description\" content=\"Universal Classics &amp; Jazz France, 2011\" \/>\n<meta property=\"og:url\" content=\"https:\/\/www.iemj.org\/es\/cheikh-raymond-anthologie-enregistrements-originaux-1937-1961\/\" \/>\n<meta property=\"og:site_name\" content=\"Institut Europ\u00e9en des Musiques Juives\" \/>\n<meta property=\"article:publisher\" content=\"https:\/\/www.facebook.com\/MusiquesJuives\/\" \/>\n<meta property=\"article:published_time\" content=\"2012-05-06T09:57:43+00:00\" \/>\n<meta property=\"article:modified_time\" content=\"2025-10-20T11:17:44+00:00\" \/>\n<meta property=\"og:image\" content=\"https:\/\/www.iemj.org\/wp-content\/uploads\/2012\/05\/arton458-e1619718480557.jpg\" \/>\n\t<meta property=\"og:image:width\" content=\"350\" \/>\n\t<meta property=\"og:image:height\" content=\"318\" \/>\n\t<meta property=\"og:image:type\" content=\"image\/jpeg\" \/>\n<meta name=\"author\" content=\"Herv\u00e9 Roten\" \/>\n<meta name=\"twitter:card\" content=\"summary_large_image\" \/>\n<meta name=\"twitter:label1\" content=\"Escrito por\" \/>\n\t<meta name=\"twitter:data1\" content=\"Herv\u00e9 Roten\" \/>\n\t<meta name=\"twitter:label2\" content=\"Tiempo de lectura\" \/>\n\t<meta name=\"twitter:data2\" content=\"2 minutos\" \/>\n<script type=\"application\/ld+json\" class=\"yoast-schema-graph\">{\"@context\":\"https:\\\/\\\/schema.org\",\"@graph\":[{\"@type\":\"Article\",\"@id\":\"https:\\\/\\\/www.iemj.org\\\/es\\\/cheikh-raymond-anthologie-enregistrements-originaux-1937-1961\\\/#article\",\"isPartOf\":{\"@id\":\"https:\\\/\\\/www.iemj.org\\\/es\\\/cheikh-raymond-anthologie-enregistrements-originaux-1937-1961\\\/\"},\"author\":{\"name\":\"Herv\u00e9 Roten\",\"@id\":\"https:\\\/\\\/www.iemj.org\\\/es\\\/#\\\/schema\\\/person\\\/906134402c29d5c76e7b726261dd4bbd\"},\"headline\":\"Cheikh Raymond &#8211; Anthologie\",\"datePublished\":\"2012-05-06T09:57:43+00:00\",\"dateModified\":\"2025-10-20T11:17:44+00:00\",\"mainEntityOfPage\":{\"@id\":\"https:\\\/\\\/www.iemj.org\\\/es\\\/cheikh-raymond-anthologie-enregistrements-originaux-1937-1961\\\/\"},\"wordCount\":318,\"publisher\":{\"@id\":\"https:\\\/\\\/www.iemj.org\\\/es\\\/#organization\"},\"image\":{\"@id\":\"https:\\\/\\\/www.iemj.org\\\/es\\\/cheikh-raymond-anthologie-enregistrements-originaux-1937-1961\\\/#primaryimage\"},\"thumbnailUrl\":\"https:\\\/\\\/www.iemj.org\\\/wp-content\\\/uploads\\\/2012\\\/05\\\/arton458-e1619718480557.jpg\",\"articleSection\":[\"CD\",\"\u00daltimas adquisiciones\"],\"inLanguage\":\"es\"},{\"@type\":\"WebPage\",\"@id\":\"https:\\\/\\\/www.iemj.org\\\/es\\\/cheikh-raymond-anthologie-enregistrements-originaux-1937-1961\\\/\",\"url\":\"https:\\\/\\\/www.iemj.org\\\/es\\\/cheikh-raymond-anthologie-enregistrements-originaux-1937-1961\\\/\",\"name\":\"Cheikh Raymond - Anthologie - Institut Europ\u00e9en des Musiques Juives\",\"isPartOf\":{\"@id\":\"https:\\\/\\\/www.iemj.org\\\/es\\\/#website\"},\"primaryImageOfPage\":{\"@id\":\"https:\\\/\\\/www.iemj.org\\\/es\\\/cheikh-raymond-anthologie-enregistrements-originaux-1937-1961\\\/#primaryimage\"},\"image\":{\"@id\":\"https:\\\/\\\/www.iemj.org\\\/es\\\/cheikh-raymond-anthologie-enregistrements-originaux-1937-1961\\\/#primaryimage\"},\"thumbnailUrl\":\"https:\\\/\\\/www.iemj.org\\\/wp-content\\\/uploads\\\/2012\\\/05\\\/arton458-e1619718480557.jpg\",\"datePublished\":\"2012-05-06T09:57:43+00:00\",\"dateModified\":\"2025-10-20T11:17:44+00:00\",\"breadcrumb\":{\"@id\":\"https:\\\/\\\/www.iemj.org\\\/es\\\/cheikh-raymond-anthologie-enregistrements-originaux-1937-1961\\\/#breadcrumb\"},\"inLanguage\":\"es\",\"potentialAction\":[{\"@type\":\"ReadAction\",\"target\":[\"https:\\\/\\\/www.iemj.org\\\/es\\\/cheikh-raymond-anthologie-enregistrements-originaux-1937-1961\\\/\"]}]},{\"@type\":\"ImageObject\",\"inLanguage\":\"es\",\"@id\":\"https:\\\/\\\/www.iemj.org\\\/es\\\/cheikh-raymond-anthologie-enregistrements-originaux-1937-1961\\\/#primaryimage\",\"url\":\"https:\\\/\\\/www.iemj.org\\\/wp-content\\\/uploads\\\/2012\\\/05\\\/arton458-e1619718480557.jpg\",\"contentUrl\":\"https:\\\/\\\/www.iemj.org\\\/wp-content\\\/uploads\\\/2012\\\/05\\\/arton458-e1619718480557.jpg\",\"width\":350,\"height\":318},{\"@type\":\"BreadcrumbList\",\"@id\":\"https:\\\/\\\/www.iemj.org\\\/es\\\/cheikh-raymond-anthologie-enregistrements-originaux-1937-1961\\\/#breadcrumb\",\"itemListElement\":[{\"@type\":\"ListItem\",\"position\":1,\"name\":\"Accueil\",\"item\":\"https:\\\/\\\/www.iemj.org\\\/es\\\/\"},{\"@type\":\"ListItem\",\"position\":2,\"name\":\"Cheikh Raymond &#8211; Anthologie\"}]},{\"@type\":\"WebSite\",\"@id\":\"https:\\\/\\\/www.iemj.org\\\/es\\\/#website\",\"url\":\"https:\\\/\\\/www.iemj.org\\\/es\\\/\",\"name\":\"Institut Europ\u00e9en des Musiques Juives\",\"description\":\"Des traditions musicales \u00e0 la port\u00e9e de tous\",\"publisher\":{\"@id\":\"https:\\\/\\\/www.iemj.org\\\/es\\\/#organization\"},\"potentialAction\":[{\"@type\":\"SearchAction\",\"target\":{\"@type\":\"EntryPoint\",\"urlTemplate\":\"https:\\\/\\\/www.iemj.org\\\/es\\\/?s={search_term_string}\"},\"query-input\":{\"@type\":\"PropertyValueSpecification\",\"valueRequired\":true,\"valueName\":\"search_term_string\"}}],\"inLanguage\":\"es\"},{\"@type\":\"Organization\",\"@id\":\"https:\\\/\\\/www.iemj.org\\\/es\\\/#organization\",\"name\":\"Institut Europ\u00e9en des Musiques Juives\",\"url\":\"https:\\\/\\\/www.iemj.org\\\/es\\\/\",\"logo\":{\"@type\":\"ImageObject\",\"inLanguage\":\"es\",\"@id\":\"https:\\\/\\\/www.iemj.org\\\/es\\\/#\\\/schema\\\/logo\\\/image\\\/\",\"url\":\"https:\\\/\\\/www.iemj.org\\\/wp-content\\\/uploads\\\/2021\\\/09\\\/Logo-IEMJ-Paypal.jpg\",\"contentUrl\":\"https:\\\/\\\/www.iemj.org\\\/wp-content\\\/uploads\\\/2021\\\/09\\\/Logo-IEMJ-Paypal.jpg\",\"width\":150,\"height\":50,\"caption\":\"Institut Europ\u00e9en des Musiques Juives\"},\"image\":{\"@id\":\"https:\\\/\\\/www.iemj.org\\\/es\\\/#\\\/schema\\\/logo\\\/image\\\/\"},\"sameAs\":[\"https:\\\/\\\/www.facebook.com\\\/MusiquesJuives\\\/\",\"https:\\\/\\\/www.instagram.com\\\/musiquesjuives\\\/\",\"https:\\\/\\\/www.youtube.com\\\/user\\\/musiquesjuives\"]},{\"@type\":\"Person\",\"@id\":\"https:\\\/\\\/www.iemj.org\\\/es\\\/#\\\/schema\\\/person\\\/906134402c29d5c76e7b726261dd4bbd\",\"name\":\"Herv\u00e9 Roten\",\"image\":{\"@type\":\"ImageObject\",\"inLanguage\":\"es\",\"@id\":\"https:\\\/\\\/secure.gravatar.com\\\/avatar\\\/f96ad2db538a26481f18384936b5cd0610c92d390c4dc382209216d455f685ff?s=96&d=mm&r=g\",\"url\":\"https:\\\/\\\/secure.gravatar.com\\\/avatar\\\/f96ad2db538a26481f18384936b5cd0610c92d390c4dc382209216d455f685ff?s=96&d=mm&r=g\",\"contentUrl\":\"https:\\\/\\\/secure.gravatar.com\\\/avatar\\\/f96ad2db538a26481f18384936b5cd0610c92d390c4dc382209216d455f685ff?s=96&d=mm&r=g\",\"caption\":\"Herv\u00e9 Roten\"}}]}<\/script>\n<!-- \/ Yoast SEO plugin. -->","yoast_head_json":{"title":"Cheikh Raymond - Anthologie - Institut Europ\u00e9en des Musiques Juives","robots":{"index":"index","follow":"follow","max-snippet":"max-snippet:-1","max-image-preview":"max-image-preview:large","max-video-preview":"max-video-preview:-1"},"canonical":"https:\/\/www.iemj.org\/es\/cheikh-raymond-anthologie-enregistrements-originaux-1937-1961\/","og_locale":"es_ES","og_type":"article","og_title":"Cheikh Raymond - Anthologie - Institut Europ\u00e9en des Musiques Juives","og_description":"Universal Classics &amp; Jazz France, 2011","og_url":"https:\/\/www.iemj.org\/es\/cheikh-raymond-anthologie-enregistrements-originaux-1937-1961\/","og_site_name":"Institut Europ\u00e9en des Musiques Juives","article_publisher":"https:\/\/www.facebook.com\/MusiquesJuives\/","article_published_time":"2012-05-06T09:57:43+00:00","article_modified_time":"2025-10-20T11:17:44+00:00","og_image":[{"width":350,"height":318,"url":"https:\/\/www.iemj.org\/wp-content\/uploads\/2012\/05\/arton458-e1619718480557.jpg","type":"image\/jpeg"}],"author":"Herv\u00e9 Roten","twitter_card":"summary_large_image","twitter_misc":{"Escrito por":"Herv\u00e9 Roten","Tiempo de lectura":"2 minutos"},"schema":{"@context":"https:\/\/schema.org","@graph":[{"@type":"Article","@id":"https:\/\/www.iemj.org\/es\/cheikh-raymond-anthologie-enregistrements-originaux-1937-1961\/#article","isPartOf":{"@id":"https:\/\/www.iemj.org\/es\/cheikh-raymond-anthologie-enregistrements-originaux-1937-1961\/"},"author":{"name":"Herv\u00e9 Roten","@id":"https:\/\/www.iemj.org\/es\/#\/schema\/person\/906134402c29d5c76e7b726261dd4bbd"},"headline":"Cheikh Raymond &#8211; Anthologie","datePublished":"2012-05-06T09:57:43+00:00","dateModified":"2025-10-20T11:17:44+00:00","mainEntityOfPage":{"@id":"https:\/\/www.iemj.org\/es\/cheikh-raymond-anthologie-enregistrements-originaux-1937-1961\/"},"wordCount":318,"publisher":{"@id":"https:\/\/www.iemj.org\/es\/#organization"},"image":{"@id":"https:\/\/www.iemj.org\/es\/cheikh-raymond-anthologie-enregistrements-originaux-1937-1961\/#primaryimage"},"thumbnailUrl":"https:\/\/www.iemj.org\/wp-content\/uploads\/2012\/05\/arton458-e1619718480557.jpg","articleSection":["CD","\u00daltimas adquisiciones"],"inLanguage":"es"},{"@type":"WebPage","@id":"https:\/\/www.iemj.org\/es\/cheikh-raymond-anthologie-enregistrements-originaux-1937-1961\/","url":"https:\/\/www.iemj.org\/es\/cheikh-raymond-anthologie-enregistrements-originaux-1937-1961\/","name":"Cheikh Raymond - Anthologie - Institut Europ\u00e9en des Musiques Juives","isPartOf":{"@id":"https:\/\/www.iemj.org\/es\/#website"},"primaryImageOfPage":{"@id":"https:\/\/www.iemj.org\/es\/cheikh-raymond-anthologie-enregistrements-originaux-1937-1961\/#primaryimage"},"image":{"@id":"https:\/\/www.iemj.org\/es\/cheikh-raymond-anthologie-enregistrements-originaux-1937-1961\/#primaryimage"},"thumbnailUrl":"https:\/\/www.iemj.org\/wp-content\/uploads\/2012\/05\/arton458-e1619718480557.jpg","datePublished":"2012-05-06T09:57:43+00:00","dateModified":"2025-10-20T11:17:44+00:00","breadcrumb":{"@id":"https:\/\/www.iemj.org\/es\/cheikh-raymond-anthologie-enregistrements-originaux-1937-1961\/#breadcrumb"},"inLanguage":"es","potentialAction":[{"@type":"ReadAction","target":["https:\/\/www.iemj.org\/es\/cheikh-raymond-anthologie-enregistrements-originaux-1937-1961\/"]}]},{"@type":"ImageObject","inLanguage":"es","@id":"https:\/\/www.iemj.org\/es\/cheikh-raymond-anthologie-enregistrements-originaux-1937-1961\/#primaryimage","url":"https:\/\/www.iemj.org\/wp-content\/uploads\/2012\/05\/arton458-e1619718480557.jpg","contentUrl":"https:\/\/www.iemj.org\/wp-content\/uploads\/2012\/05\/arton458-e1619718480557.jpg","width":350,"height":318},{"@type":"BreadcrumbList","@id":"https:\/\/www.iemj.org\/es\/cheikh-raymond-anthologie-enregistrements-originaux-1937-1961\/#breadcrumb","itemListElement":[{"@type":"ListItem","position":1,"name":"Accueil","item":"https:\/\/www.iemj.org\/es\/"},{"@type":"ListItem","position":2,"name":"Cheikh Raymond &#8211; Anthologie"}]},{"@type":"WebSite","@id":"https:\/\/www.iemj.org\/es\/#website","url":"https:\/\/www.iemj.org\/es\/","name":"Institut Europ\u00e9en des Musiques Juives","description":"Des traditions musicales \u00e0 la port\u00e9e de tous","publisher":{"@id":"https:\/\/www.iemj.org\/es\/#organization"},"potentialAction":[{"@type":"SearchAction","target":{"@type":"EntryPoint","urlTemplate":"https:\/\/www.iemj.org\/es\/?s={search_term_string}"},"query-input":{"@type":"PropertyValueSpecification","valueRequired":true,"valueName":"search_term_string"}}],"inLanguage":"es"},{"@type":"Organization","@id":"https:\/\/www.iemj.org\/es\/#organization","name":"Institut Europ\u00e9en des Musiques Juives","url":"https:\/\/www.iemj.org\/es\/","logo":{"@type":"ImageObject","inLanguage":"es","@id":"https:\/\/www.iemj.org\/es\/#\/schema\/logo\/image\/","url":"https:\/\/www.iemj.org\/wp-content\/uploads\/2021\/09\/Logo-IEMJ-Paypal.jpg","contentUrl":"https:\/\/www.iemj.org\/wp-content\/uploads\/2021\/09\/Logo-IEMJ-Paypal.jpg","width":150,"height":50,"caption":"Institut Europ\u00e9en des Musiques Juives"},"image":{"@id":"https:\/\/www.iemj.org\/es\/#\/schema\/logo\/image\/"},"sameAs":["https:\/\/www.facebook.com\/MusiquesJuives\/","https:\/\/www.instagram.com\/musiquesjuives\/","https:\/\/www.youtube.com\/user\/musiquesjuives"]},{"@type":"Person","@id":"https:\/\/www.iemj.org\/es\/#\/schema\/person\/906134402c29d5c76e7b726261dd4bbd","name":"Herv\u00e9 Roten","image":{"@type":"ImageObject","inLanguage":"es","@id":"https:\/\/secure.gravatar.com\/avatar\/f96ad2db538a26481f18384936b5cd0610c92d390c4dc382209216d455f685ff?s=96&d=mm&r=g","url":"https:\/\/secure.gravatar.com\/avatar\/f96ad2db538a26481f18384936b5cd0610c92d390c4dc382209216d455f685ff?s=96&d=mm&r=g","contentUrl":"https:\/\/secure.gravatar.com\/avatar\/f96ad2db538a26481f18384936b5cd0610c92d390c4dc382209216d455f685ff?s=96&d=mm&r=g","caption":"Herv\u00e9 Roten"}}]}},"_links":{"self":[{"href":"https:\/\/www.iemj.org\/es\/wp-json\/wp\/v2\/posts\/103116","targetHints":{"allow":["GET"]}}],"collection":[{"href":"https:\/\/www.iemj.org\/es\/wp-json\/wp\/v2\/posts"}],"about":[{"href":"https:\/\/www.iemj.org\/es\/wp-json\/wp\/v2\/types\/post"}],"author":[{"embeddable":true,"href":"https:\/\/www.iemj.org\/es\/wp-json\/wp\/v2\/users\/1045"}],"replies":[{"embeddable":true,"href":"https:\/\/www.iemj.org\/es\/wp-json\/wp\/v2\/comments?post=103116"}],"version-history":[{"count":1,"href":"https:\/\/www.iemj.org\/es\/wp-json\/wp\/v2\/posts\/103116\/revisions"}],"predecessor-version":[{"id":127338,"href":"https:\/\/www.iemj.org\/es\/wp-json\/wp\/v2\/posts\/103116\/revisions\/127338"}],"wp:featuredmedia":[{"embeddable":true,"href":"https:\/\/www.iemj.org\/es\/wp-json\/wp\/v2\/media\/103117"}],"wp:attachment":[{"href":"https:\/\/www.iemj.org\/es\/wp-json\/wp\/v2\/media?parent=103116"}],"wp:term":[{"taxonomy":"category","embeddable":true,"href":"https:\/\/www.iemj.org\/es\/wp-json\/wp\/v2\/categories?post=103116"},{"taxonomy":"post_tag","embeddable":true,"href":"https:\/\/www.iemj.org\/es\/wp-json\/wp\/v2\/tags?post=103116"},{"taxonomy":"technique","embeddable":true,"href":"https:\/\/www.iemj.org\/es\/wp-json\/wp\/v2\/technique?post=103116"},{"taxonomy":"squelettes","embeddable":true,"href":"https:\/\/www.iemj.org\/es\/wp-json\/wp\/v2\/squelettes?post=103116"},{"taxonomy":"sujet","embeddable":true,"href":"https:\/\/www.iemj.org\/es\/wp-json\/wp\/v2\/sujet?post=103116"},{"taxonomy":"formation","embeddable":true,"href":"https:\/\/www.iemj.org\/es\/wp-json\/wp\/v2\/formation?post=103116"},{"taxonomy":"genre","embeddable":true,"href":"https:\/\/www.iemj.org\/es\/wp-json\/wp\/v2\/genre?post=103116"},{"taxonomy":"fonds","embeddable":true,"href":"https:\/\/www.iemj.org\/es\/wp-json\/wp\/v2\/fonds?post=103116"},{"taxonomy":"tradition","embeddable":true,"href":"https:\/\/www.iemj.org\/es\/wp-json\/wp\/v2\/tradition?post=103116"},{"taxonomy":"type-de-contenu","embeddable":true,"href":"https:\/\/www.iemj.org\/es\/wp-json\/wp\/v2\/type-de-contenu?post=103116"},{"taxonomy":"interprete-compositeur","embeddable":true,"href":"https:\/\/www.iemj.org\/es\/wp-json\/wp\/v2\/interprete-compositeur?post=103116"},{"taxonomy":"frise","embeddable":true,"href":"https:\/\/www.iemj.org\/es\/wp-json\/wp\/v2\/frise?post=103116"},{"taxonomy":"type-devenement","embeddable":true,"href":"https:\/\/www.iemj.org\/es\/wp-json\/wp\/v2\/type-devenement?post=103116"},{"taxonomy":"tableaux-liens-externes","embeddable":true,"href":"https:\/\/www.iemj.org\/es\/wp-json\/wp\/v2\/tableaux-liens-externes?post=103116"}],"curies":[{"name":"wp","href":"https:\/\/api.w.org\/{rel}","templated":true}]}}