{"id":103561,"date":"2023-09-20T10:00:00","date_gmt":"2023-09-20T08:00:00","guid":{"rendered":"https:\/\/www.iemj.org\/les-bubbey-mayse-le-petit-matin-du-grand-soir\/"},"modified":"2023-10-03T12:34:40","modified_gmt":"2023-10-03T10:34:40","slug":"les-bubbey-mayse-le-petit-matin-du-grand-soir","status":"publish","type":"post","link":"https:\/\/www.iemj.org\/es\/les-bubbey-mayse-le-petit-matin-du-grand-soir\/","title":{"rendered":"LES BUBBEY MAYSE &#8211; LE PETIT MATIN DU GRAND SOIR"},"content":{"rendered":"<h3>\u00a0<\/h3>\n<h3 id=\"2-eael-table-of-content\" class=\"eael-heading-content\"><strong>PUBLICACI\u00d3N DEL 9\u00ba CD DE LA COLECCI\u00d3N DESCUBIERTAS<\/strong><\/h3>\n<p><!--more--><\/p>\n<p>Las <strong>Bubbey Mayse*<\/strong> son la fuerza de cuatro mujeres que se expresa.<\/p>\n<p>Es una m\u00fasica entregada, una composici\u00f3n asumida, impulsada por la fuerza del colectivo.<\/p>\n<p>En sus instrumentos, se oyen los gritos de historias que se agitan, se siente la pisada de la ira, se adivinan ra\u00edces profundas con ansias de horizonte, se sue\u00f1a con acurrucarse en un baile hasta altas horas de la madrugada&#8230;<\/p>\n<p>Y en sus cuatro voces, afinadas al acorde, nos sumergimos en todo un universo epid\u00e9rmico. Es el mundo de cuatro mujeres que se re\u00fanen en torno al amor por la m\u00fasica klezmer y la lengua yiddish, y que extraen de ello el impulso para reinventar un ma\u00f1ana m\u00e1s brillante.<\/p>\n<p style=\"text-align: center;\">\u2666\u2666\u2666\u2666\u2666\u2666\u2666\u2666\u2666\u2666\u2666\u2666\u2666<\/p>\n<p><strong>*<\/strong> Las <strong>Bubbey Mayse<\/strong> son un cuarteto femenino de klezmer y canci\u00f3n idish.<\/p>\n<p>\u00ab Di bobe mayses \u00bb signifie en yiddish : \u00ab Les histoires de grand-m\u00e8res \u00bb, ou \u00ab Les histoires \u00e0 dormir debout \u00bb.\u00a0<\/p>\n<p>\u00abDi bobe mayses\u00bb significa en yiddish \u00abcuentos de las abuelas\u00bb o \u00abcuentos estramb\u00f3ticos\u00bb<\/p>\n<p>El grupo, nacido en Breta\u00f1a en 2012, est\u00e1 formado por cuatro m\u00fasicos: <strong>Elsa Signorile<\/strong> (clarinete, voz), <strong>Juliette Divry<\/strong> (violonchelo, voz), <strong>Margaux Li\u00e9nard<\/strong> (viol\u00edn, voz) y <strong>Morgane Labbe<\/strong> (acorde\u00f3n, voz).<\/p>\n<p>Llevados por las fuertes ra\u00edces culturales yiddish transmitidas por la clarinetista, los m\u00fasicos arreglan e interpretan este repertorio a su manera, y siguen llevando de gira esta m\u00fasica, hecha ya de migraciones y encuentros.<\/p>\n<p>El cuarteto se centra principalmente en arreglos colectivos de canciones y m\u00fasica del repertorio jud\u00edo de Europa Central y Oriental. Recurren a diversas fuentes, como los archivos de Ruth Rubin y Beregovski, melod\u00edas de \u00e1lbumes de la <a href=\"https:\/\/joelrubinklezmer.com\/bio\/\">Joel Rubin Orchestra<\/a>, Dave Tarras y Alicia Svigals, y melod\u00edas intercambiadas entre m\u00fasicos en jam sessions y talleres.<\/p>\n<p>Tras 11 a\u00f1os de existencia, un primer \u00e1lbum autoproducido <a href=\"https:\/\/www.iemj.org\/es\/les-bubbey-mayse-3\/\" target=\"_blank\" rel=\"noopener\"><em>Un vendredi soir apr\u00e8s le dessert<\/em><\/a> publicado en 2016, un EP <em>Le Nouveau Sher<\/em>, publicado en 2021, y un espect\u00e1culo autotitulado en octubre de 2022, el grupo se complace en presentar su nuevo \u00e1lbum en coproducci\u00f3n con el IEMJ: <em>Le petit matin du grand soir<\/em> (oto\u00f1o de 2023).<\/p>\n<p style=\"text-align: center;\">\u2666\u2666\u2666\u2666\u2666\u2666\u2666\u2666\u2666\u2666\u2666\u2666\u2666<\/p>\n<p>Este CD fue producido con el apoyo de la\u00a0<a class=\"spip_out\" href=\"https:\/\/www.fondationjudaisme.org\/\" target=\"_blank\" rel=\"external noopener\">Fondation du Juda\u00efsme Fran\u00e7ais<\/a>, de la\u00a0<a href=\"http:\/\/www.fondationshoah.org\/\" target=\"_blank\" rel=\"noopener\">Fundaci\u00f3n para la Memoria de la Shoah<\/a>, las Fundaciones\u00a0<a href=\"https:\/\/www.iemj.org\/en\/produit\/jacques-offenbach-and-friends-from-the-synagogue-to-the-opera\/\" target=\"_blank\" rel=\"noopener\">Henriette Halphen<\/a> e Irene y Jacques Darmon, bajo los auspicios de la FJF.<\/p>\n<h2 id=\"3-eael-table-of-content\" class=\"eael-heading-content\"><a href=\"https:\/\/www.iemj.org\/es\/product\/kalarash-klezmer-music-yiddish-and-french-songs\" target=\"_blank\" rel=\"noopener\">Pedir el CD en nuestra tienda online<\/a><\/h2>\n<p><em><strong>Nota: Todo pedido de un \u00e1lbum f\u00edsico ir\u00e1 acompa\u00f1ado de los ficheros de audio MP3 enviados por correo electr\u00f3nico.<\/strong><\/em><\/p>\n<p><strong>Informaciones\/pedida\/contacto Prensa<\/strong>\u00a0al +33 1 45 82 20 52 o\u00a0<a href=\"mailto:contact@iemj.org\" target=\"_blank\" rel=\"noopener\">contact@iemj.org<\/a><\/p>\n\n\n<figure class=\"wp-block-image size-full\"><img fetchpriority=\"high\" decoding=\"async\" width=\"821\" height=\"739\" src=\"https:\/\/www.iemj.org\/wp-content\/uploads\/2023\/09\/Bubbey-Mayse_COUV4.jpg\" alt=\"\" class=\"wp-image-103379\" srcset=\"https:\/\/www.iemj.org\/wp-content\/uploads\/2023\/09\/Bubbey-Mayse_COUV4.jpg 821w, https:\/\/www.iemj.org\/wp-content\/uploads\/2023\/09\/Bubbey-Mayse_COUV4-300x270.jpg 300w, https:\/\/www.iemj.org\/wp-content\/uploads\/2023\/09\/Bubbey-Mayse_COUV4-768x691.jpg 768w, https:\/\/www.iemj.org\/wp-content\/uploads\/2023\/09\/Bubbey-Mayse_COUV4-600x540.jpg 600w\" sizes=\"(max-width: 821px) 100vw, 821px\" \/><\/figure>\n\n\n<p>\u00a0<\/p>\n<h2 style=\"text-align: center;\"><span style=\"color: #3c4b98;\"><strong>Escuchar extractos del CD en el player abajo de la pantalla<\/strong><\/span><\/h2>\n<p><img decoding=\"async\" class=\" wp-image-103969 aligncenter\" src=\"https:\/\/www.iemj.org\/wp-content\/uploads\/2023\/09\/Capture-bandeau-bleu-300x13.jpg\" alt=\"\" width=\"808\" height=\"35\" srcset=\"https:\/\/www.iemj.org\/wp-content\/uploads\/2023\/09\/Capture-bandeau-bleu-300x13.jpg 300w, https:\/\/www.iemj.org\/wp-content\/uploads\/2023\/09\/Capture-bandeau-bleu-1024x46.jpg 1024w, https:\/\/www.iemj.org\/wp-content\/uploads\/2023\/09\/Capture-bandeau-bleu-768x34.jpg 768w, https:\/\/www.iemj.org\/wp-content\/uploads\/2023\/09\/Capture-bandeau-bleu-1536x69.jpg 1536w, https:\/\/www.iemj.org\/wp-content\/uploads\/2023\/09\/Capture-bandeau-bleu-600x27.jpg 600w, https:\/\/www.iemj.org\/wp-content\/uploads\/2023\/09\/Capture-bandeau-bleu.jpg 1899w\" sizes=\"(max-width: 808px) 100vw, 808px\" \/><\/p>","protected":false},"excerpt":{"rendered":"<p>\u00a0 PUBLICACI\u00d3N DEL 9\u00ba CD DE LA COLECCI\u00d3N DESCUBIERTAS<\/p>\n","protected":false},"author":5,"featured_media":103399,"comment_status":"closed","ping_status":"closed","sticky":false,"template":"","format":"standard","meta":{"_acf_changed":false,"footnotes":""},"categories":[1394,2205,1391],"tags":[],"technique":[],"squelettes":[],"sujet":[],"formation":[],"genre":[1876,1863],"fonds":[],"tradition":[],"type-de-contenu":[],"interprete-compositeur":[],"frise":[],"type-devenement":[],"tableaux-liens-externes":[],"class_list":["post-103561","post","type-post","status-publish","format-standard","has-post-thumbnail","hentry","category-cd-iemj-es","category-coleccion-descubiertas-es","category-publicaciones-es","genre-klezmer-es","genre-yiddish-es"],"acf":[],"yoast_head":"<!-- This site is optimized with the Yoast SEO plugin v27.3 - https:\/\/yoast.com\/product\/yoast-seo-wordpress\/ -->\n<title>LES BUBBEY MAYSE - LE PETIT MATIN DU GRAND SOIR - Institut Europ\u00e9en des Musiques Juives<\/title>\n<meta name=\"robots\" content=\"index, follow, max-snippet:-1, max-image-preview:large, max-video-preview:-1\" \/>\n<link rel=\"canonical\" href=\"https:\/\/www.iemj.org\/es\/les-bubbey-mayse-le-petit-matin-du-grand-soir\/\" \/>\n<meta property=\"og:locale\" content=\"es_ES\" \/>\n<meta property=\"og:type\" content=\"article\" \/>\n<meta property=\"og:title\" content=\"LES BUBBEY MAYSE - LE PETIT MATIN DU GRAND SOIR - Institut Europ\u00e9en des Musiques Juives\" \/>\n<meta property=\"og:description\" content=\"\u00a0 PUBLICACI\u00d3N DEL 9\u00ba CD DE LA COLECCI\u00d3N DESCUBIERTAS\" \/>\n<meta property=\"og:url\" content=\"https:\/\/www.iemj.org\/es\/les-bubbey-mayse-le-petit-matin-du-grand-soir\/\" \/>\n<meta property=\"og:site_name\" content=\"Institut Europ\u00e9en des Musiques Juives\" \/>\n<meta property=\"article:publisher\" content=\"https:\/\/www.facebook.com\/MusiquesJuives\/\" \/>\n<meta property=\"article:published_time\" content=\"2023-09-20T08:00:00+00:00\" \/>\n<meta property=\"article:modified_time\" content=\"2023-10-03T10:34:40+00:00\" \/>\n<meta property=\"og:image\" content=\"https:\/\/www.iemj.org\/wp-content\/uploads\/2023\/09\/Bubbey-Mayse_COUV-2.jpg\" \/>\n\t<meta property=\"og:image:width\" content=\"821\" \/>\n\t<meta property=\"og:image:height\" content=\"739\" \/>\n\t<meta property=\"og:image:type\" content=\"image\/jpeg\" \/>\n<meta name=\"author\" content=\"Jacqueline ROTEN\" \/>\n<meta name=\"twitter:card\" content=\"summary_large_image\" \/>\n<meta name=\"twitter:label1\" content=\"Escrito por\" \/>\n\t<meta name=\"twitter:data1\" content=\"Jacqueline ROTEN\" \/>\n\t<meta name=\"twitter:label2\" content=\"Tiempo de lectura\" \/>\n\t<meta name=\"twitter:data2\" content=\"3 minutos\" \/>\n<script type=\"application\/ld+json\" class=\"yoast-schema-graph\">{\"@context\":\"https:\\\/\\\/schema.org\",\"@graph\":[{\"@type\":\"Article\",\"@id\":\"https:\\\/\\\/www.iemj.org\\\/es\\\/les-bubbey-mayse-le-petit-matin-du-grand-soir\\\/#article\",\"isPartOf\":{\"@id\":\"https:\\\/\\\/www.iemj.org\\\/es\\\/les-bubbey-mayse-le-petit-matin-du-grand-soir\\\/\"},\"author\":{\"name\":\"Jacqueline ROTEN\",\"@id\":\"https:\\\/\\\/www.iemj.org\\\/es\\\/#\\\/schema\\\/person\\\/358e26c18aca017fcc4cc15437f7279c\"},\"headline\":\"LES BUBBEY MAYSE &#8211; LE PETIT MATIN DU GRAND SOIR\",\"datePublished\":\"2023-09-20T08:00:00+00:00\",\"dateModified\":\"2023-10-03T10:34:40+00:00\",\"mainEntityOfPage\":{\"@id\":\"https:\\\/\\\/www.iemj.org\\\/es\\\/les-bubbey-mayse-le-petit-matin-du-grand-soir\\\/\"},\"wordCount\":461,\"publisher\":{\"@id\":\"https:\\\/\\\/www.iemj.org\\\/es\\\/#organization\"},\"image\":{\"@id\":\"https:\\\/\\\/www.iemj.org\\\/es\\\/les-bubbey-mayse-le-petit-matin-du-grand-soir\\\/#primaryimage\"},\"thumbnailUrl\":\"https:\\\/\\\/www.iemj.org\\\/wp-content\\\/uploads\\\/2023\\\/09\\\/Bubbey-Mayse_COUV-2.jpg\",\"articleSection\":[\"CD IEMJ\",\"Coleccion Descubiertas\",\"Publicaciones\"],\"inLanguage\":\"es\"},{\"@type\":\"WebPage\",\"@id\":\"https:\\\/\\\/www.iemj.org\\\/es\\\/les-bubbey-mayse-le-petit-matin-du-grand-soir\\\/\",\"url\":\"https:\\\/\\\/www.iemj.org\\\/es\\\/les-bubbey-mayse-le-petit-matin-du-grand-soir\\\/\",\"name\":\"LES BUBBEY MAYSE - LE PETIT MATIN DU GRAND SOIR - Institut Europ\u00e9en des Musiques Juives\",\"isPartOf\":{\"@id\":\"https:\\\/\\\/www.iemj.org\\\/es\\\/#website\"},\"primaryImageOfPage\":{\"@id\":\"https:\\\/\\\/www.iemj.org\\\/es\\\/les-bubbey-mayse-le-petit-matin-du-grand-soir\\\/#primaryimage\"},\"image\":{\"@id\":\"https:\\\/\\\/www.iemj.org\\\/es\\\/les-bubbey-mayse-le-petit-matin-du-grand-soir\\\/#primaryimage\"},\"thumbnailUrl\":\"https:\\\/\\\/www.iemj.org\\\/wp-content\\\/uploads\\\/2023\\\/09\\\/Bubbey-Mayse_COUV-2.jpg\",\"datePublished\":\"2023-09-20T08:00:00+00:00\",\"dateModified\":\"2023-10-03T10:34:40+00:00\",\"breadcrumb\":{\"@id\":\"https:\\\/\\\/www.iemj.org\\\/es\\\/les-bubbey-mayse-le-petit-matin-du-grand-soir\\\/#breadcrumb\"},\"inLanguage\":\"es\",\"potentialAction\":[{\"@type\":\"ReadAction\",\"target\":[\"https:\\\/\\\/www.iemj.org\\\/es\\\/les-bubbey-mayse-le-petit-matin-du-grand-soir\\\/\"]}]},{\"@type\":\"ImageObject\",\"inLanguage\":\"es\",\"@id\":\"https:\\\/\\\/www.iemj.org\\\/es\\\/les-bubbey-mayse-le-petit-matin-du-grand-soir\\\/#primaryimage\",\"url\":\"https:\\\/\\\/www.iemj.org\\\/wp-content\\\/uploads\\\/2023\\\/09\\\/Bubbey-Mayse_COUV-2.jpg\",\"contentUrl\":\"https:\\\/\\\/www.iemj.org\\\/wp-content\\\/uploads\\\/2023\\\/09\\\/Bubbey-Mayse_COUV-2.jpg\",\"width\":821,\"height\":739},{\"@type\":\"BreadcrumbList\",\"@id\":\"https:\\\/\\\/www.iemj.org\\\/es\\\/les-bubbey-mayse-le-petit-matin-du-grand-soir\\\/#breadcrumb\",\"itemListElement\":[{\"@type\":\"ListItem\",\"position\":1,\"name\":\"Accueil\",\"item\":\"https:\\\/\\\/www.iemj.org\\\/es\\\/\"},{\"@type\":\"ListItem\",\"position\":2,\"name\":\"LES BUBBEY MAYSE &#8211; LE PETIT MATIN DU GRAND SOIR\"}]},{\"@type\":\"WebSite\",\"@id\":\"https:\\\/\\\/www.iemj.org\\\/es\\\/#website\",\"url\":\"https:\\\/\\\/www.iemj.org\\\/es\\\/\",\"name\":\"Institut Europ\u00e9en des Musiques Juives\",\"description\":\"Des traditions musicales \u00e0 la port\u00e9e de tous\",\"publisher\":{\"@id\":\"https:\\\/\\\/www.iemj.org\\\/es\\\/#organization\"},\"potentialAction\":[{\"@type\":\"SearchAction\",\"target\":{\"@type\":\"EntryPoint\",\"urlTemplate\":\"https:\\\/\\\/www.iemj.org\\\/es\\\/?s={search_term_string}\"},\"query-input\":{\"@type\":\"PropertyValueSpecification\",\"valueRequired\":true,\"valueName\":\"search_term_string\"}}],\"inLanguage\":\"es\"},{\"@type\":\"Organization\",\"@id\":\"https:\\\/\\\/www.iemj.org\\\/es\\\/#organization\",\"name\":\"Institut Europ\u00e9en des Musiques Juives\",\"url\":\"https:\\\/\\\/www.iemj.org\\\/es\\\/\",\"logo\":{\"@type\":\"ImageObject\",\"inLanguage\":\"es\",\"@id\":\"https:\\\/\\\/www.iemj.org\\\/es\\\/#\\\/schema\\\/logo\\\/image\\\/\",\"url\":\"https:\\\/\\\/www.iemj.org\\\/wp-content\\\/uploads\\\/2021\\\/09\\\/Logo-IEMJ-Paypal.jpg\",\"contentUrl\":\"https:\\\/\\\/www.iemj.org\\\/wp-content\\\/uploads\\\/2021\\\/09\\\/Logo-IEMJ-Paypal.jpg\",\"width\":150,\"height\":50,\"caption\":\"Institut Europ\u00e9en des Musiques Juives\"},\"image\":{\"@id\":\"https:\\\/\\\/www.iemj.org\\\/es\\\/#\\\/schema\\\/logo\\\/image\\\/\"},\"sameAs\":[\"https:\\\/\\\/www.facebook.com\\\/MusiquesJuives\\\/\",\"https:\\\/\\\/www.instagram.com\\\/musiquesjuives\\\/\",\"https:\\\/\\\/www.youtube.com\\\/user\\\/musiquesjuives\"]},{\"@type\":\"Person\",\"@id\":\"https:\\\/\\\/www.iemj.org\\\/es\\\/#\\\/schema\\\/person\\\/358e26c18aca017fcc4cc15437f7279c\",\"name\":\"Jacqueline ROTEN\",\"image\":{\"@type\":\"ImageObject\",\"inLanguage\":\"es\",\"@id\":\"https:\\\/\\\/secure.gravatar.com\\\/avatar\\\/5964256d6c6957de3a3505278957e0fb2a35119ac47ea41827a65301213c810b?s=96&d=mm&r=g\",\"url\":\"https:\\\/\\\/secure.gravatar.com\\\/avatar\\\/5964256d6c6957de3a3505278957e0fb2a35119ac47ea41827a65301213c810b?s=96&d=mm&r=g\",\"contentUrl\":\"https:\\\/\\\/secure.gravatar.com\\\/avatar\\\/5964256d6c6957de3a3505278957e0fb2a35119ac47ea41827a65301213c810b?s=96&d=mm&r=g\",\"caption\":\"Jacqueline ROTEN\"}}]}<\/script>\n<!-- \/ Yoast SEO plugin. -->","yoast_head_json":{"title":"LES BUBBEY MAYSE - LE PETIT MATIN DU GRAND SOIR - Institut Europ\u00e9en des Musiques Juives","robots":{"index":"index","follow":"follow","max-snippet":"max-snippet:-1","max-image-preview":"max-image-preview:large","max-video-preview":"max-video-preview:-1"},"canonical":"https:\/\/www.iemj.org\/es\/les-bubbey-mayse-le-petit-matin-du-grand-soir\/","og_locale":"es_ES","og_type":"article","og_title":"LES BUBBEY MAYSE - LE PETIT MATIN DU GRAND SOIR - Institut Europ\u00e9en des Musiques Juives","og_description":"\u00a0 PUBLICACI\u00d3N DEL 9\u00ba CD DE LA COLECCI\u00d3N DESCUBIERTAS","og_url":"https:\/\/www.iemj.org\/es\/les-bubbey-mayse-le-petit-matin-du-grand-soir\/","og_site_name":"Institut Europ\u00e9en des Musiques Juives","article_publisher":"https:\/\/www.facebook.com\/MusiquesJuives\/","article_published_time":"2023-09-20T08:00:00+00:00","article_modified_time":"2023-10-03T10:34:40+00:00","og_image":[{"width":821,"height":739,"url":"https:\/\/www.iemj.org\/wp-content\/uploads\/2023\/09\/Bubbey-Mayse_COUV-2.jpg","type":"image\/jpeg"}],"author":"Jacqueline ROTEN","twitter_card":"summary_large_image","twitter_misc":{"Escrito por":"Jacqueline ROTEN","Tiempo de lectura":"3 minutos"},"schema":{"@context":"https:\/\/schema.org","@graph":[{"@type":"Article","@id":"https:\/\/www.iemj.org\/es\/les-bubbey-mayse-le-petit-matin-du-grand-soir\/#article","isPartOf":{"@id":"https:\/\/www.iemj.org\/es\/les-bubbey-mayse-le-petit-matin-du-grand-soir\/"},"author":{"name":"Jacqueline ROTEN","@id":"https:\/\/www.iemj.org\/es\/#\/schema\/person\/358e26c18aca017fcc4cc15437f7279c"},"headline":"LES BUBBEY MAYSE &#8211; LE PETIT MATIN DU GRAND SOIR","datePublished":"2023-09-20T08:00:00+00:00","dateModified":"2023-10-03T10:34:40+00:00","mainEntityOfPage":{"@id":"https:\/\/www.iemj.org\/es\/les-bubbey-mayse-le-petit-matin-du-grand-soir\/"},"wordCount":461,"publisher":{"@id":"https:\/\/www.iemj.org\/es\/#organization"},"image":{"@id":"https:\/\/www.iemj.org\/es\/les-bubbey-mayse-le-petit-matin-du-grand-soir\/#primaryimage"},"thumbnailUrl":"https:\/\/www.iemj.org\/wp-content\/uploads\/2023\/09\/Bubbey-Mayse_COUV-2.jpg","articleSection":["CD IEMJ","Coleccion Descubiertas","Publicaciones"],"inLanguage":"es"},{"@type":"WebPage","@id":"https:\/\/www.iemj.org\/es\/les-bubbey-mayse-le-petit-matin-du-grand-soir\/","url":"https:\/\/www.iemj.org\/es\/les-bubbey-mayse-le-petit-matin-du-grand-soir\/","name":"LES BUBBEY MAYSE - LE PETIT MATIN DU GRAND SOIR - Institut Europ\u00e9en des Musiques Juives","isPartOf":{"@id":"https:\/\/www.iemj.org\/es\/#website"},"primaryImageOfPage":{"@id":"https:\/\/www.iemj.org\/es\/les-bubbey-mayse-le-petit-matin-du-grand-soir\/#primaryimage"},"image":{"@id":"https:\/\/www.iemj.org\/es\/les-bubbey-mayse-le-petit-matin-du-grand-soir\/#primaryimage"},"thumbnailUrl":"https:\/\/www.iemj.org\/wp-content\/uploads\/2023\/09\/Bubbey-Mayse_COUV-2.jpg","datePublished":"2023-09-20T08:00:00+00:00","dateModified":"2023-10-03T10:34:40+00:00","breadcrumb":{"@id":"https:\/\/www.iemj.org\/es\/les-bubbey-mayse-le-petit-matin-du-grand-soir\/#breadcrumb"},"inLanguage":"es","potentialAction":[{"@type":"ReadAction","target":["https:\/\/www.iemj.org\/es\/les-bubbey-mayse-le-petit-matin-du-grand-soir\/"]}]},{"@type":"ImageObject","inLanguage":"es","@id":"https:\/\/www.iemj.org\/es\/les-bubbey-mayse-le-petit-matin-du-grand-soir\/#primaryimage","url":"https:\/\/www.iemj.org\/wp-content\/uploads\/2023\/09\/Bubbey-Mayse_COUV-2.jpg","contentUrl":"https:\/\/www.iemj.org\/wp-content\/uploads\/2023\/09\/Bubbey-Mayse_COUV-2.jpg","width":821,"height":739},{"@type":"BreadcrumbList","@id":"https:\/\/www.iemj.org\/es\/les-bubbey-mayse-le-petit-matin-du-grand-soir\/#breadcrumb","itemListElement":[{"@type":"ListItem","position":1,"name":"Accueil","item":"https:\/\/www.iemj.org\/es\/"},{"@type":"ListItem","position":2,"name":"LES BUBBEY MAYSE &#8211; LE PETIT MATIN DU GRAND SOIR"}]},{"@type":"WebSite","@id":"https:\/\/www.iemj.org\/es\/#website","url":"https:\/\/www.iemj.org\/es\/","name":"Institut Europ\u00e9en des Musiques Juives","description":"Des traditions musicales \u00e0 la port\u00e9e de tous","publisher":{"@id":"https:\/\/www.iemj.org\/es\/#organization"},"potentialAction":[{"@type":"SearchAction","target":{"@type":"EntryPoint","urlTemplate":"https:\/\/www.iemj.org\/es\/?s={search_term_string}"},"query-input":{"@type":"PropertyValueSpecification","valueRequired":true,"valueName":"search_term_string"}}],"inLanguage":"es"},{"@type":"Organization","@id":"https:\/\/www.iemj.org\/es\/#organization","name":"Institut Europ\u00e9en des Musiques Juives","url":"https:\/\/www.iemj.org\/es\/","logo":{"@type":"ImageObject","inLanguage":"es","@id":"https:\/\/www.iemj.org\/es\/#\/schema\/logo\/image\/","url":"https:\/\/www.iemj.org\/wp-content\/uploads\/2021\/09\/Logo-IEMJ-Paypal.jpg","contentUrl":"https:\/\/www.iemj.org\/wp-content\/uploads\/2021\/09\/Logo-IEMJ-Paypal.jpg","width":150,"height":50,"caption":"Institut Europ\u00e9en des Musiques Juives"},"image":{"@id":"https:\/\/www.iemj.org\/es\/#\/schema\/logo\/image\/"},"sameAs":["https:\/\/www.facebook.com\/MusiquesJuives\/","https:\/\/www.instagram.com\/musiquesjuives\/","https:\/\/www.youtube.com\/user\/musiquesjuives"]},{"@type":"Person","@id":"https:\/\/www.iemj.org\/es\/#\/schema\/person\/358e26c18aca017fcc4cc15437f7279c","name":"Jacqueline ROTEN","image":{"@type":"ImageObject","inLanguage":"es","@id":"https:\/\/secure.gravatar.com\/avatar\/5964256d6c6957de3a3505278957e0fb2a35119ac47ea41827a65301213c810b?s=96&d=mm&r=g","url":"https:\/\/secure.gravatar.com\/avatar\/5964256d6c6957de3a3505278957e0fb2a35119ac47ea41827a65301213c810b?s=96&d=mm&r=g","contentUrl":"https:\/\/secure.gravatar.com\/avatar\/5964256d6c6957de3a3505278957e0fb2a35119ac47ea41827a65301213c810b?s=96&d=mm&r=g","caption":"Jacqueline ROTEN"}}]}},"_links":{"self":[{"href":"https:\/\/www.iemj.org\/es\/wp-json\/wp\/v2\/posts\/103561","targetHints":{"allow":["GET"]}}],"collection":[{"href":"https:\/\/www.iemj.org\/es\/wp-json\/wp\/v2\/posts"}],"about":[{"href":"https:\/\/www.iemj.org\/es\/wp-json\/wp\/v2\/types\/post"}],"author":[{"embeddable":true,"href":"https:\/\/www.iemj.org\/es\/wp-json\/wp\/v2\/users\/5"}],"replies":[{"embeddable":true,"href":"https:\/\/www.iemj.org\/es\/wp-json\/wp\/v2\/comments?post=103561"}],"version-history":[{"count":0,"href":"https:\/\/www.iemj.org\/es\/wp-json\/wp\/v2\/posts\/103561\/revisions"}],"wp:featuredmedia":[{"embeddable":true,"href":"https:\/\/www.iemj.org\/es\/wp-json\/wp\/v2\/media\/103399"}],"wp:attachment":[{"href":"https:\/\/www.iemj.org\/es\/wp-json\/wp\/v2\/media?parent=103561"}],"wp:term":[{"taxonomy":"category","embeddable":true,"href":"https:\/\/www.iemj.org\/es\/wp-json\/wp\/v2\/categories?post=103561"},{"taxonomy":"post_tag","embeddable":true,"href":"https:\/\/www.iemj.org\/es\/wp-json\/wp\/v2\/tags?post=103561"},{"taxonomy":"technique","embeddable":true,"href":"https:\/\/www.iemj.org\/es\/wp-json\/wp\/v2\/technique?post=103561"},{"taxonomy":"squelettes","embeddable":true,"href":"https:\/\/www.iemj.org\/es\/wp-json\/wp\/v2\/squelettes?post=103561"},{"taxonomy":"sujet","embeddable":true,"href":"https:\/\/www.iemj.org\/es\/wp-json\/wp\/v2\/sujet?post=103561"},{"taxonomy":"formation","embeddable":true,"href":"https:\/\/www.iemj.org\/es\/wp-json\/wp\/v2\/formation?post=103561"},{"taxonomy":"genre","embeddable":true,"href":"https:\/\/www.iemj.org\/es\/wp-json\/wp\/v2\/genre?post=103561"},{"taxonomy":"fonds","embeddable":true,"href":"https:\/\/www.iemj.org\/es\/wp-json\/wp\/v2\/fonds?post=103561"},{"taxonomy":"tradition","embeddable":true,"href":"https:\/\/www.iemj.org\/es\/wp-json\/wp\/v2\/tradition?post=103561"},{"taxonomy":"type-de-contenu","embeddable":true,"href":"https:\/\/www.iemj.org\/es\/wp-json\/wp\/v2\/type-de-contenu?post=103561"},{"taxonomy":"interprete-compositeur","embeddable":true,"href":"https:\/\/www.iemj.org\/es\/wp-json\/wp\/v2\/interprete-compositeur?post=103561"},{"taxonomy":"frise","embeddable":true,"href":"https:\/\/www.iemj.org\/es\/wp-json\/wp\/v2\/frise?post=103561"},{"taxonomy":"type-devenement","embeddable":true,"href":"https:\/\/www.iemj.org\/es\/wp-json\/wp\/v2\/type-devenement?post=103561"},{"taxonomy":"tableaux-liens-externes","embeddable":true,"href":"https:\/\/www.iemj.org\/es\/wp-json\/wp\/v2\/tableaux-liens-externes?post=103561"}],"curies":[{"name":"wp","href":"https:\/\/api.w.org\/{rel}","templated":true}]}}