{"id":104290,"date":"2023-10-09T14:48:58","date_gmt":"2023-10-09T12:48:58","guid":{"rendered":"https:\/\/www.iemj.org\/concerts-les-bubbey-mayse-le-petit-matin-du-grand-soir\/"},"modified":"2023-10-09T17:02:26","modified_gmt":"2023-10-09T15:02:26","slug":"concerts-les-bubbey-mayse-le-petit-matin-du-grand-soir","status":"publish","type":"post","link":"https:\/\/www.iemj.org\/es\/concerts-les-bubbey-mayse-le-petit-matin-du-grand-soir\/","title":{"rendered":"Conciertos &#8211; Les Bubbey Mayse &#8211; LE PETIT MATIN DU GRAND SOIR"},"content":{"rendered":"<p style=\"text-align: left; padding-left: 40px;\">\u2666\u2666\u2666\u2666\u2666\u2666\u2666\u2666\u2666\u2666\u2666\u2666<\/p>\n<h2 style=\"text-align: left;\"><strong>\u00c1lbum publicado por las \u00c9ditions de l&#8217;IEMJ<\/strong><\/h2>\n<h4 id=\"2-eael-table-of-content\" class=\"eael-heading-content\"><strong>9\u00ba CD de la colecci\u00f3n DESCUBIERTAS<\/strong><\/h4>\n<p style=\"text-align: left; padding-left: 40px;\">\u2666\u2666\u2666\u2666\u2666\u2666\u2666\u2666\u2666\u2666\u2666\u2666<\/p>\n<h3><a href=\"https:\/\/jazznklezmer.fr\/au-programme-de-la-21e-edition-du-festival-jazznklezmer\/\" target=\"_blank\" rel=\"noopener\">En el marco del Festival Jazz&#8217;N&#8217;Klezmer &#8211; Edici\u00f3n 2023<\/a><\/h3>\n<p style=\"padding-left: 40px;\">\u2666\u2666\u2666\u2666\u2666\u2666\u2666\u2666\u2666\u2666\u2666\u2666<\/p>\n<p>Las\u00a0Bubbey Mayse son la fuerza de cuatro mujeres que se expresa.<\/p>\n<p>Es una m\u00fasica entregada, una composici\u00f3n asumida, impulsada por la fuerza del colectivo.<\/p>\n<p>En sus instrumentos, se oyen los gritos de historias que se agitan, se siente la pisada de la ira, se adivinan ra\u00edces profundas con ansias de horizonte, se sue\u00f1a con acurrucarse en un baile hasta altas horas de la madrugada\u2026<\/p>\n<p>Y en sus cuatro voces, afinadas al acorde, nos sumergimos en todo un universo epid\u00e9rmico. Es el mundo de cuatro mujeres que se re\u00fanen en torno al amor por la m\u00fasica klezmer y la lengua yiddish, y que extraen de ello el impulso para reinventar un ma\u00f1ana m\u00e1s brillante.<\/p>\n<p>Int\u00e9rpretes: Elsa Signorile: clarinete, voz; Juliette Divry: violonchelo, voz; Margaux Li\u00e9nard: viol\u00edn, voz; Morgane Labbe: acorde\u00f3n, voz.<\/p>\n<ul>\n<li class=\"tribe-events-calendar-list__event-title tribe-common-h6 tribe-common-h4--min-medium\">\n<div class=\"tribe-events-calendar-list__event-datetime-wrapper tribe-common-b2\"><strong><time class=\"tribe-events-calendar-list__event-datetime\" datetime=\"2023-11-08\"><span class=\"tribe-event-date-start\"><a href=\"https:\/\/www.iemj.org\/es\/produit\/les-bubbey-mayse-le-petit-matin-du-grand-soir\/\" target=\"_blank\" rel=\"noopener\"><img decoding=\"async\" class=\"alignright wp-image-103604\" src=\"https:\/\/www.iemj.org\/wp-content\/uploads\/2023\/09\/CDD9-6-300x269.jpg\" sizes=\"(max-width: 195px) 100vw, 195px\" srcset=\"https:\/\/www.iemj.org\/wp-content\/uploads\/2023\/09\/CDD9-6-300x269.jpg 300w, https:\/\/www.iemj.org\/wp-content\/uploads\/2023\/09\/CDD9-6.jpg 350w\" alt=\"\" width=\"195\" height=\"175\" \/><\/a><\/span><span class=\"tribe-event-time\">8 de noviembre a las 19.00 h &#8211; <\/span><\/time><a class=\"tribe-events-calendar-list__event-title-link tribe-common-anchor-thin\" title=\"LES BUBBEY MAYSE \u00c0 GRENOBLE\" href=\"https:\/\/www.iemj.org\/es\/les-bubbey-mayse-a-grenoble-2\/\" target=\"_blank\" rel=\"bookmark noopener\">LES BUBBEY MAYSE en GRENOBLE<\/a><\/strong><\/div>\n<address class=\"tribe-events-calendar-list__event-venue tribe-common-b2\"><strong><span class=\"tribe-events-calendar-list__event-venue-title tribe-common-b2--bold\">Espace des Cultures juives <\/span><\/strong><span class=\"tribe-events-calendar-list__event-venue-title tribe-common-b2--bold\">\u2013 <\/span><span class=\"tribe-events-calendar-list__event-venue-address\">4 bis rue des bains, <\/span><strong><span class=\"tribe-events-calendar-list__event-venue-address\">38000 Grenoble\u00a0<\/span><\/strong><\/address><\/li>\n<li>\n<div class=\"tribe-events-calendar-list__event-datetime-wrapper tribe-common-b2\"><strong><time class=\"tribe-events-calendar-list__event-datetime\" datetime=\"2023-11-09\"><span class=\"tribe-event-time\">9 de noviembre a las 20.30 h &#8211; <\/span><\/time><a class=\"tribe-events-calendar-list__event-title-link tribe-common-anchor-thin\" title=\"LES BUBBEY MAYSE \u00c0 PARIS\" href=\"https:\/\/www.iemj.org\/evenement\/les-bubbey-mayse-a-paris\/\" target=\"_blank\" rel=\"bookmark noopener\">LES BUBBEY MAYSE en PARIS<\/a><\/strong><\/div>\n<address class=\"tribe-events-calendar-list__event-venue tribe-common-b2\"><strong><span class=\"tribe-events-calendar-list__event-venue-title tribe-common-b2--bold\">Espace Rachi\u202f Guy de Rothschild<\/span><\/strong><span class=\"tribe-events-calendar-list__event-venue-title tribe-common-b2--bold\"> \u2013\u00a0<\/span><span class=\"tribe-events-calendar-list__event-venue-address\">39, rue Broca,<\/span><strong><span class=\"tribe-events-calendar-list__event-venue-address\"> 75005 Paris<\/span><\/strong><\/address><\/li>\n<\/ul>\n<h3><a href=\"https:\/\/jazznklezmer.fr\/billetterie\/\" target=\"_blank\" rel=\"noopener\">Reservas en l\u00ednea<\/a><\/h3>\n<h2><a href=\"https:\/\/www.iemj.org\/es\/produit\/les-bubbey-mayse-le-petit-matin-du-grand-soir\/\" target=\"_blank\" rel=\"noopener\">CD en venta en la tienda del IEMJ<\/a><\/h2>\n<p>\u00a0<\/p>\n<p style=\"text-align: center;\">\u2666\u2666\u2666\u2666\u2666\u2666\u2666\u2666\u2666\u2666\u2666\u2666<\/p>\n\n\n<figure class=\"wp-block-embed is-type-video is-provider-youtube wp-block-embed-youtube wp-embed-aspect-16-9 wp-has-aspect-ratio\"><div class=\"wp-block-embed__wrapper\">\n<iframe title=\"Les Bubbey Mayse \/\/ A Heimisher Sher\" width=\"640\" height=\"360\" src=\"https:\/\/www.youtube.com\/embed\/Fd27RPr-JXE?feature=oembed\" frameborder=\"0\" allow=\"accelerometer; autoplay; clipboard-write; encrypted-media; gyroscope; picture-in-picture; web-share\" referrerpolicy=\"strict-origin-when-cross-origin\" allowfullscreen><\/iframe>\n<\/div><\/figure>\n","protected":false},"excerpt":{"rendered":"<p>\u2666\u2666\u2666\u2666\u2666\u2666\u2666\u2666\u2666\u2666\u2666\u2666 \u00c1lbum publicado por las \u00c9ditions de l&#8217;IEMJ 9\u00ba CD de la colecci\u00f3n DESCUBIERTAS \u2666\u2666\u2666\u2666\u2666\u2666\u2666\u2666\u2666\u2666\u2666\u2666 En el marco del Festival Jazz&#8217;N&#8217;Klezmer &#8211; Edici\u00f3n 2023 \u2666\u2666\u2666\u2666\u2666\u2666\u2666\u2666\u2666\u2666\u2666\u2666 Las\u00a0Bubbey Mayse son la fuerza<\/p>\n","protected":false},"author":5,"featured_media":104118,"comment_status":"closed","ping_status":"closed","sticky":false,"template":"","format":"standard","meta":{"_acf_changed":false,"footnotes":""},"categories":[1342,1372],"tags":[],"technique":[],"squelettes":[],"sujet":[],"formation":[],"genre":[],"fonds":[],"tradition":[],"type-de-contenu":[],"interprete-compositeur":[],"frise":[],"type-devenement":[],"tableaux-liens-externes":[],"class_list":["post-104290","post","type-post","status-publish","format-standard","has-post-thumbnail","hentry","category-actualidades-es","category-manifestaciones-es"],"acf":[],"yoast_head":"<!-- This site is optimized with the Yoast SEO plugin v27.3 - https:\/\/yoast.com\/product\/yoast-seo-wordpress\/ -->\n<title>Conciertos - Les Bubbey Mayse - LE PETIT MATIN DU GRAND SOIR - Institut Europ\u00e9en des Musiques Juives<\/title>\n<meta name=\"robots\" content=\"index, follow, max-snippet:-1, max-image-preview:large, max-video-preview:-1\" \/>\n<link rel=\"canonical\" href=\"https:\/\/www.iemj.org\/es\/concerts-les-bubbey-mayse-le-petit-matin-du-grand-soir\/\" \/>\n<meta property=\"og:locale\" content=\"es_ES\" \/>\n<meta property=\"og:type\" content=\"article\" \/>\n<meta property=\"og:title\" content=\"Conciertos - Les Bubbey Mayse - LE PETIT MATIN DU GRAND SOIR - Institut Europ\u00e9en des Musiques Juives\" \/>\n<meta property=\"og:description\" content=\"\u2666\u2666\u2666\u2666\u2666\u2666\u2666\u2666\u2666\u2666\u2666\u2666 \u00c1lbum publicado por las \u00c9ditions de l&#8217;IEMJ 9\u00ba CD de la colecci\u00f3n DESCUBIERTAS \u2666\u2666\u2666\u2666\u2666\u2666\u2666\u2666\u2666\u2666\u2666\u2666 En el marco del Festival Jazz&#8217;N&#8217;Klezmer &#8211; Edici\u00f3n 2023 \u2666\u2666\u2666\u2666\u2666\u2666\u2666\u2666\u2666\u2666\u2666\u2666 Las\u00a0Bubbey Mayse son la fuerza\" \/>\n<meta property=\"og:url\" content=\"https:\/\/www.iemj.org\/es\/concerts-les-bubbey-mayse-le-petit-matin-du-grand-soir\/\" \/>\n<meta property=\"og:site_name\" content=\"Institut Europ\u00e9en des Musiques Juives\" \/>\n<meta property=\"article:publisher\" content=\"https:\/\/www.facebook.com\/MusiquesJuives\/\" \/>\n<meta property=\"article:published_time\" content=\"2023-10-09T12:48:58+00:00\" \/>\n<meta property=\"article:modified_time\" content=\"2023-10-09T15:02:26+00:00\" \/>\n<meta property=\"og:image\" content=\"https:\/\/www.iemj.org\/wp-content\/uploads\/2023\/10\/LES-BUBBEY-MAYSE.jpg\" \/>\n\t<meta property=\"og:image:width\" content=\"414\" \/>\n\t<meta property=\"og:image:height\" content=\"272\" \/>\n\t<meta property=\"og:image:type\" content=\"image\/jpeg\" \/>\n<meta name=\"author\" content=\"Jacqueline ROTEN\" \/>\n<meta name=\"twitter:card\" content=\"summary_large_image\" \/>\n<meta name=\"twitter:label1\" content=\"Escrito por\" \/>\n\t<meta name=\"twitter:data1\" content=\"Jacqueline ROTEN\" \/>\n\t<meta name=\"twitter:label2\" content=\"Tiempo de lectura\" \/>\n\t<meta name=\"twitter:data2\" content=\"2 minutos\" \/>\n<script type=\"application\/ld+json\" class=\"yoast-schema-graph\">{\"@context\":\"https:\\\/\\\/schema.org\",\"@graph\":[{\"@type\":\"Article\",\"@id\":\"https:\\\/\\\/www.iemj.org\\\/es\\\/concerts-les-bubbey-mayse-le-petit-matin-du-grand-soir\\\/#article\",\"isPartOf\":{\"@id\":\"https:\\\/\\\/www.iemj.org\\\/es\\\/concerts-les-bubbey-mayse-le-petit-matin-du-grand-soir\\\/\"},\"author\":{\"name\":\"Jacqueline ROTEN\",\"@id\":\"https:\\\/\\\/www.iemj.org\\\/es\\\/#\\\/schema\\\/person\\\/358e26c18aca017fcc4cc15437f7279c\"},\"headline\":\"Conciertos &#8211; Les Bubbey Mayse &#8211; LE PETIT MATIN DU GRAND SOIR\",\"datePublished\":\"2023-10-09T12:48:58+00:00\",\"dateModified\":\"2023-10-09T15:02:26+00:00\",\"mainEntityOfPage\":{\"@id\":\"https:\\\/\\\/www.iemj.org\\\/es\\\/concerts-les-bubbey-mayse-le-petit-matin-du-grand-soir\\\/\"},\"wordCount\":237,\"publisher\":{\"@id\":\"https:\\\/\\\/www.iemj.org\\\/es\\\/#organization\"},\"image\":{\"@id\":\"https:\\\/\\\/www.iemj.org\\\/es\\\/concerts-les-bubbey-mayse-le-petit-matin-du-grand-soir\\\/#primaryimage\"},\"thumbnailUrl\":\"https:\\\/\\\/www.iemj.org\\\/wp-content\\\/uploads\\\/2023\\\/10\\\/LES-BUBBEY-MAYSE.jpg\",\"articleSection\":[\"Actualidades\",\"Manifestaciones\"],\"inLanguage\":\"es\"},{\"@type\":\"WebPage\",\"@id\":\"https:\\\/\\\/www.iemj.org\\\/es\\\/concerts-les-bubbey-mayse-le-petit-matin-du-grand-soir\\\/\",\"url\":\"https:\\\/\\\/www.iemj.org\\\/es\\\/concerts-les-bubbey-mayse-le-petit-matin-du-grand-soir\\\/\",\"name\":\"Conciertos - Les Bubbey Mayse - LE PETIT MATIN DU GRAND SOIR - Institut Europ\u00e9en des Musiques Juives\",\"isPartOf\":{\"@id\":\"https:\\\/\\\/www.iemj.org\\\/es\\\/#website\"},\"primaryImageOfPage\":{\"@id\":\"https:\\\/\\\/www.iemj.org\\\/es\\\/concerts-les-bubbey-mayse-le-petit-matin-du-grand-soir\\\/#primaryimage\"},\"image\":{\"@id\":\"https:\\\/\\\/www.iemj.org\\\/es\\\/concerts-les-bubbey-mayse-le-petit-matin-du-grand-soir\\\/#primaryimage\"},\"thumbnailUrl\":\"https:\\\/\\\/www.iemj.org\\\/wp-content\\\/uploads\\\/2023\\\/10\\\/LES-BUBBEY-MAYSE.jpg\",\"datePublished\":\"2023-10-09T12:48:58+00:00\",\"dateModified\":\"2023-10-09T15:02:26+00:00\",\"breadcrumb\":{\"@id\":\"https:\\\/\\\/www.iemj.org\\\/es\\\/concerts-les-bubbey-mayse-le-petit-matin-du-grand-soir\\\/#breadcrumb\"},\"inLanguage\":\"es\",\"potentialAction\":[{\"@type\":\"ReadAction\",\"target\":[\"https:\\\/\\\/www.iemj.org\\\/es\\\/concerts-les-bubbey-mayse-le-petit-matin-du-grand-soir\\\/\"]}]},{\"@type\":\"ImageObject\",\"inLanguage\":\"es\",\"@id\":\"https:\\\/\\\/www.iemj.org\\\/es\\\/concerts-les-bubbey-mayse-le-petit-matin-du-grand-soir\\\/#primaryimage\",\"url\":\"https:\\\/\\\/www.iemj.org\\\/wp-content\\\/uploads\\\/2023\\\/10\\\/LES-BUBBEY-MAYSE.jpg\",\"contentUrl\":\"https:\\\/\\\/www.iemj.org\\\/wp-content\\\/uploads\\\/2023\\\/10\\\/LES-BUBBEY-MAYSE.jpg\",\"width\":414,\"height\":272},{\"@type\":\"BreadcrumbList\",\"@id\":\"https:\\\/\\\/www.iemj.org\\\/es\\\/concerts-les-bubbey-mayse-le-petit-matin-du-grand-soir\\\/#breadcrumb\",\"itemListElement\":[{\"@type\":\"ListItem\",\"position\":1,\"name\":\"Accueil\",\"item\":\"https:\\\/\\\/www.iemj.org\\\/es\\\/\"},{\"@type\":\"ListItem\",\"position\":2,\"name\":\"Conciertos &#8211; Les Bubbey Mayse &#8211; LE PETIT MATIN DU GRAND SOIR\"}]},{\"@type\":\"WebSite\",\"@id\":\"https:\\\/\\\/www.iemj.org\\\/es\\\/#website\",\"url\":\"https:\\\/\\\/www.iemj.org\\\/es\\\/\",\"name\":\"Institut Europ\u00e9en des Musiques Juives\",\"description\":\"Des traditions musicales \u00e0 la port\u00e9e de tous\",\"publisher\":{\"@id\":\"https:\\\/\\\/www.iemj.org\\\/es\\\/#organization\"},\"potentialAction\":[{\"@type\":\"SearchAction\",\"target\":{\"@type\":\"EntryPoint\",\"urlTemplate\":\"https:\\\/\\\/www.iemj.org\\\/es\\\/?s={search_term_string}\"},\"query-input\":{\"@type\":\"PropertyValueSpecification\",\"valueRequired\":true,\"valueName\":\"search_term_string\"}}],\"inLanguage\":\"es\"},{\"@type\":\"Organization\",\"@id\":\"https:\\\/\\\/www.iemj.org\\\/es\\\/#organization\",\"name\":\"Institut Europ\u00e9en des Musiques Juives\",\"url\":\"https:\\\/\\\/www.iemj.org\\\/es\\\/\",\"logo\":{\"@type\":\"ImageObject\",\"inLanguage\":\"es\",\"@id\":\"https:\\\/\\\/www.iemj.org\\\/es\\\/#\\\/schema\\\/logo\\\/image\\\/\",\"url\":\"https:\\\/\\\/www.iemj.org\\\/wp-content\\\/uploads\\\/2021\\\/09\\\/Logo-IEMJ-Paypal.jpg\",\"contentUrl\":\"https:\\\/\\\/www.iemj.org\\\/wp-content\\\/uploads\\\/2021\\\/09\\\/Logo-IEMJ-Paypal.jpg\",\"width\":150,\"height\":50,\"caption\":\"Institut Europ\u00e9en des Musiques Juives\"},\"image\":{\"@id\":\"https:\\\/\\\/www.iemj.org\\\/es\\\/#\\\/schema\\\/logo\\\/image\\\/\"},\"sameAs\":[\"https:\\\/\\\/www.facebook.com\\\/MusiquesJuives\\\/\",\"https:\\\/\\\/www.instagram.com\\\/musiquesjuives\\\/\",\"https:\\\/\\\/www.youtube.com\\\/user\\\/musiquesjuives\"]},{\"@type\":\"Person\",\"@id\":\"https:\\\/\\\/www.iemj.org\\\/es\\\/#\\\/schema\\\/person\\\/358e26c18aca017fcc4cc15437f7279c\",\"name\":\"Jacqueline ROTEN\",\"image\":{\"@type\":\"ImageObject\",\"inLanguage\":\"es\",\"@id\":\"https:\\\/\\\/secure.gravatar.com\\\/avatar\\\/5964256d6c6957de3a3505278957e0fb2a35119ac47ea41827a65301213c810b?s=96&d=mm&r=g\",\"url\":\"https:\\\/\\\/secure.gravatar.com\\\/avatar\\\/5964256d6c6957de3a3505278957e0fb2a35119ac47ea41827a65301213c810b?s=96&d=mm&r=g\",\"contentUrl\":\"https:\\\/\\\/secure.gravatar.com\\\/avatar\\\/5964256d6c6957de3a3505278957e0fb2a35119ac47ea41827a65301213c810b?s=96&d=mm&r=g\",\"caption\":\"Jacqueline ROTEN\"}}]}<\/script>\n<!-- \/ Yoast SEO plugin. -->","yoast_head_json":{"title":"Conciertos - Les Bubbey Mayse - LE PETIT MATIN DU GRAND SOIR - Institut Europ\u00e9en des Musiques Juives","robots":{"index":"index","follow":"follow","max-snippet":"max-snippet:-1","max-image-preview":"max-image-preview:large","max-video-preview":"max-video-preview:-1"},"canonical":"https:\/\/www.iemj.org\/es\/concerts-les-bubbey-mayse-le-petit-matin-du-grand-soir\/","og_locale":"es_ES","og_type":"article","og_title":"Conciertos - Les Bubbey Mayse - LE PETIT MATIN DU GRAND SOIR - Institut Europ\u00e9en des Musiques Juives","og_description":"\u2666\u2666\u2666\u2666\u2666\u2666\u2666\u2666\u2666\u2666\u2666\u2666 \u00c1lbum publicado por las \u00c9ditions de l&#8217;IEMJ 9\u00ba CD de la colecci\u00f3n DESCUBIERTAS \u2666\u2666\u2666\u2666\u2666\u2666\u2666\u2666\u2666\u2666\u2666\u2666 En el marco del Festival Jazz&#8217;N&#8217;Klezmer &#8211; Edici\u00f3n 2023 \u2666\u2666\u2666\u2666\u2666\u2666\u2666\u2666\u2666\u2666\u2666\u2666 Las\u00a0Bubbey Mayse son la fuerza","og_url":"https:\/\/www.iemj.org\/es\/concerts-les-bubbey-mayse-le-petit-matin-du-grand-soir\/","og_site_name":"Institut Europ\u00e9en des Musiques Juives","article_publisher":"https:\/\/www.facebook.com\/MusiquesJuives\/","article_published_time":"2023-10-09T12:48:58+00:00","article_modified_time":"2023-10-09T15:02:26+00:00","og_image":[{"width":414,"height":272,"url":"https:\/\/www.iemj.org\/wp-content\/uploads\/2023\/10\/LES-BUBBEY-MAYSE.jpg","type":"image\/jpeg"}],"author":"Jacqueline ROTEN","twitter_card":"summary_large_image","twitter_misc":{"Escrito por":"Jacqueline ROTEN","Tiempo de lectura":"2 minutos"},"schema":{"@context":"https:\/\/schema.org","@graph":[{"@type":"Article","@id":"https:\/\/www.iemj.org\/es\/concerts-les-bubbey-mayse-le-petit-matin-du-grand-soir\/#article","isPartOf":{"@id":"https:\/\/www.iemj.org\/es\/concerts-les-bubbey-mayse-le-petit-matin-du-grand-soir\/"},"author":{"name":"Jacqueline ROTEN","@id":"https:\/\/www.iemj.org\/es\/#\/schema\/person\/358e26c18aca017fcc4cc15437f7279c"},"headline":"Conciertos &#8211; Les Bubbey Mayse &#8211; LE PETIT MATIN DU GRAND SOIR","datePublished":"2023-10-09T12:48:58+00:00","dateModified":"2023-10-09T15:02:26+00:00","mainEntityOfPage":{"@id":"https:\/\/www.iemj.org\/es\/concerts-les-bubbey-mayse-le-petit-matin-du-grand-soir\/"},"wordCount":237,"publisher":{"@id":"https:\/\/www.iemj.org\/es\/#organization"},"image":{"@id":"https:\/\/www.iemj.org\/es\/concerts-les-bubbey-mayse-le-petit-matin-du-grand-soir\/#primaryimage"},"thumbnailUrl":"https:\/\/www.iemj.org\/wp-content\/uploads\/2023\/10\/LES-BUBBEY-MAYSE.jpg","articleSection":["Actualidades","Manifestaciones"],"inLanguage":"es"},{"@type":"WebPage","@id":"https:\/\/www.iemj.org\/es\/concerts-les-bubbey-mayse-le-petit-matin-du-grand-soir\/","url":"https:\/\/www.iemj.org\/es\/concerts-les-bubbey-mayse-le-petit-matin-du-grand-soir\/","name":"Conciertos - Les Bubbey Mayse - LE PETIT MATIN DU GRAND SOIR - Institut Europ\u00e9en des Musiques Juives","isPartOf":{"@id":"https:\/\/www.iemj.org\/es\/#website"},"primaryImageOfPage":{"@id":"https:\/\/www.iemj.org\/es\/concerts-les-bubbey-mayse-le-petit-matin-du-grand-soir\/#primaryimage"},"image":{"@id":"https:\/\/www.iemj.org\/es\/concerts-les-bubbey-mayse-le-petit-matin-du-grand-soir\/#primaryimage"},"thumbnailUrl":"https:\/\/www.iemj.org\/wp-content\/uploads\/2023\/10\/LES-BUBBEY-MAYSE.jpg","datePublished":"2023-10-09T12:48:58+00:00","dateModified":"2023-10-09T15:02:26+00:00","breadcrumb":{"@id":"https:\/\/www.iemj.org\/es\/concerts-les-bubbey-mayse-le-petit-matin-du-grand-soir\/#breadcrumb"},"inLanguage":"es","potentialAction":[{"@type":"ReadAction","target":["https:\/\/www.iemj.org\/es\/concerts-les-bubbey-mayse-le-petit-matin-du-grand-soir\/"]}]},{"@type":"ImageObject","inLanguage":"es","@id":"https:\/\/www.iemj.org\/es\/concerts-les-bubbey-mayse-le-petit-matin-du-grand-soir\/#primaryimage","url":"https:\/\/www.iemj.org\/wp-content\/uploads\/2023\/10\/LES-BUBBEY-MAYSE.jpg","contentUrl":"https:\/\/www.iemj.org\/wp-content\/uploads\/2023\/10\/LES-BUBBEY-MAYSE.jpg","width":414,"height":272},{"@type":"BreadcrumbList","@id":"https:\/\/www.iemj.org\/es\/concerts-les-bubbey-mayse-le-petit-matin-du-grand-soir\/#breadcrumb","itemListElement":[{"@type":"ListItem","position":1,"name":"Accueil","item":"https:\/\/www.iemj.org\/es\/"},{"@type":"ListItem","position":2,"name":"Conciertos &#8211; Les Bubbey Mayse &#8211; LE PETIT MATIN DU GRAND SOIR"}]},{"@type":"WebSite","@id":"https:\/\/www.iemj.org\/es\/#website","url":"https:\/\/www.iemj.org\/es\/","name":"Institut Europ\u00e9en des Musiques Juives","description":"Des traditions musicales \u00e0 la port\u00e9e de tous","publisher":{"@id":"https:\/\/www.iemj.org\/es\/#organization"},"potentialAction":[{"@type":"SearchAction","target":{"@type":"EntryPoint","urlTemplate":"https:\/\/www.iemj.org\/es\/?s={search_term_string}"},"query-input":{"@type":"PropertyValueSpecification","valueRequired":true,"valueName":"search_term_string"}}],"inLanguage":"es"},{"@type":"Organization","@id":"https:\/\/www.iemj.org\/es\/#organization","name":"Institut Europ\u00e9en des Musiques Juives","url":"https:\/\/www.iemj.org\/es\/","logo":{"@type":"ImageObject","inLanguage":"es","@id":"https:\/\/www.iemj.org\/es\/#\/schema\/logo\/image\/","url":"https:\/\/www.iemj.org\/wp-content\/uploads\/2021\/09\/Logo-IEMJ-Paypal.jpg","contentUrl":"https:\/\/www.iemj.org\/wp-content\/uploads\/2021\/09\/Logo-IEMJ-Paypal.jpg","width":150,"height":50,"caption":"Institut Europ\u00e9en des Musiques Juives"},"image":{"@id":"https:\/\/www.iemj.org\/es\/#\/schema\/logo\/image\/"},"sameAs":["https:\/\/www.facebook.com\/MusiquesJuives\/","https:\/\/www.instagram.com\/musiquesjuives\/","https:\/\/www.youtube.com\/user\/musiquesjuives"]},{"@type":"Person","@id":"https:\/\/www.iemj.org\/es\/#\/schema\/person\/358e26c18aca017fcc4cc15437f7279c","name":"Jacqueline ROTEN","image":{"@type":"ImageObject","inLanguage":"es","@id":"https:\/\/secure.gravatar.com\/avatar\/5964256d6c6957de3a3505278957e0fb2a35119ac47ea41827a65301213c810b?s=96&d=mm&r=g","url":"https:\/\/secure.gravatar.com\/avatar\/5964256d6c6957de3a3505278957e0fb2a35119ac47ea41827a65301213c810b?s=96&d=mm&r=g","contentUrl":"https:\/\/secure.gravatar.com\/avatar\/5964256d6c6957de3a3505278957e0fb2a35119ac47ea41827a65301213c810b?s=96&d=mm&r=g","caption":"Jacqueline ROTEN"}}]}},"_links":{"self":[{"href":"https:\/\/www.iemj.org\/es\/wp-json\/wp\/v2\/posts\/104290","targetHints":{"allow":["GET"]}}],"collection":[{"href":"https:\/\/www.iemj.org\/es\/wp-json\/wp\/v2\/posts"}],"about":[{"href":"https:\/\/www.iemj.org\/es\/wp-json\/wp\/v2\/types\/post"}],"author":[{"embeddable":true,"href":"https:\/\/www.iemj.org\/es\/wp-json\/wp\/v2\/users\/5"}],"replies":[{"embeddable":true,"href":"https:\/\/www.iemj.org\/es\/wp-json\/wp\/v2\/comments?post=104290"}],"version-history":[{"count":0,"href":"https:\/\/www.iemj.org\/es\/wp-json\/wp\/v2\/posts\/104290\/revisions"}],"wp:featuredmedia":[{"embeddable":true,"href":"https:\/\/www.iemj.org\/es\/wp-json\/wp\/v2\/media\/104118"}],"wp:attachment":[{"href":"https:\/\/www.iemj.org\/es\/wp-json\/wp\/v2\/media?parent=104290"}],"wp:term":[{"taxonomy":"category","embeddable":true,"href":"https:\/\/www.iemj.org\/es\/wp-json\/wp\/v2\/categories?post=104290"},{"taxonomy":"post_tag","embeddable":true,"href":"https:\/\/www.iemj.org\/es\/wp-json\/wp\/v2\/tags?post=104290"},{"taxonomy":"technique","embeddable":true,"href":"https:\/\/www.iemj.org\/es\/wp-json\/wp\/v2\/technique?post=104290"},{"taxonomy":"squelettes","embeddable":true,"href":"https:\/\/www.iemj.org\/es\/wp-json\/wp\/v2\/squelettes?post=104290"},{"taxonomy":"sujet","embeddable":true,"href":"https:\/\/www.iemj.org\/es\/wp-json\/wp\/v2\/sujet?post=104290"},{"taxonomy":"formation","embeddable":true,"href":"https:\/\/www.iemj.org\/es\/wp-json\/wp\/v2\/formation?post=104290"},{"taxonomy":"genre","embeddable":true,"href":"https:\/\/www.iemj.org\/es\/wp-json\/wp\/v2\/genre?post=104290"},{"taxonomy":"fonds","embeddable":true,"href":"https:\/\/www.iemj.org\/es\/wp-json\/wp\/v2\/fonds?post=104290"},{"taxonomy":"tradition","embeddable":true,"href":"https:\/\/www.iemj.org\/es\/wp-json\/wp\/v2\/tradition?post=104290"},{"taxonomy":"type-de-contenu","embeddable":true,"href":"https:\/\/www.iemj.org\/es\/wp-json\/wp\/v2\/type-de-contenu?post=104290"},{"taxonomy":"interprete-compositeur","embeddable":true,"href":"https:\/\/www.iemj.org\/es\/wp-json\/wp\/v2\/interprete-compositeur?post=104290"},{"taxonomy":"frise","embeddable":true,"href":"https:\/\/www.iemj.org\/es\/wp-json\/wp\/v2\/frise?post=104290"},{"taxonomy":"type-devenement","embeddable":true,"href":"https:\/\/www.iemj.org\/es\/wp-json\/wp\/v2\/type-devenement?post=104290"},{"taxonomy":"tableaux-liens-externes","embeddable":true,"href":"https:\/\/www.iemj.org\/es\/wp-json\/wp\/v2\/tableaux-liens-externes?post=104290"}],"curies":[{"name":"wp","href":"https:\/\/api.w.org\/{rel}","templated":true}]}}