{"id":104470,"date":"2023-10-13T16:18:06","date_gmt":"2023-10-13T14:18:06","guid":{"rendered":"https:\/\/www.iemj.org\/la-musique-des-juifs-en-italie-une-breve-introduction\/"},"modified":"2026-04-28T17:17:30","modified_gmt":"2026-04-28T15:17:30","slug":"la-musique-des-juifs-en-italie-une-breve-introduction","status":"publish","type":"post","link":"https:\/\/www.iemj.org\/es\/la-musique-des-juifs-en-italie-une-breve-introduction\/","title":{"rendered":"La m\u00fasica de los jud\u00edos en Italia: una breve introducci\u00f3n"},"content":{"rendered":"<p>La historia de la m\u00fasica jud\u00eda en Italia es antigua, compleja y llena de contradicciones. Desde un punto de vista hist\u00f3rico, los or\u00edgenes del juda\u00edsmo italiano se remontan a m\u00e1s de 2.000 a\u00f1os. Pero durante los \u00faltimos siglos de la era moderna, esta historia se hizo m\u00e1s compleja a medida que las comunidades asquenaz\u00edes y sefard\u00edes se asentaban en suelo italiano, lo que dio lugar a m\u00faltiples interacciones entre las tradiciones italianas, asquenaz\u00edes y sefard\u00edes y la cultura musical italiana, caracterizada a su vez por numerosas diferencias culturales, regionales y ling\u00fc\u00edsticas entre las regiones. Las contradicciones, por su parte, se refieren a las m\u00faltiples \u00abidentidades\u00bb, visibles e invisibles, de los jud\u00edos de Italia: el secretismo de los guetos, lugares de exclusi\u00f3n, pero tambi\u00e9n de asombrosas creaciones musicales emblem\u00e1ticamente representadas en las obras de Salamone Rossi (ca. 1570-1630, activo en Mantua en la corte de los Gonzaga); los conflictos y convergencias ocultos entre juda\u00edsmo y cristianismo, y la diferencia entre la liturgia de la Iglesia y la de la sinagoga, a la vez tenue e inaccesible; la integraci\u00f3n y la simbiosis cultural entre los jud\u00edos e Italia, un sentimiento compartido magn\u00edficamente expresado en la \u00f3pera Nabucco (1842) de Giuseppe Verdi, par\u00e1bola b\u00edblica del exilio, la emancipaci\u00f3n y la unificaci\u00f3n nacional; y, por \u00faltimo, el car\u00e1cter tr\u00e1gico del par\u00e9ntesis fascista, que culmin\u00f3 en el Holocausto y la destrucci\u00f3n de la vida sinagogal italiana. Pero la principal contradicci\u00f3n que caracteriza a la m\u00fasica jud\u00eda en Italia es que, a pesar de su innegable riqueza, sigue siendo un fen\u00f3meno relativamente oscuro para los especialistas en juda\u00edsmo. Los music\u00f3logos y los historiadores de la cultura a menudo saben muy poco sobre las tradiciones musicales de los jud\u00edos italianos, y les resulta dif\u00edcil comprender un paisaje cultural en el que el juda\u00edsmo y la \u00abitalianidad\u00bb se mezclan armoniosamente.<\/p>\n<p><img fetchpriority=\"high\" decoding=\"async\" class=\"wp-image-104417 aligncenter\" src=\"https:\/\/www.iemj.org\/wp-content\/uploads\/2023\/10\/73-juifs-empire-romain-300-e1655413791818_Redim-400-px-300x194.jpg\" alt=\"\" width=\"642\" height=\"415\" srcset=\"https:\/\/www.iemj.org\/wp-content\/uploads\/2023\/10\/73-juifs-empire-romain-300-e1655413791818_Redim-400-px-300x194.jpg 300w, https:\/\/www.iemj.org\/wp-content\/uploads\/2023\/10\/73-juifs-empire-romain-300-e1655413791818_Redim-400-px-600x389.jpg 600w, https:\/\/www.iemj.org\/wp-content\/uploads\/2023\/10\/73-juifs-empire-romain-300-e1655413791818_Redim-400-px.jpg 617w\" sizes=\"(max-width: 642px) 100vw, 642px\" \/><\/p>\n<hr \/>\n<p><img decoding=\"async\" class=\"wp-image-104422 alignleft\" src=\"https:\/\/www.iemj.org\/wp-content\/uploads\/2023\/10\/Notations-manuscrites-du-XIIe-siecle-par-Obadiah-le-proselyte-normand-Cambridge-TS.-K-5-41-214x300.jpg\" alt=\"\" width=\"257\" height=\"360\" srcset=\"https:\/\/www.iemj.org\/wp-content\/uploads\/2023\/10\/Notations-manuscrites-du-XIIe-siecle-par-Obadiah-le-proselyte-normand-Cambridge-TS.-K-5-41-214x300.jpg 214w, https:\/\/www.iemj.org\/wp-content\/uploads\/2023\/10\/Notations-manuscrites-du-XIIe-siecle-par-Obadiah-le-proselyte-normand-Cambridge-TS.-K-5-41-600x843.jpg 600w, https:\/\/www.iemj.org\/wp-content\/uploads\/2023\/10\/Notations-manuscrites-du-XIIe-siecle-par-Obadiah-le-proselyte-normand-Cambridge-TS.-K-5-41.jpg 729w\" sizes=\"(max-width: 257px) 100vw, 257px\" \/>Las fuentes musicales que atestiguan el desarrollo de la m\u00fasica lit\u00fargica jud\u00eda en Italia antes del siglo XIX son escasas, preciosas y extremadamente fragmentarias. De hecho, la fuente musical jud\u00eda m\u00e1s antigua que se conoce &#8211; anotaciones manuscritas del siglo XII de Johannes, u Obadiah \u00abel pros\u00e9lito normando\u00bb, de Oppido Lucano (Fragmento Cambridge TS. K 5\/41 y Fragmento Cincinnati ENA 4096b)- procede de Italia, al igual que numerosas transcripciones musicales (a menudo basadas en las tradiciones orales del canto de la Tor\u00e1) realizadas por humanistas cristianos a partir del siglo XVI, como las publicadas por Giulio Bartolocci (1613-1687) en <em>Bibliotheca magna Rabbinica<\/em> (volumen 4, 1693).<\/p>\n<p>Estas anotaciones fragmentarias fueron seguidas en los siglos XVII y XVIII por obras sinagogales, escritas por compositores jud\u00edos (Salamone Rossi, <em>Hashirim asher li-shelomoh<\/em>, Venecia 1622-23) y no jud\u00edos (Carlo Grossi, <em>Cantata hebraica in dialogo<\/em>, M\u00f3dena o Venecia, antes de 1682; y el cristiano Joseph Lidarti, Oratorio Ester, 1774), o por m\u00fasicos jud\u00edos y no jud\u00edos que trabajaban en estrecha colaboraci\u00f3n. Entre estos \u00faltimos se encuentran las transcripciones de 11 <span style=\"background-color: var(--bs-body-bg); color: var(--bs-body-color); font-family: var(--bs-body-font-family); font-size: revert; font-weight: var(--bs-body-font-weight); text-align: var(--bs-body-text-align);\"><img decoding=\"async\" class=\" wp-image-104427 alignright\" src=\"https:\/\/www.iemj.org\/wp-content\/uploads\/2023\/10\/Partition-Benedetto-Estro-poetico-armonico-Parafrasi-sopra-li-salmi.jpeg\" alt=\"\" width=\"205\" height=\"296\" \/><\/span>canciones sinagogales de la tradici\u00f3n oral veneciana, publicadas por Benedetto Marcello (1686-1739) en su colecci\u00f3n <em>Estro poetico-armonico: Parafrasi sopra li salmi<\/em> (Venecia, 1724-1727); tres oratorios hebreos an\u00f3nimos para la fiesta de<br \/>de Hoshana Rabbah en Casale Monferrato (1732, 1733, 1735), y la m\u00fasica para la inauguraci\u00f3n de la sinagoga de Siena en 1786, escrita por un m\u00fasico cristiano profesional, Francesco Drei, y un aficionado jud\u00edo, Volunio (Zevulun) Gallichi. Muchas de estas composiciones, si no todas, est\u00e1n relacionadas con rituales cabal\u00edsticos, que a menudo despertaban el inter\u00e9s y la curiosidad de los no jud\u00edos que acud\u00edan a las sinagogas en el siglo XVIII, el Siglo de las Luces.<\/p>\n<p>A lo largo de los siglos XIX y XX, el papel de la m\u00fasica en los barrios jud\u00edos italianos evolucion\u00f3 en muchas direcciones, vinculando mundos musicales muy diferentes, como la m\u00fasica lit\u00fargica, art\u00edstica y popular, y extendi\u00e9ndose desde la esfera \u00edntima de la sinagoga hasta el \u00e1mbito de la interpretaci\u00f3n p\u00fablica. Durante este periodo, los jud\u00edos italianos se enfrentaron a una serie de retos: la transici\u00f3n de la segregaci\u00f3n en los guetos a la emancipaci\u00f3n social y pol\u00edtica; la formaci\u00f3n de una nueva identidad nacional durante el Risorgimento; la urbanizaci\u00f3n y el eclipse de las numerosas peque\u00f1as comunidades que durante siglos hab\u00edan animado la vida jud\u00eda italiana; la legislaci\u00f3n antisemita y la persecuci\u00f3n durante la Segunda Guerra Mundial ; la reconstrucci\u00f3n de la vida comunitaria jud\u00eda tras el Holocausto; la inmigraci\u00f3n de jud\u00edos del norte de \u00c1frica y Oriente Pr\u00f3ximo tras la creaci\u00f3n del Estado de Israel; y, a finales del siglo XX, la aparici\u00f3n de una \u00abcultura jud\u00eda virtual\u00bb gracias a la creciente participaci\u00f3n de no jud\u00edos en la creaci\u00f3n de productos culturales (sobre todo m\u00fasica) que la cultura dominante considera jud\u00edos. En el siglo XIX se produjo un auge espectacular de la composici\u00f3n musical, y pr\u00e1cticamente todas las comunidades italianas encargaron y recopilaron docenas de nuevas composiciones polif\u00f3nicas dedicadas espec\u00edficamente al culto en las sinagogas.<\/p>\n<p><span style=\"background-color: var(--bs-body-bg); color: var(--bs-body-color); font-family: var(--bs-body-font-family); font-size: revert; font-weight: var(--bs-body-font-weight); text-align: var(--bs-body-text-align);\"><img loading=\"lazy\" decoding=\"async\" class=\"size-medium wp-image-104459 alignleft\" src=\"https:\/\/www.iemj.org\/wp-content\/uploads\/2023\/10\/Synagogue-de-Florence-300x225.jpg\" alt=\"\" width=\"300\" height=\"225\" srcset=\"https:\/\/www.iemj.org\/wp-content\/uploads\/2023\/10\/Synagogue-de-Florence-300x225.jpg 300w, https:\/\/www.iemj.org\/wp-content\/uploads\/2023\/10\/Synagogue-de-Florence.jpg 420w\" sizes=\"(max-width: 300px) 100vw, 300px\" \/><\/span><\/p>\n<p>Estos manuscritos musicales reflejan un mundo sonoro sinagogal que recuerda a muchos mundos musicales no jud\u00edos: las arias y los recitativos evocan la \u00f3pera (y la opereta), la liturgia de la Iglesia cat\u00f3lica y los himnos revolucionarios del Risorgimento, todo ello cantado por peque\u00f1os conjuntos vocales de ni\u00f1os y adultos (a veces tambi\u00e9n mujeres), y acompa\u00f1ado por el \u00f3rgano o, seg\u00fan el espacio y los recursos disponibles en cada sinagoga, el armonio. En las partituras figuran los nombres de los compositores y, a menudo, de los int\u00e9rpretes<span style=\"background-color: var(--bs-body-bg); color: var(--bs-body-color); font-family: var(--bs-body-font-family); font-size: revert; font-weight: var(--bs-body-font-weight); text-align: var(--bs-body-text-align);\">. <\/span><\/p>\n<p>Entre ellos hab\u00eda aficionados jud\u00edos locales, cuyo deseo de escribir y tocar m\u00fasica sol\u00eda ir acompa\u00f1ado de donaciones econ\u00f3micas a la comunidad; m\u00fasicos jud\u00edos profesionales (Michele Bolaffi y David Garzia en Livorno; Bonaiut Treves y Ezechiello Levi en Vercelli; Giacomo Levi en Florencia y Tur\u00edn; Giacomo Levi en Florencia y Tur\u00edn; Settimio Scazzocchio, Saul Di Capua y Amadio Disegni en Roma; Alberto Zellman en Trieste; Benedetto Franchetti en <span style=\"background-color: var(--bs-body-bg); color: var(--bs-body-color); font-family: var(--bs-body-font-family); font-size: revert; font-weight: var(--bs-body-font-weight); text-align: var(--bs-body-text-align);\"><img loading=\"lazy\" decoding=\"async\" class=\"wp-image-104437 alignright\" src=\"https:\/\/www.iemj.org\/wp-content\/uploads\/2023\/10\/Carlo_Pedrotti_by_Antonio_Bertulli_circa_1882-225x300.jpeg\" alt=\"\" width=\"173\" height=\"231\" srcset=\"https:\/\/www.iemj.org\/wp-content\/uploads\/2023\/10\/Carlo_Pedrotti_by_Antonio_Bertulli_circa_1882-225x300.jpeg 225w, https:\/\/www.iemj.org\/wp-content\/uploads\/2023\/10\/Carlo_Pedrotti_by_Antonio_Bertulli_circa_1882.jpeg 331w\" sizes=\"(max-width: 173px) 100vw, 173px\" \/><\/span>Mantua; Sabato Errera en Verona; Vittorio Orefice en Padua; Vittorio Norsa en Mil\u00e1n, y muchos otros); e instrumentistas y compositores no jud\u00edos, que escribieron tanto m\u00fasica para piano como para orquesta. Instrumentistas y compositores jud\u00edos, que escribieron tanto m\u00fasica para la Iglesia cat\u00f3lica (Eugenio Testa en Casale Monferrato) como composiciones para ceremonias oficiales (G. Smoltz, tambi\u00e9n en Casale Monferrato), u obras oper\u00edsticas, como ejemplifica el caso emblem\u00e1tico de <strong>Carlo Pedrotti<\/strong> (1817-1893), figura central del teatro musical europeo del siglo XIX, cuyas obras sinagogales fueron utilizadas tanto por la comunidad de su Verona natal como por las sinagogas del Piamonte cuando fue director del Teatro Regio de Tur\u00edn (1868-1882).<\/p>\n<p>La producci\u00f3n de m\u00fasica de sinagoga continu\u00f3 hasta bien entrado el siglo XX, cuando los coros femeninos y mixtos de sinagoga se hicieron cada vez m\u00e1s populares, pero se detuvo casi por completo tras la Segunda Guerra Mundial, cuando se abandonaron gradualmente los coros y los \u00f3rganos, con la notable excepci\u00f3n de Roma, donde la m\u00fasica coral de sinagoga y la composici\u00f3n siguen floreciendo hasta nuestros d\u00edas.<\/p>\n<p>Desde finales del siglo XIX, m\u00fasicos e investigadores han comenzado a transcribir y luego a grabar melod\u00edas de sinagoga, conserv\u00e1ndolas en forma de manuscritos (Marco Amar en <img loading=\"lazy\" decoding=\"async\" class=\"wp-image-104442 alignleft\" src=\"https:\/\/www.iemj.org\/wp-content\/uploads\/2023\/10\/330px-Federico_Consolo-210x300.jpg\" alt=\"\" width=\"173\" height=\"247\" srcset=\"https:\/\/www.iemj.org\/wp-content\/uploads\/2023\/10\/330px-Federico_Consolo-210x300.jpg 210w, https:\/\/www.iemj.org\/wp-content\/uploads\/2023\/10\/330px-Federico_Consolo.jpg 330w\" sizes=\"(max-width: 173px) 100vw, 173px\" \/>Alessandria, David Ghiron en Casale Monferrato, Amadio Disegni en Roma). Sin embargo, algunas melod\u00edas se han publicado en art\u00edculos y libros (<strong>Federico Consolo<\/strong> en Livorno, 1892; Elio Piattelli en Roma, Piamonte y Florencia, 1967, 1986 y 1992). Las grabaciones de campo realizadas en la d\u00e9cada de 1950 por el investigador italo-israel\u00ed Leo Levi (1912-1982) permitieron reconstruir un paisaje sonoro que inclu\u00eda m\u00fasica de 27 tradiciones lit\u00fargicas distintas, conservadas en comunidades jud\u00edas italianas, tanto asquenaz\u00edes como sefard\u00edes, de toda Italia. Esta investigaci\u00f3n etnogr\u00e1fica intentaba captar los vestigios de tradiciones orales que estaban desapareciendo gradualmente: a finales del siglo XX, de las 108 sinagogas activas de la pen\u00ednsula (enumeradas en una encuesta realizada en 1865-1866), s\u00f3lo un pu\u00f1ado de comunidades jud\u00edas conservaba una tradici\u00f3n oral viva y diferenciada.<\/p>\n<p>\u00a0<\/p>\n\n\n<div class=\"wp-block-buttons is-layout-flex wp-block-buttons-is-layout-flex\">\n<div class=\"wp-block-button has-custom-width wp-block-button__width-100\"><a class=\"wp-block-button__link has-white-color has-text-color has-background has-link-color wp-element-button\" href=\"https:\/\/www.iemj.org\/es\/tag\/italia-es\/\" style=\"background-color:#3c4b98\" target=\"_blank\" rel=\"noreferrer noopener\"><strong>Leer otros art\u00edculos sobre las m\u00fasicas jud\u00edas italianas<\/strong><\/a><\/div>\n<\/div>\n","protected":false},"excerpt":{"rendered":"<p>La historia de la m\u00fasica jud\u00eda en Italia es antigua, compleja y llena de contradicciones. Desde un punto de vista hist\u00f3rico, los or\u00edgenes del juda\u00edsmo italiano se remontan a m\u00e1s<\/p>\n","protected":false},"author":5,"featured_media":104452,"comment_status":"closed","ping_status":"closed","sticky":false,"template":"","format":"standard","meta":{"_acf_changed":false,"footnotes":""},"categories":[1408],"tags":[2092],"technique":[],"squelettes":[],"sujet":[],"formation":[],"genre":[],"fonds":[],"tradition":[],"type-de-contenu":[],"interprete-compositeur":[],"frise":[],"type-devenement":[],"tableaux-liens-externes":[],"class_list":["post-104470","post","type-post","status-publish","format-standard","has-post-thumbnail","hentry","category-articulos-de-fondo-es","tag-italia-es"],"acf":[],"yoast_head":"<!-- This site is optimized with the Yoast SEO plugin v27.3 - https:\/\/yoast.com\/product\/yoast-seo-wordpress\/ -->\n<title>La m\u00fasica de los jud\u00edos en Italia: una breve introducci\u00f3n - Institut Europ\u00e9en des Musiques Juives<\/title>\n<meta name=\"robots\" content=\"index, follow, max-snippet:-1, max-image-preview:large, max-video-preview:-1\" \/>\n<link rel=\"canonical\" href=\"https:\/\/www.iemj.org\/es\/la-musique-des-juifs-en-italie-une-breve-introduction\/\" \/>\n<meta property=\"og:locale\" content=\"es_ES\" \/>\n<meta property=\"og:type\" content=\"article\" \/>\n<meta property=\"og:title\" content=\"La m\u00fasica de los jud\u00edos en Italia: una breve introducci\u00f3n - Institut Europ\u00e9en des Musiques Juives\" \/>\n<meta property=\"og:description\" content=\"La historia de la m\u00fasica jud\u00eda en Italia es antigua, compleja y llena de contradicciones. Desde un punto de vista hist\u00f3rico, los or\u00edgenes del juda\u00edsmo italiano se remontan a m\u00e1s\" \/>\n<meta property=\"og:url\" content=\"https:\/\/www.iemj.org\/es\/la-musique-des-juifs-en-italie-une-breve-introduction\/\" \/>\n<meta property=\"og:site_name\" content=\"Institut Europ\u00e9en des Musiques Juives\" \/>\n<meta property=\"article:publisher\" content=\"https:\/\/www.facebook.com\/MusiquesJuives\/\" \/>\n<meta property=\"article:published_time\" content=\"2023-10-13T14:18:06+00:00\" \/>\n<meta property=\"article:modified_time\" content=\"2026-04-28T15:17:30+00:00\" \/>\n<meta property=\"og:image\" content=\"https:\/\/www.iemj.org\/wp-content\/uploads\/2023\/10\/logo-article-1.jpg\" \/>\n\t<meta property=\"og:image:width\" content=\"500\" \/>\n\t<meta property=\"og:image:height\" content=\"500\" \/>\n\t<meta property=\"og:image:type\" content=\"image\/jpeg\" \/>\n<meta name=\"author\" content=\"Jacqueline ROTEN\" \/>\n<meta name=\"twitter:card\" content=\"summary_large_image\" \/>\n<meta name=\"twitter:label1\" content=\"Escrito por\" \/>\n\t<meta name=\"twitter:data1\" content=\"Jacqueline ROTEN\" \/>\n\t<meta name=\"twitter:label2\" content=\"Tiempo de lectura\" \/>\n\t<meta name=\"twitter:data2\" content=\"9 minutos\" \/>\n<script type=\"application\/ld+json\" class=\"yoast-schema-graph\">{\"@context\":\"https:\\\/\\\/schema.org\",\"@graph\":[{\"@type\":\"Article\",\"@id\":\"https:\\\/\\\/www.iemj.org\\\/es\\\/la-musique-des-juifs-en-italie-une-breve-introduction\\\/#article\",\"isPartOf\":{\"@id\":\"https:\\\/\\\/www.iemj.org\\\/es\\\/la-musique-des-juifs-en-italie-une-breve-introduction\\\/\"},\"author\":{\"name\":\"Jacqueline ROTEN\",\"@id\":\"https:\\\/\\\/www.iemj.org\\\/es\\\/#\\\/schema\\\/person\\\/358e26c18aca017fcc4cc15437f7279c\"},\"headline\":\"La m\u00fasica de los jud\u00edos en Italia: una breve introducci\u00f3n\",\"datePublished\":\"2023-10-13T14:18:06+00:00\",\"dateModified\":\"2026-04-28T15:17:30+00:00\",\"mainEntityOfPage\":{\"@id\":\"https:\\\/\\\/www.iemj.org\\\/es\\\/la-musique-des-juifs-en-italie-une-breve-introduction\\\/\"},\"wordCount\":1443,\"publisher\":{\"@id\":\"https:\\\/\\\/www.iemj.org\\\/es\\\/#organization\"},\"image\":{\"@id\":\"https:\\\/\\\/www.iemj.org\\\/es\\\/la-musique-des-juifs-en-italie-une-breve-introduction\\\/#primaryimage\"},\"thumbnailUrl\":\"https:\\\/\\\/www.iemj.org\\\/wp-content\\\/uploads\\\/2023\\\/10\\\/logo-article-1.jpg\",\"keywords\":[\"Italia\"],\"articleSection\":[\"Art\u00edculos de fondo\"],\"inLanguage\":\"es\"},{\"@type\":\"WebPage\",\"@id\":\"https:\\\/\\\/www.iemj.org\\\/es\\\/la-musique-des-juifs-en-italie-une-breve-introduction\\\/\",\"url\":\"https:\\\/\\\/www.iemj.org\\\/es\\\/la-musique-des-juifs-en-italie-une-breve-introduction\\\/\",\"name\":\"La m\u00fasica de los jud\u00edos en Italia: una breve introducci\u00f3n - Institut Europ\u00e9en des Musiques Juives\",\"isPartOf\":{\"@id\":\"https:\\\/\\\/www.iemj.org\\\/es\\\/#website\"},\"primaryImageOfPage\":{\"@id\":\"https:\\\/\\\/www.iemj.org\\\/es\\\/la-musique-des-juifs-en-italie-une-breve-introduction\\\/#primaryimage\"},\"image\":{\"@id\":\"https:\\\/\\\/www.iemj.org\\\/es\\\/la-musique-des-juifs-en-italie-une-breve-introduction\\\/#primaryimage\"},\"thumbnailUrl\":\"https:\\\/\\\/www.iemj.org\\\/wp-content\\\/uploads\\\/2023\\\/10\\\/logo-article-1.jpg\",\"datePublished\":\"2023-10-13T14:18:06+00:00\",\"dateModified\":\"2026-04-28T15:17:30+00:00\",\"breadcrumb\":{\"@id\":\"https:\\\/\\\/www.iemj.org\\\/es\\\/la-musique-des-juifs-en-italie-une-breve-introduction\\\/#breadcrumb\"},\"inLanguage\":\"es\",\"potentialAction\":[{\"@type\":\"ReadAction\",\"target\":[\"https:\\\/\\\/www.iemj.org\\\/es\\\/la-musique-des-juifs-en-italie-une-breve-introduction\\\/\"]}]},{\"@type\":\"ImageObject\",\"inLanguage\":\"es\",\"@id\":\"https:\\\/\\\/www.iemj.org\\\/es\\\/la-musique-des-juifs-en-italie-une-breve-introduction\\\/#primaryimage\",\"url\":\"https:\\\/\\\/www.iemj.org\\\/wp-content\\\/uploads\\\/2023\\\/10\\\/logo-article-1.jpg\",\"contentUrl\":\"https:\\\/\\\/www.iemj.org\\\/wp-content\\\/uploads\\\/2023\\\/10\\\/logo-article-1.jpg\",\"width\":500,\"height\":500},{\"@type\":\"BreadcrumbList\",\"@id\":\"https:\\\/\\\/www.iemj.org\\\/es\\\/la-musique-des-juifs-en-italie-une-breve-introduction\\\/#breadcrumb\",\"itemListElement\":[{\"@type\":\"ListItem\",\"position\":1,\"name\":\"Accueil\",\"item\":\"https:\\\/\\\/www.iemj.org\\\/es\\\/\"},{\"@type\":\"ListItem\",\"position\":2,\"name\":\"La m\u00fasica de los jud\u00edos en Italia: una breve introducci\u00f3n\"}]},{\"@type\":\"WebSite\",\"@id\":\"https:\\\/\\\/www.iemj.org\\\/es\\\/#website\",\"url\":\"https:\\\/\\\/www.iemj.org\\\/es\\\/\",\"name\":\"Institut Europ\u00e9en des Musiques Juives\",\"description\":\"Des traditions musicales \u00e0 la port\u00e9e de tous\",\"publisher\":{\"@id\":\"https:\\\/\\\/www.iemj.org\\\/es\\\/#organization\"},\"potentialAction\":[{\"@type\":\"SearchAction\",\"target\":{\"@type\":\"EntryPoint\",\"urlTemplate\":\"https:\\\/\\\/www.iemj.org\\\/es\\\/?s={search_term_string}\"},\"query-input\":{\"@type\":\"PropertyValueSpecification\",\"valueRequired\":true,\"valueName\":\"search_term_string\"}}],\"inLanguage\":\"es\"},{\"@type\":\"Organization\",\"@id\":\"https:\\\/\\\/www.iemj.org\\\/es\\\/#organization\",\"name\":\"Institut Europ\u00e9en des Musiques Juives\",\"url\":\"https:\\\/\\\/www.iemj.org\\\/es\\\/\",\"logo\":{\"@type\":\"ImageObject\",\"inLanguage\":\"es\",\"@id\":\"https:\\\/\\\/www.iemj.org\\\/es\\\/#\\\/schema\\\/logo\\\/image\\\/\",\"url\":\"https:\\\/\\\/www.iemj.org\\\/wp-content\\\/uploads\\\/2021\\\/09\\\/Logo-IEMJ-Paypal.jpg\",\"contentUrl\":\"https:\\\/\\\/www.iemj.org\\\/wp-content\\\/uploads\\\/2021\\\/09\\\/Logo-IEMJ-Paypal.jpg\",\"width\":150,\"height\":50,\"caption\":\"Institut Europ\u00e9en des Musiques Juives\"},\"image\":{\"@id\":\"https:\\\/\\\/www.iemj.org\\\/es\\\/#\\\/schema\\\/logo\\\/image\\\/\"},\"sameAs\":[\"https:\\\/\\\/www.facebook.com\\\/MusiquesJuives\\\/\",\"https:\\\/\\\/www.instagram.com\\\/musiquesjuives\\\/\",\"https:\\\/\\\/www.youtube.com\\\/user\\\/musiquesjuives\"]},{\"@type\":\"Person\",\"@id\":\"https:\\\/\\\/www.iemj.org\\\/es\\\/#\\\/schema\\\/person\\\/358e26c18aca017fcc4cc15437f7279c\",\"name\":\"Jacqueline ROTEN\",\"image\":{\"@type\":\"ImageObject\",\"inLanguage\":\"es\",\"@id\":\"https:\\\/\\\/secure.gravatar.com\\\/avatar\\\/5964256d6c6957de3a3505278957e0fb2a35119ac47ea41827a65301213c810b?s=96&d=mm&r=g\",\"url\":\"https:\\\/\\\/secure.gravatar.com\\\/avatar\\\/5964256d6c6957de3a3505278957e0fb2a35119ac47ea41827a65301213c810b?s=96&d=mm&r=g\",\"contentUrl\":\"https:\\\/\\\/secure.gravatar.com\\\/avatar\\\/5964256d6c6957de3a3505278957e0fb2a35119ac47ea41827a65301213c810b?s=96&d=mm&r=g\",\"caption\":\"Jacqueline ROTEN\"}}]}<\/script>\n<!-- \/ Yoast SEO plugin. -->","yoast_head_json":{"title":"La m\u00fasica de los jud\u00edos en Italia: una breve introducci\u00f3n - Institut Europ\u00e9en des Musiques Juives","robots":{"index":"index","follow":"follow","max-snippet":"max-snippet:-1","max-image-preview":"max-image-preview:large","max-video-preview":"max-video-preview:-1"},"canonical":"https:\/\/www.iemj.org\/es\/la-musique-des-juifs-en-italie-une-breve-introduction\/","og_locale":"es_ES","og_type":"article","og_title":"La m\u00fasica de los jud\u00edos en Italia: una breve introducci\u00f3n - Institut Europ\u00e9en des Musiques Juives","og_description":"La historia de la m\u00fasica jud\u00eda en Italia es antigua, compleja y llena de contradicciones. Desde un punto de vista hist\u00f3rico, los or\u00edgenes del juda\u00edsmo italiano se remontan a m\u00e1s","og_url":"https:\/\/www.iemj.org\/es\/la-musique-des-juifs-en-italie-une-breve-introduction\/","og_site_name":"Institut Europ\u00e9en des Musiques Juives","article_publisher":"https:\/\/www.facebook.com\/MusiquesJuives\/","article_published_time":"2023-10-13T14:18:06+00:00","article_modified_time":"2026-04-28T15:17:30+00:00","og_image":[{"width":500,"height":500,"url":"https:\/\/www.iemj.org\/wp-content\/uploads\/2023\/10\/logo-article-1.jpg","type":"image\/jpeg"}],"author":"Jacqueline ROTEN","twitter_card":"summary_large_image","twitter_misc":{"Escrito por":"Jacqueline ROTEN","Tiempo de lectura":"9 minutos"},"schema":{"@context":"https:\/\/schema.org","@graph":[{"@type":"Article","@id":"https:\/\/www.iemj.org\/es\/la-musique-des-juifs-en-italie-une-breve-introduction\/#article","isPartOf":{"@id":"https:\/\/www.iemj.org\/es\/la-musique-des-juifs-en-italie-une-breve-introduction\/"},"author":{"name":"Jacqueline ROTEN","@id":"https:\/\/www.iemj.org\/es\/#\/schema\/person\/358e26c18aca017fcc4cc15437f7279c"},"headline":"La m\u00fasica de los jud\u00edos en Italia: una breve introducci\u00f3n","datePublished":"2023-10-13T14:18:06+00:00","dateModified":"2026-04-28T15:17:30+00:00","mainEntityOfPage":{"@id":"https:\/\/www.iemj.org\/es\/la-musique-des-juifs-en-italie-une-breve-introduction\/"},"wordCount":1443,"publisher":{"@id":"https:\/\/www.iemj.org\/es\/#organization"},"image":{"@id":"https:\/\/www.iemj.org\/es\/la-musique-des-juifs-en-italie-une-breve-introduction\/#primaryimage"},"thumbnailUrl":"https:\/\/www.iemj.org\/wp-content\/uploads\/2023\/10\/logo-article-1.jpg","keywords":["Italia"],"articleSection":["Art\u00edculos de fondo"],"inLanguage":"es"},{"@type":"WebPage","@id":"https:\/\/www.iemj.org\/es\/la-musique-des-juifs-en-italie-une-breve-introduction\/","url":"https:\/\/www.iemj.org\/es\/la-musique-des-juifs-en-italie-une-breve-introduction\/","name":"La m\u00fasica de los jud\u00edos en Italia: una breve introducci\u00f3n - Institut Europ\u00e9en des Musiques Juives","isPartOf":{"@id":"https:\/\/www.iemj.org\/es\/#website"},"primaryImageOfPage":{"@id":"https:\/\/www.iemj.org\/es\/la-musique-des-juifs-en-italie-une-breve-introduction\/#primaryimage"},"image":{"@id":"https:\/\/www.iemj.org\/es\/la-musique-des-juifs-en-italie-une-breve-introduction\/#primaryimage"},"thumbnailUrl":"https:\/\/www.iemj.org\/wp-content\/uploads\/2023\/10\/logo-article-1.jpg","datePublished":"2023-10-13T14:18:06+00:00","dateModified":"2026-04-28T15:17:30+00:00","breadcrumb":{"@id":"https:\/\/www.iemj.org\/es\/la-musique-des-juifs-en-italie-une-breve-introduction\/#breadcrumb"},"inLanguage":"es","potentialAction":[{"@type":"ReadAction","target":["https:\/\/www.iemj.org\/es\/la-musique-des-juifs-en-italie-une-breve-introduction\/"]}]},{"@type":"ImageObject","inLanguage":"es","@id":"https:\/\/www.iemj.org\/es\/la-musique-des-juifs-en-italie-une-breve-introduction\/#primaryimage","url":"https:\/\/www.iemj.org\/wp-content\/uploads\/2023\/10\/logo-article-1.jpg","contentUrl":"https:\/\/www.iemj.org\/wp-content\/uploads\/2023\/10\/logo-article-1.jpg","width":500,"height":500},{"@type":"BreadcrumbList","@id":"https:\/\/www.iemj.org\/es\/la-musique-des-juifs-en-italie-une-breve-introduction\/#breadcrumb","itemListElement":[{"@type":"ListItem","position":1,"name":"Accueil","item":"https:\/\/www.iemj.org\/es\/"},{"@type":"ListItem","position":2,"name":"La m\u00fasica de los jud\u00edos en Italia: una breve introducci\u00f3n"}]},{"@type":"WebSite","@id":"https:\/\/www.iemj.org\/es\/#website","url":"https:\/\/www.iemj.org\/es\/","name":"Institut Europ\u00e9en des Musiques Juives","description":"Des traditions musicales \u00e0 la port\u00e9e de tous","publisher":{"@id":"https:\/\/www.iemj.org\/es\/#organization"},"potentialAction":[{"@type":"SearchAction","target":{"@type":"EntryPoint","urlTemplate":"https:\/\/www.iemj.org\/es\/?s={search_term_string}"},"query-input":{"@type":"PropertyValueSpecification","valueRequired":true,"valueName":"search_term_string"}}],"inLanguage":"es"},{"@type":"Organization","@id":"https:\/\/www.iemj.org\/es\/#organization","name":"Institut Europ\u00e9en des Musiques Juives","url":"https:\/\/www.iemj.org\/es\/","logo":{"@type":"ImageObject","inLanguage":"es","@id":"https:\/\/www.iemj.org\/es\/#\/schema\/logo\/image\/","url":"https:\/\/www.iemj.org\/wp-content\/uploads\/2021\/09\/Logo-IEMJ-Paypal.jpg","contentUrl":"https:\/\/www.iemj.org\/wp-content\/uploads\/2021\/09\/Logo-IEMJ-Paypal.jpg","width":150,"height":50,"caption":"Institut Europ\u00e9en des Musiques Juives"},"image":{"@id":"https:\/\/www.iemj.org\/es\/#\/schema\/logo\/image\/"},"sameAs":["https:\/\/www.facebook.com\/MusiquesJuives\/","https:\/\/www.instagram.com\/musiquesjuives\/","https:\/\/www.youtube.com\/user\/musiquesjuives"]},{"@type":"Person","@id":"https:\/\/www.iemj.org\/es\/#\/schema\/person\/358e26c18aca017fcc4cc15437f7279c","name":"Jacqueline ROTEN","image":{"@type":"ImageObject","inLanguage":"es","@id":"https:\/\/secure.gravatar.com\/avatar\/5964256d6c6957de3a3505278957e0fb2a35119ac47ea41827a65301213c810b?s=96&d=mm&r=g","url":"https:\/\/secure.gravatar.com\/avatar\/5964256d6c6957de3a3505278957e0fb2a35119ac47ea41827a65301213c810b?s=96&d=mm&r=g","contentUrl":"https:\/\/secure.gravatar.com\/avatar\/5964256d6c6957de3a3505278957e0fb2a35119ac47ea41827a65301213c810b?s=96&d=mm&r=g","caption":"Jacqueline ROTEN"}}]}},"_links":{"self":[{"href":"https:\/\/www.iemj.org\/es\/wp-json\/wp\/v2\/posts\/104470","targetHints":{"allow":["GET"]}}],"collection":[{"href":"https:\/\/www.iemj.org\/es\/wp-json\/wp\/v2\/posts"}],"about":[{"href":"https:\/\/www.iemj.org\/es\/wp-json\/wp\/v2\/types\/post"}],"author":[{"embeddable":true,"href":"https:\/\/www.iemj.org\/es\/wp-json\/wp\/v2\/users\/5"}],"replies":[{"embeddable":true,"href":"https:\/\/www.iemj.org\/es\/wp-json\/wp\/v2\/comments?post=104470"}],"version-history":[{"count":1,"href":"https:\/\/www.iemj.org\/es\/wp-json\/wp\/v2\/posts\/104470\/revisions"}],"predecessor-version":[{"id":132075,"href":"https:\/\/www.iemj.org\/es\/wp-json\/wp\/v2\/posts\/104470\/revisions\/132075"}],"wp:featuredmedia":[{"embeddable":true,"href":"https:\/\/www.iemj.org\/es\/wp-json\/wp\/v2\/media\/104452"}],"wp:attachment":[{"href":"https:\/\/www.iemj.org\/es\/wp-json\/wp\/v2\/media?parent=104470"}],"wp:term":[{"taxonomy":"category","embeddable":true,"href":"https:\/\/www.iemj.org\/es\/wp-json\/wp\/v2\/categories?post=104470"},{"taxonomy":"post_tag","embeddable":true,"href":"https:\/\/www.iemj.org\/es\/wp-json\/wp\/v2\/tags?post=104470"},{"taxonomy":"technique","embeddable":true,"href":"https:\/\/www.iemj.org\/es\/wp-json\/wp\/v2\/technique?post=104470"},{"taxonomy":"squelettes","embeddable":true,"href":"https:\/\/www.iemj.org\/es\/wp-json\/wp\/v2\/squelettes?post=104470"},{"taxonomy":"sujet","embeddable":true,"href":"https:\/\/www.iemj.org\/es\/wp-json\/wp\/v2\/sujet?post=104470"},{"taxonomy":"formation","embeddable":true,"href":"https:\/\/www.iemj.org\/es\/wp-json\/wp\/v2\/formation?post=104470"},{"taxonomy":"genre","embeddable":true,"href":"https:\/\/www.iemj.org\/es\/wp-json\/wp\/v2\/genre?post=104470"},{"taxonomy":"fonds","embeddable":true,"href":"https:\/\/www.iemj.org\/es\/wp-json\/wp\/v2\/fonds?post=104470"},{"taxonomy":"tradition","embeddable":true,"href":"https:\/\/www.iemj.org\/es\/wp-json\/wp\/v2\/tradition?post=104470"},{"taxonomy":"type-de-contenu","embeddable":true,"href":"https:\/\/www.iemj.org\/es\/wp-json\/wp\/v2\/type-de-contenu?post=104470"},{"taxonomy":"interprete-compositeur","embeddable":true,"href":"https:\/\/www.iemj.org\/es\/wp-json\/wp\/v2\/interprete-compositeur?post=104470"},{"taxonomy":"frise","embeddable":true,"href":"https:\/\/www.iemj.org\/es\/wp-json\/wp\/v2\/frise?post=104470"},{"taxonomy":"type-devenement","embeddable":true,"href":"https:\/\/www.iemj.org\/es\/wp-json\/wp\/v2\/type-devenement?post=104470"},{"taxonomy":"tableaux-liens-externes","embeddable":true,"href":"https:\/\/www.iemj.org\/es\/wp-json\/wp\/v2\/tableaux-liens-externes?post=104470"}],"curies":[{"name":"wp","href":"https:\/\/api.w.org\/{rel}","templated":true}]}}