{"id":105254,"date":"2023-11-08T16:14:13","date_gmt":"2023-11-08T15:14:13","guid":{"rendered":"https:\/\/www.iemj.org\/the-wolf-and-the-lamb\/"},"modified":"2025-10-19T17:29:26","modified_gmt":"2025-10-19T15:29:26","slug":"the-wolf-and-the-lamb","status":"publish","type":"post","link":"https:\/\/www.iemj.org\/es\/the-wolf-and-the-lamb\/","title":{"rendered":"The Wolf and the Lamb &#8211; Live at the Shakh"},"content":{"rendered":"\n<p><\/p>\n\n\n<p>\u00abThe Wolf and the Lamb\u00bb, un \u00e1lbum de la leyenda del klezmer <a href=\"https:\/\/www.iemj.org\/es\/strom-yale\/\">Yale Strom<\/a>, acompa\u00f1ado por su grupo Hot Pstromi, se grab\u00f3 en la magn\u00edficamente restaurada sinagoga de Holesov, en la Rep\u00fablica Checa. En \u00e9l revive la m\u00fasica jud\u00eda de la comunidad de Holesov, una ciudad de 12.000 habitantes que era un tercio jud\u00eda a principios del siglo pasado. La investigaci\u00f3n de Yale Strom sobre las tradiciones perdidas de Holesov se basa tanto en la tradici\u00f3n oral como en manuscritos antiguos.<\/p>\n<p>Un antiguo poema yiddish es la inspiraci\u00f3n de la canci\u00f3n \u00abThe Wolf and the Lamb\u00bb (El lobo y el cordero), que se dice que se cantaba como canci\u00f3n de cuna y cuenta la historia de unas comunidades jud\u00edas muy arraigadas en la regi\u00f3n austriaca de Burgenland. Originalmente sin melod\u00eda, Yale Strom ha compuesto la m\u00fasica de este tema en un estilo impresionista cl\u00e1sico. Combinada con voces cantadas en la aut\u00e9ntica lengua yiddish de la regi\u00f3n, la canci\u00f3n evoca estados de \u00e1nimo y emociones espec\u00edficas que dan al \u00e1lbum una expresi\u00f3n musical distintiva.<\/p>\n<p>A trav\u00e9s de los inimitables sonidos del klezmer, asistimos al mestizaje cultural, con influencias ucranias, livonias, bielorrusas y roman\u00edes que resuenan en una armon\u00eda que trasciende la m\u00fasica y reverbera a trav\u00e9s del tiempo. Quiz\u00e1 sea en la canci\u00f3n que da t\u00edtulo al disco donde mejor se destacan los temas del \u00e1lbum. Seg\u00fan Yale Strom, l\u00edder de la banda, <em>\u00abThe Wolf and The Lamb explora la relaci\u00f3n entre la tradici\u00f3n y su renovaci\u00f3n. Esta relaci\u00f3n, a veces tensa, es una caracter\u00edstica de nuestra m\u00fasica, que se basa en la forma tradicional y sus adaptaciones contempor\u00e1neas.\u00bb<\/em><\/p>\n<p>Yale Strom es violinista, compositor y uno de los principales artistas-etn\u00f3grafos de m\u00fasica e historia klezmer del mundo. Su extensa investigaci\u00f3n etnogr\u00e1fica en Europa del Este forma parte integral del repertorio de su grupo klezmer Hot Pstromi. Fundado en 1981 y basado en Nueva York y San Diego, este grupo de m\u00fasicos virtuosos de renombre internacional lleva m\u00e1s de cuarenta a\u00f1os deleitando a los amantes de la m\u00fasica klezmer de todo el mundo.<\/p>\n<p><a href=\"https:\/\/store.arcmusic.co.uk\/the-wolf-and-the-lamb-live-at-the-shakh.html\" target=\"_blank\" rel=\"noopener\">Pedir el CD<\/a><\/p>\n<p><img fetchpriority=\"high\" decoding=\"async\" class=\"wp-image-105198 aligncenter\" src=\"https:\/\/www.iemj.org\/wp-content\/uploads\/2023\/11\/COUV4-CD_TheWolf-300x300.jpg\" alt=\"\" width=\"447\" height=\"447\" srcset=\"https:\/\/www.iemj.org\/wp-content\/uploads\/2023\/11\/COUV4-CD_TheWolf-300x300.jpg 300w, https:\/\/www.iemj.org\/wp-content\/uploads\/2023\/11\/COUV4-CD_TheWolf-150x150.jpg 150w, https:\/\/www.iemj.org\/wp-content\/uploads\/2023\/11\/COUV4-CD_TheWolf-100x100.jpg 100w, https:\/\/www.iemj.org\/wp-content\/uploads\/2023\/11\/COUV4-CD_TheWolf.jpg 500w\" sizes=\"(max-width: 447px) 100vw, 447px\" \/><\/p>\n\n\n<figure class=\"wp-block-embed is-type-video is-provider-youtube wp-block-embed-youtube wp-embed-aspect-16-9 wp-has-aspect-ratio\"><div class=\"wp-block-embed__wrapper\">\n<iframe title=\"Yale Strom &amp; Hot Pstromi: The Wolf and The Lamb: Live at the Shakh\" width=\"640\" height=\"360\" src=\"https:\/\/www.youtube.com\/embed\/ZkrECNSUm6o?feature=oembed\" frameborder=\"0\" allow=\"accelerometer; autoplay; clipboard-write; encrypted-media; gyroscope; picture-in-picture; web-share\" referrerpolicy=\"strict-origin-when-cross-origin\" allowfullscreen><\/iframe>\n<\/div><\/figure>\n\n\n<div class=\"wp-block-image\">\n<figure class=\"aligncenter size-large\"><img decoding=\"async\" width=\"1024\" height=\"133\" src=\"https:\/\/www.iemj.org\/wp-content\/uploads\/2024\/03\/AUDIO-PLAYER-1024x133.png\" alt=\"\" class=\"wp-image-110610\" srcset=\"https:\/\/www.iemj.org\/wp-content\/uploads\/2024\/03\/AUDIO-PLAYER-1024x133.png 1024w, https:\/\/www.iemj.org\/wp-content\/uploads\/2024\/03\/AUDIO-PLAYER-300x39.png 300w, https:\/\/www.iemj.org\/wp-content\/uploads\/2024\/03\/AUDIO-PLAYER-768x100.png 768w, https:\/\/www.iemj.org\/wp-content\/uploads\/2024\/03\/AUDIO-PLAYER-600x78.png 600w, https:\/\/www.iemj.org\/wp-content\/uploads\/2024\/03\/AUDIO-PLAYER.png 1210w\" sizes=\"(max-width: 1024px) 100vw, 1024px\" \/><\/figure>\n<\/div>","protected":false},"excerpt":{"rendered":"<p>\u00abThe Wolf and the Lamb\u00bb, un \u00e1lbum de la leyenda del klezmer Yale Strom, acompa\u00f1ado por su grupo Hot Pstromi, se grab\u00f3 en la magn\u00edficamente restaurada sinagoga de Holesov, en<\/p>\n","protected":false},"author":5,"featured_media":105197,"comment_status":"closed","ping_status":"closed","sticky":false,"template":"","format":"standard","meta":{"_acf_changed":false,"footnotes":""},"categories":[1568,1565],"tags":[],"technique":[],"squelettes":[],"sujet":[],"formation":[],"genre":[1876],"fonds":[],"tradition":[],"type-de-contenu":[],"interprete-compositeur":[],"frise":[],"type-devenement":[],"tableaux-liens-externes":[],"class_list":["post-105254","post","type-post","status-publish","format-standard","has-post-thumbnail","hentry","category-cd-es","category-ultimas-adquisiciones-es","genre-klezmer-es"],"acf":[],"yoast_head":"<!-- This site is optimized with the Yoast SEO plugin v27.3 - https:\/\/yoast.com\/product\/yoast-seo-wordpress\/ -->\n<title>The Wolf and the Lamb - Live at the Shakh - Institut Europ\u00e9en des Musiques Juives<\/title>\n<meta name=\"robots\" content=\"index, follow, max-snippet:-1, max-image-preview:large, max-video-preview:-1\" \/>\n<link rel=\"canonical\" href=\"https:\/\/www.iemj.org\/es\/the-wolf-and-the-lamb\/\" \/>\n<meta property=\"og:locale\" content=\"es_ES\" \/>\n<meta property=\"og:type\" content=\"article\" \/>\n<meta property=\"og:title\" content=\"The Wolf and the Lamb - Live at the Shakh - Institut Europ\u00e9en des Musiques Juives\" \/>\n<meta property=\"og:description\" content=\"\u00abThe Wolf and the Lamb\u00bb, un \u00e1lbum de la leyenda del klezmer Yale Strom, acompa\u00f1ado por su grupo Hot Pstromi, se grab\u00f3 en la magn\u00edficamente restaurada sinagoga de Holesov, en\" \/>\n<meta property=\"og:url\" content=\"https:\/\/www.iemj.org\/es\/the-wolf-and-the-lamb\/\" \/>\n<meta property=\"og:site_name\" content=\"Institut Europ\u00e9en des Musiques Juives\" \/>\n<meta property=\"article:publisher\" content=\"https:\/\/www.facebook.com\/MusiquesJuives\/\" \/>\n<meta property=\"article:published_time\" content=\"2023-11-08T15:14:13+00:00\" \/>\n<meta property=\"article:modified_time\" content=\"2025-10-19T15:29:26+00:00\" \/>\n<meta property=\"og:image\" content=\"https:\/\/www.iemj.org\/wp-content\/uploads\/2023\/11\/COUV-CD.jpg\" \/>\n\t<meta property=\"og:image:width\" content=\"500\" \/>\n\t<meta property=\"og:image:height\" content=\"500\" \/>\n\t<meta property=\"og:image:type\" content=\"image\/jpeg\" \/>\n<meta name=\"author\" content=\"Jacqueline ROTEN\" \/>\n<meta name=\"twitter:card\" content=\"summary_large_image\" \/>\n<meta name=\"twitter:label1\" content=\"Escrito por\" \/>\n\t<meta name=\"twitter:data1\" content=\"Jacqueline ROTEN\" \/>\n\t<meta name=\"twitter:label2\" content=\"Tiempo de lectura\" \/>\n\t<meta name=\"twitter:data2\" content=\"3 minutos\" \/>\n<script type=\"application\/ld+json\" class=\"yoast-schema-graph\">{\"@context\":\"https:\\\/\\\/schema.org\",\"@graph\":[{\"@type\":\"Article\",\"@id\":\"https:\\\/\\\/www.iemj.org\\\/es\\\/the-wolf-and-the-lamb\\\/#article\",\"isPartOf\":{\"@id\":\"https:\\\/\\\/www.iemj.org\\\/es\\\/the-wolf-and-the-lamb\\\/\"},\"author\":{\"name\":\"Jacqueline ROTEN\",\"@id\":\"https:\\\/\\\/www.iemj.org\\\/es\\\/#\\\/schema\\\/person\\\/358e26c18aca017fcc4cc15437f7279c\"},\"headline\":\"The Wolf and the Lamb &#8211; Live at the Shakh\",\"datePublished\":\"2023-11-08T15:14:13+00:00\",\"dateModified\":\"2025-10-19T15:29:26+00:00\",\"mainEntityOfPage\":{\"@id\":\"https:\\\/\\\/www.iemj.org\\\/es\\\/the-wolf-and-the-lamb\\\/\"},\"wordCount\":402,\"publisher\":{\"@id\":\"https:\\\/\\\/www.iemj.org\\\/es\\\/#organization\"},\"image\":{\"@id\":\"https:\\\/\\\/www.iemj.org\\\/es\\\/the-wolf-and-the-lamb\\\/#primaryimage\"},\"thumbnailUrl\":\"https:\\\/\\\/www.iemj.org\\\/wp-content\\\/uploads\\\/2023\\\/11\\\/COUV-CD.jpg\",\"articleSection\":[\"CD\",\"\u00daltimas adquisiciones\"],\"inLanguage\":\"es\"},{\"@type\":\"WebPage\",\"@id\":\"https:\\\/\\\/www.iemj.org\\\/es\\\/the-wolf-and-the-lamb\\\/\",\"url\":\"https:\\\/\\\/www.iemj.org\\\/es\\\/the-wolf-and-the-lamb\\\/\",\"name\":\"The Wolf and the Lamb - Live at the Shakh - Institut Europ\u00e9en des Musiques Juives\",\"isPartOf\":{\"@id\":\"https:\\\/\\\/www.iemj.org\\\/es\\\/#website\"},\"primaryImageOfPage\":{\"@id\":\"https:\\\/\\\/www.iemj.org\\\/es\\\/the-wolf-and-the-lamb\\\/#primaryimage\"},\"image\":{\"@id\":\"https:\\\/\\\/www.iemj.org\\\/es\\\/the-wolf-and-the-lamb\\\/#primaryimage\"},\"thumbnailUrl\":\"https:\\\/\\\/www.iemj.org\\\/wp-content\\\/uploads\\\/2023\\\/11\\\/COUV-CD.jpg\",\"datePublished\":\"2023-11-08T15:14:13+00:00\",\"dateModified\":\"2025-10-19T15:29:26+00:00\",\"breadcrumb\":{\"@id\":\"https:\\\/\\\/www.iemj.org\\\/es\\\/the-wolf-and-the-lamb\\\/#breadcrumb\"},\"inLanguage\":\"es\",\"potentialAction\":[{\"@type\":\"ReadAction\",\"target\":[\"https:\\\/\\\/www.iemj.org\\\/es\\\/the-wolf-and-the-lamb\\\/\"]}]},{\"@type\":\"ImageObject\",\"inLanguage\":\"es\",\"@id\":\"https:\\\/\\\/www.iemj.org\\\/es\\\/the-wolf-and-the-lamb\\\/#primaryimage\",\"url\":\"https:\\\/\\\/www.iemj.org\\\/wp-content\\\/uploads\\\/2023\\\/11\\\/COUV-CD.jpg\",\"contentUrl\":\"https:\\\/\\\/www.iemj.org\\\/wp-content\\\/uploads\\\/2023\\\/11\\\/COUV-CD.jpg\",\"width\":500,\"height\":500},{\"@type\":\"BreadcrumbList\",\"@id\":\"https:\\\/\\\/www.iemj.org\\\/es\\\/the-wolf-and-the-lamb\\\/#breadcrumb\",\"itemListElement\":[{\"@type\":\"ListItem\",\"position\":1,\"name\":\"Accueil\",\"item\":\"https:\\\/\\\/www.iemj.org\\\/es\\\/\"},{\"@type\":\"ListItem\",\"position\":2,\"name\":\"The Wolf and the Lamb &#8211; Live at the Shakh\"}]},{\"@type\":\"WebSite\",\"@id\":\"https:\\\/\\\/www.iemj.org\\\/es\\\/#website\",\"url\":\"https:\\\/\\\/www.iemj.org\\\/es\\\/\",\"name\":\"Institut Europ\u00e9en des Musiques Juives\",\"description\":\"Des traditions musicales \u00e0 la port\u00e9e de tous\",\"publisher\":{\"@id\":\"https:\\\/\\\/www.iemj.org\\\/es\\\/#organization\"},\"potentialAction\":[{\"@type\":\"SearchAction\",\"target\":{\"@type\":\"EntryPoint\",\"urlTemplate\":\"https:\\\/\\\/www.iemj.org\\\/es\\\/?s={search_term_string}\"},\"query-input\":{\"@type\":\"PropertyValueSpecification\",\"valueRequired\":true,\"valueName\":\"search_term_string\"}}],\"inLanguage\":\"es\"},{\"@type\":\"Organization\",\"@id\":\"https:\\\/\\\/www.iemj.org\\\/es\\\/#organization\",\"name\":\"Institut Europ\u00e9en des Musiques Juives\",\"url\":\"https:\\\/\\\/www.iemj.org\\\/es\\\/\",\"logo\":{\"@type\":\"ImageObject\",\"inLanguage\":\"es\",\"@id\":\"https:\\\/\\\/www.iemj.org\\\/es\\\/#\\\/schema\\\/logo\\\/image\\\/\",\"url\":\"https:\\\/\\\/www.iemj.org\\\/wp-content\\\/uploads\\\/2021\\\/09\\\/Logo-IEMJ-Paypal.jpg\",\"contentUrl\":\"https:\\\/\\\/www.iemj.org\\\/wp-content\\\/uploads\\\/2021\\\/09\\\/Logo-IEMJ-Paypal.jpg\",\"width\":150,\"height\":50,\"caption\":\"Institut Europ\u00e9en des Musiques Juives\"},\"image\":{\"@id\":\"https:\\\/\\\/www.iemj.org\\\/es\\\/#\\\/schema\\\/logo\\\/image\\\/\"},\"sameAs\":[\"https:\\\/\\\/www.facebook.com\\\/MusiquesJuives\\\/\",\"https:\\\/\\\/www.instagram.com\\\/musiquesjuives\\\/\",\"https:\\\/\\\/www.youtube.com\\\/user\\\/musiquesjuives\"]},{\"@type\":\"Person\",\"@id\":\"https:\\\/\\\/www.iemj.org\\\/es\\\/#\\\/schema\\\/person\\\/358e26c18aca017fcc4cc15437f7279c\",\"name\":\"Jacqueline ROTEN\",\"image\":{\"@type\":\"ImageObject\",\"inLanguage\":\"es\",\"@id\":\"https:\\\/\\\/secure.gravatar.com\\\/avatar\\\/5964256d6c6957de3a3505278957e0fb2a35119ac47ea41827a65301213c810b?s=96&d=mm&r=g\",\"url\":\"https:\\\/\\\/secure.gravatar.com\\\/avatar\\\/5964256d6c6957de3a3505278957e0fb2a35119ac47ea41827a65301213c810b?s=96&d=mm&r=g\",\"contentUrl\":\"https:\\\/\\\/secure.gravatar.com\\\/avatar\\\/5964256d6c6957de3a3505278957e0fb2a35119ac47ea41827a65301213c810b?s=96&d=mm&r=g\",\"caption\":\"Jacqueline ROTEN\"}}]}<\/script>\n<!-- \/ Yoast SEO plugin. -->","yoast_head_json":{"title":"The Wolf and the Lamb - Live at the Shakh - Institut Europ\u00e9en des Musiques Juives","robots":{"index":"index","follow":"follow","max-snippet":"max-snippet:-1","max-image-preview":"max-image-preview:large","max-video-preview":"max-video-preview:-1"},"canonical":"https:\/\/www.iemj.org\/es\/the-wolf-and-the-lamb\/","og_locale":"es_ES","og_type":"article","og_title":"The Wolf and the Lamb - Live at the Shakh - Institut Europ\u00e9en des Musiques Juives","og_description":"\u00abThe Wolf and the Lamb\u00bb, un \u00e1lbum de la leyenda del klezmer Yale Strom, acompa\u00f1ado por su grupo Hot Pstromi, se grab\u00f3 en la magn\u00edficamente restaurada sinagoga de Holesov, en","og_url":"https:\/\/www.iemj.org\/es\/the-wolf-and-the-lamb\/","og_site_name":"Institut Europ\u00e9en des Musiques Juives","article_publisher":"https:\/\/www.facebook.com\/MusiquesJuives\/","article_published_time":"2023-11-08T15:14:13+00:00","article_modified_time":"2025-10-19T15:29:26+00:00","og_image":[{"width":500,"height":500,"url":"https:\/\/www.iemj.org\/wp-content\/uploads\/2023\/11\/COUV-CD.jpg","type":"image\/jpeg"}],"author":"Jacqueline ROTEN","twitter_card":"summary_large_image","twitter_misc":{"Escrito por":"Jacqueline ROTEN","Tiempo de lectura":"3 minutos"},"schema":{"@context":"https:\/\/schema.org","@graph":[{"@type":"Article","@id":"https:\/\/www.iemj.org\/es\/the-wolf-and-the-lamb\/#article","isPartOf":{"@id":"https:\/\/www.iemj.org\/es\/the-wolf-and-the-lamb\/"},"author":{"name":"Jacqueline ROTEN","@id":"https:\/\/www.iemj.org\/es\/#\/schema\/person\/358e26c18aca017fcc4cc15437f7279c"},"headline":"The Wolf and the Lamb &#8211; Live at the Shakh","datePublished":"2023-11-08T15:14:13+00:00","dateModified":"2025-10-19T15:29:26+00:00","mainEntityOfPage":{"@id":"https:\/\/www.iemj.org\/es\/the-wolf-and-the-lamb\/"},"wordCount":402,"publisher":{"@id":"https:\/\/www.iemj.org\/es\/#organization"},"image":{"@id":"https:\/\/www.iemj.org\/es\/the-wolf-and-the-lamb\/#primaryimage"},"thumbnailUrl":"https:\/\/www.iemj.org\/wp-content\/uploads\/2023\/11\/COUV-CD.jpg","articleSection":["CD","\u00daltimas adquisiciones"],"inLanguage":"es"},{"@type":"WebPage","@id":"https:\/\/www.iemj.org\/es\/the-wolf-and-the-lamb\/","url":"https:\/\/www.iemj.org\/es\/the-wolf-and-the-lamb\/","name":"The Wolf and the Lamb - Live at the Shakh - Institut Europ\u00e9en des Musiques Juives","isPartOf":{"@id":"https:\/\/www.iemj.org\/es\/#website"},"primaryImageOfPage":{"@id":"https:\/\/www.iemj.org\/es\/the-wolf-and-the-lamb\/#primaryimage"},"image":{"@id":"https:\/\/www.iemj.org\/es\/the-wolf-and-the-lamb\/#primaryimage"},"thumbnailUrl":"https:\/\/www.iemj.org\/wp-content\/uploads\/2023\/11\/COUV-CD.jpg","datePublished":"2023-11-08T15:14:13+00:00","dateModified":"2025-10-19T15:29:26+00:00","breadcrumb":{"@id":"https:\/\/www.iemj.org\/es\/the-wolf-and-the-lamb\/#breadcrumb"},"inLanguage":"es","potentialAction":[{"@type":"ReadAction","target":["https:\/\/www.iemj.org\/es\/the-wolf-and-the-lamb\/"]}]},{"@type":"ImageObject","inLanguage":"es","@id":"https:\/\/www.iemj.org\/es\/the-wolf-and-the-lamb\/#primaryimage","url":"https:\/\/www.iemj.org\/wp-content\/uploads\/2023\/11\/COUV-CD.jpg","contentUrl":"https:\/\/www.iemj.org\/wp-content\/uploads\/2023\/11\/COUV-CD.jpg","width":500,"height":500},{"@type":"BreadcrumbList","@id":"https:\/\/www.iemj.org\/es\/the-wolf-and-the-lamb\/#breadcrumb","itemListElement":[{"@type":"ListItem","position":1,"name":"Accueil","item":"https:\/\/www.iemj.org\/es\/"},{"@type":"ListItem","position":2,"name":"The Wolf and the Lamb &#8211; Live at the Shakh"}]},{"@type":"WebSite","@id":"https:\/\/www.iemj.org\/es\/#website","url":"https:\/\/www.iemj.org\/es\/","name":"Institut Europ\u00e9en des Musiques Juives","description":"Des traditions musicales \u00e0 la port\u00e9e de tous","publisher":{"@id":"https:\/\/www.iemj.org\/es\/#organization"},"potentialAction":[{"@type":"SearchAction","target":{"@type":"EntryPoint","urlTemplate":"https:\/\/www.iemj.org\/es\/?s={search_term_string}"},"query-input":{"@type":"PropertyValueSpecification","valueRequired":true,"valueName":"search_term_string"}}],"inLanguage":"es"},{"@type":"Organization","@id":"https:\/\/www.iemj.org\/es\/#organization","name":"Institut Europ\u00e9en des Musiques Juives","url":"https:\/\/www.iemj.org\/es\/","logo":{"@type":"ImageObject","inLanguage":"es","@id":"https:\/\/www.iemj.org\/es\/#\/schema\/logo\/image\/","url":"https:\/\/www.iemj.org\/wp-content\/uploads\/2021\/09\/Logo-IEMJ-Paypal.jpg","contentUrl":"https:\/\/www.iemj.org\/wp-content\/uploads\/2021\/09\/Logo-IEMJ-Paypal.jpg","width":150,"height":50,"caption":"Institut Europ\u00e9en des Musiques Juives"},"image":{"@id":"https:\/\/www.iemj.org\/es\/#\/schema\/logo\/image\/"},"sameAs":["https:\/\/www.facebook.com\/MusiquesJuives\/","https:\/\/www.instagram.com\/musiquesjuives\/","https:\/\/www.youtube.com\/user\/musiquesjuives"]},{"@type":"Person","@id":"https:\/\/www.iemj.org\/es\/#\/schema\/person\/358e26c18aca017fcc4cc15437f7279c","name":"Jacqueline ROTEN","image":{"@type":"ImageObject","inLanguage":"es","@id":"https:\/\/secure.gravatar.com\/avatar\/5964256d6c6957de3a3505278957e0fb2a35119ac47ea41827a65301213c810b?s=96&d=mm&r=g","url":"https:\/\/secure.gravatar.com\/avatar\/5964256d6c6957de3a3505278957e0fb2a35119ac47ea41827a65301213c810b?s=96&d=mm&r=g","contentUrl":"https:\/\/secure.gravatar.com\/avatar\/5964256d6c6957de3a3505278957e0fb2a35119ac47ea41827a65301213c810b?s=96&d=mm&r=g","caption":"Jacqueline ROTEN"}}]}},"_links":{"self":[{"href":"https:\/\/www.iemj.org\/es\/wp-json\/wp\/v2\/posts\/105254","targetHints":{"allow":["GET"]}}],"collection":[{"href":"https:\/\/www.iemj.org\/es\/wp-json\/wp\/v2\/posts"}],"about":[{"href":"https:\/\/www.iemj.org\/es\/wp-json\/wp\/v2\/types\/post"}],"author":[{"embeddable":true,"href":"https:\/\/www.iemj.org\/es\/wp-json\/wp\/v2\/users\/5"}],"replies":[{"embeddable":true,"href":"https:\/\/www.iemj.org\/es\/wp-json\/wp\/v2\/comments?post=105254"}],"version-history":[{"count":1,"href":"https:\/\/www.iemj.org\/es\/wp-json\/wp\/v2\/posts\/105254\/revisions"}],"predecessor-version":[{"id":127166,"href":"https:\/\/www.iemj.org\/es\/wp-json\/wp\/v2\/posts\/105254\/revisions\/127166"}],"wp:featuredmedia":[{"embeddable":true,"href":"https:\/\/www.iemj.org\/es\/wp-json\/wp\/v2\/media\/105197"}],"wp:attachment":[{"href":"https:\/\/www.iemj.org\/es\/wp-json\/wp\/v2\/media?parent=105254"}],"wp:term":[{"taxonomy":"category","embeddable":true,"href":"https:\/\/www.iemj.org\/es\/wp-json\/wp\/v2\/categories?post=105254"},{"taxonomy":"post_tag","embeddable":true,"href":"https:\/\/www.iemj.org\/es\/wp-json\/wp\/v2\/tags?post=105254"},{"taxonomy":"technique","embeddable":true,"href":"https:\/\/www.iemj.org\/es\/wp-json\/wp\/v2\/technique?post=105254"},{"taxonomy":"squelettes","embeddable":true,"href":"https:\/\/www.iemj.org\/es\/wp-json\/wp\/v2\/squelettes?post=105254"},{"taxonomy":"sujet","embeddable":true,"href":"https:\/\/www.iemj.org\/es\/wp-json\/wp\/v2\/sujet?post=105254"},{"taxonomy":"formation","embeddable":true,"href":"https:\/\/www.iemj.org\/es\/wp-json\/wp\/v2\/formation?post=105254"},{"taxonomy":"genre","embeddable":true,"href":"https:\/\/www.iemj.org\/es\/wp-json\/wp\/v2\/genre?post=105254"},{"taxonomy":"fonds","embeddable":true,"href":"https:\/\/www.iemj.org\/es\/wp-json\/wp\/v2\/fonds?post=105254"},{"taxonomy":"tradition","embeddable":true,"href":"https:\/\/www.iemj.org\/es\/wp-json\/wp\/v2\/tradition?post=105254"},{"taxonomy":"type-de-contenu","embeddable":true,"href":"https:\/\/www.iemj.org\/es\/wp-json\/wp\/v2\/type-de-contenu?post=105254"},{"taxonomy":"interprete-compositeur","embeddable":true,"href":"https:\/\/www.iemj.org\/es\/wp-json\/wp\/v2\/interprete-compositeur?post=105254"},{"taxonomy":"frise","embeddable":true,"href":"https:\/\/www.iemj.org\/es\/wp-json\/wp\/v2\/frise?post=105254"},{"taxonomy":"type-devenement","embeddable":true,"href":"https:\/\/www.iemj.org\/es\/wp-json\/wp\/v2\/type-devenement?post=105254"},{"taxonomy":"tableaux-liens-externes","embeddable":true,"href":"https:\/\/www.iemj.org\/es\/wp-json\/wp\/v2\/tableaux-liens-externes?post=105254"}],"curies":[{"name":"wp","href":"https:\/\/api.w.org\/{rel}","templated":true}]}}