{"id":105354,"date":"2019-02-13T12:07:21","date_gmt":"2019-02-13T11:07:21","guid":{"rendered":"https:\/\/www.iemj.org\/la-source-de-vie-memoire-de-nancy\/"},"modified":"2026-02-24T10:10:03","modified_gmt":"2026-02-24T09:10:03","slug":"la-source-de-vie-memoire-de-nancy","status":"publish","type":"post","link":"https:\/\/www.iemj.org\/es\/la-source-de-vie-memoire-de-nancy\/","title":{"rendered":"La source de vie : M\u00e9moire de Nancy"},"content":{"rendered":"<p><strong>Un programa de <a href=\"https:\/\/en.wikipedia.org\/wiki\/Josy_Eisenberg\" target=\"_blank\" rel=\"noopener\">Josy Eisenberg<\/a>, producido por Pascale Kenigsberg-Cahen, con el apoyo del Consistoire Central y la Fondation Lucien L\u00e9vy. Con la participaci\u00f3n de Daniel Dahan (Rabino de Nancy y regi\u00f3n) y Claude Jablon (Presidente de la Asociaci\u00f3n Cultural Jud\u00eda de Nancy)<\/strong><\/p>\n<p><!--more-->Fundada oficialmente en 1754, la comunidad de Nancy creci\u00f3 r\u00e1pidamente, acelerada en gran medida por la llegada de alsacianos y habitantes del Mosela que hu\u00edan de los departamentos anexionados por Alemania despu\u00e9s de 1871. Durante la Segunda Guerra Mundial, unos 900 miembros de la comunidad fueron exterminados por los nazis.<br \/>En los a\u00f1os sesenta, la llegada de unas sesenta familias procedentes de diversos pa\u00edses del Magreb insufl\u00f3 nueva vida a la comunidad. La reestructuraci\u00f3n del barrio en los a\u00f1os setenta condujo a la creaci\u00f3n de un nuevo centro comunitario construido por el arquitecto Jean Prouv\u00e9.<\/p>\n<p>Este programa de Josy Eisenberg presenta la vida cultural y religiosa de la comunidad jud\u00eda de Nancy a trav\u00e9s de la historia de dos importantes instituciones: la sinagoga de Nancy y la Asociaci\u00f3n Cultural Jud\u00eda. La sinagoga de Nancy es el escenario de una intensa vida jud\u00eda, jalonada por los cantos de grandes <em>hazzanim<\/em> como Andr\u00e9 Stora y Michel Heymann. Fruto de la inmigraci\u00f3n jud\u00eda procedente de Europa Central a principios del siglo XX e impregnada de la memoria de los supervivientes del genocidio, la <a href=\"https:\/\/acj55.fr\/\">Association Culturelle Juive (ACJ)<\/a> posee un patrimonio material y simb\u00f3lico de gran valor, en particular una biblioteca en \u00eddish y franc\u00e9s de m\u00e1s de 1.500 obras, algunas de ellas excepcionales. La nostalgia y el recuerdo de la lengua y las canciones yiddish se expresan a trav\u00e9s de la creaci\u00f3n del coro <em><a href=\"https:\/\/www.iemj.org\/compagnie-yidn-blues\/\" target=\"_blank\" rel=\"noopener\">Yid&#8217;n Blues<\/a><\/em>..<\/p>\n<p>Ces deux institutions s&#8217;associent tous les ans au mois d&#8217;avril pour comm\u00e9morer <a href=\"https:\/\/fr.wikipedia.org\/wiki\/Soul%C3%A8vement_du_ghetto_de_Varsovie\">le soul\u00e8vement du ghetto de Varsovie<\/a>.<\/p>\n<p>Las dos instituciones unen sus fuerzas cada mes de abril para conmemorar el <a href=\"https:\/\/es.wikipedia.org\/wiki\/Levantamiento_del_gueto_de_Varsovia\" target=\"_blank\" rel=\"noopener\">levantamiento del gueto de Varsovia<\/a>.<\/p>\n<p><a href=\"https:\/\/www.iemj.org\/es\/?s=%22La+source+de+vie%22&amp;search_type=main&amp;submit=Search\">Consultar otros programas <strong><em>la source de vie<\/em> <\/strong>en l\u00ednea en nuestro sitio web<\/a><\/p>\n\n\n<figure class=\"wp-block-video\"><video height=\"576\" style=\"aspect-ratio: 720 \/ 576;\" width=\"720\" controls src=\"https:\/\/www.iemj.org\/wp-content\/uploads\/2019\/02\/sdv_memoire_de_nancy.mp4\"><\/video><figcaption class=\"wp-element-caption\"><strong>Ver extractos de este programa<\/strong><\/figcaption><\/figure>\n","protected":false},"excerpt":{"rendered":"<p>Un programa de Josy Eisenberg, producido por Pascale Kenigsberg-Cahen, con el apoyo del Consistoire Central y la Fondation Lucien L\u00e9vy. Con la participaci\u00f3n de Daniel Dahan (Rabino de Nancy y<\/p>\n","protected":false},"author":1052,"featured_media":130857,"comment_status":"closed","ping_status":"closed","sticky":false,"template":"","format":"standard","meta":{"_acf_changed":false,"footnotes":""},"categories":[1532],"tags":[],"technique":[],"squelettes":[],"sujet":[2101],"formation":[],"genre":[],"fonds":[],"tradition":[1982],"type-de-contenu":[],"interprete-compositeur":[],"frise":[],"type-devenement":[],"tableaux-liens-externes":[],"class_list":["post-105354","post","type-post","status-publish","format-standard","has-post-thumbnail","hentry","category-programas-tv-videos-es","sujet-alsacia-lorena-es","tradition-rito-ashkenazi-es"],"acf":[],"yoast_head":"<!-- This site is optimized with the Yoast SEO plugin v27.3 - https:\/\/yoast.com\/product\/yoast-seo-wordpress\/ -->\n<title>La source de vie : M\u00e9moire de Nancy - Institut Europ\u00e9en des Musiques Juives<\/title>\n<meta name=\"robots\" content=\"index, follow, max-snippet:-1, max-image-preview:large, max-video-preview:-1\" \/>\n<link rel=\"canonical\" href=\"https:\/\/www.iemj.org\/es\/la-source-de-vie-memoire-de-nancy\/\" \/>\n<meta property=\"og:locale\" content=\"es_ES\" \/>\n<meta property=\"og:type\" content=\"article\" \/>\n<meta property=\"og:title\" content=\"La source de vie : M\u00e9moire de Nancy - Institut Europ\u00e9en des Musiques Juives\" \/>\n<meta property=\"og:description\" content=\"Un programa de Josy Eisenberg, producido por Pascale Kenigsberg-Cahen, con el apoyo del Consistoire Central y la Fondation Lucien L\u00e9vy. Con la participaci\u00f3n de Daniel Dahan (Rabino de Nancy y\" \/>\n<meta property=\"og:url\" content=\"https:\/\/www.iemj.org\/es\/la-source-de-vie-memoire-de-nancy\/\" \/>\n<meta property=\"og:site_name\" content=\"Institut Europ\u00e9en des Musiques Juives\" \/>\n<meta property=\"article:publisher\" content=\"https:\/\/www.facebook.com\/MusiquesJuives\/\" \/>\n<meta property=\"article:published_time\" content=\"2019-02-13T11:07:21+00:00\" \/>\n<meta property=\"article:modified_time\" content=\"2026-02-24T09:10:03+00:00\" \/>\n<meta property=\"og:image\" content=\"https:\/\/www.iemj.org\/wp-content\/uploads\/2012\/03\/Logo-La-source-de-vie.jpg\" \/>\n\t<meta property=\"og:image:width\" content=\"500\" \/>\n\t<meta property=\"og:image:height\" content=\"500\" \/>\n\t<meta property=\"og:image:type\" content=\"image\/jpeg\" \/>\n<meta name=\"author\" content=\"Lea Couderc\" \/>\n<meta name=\"twitter:card\" content=\"summary_large_image\" \/>\n<meta name=\"twitter:label1\" content=\"Escrito por\" \/>\n\t<meta name=\"twitter:data1\" content=\"Lea Couderc\" \/>\n\t<meta name=\"twitter:label2\" content=\"Tiempo de lectura\" \/>\n\t<meta name=\"twitter:data2\" content=\"2 minutos\" \/>\n<script type=\"application\/ld+json\" class=\"yoast-schema-graph\">{\"@context\":\"https:\\\/\\\/schema.org\",\"@graph\":[{\"@type\":\"Article\",\"@id\":\"https:\\\/\\\/www.iemj.org\\\/es\\\/la-source-de-vie-memoire-de-nancy\\\/#article\",\"isPartOf\":{\"@id\":\"https:\\\/\\\/www.iemj.org\\\/es\\\/la-source-de-vie-memoire-de-nancy\\\/\"},\"author\":{\"name\":\"Lea Couderc\",\"@id\":\"https:\\\/\\\/www.iemj.org\\\/es\\\/#\\\/schema\\\/person\\\/e2ad57f2c4be119c7ed8ab79036807a9\"},\"headline\":\"La source de vie : M\u00e9moire de Nancy\",\"datePublished\":\"2019-02-13T11:07:21+00:00\",\"dateModified\":\"2026-02-24T09:10:03+00:00\",\"mainEntityOfPage\":{\"@id\":\"https:\\\/\\\/www.iemj.org\\\/es\\\/la-source-de-vie-memoire-de-nancy\\\/\"},\"wordCount\":364,\"publisher\":{\"@id\":\"https:\\\/\\\/www.iemj.org\\\/es\\\/#organization\"},\"image\":{\"@id\":\"https:\\\/\\\/www.iemj.org\\\/es\\\/la-source-de-vie-memoire-de-nancy\\\/#primaryimage\"},\"thumbnailUrl\":\"https:\\\/\\\/www.iemj.org\\\/wp-content\\\/uploads\\\/2012\\\/03\\\/Logo-La-source-de-vie.jpg\",\"articleSection\":[\"Programas TV \\\/ V\u00eddeos\"],\"inLanguage\":\"es\"},{\"@type\":\"WebPage\",\"@id\":\"https:\\\/\\\/www.iemj.org\\\/es\\\/la-source-de-vie-memoire-de-nancy\\\/\",\"url\":\"https:\\\/\\\/www.iemj.org\\\/es\\\/la-source-de-vie-memoire-de-nancy\\\/\",\"name\":\"La source de vie : M\u00e9moire de Nancy - Institut Europ\u00e9en des Musiques Juives\",\"isPartOf\":{\"@id\":\"https:\\\/\\\/www.iemj.org\\\/es\\\/#website\"},\"primaryImageOfPage\":{\"@id\":\"https:\\\/\\\/www.iemj.org\\\/es\\\/la-source-de-vie-memoire-de-nancy\\\/#primaryimage\"},\"image\":{\"@id\":\"https:\\\/\\\/www.iemj.org\\\/es\\\/la-source-de-vie-memoire-de-nancy\\\/#primaryimage\"},\"thumbnailUrl\":\"https:\\\/\\\/www.iemj.org\\\/wp-content\\\/uploads\\\/2012\\\/03\\\/Logo-La-source-de-vie.jpg\",\"datePublished\":\"2019-02-13T11:07:21+00:00\",\"dateModified\":\"2026-02-24T09:10:03+00:00\",\"breadcrumb\":{\"@id\":\"https:\\\/\\\/www.iemj.org\\\/es\\\/la-source-de-vie-memoire-de-nancy\\\/#breadcrumb\"},\"inLanguage\":\"es\",\"potentialAction\":[{\"@type\":\"ReadAction\",\"target\":[\"https:\\\/\\\/www.iemj.org\\\/es\\\/la-source-de-vie-memoire-de-nancy\\\/\"]}]},{\"@type\":\"ImageObject\",\"inLanguage\":\"es\",\"@id\":\"https:\\\/\\\/www.iemj.org\\\/es\\\/la-source-de-vie-memoire-de-nancy\\\/#primaryimage\",\"url\":\"https:\\\/\\\/www.iemj.org\\\/wp-content\\\/uploads\\\/2012\\\/03\\\/Logo-La-source-de-vie.jpg\",\"contentUrl\":\"https:\\\/\\\/www.iemj.org\\\/wp-content\\\/uploads\\\/2012\\\/03\\\/Logo-La-source-de-vie.jpg\",\"width\":500,\"height\":500},{\"@type\":\"BreadcrumbList\",\"@id\":\"https:\\\/\\\/www.iemj.org\\\/es\\\/la-source-de-vie-memoire-de-nancy\\\/#breadcrumb\",\"itemListElement\":[{\"@type\":\"ListItem\",\"position\":1,\"name\":\"Accueil\",\"item\":\"https:\\\/\\\/www.iemj.org\\\/es\\\/\"},{\"@type\":\"ListItem\",\"position\":2,\"name\":\"La source de vie : M\u00e9moire de Nancy\"}]},{\"@type\":\"WebSite\",\"@id\":\"https:\\\/\\\/www.iemj.org\\\/es\\\/#website\",\"url\":\"https:\\\/\\\/www.iemj.org\\\/es\\\/\",\"name\":\"Institut Europ\u00e9en des Musiques Juives\",\"description\":\"Des traditions musicales \u00e0 la port\u00e9e de tous\",\"publisher\":{\"@id\":\"https:\\\/\\\/www.iemj.org\\\/es\\\/#organization\"},\"potentialAction\":[{\"@type\":\"SearchAction\",\"target\":{\"@type\":\"EntryPoint\",\"urlTemplate\":\"https:\\\/\\\/www.iemj.org\\\/es\\\/?s={search_term_string}\"},\"query-input\":{\"@type\":\"PropertyValueSpecification\",\"valueRequired\":true,\"valueName\":\"search_term_string\"}}],\"inLanguage\":\"es\"},{\"@type\":\"Organization\",\"@id\":\"https:\\\/\\\/www.iemj.org\\\/es\\\/#organization\",\"name\":\"Institut Europ\u00e9en des Musiques Juives\",\"url\":\"https:\\\/\\\/www.iemj.org\\\/es\\\/\",\"logo\":{\"@type\":\"ImageObject\",\"inLanguage\":\"es\",\"@id\":\"https:\\\/\\\/www.iemj.org\\\/es\\\/#\\\/schema\\\/logo\\\/image\\\/\",\"url\":\"https:\\\/\\\/www.iemj.org\\\/wp-content\\\/uploads\\\/2021\\\/09\\\/Logo-IEMJ-Paypal.jpg\",\"contentUrl\":\"https:\\\/\\\/www.iemj.org\\\/wp-content\\\/uploads\\\/2021\\\/09\\\/Logo-IEMJ-Paypal.jpg\",\"width\":150,\"height\":50,\"caption\":\"Institut Europ\u00e9en des Musiques Juives\"},\"image\":{\"@id\":\"https:\\\/\\\/www.iemj.org\\\/es\\\/#\\\/schema\\\/logo\\\/image\\\/\"},\"sameAs\":[\"https:\\\/\\\/www.facebook.com\\\/MusiquesJuives\\\/\",\"https:\\\/\\\/www.instagram.com\\\/musiquesjuives\\\/\",\"https:\\\/\\\/www.youtube.com\\\/user\\\/musiquesjuives\"]},{\"@type\":\"Person\",\"@id\":\"https:\\\/\\\/www.iemj.org\\\/es\\\/#\\\/schema\\\/person\\\/e2ad57f2c4be119c7ed8ab79036807a9\",\"name\":\"Lea Couderc\",\"image\":{\"@type\":\"ImageObject\",\"inLanguage\":\"es\",\"@id\":\"https:\\\/\\\/secure.gravatar.com\\\/avatar\\\/46ee021475d60aeff17a7e490b79dea5a5684bb392ab7fd1494027411df8ba23?s=96&d=mm&r=g\",\"url\":\"https:\\\/\\\/secure.gravatar.com\\\/avatar\\\/46ee021475d60aeff17a7e490b79dea5a5684bb392ab7fd1494027411df8ba23?s=96&d=mm&r=g\",\"contentUrl\":\"https:\\\/\\\/secure.gravatar.com\\\/avatar\\\/46ee021475d60aeff17a7e490b79dea5a5684bb392ab7fd1494027411df8ba23?s=96&d=mm&r=g\",\"caption\":\"Lea Couderc\"}}]}<\/script>\n<!-- \/ Yoast SEO plugin. -->","yoast_head_json":{"title":"La source de vie : M\u00e9moire de Nancy - Institut Europ\u00e9en des Musiques Juives","robots":{"index":"index","follow":"follow","max-snippet":"max-snippet:-1","max-image-preview":"max-image-preview:large","max-video-preview":"max-video-preview:-1"},"canonical":"https:\/\/www.iemj.org\/es\/la-source-de-vie-memoire-de-nancy\/","og_locale":"es_ES","og_type":"article","og_title":"La source de vie : M\u00e9moire de Nancy - Institut Europ\u00e9en des Musiques Juives","og_description":"Un programa de Josy Eisenberg, producido por Pascale Kenigsberg-Cahen, con el apoyo del Consistoire Central y la Fondation Lucien L\u00e9vy. Con la participaci\u00f3n de Daniel Dahan (Rabino de Nancy y","og_url":"https:\/\/www.iemj.org\/es\/la-source-de-vie-memoire-de-nancy\/","og_site_name":"Institut Europ\u00e9en des Musiques Juives","article_publisher":"https:\/\/www.facebook.com\/MusiquesJuives\/","article_published_time":"2019-02-13T11:07:21+00:00","article_modified_time":"2026-02-24T09:10:03+00:00","og_image":[{"width":500,"height":500,"url":"https:\/\/www.iemj.org\/wp-content\/uploads\/2012\/03\/Logo-La-source-de-vie.jpg","type":"image\/jpeg"}],"author":"Lea Couderc","twitter_card":"summary_large_image","twitter_misc":{"Escrito por":"Lea Couderc","Tiempo de lectura":"2 minutos"},"schema":{"@context":"https:\/\/schema.org","@graph":[{"@type":"Article","@id":"https:\/\/www.iemj.org\/es\/la-source-de-vie-memoire-de-nancy\/#article","isPartOf":{"@id":"https:\/\/www.iemj.org\/es\/la-source-de-vie-memoire-de-nancy\/"},"author":{"name":"Lea Couderc","@id":"https:\/\/www.iemj.org\/es\/#\/schema\/person\/e2ad57f2c4be119c7ed8ab79036807a9"},"headline":"La source de vie : M\u00e9moire de Nancy","datePublished":"2019-02-13T11:07:21+00:00","dateModified":"2026-02-24T09:10:03+00:00","mainEntityOfPage":{"@id":"https:\/\/www.iemj.org\/es\/la-source-de-vie-memoire-de-nancy\/"},"wordCount":364,"publisher":{"@id":"https:\/\/www.iemj.org\/es\/#organization"},"image":{"@id":"https:\/\/www.iemj.org\/es\/la-source-de-vie-memoire-de-nancy\/#primaryimage"},"thumbnailUrl":"https:\/\/www.iemj.org\/wp-content\/uploads\/2012\/03\/Logo-La-source-de-vie.jpg","articleSection":["Programas TV \/ V\u00eddeos"],"inLanguage":"es"},{"@type":"WebPage","@id":"https:\/\/www.iemj.org\/es\/la-source-de-vie-memoire-de-nancy\/","url":"https:\/\/www.iemj.org\/es\/la-source-de-vie-memoire-de-nancy\/","name":"La source de vie : M\u00e9moire de Nancy - Institut Europ\u00e9en des Musiques Juives","isPartOf":{"@id":"https:\/\/www.iemj.org\/es\/#website"},"primaryImageOfPage":{"@id":"https:\/\/www.iemj.org\/es\/la-source-de-vie-memoire-de-nancy\/#primaryimage"},"image":{"@id":"https:\/\/www.iemj.org\/es\/la-source-de-vie-memoire-de-nancy\/#primaryimage"},"thumbnailUrl":"https:\/\/www.iemj.org\/wp-content\/uploads\/2012\/03\/Logo-La-source-de-vie.jpg","datePublished":"2019-02-13T11:07:21+00:00","dateModified":"2026-02-24T09:10:03+00:00","breadcrumb":{"@id":"https:\/\/www.iemj.org\/es\/la-source-de-vie-memoire-de-nancy\/#breadcrumb"},"inLanguage":"es","potentialAction":[{"@type":"ReadAction","target":["https:\/\/www.iemj.org\/es\/la-source-de-vie-memoire-de-nancy\/"]}]},{"@type":"ImageObject","inLanguage":"es","@id":"https:\/\/www.iemj.org\/es\/la-source-de-vie-memoire-de-nancy\/#primaryimage","url":"https:\/\/www.iemj.org\/wp-content\/uploads\/2012\/03\/Logo-La-source-de-vie.jpg","contentUrl":"https:\/\/www.iemj.org\/wp-content\/uploads\/2012\/03\/Logo-La-source-de-vie.jpg","width":500,"height":500},{"@type":"BreadcrumbList","@id":"https:\/\/www.iemj.org\/es\/la-source-de-vie-memoire-de-nancy\/#breadcrumb","itemListElement":[{"@type":"ListItem","position":1,"name":"Accueil","item":"https:\/\/www.iemj.org\/es\/"},{"@type":"ListItem","position":2,"name":"La source de vie : M\u00e9moire de Nancy"}]},{"@type":"WebSite","@id":"https:\/\/www.iemj.org\/es\/#website","url":"https:\/\/www.iemj.org\/es\/","name":"Institut Europ\u00e9en des Musiques Juives","description":"Des traditions musicales \u00e0 la port\u00e9e de tous","publisher":{"@id":"https:\/\/www.iemj.org\/es\/#organization"},"potentialAction":[{"@type":"SearchAction","target":{"@type":"EntryPoint","urlTemplate":"https:\/\/www.iemj.org\/es\/?s={search_term_string}"},"query-input":{"@type":"PropertyValueSpecification","valueRequired":true,"valueName":"search_term_string"}}],"inLanguage":"es"},{"@type":"Organization","@id":"https:\/\/www.iemj.org\/es\/#organization","name":"Institut Europ\u00e9en des Musiques Juives","url":"https:\/\/www.iemj.org\/es\/","logo":{"@type":"ImageObject","inLanguage":"es","@id":"https:\/\/www.iemj.org\/es\/#\/schema\/logo\/image\/","url":"https:\/\/www.iemj.org\/wp-content\/uploads\/2021\/09\/Logo-IEMJ-Paypal.jpg","contentUrl":"https:\/\/www.iemj.org\/wp-content\/uploads\/2021\/09\/Logo-IEMJ-Paypal.jpg","width":150,"height":50,"caption":"Institut Europ\u00e9en des Musiques Juives"},"image":{"@id":"https:\/\/www.iemj.org\/es\/#\/schema\/logo\/image\/"},"sameAs":["https:\/\/www.facebook.com\/MusiquesJuives\/","https:\/\/www.instagram.com\/musiquesjuives\/","https:\/\/www.youtube.com\/user\/musiquesjuives"]},{"@type":"Person","@id":"https:\/\/www.iemj.org\/es\/#\/schema\/person\/e2ad57f2c4be119c7ed8ab79036807a9","name":"Lea Couderc","image":{"@type":"ImageObject","inLanguage":"es","@id":"https:\/\/secure.gravatar.com\/avatar\/46ee021475d60aeff17a7e490b79dea5a5684bb392ab7fd1494027411df8ba23?s=96&d=mm&r=g","url":"https:\/\/secure.gravatar.com\/avatar\/46ee021475d60aeff17a7e490b79dea5a5684bb392ab7fd1494027411df8ba23?s=96&d=mm&r=g","contentUrl":"https:\/\/secure.gravatar.com\/avatar\/46ee021475d60aeff17a7e490b79dea5a5684bb392ab7fd1494027411df8ba23?s=96&d=mm&r=g","caption":"Lea Couderc"}}]}},"_links":{"self":[{"href":"https:\/\/www.iemj.org\/es\/wp-json\/wp\/v2\/posts\/105354","targetHints":{"allow":["GET"]}}],"collection":[{"href":"https:\/\/www.iemj.org\/es\/wp-json\/wp\/v2\/posts"}],"about":[{"href":"https:\/\/www.iemj.org\/es\/wp-json\/wp\/v2\/types\/post"}],"author":[{"embeddable":true,"href":"https:\/\/www.iemj.org\/es\/wp-json\/wp\/v2\/users\/1052"}],"replies":[{"embeddable":true,"href":"https:\/\/www.iemj.org\/es\/wp-json\/wp\/v2\/comments?post=105354"}],"version-history":[{"count":1,"href":"https:\/\/www.iemj.org\/es\/wp-json\/wp\/v2\/posts\/105354\/revisions"}],"predecessor-version":[{"id":130887,"href":"https:\/\/www.iemj.org\/es\/wp-json\/wp\/v2\/posts\/105354\/revisions\/130887"}],"wp:featuredmedia":[{"embeddable":true,"href":"https:\/\/www.iemj.org\/es\/wp-json\/wp\/v2\/media\/130857"}],"wp:attachment":[{"href":"https:\/\/www.iemj.org\/es\/wp-json\/wp\/v2\/media?parent=105354"}],"wp:term":[{"taxonomy":"category","embeddable":true,"href":"https:\/\/www.iemj.org\/es\/wp-json\/wp\/v2\/categories?post=105354"},{"taxonomy":"post_tag","embeddable":true,"href":"https:\/\/www.iemj.org\/es\/wp-json\/wp\/v2\/tags?post=105354"},{"taxonomy":"technique","embeddable":true,"href":"https:\/\/www.iemj.org\/es\/wp-json\/wp\/v2\/technique?post=105354"},{"taxonomy":"squelettes","embeddable":true,"href":"https:\/\/www.iemj.org\/es\/wp-json\/wp\/v2\/squelettes?post=105354"},{"taxonomy":"sujet","embeddable":true,"href":"https:\/\/www.iemj.org\/es\/wp-json\/wp\/v2\/sujet?post=105354"},{"taxonomy":"formation","embeddable":true,"href":"https:\/\/www.iemj.org\/es\/wp-json\/wp\/v2\/formation?post=105354"},{"taxonomy":"genre","embeddable":true,"href":"https:\/\/www.iemj.org\/es\/wp-json\/wp\/v2\/genre?post=105354"},{"taxonomy":"fonds","embeddable":true,"href":"https:\/\/www.iemj.org\/es\/wp-json\/wp\/v2\/fonds?post=105354"},{"taxonomy":"tradition","embeddable":true,"href":"https:\/\/www.iemj.org\/es\/wp-json\/wp\/v2\/tradition?post=105354"},{"taxonomy":"type-de-contenu","embeddable":true,"href":"https:\/\/www.iemj.org\/es\/wp-json\/wp\/v2\/type-de-contenu?post=105354"},{"taxonomy":"interprete-compositeur","embeddable":true,"href":"https:\/\/www.iemj.org\/es\/wp-json\/wp\/v2\/interprete-compositeur?post=105354"},{"taxonomy":"frise","embeddable":true,"href":"https:\/\/www.iemj.org\/es\/wp-json\/wp\/v2\/frise?post=105354"},{"taxonomy":"type-devenement","embeddable":true,"href":"https:\/\/www.iemj.org\/es\/wp-json\/wp\/v2\/type-devenement?post=105354"},{"taxonomy":"tableaux-liens-externes","embeddable":true,"href":"https:\/\/www.iemj.org\/es\/wp-json\/wp\/v2\/tableaux-liens-externes?post=105354"}],"curies":[{"name":"wp","href":"https:\/\/api.w.org\/{rel}","templated":true}]}}