{"id":105574,"date":"2015-02-15T09:33:00","date_gmt":"2015-02-15T08:33:00","guid":{"rendered":"https:\/\/www.iemj.org\/la-source-de-vie-au-temps-des-trouveres\/"},"modified":"2026-02-24T10:02:46","modified_gmt":"2026-02-24T09:02:46","slug":"la-source-de-vie-au-temps-des-trouveres","status":"publish","type":"post","link":"https:\/\/www.iemj.org\/es\/la-source-de-vie-au-temps-des-trouveres\/","title":{"rendered":"La source de vie : Au temps des Trouv\u00e8res"},"content":{"rendered":"<p class=\"post_excerpt\"><strong>Un programa de <a href=\"https:\/\/en.wikipedia.org\/wiki\/Josy_Eisenberg\" target=\"_blank\" rel=\"noopener\">Josy Eisenberg<\/a>, dirigido por Pascale Kenigsberg-Cahen, con el apoyo de la Fundaci\u00f3n Od Yossef Ha\u00ef. Presentaci\u00f3n de un extracto del concierto \u00abJuifs et trouv\u00e8res\u00bb ofrecido por el Ensemble Alla francesca el 20 de julio de 2014, en Par\u00eds. Con la participaci\u00f3n de Herv\u00e9 Roten, etnomusic\u00f3logo y director del Instituto Europeo de M\u00fasicas Jud\u00edas.<\/strong><!--more--><\/p>\n<p class=\"post_excerpt\">En la Edad Media, las canciones de los trouv\u00e8res eran muy apreciadas por las comunidades jud\u00edas asentadas al norte del Loira (Flandes, Picard\u00eda, Artois, Champa\u00f1a&#8230;). Manuscritos hebreos copiados a finales del siglo XIII han permitido encontrar los textos de poemas y cantos lit\u00fargicos en los que la langue d&#8217;o\u00efl alterna con el hebreo. En aquella \u00e9poca, los jud\u00edos no dominaban la notaci\u00f3n musical. Sin embargo, el copista anotaba a veces en el margen del pergamino el t\u00edtulo de la melod\u00eda con la que se cantaba el texto. Estos t\u00edtulos proceden del repertorio de los trouv\u00e8res, los poetas cortesanos que aparecieron a finales del siglo XII.<\/p>\n<p>A partir de un corpus de canciones recopiladas por Colette Sirat, eminente especialista en manuscritos hebreos medievales, todo un universo cultural -festivo, religioso y popular- cobra vida a trav\u00e9s de una m\u00fasica de asombrosa vitalidad. A las canciones festivas (Rosh Hashan\u00e1, Pascua jud\u00eda, etc.) les suceden coloridas canciones de boda y danzas instrumentales. Los poemas religiosos (piyyutim) evocan con emoci\u00f3n el tr\u00e1gico destino de ciertas comunidades jud\u00edas durante el agitado periodo comprendido entre la quema del Talmud (1242-1244) y la gran expulsi\u00f3n de 1306.<\/p>\n<p>Este programa de televisi\u00f3n, comentado por el music\u00f3logo Herv\u00e9 Roten, se basa en un concierto del <a href=\"https:\/\/cmm-paris.fr\/fr\/production-artistique\/ensembles-et-artistes\/alla-francesca\">Ensemble Alla francesca<\/a> (Brigitte Lesne, Lior Leibovici, Vivabiancaluna Biffi, Micha\u00ebl Gr\u00e9bil y Pierre Hamon), organizado por Judith Schlanger, el 20 de julio de 2014, como introducci\u00f3n al X Congreso de Estudios Jud\u00edos.<\/p>\n<p><a href=\"https:\/\/www.iemj.org\/es\/produit\/juifs-et-trouveres\/\" target=\"_blank\" rel=\"noopener\">Pedir el CD Juifs et Trouv\u00e8res<\/a><\/p>\n<p><a href=\"https:\/\/www.iemj.org\/es\/musiques-juives-medievales\/\" target=\"_blank\" rel=\"noopener\">Leer el art\u00edculo M\u00fasicas jud\u00edas medievales de Herv\u00e9 Roten y escuchar la lista de reproducci\u00f3n<\/a><\/p>\n<p><a href=\"https:\/\/www.iemj.org\/es\/?s=la+source+de+vie&amp;search_type=main&amp;submit=Search\" target=\"_blank\" rel=\"noopener\">Ver otros programas de <strong> <em>la source de vie<\/em> <\/strong>en l\u00ednea en nuestro sitio web<\/a><\/p>\n\n\n<figure class=\"wp-block-video\"><video height=\"480\" style=\"aspect-ratio: 640 \/ 480;\" width=\"640\" controls poster=\"https:\/\/www.iemj.org\/wp-content\/uploads\/2015\/02\/La-source-de-vie.jpg\" src=\"https:\/\/www.iemj.org\/wp-content\/uploads\/2017\/02\/extrait_juifs_et_trouveres_source_de_vie.mp4\"><\/video><figcaption class=\"wp-element-caption\"><strong>Ver extractos de este programa<\/strong><\/figcaption><\/figure>\n","protected":false},"excerpt":{"rendered":"<p>Un programa de Josy Eisenberg, dirigido por Pascale Kenigsberg-Cahen, con el apoyo de la Fundaci\u00f3n Od Yossef Ha\u00ef. Presentaci\u00f3n de un extracto del concierto \u00abJuifs et trouv\u00e8res\u00bb ofrecido por el<\/p>\n","protected":false},"author":1052,"featured_media":130857,"comment_status":"closed","ping_status":"closed","sticky":false,"template":"","format":"standard","meta":{"_acf_changed":false,"footnotes":""},"categories":[1532],"tags":[],"technique":[],"squelettes":[],"sujet":[2120],"formation":[],"genre":[],"fonds":[],"tradition":[],"type-de-contenu":[],"interprete-compositeur":[],"frise":[],"type-devenement":[],"tableaux-liens-externes":[],"class_list":["post-105574","post","type-post","status-publish","format-standard","has-post-thumbnail","hentry","category-programas-tv-videos-es","sujet-poesias-religiosas-piyyutim-es"],"acf":[],"yoast_head":"<!-- This site is optimized with the Yoast SEO plugin v27.3 - https:\/\/yoast.com\/product\/yoast-seo-wordpress\/ -->\n<title>La source de vie : Au temps des Trouv\u00e8res - Institut Europ\u00e9en des Musiques Juives<\/title>\n<meta name=\"robots\" content=\"index, follow, max-snippet:-1, max-image-preview:large, max-video-preview:-1\" \/>\n<link rel=\"canonical\" href=\"https:\/\/www.iemj.org\/es\/la-source-de-vie-au-temps-des-trouveres\/\" \/>\n<meta property=\"og:locale\" content=\"es_ES\" \/>\n<meta property=\"og:type\" content=\"article\" \/>\n<meta property=\"og:title\" content=\"La source de vie : Au temps des Trouv\u00e8res - Institut Europ\u00e9en des Musiques Juives\" \/>\n<meta property=\"og:description\" content=\"Un programa de Josy Eisenberg, dirigido por Pascale Kenigsberg-Cahen, con el apoyo de la Fundaci\u00f3n Od Yossef Ha\u00ef. Presentaci\u00f3n de un extracto del concierto \u00abJuifs et trouv\u00e8res\u00bb ofrecido por el\" \/>\n<meta property=\"og:url\" content=\"https:\/\/www.iemj.org\/es\/la-source-de-vie-au-temps-des-trouveres\/\" \/>\n<meta property=\"og:site_name\" content=\"Institut Europ\u00e9en des Musiques Juives\" \/>\n<meta property=\"article:publisher\" content=\"https:\/\/www.facebook.com\/MusiquesJuives\/\" \/>\n<meta property=\"article:published_time\" content=\"2015-02-15T08:33:00+00:00\" \/>\n<meta property=\"article:modified_time\" content=\"2026-02-24T09:02:46+00:00\" \/>\n<meta property=\"og:image\" content=\"https:\/\/www.iemj.org\/wp-content\/uploads\/2012\/03\/Logo-La-source-de-vie.jpg\" \/>\n\t<meta property=\"og:image:width\" content=\"500\" \/>\n\t<meta property=\"og:image:height\" content=\"500\" \/>\n\t<meta property=\"og:image:type\" content=\"image\/jpeg\" \/>\n<meta name=\"author\" content=\"Lea Couderc\" \/>\n<meta name=\"twitter:card\" content=\"summary_large_image\" \/>\n<meta name=\"twitter:label1\" content=\"Escrito por\" \/>\n\t<meta name=\"twitter:data1\" content=\"Lea Couderc\" \/>\n\t<meta name=\"twitter:label2\" content=\"Tiempo de lectura\" \/>\n\t<meta name=\"twitter:data2\" content=\"2 minutos\" \/>\n<script type=\"application\/ld+json\" class=\"yoast-schema-graph\">{\"@context\":\"https:\\\/\\\/schema.org\",\"@graph\":[{\"@type\":\"Article\",\"@id\":\"https:\\\/\\\/www.iemj.org\\\/es\\\/la-source-de-vie-au-temps-des-trouveres\\\/#article\",\"isPartOf\":{\"@id\":\"https:\\\/\\\/www.iemj.org\\\/es\\\/la-source-de-vie-au-temps-des-trouveres\\\/\"},\"author\":{\"name\":\"Lea Couderc\",\"@id\":\"https:\\\/\\\/www.iemj.org\\\/es\\\/#\\\/schema\\\/person\\\/e2ad57f2c4be119c7ed8ab79036807a9\"},\"headline\":\"La source de vie : Au temps des Trouv\u00e8res\",\"datePublished\":\"2015-02-15T08:33:00+00:00\",\"dateModified\":\"2026-02-24T09:02:46+00:00\",\"mainEntityOfPage\":{\"@id\":\"https:\\\/\\\/www.iemj.org\\\/es\\\/la-source-de-vie-au-temps-des-trouveres\\\/\"},\"wordCount\":377,\"publisher\":{\"@id\":\"https:\\\/\\\/www.iemj.org\\\/es\\\/#organization\"},\"image\":{\"@id\":\"https:\\\/\\\/www.iemj.org\\\/es\\\/la-source-de-vie-au-temps-des-trouveres\\\/#primaryimage\"},\"thumbnailUrl\":\"https:\\\/\\\/www.iemj.org\\\/wp-content\\\/uploads\\\/2012\\\/03\\\/Logo-La-source-de-vie.jpg\",\"articleSection\":[\"Programas TV \\\/ V\u00eddeos\"],\"inLanguage\":\"es\"},{\"@type\":\"WebPage\",\"@id\":\"https:\\\/\\\/www.iemj.org\\\/es\\\/la-source-de-vie-au-temps-des-trouveres\\\/\",\"url\":\"https:\\\/\\\/www.iemj.org\\\/es\\\/la-source-de-vie-au-temps-des-trouveres\\\/\",\"name\":\"La source de vie : Au temps des Trouv\u00e8res - Institut Europ\u00e9en des Musiques Juives\",\"isPartOf\":{\"@id\":\"https:\\\/\\\/www.iemj.org\\\/es\\\/#website\"},\"primaryImageOfPage\":{\"@id\":\"https:\\\/\\\/www.iemj.org\\\/es\\\/la-source-de-vie-au-temps-des-trouveres\\\/#primaryimage\"},\"image\":{\"@id\":\"https:\\\/\\\/www.iemj.org\\\/es\\\/la-source-de-vie-au-temps-des-trouveres\\\/#primaryimage\"},\"thumbnailUrl\":\"https:\\\/\\\/www.iemj.org\\\/wp-content\\\/uploads\\\/2012\\\/03\\\/Logo-La-source-de-vie.jpg\",\"datePublished\":\"2015-02-15T08:33:00+00:00\",\"dateModified\":\"2026-02-24T09:02:46+00:00\",\"breadcrumb\":{\"@id\":\"https:\\\/\\\/www.iemj.org\\\/es\\\/la-source-de-vie-au-temps-des-trouveres\\\/#breadcrumb\"},\"inLanguage\":\"es\",\"potentialAction\":[{\"@type\":\"ReadAction\",\"target\":[\"https:\\\/\\\/www.iemj.org\\\/es\\\/la-source-de-vie-au-temps-des-trouveres\\\/\"]}]},{\"@type\":\"ImageObject\",\"inLanguage\":\"es\",\"@id\":\"https:\\\/\\\/www.iemj.org\\\/es\\\/la-source-de-vie-au-temps-des-trouveres\\\/#primaryimage\",\"url\":\"https:\\\/\\\/www.iemj.org\\\/wp-content\\\/uploads\\\/2012\\\/03\\\/Logo-La-source-de-vie.jpg\",\"contentUrl\":\"https:\\\/\\\/www.iemj.org\\\/wp-content\\\/uploads\\\/2012\\\/03\\\/Logo-La-source-de-vie.jpg\",\"width\":500,\"height\":500},{\"@type\":\"BreadcrumbList\",\"@id\":\"https:\\\/\\\/www.iemj.org\\\/es\\\/la-source-de-vie-au-temps-des-trouveres\\\/#breadcrumb\",\"itemListElement\":[{\"@type\":\"ListItem\",\"position\":1,\"name\":\"Accueil\",\"item\":\"https:\\\/\\\/www.iemj.org\\\/es\\\/\"},{\"@type\":\"ListItem\",\"position\":2,\"name\":\"La source de vie : Au temps des Trouv\u00e8res\"}]},{\"@type\":\"WebSite\",\"@id\":\"https:\\\/\\\/www.iemj.org\\\/es\\\/#website\",\"url\":\"https:\\\/\\\/www.iemj.org\\\/es\\\/\",\"name\":\"Institut Europ\u00e9en des Musiques Juives\",\"description\":\"Des traditions musicales \u00e0 la port\u00e9e de tous\",\"publisher\":{\"@id\":\"https:\\\/\\\/www.iemj.org\\\/es\\\/#organization\"},\"potentialAction\":[{\"@type\":\"SearchAction\",\"target\":{\"@type\":\"EntryPoint\",\"urlTemplate\":\"https:\\\/\\\/www.iemj.org\\\/es\\\/?s={search_term_string}\"},\"query-input\":{\"@type\":\"PropertyValueSpecification\",\"valueRequired\":true,\"valueName\":\"search_term_string\"}}],\"inLanguage\":\"es\"},{\"@type\":\"Organization\",\"@id\":\"https:\\\/\\\/www.iemj.org\\\/es\\\/#organization\",\"name\":\"Institut Europ\u00e9en des Musiques Juives\",\"url\":\"https:\\\/\\\/www.iemj.org\\\/es\\\/\",\"logo\":{\"@type\":\"ImageObject\",\"inLanguage\":\"es\",\"@id\":\"https:\\\/\\\/www.iemj.org\\\/es\\\/#\\\/schema\\\/logo\\\/image\\\/\",\"url\":\"https:\\\/\\\/www.iemj.org\\\/wp-content\\\/uploads\\\/2021\\\/09\\\/Logo-IEMJ-Paypal.jpg\",\"contentUrl\":\"https:\\\/\\\/www.iemj.org\\\/wp-content\\\/uploads\\\/2021\\\/09\\\/Logo-IEMJ-Paypal.jpg\",\"width\":150,\"height\":50,\"caption\":\"Institut Europ\u00e9en des Musiques Juives\"},\"image\":{\"@id\":\"https:\\\/\\\/www.iemj.org\\\/es\\\/#\\\/schema\\\/logo\\\/image\\\/\"},\"sameAs\":[\"https:\\\/\\\/www.facebook.com\\\/MusiquesJuives\\\/\",\"https:\\\/\\\/www.instagram.com\\\/musiquesjuives\\\/\",\"https:\\\/\\\/www.youtube.com\\\/user\\\/musiquesjuives\"]},{\"@type\":\"Person\",\"@id\":\"https:\\\/\\\/www.iemj.org\\\/es\\\/#\\\/schema\\\/person\\\/e2ad57f2c4be119c7ed8ab79036807a9\",\"name\":\"Lea Couderc\",\"image\":{\"@type\":\"ImageObject\",\"inLanguage\":\"es\",\"@id\":\"https:\\\/\\\/secure.gravatar.com\\\/avatar\\\/46ee021475d60aeff17a7e490b79dea5a5684bb392ab7fd1494027411df8ba23?s=96&d=mm&r=g\",\"url\":\"https:\\\/\\\/secure.gravatar.com\\\/avatar\\\/46ee021475d60aeff17a7e490b79dea5a5684bb392ab7fd1494027411df8ba23?s=96&d=mm&r=g\",\"contentUrl\":\"https:\\\/\\\/secure.gravatar.com\\\/avatar\\\/46ee021475d60aeff17a7e490b79dea5a5684bb392ab7fd1494027411df8ba23?s=96&d=mm&r=g\",\"caption\":\"Lea Couderc\"}}]}<\/script>\n<!-- \/ Yoast SEO plugin. -->","yoast_head_json":{"title":"La source de vie : Au temps des Trouv\u00e8res - Institut Europ\u00e9en des Musiques Juives","robots":{"index":"index","follow":"follow","max-snippet":"max-snippet:-1","max-image-preview":"max-image-preview:large","max-video-preview":"max-video-preview:-1"},"canonical":"https:\/\/www.iemj.org\/es\/la-source-de-vie-au-temps-des-trouveres\/","og_locale":"es_ES","og_type":"article","og_title":"La source de vie : Au temps des Trouv\u00e8res - Institut Europ\u00e9en des Musiques Juives","og_description":"Un programa de Josy Eisenberg, dirigido por Pascale Kenigsberg-Cahen, con el apoyo de la Fundaci\u00f3n Od Yossef Ha\u00ef. Presentaci\u00f3n de un extracto del concierto \u00abJuifs et trouv\u00e8res\u00bb ofrecido por el","og_url":"https:\/\/www.iemj.org\/es\/la-source-de-vie-au-temps-des-trouveres\/","og_site_name":"Institut Europ\u00e9en des Musiques Juives","article_publisher":"https:\/\/www.facebook.com\/MusiquesJuives\/","article_published_time":"2015-02-15T08:33:00+00:00","article_modified_time":"2026-02-24T09:02:46+00:00","og_image":[{"width":500,"height":500,"url":"https:\/\/www.iemj.org\/wp-content\/uploads\/2012\/03\/Logo-La-source-de-vie.jpg","type":"image\/jpeg"}],"author":"Lea Couderc","twitter_card":"summary_large_image","twitter_misc":{"Escrito por":"Lea Couderc","Tiempo de lectura":"2 minutos"},"schema":{"@context":"https:\/\/schema.org","@graph":[{"@type":"Article","@id":"https:\/\/www.iemj.org\/es\/la-source-de-vie-au-temps-des-trouveres\/#article","isPartOf":{"@id":"https:\/\/www.iemj.org\/es\/la-source-de-vie-au-temps-des-trouveres\/"},"author":{"name":"Lea Couderc","@id":"https:\/\/www.iemj.org\/es\/#\/schema\/person\/e2ad57f2c4be119c7ed8ab79036807a9"},"headline":"La source de vie : Au temps des Trouv\u00e8res","datePublished":"2015-02-15T08:33:00+00:00","dateModified":"2026-02-24T09:02:46+00:00","mainEntityOfPage":{"@id":"https:\/\/www.iemj.org\/es\/la-source-de-vie-au-temps-des-trouveres\/"},"wordCount":377,"publisher":{"@id":"https:\/\/www.iemj.org\/es\/#organization"},"image":{"@id":"https:\/\/www.iemj.org\/es\/la-source-de-vie-au-temps-des-trouveres\/#primaryimage"},"thumbnailUrl":"https:\/\/www.iemj.org\/wp-content\/uploads\/2012\/03\/Logo-La-source-de-vie.jpg","articleSection":["Programas TV \/ V\u00eddeos"],"inLanguage":"es"},{"@type":"WebPage","@id":"https:\/\/www.iemj.org\/es\/la-source-de-vie-au-temps-des-trouveres\/","url":"https:\/\/www.iemj.org\/es\/la-source-de-vie-au-temps-des-trouveres\/","name":"La source de vie : Au temps des Trouv\u00e8res - Institut Europ\u00e9en des Musiques Juives","isPartOf":{"@id":"https:\/\/www.iemj.org\/es\/#website"},"primaryImageOfPage":{"@id":"https:\/\/www.iemj.org\/es\/la-source-de-vie-au-temps-des-trouveres\/#primaryimage"},"image":{"@id":"https:\/\/www.iemj.org\/es\/la-source-de-vie-au-temps-des-trouveres\/#primaryimage"},"thumbnailUrl":"https:\/\/www.iemj.org\/wp-content\/uploads\/2012\/03\/Logo-La-source-de-vie.jpg","datePublished":"2015-02-15T08:33:00+00:00","dateModified":"2026-02-24T09:02:46+00:00","breadcrumb":{"@id":"https:\/\/www.iemj.org\/es\/la-source-de-vie-au-temps-des-trouveres\/#breadcrumb"},"inLanguage":"es","potentialAction":[{"@type":"ReadAction","target":["https:\/\/www.iemj.org\/es\/la-source-de-vie-au-temps-des-trouveres\/"]}]},{"@type":"ImageObject","inLanguage":"es","@id":"https:\/\/www.iemj.org\/es\/la-source-de-vie-au-temps-des-trouveres\/#primaryimage","url":"https:\/\/www.iemj.org\/wp-content\/uploads\/2012\/03\/Logo-La-source-de-vie.jpg","contentUrl":"https:\/\/www.iemj.org\/wp-content\/uploads\/2012\/03\/Logo-La-source-de-vie.jpg","width":500,"height":500},{"@type":"BreadcrumbList","@id":"https:\/\/www.iemj.org\/es\/la-source-de-vie-au-temps-des-trouveres\/#breadcrumb","itemListElement":[{"@type":"ListItem","position":1,"name":"Accueil","item":"https:\/\/www.iemj.org\/es\/"},{"@type":"ListItem","position":2,"name":"La source de vie : Au temps des Trouv\u00e8res"}]},{"@type":"WebSite","@id":"https:\/\/www.iemj.org\/es\/#website","url":"https:\/\/www.iemj.org\/es\/","name":"Institut Europ\u00e9en des Musiques Juives","description":"Des traditions musicales \u00e0 la port\u00e9e de tous","publisher":{"@id":"https:\/\/www.iemj.org\/es\/#organization"},"potentialAction":[{"@type":"SearchAction","target":{"@type":"EntryPoint","urlTemplate":"https:\/\/www.iemj.org\/es\/?s={search_term_string}"},"query-input":{"@type":"PropertyValueSpecification","valueRequired":true,"valueName":"search_term_string"}}],"inLanguage":"es"},{"@type":"Organization","@id":"https:\/\/www.iemj.org\/es\/#organization","name":"Institut Europ\u00e9en des Musiques Juives","url":"https:\/\/www.iemj.org\/es\/","logo":{"@type":"ImageObject","inLanguage":"es","@id":"https:\/\/www.iemj.org\/es\/#\/schema\/logo\/image\/","url":"https:\/\/www.iemj.org\/wp-content\/uploads\/2021\/09\/Logo-IEMJ-Paypal.jpg","contentUrl":"https:\/\/www.iemj.org\/wp-content\/uploads\/2021\/09\/Logo-IEMJ-Paypal.jpg","width":150,"height":50,"caption":"Institut Europ\u00e9en des Musiques Juives"},"image":{"@id":"https:\/\/www.iemj.org\/es\/#\/schema\/logo\/image\/"},"sameAs":["https:\/\/www.facebook.com\/MusiquesJuives\/","https:\/\/www.instagram.com\/musiquesjuives\/","https:\/\/www.youtube.com\/user\/musiquesjuives"]},{"@type":"Person","@id":"https:\/\/www.iemj.org\/es\/#\/schema\/person\/e2ad57f2c4be119c7ed8ab79036807a9","name":"Lea Couderc","image":{"@type":"ImageObject","inLanguage":"es","@id":"https:\/\/secure.gravatar.com\/avatar\/46ee021475d60aeff17a7e490b79dea5a5684bb392ab7fd1494027411df8ba23?s=96&d=mm&r=g","url":"https:\/\/secure.gravatar.com\/avatar\/46ee021475d60aeff17a7e490b79dea5a5684bb392ab7fd1494027411df8ba23?s=96&d=mm&r=g","contentUrl":"https:\/\/secure.gravatar.com\/avatar\/46ee021475d60aeff17a7e490b79dea5a5684bb392ab7fd1494027411df8ba23?s=96&d=mm&r=g","caption":"Lea Couderc"}}]}},"_links":{"self":[{"href":"https:\/\/www.iemj.org\/es\/wp-json\/wp\/v2\/posts\/105574","targetHints":{"allow":["GET"]}}],"collection":[{"href":"https:\/\/www.iemj.org\/es\/wp-json\/wp\/v2\/posts"}],"about":[{"href":"https:\/\/www.iemj.org\/es\/wp-json\/wp\/v2\/types\/post"}],"author":[{"embeddable":true,"href":"https:\/\/www.iemj.org\/es\/wp-json\/wp\/v2\/users\/1052"}],"replies":[{"embeddable":true,"href":"https:\/\/www.iemj.org\/es\/wp-json\/wp\/v2\/comments?post=105574"}],"version-history":[{"count":1,"href":"https:\/\/www.iemj.org\/es\/wp-json\/wp\/v2\/posts\/105574\/revisions"}],"predecessor-version":[{"id":130868,"href":"https:\/\/www.iemj.org\/es\/wp-json\/wp\/v2\/posts\/105574\/revisions\/130868"}],"wp:featuredmedia":[{"embeddable":true,"href":"https:\/\/www.iemj.org\/es\/wp-json\/wp\/v2\/media\/130857"}],"wp:attachment":[{"href":"https:\/\/www.iemj.org\/es\/wp-json\/wp\/v2\/media?parent=105574"}],"wp:term":[{"taxonomy":"category","embeddable":true,"href":"https:\/\/www.iemj.org\/es\/wp-json\/wp\/v2\/categories?post=105574"},{"taxonomy":"post_tag","embeddable":true,"href":"https:\/\/www.iemj.org\/es\/wp-json\/wp\/v2\/tags?post=105574"},{"taxonomy":"technique","embeddable":true,"href":"https:\/\/www.iemj.org\/es\/wp-json\/wp\/v2\/technique?post=105574"},{"taxonomy":"squelettes","embeddable":true,"href":"https:\/\/www.iemj.org\/es\/wp-json\/wp\/v2\/squelettes?post=105574"},{"taxonomy":"sujet","embeddable":true,"href":"https:\/\/www.iemj.org\/es\/wp-json\/wp\/v2\/sujet?post=105574"},{"taxonomy":"formation","embeddable":true,"href":"https:\/\/www.iemj.org\/es\/wp-json\/wp\/v2\/formation?post=105574"},{"taxonomy":"genre","embeddable":true,"href":"https:\/\/www.iemj.org\/es\/wp-json\/wp\/v2\/genre?post=105574"},{"taxonomy":"fonds","embeddable":true,"href":"https:\/\/www.iemj.org\/es\/wp-json\/wp\/v2\/fonds?post=105574"},{"taxonomy":"tradition","embeddable":true,"href":"https:\/\/www.iemj.org\/es\/wp-json\/wp\/v2\/tradition?post=105574"},{"taxonomy":"type-de-contenu","embeddable":true,"href":"https:\/\/www.iemj.org\/es\/wp-json\/wp\/v2\/type-de-contenu?post=105574"},{"taxonomy":"interprete-compositeur","embeddable":true,"href":"https:\/\/www.iemj.org\/es\/wp-json\/wp\/v2\/interprete-compositeur?post=105574"},{"taxonomy":"frise","embeddable":true,"href":"https:\/\/www.iemj.org\/es\/wp-json\/wp\/v2\/frise?post=105574"},{"taxonomy":"type-devenement","embeddable":true,"href":"https:\/\/www.iemj.org\/es\/wp-json\/wp\/v2\/type-devenement?post=105574"},{"taxonomy":"tableaux-liens-externes","embeddable":true,"href":"https:\/\/www.iemj.org\/es\/wp-json\/wp\/v2\/tableaux-liens-externes?post=105574"}],"curies":[{"name":"wp","href":"https:\/\/api.w.org\/{rel}","templated":true}]}}