{"id":105686,"date":"2017-05-16T10:56:07","date_gmt":"2017-05-16T08:56:07","guid":{"rendered":"https:\/\/www.iemj.org\/concert-melodies-hebraiques-un-reve-vieux-de-3000-ans\/"},"modified":"2023-11-22T11:54:33","modified_gmt":"2023-11-22T10:54:33","slug":"concert-melodies-hebraiques-un-reve-vieux-de-3000-ans","status":"publish","type":"post","link":"https:\/\/www.iemj.org\/es\/concert-melodies-hebraiques-un-reve-vieux-de-3000-ans\/","title":{"rendered":"Concierto \u00abM\u00e9lodies h\u00e9bra\u00efques, un r\u00eave  vieux de 3000 ans\u00bb (\u00abMelod\u00edas hebreas, un sue\u00f1o de 3000 a\u00f1os\u00bb)"},"content":{"rendered":"<p><em>Propuesto por el <strong>Institut Europ\u00e9en des Musiques Juives<\/strong>, los Archivos Nacionales y el D&#8217;AC, Departamento de Acci\u00f3n Cultural de la FSJU<\/em><\/p>\n<p>Magn\u00edficamente interpretado por <strong>Sarah Iancu<\/strong> al violonchelo y <strong>David Bismuth<\/strong> al piano, este concierto presenta las m\u00e1s bellas melod\u00edas hebreas inspiradas en temas lit\u00fargicos, jas\u00eddicos, yiddish y judeoespa\u00f1oles: del famoso Kaddish de Ravel al Kol nidrei de Max Bruch, del ciclo De la vie juive de Ernest Bloch a los Chants populaires h\u00e9bra\u00efques de Darius Milhaud, pasando por obras menos conocidas pero igualmente bellas de Joseph Achron, L\u00e9on Algazi, Charles-Valentin Alkan, Fernand Halphen, Simon Laks, Joaquin Nin-Culmell, Dmitri Schostakovitsch, Joachim Stutschewsky y Viktor Ullmann. El programa de este concierto sigue los pasos de estos compositores, que se inspiraron en melod\u00edas has\u00eddicas, yiddish y judeoespa\u00f1olas para captar la esencia misma del alma jud\u00eda.<\/p>\n<p>El programa se encuentra en el 1er volumen de la colecci\u00f3n\u00a0\u00abClassiques\u00bb <a href=\"https:\/\/www.iemj.org\/es\/melodies-hebraiques-pour-violoncelle-et-piano\/\"><img decoding=\"async\" class=\" alignright size-full wp-image-14117\" src=\"https:\/\/www.iemj.org\/wp-content\/uploads\/2017\/05\/cdc1_-_vignette.jpg\" alt=\"cdc1_-_vignette.jpg\" width=\"111\" height=\"100\" align=\"right\" \/><\/a>publicada por el IEMJ: <a href=\"https:\/\/www.iemj.org\/es\/melodies-hebraiques-pour-violoncelle-et-piano\/\">M\u00e9lodies h\u00e9bra\u00efques, para violonchelo y piano<\/a> que acaba de publicarse.<\/p>\n<p><strong>Precio del concierto:<\/strong> 10 \u20ac<br \/>\n<a href=\"http:\/\/www.festivaldesculturesjuives.org\/billetterie-en-ligne\/\" target=\"_blank\" rel=\"noopener\">Reservar entradas en l\u00ednea<\/a><\/p>\n<p><strong><a href=\"https:\/\/www.iemj.org\/es\/concert-melodies-hebraiques\/\" target=\"_blank\" rel=\"noopener\">Ver extractos del concierto<\/a><\/strong><\/p>\n<p><a href=\"https:\/\/www.iemj.org\/melodies-hebraiques-un-cheminement-musical-a-travers-lame-juive\/\" target=\"_blank\" rel=\"noopener\"><em>Escuchar el programa de radio Melod\u00edas hebreas: un viaje musical a trav\u00e9s del alma jud\u00eda (en franc\u00e9s)<\/em><\/a><\/p>\n<p><strong><em>Abajo, Les Matinales &#8211; V\u00eddeo-entrevista &#8211; Programa de radio presentado por Sandrine Sebbane en RCJ, emitido el 13\/06\/17<\/em><\/strong><br \/>\n<iframe src=\"https:\/\/www.youtube.com\/embed\/YCqRsIYETA0\" width=\"720\" height=\"410\" frameborder=\"0\" allowfullscreen=\"allowfullscreen\"><\/iframe><\/p>\n","protected":false},"excerpt":{"rendered":"<p>Propuesto por el Institut Europ\u00e9en des Musiques Juives, los Archivos Nacionales y el D&#8217;AC, Departamento de Acci\u00f3n Cultural de la FSJU Magn\u00edficamente interpretado por Sarah Iancu al violonchelo y David<\/p>\n","protected":false},"author":5,"featured_media":105687,"comment_status":"closed","ping_status":"open","sticky":false,"template":"","format":"standard","meta":{"_acf_changed":false,"footnotes":""},"categories":[1380,1372],"tags":[2223],"technique":[],"squelettes":[],"sujet":[],"formation":[],"genre":[],"fonds":[],"tradition":[],"type-de-contenu":[],"interprete-compositeur":[],"frise":[],"type-devenement":[],"tableaux-liens-externes":[],"class_list":["post-105686","post","type-post","status-publish","format-standard","has-post-thumbnail","hentry","category-conciertos-manifestaciones-es","category-manifestaciones-es","tag-eventos-iemj-es"],"acf":[],"yoast_head":"<!-- This site is optimized with the Yoast SEO plugin v27.3 - https:\/\/yoast.com\/product\/yoast-seo-wordpress\/ -->\n<title>Concierto &quot;M\u00e9lodies h\u00e9bra\u00efques, un r\u00eave vieux de 3000 ans&quot; (&quot;Melod\u00edas hebreas, un sue\u00f1o de 3000 a\u00f1os&quot;) - Institut Europ\u00e9en des Musiques Juives<\/title>\n<meta name=\"robots\" content=\"index, follow, max-snippet:-1, max-image-preview:large, max-video-preview:-1\" \/>\n<link rel=\"canonical\" href=\"https:\/\/www.iemj.org\/es\/concert-melodies-hebraiques-un-reve-vieux-de-3000-ans\/\" \/>\n<meta property=\"og:locale\" content=\"es_ES\" \/>\n<meta property=\"og:type\" content=\"article\" \/>\n<meta property=\"og:title\" content=\"Concierto &quot;M\u00e9lodies h\u00e9bra\u00efques, un r\u00eave vieux de 3000 ans&quot; (&quot;Melod\u00edas hebreas, un sue\u00f1o de 3000 a\u00f1os&quot;) - Institut Europ\u00e9en des Musiques Juives\" \/>\n<meta property=\"og:description\" content=\"Propuesto por el Institut Europ\u00e9en des Musiques Juives, los Archivos Nacionales y el D&#8217;AC, Departamento de Acci\u00f3n Cultural de la FSJU Magn\u00edficamente interpretado por Sarah Iancu al violonchelo y David\" \/>\n<meta property=\"og:url\" content=\"https:\/\/www.iemj.org\/es\/concert-melodies-hebraiques-un-reve-vieux-de-3000-ans\/\" \/>\n<meta property=\"og:site_name\" content=\"Institut Europ\u00e9en des Musiques Juives\" \/>\n<meta property=\"article:publisher\" content=\"https:\/\/www.facebook.com\/MusiquesJuives\/\" \/>\n<meta property=\"article:published_time\" content=\"2017-05-16T08:56:07+00:00\" \/>\n<meta property=\"article:modified_time\" content=\"2023-11-22T10:54:33+00:00\" \/>\n<meta property=\"og:image\" content=\"https:\/\/www.iemj.org\/wp-content\/uploads\/2017\/05\/arton2301.jpg\" \/>\n\t<meta property=\"og:image:width\" content=\"336\" \/>\n\t<meta property=\"og:image:height\" content=\"441\" \/>\n\t<meta property=\"og:image:type\" content=\"image\/jpeg\" \/>\n<meta name=\"author\" content=\"Jacqueline ROTEN\" \/>\n<meta name=\"twitter:card\" content=\"summary_large_image\" \/>\n<meta name=\"twitter:label1\" content=\"Escrito por\" \/>\n\t<meta name=\"twitter:data1\" content=\"Jacqueline ROTEN\" \/>\n\t<meta name=\"twitter:label2\" content=\"Tiempo de lectura\" \/>\n\t<meta name=\"twitter:data2\" content=\"2 minutos\" \/>\n<script type=\"application\/ld+json\" class=\"yoast-schema-graph\">{\"@context\":\"https:\\\/\\\/schema.org\",\"@graph\":[{\"@type\":\"Article\",\"@id\":\"https:\\\/\\\/www.iemj.org\\\/es\\\/concert-melodies-hebraiques-un-reve-vieux-de-3000-ans\\\/#article\",\"isPartOf\":{\"@id\":\"https:\\\/\\\/www.iemj.org\\\/es\\\/concert-melodies-hebraiques-un-reve-vieux-de-3000-ans\\\/\"},\"author\":{\"name\":\"Jacqueline ROTEN\",\"@id\":\"https:\\\/\\\/www.iemj.org\\\/es\\\/#\\\/schema\\\/person\\\/358e26c18aca017fcc4cc15437f7279c\"},\"headline\":\"Concierto \u00abM\u00e9lodies h\u00e9bra\u00efques, un r\u00eave vieux de 3000 ans\u00bb (\u00abMelod\u00edas hebreas, un sue\u00f1o de 3000 a\u00f1os\u00bb)\",\"datePublished\":\"2017-05-16T08:56:07+00:00\",\"dateModified\":\"2023-11-22T10:54:33+00:00\",\"mainEntityOfPage\":{\"@id\":\"https:\\\/\\\/www.iemj.org\\\/es\\\/concert-melodies-hebraiques-un-reve-vieux-de-3000-ans\\\/\"},\"wordCount\":251,\"publisher\":{\"@id\":\"https:\\\/\\\/www.iemj.org\\\/es\\\/#organization\"},\"image\":{\"@id\":\"https:\\\/\\\/www.iemj.org\\\/es\\\/concert-melodies-hebraiques-un-reve-vieux-de-3000-ans\\\/#primaryimage\"},\"thumbnailUrl\":\"https:\\\/\\\/www.iemj.org\\\/wp-content\\\/uploads\\\/2017\\\/05\\\/arton2301.jpg\",\"keywords\":[\"Eventos IEMJ\"],\"articleSection\":[\"Conciertos\",\"Manifestaciones\"],\"inLanguage\":\"es\"},{\"@type\":\"WebPage\",\"@id\":\"https:\\\/\\\/www.iemj.org\\\/es\\\/concert-melodies-hebraiques-un-reve-vieux-de-3000-ans\\\/\",\"url\":\"https:\\\/\\\/www.iemj.org\\\/es\\\/concert-melodies-hebraiques-un-reve-vieux-de-3000-ans\\\/\",\"name\":\"Concierto \\\"M\u00e9lodies h\u00e9bra\u00efques, un r\u00eave vieux de 3000 ans\\\" (\\\"Melod\u00edas hebreas, un sue\u00f1o de 3000 a\u00f1os\\\") - Institut Europ\u00e9en des Musiques Juives\",\"isPartOf\":{\"@id\":\"https:\\\/\\\/www.iemj.org\\\/es\\\/#website\"},\"primaryImageOfPage\":{\"@id\":\"https:\\\/\\\/www.iemj.org\\\/es\\\/concert-melodies-hebraiques-un-reve-vieux-de-3000-ans\\\/#primaryimage\"},\"image\":{\"@id\":\"https:\\\/\\\/www.iemj.org\\\/es\\\/concert-melodies-hebraiques-un-reve-vieux-de-3000-ans\\\/#primaryimage\"},\"thumbnailUrl\":\"https:\\\/\\\/www.iemj.org\\\/wp-content\\\/uploads\\\/2017\\\/05\\\/arton2301.jpg\",\"datePublished\":\"2017-05-16T08:56:07+00:00\",\"dateModified\":\"2023-11-22T10:54:33+00:00\",\"breadcrumb\":{\"@id\":\"https:\\\/\\\/www.iemj.org\\\/es\\\/concert-melodies-hebraiques-un-reve-vieux-de-3000-ans\\\/#breadcrumb\"},\"inLanguage\":\"es\",\"potentialAction\":[{\"@type\":\"ReadAction\",\"target\":[\"https:\\\/\\\/www.iemj.org\\\/es\\\/concert-melodies-hebraiques-un-reve-vieux-de-3000-ans\\\/\"]}]},{\"@type\":\"ImageObject\",\"inLanguage\":\"es\",\"@id\":\"https:\\\/\\\/www.iemj.org\\\/es\\\/concert-melodies-hebraiques-un-reve-vieux-de-3000-ans\\\/#primaryimage\",\"url\":\"https:\\\/\\\/www.iemj.org\\\/wp-content\\\/uploads\\\/2017\\\/05\\\/arton2301.jpg\",\"contentUrl\":\"https:\\\/\\\/www.iemj.org\\\/wp-content\\\/uploads\\\/2017\\\/05\\\/arton2301.jpg\",\"width\":336,\"height\":441},{\"@type\":\"BreadcrumbList\",\"@id\":\"https:\\\/\\\/www.iemj.org\\\/es\\\/concert-melodies-hebraiques-un-reve-vieux-de-3000-ans\\\/#breadcrumb\",\"itemListElement\":[{\"@type\":\"ListItem\",\"position\":1,\"name\":\"Accueil\",\"item\":\"https:\\\/\\\/www.iemj.org\\\/es\\\/\"},{\"@type\":\"ListItem\",\"position\":2,\"name\":\"Concierto \u00abM\u00e9lodies h\u00e9bra\u00efques, un r\u00eave vieux de 3000 ans\u00bb (\u00abMelod\u00edas hebreas, un sue\u00f1o de 3000 a\u00f1os\u00bb)\"}]},{\"@type\":\"WebSite\",\"@id\":\"https:\\\/\\\/www.iemj.org\\\/es\\\/#website\",\"url\":\"https:\\\/\\\/www.iemj.org\\\/es\\\/\",\"name\":\"Institut Europ\u00e9en des Musiques Juives\",\"description\":\"Des traditions musicales \u00e0 la port\u00e9e de tous\",\"publisher\":{\"@id\":\"https:\\\/\\\/www.iemj.org\\\/es\\\/#organization\"},\"potentialAction\":[{\"@type\":\"SearchAction\",\"target\":{\"@type\":\"EntryPoint\",\"urlTemplate\":\"https:\\\/\\\/www.iemj.org\\\/es\\\/?s={search_term_string}\"},\"query-input\":{\"@type\":\"PropertyValueSpecification\",\"valueRequired\":true,\"valueName\":\"search_term_string\"}}],\"inLanguage\":\"es\"},{\"@type\":\"Organization\",\"@id\":\"https:\\\/\\\/www.iemj.org\\\/es\\\/#organization\",\"name\":\"Institut Europ\u00e9en des Musiques Juives\",\"url\":\"https:\\\/\\\/www.iemj.org\\\/es\\\/\",\"logo\":{\"@type\":\"ImageObject\",\"inLanguage\":\"es\",\"@id\":\"https:\\\/\\\/www.iemj.org\\\/es\\\/#\\\/schema\\\/logo\\\/image\\\/\",\"url\":\"https:\\\/\\\/www.iemj.org\\\/wp-content\\\/uploads\\\/2021\\\/09\\\/Logo-IEMJ-Paypal.jpg\",\"contentUrl\":\"https:\\\/\\\/www.iemj.org\\\/wp-content\\\/uploads\\\/2021\\\/09\\\/Logo-IEMJ-Paypal.jpg\",\"width\":150,\"height\":50,\"caption\":\"Institut Europ\u00e9en des Musiques Juives\"},\"image\":{\"@id\":\"https:\\\/\\\/www.iemj.org\\\/es\\\/#\\\/schema\\\/logo\\\/image\\\/\"},\"sameAs\":[\"https:\\\/\\\/www.facebook.com\\\/MusiquesJuives\\\/\",\"https:\\\/\\\/www.instagram.com\\\/musiquesjuives\\\/\",\"https:\\\/\\\/www.youtube.com\\\/user\\\/musiquesjuives\"]},{\"@type\":\"Person\",\"@id\":\"https:\\\/\\\/www.iemj.org\\\/es\\\/#\\\/schema\\\/person\\\/358e26c18aca017fcc4cc15437f7279c\",\"name\":\"Jacqueline ROTEN\",\"image\":{\"@type\":\"ImageObject\",\"inLanguage\":\"es\",\"@id\":\"https:\\\/\\\/secure.gravatar.com\\\/avatar\\\/5964256d6c6957de3a3505278957e0fb2a35119ac47ea41827a65301213c810b?s=96&d=mm&r=g\",\"url\":\"https:\\\/\\\/secure.gravatar.com\\\/avatar\\\/5964256d6c6957de3a3505278957e0fb2a35119ac47ea41827a65301213c810b?s=96&d=mm&r=g\",\"contentUrl\":\"https:\\\/\\\/secure.gravatar.com\\\/avatar\\\/5964256d6c6957de3a3505278957e0fb2a35119ac47ea41827a65301213c810b?s=96&d=mm&r=g\",\"caption\":\"Jacqueline ROTEN\"}}]}<\/script>\n<!-- \/ Yoast SEO plugin. -->","yoast_head_json":{"title":"Concierto \"M\u00e9lodies h\u00e9bra\u00efques, un r\u00eave vieux de 3000 ans\" (\"Melod\u00edas hebreas, un sue\u00f1o de 3000 a\u00f1os\") - Institut Europ\u00e9en des Musiques Juives","robots":{"index":"index","follow":"follow","max-snippet":"max-snippet:-1","max-image-preview":"max-image-preview:large","max-video-preview":"max-video-preview:-1"},"canonical":"https:\/\/www.iemj.org\/es\/concert-melodies-hebraiques-un-reve-vieux-de-3000-ans\/","og_locale":"es_ES","og_type":"article","og_title":"Concierto \"M\u00e9lodies h\u00e9bra\u00efques, un r\u00eave vieux de 3000 ans\" (\"Melod\u00edas hebreas, un sue\u00f1o de 3000 a\u00f1os\") - Institut Europ\u00e9en des Musiques Juives","og_description":"Propuesto por el Institut Europ\u00e9en des Musiques Juives, los Archivos Nacionales y el D&#8217;AC, Departamento de Acci\u00f3n Cultural de la FSJU Magn\u00edficamente interpretado por Sarah Iancu al violonchelo y David","og_url":"https:\/\/www.iemj.org\/es\/concert-melodies-hebraiques-un-reve-vieux-de-3000-ans\/","og_site_name":"Institut Europ\u00e9en des Musiques Juives","article_publisher":"https:\/\/www.facebook.com\/MusiquesJuives\/","article_published_time":"2017-05-16T08:56:07+00:00","article_modified_time":"2023-11-22T10:54:33+00:00","og_image":[{"width":336,"height":441,"url":"https:\/\/www.iemj.org\/wp-content\/uploads\/2017\/05\/arton2301.jpg","type":"image\/jpeg"}],"author":"Jacqueline ROTEN","twitter_card":"summary_large_image","twitter_misc":{"Escrito por":"Jacqueline ROTEN","Tiempo de lectura":"2 minutos"},"schema":{"@context":"https:\/\/schema.org","@graph":[{"@type":"Article","@id":"https:\/\/www.iemj.org\/es\/concert-melodies-hebraiques-un-reve-vieux-de-3000-ans\/#article","isPartOf":{"@id":"https:\/\/www.iemj.org\/es\/concert-melodies-hebraiques-un-reve-vieux-de-3000-ans\/"},"author":{"name":"Jacqueline ROTEN","@id":"https:\/\/www.iemj.org\/es\/#\/schema\/person\/358e26c18aca017fcc4cc15437f7279c"},"headline":"Concierto \u00abM\u00e9lodies h\u00e9bra\u00efques, un r\u00eave vieux de 3000 ans\u00bb (\u00abMelod\u00edas hebreas, un sue\u00f1o de 3000 a\u00f1os\u00bb)","datePublished":"2017-05-16T08:56:07+00:00","dateModified":"2023-11-22T10:54:33+00:00","mainEntityOfPage":{"@id":"https:\/\/www.iemj.org\/es\/concert-melodies-hebraiques-un-reve-vieux-de-3000-ans\/"},"wordCount":251,"publisher":{"@id":"https:\/\/www.iemj.org\/es\/#organization"},"image":{"@id":"https:\/\/www.iemj.org\/es\/concert-melodies-hebraiques-un-reve-vieux-de-3000-ans\/#primaryimage"},"thumbnailUrl":"https:\/\/www.iemj.org\/wp-content\/uploads\/2017\/05\/arton2301.jpg","keywords":["Eventos IEMJ"],"articleSection":["Conciertos","Manifestaciones"],"inLanguage":"es"},{"@type":"WebPage","@id":"https:\/\/www.iemj.org\/es\/concert-melodies-hebraiques-un-reve-vieux-de-3000-ans\/","url":"https:\/\/www.iemj.org\/es\/concert-melodies-hebraiques-un-reve-vieux-de-3000-ans\/","name":"Concierto \"M\u00e9lodies h\u00e9bra\u00efques, un r\u00eave vieux de 3000 ans\" (\"Melod\u00edas hebreas, un sue\u00f1o de 3000 a\u00f1os\") - Institut Europ\u00e9en des Musiques Juives","isPartOf":{"@id":"https:\/\/www.iemj.org\/es\/#website"},"primaryImageOfPage":{"@id":"https:\/\/www.iemj.org\/es\/concert-melodies-hebraiques-un-reve-vieux-de-3000-ans\/#primaryimage"},"image":{"@id":"https:\/\/www.iemj.org\/es\/concert-melodies-hebraiques-un-reve-vieux-de-3000-ans\/#primaryimage"},"thumbnailUrl":"https:\/\/www.iemj.org\/wp-content\/uploads\/2017\/05\/arton2301.jpg","datePublished":"2017-05-16T08:56:07+00:00","dateModified":"2023-11-22T10:54:33+00:00","breadcrumb":{"@id":"https:\/\/www.iemj.org\/es\/concert-melodies-hebraiques-un-reve-vieux-de-3000-ans\/#breadcrumb"},"inLanguage":"es","potentialAction":[{"@type":"ReadAction","target":["https:\/\/www.iemj.org\/es\/concert-melodies-hebraiques-un-reve-vieux-de-3000-ans\/"]}]},{"@type":"ImageObject","inLanguage":"es","@id":"https:\/\/www.iemj.org\/es\/concert-melodies-hebraiques-un-reve-vieux-de-3000-ans\/#primaryimage","url":"https:\/\/www.iemj.org\/wp-content\/uploads\/2017\/05\/arton2301.jpg","contentUrl":"https:\/\/www.iemj.org\/wp-content\/uploads\/2017\/05\/arton2301.jpg","width":336,"height":441},{"@type":"BreadcrumbList","@id":"https:\/\/www.iemj.org\/es\/concert-melodies-hebraiques-un-reve-vieux-de-3000-ans\/#breadcrumb","itemListElement":[{"@type":"ListItem","position":1,"name":"Accueil","item":"https:\/\/www.iemj.org\/es\/"},{"@type":"ListItem","position":2,"name":"Concierto \u00abM\u00e9lodies h\u00e9bra\u00efques, un r\u00eave vieux de 3000 ans\u00bb (\u00abMelod\u00edas hebreas, un sue\u00f1o de 3000 a\u00f1os\u00bb)"}]},{"@type":"WebSite","@id":"https:\/\/www.iemj.org\/es\/#website","url":"https:\/\/www.iemj.org\/es\/","name":"Institut Europ\u00e9en des Musiques Juives","description":"Des traditions musicales \u00e0 la port\u00e9e de tous","publisher":{"@id":"https:\/\/www.iemj.org\/es\/#organization"},"potentialAction":[{"@type":"SearchAction","target":{"@type":"EntryPoint","urlTemplate":"https:\/\/www.iemj.org\/es\/?s={search_term_string}"},"query-input":{"@type":"PropertyValueSpecification","valueRequired":true,"valueName":"search_term_string"}}],"inLanguage":"es"},{"@type":"Organization","@id":"https:\/\/www.iemj.org\/es\/#organization","name":"Institut Europ\u00e9en des Musiques Juives","url":"https:\/\/www.iemj.org\/es\/","logo":{"@type":"ImageObject","inLanguage":"es","@id":"https:\/\/www.iemj.org\/es\/#\/schema\/logo\/image\/","url":"https:\/\/www.iemj.org\/wp-content\/uploads\/2021\/09\/Logo-IEMJ-Paypal.jpg","contentUrl":"https:\/\/www.iemj.org\/wp-content\/uploads\/2021\/09\/Logo-IEMJ-Paypal.jpg","width":150,"height":50,"caption":"Institut Europ\u00e9en des Musiques Juives"},"image":{"@id":"https:\/\/www.iemj.org\/es\/#\/schema\/logo\/image\/"},"sameAs":["https:\/\/www.facebook.com\/MusiquesJuives\/","https:\/\/www.instagram.com\/musiquesjuives\/","https:\/\/www.youtube.com\/user\/musiquesjuives"]},{"@type":"Person","@id":"https:\/\/www.iemj.org\/es\/#\/schema\/person\/358e26c18aca017fcc4cc15437f7279c","name":"Jacqueline ROTEN","image":{"@type":"ImageObject","inLanguage":"es","@id":"https:\/\/secure.gravatar.com\/avatar\/5964256d6c6957de3a3505278957e0fb2a35119ac47ea41827a65301213c810b?s=96&d=mm&r=g","url":"https:\/\/secure.gravatar.com\/avatar\/5964256d6c6957de3a3505278957e0fb2a35119ac47ea41827a65301213c810b?s=96&d=mm&r=g","contentUrl":"https:\/\/secure.gravatar.com\/avatar\/5964256d6c6957de3a3505278957e0fb2a35119ac47ea41827a65301213c810b?s=96&d=mm&r=g","caption":"Jacqueline ROTEN"}}]}},"_links":{"self":[{"href":"https:\/\/www.iemj.org\/es\/wp-json\/wp\/v2\/posts\/105686","targetHints":{"allow":["GET"]}}],"collection":[{"href":"https:\/\/www.iemj.org\/es\/wp-json\/wp\/v2\/posts"}],"about":[{"href":"https:\/\/www.iemj.org\/es\/wp-json\/wp\/v2\/types\/post"}],"author":[{"embeddable":true,"href":"https:\/\/www.iemj.org\/es\/wp-json\/wp\/v2\/users\/5"}],"replies":[{"embeddable":true,"href":"https:\/\/www.iemj.org\/es\/wp-json\/wp\/v2\/comments?post=105686"}],"version-history":[{"count":0,"href":"https:\/\/www.iemj.org\/es\/wp-json\/wp\/v2\/posts\/105686\/revisions"}],"wp:featuredmedia":[{"embeddable":true,"href":"https:\/\/www.iemj.org\/es\/wp-json\/wp\/v2\/media\/105687"}],"wp:attachment":[{"href":"https:\/\/www.iemj.org\/es\/wp-json\/wp\/v2\/media?parent=105686"}],"wp:term":[{"taxonomy":"category","embeddable":true,"href":"https:\/\/www.iemj.org\/es\/wp-json\/wp\/v2\/categories?post=105686"},{"taxonomy":"post_tag","embeddable":true,"href":"https:\/\/www.iemj.org\/es\/wp-json\/wp\/v2\/tags?post=105686"},{"taxonomy":"technique","embeddable":true,"href":"https:\/\/www.iemj.org\/es\/wp-json\/wp\/v2\/technique?post=105686"},{"taxonomy":"squelettes","embeddable":true,"href":"https:\/\/www.iemj.org\/es\/wp-json\/wp\/v2\/squelettes?post=105686"},{"taxonomy":"sujet","embeddable":true,"href":"https:\/\/www.iemj.org\/es\/wp-json\/wp\/v2\/sujet?post=105686"},{"taxonomy":"formation","embeddable":true,"href":"https:\/\/www.iemj.org\/es\/wp-json\/wp\/v2\/formation?post=105686"},{"taxonomy":"genre","embeddable":true,"href":"https:\/\/www.iemj.org\/es\/wp-json\/wp\/v2\/genre?post=105686"},{"taxonomy":"fonds","embeddable":true,"href":"https:\/\/www.iemj.org\/es\/wp-json\/wp\/v2\/fonds?post=105686"},{"taxonomy":"tradition","embeddable":true,"href":"https:\/\/www.iemj.org\/es\/wp-json\/wp\/v2\/tradition?post=105686"},{"taxonomy":"type-de-contenu","embeddable":true,"href":"https:\/\/www.iemj.org\/es\/wp-json\/wp\/v2\/type-de-contenu?post=105686"},{"taxonomy":"interprete-compositeur","embeddable":true,"href":"https:\/\/www.iemj.org\/es\/wp-json\/wp\/v2\/interprete-compositeur?post=105686"},{"taxonomy":"frise","embeddable":true,"href":"https:\/\/www.iemj.org\/es\/wp-json\/wp\/v2\/frise?post=105686"},{"taxonomy":"type-devenement","embeddable":true,"href":"https:\/\/www.iemj.org\/es\/wp-json\/wp\/v2\/type-devenement?post=105686"},{"taxonomy":"tableaux-liens-externes","embeddable":true,"href":"https:\/\/www.iemj.org\/es\/wp-json\/wp\/v2\/tableaux-liens-externes?post=105686"}],"curies":[{"name":"wp","href":"https:\/\/api.w.org\/{rel}","templated":true}]}}