{"id":105984,"date":"2023-11-28T11:55:48","date_gmt":"2023-11-28T10:55:48","guid":{"rendered":"https:\/\/www.iemj.org\/camille-erlanger-1863-1919\/"},"modified":"2023-11-28T16:46:51","modified_gmt":"2023-11-28T15:46:51","slug":"camille-erlanger-1863-1919","status":"publish","type":"post","link":"https:\/\/www.iemj.org\/es\/camille-erlanger-1863-1919\/","title":{"rendered":"ERLANGER, CAMILLE (1863-1919)"},"content":{"rendered":"<p>Camille Erlanger forma parte de los compositores de \u00f3pera de la \u00abbelle \u00e9poque\u00bb, como Alfred Bruneau, Xavier Leroux, Georges H\u00fce y Henry F\u00e9vrier. Todos ellos conocen los entresijos de la escritura para el teatro, y la m\u00fasica dram\u00e1tica constituye una parte importante de su cat\u00e1logo. Pero ninguno de ellos ha tenido un impacto duradero en el panorama oper\u00edstico de su \u00e9poca, a pesar de que la calidad de su m\u00fasica merecer\u00eda ocupar un lugar importante en el repertorio teatral.<\/p>\n<p>El apellido Erlanger lo portan muchas familias jud\u00edas de origen alem\u00e1n y alsaciano. Varios m\u00fasicos sin parentesco lo comparten: los compositores Jules y Gustav Erlanger y Fr\u00e9d\u00e9ric d&#8217;Erlanger (1868-1943), cuya carrera se desarroll\u00f3 en <img fetchpriority=\"high\" decoding=\"async\" class=\"size-medium wp-image-105937 alignright\" src=\"https:\/\/www.iemj.org\/wp-content\/uploads\/2023\/11\/Saint-Julien-lhospitalier-201x300.jpg\" alt=\"\" width=\"201\" height=\"300\" srcset=\"https:\/\/www.iemj.org\/wp-content\/uploads\/2023\/11\/Saint-Julien-lhospitalier-201x300.jpg 201w, https:\/\/www.iemj.org\/wp-content\/uploads\/2023\/11\/Saint-Julien-lhospitalier.jpg 325w\" sizes=\"(max-width: 201px) 100vw, 201px\" \/>Londres. Adem\u00e1s, Rodolphe d&#8217;Erlanger (1872-1932) fue etnomusic\u00f3logo y autor de un monumental estudio sobre la m\u00fasica \u00e1rabe.<\/p>\n<p>A primera vista, nada predispone a Camille Erlanger a una carrera musical. Sus padres, que han abandonado su Alsacia natal para instalarse en Par\u00eds, son modestos comerciantes alejados del mundo art\u00edstico. Nacido el 24 de mayo de 1863, el ni\u00f1o demuestra una aptitud evidente para la m\u00fasica. Ingresa en el Conservatorio en 1881 y es admitido en la clase de composici\u00f3n de L\u00e9o Delibes en 1886. En 1888, por delante de Paul Dukas, gana el Gran Premio de Roma con su cantata <em>Vell\u00e9da<\/em>. En 1895, su leyenda l\u00edrica <strong><em>Saint-Julien l&#8217;hospitalier<\/em><\/strong>, basada en el cuento hom\u00f3nimo de Flaubert, causa una gran impresi\u00f3n por su amplitud y su audacia arm\u00f3nica, reflejo de su fervor wagneriano.<\/p>\n<p>La primera \u00f3pera de Camille Erlanger, <strong><em>Kermaria<\/em><\/strong>, combina fantas\u00eda y leyenda en un ambiente bret\u00f3n. Estrenada en la Op\u00e9ra-Comique en 1897, tiene un \u00e9xito mediocre. El compositor tuvo m\u00e1s suerte con <strong><em>Le Juif polonais<\/em><\/strong>, basada en una novela de Erckmann-Chatrian. Este oscuro drama de culpa y remordimiento, ambientado en un pueblo alsaciano, se inscribe en la est\u00e9tica naturalista representada en la \u00e9poca por compositores como Alfred Bruneau y Gustave Charpentier. Representada con gran \u00e9xito en la Op\u00e9ra-Comique en 1900, <em>Le Juif polonais<\/em> se reestren\u00f3 con bastante regularidad hasta finales de los a\u00f1os treinta.<\/p>\n\n\n<div class=\"wp-block-columns are-vertically-aligned-top is-layout-flex wp-container-core-columns-is-layout-9d6595d7 wp-block-columns-is-layout-flex\">\n<div class=\"wp-block-column is-vertically-aligned-top is-layout-flow wp-block-column-is-layout-flow\">\n<figure class=\"wp-block-image size-full\"><img decoding=\"async\" width=\"337\" height=\"500\" src=\"https:\/\/www.iemj.org\/wp-content\/uploads\/2023\/11\/Kermaria-1897.jpg\" alt=\"\" class=\"wp-image-105922\" srcset=\"https:\/\/www.iemj.org\/wp-content\/uploads\/2023\/11\/Kermaria-1897.jpg 337w, https:\/\/www.iemj.org\/wp-content\/uploads\/2023\/11\/Kermaria-1897-202x300.jpg 202w\" sizes=\"(max-width: 337px) 100vw, 337px\" \/><figcaption class=\"wp-element-caption\"><strong><em>Kermaria<\/em> (1897)<\/strong><\/figcaption><\/figure>\n<\/div>\n\n\n\n<div class=\"wp-block-column is-vertically-aligned-top is-layout-flow wp-block-column-is-layout-flow\">\n<figure class=\"wp-block-image size-full\"><img decoding=\"async\" width=\"310\" height=\"500\" src=\"https:\/\/www.iemj.org\/wp-content\/uploads\/2023\/11\/Le-Juif-Polonais-1900_1.jpg\" alt=\"\" class=\"wp-image-105927\" srcset=\"https:\/\/www.iemj.org\/wp-content\/uploads\/2023\/11\/Le-Juif-Polonais-1900_1.jpg 310w, https:\/\/www.iemj.org\/wp-content\/uploads\/2023\/11\/Le-Juif-Polonais-1900_1-186x300.jpg 186w\" sizes=\"(max-width: 310px) 100vw, 310px\" \/><figcaption class=\"wp-element-caption\"><em><strong>Le Juif Polonais (1900)<\/strong><\/em><\/figcaption><\/figure>\n<\/div>\n\n\n\n<div class=\"wp-block-column is-vertically-aligned-top is-layout-flow wp-block-column-is-layout-flow\">\n<figure class=\"wp-block-image size-full\"><img loading=\"lazy\" decoding=\"async\" width=\"327\" height=\"500\" src=\"https:\/\/www.iemj.org\/wp-content\/uploads\/2023\/11\/Le-Juif-Polonais-1900_2.jpg\" alt=\"\" class=\"wp-image-105932\" srcset=\"https:\/\/www.iemj.org\/wp-content\/uploads\/2023\/11\/Le-Juif-Polonais-1900_2.jpg 327w, https:\/\/www.iemj.org\/wp-content\/uploads\/2023\/11\/Le-Juif-Polonais-1900_2-196x300.jpg 196w\" sizes=\"(max-width: 327px) 100vw, 327px\" \/><figcaption class=\"wp-element-caption\"><em><strong>Le Juif Polonais (1900)<\/strong><\/em><\/figcaption><\/figure>\n<\/div>\n<\/div>\n\n\n<p>Es seguramente a trav\u00e9s de su maestro L\u00e9o Delibes como Erlanger se introduce en el sal\u00f3n de Isaac de Camondo, banquero, diplom\u00e1tico, eminente coleccionista de arte y compositor aficionado cuya \u00f3pera <em>Le Clown<\/em> se represent\u00f3 en la \u00d3pera C\u00f3mica en 1906. En 1902 se casa con una prima segunda de \u00e9ste, Ir\u00e8ne Hillel-Manoach (1878-1920), cuya novela de iniciaci\u00f3n <em>Voyage en kaleidoscope<\/em> se convirti\u00f3 en un cl\u00e1sico de la literatura esot\u00e9rica y atrajo el inter\u00e9s de los surrealistas. Su hijo, Philippe Erlanger (1903-1987), alto funcionario, escritor y cr\u00edtico de arte, fue uno de los fundadores del Festival de Cannes.<\/p>\n<p><strong><em><img loading=\"lazy\" decoding=\"async\" class=\"size-medium wp-image-105944 alignleft\" src=\"https:\/\/www.iemj.org\/wp-content\/uploads\/2023\/11\/Le-Fils-de-lEtoile-193x300.jpg\" alt=\"\" width=\"193\" height=\"300\" srcset=\"https:\/\/www.iemj.org\/wp-content\/uploads\/2023\/11\/Le-Fils-de-lEtoile-193x300.jpg 193w, https:\/\/www.iemj.org\/wp-content\/uploads\/2023\/11\/Le-Fils-de-lEtoile.jpg 322w\" sizes=\"(max-width: 193px) 100vw, 193px\" \/>Le Fils de l&#8217;Etoile<\/em><\/strong>, drama l\u00edrico en cinco actos, se estrena en el Palais Garnier en 1904. El libreto de Catulle Mend\u00e8s describe el levantamiento hebreo provocado por la decisi\u00f3n del emperador Adriano de construir una ciudad en el emplazamiento del Templo de Jerusal\u00e9n. Este vasto fresco \u00e9pico-wagneriano, en el que la extravagante expresi\u00f3n de Mend\u00e8s apenas disimula la opacidad de la acci\u00f3n, s\u00f3lo fue un \u00e9xito de cr\u00edtica.<\/p>\n<p>Junto al <em>Fils de l&#8217;Etoile<\/em>, el m\u00fasico compone la obra que ser\u00e1 su mayor \u00e9xito: <em>Aphrodite<\/em>, cuyo libreto de Louis de Grammont adapta a la escena la c\u00e9lebre novela de Pierre Lou\u00ffs. El erotismo del argumento, el esplendor de la puesta en escena en el estreno en la Op\u00e9ra-Comique en 1906 y la presencia de Mary Garden en el papel de Chrysis contribuyeron al gran \u00e9xito de la obra. Pero la m\u00fasica de Erlanger, con su innato sentido del dise\u00f1o sonoro, su personal\u00edsimo tratamiento de los motivos conductores y la fisonom\u00eda a menudo inesperada de sus patrones mel\u00f3dicos, fue de igual importancia para el \u00e9xito de una obra de la que el music\u00f3logo Leslie Wright dijo con raz\u00f3n que \u00absu car\u00e1cter h\u00edbrido es quiz\u00e1 m\u00e1s revelador de los inicios del modernismo que otras partituras m\u00e1s lineales\u00bb.<\/p>\n<p>En 1909, Erlanger pone en escena <em>Bacchus Triomphant<\/em> en Burdeos, un gran espect\u00e1culo popular, seguido en 1911 por <em>L&#8217;Aube Rouge<\/em> en Ru\u00e1n, un drama ambientado en los c\u00edrculos anarquistas rusos.<\/p>\n<figure id=\"attachment_105949\" aria-describedby=\"caption-attachment-105949\" style=\"width: 205px\" class=\"wp-caption alignright\"><img loading=\"lazy\" decoding=\"async\" class=\"wp-image-105949 size-medium\" src=\"https:\/\/www.iemj.org\/wp-content\/uploads\/2023\/11\/La-Sorciere-1912-205x300.jpg\" alt=\"\" width=\"205\" height=\"300\" srcset=\"https:\/\/www.iemj.org\/wp-content\/uploads\/2023\/11\/La-Sorciere-1912-205x300.jpg 205w, https:\/\/www.iemj.org\/wp-content\/uploads\/2023\/11\/La-Sorciere-1912.jpg 341w\" sizes=\"(max-width: 205px) 100vw, 205px\" \/><figcaption id=\"caption-attachment-105949\" class=\"wp-caption-text\"><strong>Camille Erlanger trabajando con Marthe Chenal en el papel de Zoraya<\/strong><\/figcaption><\/figure>\n<p>Sus dos siguientes obras fueron compuestas simult\u00e1neamente: <em>Hannele Mattern<\/em>, y <strong><em>La Sorci\u00e8re<\/em><\/strong>, drama musical en 4 actos basado en una obra de Victorien Sardou.\u00a0 La acci\u00f3n, tr\u00e1gica y violenta, narra la relaci\u00f3n amorosa entre un capit\u00e1n de los arqueros toledanos y una mujer musulmana dotada de poderes sobrenaturales, que optan por el suicidio para escapar de las piras ardientes de la Inquisici\u00f3n. A pesar de su \u00e9xito, el estreno en 1912 en la Op\u00e9ra-Comique conoce reacciones encontradas: la aterradora representaci\u00f3n de la iglesia es mal recibida por algunos cr\u00edticos, cuyos comentarios van acompa\u00f1ados de indisimuladas connotaciones antisemitas. La obra cuenta con la soprano Marthe Chenal en el papel principal. Verdadero \u00abmonstruo sagrado\u00bb, fue la int\u00e9rprete elegida por Erlanger para crear <em>Bacchus triumphant<\/em>, <em>L&#8217;Aube rouge<\/em> y, sobre todo, <em>La Sorci\u00e8re<\/em>, donde la plenitud de su voz y su presencia esc\u00e9nica causaron una gran impresi\u00f3n.<\/p>\n<p><em>La Sorci\u00e8re<\/em> es la \u00faltima obra oper\u00edstica que Erlanger crea en vida; a su muerte, deja dos \u00f3peras inacabadas.<\/p>\n<p><em>Forfaiture<\/em>, estrenada en 1921, fue una rara transposici\u00f3n de una pel\u00edcula a la \u00f3pera, y conmocion\u00f3 al p\u00fablico por su apasionada violencia y su crudo libreto. <em>Faublas<\/em>, por su parte, nunca vio la luz y la partitura, completada por Paul Bastide, descansa en las reservas de la Biblioth\u00e8que Nationale de France.<\/p>\n<p><img loading=\"lazy\" decoding=\"async\" class=\"wp-image-105973  alignleft\" src=\"https:\/\/www.iemj.org\/wp-content\/uploads\/2023\/11\/Hanele-1.jpg\" alt=\"\" width=\"166\" height=\"225\" \/><\/p>\n<p>En 1913, Erlanger hab\u00eda terminado <strong><em>Hannele Mattern<\/em><\/strong>, que se deb\u00eda representar al a\u00f1o siguiente en la Op\u00e9ra-Comique. Pero el libreto se basaba en la obra hom\u00f3nima de Gerhard Hauptmann, y durante la guerra era impensable montar en Par\u00eds una obra de un autor alem\u00e1n. Poco en sinton\u00eda con las revoluciones est\u00e9ticas de los locos a\u00f1os veinte, la m\u00fasica de Camille Erlanger, fallecido el 24 de abril de 1919, cay\u00f3 poco a poco en el olvido y las posibilidades de <em>Hannele Mattern<\/em> de ser representada disminuyeron. No obstante, la obra se estren\u00f3 en Estrasburgo en 1950 sin suscitar m\u00e1s que una cort\u00e9s indiferencia. Y esa fue sin duda la \u00faltima vez que la obra de Erlanger se represent\u00f3 en un escenario.<\/p>\n<p>Aunque Camille Erlanger se distingui\u00f3 principalmente como compositor l\u00edrico, su cat\u00e1logo incluye numerosas melod\u00edas, algunas obras para piano y sinf\u00f3nicas, as\u00ed como la m\u00fasica para <em>La Supr\u00eame Epop\u00e9e<\/em>, pel\u00edcula de propaganda patri\u00f3tica de Henri Desfontaines, producida por el Service photographique et cin\u00e9matographique des Arm\u00e9es en 1919.<\/p>\n<p>El estilo musical de Erlanger se caracteriza por la densidad de su escritura, la abundancia de motivos conductores y la opulencia de su orquestaci\u00f3n. Su lenguaje arm\u00f3nico no reh\u00faye a veces audacias sorprendentes que pueden conducir brevemente a las fronteras de la tonalidad. Destacado orquestador, tiene un don evidente para la ambientaci\u00f3n musical, y sabe escenificar de manera impactante en pocos compases. Las grandes efusiones l\u00edricas y los arrebatos mel\u00f3dicos voluptuosos rara vez forman parte de su vocabulario. Sus cualidades como dramaturgo cristalizan en torno a su notable sentido del dise\u00f1o sonoro. A trav\u00e9s de la singularidad de un dise\u00f1o mel\u00f3dico o de una secuencia arm\u00f3nica, consigue crear un marco musical extraordinariamente eficaz, con un poder evocador que le permite caracterizar a sus personajes, sus personalidades y sus estados de \u00e1nimo. Este enfoque tan teatral y al mismo tiempo poco convencional parece haber desconcertado tanto a los amantes del arte oper\u00edstico tradicional enraizado en la tradici\u00f3n Gounod-Massenet como a los defensores de un \u00abnuevo arte\u00bb de la \u00f3pera representado por compositores como Debussy, d&#8217;Indy o Dukas.<\/p>\n\n\n<div class=\"wp-block-columns is-layout-flex wp-container-core-columns-is-layout-9d6595d7 wp-block-columns-is-layout-flex\">\n<div class=\"wp-block-column is-layout-flow wp-block-column-is-layout-flow\">\n<figure class=\"wp-block-image size-full\"><img loading=\"lazy\" decoding=\"async\" width=\"500\" height=\"360\" src=\"https:\/\/www.iemj.org\/wp-content\/uploads\/2023\/11\/Camille-Erlanger-et-Catulle-Mendes-par-Leonetto-Cappiello-1904.jpg\" alt=\"\" class=\"wp-image-105960\" srcset=\"https:\/\/www.iemj.org\/wp-content\/uploads\/2023\/11\/Camille-Erlanger-et-Catulle-Mendes-par-Leonetto-Cappiello-1904.jpg 500w, https:\/\/www.iemj.org\/wp-content\/uploads\/2023\/11\/Camille-Erlanger-et-Catulle-Mendes-par-Leonetto-Cappiello-1904-300x216.jpg 300w\" sizes=\"(max-width: 500px) 100vw, 500px\" \/><figcaption class=\"wp-element-caption\"><strong>Camille Erlanger y Catulle Mend\u00e8s, de Leonetto Cappiello (1904)<\/strong><\/figcaption><\/figure>\n<\/div>\n\n\n\n<div class=\"wp-block-column is-layout-flow wp-block-column-is-layout-flow\">\n<figure class=\"wp-block-image size-full\"><img loading=\"lazy\" decoding=\"async\" width=\"500\" height=\"376\" src=\"https:\/\/www.iemj.org\/wp-content\/uploads\/2023\/11\/Theatre-National-La-Sorciere.jpg\" alt=\"\" class=\"wp-image-105965\" srcset=\"https:\/\/www.iemj.org\/wp-content\/uploads\/2023\/11\/Theatre-National-La-Sorciere.jpg 500w, https:\/\/www.iemj.org\/wp-content\/uploads\/2023\/11\/Theatre-National-La-Sorciere-300x226.jpg 300w\" sizes=\"(max-width: 500px) 100vw, 500px\" \/><figcaption class=\"wp-element-caption\"><strong>Th\u00e9\u00e2tre National de l&#8217;Op\u00e9ra-Comique &#8211; <em>La Sorci\u00e8re<\/em><\/strong> <strong>&#8211; Acto IV<\/strong><\/figcaption><\/figure>\n<\/div>\n<\/div>\n\n\n\n<figure class=\"wp-block-embed is-type-video is-provider-youtube wp-block-embed-youtube wp-embed-aspect-16-9 wp-has-aspect-ratio\"><div class=\"wp-block-embed__wrapper\">\n<iframe title=\"Aphrodite (Erlanger) Acte II - Partie 2 - Ch\u0153ur des courtisanes et Sc\u00e8ne des offrandes (dir. Aubin)\" width=\"640\" height=\"360\" src=\"https:\/\/www.youtube.com\/embed\/4ssE5_rybLA?list=PL2110Qqi0eq5FCG3cQ3Fijd_2_YgG-NHP\" frameborder=\"0\" allow=\"accelerometer; autoplay; clipboard-write; encrypted-media; gyroscope; picture-in-picture; web-share\" referrerpolicy=\"strict-origin-when-cross-origin\" allowfullscreen><\/iframe>\n<\/div><\/figure>\n","protected":false},"excerpt":{"rendered":"<p>Camille Erlanger forma parte de los compositores de \u00f3pera de la \u00abbelle \u00e9poque\u00bb, como Alfred Bruneau, Xavier Leroux, Georges H\u00fce y Henry F\u00e9vrier. Todos ellos conocen los entresijos de la<\/p>\n","protected":false},"author":5,"featured_media":105921,"comment_status":"closed","ping_status":"closed","sticky":false,"template":"","format":"standard","meta":{"_acf_changed":false,"footnotes":""},"categories":[1417],"tags":[],"technique":[],"squelettes":[],"sujet":[],"formation":[],"genre":[],"fonds":[],"tradition":[],"type-de-contenu":[],"interprete-compositeur":[],"frise":[],"type-devenement":[],"tableaux-liens-externes":[],"class_list":["post-105984","post","type-post","status-publish","format-standard","has-post-thumbnail","hentry","category-biografias-es"],"acf":[],"yoast_head":"<!-- This site is optimized with the Yoast SEO plugin v27.3 - https:\/\/yoast.com\/product\/yoast-seo-wordpress\/ -->\n<title>ERLANGER, CAMILLE (1863-1919) - Institut Europ\u00e9en des Musiques Juives<\/title>\n<meta name=\"robots\" content=\"index, follow, max-snippet:-1, max-image-preview:large, max-video-preview:-1\" \/>\n<link rel=\"canonical\" href=\"https:\/\/www.iemj.org\/es\/camille-erlanger-1863-1919\/\" \/>\n<meta property=\"og:locale\" content=\"es_ES\" \/>\n<meta property=\"og:type\" content=\"article\" \/>\n<meta property=\"og:title\" content=\"ERLANGER, CAMILLE (1863-1919) - Institut Europ\u00e9en des Musiques Juives\" \/>\n<meta property=\"og:description\" content=\"Camille Erlanger forma parte de los compositores de \u00f3pera de la \u00abbelle \u00e9poque\u00bb, como Alfred Bruneau, Xavier Leroux, Georges H\u00fce y Henry F\u00e9vrier. Todos ellos conocen los entresijos de la\" \/>\n<meta property=\"og:url\" content=\"https:\/\/www.iemj.org\/es\/camille-erlanger-1863-1919\/\" \/>\n<meta property=\"og:site_name\" content=\"Institut Europ\u00e9en des Musiques Juives\" \/>\n<meta property=\"article:publisher\" content=\"https:\/\/www.facebook.com\/MusiquesJuives\/\" \/>\n<meta property=\"article:published_time\" content=\"2023-11-28T10:55:48+00:00\" \/>\n<meta property=\"article:modified_time\" content=\"2023-11-28T15:46:51+00:00\" \/>\n<meta property=\"og:image\" content=\"https:\/\/www.iemj.org\/wp-content\/uploads\/2023\/11\/Logo-Bio.jpg\" \/>\n\t<meta property=\"og:image:width\" content=\"182\" \/>\n\t<meta property=\"og:image:height\" content=\"218\" \/>\n\t<meta property=\"og:image:type\" content=\"image\/jpeg\" \/>\n<meta name=\"author\" content=\"Jacqueline ROTEN\" \/>\n<meta name=\"twitter:card\" content=\"summary_large_image\" \/>\n<meta name=\"twitter:label1\" content=\"Escrito por\" \/>\n\t<meta name=\"twitter:data1\" content=\"Jacqueline ROTEN\" \/>\n\t<meta name=\"twitter:label2\" content=\"Tiempo de lectura\" \/>\n\t<meta name=\"twitter:data2\" content=\"9 minutos\" \/>\n<script type=\"application\/ld+json\" class=\"yoast-schema-graph\">{\"@context\":\"https:\\\/\\\/schema.org\",\"@graph\":[{\"@type\":\"Article\",\"@id\":\"https:\\\/\\\/www.iemj.org\\\/es\\\/camille-erlanger-1863-1919\\\/#article\",\"isPartOf\":{\"@id\":\"https:\\\/\\\/www.iemj.org\\\/es\\\/camille-erlanger-1863-1919\\\/\"},\"author\":{\"name\":\"Jacqueline ROTEN\",\"@id\":\"https:\\\/\\\/www.iemj.org\\\/es\\\/#\\\/schema\\\/person\\\/358e26c18aca017fcc4cc15437f7279c\"},\"headline\":\"ERLANGER, CAMILLE (1863-1919)\",\"datePublished\":\"2023-11-28T10:55:48+00:00\",\"dateModified\":\"2023-11-28T15:46:51+00:00\",\"mainEntityOfPage\":{\"@id\":\"https:\\\/\\\/www.iemj.org\\\/es\\\/camille-erlanger-1863-1919\\\/\"},\"wordCount\":1404,\"publisher\":{\"@id\":\"https:\\\/\\\/www.iemj.org\\\/es\\\/#organization\"},\"image\":{\"@id\":\"https:\\\/\\\/www.iemj.org\\\/es\\\/camille-erlanger-1863-1919\\\/#primaryimage\"},\"thumbnailUrl\":\"https:\\\/\\\/www.iemj.org\\\/wp-content\\\/uploads\\\/2023\\\/11\\\/Logo-Bio.jpg\",\"articleSection\":[\"Biograf\u00edas\"],\"inLanguage\":\"es\"},{\"@type\":\"WebPage\",\"@id\":\"https:\\\/\\\/www.iemj.org\\\/es\\\/camille-erlanger-1863-1919\\\/\",\"url\":\"https:\\\/\\\/www.iemj.org\\\/es\\\/camille-erlanger-1863-1919\\\/\",\"name\":\"ERLANGER, CAMILLE (1863-1919) - Institut Europ\u00e9en des Musiques Juives\",\"isPartOf\":{\"@id\":\"https:\\\/\\\/www.iemj.org\\\/es\\\/#website\"},\"primaryImageOfPage\":{\"@id\":\"https:\\\/\\\/www.iemj.org\\\/es\\\/camille-erlanger-1863-1919\\\/#primaryimage\"},\"image\":{\"@id\":\"https:\\\/\\\/www.iemj.org\\\/es\\\/camille-erlanger-1863-1919\\\/#primaryimage\"},\"thumbnailUrl\":\"https:\\\/\\\/www.iemj.org\\\/wp-content\\\/uploads\\\/2023\\\/11\\\/Logo-Bio.jpg\",\"datePublished\":\"2023-11-28T10:55:48+00:00\",\"dateModified\":\"2023-11-28T15:46:51+00:00\",\"breadcrumb\":{\"@id\":\"https:\\\/\\\/www.iemj.org\\\/es\\\/camille-erlanger-1863-1919\\\/#breadcrumb\"},\"inLanguage\":\"es\",\"potentialAction\":[{\"@type\":\"ReadAction\",\"target\":[\"https:\\\/\\\/www.iemj.org\\\/es\\\/camille-erlanger-1863-1919\\\/\"]}]},{\"@type\":\"ImageObject\",\"inLanguage\":\"es\",\"@id\":\"https:\\\/\\\/www.iemj.org\\\/es\\\/camille-erlanger-1863-1919\\\/#primaryimage\",\"url\":\"https:\\\/\\\/www.iemj.org\\\/wp-content\\\/uploads\\\/2023\\\/11\\\/Logo-Bio.jpg\",\"contentUrl\":\"https:\\\/\\\/www.iemj.org\\\/wp-content\\\/uploads\\\/2023\\\/11\\\/Logo-Bio.jpg\",\"width\":182,\"height\":218},{\"@type\":\"BreadcrumbList\",\"@id\":\"https:\\\/\\\/www.iemj.org\\\/es\\\/camille-erlanger-1863-1919\\\/#breadcrumb\",\"itemListElement\":[{\"@type\":\"ListItem\",\"position\":1,\"name\":\"Accueil\",\"item\":\"https:\\\/\\\/www.iemj.org\\\/es\\\/\"},{\"@type\":\"ListItem\",\"position\":2,\"name\":\"ERLANGER, CAMILLE (1863-1919)\"}]},{\"@type\":\"WebSite\",\"@id\":\"https:\\\/\\\/www.iemj.org\\\/es\\\/#website\",\"url\":\"https:\\\/\\\/www.iemj.org\\\/es\\\/\",\"name\":\"Institut Europ\u00e9en des Musiques Juives\",\"description\":\"Des traditions musicales \u00e0 la port\u00e9e de tous\",\"publisher\":{\"@id\":\"https:\\\/\\\/www.iemj.org\\\/es\\\/#organization\"},\"potentialAction\":[{\"@type\":\"SearchAction\",\"target\":{\"@type\":\"EntryPoint\",\"urlTemplate\":\"https:\\\/\\\/www.iemj.org\\\/es\\\/?s={search_term_string}\"},\"query-input\":{\"@type\":\"PropertyValueSpecification\",\"valueRequired\":true,\"valueName\":\"search_term_string\"}}],\"inLanguage\":\"es\"},{\"@type\":\"Organization\",\"@id\":\"https:\\\/\\\/www.iemj.org\\\/es\\\/#organization\",\"name\":\"Institut Europ\u00e9en des Musiques Juives\",\"url\":\"https:\\\/\\\/www.iemj.org\\\/es\\\/\",\"logo\":{\"@type\":\"ImageObject\",\"inLanguage\":\"es\",\"@id\":\"https:\\\/\\\/www.iemj.org\\\/es\\\/#\\\/schema\\\/logo\\\/image\\\/\",\"url\":\"https:\\\/\\\/www.iemj.org\\\/wp-content\\\/uploads\\\/2021\\\/09\\\/Logo-IEMJ-Paypal.jpg\",\"contentUrl\":\"https:\\\/\\\/www.iemj.org\\\/wp-content\\\/uploads\\\/2021\\\/09\\\/Logo-IEMJ-Paypal.jpg\",\"width\":150,\"height\":50,\"caption\":\"Institut Europ\u00e9en des Musiques Juives\"},\"image\":{\"@id\":\"https:\\\/\\\/www.iemj.org\\\/es\\\/#\\\/schema\\\/logo\\\/image\\\/\"},\"sameAs\":[\"https:\\\/\\\/www.facebook.com\\\/MusiquesJuives\\\/\",\"https:\\\/\\\/www.instagram.com\\\/musiquesjuives\\\/\",\"https:\\\/\\\/www.youtube.com\\\/user\\\/musiquesjuives\"]},{\"@type\":\"Person\",\"@id\":\"https:\\\/\\\/www.iemj.org\\\/es\\\/#\\\/schema\\\/person\\\/358e26c18aca017fcc4cc15437f7279c\",\"name\":\"Jacqueline ROTEN\",\"image\":{\"@type\":\"ImageObject\",\"inLanguage\":\"es\",\"@id\":\"https:\\\/\\\/secure.gravatar.com\\\/avatar\\\/5964256d6c6957de3a3505278957e0fb2a35119ac47ea41827a65301213c810b?s=96&d=mm&r=g\",\"url\":\"https:\\\/\\\/secure.gravatar.com\\\/avatar\\\/5964256d6c6957de3a3505278957e0fb2a35119ac47ea41827a65301213c810b?s=96&d=mm&r=g\",\"contentUrl\":\"https:\\\/\\\/secure.gravatar.com\\\/avatar\\\/5964256d6c6957de3a3505278957e0fb2a35119ac47ea41827a65301213c810b?s=96&d=mm&r=g\",\"caption\":\"Jacqueline ROTEN\"}}]}<\/script>\n<!-- \/ Yoast SEO plugin. -->","yoast_head_json":{"title":"ERLANGER, CAMILLE (1863-1919) - Institut Europ\u00e9en des Musiques Juives","robots":{"index":"index","follow":"follow","max-snippet":"max-snippet:-1","max-image-preview":"max-image-preview:large","max-video-preview":"max-video-preview:-1"},"canonical":"https:\/\/www.iemj.org\/es\/camille-erlanger-1863-1919\/","og_locale":"es_ES","og_type":"article","og_title":"ERLANGER, CAMILLE (1863-1919) - Institut Europ\u00e9en des Musiques Juives","og_description":"Camille Erlanger forma parte de los compositores de \u00f3pera de la \u00abbelle \u00e9poque\u00bb, como Alfred Bruneau, Xavier Leroux, Georges H\u00fce y Henry F\u00e9vrier. Todos ellos conocen los entresijos de la","og_url":"https:\/\/www.iemj.org\/es\/camille-erlanger-1863-1919\/","og_site_name":"Institut Europ\u00e9en des Musiques Juives","article_publisher":"https:\/\/www.facebook.com\/MusiquesJuives\/","article_published_time":"2023-11-28T10:55:48+00:00","article_modified_time":"2023-11-28T15:46:51+00:00","og_image":[{"width":182,"height":218,"url":"https:\/\/www.iemj.org\/wp-content\/uploads\/2023\/11\/Logo-Bio.jpg","type":"image\/jpeg"}],"author":"Jacqueline ROTEN","twitter_card":"summary_large_image","twitter_misc":{"Escrito por":"Jacqueline ROTEN","Tiempo de lectura":"9 minutos"},"schema":{"@context":"https:\/\/schema.org","@graph":[{"@type":"Article","@id":"https:\/\/www.iemj.org\/es\/camille-erlanger-1863-1919\/#article","isPartOf":{"@id":"https:\/\/www.iemj.org\/es\/camille-erlanger-1863-1919\/"},"author":{"name":"Jacqueline ROTEN","@id":"https:\/\/www.iemj.org\/es\/#\/schema\/person\/358e26c18aca017fcc4cc15437f7279c"},"headline":"ERLANGER, CAMILLE (1863-1919)","datePublished":"2023-11-28T10:55:48+00:00","dateModified":"2023-11-28T15:46:51+00:00","mainEntityOfPage":{"@id":"https:\/\/www.iemj.org\/es\/camille-erlanger-1863-1919\/"},"wordCount":1404,"publisher":{"@id":"https:\/\/www.iemj.org\/es\/#organization"},"image":{"@id":"https:\/\/www.iemj.org\/es\/camille-erlanger-1863-1919\/#primaryimage"},"thumbnailUrl":"https:\/\/www.iemj.org\/wp-content\/uploads\/2023\/11\/Logo-Bio.jpg","articleSection":["Biograf\u00edas"],"inLanguage":"es"},{"@type":"WebPage","@id":"https:\/\/www.iemj.org\/es\/camille-erlanger-1863-1919\/","url":"https:\/\/www.iemj.org\/es\/camille-erlanger-1863-1919\/","name":"ERLANGER, CAMILLE (1863-1919) - Institut Europ\u00e9en des Musiques Juives","isPartOf":{"@id":"https:\/\/www.iemj.org\/es\/#website"},"primaryImageOfPage":{"@id":"https:\/\/www.iemj.org\/es\/camille-erlanger-1863-1919\/#primaryimage"},"image":{"@id":"https:\/\/www.iemj.org\/es\/camille-erlanger-1863-1919\/#primaryimage"},"thumbnailUrl":"https:\/\/www.iemj.org\/wp-content\/uploads\/2023\/11\/Logo-Bio.jpg","datePublished":"2023-11-28T10:55:48+00:00","dateModified":"2023-11-28T15:46:51+00:00","breadcrumb":{"@id":"https:\/\/www.iemj.org\/es\/camille-erlanger-1863-1919\/#breadcrumb"},"inLanguage":"es","potentialAction":[{"@type":"ReadAction","target":["https:\/\/www.iemj.org\/es\/camille-erlanger-1863-1919\/"]}]},{"@type":"ImageObject","inLanguage":"es","@id":"https:\/\/www.iemj.org\/es\/camille-erlanger-1863-1919\/#primaryimage","url":"https:\/\/www.iemj.org\/wp-content\/uploads\/2023\/11\/Logo-Bio.jpg","contentUrl":"https:\/\/www.iemj.org\/wp-content\/uploads\/2023\/11\/Logo-Bio.jpg","width":182,"height":218},{"@type":"BreadcrumbList","@id":"https:\/\/www.iemj.org\/es\/camille-erlanger-1863-1919\/#breadcrumb","itemListElement":[{"@type":"ListItem","position":1,"name":"Accueil","item":"https:\/\/www.iemj.org\/es\/"},{"@type":"ListItem","position":2,"name":"ERLANGER, CAMILLE (1863-1919)"}]},{"@type":"WebSite","@id":"https:\/\/www.iemj.org\/es\/#website","url":"https:\/\/www.iemj.org\/es\/","name":"Institut Europ\u00e9en des Musiques Juives","description":"Des traditions musicales \u00e0 la port\u00e9e de tous","publisher":{"@id":"https:\/\/www.iemj.org\/es\/#organization"},"potentialAction":[{"@type":"SearchAction","target":{"@type":"EntryPoint","urlTemplate":"https:\/\/www.iemj.org\/es\/?s={search_term_string}"},"query-input":{"@type":"PropertyValueSpecification","valueRequired":true,"valueName":"search_term_string"}}],"inLanguage":"es"},{"@type":"Organization","@id":"https:\/\/www.iemj.org\/es\/#organization","name":"Institut Europ\u00e9en des Musiques Juives","url":"https:\/\/www.iemj.org\/es\/","logo":{"@type":"ImageObject","inLanguage":"es","@id":"https:\/\/www.iemj.org\/es\/#\/schema\/logo\/image\/","url":"https:\/\/www.iemj.org\/wp-content\/uploads\/2021\/09\/Logo-IEMJ-Paypal.jpg","contentUrl":"https:\/\/www.iemj.org\/wp-content\/uploads\/2021\/09\/Logo-IEMJ-Paypal.jpg","width":150,"height":50,"caption":"Institut Europ\u00e9en des Musiques Juives"},"image":{"@id":"https:\/\/www.iemj.org\/es\/#\/schema\/logo\/image\/"},"sameAs":["https:\/\/www.facebook.com\/MusiquesJuives\/","https:\/\/www.instagram.com\/musiquesjuives\/","https:\/\/www.youtube.com\/user\/musiquesjuives"]},{"@type":"Person","@id":"https:\/\/www.iemj.org\/es\/#\/schema\/person\/358e26c18aca017fcc4cc15437f7279c","name":"Jacqueline ROTEN","image":{"@type":"ImageObject","inLanguage":"es","@id":"https:\/\/secure.gravatar.com\/avatar\/5964256d6c6957de3a3505278957e0fb2a35119ac47ea41827a65301213c810b?s=96&d=mm&r=g","url":"https:\/\/secure.gravatar.com\/avatar\/5964256d6c6957de3a3505278957e0fb2a35119ac47ea41827a65301213c810b?s=96&d=mm&r=g","contentUrl":"https:\/\/secure.gravatar.com\/avatar\/5964256d6c6957de3a3505278957e0fb2a35119ac47ea41827a65301213c810b?s=96&d=mm&r=g","caption":"Jacqueline ROTEN"}}]}},"_links":{"self":[{"href":"https:\/\/www.iemj.org\/es\/wp-json\/wp\/v2\/posts\/105984","targetHints":{"allow":["GET"]}}],"collection":[{"href":"https:\/\/www.iemj.org\/es\/wp-json\/wp\/v2\/posts"}],"about":[{"href":"https:\/\/www.iemj.org\/es\/wp-json\/wp\/v2\/types\/post"}],"author":[{"embeddable":true,"href":"https:\/\/www.iemj.org\/es\/wp-json\/wp\/v2\/users\/5"}],"replies":[{"embeddable":true,"href":"https:\/\/www.iemj.org\/es\/wp-json\/wp\/v2\/comments?post=105984"}],"version-history":[{"count":0,"href":"https:\/\/www.iemj.org\/es\/wp-json\/wp\/v2\/posts\/105984\/revisions"}],"wp:featuredmedia":[{"embeddable":true,"href":"https:\/\/www.iemj.org\/es\/wp-json\/wp\/v2\/media\/105921"}],"wp:attachment":[{"href":"https:\/\/www.iemj.org\/es\/wp-json\/wp\/v2\/media?parent=105984"}],"wp:term":[{"taxonomy":"category","embeddable":true,"href":"https:\/\/www.iemj.org\/es\/wp-json\/wp\/v2\/categories?post=105984"},{"taxonomy":"post_tag","embeddable":true,"href":"https:\/\/www.iemj.org\/es\/wp-json\/wp\/v2\/tags?post=105984"},{"taxonomy":"technique","embeddable":true,"href":"https:\/\/www.iemj.org\/es\/wp-json\/wp\/v2\/technique?post=105984"},{"taxonomy":"squelettes","embeddable":true,"href":"https:\/\/www.iemj.org\/es\/wp-json\/wp\/v2\/squelettes?post=105984"},{"taxonomy":"sujet","embeddable":true,"href":"https:\/\/www.iemj.org\/es\/wp-json\/wp\/v2\/sujet?post=105984"},{"taxonomy":"formation","embeddable":true,"href":"https:\/\/www.iemj.org\/es\/wp-json\/wp\/v2\/formation?post=105984"},{"taxonomy":"genre","embeddable":true,"href":"https:\/\/www.iemj.org\/es\/wp-json\/wp\/v2\/genre?post=105984"},{"taxonomy":"fonds","embeddable":true,"href":"https:\/\/www.iemj.org\/es\/wp-json\/wp\/v2\/fonds?post=105984"},{"taxonomy":"tradition","embeddable":true,"href":"https:\/\/www.iemj.org\/es\/wp-json\/wp\/v2\/tradition?post=105984"},{"taxonomy":"type-de-contenu","embeddable":true,"href":"https:\/\/www.iemj.org\/es\/wp-json\/wp\/v2\/type-de-contenu?post=105984"},{"taxonomy":"interprete-compositeur","embeddable":true,"href":"https:\/\/www.iemj.org\/es\/wp-json\/wp\/v2\/interprete-compositeur?post=105984"},{"taxonomy":"frise","embeddable":true,"href":"https:\/\/www.iemj.org\/es\/wp-json\/wp\/v2\/frise?post=105984"},{"taxonomy":"type-devenement","embeddable":true,"href":"https:\/\/www.iemj.org\/es\/wp-json\/wp\/v2\/type-devenement?post=105984"},{"taxonomy":"tableaux-liens-externes","embeddable":true,"href":"https:\/\/www.iemj.org\/es\/wp-json\/wp\/v2\/tableaux-liens-externes?post=105984"}],"curies":[{"name":"wp","href":"https:\/\/api.w.org\/{rel}","templated":true}]}}