{"id":106306,"date":"2011-04-14T19:37:11","date_gmt":"2011-04-14T17:37:11","guid":{"rendered":"https:\/\/www.iemj.org\/concert-liturgique-en-hommage-a-shalom-berlinski\/"},"modified":"2023-12-13T10:11:18","modified_gmt":"2023-12-13T09:11:18","slug":"concert-liturgique-en-hommage-a-shalom-berlinski","status":"publish","type":"post","link":"https:\/\/www.iemj.org\/es\/concert-liturgique-en-hommage-a-shalom-berlinski\/","title":{"rendered":"Concierto lit\u00fargico en homenaje a Shalom Berlinski"},"content":{"rendered":"<p class=\"post_excerpt\">Union lib\u00e9rale isra\u00e9lite de France, 24 rue Copernic \u2013 75116 Paris<br \/>Metro: Boissi\u00e8re o Victor Hugo<\/p>\n<h3><!--more-->Ver el concierto a continuaci\u00f3n<\/h3>\n<p>El Centre Fran\u00e7ais des Musiques Juives y la Fondation du Juda\u00efsme Fran\u00e7ais se unen a las cuatro comunidades liberales de Par\u00eds (ULIF, MJLF, CJL, KG) para rendir homenaje a Shalom Berlinski (1918-2008), que fue Primer Ministro Oficiante de la Gran Sinagoga de la Victoria (Par\u00eds) de 1948 a 1979.<\/p>\n<p>Los cantantes Adolphe Attia, Amand Benhamou y Ren\u00e9 Jasner interpretan obras de Samuel David, Emile Jonas, Louis Lewandowski, L\u00e9on Algazi y otros, acompa\u00f1ados por el coro Copernic dirigido por Ita\u00ef Daniel y Nicole Wiener al \u00f3rgano.<\/p>\n\n\n<figure class=\"wp-block-video\"><video height=\"576\" style=\"aspect-ratio: 720 \/ 576;\" width=\"720\" controls poster=\"https:\/\/www.iemj.org\/wp-content\/uploads\/2011\/04\/Concert-Berlinski.png\" src=\"https:\/\/www.iemj.org\/wp-content\/uploads\/2021\/10\/Concert-hommage-Berlinski-comp.mp4\"><\/video><figcaption class=\"wp-element-caption\"><strong>Concierto homenaje a Berlinski<\/strong><br><strong>Extractos:<br>Baroukh Haba <\/strong>&#8211; Ensemble Chorale Copernic<strong><br>MimeKomkho<\/strong> &#8211; Ren\u00e9 Jasner<strong><br>Ouvemoukha Iomar<\/strong> &#8211; Armand Benhamou &amp; l\u2019Ensemble Chorale Copernic<strong><br>A\u2019hot Ketana<\/strong> &#8211; Adolphe Attia<strong><br>Adirei<\/strong> &#8211; Adolphe Attia &amp; l\u2019Ensemble Chorale Copernic<strong><br>Zakharti<\/strong> &#8211; Ren\u00e9 Jasner, Armand Benhamou<strong><br>Sim Shalom <\/strong>&#8211; Adolphe Attia , Armand Benhamou, Ren\u00e9 Jasner &amp; l\u2019Ensemble Chorale Copernic<\/figcaption><\/figure>\n","protected":false},"excerpt":{"rendered":"<p>Union lib\u00e9rale isra\u00e9lite de France, 24 rue Copernic \u2013 75116 ParisMetro: Boissi\u00e8re o Victor Hugo<\/p>\n","protected":false},"author":1047,"featured_media":106307,"comment_status":"closed","ping_status":"open","sticky":false,"template":"","format":"standard","meta":{"_acf_changed":false,"footnotes":""},"categories":[1517],"tags":[],"technique":[],"squelettes":[],"sujet":[],"formation":[],"genre":[],"fonds":[],"tradition":[],"type-de-contenu":[],"interprete-compositeur":[],"frise":[],"type-devenement":[],"tableaux-liens-externes":[],"class_list":["post-106306","post","type-post","status-publish","format-standard","has-post-thumbnail","hentry","category-conciertos-film-es"],"acf":[],"yoast_head":"<!-- This site is optimized with the Yoast SEO plugin v27.3 - https:\/\/yoast.com\/product\/yoast-seo-wordpress\/ -->\n<title>Concierto lit\u00fargico en homenaje a Shalom Berlinski - Institut Europ\u00e9en des Musiques Juives<\/title>\n<meta name=\"robots\" content=\"index, follow, max-snippet:-1, max-image-preview:large, max-video-preview:-1\" \/>\n<link rel=\"canonical\" href=\"https:\/\/www.iemj.org\/es\/concert-liturgique-en-hommage-a-shalom-berlinski\/\" \/>\n<meta property=\"og:locale\" content=\"es_ES\" \/>\n<meta property=\"og:type\" content=\"article\" \/>\n<meta property=\"og:title\" content=\"Concierto lit\u00fargico en homenaje a Shalom Berlinski - Institut Europ\u00e9en des Musiques Juives\" \/>\n<meta property=\"og:description\" content=\"Union lib\u00e9rale isra\u00e9lite de France, 24 rue Copernic \u2013 75116 ParisMetro: Boissi\u00e8re o Victor Hugo\" \/>\n<meta property=\"og:url\" content=\"https:\/\/www.iemj.org\/es\/concert-liturgique-en-hommage-a-shalom-berlinski\/\" \/>\n<meta property=\"og:site_name\" content=\"Institut Europ\u00e9en des Musiques Juives\" \/>\n<meta property=\"article:publisher\" content=\"https:\/\/www.facebook.com\/MusiquesJuives\/\" \/>\n<meta property=\"article:published_time\" content=\"2011-04-14T17:37:11+00:00\" \/>\n<meta property=\"article:modified_time\" content=\"2023-12-13T09:11:18+00:00\" \/>\n<meta property=\"og:image\" content=\"https:\/\/www.iemj.org\/wp-content\/uploads\/2011\/04\/arton170.jpg\" \/>\n\t<meta property=\"og:image:width\" content=\"1476\" \/>\n\t<meta property=\"og:image:height\" content=\"1263\" \/>\n\t<meta property=\"og:image:type\" content=\"image\/jpeg\" \/>\n<meta name=\"author\" content=\"Nicolas Fevre\" \/>\n<meta name=\"twitter:card\" content=\"summary_large_image\" \/>\n<meta name=\"twitter:label1\" content=\"Escrito por\" \/>\n\t<meta name=\"twitter:data1\" content=\"Nicolas Fevre\" \/>\n\t<meta name=\"twitter:label2\" content=\"Tiempo de lectura\" \/>\n\t<meta name=\"twitter:data2\" content=\"1 minuto\" \/>\n<script type=\"application\/ld+json\" class=\"yoast-schema-graph\">{\"@context\":\"https:\\\/\\\/schema.org\",\"@graph\":[{\"@type\":\"Article\",\"@id\":\"https:\\\/\\\/www.iemj.org\\\/es\\\/concert-liturgique-en-hommage-a-shalom-berlinski\\\/#article\",\"isPartOf\":{\"@id\":\"https:\\\/\\\/www.iemj.org\\\/es\\\/concert-liturgique-en-hommage-a-shalom-berlinski\\\/\"},\"author\":{\"name\":\"Nicolas Fevre\",\"@id\":\"https:\\\/\\\/www.iemj.org\\\/es\\\/#\\\/schema\\\/person\\\/0dfc8632809ec10c9e7d4daf4f4b9f1c\"},\"headline\":\"Concierto lit\u00fargico en homenaje a Shalom Berlinski\",\"datePublished\":\"2011-04-14T17:37:11+00:00\",\"dateModified\":\"2023-12-13T09:11:18+00:00\",\"mainEntityOfPage\":{\"@id\":\"https:\\\/\\\/www.iemj.org\\\/es\\\/concert-liturgique-en-hommage-a-shalom-berlinski\\\/\"},\"wordCount\":179,\"publisher\":{\"@id\":\"https:\\\/\\\/www.iemj.org\\\/es\\\/#organization\"},\"image\":{\"@id\":\"https:\\\/\\\/www.iemj.org\\\/es\\\/concert-liturgique-en-hommage-a-shalom-berlinski\\\/#primaryimage\"},\"thumbnailUrl\":\"https:\\\/\\\/www.iemj.org\\\/wp-content\\\/uploads\\\/2011\\\/04\\\/arton170.jpg\",\"articleSection\":[\"Conciertos\"],\"inLanguage\":\"es\"},{\"@type\":\"WebPage\",\"@id\":\"https:\\\/\\\/www.iemj.org\\\/es\\\/concert-liturgique-en-hommage-a-shalom-berlinski\\\/\",\"url\":\"https:\\\/\\\/www.iemj.org\\\/es\\\/concert-liturgique-en-hommage-a-shalom-berlinski\\\/\",\"name\":\"Concierto lit\u00fargico en homenaje a Shalom Berlinski - Institut Europ\u00e9en des Musiques Juives\",\"isPartOf\":{\"@id\":\"https:\\\/\\\/www.iemj.org\\\/es\\\/#website\"},\"primaryImageOfPage\":{\"@id\":\"https:\\\/\\\/www.iemj.org\\\/es\\\/concert-liturgique-en-hommage-a-shalom-berlinski\\\/#primaryimage\"},\"image\":{\"@id\":\"https:\\\/\\\/www.iemj.org\\\/es\\\/concert-liturgique-en-hommage-a-shalom-berlinski\\\/#primaryimage\"},\"thumbnailUrl\":\"https:\\\/\\\/www.iemj.org\\\/wp-content\\\/uploads\\\/2011\\\/04\\\/arton170.jpg\",\"datePublished\":\"2011-04-14T17:37:11+00:00\",\"dateModified\":\"2023-12-13T09:11:18+00:00\",\"breadcrumb\":{\"@id\":\"https:\\\/\\\/www.iemj.org\\\/es\\\/concert-liturgique-en-hommage-a-shalom-berlinski\\\/#breadcrumb\"},\"inLanguage\":\"es\",\"potentialAction\":[{\"@type\":\"ReadAction\",\"target\":[\"https:\\\/\\\/www.iemj.org\\\/es\\\/concert-liturgique-en-hommage-a-shalom-berlinski\\\/\"]}]},{\"@type\":\"ImageObject\",\"inLanguage\":\"es\",\"@id\":\"https:\\\/\\\/www.iemj.org\\\/es\\\/concert-liturgique-en-hommage-a-shalom-berlinski\\\/#primaryimage\",\"url\":\"https:\\\/\\\/www.iemj.org\\\/wp-content\\\/uploads\\\/2011\\\/04\\\/arton170.jpg\",\"contentUrl\":\"https:\\\/\\\/www.iemj.org\\\/wp-content\\\/uploads\\\/2011\\\/04\\\/arton170.jpg\",\"width\":1476,\"height\":1263},{\"@type\":\"BreadcrumbList\",\"@id\":\"https:\\\/\\\/www.iemj.org\\\/es\\\/concert-liturgique-en-hommage-a-shalom-berlinski\\\/#breadcrumb\",\"itemListElement\":[{\"@type\":\"ListItem\",\"position\":1,\"name\":\"Accueil\",\"item\":\"https:\\\/\\\/www.iemj.org\\\/es\\\/\"},{\"@type\":\"ListItem\",\"position\":2,\"name\":\"Concierto lit\u00fargico en homenaje a Shalom Berlinski\"}]},{\"@type\":\"WebSite\",\"@id\":\"https:\\\/\\\/www.iemj.org\\\/es\\\/#website\",\"url\":\"https:\\\/\\\/www.iemj.org\\\/es\\\/\",\"name\":\"Institut Europ\u00e9en des Musiques Juives\",\"description\":\"Des traditions musicales \u00e0 la port\u00e9e de tous\",\"publisher\":{\"@id\":\"https:\\\/\\\/www.iemj.org\\\/es\\\/#organization\"},\"potentialAction\":[{\"@type\":\"SearchAction\",\"target\":{\"@type\":\"EntryPoint\",\"urlTemplate\":\"https:\\\/\\\/www.iemj.org\\\/es\\\/?s={search_term_string}\"},\"query-input\":{\"@type\":\"PropertyValueSpecification\",\"valueRequired\":true,\"valueName\":\"search_term_string\"}}],\"inLanguage\":\"es\"},{\"@type\":\"Organization\",\"@id\":\"https:\\\/\\\/www.iemj.org\\\/es\\\/#organization\",\"name\":\"Institut Europ\u00e9en des Musiques Juives\",\"url\":\"https:\\\/\\\/www.iemj.org\\\/es\\\/\",\"logo\":{\"@type\":\"ImageObject\",\"inLanguage\":\"es\",\"@id\":\"https:\\\/\\\/www.iemj.org\\\/es\\\/#\\\/schema\\\/logo\\\/image\\\/\",\"url\":\"https:\\\/\\\/www.iemj.org\\\/wp-content\\\/uploads\\\/2021\\\/09\\\/Logo-IEMJ-Paypal.jpg\",\"contentUrl\":\"https:\\\/\\\/www.iemj.org\\\/wp-content\\\/uploads\\\/2021\\\/09\\\/Logo-IEMJ-Paypal.jpg\",\"width\":150,\"height\":50,\"caption\":\"Institut Europ\u00e9en des Musiques Juives\"},\"image\":{\"@id\":\"https:\\\/\\\/www.iemj.org\\\/es\\\/#\\\/schema\\\/logo\\\/image\\\/\"},\"sameAs\":[\"https:\\\/\\\/www.facebook.com\\\/MusiquesJuives\\\/\",\"https:\\\/\\\/www.instagram.com\\\/musiquesjuives\\\/\",\"https:\\\/\\\/www.youtube.com\\\/user\\\/musiquesjuives\"]},{\"@type\":\"Person\",\"@id\":\"https:\\\/\\\/www.iemj.org\\\/es\\\/#\\\/schema\\\/person\\\/0dfc8632809ec10c9e7d4daf4f4b9f1c\",\"name\":\"Nicolas Fevre\",\"image\":{\"@type\":\"ImageObject\",\"inLanguage\":\"es\",\"@id\":\"https:\\\/\\\/secure.gravatar.com\\\/avatar\\\/d879fd262de3ba26caa7035b34c65f320aa09cf4c96889ac41d9325e287ccb7b?s=96&d=mm&r=g\",\"url\":\"https:\\\/\\\/secure.gravatar.com\\\/avatar\\\/d879fd262de3ba26caa7035b34c65f320aa09cf4c96889ac41d9325e287ccb7b?s=96&d=mm&r=g\",\"contentUrl\":\"https:\\\/\\\/secure.gravatar.com\\\/avatar\\\/d879fd262de3ba26caa7035b34c65f320aa09cf4c96889ac41d9325e287ccb7b?s=96&d=mm&r=g\",\"caption\":\"Nicolas Fevre\"}}]}<\/script>\n<!-- \/ Yoast SEO plugin. -->","yoast_head_json":{"title":"Concierto lit\u00fargico en homenaje a Shalom Berlinski - Institut Europ\u00e9en des Musiques Juives","robots":{"index":"index","follow":"follow","max-snippet":"max-snippet:-1","max-image-preview":"max-image-preview:large","max-video-preview":"max-video-preview:-1"},"canonical":"https:\/\/www.iemj.org\/es\/concert-liturgique-en-hommage-a-shalom-berlinski\/","og_locale":"es_ES","og_type":"article","og_title":"Concierto lit\u00fargico en homenaje a Shalom Berlinski - Institut Europ\u00e9en des Musiques Juives","og_description":"Union lib\u00e9rale isra\u00e9lite de France, 24 rue Copernic \u2013 75116 ParisMetro: Boissi\u00e8re o Victor Hugo","og_url":"https:\/\/www.iemj.org\/es\/concert-liturgique-en-hommage-a-shalom-berlinski\/","og_site_name":"Institut Europ\u00e9en des Musiques Juives","article_publisher":"https:\/\/www.facebook.com\/MusiquesJuives\/","article_published_time":"2011-04-14T17:37:11+00:00","article_modified_time":"2023-12-13T09:11:18+00:00","og_image":[{"width":1476,"height":1263,"url":"https:\/\/www.iemj.org\/wp-content\/uploads\/2011\/04\/arton170.jpg","type":"image\/jpeg"}],"author":"Nicolas Fevre","twitter_card":"summary_large_image","twitter_misc":{"Escrito por":"Nicolas Fevre","Tiempo de lectura":"1 minuto"},"schema":{"@context":"https:\/\/schema.org","@graph":[{"@type":"Article","@id":"https:\/\/www.iemj.org\/es\/concert-liturgique-en-hommage-a-shalom-berlinski\/#article","isPartOf":{"@id":"https:\/\/www.iemj.org\/es\/concert-liturgique-en-hommage-a-shalom-berlinski\/"},"author":{"name":"Nicolas Fevre","@id":"https:\/\/www.iemj.org\/es\/#\/schema\/person\/0dfc8632809ec10c9e7d4daf4f4b9f1c"},"headline":"Concierto lit\u00fargico en homenaje a Shalom Berlinski","datePublished":"2011-04-14T17:37:11+00:00","dateModified":"2023-12-13T09:11:18+00:00","mainEntityOfPage":{"@id":"https:\/\/www.iemj.org\/es\/concert-liturgique-en-hommage-a-shalom-berlinski\/"},"wordCount":179,"publisher":{"@id":"https:\/\/www.iemj.org\/es\/#organization"},"image":{"@id":"https:\/\/www.iemj.org\/es\/concert-liturgique-en-hommage-a-shalom-berlinski\/#primaryimage"},"thumbnailUrl":"https:\/\/www.iemj.org\/wp-content\/uploads\/2011\/04\/arton170.jpg","articleSection":["Conciertos"],"inLanguage":"es"},{"@type":"WebPage","@id":"https:\/\/www.iemj.org\/es\/concert-liturgique-en-hommage-a-shalom-berlinski\/","url":"https:\/\/www.iemj.org\/es\/concert-liturgique-en-hommage-a-shalom-berlinski\/","name":"Concierto lit\u00fargico en homenaje a Shalom Berlinski - Institut Europ\u00e9en des Musiques Juives","isPartOf":{"@id":"https:\/\/www.iemj.org\/es\/#website"},"primaryImageOfPage":{"@id":"https:\/\/www.iemj.org\/es\/concert-liturgique-en-hommage-a-shalom-berlinski\/#primaryimage"},"image":{"@id":"https:\/\/www.iemj.org\/es\/concert-liturgique-en-hommage-a-shalom-berlinski\/#primaryimage"},"thumbnailUrl":"https:\/\/www.iemj.org\/wp-content\/uploads\/2011\/04\/arton170.jpg","datePublished":"2011-04-14T17:37:11+00:00","dateModified":"2023-12-13T09:11:18+00:00","breadcrumb":{"@id":"https:\/\/www.iemj.org\/es\/concert-liturgique-en-hommage-a-shalom-berlinski\/#breadcrumb"},"inLanguage":"es","potentialAction":[{"@type":"ReadAction","target":["https:\/\/www.iemj.org\/es\/concert-liturgique-en-hommage-a-shalom-berlinski\/"]}]},{"@type":"ImageObject","inLanguage":"es","@id":"https:\/\/www.iemj.org\/es\/concert-liturgique-en-hommage-a-shalom-berlinski\/#primaryimage","url":"https:\/\/www.iemj.org\/wp-content\/uploads\/2011\/04\/arton170.jpg","contentUrl":"https:\/\/www.iemj.org\/wp-content\/uploads\/2011\/04\/arton170.jpg","width":1476,"height":1263},{"@type":"BreadcrumbList","@id":"https:\/\/www.iemj.org\/es\/concert-liturgique-en-hommage-a-shalom-berlinski\/#breadcrumb","itemListElement":[{"@type":"ListItem","position":1,"name":"Accueil","item":"https:\/\/www.iemj.org\/es\/"},{"@type":"ListItem","position":2,"name":"Concierto lit\u00fargico en homenaje a Shalom Berlinski"}]},{"@type":"WebSite","@id":"https:\/\/www.iemj.org\/es\/#website","url":"https:\/\/www.iemj.org\/es\/","name":"Institut Europ\u00e9en des Musiques Juives","description":"Des traditions musicales \u00e0 la port\u00e9e de tous","publisher":{"@id":"https:\/\/www.iemj.org\/es\/#organization"},"potentialAction":[{"@type":"SearchAction","target":{"@type":"EntryPoint","urlTemplate":"https:\/\/www.iemj.org\/es\/?s={search_term_string}"},"query-input":{"@type":"PropertyValueSpecification","valueRequired":true,"valueName":"search_term_string"}}],"inLanguage":"es"},{"@type":"Organization","@id":"https:\/\/www.iemj.org\/es\/#organization","name":"Institut Europ\u00e9en des Musiques Juives","url":"https:\/\/www.iemj.org\/es\/","logo":{"@type":"ImageObject","inLanguage":"es","@id":"https:\/\/www.iemj.org\/es\/#\/schema\/logo\/image\/","url":"https:\/\/www.iemj.org\/wp-content\/uploads\/2021\/09\/Logo-IEMJ-Paypal.jpg","contentUrl":"https:\/\/www.iemj.org\/wp-content\/uploads\/2021\/09\/Logo-IEMJ-Paypal.jpg","width":150,"height":50,"caption":"Institut Europ\u00e9en des Musiques Juives"},"image":{"@id":"https:\/\/www.iemj.org\/es\/#\/schema\/logo\/image\/"},"sameAs":["https:\/\/www.facebook.com\/MusiquesJuives\/","https:\/\/www.instagram.com\/musiquesjuives\/","https:\/\/www.youtube.com\/user\/musiquesjuives"]},{"@type":"Person","@id":"https:\/\/www.iemj.org\/es\/#\/schema\/person\/0dfc8632809ec10c9e7d4daf4f4b9f1c","name":"Nicolas Fevre","image":{"@type":"ImageObject","inLanguage":"es","@id":"https:\/\/secure.gravatar.com\/avatar\/d879fd262de3ba26caa7035b34c65f320aa09cf4c96889ac41d9325e287ccb7b?s=96&d=mm&r=g","url":"https:\/\/secure.gravatar.com\/avatar\/d879fd262de3ba26caa7035b34c65f320aa09cf4c96889ac41d9325e287ccb7b?s=96&d=mm&r=g","contentUrl":"https:\/\/secure.gravatar.com\/avatar\/d879fd262de3ba26caa7035b34c65f320aa09cf4c96889ac41d9325e287ccb7b?s=96&d=mm&r=g","caption":"Nicolas Fevre"}}]}},"_links":{"self":[{"href":"https:\/\/www.iemj.org\/es\/wp-json\/wp\/v2\/posts\/106306","targetHints":{"allow":["GET"]}}],"collection":[{"href":"https:\/\/www.iemj.org\/es\/wp-json\/wp\/v2\/posts"}],"about":[{"href":"https:\/\/www.iemj.org\/es\/wp-json\/wp\/v2\/types\/post"}],"author":[{"embeddable":true,"href":"https:\/\/www.iemj.org\/es\/wp-json\/wp\/v2\/users\/1047"}],"replies":[{"embeddable":true,"href":"https:\/\/www.iemj.org\/es\/wp-json\/wp\/v2\/comments?post=106306"}],"version-history":[{"count":0,"href":"https:\/\/www.iemj.org\/es\/wp-json\/wp\/v2\/posts\/106306\/revisions"}],"wp:featuredmedia":[{"embeddable":true,"href":"https:\/\/www.iemj.org\/es\/wp-json\/wp\/v2\/media\/106307"}],"wp:attachment":[{"href":"https:\/\/www.iemj.org\/es\/wp-json\/wp\/v2\/media?parent=106306"}],"wp:term":[{"taxonomy":"category","embeddable":true,"href":"https:\/\/www.iemj.org\/es\/wp-json\/wp\/v2\/categories?post=106306"},{"taxonomy":"post_tag","embeddable":true,"href":"https:\/\/www.iemj.org\/es\/wp-json\/wp\/v2\/tags?post=106306"},{"taxonomy":"technique","embeddable":true,"href":"https:\/\/www.iemj.org\/es\/wp-json\/wp\/v2\/technique?post=106306"},{"taxonomy":"squelettes","embeddable":true,"href":"https:\/\/www.iemj.org\/es\/wp-json\/wp\/v2\/squelettes?post=106306"},{"taxonomy":"sujet","embeddable":true,"href":"https:\/\/www.iemj.org\/es\/wp-json\/wp\/v2\/sujet?post=106306"},{"taxonomy":"formation","embeddable":true,"href":"https:\/\/www.iemj.org\/es\/wp-json\/wp\/v2\/formation?post=106306"},{"taxonomy":"genre","embeddable":true,"href":"https:\/\/www.iemj.org\/es\/wp-json\/wp\/v2\/genre?post=106306"},{"taxonomy":"fonds","embeddable":true,"href":"https:\/\/www.iemj.org\/es\/wp-json\/wp\/v2\/fonds?post=106306"},{"taxonomy":"tradition","embeddable":true,"href":"https:\/\/www.iemj.org\/es\/wp-json\/wp\/v2\/tradition?post=106306"},{"taxonomy":"type-de-contenu","embeddable":true,"href":"https:\/\/www.iemj.org\/es\/wp-json\/wp\/v2\/type-de-contenu?post=106306"},{"taxonomy":"interprete-compositeur","embeddable":true,"href":"https:\/\/www.iemj.org\/es\/wp-json\/wp\/v2\/interprete-compositeur?post=106306"},{"taxonomy":"frise","embeddable":true,"href":"https:\/\/www.iemj.org\/es\/wp-json\/wp\/v2\/frise?post=106306"},{"taxonomy":"type-devenement","embeddable":true,"href":"https:\/\/www.iemj.org\/es\/wp-json\/wp\/v2\/type-devenement?post=106306"},{"taxonomy":"tableaux-liens-externes","embeddable":true,"href":"https:\/\/www.iemj.org\/es\/wp-json\/wp\/v2\/tableaux-liens-externes?post=106306"}],"curies":[{"name":"wp","href":"https:\/\/api.w.org\/{rel}","templated":true}]}}