{"id":106595,"date":"2016-02-10T16:22:00","date_gmt":"2016-02-10T15:22:00","guid":{"rendered":"https:\/\/www.iemj.org\/limportance-du-chant-dans-la-tradition-juive-herve-roten\/"},"modified":"2025-10-04T18:10:34","modified_gmt":"2025-10-04T16:10:34","slug":"limportance-du-chant-dans-la-tradition-juive-herve-roten","status":"publish","type":"post","link":"https:\/\/www.iemj.org\/es\/limportance-du-chant-dans-la-tradition-juive-herve-roten\/","title":{"rendered":"La importancia del canto en la tradici\u00f3n jud\u00eda &#8211; Herv\u00e9 Roten"},"content":{"rendered":"\n<p><strong>En el marco de la&nbsp;<a href=\"https:\/\/www.iemj.org\/es\/colloque-et-concerts-vox-aurea-via-sacra-2014-la-musique-sacree-juive\/\" target=\"_blank\" rel=\"noreferrer noopener\">jornada de estudios Vox Aurea-Via Sacra 2014<\/a>, dedicada a la m\u00fasica sacra jud\u00eda, Herv\u00e9 Roten, Etnomusic\u00f3logo y director del Instituto Europeo de M\u00fasicas Jud\u00edas, nos presenta un panorama vocal de la tradici\u00f3n jud\u00eda a trav\u00e9s del tiempo y del espacio<\/strong><\/p>\n\n\n\n<!--more-->\n\n\n<h2><span style=\"color: #3c4b98;\">Escuchar la conferencia al final de la p\u00e1gina<\/span><\/h2>\n<p>El canto est\u00e1 omnipresente en el juda\u00edsmo, naturalmente en la sinagoga, pero tambi\u00e9n en el hogar familiar. Marca las fiestas del a\u00f1o jud\u00edo y los momentos culminantes de la vida, desde el nacimiento hasta la muerte, pasando por la circuncisi\u00f3n, la comuni\u00f3n (bar mitzvah) y el matrimonio.<\/p>\n<p>Desde una edad temprana, todo ni\u00f1o jud\u00edo religioso aprende las letras del alfabeto hebreo cantando sus nombres. Este uso del canto contin\u00faa en el estudio de los textos b\u00edblicos y la recitaci\u00f3n de las oraciones. El canto sirve as\u00ed de ayuda a la memoria y de puntuaci\u00f3n sint\u00e1ctica, permitiendo que la liturgia se desarrolle seg\u00fan la tradici\u00f3n.<\/p>\n<p>Pero el canto es tambi\u00e9n un vector de identidad. Cada jud\u00edo se identifica con las canciones de su propia comunidad y tradici\u00f3n. En efecto, aunque el hebreo es un denominador com\u00fan en todas, o casi todas, las comunidades jud\u00edas, las melod\u00edas y los estilos vocales difieren de una tradici\u00f3n a otra. As\u00ed han transcurrido dos mil a\u00f1os de di\u00e1spora.<\/p>\n<p>Entre sus publicaciones figuran, Musiques liturgiques juives : parcours et escales, Paris, cit\u00e9 de la musique\/Arles, Actes 1998; <a href=\"https:\/\/www.iemj.org\/es\/les-traditions-musicales-judeo-portugaises-en-france\/\" target=\"_blank\" rel=\"noopener\">Les traditions musicales judeo-portugaises en France, Paris, Maisonneuve&amp;Larose, 2000<\/a>.<\/p>\n<p><a href=\"https:\/\/www.iemj.org\/es\/colloque-et-concerts-vox-aurea-via-sacra-2014-la-musique-sacree-juive\/\" target=\"_blank\" rel=\"noopener\">M\u00e1s informaci\u00f3n sobre las conferencias y el programa de conciertos de la tercera edici\u00f3n de Vox Aurea-Via Sacra dedicada a la m\u00fasica sacra jud\u00eda.<\/a><\/p>\n\n<div class=\"wp-block-image\">\n<figure class=\"aligncenter size-large\"><img fetchpriority=\"high\" decoding=\"async\" width=\"1024\" height=\"133\" src=\"https:\/\/www.iemj.org\/wp-content\/uploads\/2024\/03\/AUDIO-PLAYER-1024x133.png\" alt=\"\" class=\"wp-image-110610\" srcset=\"https:\/\/www.iemj.org\/wp-content\/uploads\/2024\/03\/AUDIO-PLAYER-1024x133.png 1024w, https:\/\/www.iemj.org\/wp-content\/uploads\/2024\/03\/AUDIO-PLAYER-300x39.png 300w, https:\/\/www.iemj.org\/wp-content\/uploads\/2024\/03\/AUDIO-PLAYER-768x100.png 768w, https:\/\/www.iemj.org\/wp-content\/uploads\/2024\/03\/AUDIO-PLAYER-600x78.png 600w, https:\/\/www.iemj.org\/wp-content\/uploads\/2024\/03\/AUDIO-PLAYER.png 1210w\" sizes=\"(max-width: 1024px) 100vw, 1024px\" \/><\/figure>\n<\/div>\n\n\n<div class=\"wp-block-file\"><a id=\"wp-block-file--media-288a1bb4-160c-439d-acff-43a0cb7d8a88\" href=\"https:\/\/www.iemj.org\/wp-content\/uploads\/2016\/02\/mix_def_vox_aurea_herve.mp3\">L&#8217;importance du chant dans la tradition juive &#8211; Herv\u00e9 Roten<\/a><\/div>\n","protected":false},"excerpt":{"rendered":"<p>En el marco de la&nbsp;jornada de estudios Vox Aurea-Via Sacra 2014, dedicada a la m\u00fasica sacra jud\u00eda, Herv\u00e9 Roten, Etnomusic\u00f3logo y director del Instituto Europeo de M\u00fasicas Jud\u00edas, nos presenta<\/p>\n","protected":false},"author":1052,"featured_media":106580,"comment_status":"closed","ping_status":"closed","sticky":false,"template":"","format":"standard","meta":{"_acf_changed":false,"footnotes":""},"categories":[1420],"tags":[3422],"technique":[],"squelettes":[],"sujet":[],"formation":[],"genre":[1890],"fonds":[],"tradition":[],"type-de-contenu":[],"interprete-compositeur":[],"frise":[],"type-devenement":[],"tableaux-liens-externes":[],"class_list":["post-106595","post","type-post","status-publish","format-standard","has-post-thumbnail","hentry","category-clases-conferencias-2-es","tag-eventos-asociados-es","genre-liturgia-es"],"acf":[],"yoast_head":"<!-- This site is optimized with the Yoast SEO plugin v27.3 - https:\/\/yoast.com\/product\/yoast-seo-wordpress\/ -->\n<title>La importancia del canto en la tradici\u00f3n jud\u00eda - Herv\u00e9 Roten - Institut Europ\u00e9en des Musiques Juives<\/title>\n<meta name=\"robots\" content=\"index, follow, max-snippet:-1, max-image-preview:large, max-video-preview:-1\" \/>\n<link rel=\"canonical\" href=\"https:\/\/www.iemj.org\/es\/limportance-du-chant-dans-la-tradition-juive-herve-roten\/\" \/>\n<meta property=\"og:locale\" content=\"es_ES\" \/>\n<meta property=\"og:type\" content=\"article\" \/>\n<meta property=\"og:title\" content=\"La importancia del canto en la tradici\u00f3n jud\u00eda - Herv\u00e9 Roten - Institut Europ\u00e9en des Musiques Juives\" \/>\n<meta property=\"og:description\" content=\"En el marco de la&nbsp;jornada de estudios Vox Aurea-Via Sacra 2014, dedicada a la m\u00fasica sacra jud\u00eda, Herv\u00e9 Roten, Etnomusic\u00f3logo y director del Instituto Europeo de M\u00fasicas Jud\u00edas, nos presenta\" \/>\n<meta property=\"og:url\" content=\"https:\/\/www.iemj.org\/es\/limportance-du-chant-dans-la-tradition-juive-herve-roten\/\" \/>\n<meta property=\"og:site_name\" content=\"Institut Europ\u00e9en des Musiques Juives\" \/>\n<meta property=\"article:publisher\" content=\"https:\/\/www.facebook.com\/MusiquesJuives\/\" \/>\n<meta property=\"article:published_time\" content=\"2016-02-10T15:22:00+00:00\" \/>\n<meta property=\"article:modified_time\" content=\"2025-10-04T16:10:34+00:00\" \/>\n<meta property=\"og:image\" content=\"https:\/\/www.iemj.org\/wp-content\/uploads\/2016\/02\/arton1460.jpg\" \/>\n\t<meta property=\"og:image:width\" content=\"171\" \/>\n\t<meta property=\"og:image:height\" content=\"173\" \/>\n\t<meta property=\"og:image:type\" content=\"image\/jpeg\" \/>\n<meta name=\"author\" content=\"Lea Couderc\" \/>\n<meta name=\"twitter:card\" content=\"summary_large_image\" \/>\n<meta name=\"twitter:label1\" content=\"Escrito por\" \/>\n\t<meta name=\"twitter:data1\" content=\"Lea Couderc\" \/>\n\t<meta name=\"twitter:label2\" content=\"Tiempo de lectura\" \/>\n\t<meta name=\"twitter:data2\" content=\"2 minutos\" \/>\n<script type=\"application\/ld+json\" class=\"yoast-schema-graph\">{\"@context\":\"https:\\\/\\\/schema.org\",\"@graph\":[{\"@type\":\"Article\",\"@id\":\"https:\\\/\\\/www.iemj.org\\\/es\\\/limportance-du-chant-dans-la-tradition-juive-herve-roten\\\/#article\",\"isPartOf\":{\"@id\":\"https:\\\/\\\/www.iemj.org\\\/es\\\/limportance-du-chant-dans-la-tradition-juive-herve-roten\\\/\"},\"author\":{\"name\":\"Lea Couderc\",\"@id\":\"https:\\\/\\\/www.iemj.org\\\/es\\\/#\\\/schema\\\/person\\\/e2ad57f2c4be119c7ed8ab79036807a9\"},\"headline\":\"La importancia del canto en la tradici\u00f3n jud\u00eda &#8211; Herv\u00e9 Roten\",\"datePublished\":\"2016-02-10T15:22:00+00:00\",\"dateModified\":\"2025-10-04T16:10:34+00:00\",\"mainEntityOfPage\":{\"@id\":\"https:\\\/\\\/www.iemj.org\\\/es\\\/limportance-du-chant-dans-la-tradition-juive-herve-roten\\\/\"},\"wordCount\":329,\"publisher\":{\"@id\":\"https:\\\/\\\/www.iemj.org\\\/es\\\/#organization\"},\"image\":{\"@id\":\"https:\\\/\\\/www.iemj.org\\\/es\\\/limportance-du-chant-dans-la-tradition-juive-herve-roten\\\/#primaryimage\"},\"thumbnailUrl\":\"https:\\\/\\\/www.iemj.org\\\/wp-content\\\/uploads\\\/2016\\\/02\\\/arton1460.jpg\",\"keywords\":[\"Eventos asociados\"],\"articleSection\":[\"Clases \\\/ Conferencias\"],\"inLanguage\":\"es\"},{\"@type\":\"WebPage\",\"@id\":\"https:\\\/\\\/www.iemj.org\\\/es\\\/limportance-du-chant-dans-la-tradition-juive-herve-roten\\\/\",\"url\":\"https:\\\/\\\/www.iemj.org\\\/es\\\/limportance-du-chant-dans-la-tradition-juive-herve-roten\\\/\",\"name\":\"La importancia del canto en la tradici\u00f3n jud\u00eda - Herv\u00e9 Roten - Institut Europ\u00e9en des Musiques Juives\",\"isPartOf\":{\"@id\":\"https:\\\/\\\/www.iemj.org\\\/es\\\/#website\"},\"primaryImageOfPage\":{\"@id\":\"https:\\\/\\\/www.iemj.org\\\/es\\\/limportance-du-chant-dans-la-tradition-juive-herve-roten\\\/#primaryimage\"},\"image\":{\"@id\":\"https:\\\/\\\/www.iemj.org\\\/es\\\/limportance-du-chant-dans-la-tradition-juive-herve-roten\\\/#primaryimage\"},\"thumbnailUrl\":\"https:\\\/\\\/www.iemj.org\\\/wp-content\\\/uploads\\\/2016\\\/02\\\/arton1460.jpg\",\"datePublished\":\"2016-02-10T15:22:00+00:00\",\"dateModified\":\"2025-10-04T16:10:34+00:00\",\"breadcrumb\":{\"@id\":\"https:\\\/\\\/www.iemj.org\\\/es\\\/limportance-du-chant-dans-la-tradition-juive-herve-roten\\\/#breadcrumb\"},\"inLanguage\":\"es\",\"potentialAction\":[{\"@type\":\"ReadAction\",\"target\":[\"https:\\\/\\\/www.iemj.org\\\/es\\\/limportance-du-chant-dans-la-tradition-juive-herve-roten\\\/\"]}]},{\"@type\":\"ImageObject\",\"inLanguage\":\"es\",\"@id\":\"https:\\\/\\\/www.iemj.org\\\/es\\\/limportance-du-chant-dans-la-tradition-juive-herve-roten\\\/#primaryimage\",\"url\":\"https:\\\/\\\/www.iemj.org\\\/wp-content\\\/uploads\\\/2016\\\/02\\\/arton1460.jpg\",\"contentUrl\":\"https:\\\/\\\/www.iemj.org\\\/wp-content\\\/uploads\\\/2016\\\/02\\\/arton1460.jpg\",\"width\":171,\"height\":173},{\"@type\":\"BreadcrumbList\",\"@id\":\"https:\\\/\\\/www.iemj.org\\\/es\\\/limportance-du-chant-dans-la-tradition-juive-herve-roten\\\/#breadcrumb\",\"itemListElement\":[{\"@type\":\"ListItem\",\"position\":1,\"name\":\"Accueil\",\"item\":\"https:\\\/\\\/www.iemj.org\\\/es\\\/\"},{\"@type\":\"ListItem\",\"position\":2,\"name\":\"La importancia del canto en la tradici\u00f3n jud\u00eda &#8211; Herv\u00e9 Roten\"}]},{\"@type\":\"WebSite\",\"@id\":\"https:\\\/\\\/www.iemj.org\\\/es\\\/#website\",\"url\":\"https:\\\/\\\/www.iemj.org\\\/es\\\/\",\"name\":\"Institut Europ\u00e9en des Musiques Juives\",\"description\":\"Des traditions musicales \u00e0 la port\u00e9e de tous\",\"publisher\":{\"@id\":\"https:\\\/\\\/www.iemj.org\\\/es\\\/#organization\"},\"potentialAction\":[{\"@type\":\"SearchAction\",\"target\":{\"@type\":\"EntryPoint\",\"urlTemplate\":\"https:\\\/\\\/www.iemj.org\\\/es\\\/?s={search_term_string}\"},\"query-input\":{\"@type\":\"PropertyValueSpecification\",\"valueRequired\":true,\"valueName\":\"search_term_string\"}}],\"inLanguage\":\"es\"},{\"@type\":\"Organization\",\"@id\":\"https:\\\/\\\/www.iemj.org\\\/es\\\/#organization\",\"name\":\"Institut Europ\u00e9en des Musiques Juives\",\"url\":\"https:\\\/\\\/www.iemj.org\\\/es\\\/\",\"logo\":{\"@type\":\"ImageObject\",\"inLanguage\":\"es\",\"@id\":\"https:\\\/\\\/www.iemj.org\\\/es\\\/#\\\/schema\\\/logo\\\/image\\\/\",\"url\":\"https:\\\/\\\/www.iemj.org\\\/wp-content\\\/uploads\\\/2021\\\/09\\\/Logo-IEMJ-Paypal.jpg\",\"contentUrl\":\"https:\\\/\\\/www.iemj.org\\\/wp-content\\\/uploads\\\/2021\\\/09\\\/Logo-IEMJ-Paypal.jpg\",\"width\":150,\"height\":50,\"caption\":\"Institut Europ\u00e9en des Musiques Juives\"},\"image\":{\"@id\":\"https:\\\/\\\/www.iemj.org\\\/es\\\/#\\\/schema\\\/logo\\\/image\\\/\"},\"sameAs\":[\"https:\\\/\\\/www.facebook.com\\\/MusiquesJuives\\\/\",\"https:\\\/\\\/www.instagram.com\\\/musiquesjuives\\\/\",\"https:\\\/\\\/www.youtube.com\\\/user\\\/musiquesjuives\"]},{\"@type\":\"Person\",\"@id\":\"https:\\\/\\\/www.iemj.org\\\/es\\\/#\\\/schema\\\/person\\\/e2ad57f2c4be119c7ed8ab79036807a9\",\"name\":\"Lea Couderc\",\"image\":{\"@type\":\"ImageObject\",\"inLanguage\":\"es\",\"@id\":\"https:\\\/\\\/secure.gravatar.com\\\/avatar\\\/46ee021475d60aeff17a7e490b79dea5a5684bb392ab7fd1494027411df8ba23?s=96&d=mm&r=g\",\"url\":\"https:\\\/\\\/secure.gravatar.com\\\/avatar\\\/46ee021475d60aeff17a7e490b79dea5a5684bb392ab7fd1494027411df8ba23?s=96&d=mm&r=g\",\"contentUrl\":\"https:\\\/\\\/secure.gravatar.com\\\/avatar\\\/46ee021475d60aeff17a7e490b79dea5a5684bb392ab7fd1494027411df8ba23?s=96&d=mm&r=g\",\"caption\":\"Lea Couderc\"}}]}<\/script>\n<!-- \/ Yoast SEO plugin. -->","yoast_head_json":{"title":"La importancia del canto en la tradici\u00f3n jud\u00eda - Herv\u00e9 Roten - Institut Europ\u00e9en des Musiques Juives","robots":{"index":"index","follow":"follow","max-snippet":"max-snippet:-1","max-image-preview":"max-image-preview:large","max-video-preview":"max-video-preview:-1"},"canonical":"https:\/\/www.iemj.org\/es\/limportance-du-chant-dans-la-tradition-juive-herve-roten\/","og_locale":"es_ES","og_type":"article","og_title":"La importancia del canto en la tradici\u00f3n jud\u00eda - Herv\u00e9 Roten - Institut Europ\u00e9en des Musiques Juives","og_description":"En el marco de la&nbsp;jornada de estudios Vox Aurea-Via Sacra 2014, dedicada a la m\u00fasica sacra jud\u00eda, Herv\u00e9 Roten, Etnomusic\u00f3logo y director del Instituto Europeo de M\u00fasicas Jud\u00edas, nos presenta","og_url":"https:\/\/www.iemj.org\/es\/limportance-du-chant-dans-la-tradition-juive-herve-roten\/","og_site_name":"Institut Europ\u00e9en des Musiques Juives","article_publisher":"https:\/\/www.facebook.com\/MusiquesJuives\/","article_published_time":"2016-02-10T15:22:00+00:00","article_modified_time":"2025-10-04T16:10:34+00:00","og_image":[{"width":171,"height":173,"url":"https:\/\/www.iemj.org\/wp-content\/uploads\/2016\/02\/arton1460.jpg","type":"image\/jpeg"}],"author":"Lea Couderc","twitter_card":"summary_large_image","twitter_misc":{"Escrito por":"Lea Couderc","Tiempo de lectura":"2 minutos"},"schema":{"@context":"https:\/\/schema.org","@graph":[{"@type":"Article","@id":"https:\/\/www.iemj.org\/es\/limportance-du-chant-dans-la-tradition-juive-herve-roten\/#article","isPartOf":{"@id":"https:\/\/www.iemj.org\/es\/limportance-du-chant-dans-la-tradition-juive-herve-roten\/"},"author":{"name":"Lea Couderc","@id":"https:\/\/www.iemj.org\/es\/#\/schema\/person\/e2ad57f2c4be119c7ed8ab79036807a9"},"headline":"La importancia del canto en la tradici\u00f3n jud\u00eda &#8211; Herv\u00e9 Roten","datePublished":"2016-02-10T15:22:00+00:00","dateModified":"2025-10-04T16:10:34+00:00","mainEntityOfPage":{"@id":"https:\/\/www.iemj.org\/es\/limportance-du-chant-dans-la-tradition-juive-herve-roten\/"},"wordCount":329,"publisher":{"@id":"https:\/\/www.iemj.org\/es\/#organization"},"image":{"@id":"https:\/\/www.iemj.org\/es\/limportance-du-chant-dans-la-tradition-juive-herve-roten\/#primaryimage"},"thumbnailUrl":"https:\/\/www.iemj.org\/wp-content\/uploads\/2016\/02\/arton1460.jpg","keywords":["Eventos asociados"],"articleSection":["Clases \/ Conferencias"],"inLanguage":"es"},{"@type":"WebPage","@id":"https:\/\/www.iemj.org\/es\/limportance-du-chant-dans-la-tradition-juive-herve-roten\/","url":"https:\/\/www.iemj.org\/es\/limportance-du-chant-dans-la-tradition-juive-herve-roten\/","name":"La importancia del canto en la tradici\u00f3n jud\u00eda - Herv\u00e9 Roten - Institut Europ\u00e9en des Musiques Juives","isPartOf":{"@id":"https:\/\/www.iemj.org\/es\/#website"},"primaryImageOfPage":{"@id":"https:\/\/www.iemj.org\/es\/limportance-du-chant-dans-la-tradition-juive-herve-roten\/#primaryimage"},"image":{"@id":"https:\/\/www.iemj.org\/es\/limportance-du-chant-dans-la-tradition-juive-herve-roten\/#primaryimage"},"thumbnailUrl":"https:\/\/www.iemj.org\/wp-content\/uploads\/2016\/02\/arton1460.jpg","datePublished":"2016-02-10T15:22:00+00:00","dateModified":"2025-10-04T16:10:34+00:00","breadcrumb":{"@id":"https:\/\/www.iemj.org\/es\/limportance-du-chant-dans-la-tradition-juive-herve-roten\/#breadcrumb"},"inLanguage":"es","potentialAction":[{"@type":"ReadAction","target":["https:\/\/www.iemj.org\/es\/limportance-du-chant-dans-la-tradition-juive-herve-roten\/"]}]},{"@type":"ImageObject","inLanguage":"es","@id":"https:\/\/www.iemj.org\/es\/limportance-du-chant-dans-la-tradition-juive-herve-roten\/#primaryimage","url":"https:\/\/www.iemj.org\/wp-content\/uploads\/2016\/02\/arton1460.jpg","contentUrl":"https:\/\/www.iemj.org\/wp-content\/uploads\/2016\/02\/arton1460.jpg","width":171,"height":173},{"@type":"BreadcrumbList","@id":"https:\/\/www.iemj.org\/es\/limportance-du-chant-dans-la-tradition-juive-herve-roten\/#breadcrumb","itemListElement":[{"@type":"ListItem","position":1,"name":"Accueil","item":"https:\/\/www.iemj.org\/es\/"},{"@type":"ListItem","position":2,"name":"La importancia del canto en la tradici\u00f3n jud\u00eda &#8211; Herv\u00e9 Roten"}]},{"@type":"WebSite","@id":"https:\/\/www.iemj.org\/es\/#website","url":"https:\/\/www.iemj.org\/es\/","name":"Institut Europ\u00e9en des Musiques Juives","description":"Des traditions musicales \u00e0 la port\u00e9e de tous","publisher":{"@id":"https:\/\/www.iemj.org\/es\/#organization"},"potentialAction":[{"@type":"SearchAction","target":{"@type":"EntryPoint","urlTemplate":"https:\/\/www.iemj.org\/es\/?s={search_term_string}"},"query-input":{"@type":"PropertyValueSpecification","valueRequired":true,"valueName":"search_term_string"}}],"inLanguage":"es"},{"@type":"Organization","@id":"https:\/\/www.iemj.org\/es\/#organization","name":"Institut Europ\u00e9en des Musiques Juives","url":"https:\/\/www.iemj.org\/es\/","logo":{"@type":"ImageObject","inLanguage":"es","@id":"https:\/\/www.iemj.org\/es\/#\/schema\/logo\/image\/","url":"https:\/\/www.iemj.org\/wp-content\/uploads\/2021\/09\/Logo-IEMJ-Paypal.jpg","contentUrl":"https:\/\/www.iemj.org\/wp-content\/uploads\/2021\/09\/Logo-IEMJ-Paypal.jpg","width":150,"height":50,"caption":"Institut Europ\u00e9en des Musiques Juives"},"image":{"@id":"https:\/\/www.iemj.org\/es\/#\/schema\/logo\/image\/"},"sameAs":["https:\/\/www.facebook.com\/MusiquesJuives\/","https:\/\/www.instagram.com\/musiquesjuives\/","https:\/\/www.youtube.com\/user\/musiquesjuives"]},{"@type":"Person","@id":"https:\/\/www.iemj.org\/es\/#\/schema\/person\/e2ad57f2c4be119c7ed8ab79036807a9","name":"Lea Couderc","image":{"@type":"ImageObject","inLanguage":"es","@id":"https:\/\/secure.gravatar.com\/avatar\/46ee021475d60aeff17a7e490b79dea5a5684bb392ab7fd1494027411df8ba23?s=96&d=mm&r=g","url":"https:\/\/secure.gravatar.com\/avatar\/46ee021475d60aeff17a7e490b79dea5a5684bb392ab7fd1494027411df8ba23?s=96&d=mm&r=g","contentUrl":"https:\/\/secure.gravatar.com\/avatar\/46ee021475d60aeff17a7e490b79dea5a5684bb392ab7fd1494027411df8ba23?s=96&d=mm&r=g","caption":"Lea Couderc"}}]}},"_links":{"self":[{"href":"https:\/\/www.iemj.org\/es\/wp-json\/wp\/v2\/posts\/106595","targetHints":{"allow":["GET"]}}],"collection":[{"href":"https:\/\/www.iemj.org\/es\/wp-json\/wp\/v2\/posts"}],"about":[{"href":"https:\/\/www.iemj.org\/es\/wp-json\/wp\/v2\/types\/post"}],"author":[{"embeddable":true,"href":"https:\/\/www.iemj.org\/es\/wp-json\/wp\/v2\/users\/1052"}],"replies":[{"embeddable":true,"href":"https:\/\/www.iemj.org\/es\/wp-json\/wp\/v2\/comments?post=106595"}],"version-history":[{"count":1,"href":"https:\/\/www.iemj.org\/es\/wp-json\/wp\/v2\/posts\/106595\/revisions"}],"predecessor-version":[{"id":126308,"href":"https:\/\/www.iemj.org\/es\/wp-json\/wp\/v2\/posts\/106595\/revisions\/126308"}],"wp:featuredmedia":[{"embeddable":true,"href":"https:\/\/www.iemj.org\/es\/wp-json\/wp\/v2\/media\/106580"}],"wp:attachment":[{"href":"https:\/\/www.iemj.org\/es\/wp-json\/wp\/v2\/media?parent=106595"}],"wp:term":[{"taxonomy":"category","embeddable":true,"href":"https:\/\/www.iemj.org\/es\/wp-json\/wp\/v2\/categories?post=106595"},{"taxonomy":"post_tag","embeddable":true,"href":"https:\/\/www.iemj.org\/es\/wp-json\/wp\/v2\/tags?post=106595"},{"taxonomy":"technique","embeddable":true,"href":"https:\/\/www.iemj.org\/es\/wp-json\/wp\/v2\/technique?post=106595"},{"taxonomy":"squelettes","embeddable":true,"href":"https:\/\/www.iemj.org\/es\/wp-json\/wp\/v2\/squelettes?post=106595"},{"taxonomy":"sujet","embeddable":true,"href":"https:\/\/www.iemj.org\/es\/wp-json\/wp\/v2\/sujet?post=106595"},{"taxonomy":"formation","embeddable":true,"href":"https:\/\/www.iemj.org\/es\/wp-json\/wp\/v2\/formation?post=106595"},{"taxonomy":"genre","embeddable":true,"href":"https:\/\/www.iemj.org\/es\/wp-json\/wp\/v2\/genre?post=106595"},{"taxonomy":"fonds","embeddable":true,"href":"https:\/\/www.iemj.org\/es\/wp-json\/wp\/v2\/fonds?post=106595"},{"taxonomy":"tradition","embeddable":true,"href":"https:\/\/www.iemj.org\/es\/wp-json\/wp\/v2\/tradition?post=106595"},{"taxonomy":"type-de-contenu","embeddable":true,"href":"https:\/\/www.iemj.org\/es\/wp-json\/wp\/v2\/type-de-contenu?post=106595"},{"taxonomy":"interprete-compositeur","embeddable":true,"href":"https:\/\/www.iemj.org\/es\/wp-json\/wp\/v2\/interprete-compositeur?post=106595"},{"taxonomy":"frise","embeddable":true,"href":"https:\/\/www.iemj.org\/es\/wp-json\/wp\/v2\/frise?post=106595"},{"taxonomy":"type-devenement","embeddable":true,"href":"https:\/\/www.iemj.org\/es\/wp-json\/wp\/v2\/type-devenement?post=106595"},{"taxonomy":"tableaux-liens-externes","embeddable":true,"href":"https:\/\/www.iemj.org\/es\/wp-json\/wp\/v2\/tableaux-liens-externes?post=106595"}],"curies":[{"name":"wp","href":"https:\/\/api.w.org\/{rel}","templated":true}]}}