{"id":106664,"date":"2016-02-04T09:54:41","date_gmt":"2016-02-04T08:54:41","guid":{"rendered":"https:\/\/www.iemj.org\/fernand-halphen-un-musicien-israelite-dans-la-grande-guerre-conference-de-laure-schnapper\/"},"modified":"2023-12-28T16:03:46","modified_gmt":"2023-12-28T15:03:46","slug":"fernand-halphen-un-musicien-israelite-dans-la-grande-guerre-conference-de-laure-schnapper","status":"publish","type":"post","link":"https:\/\/www.iemj.org\/es\/fernand-halphen-un-musicien-israelite-dans-la-grande-guerre-conference-de-laure-schnapper\/","title":{"rendered":"Fernand Halphen &#8211; Un m\u00fasico israelita en la Gran Guerra: conferencia de Laure Schnapper"},"content":{"rendered":"\n<p><strong>Presentaci\u00f3n del compositor Fernand Halphen, muerto por Francia en 1917, por Laure Schnapper, en el marco del ciclo de conferencias: arts et politique, en la EHESS<\/strong><\/p>\n\n\n\n<!--more-->\n\n\n\n<p>El compositor <a href=\"https:\/\/www.iemj.org\/es\/halphen-fernand-1872-1917\/\">Fernand Halphen<\/a> (1872-1917), procede de la burgues\u00eda jud\u00eda parisina y fue alumno de Faur\u00e9 y Massenet.<\/p>\n\n\n\n<p>En 1885, Fernand Halphen ingresa en el Conservatorio de Par\u00eds junto a futuros grandes de la m\u00fasica como Henri Rabaud, Florent Schmitt, Charles Koechlin, Georges Enesco y Reynaldo Hahn.<\/p>\n\n\n\n<p>Teniente del 13\u00ba regimiento de infanter\u00eda durante la Primera Guerra Mundial, fue uno de los pocos compositores que cre\u00f3 una orquesta militar (1914). Su carrera como compositor se vio truncada prematuramente a los cuarenta y cinco a\u00f1os por una enfermedad contra\u00edda en el frente durante la Primera Guerra Mundial.<\/p>\n\n\n\n<p><a href=\"https:\/\/www.iemj.org\/es\/fernand-halphen-un-compositeur-dans-la-grande-guerre-2\/\" target=\"_blank\" rel=\"noreferrer noopener\">Ver el concierto de Fernand Halphen en el Mus\u00e9e d&#8217;Art et d&#8217;Histoire du Juda\u00efsme<\/a><\/p>\n\n\n\n<p><a href=\"https:\/\/www.iemj.org\/es\/produit\/fernand-halphen-melodies-pour-piano-et-musique-de-chambre\/\" target=\"_blank\" rel=\"noreferrer noopener\">Pedir el doble CD de Fernand Halphen<\/a><br><a href=\"http:\/\/boutique.iemj.org\/fr\/recherche?controller=search&amp;orderby=position&amp;orderway=desc&amp;search_query=partitions+halphen&amp;submit_search=\" target=\"_blank\" rel=\"noreferrer noopener\">Pedir las partituras de Fernand Halphen<\/a><br><a href=\"https:\/\/www.iemj.org\/produit\/du-salon-au-front-fernand-halphen\/\" target=\"_blank\" rel=\"noreferrer noopener\">Pedir el libro<\/a> <a href=\"https:\/\/www.iemj.org\/produit\/du-salon-au-front-fernand-halphen\/\" target=\"_blank\" rel=\"noreferrer noopener\"><em>Fernand Halphen, du salon au front<\/em>, dirigido por Laure Schnapper<\/a><\/p>\n\n\n\n<div style=\"position: relative; padding-bottom: 56.25%; padding-top: 10px; height: 0; overflow: hidden;\"><iframe style=\"position: absolute; top: 0; left: 0; width: 100%; height: 100%;\" src=\"http:\/\/www.canal-u.tv\/video\/ehess\/embed.1\/fernand_halphen_1872_1917_un_musicien_israelite_dans_la_grande_guerre.20137?width=100%&amp;height=100%\" scrolling=\"no\" allowfullscreen=\"allowfullscreen\" width=\"550\" height=\"306\" frameborder=\"0\"><\/iframe><\/div>\n","protected":false},"excerpt":{"rendered":"<p>Presentaci\u00f3n del compositor Fernand Halphen, muerto por Francia en 1917, por Laure Schnapper, en el marco del ciclo de conferencias: arts et politique, en la EHESS<\/p>\n","protected":false},"author":1052,"featured_media":106665,"comment_status":"closed","ping_status":"open","sticky":false,"template":"","format":"standard","meta":{"_acf_changed":false,"footnotes":""},"categories":[1420],"tags":[],"technique":[],"squelettes":[],"sujet":[],"formation":[],"genre":[],"fonds":[],"tradition":[],"type-de-contenu":[],"interprete-compositeur":[3166],"frise":[],"type-devenement":[],"tableaux-liens-externes":[],"class_list":["post-106664","post","type-post","status-publish","format-standard","has-post-thumbnail","hentry","category-clases-conferencias-2-es","interprete-compositeur-fernand-halphen-es"],"acf":[],"yoast_head":"<!-- This site is optimized with the Yoast SEO plugin v27.3 - https:\/\/yoast.com\/product\/yoast-seo-wordpress\/ -->\n<title>Fernand Halphen - Un m\u00fasico israelita en la Gran Guerra: conferencia de Laure Schnapper - Institut Europ\u00e9en des Musiques Juives<\/title>\n<meta name=\"robots\" content=\"index, follow, max-snippet:-1, max-image-preview:large, max-video-preview:-1\" \/>\n<link rel=\"canonical\" href=\"https:\/\/www.iemj.org\/es\/fernand-halphen-un-musicien-israelite-dans-la-grande-guerre-conference-de-laure-schnapper\/\" \/>\n<meta property=\"og:locale\" content=\"es_ES\" \/>\n<meta property=\"og:type\" content=\"article\" \/>\n<meta property=\"og:title\" content=\"Fernand Halphen - Un m\u00fasico israelita en la Gran Guerra: conferencia de Laure Schnapper - Institut Europ\u00e9en des Musiques Juives\" \/>\n<meta property=\"og:description\" content=\"Presentaci\u00f3n del compositor Fernand Halphen, muerto por Francia en 1917, por Laure Schnapper, en el marco del ciclo de conferencias: arts et politique, en la EHESS\" \/>\n<meta property=\"og:url\" content=\"https:\/\/www.iemj.org\/es\/fernand-halphen-un-musicien-israelite-dans-la-grande-guerre-conference-de-laure-schnapper\/\" \/>\n<meta property=\"og:site_name\" content=\"Institut Europ\u00e9en des Musiques Juives\" \/>\n<meta property=\"article:publisher\" content=\"https:\/\/www.facebook.com\/MusiquesJuives\/\" \/>\n<meta property=\"article:published_time\" content=\"2016-02-04T08:54:41+00:00\" \/>\n<meta property=\"article:modified_time\" content=\"2023-12-28T15:03:46+00:00\" \/>\n<meta property=\"og:image\" content=\"https:\/\/www.iemj.org\/wp-content\/uploads\/2016\/02\/arton1455.jpg\" \/>\n\t<meta property=\"og:image:width\" content=\"463\" \/>\n\t<meta property=\"og:image:height\" content=\"640\" \/>\n\t<meta property=\"og:image:type\" content=\"image\/jpeg\" \/>\n<meta name=\"author\" content=\"Lea Couderc\" \/>\n<meta name=\"twitter:card\" content=\"summary_large_image\" \/>\n<meta name=\"twitter:label1\" content=\"Escrito por\" \/>\n\t<meta name=\"twitter:data1\" content=\"Lea Couderc\" \/>\n\t<meta name=\"twitter:label2\" content=\"Tiempo de lectura\" \/>\n\t<meta name=\"twitter:data2\" content=\"2 minutos\" \/>\n<script type=\"application\/ld+json\" class=\"yoast-schema-graph\">{\"@context\":\"https:\\\/\\\/schema.org\",\"@graph\":[{\"@type\":\"Article\",\"@id\":\"https:\\\/\\\/www.iemj.org\\\/es\\\/fernand-halphen-un-musicien-israelite-dans-la-grande-guerre-conference-de-laure-schnapper\\\/#article\",\"isPartOf\":{\"@id\":\"https:\\\/\\\/www.iemj.org\\\/es\\\/fernand-halphen-un-musicien-israelite-dans-la-grande-guerre-conference-de-laure-schnapper\\\/\"},\"author\":{\"name\":\"Lea Couderc\",\"@id\":\"https:\\\/\\\/www.iemj.org\\\/es\\\/#\\\/schema\\\/person\\\/e2ad57f2c4be119c7ed8ab79036807a9\"},\"headline\":\"Fernand Halphen &#8211; Un m\u00fasico israelita en la Gran Guerra: conferencia de Laure Schnapper\",\"datePublished\":\"2016-02-04T08:54:41+00:00\",\"dateModified\":\"2023-12-28T15:03:46+00:00\",\"mainEntityOfPage\":{\"@id\":\"https:\\\/\\\/www.iemj.org\\\/es\\\/fernand-halphen-un-musicien-israelite-dans-la-grande-guerre-conference-de-laure-schnapper\\\/\"},\"wordCount\":185,\"publisher\":{\"@id\":\"https:\\\/\\\/www.iemj.org\\\/es\\\/#organization\"},\"image\":{\"@id\":\"https:\\\/\\\/www.iemj.org\\\/es\\\/fernand-halphen-un-musicien-israelite-dans-la-grande-guerre-conference-de-laure-schnapper\\\/#primaryimage\"},\"thumbnailUrl\":\"https:\\\/\\\/www.iemj.org\\\/wp-content\\\/uploads\\\/2016\\\/02\\\/arton1455.jpg\",\"articleSection\":[\"Clases \\\/ Conferencias\"],\"inLanguage\":\"es\"},{\"@type\":\"WebPage\",\"@id\":\"https:\\\/\\\/www.iemj.org\\\/es\\\/fernand-halphen-un-musicien-israelite-dans-la-grande-guerre-conference-de-laure-schnapper\\\/\",\"url\":\"https:\\\/\\\/www.iemj.org\\\/es\\\/fernand-halphen-un-musicien-israelite-dans-la-grande-guerre-conference-de-laure-schnapper\\\/\",\"name\":\"Fernand Halphen - Un m\u00fasico israelita en la Gran Guerra: conferencia de Laure Schnapper - Institut Europ\u00e9en des Musiques Juives\",\"isPartOf\":{\"@id\":\"https:\\\/\\\/www.iemj.org\\\/es\\\/#website\"},\"primaryImageOfPage\":{\"@id\":\"https:\\\/\\\/www.iemj.org\\\/es\\\/fernand-halphen-un-musicien-israelite-dans-la-grande-guerre-conference-de-laure-schnapper\\\/#primaryimage\"},\"image\":{\"@id\":\"https:\\\/\\\/www.iemj.org\\\/es\\\/fernand-halphen-un-musicien-israelite-dans-la-grande-guerre-conference-de-laure-schnapper\\\/#primaryimage\"},\"thumbnailUrl\":\"https:\\\/\\\/www.iemj.org\\\/wp-content\\\/uploads\\\/2016\\\/02\\\/arton1455.jpg\",\"datePublished\":\"2016-02-04T08:54:41+00:00\",\"dateModified\":\"2023-12-28T15:03:46+00:00\",\"breadcrumb\":{\"@id\":\"https:\\\/\\\/www.iemj.org\\\/es\\\/fernand-halphen-un-musicien-israelite-dans-la-grande-guerre-conference-de-laure-schnapper\\\/#breadcrumb\"},\"inLanguage\":\"es\",\"potentialAction\":[{\"@type\":\"ReadAction\",\"target\":[\"https:\\\/\\\/www.iemj.org\\\/es\\\/fernand-halphen-un-musicien-israelite-dans-la-grande-guerre-conference-de-laure-schnapper\\\/\"]}]},{\"@type\":\"ImageObject\",\"inLanguage\":\"es\",\"@id\":\"https:\\\/\\\/www.iemj.org\\\/es\\\/fernand-halphen-un-musicien-israelite-dans-la-grande-guerre-conference-de-laure-schnapper\\\/#primaryimage\",\"url\":\"https:\\\/\\\/www.iemj.org\\\/wp-content\\\/uploads\\\/2016\\\/02\\\/arton1455.jpg\",\"contentUrl\":\"https:\\\/\\\/www.iemj.org\\\/wp-content\\\/uploads\\\/2016\\\/02\\\/arton1455.jpg\",\"width\":463,\"height\":640},{\"@type\":\"BreadcrumbList\",\"@id\":\"https:\\\/\\\/www.iemj.org\\\/es\\\/fernand-halphen-un-musicien-israelite-dans-la-grande-guerre-conference-de-laure-schnapper\\\/#breadcrumb\",\"itemListElement\":[{\"@type\":\"ListItem\",\"position\":1,\"name\":\"Accueil\",\"item\":\"https:\\\/\\\/www.iemj.org\\\/es\\\/\"},{\"@type\":\"ListItem\",\"position\":2,\"name\":\"Fernand Halphen &#8211; Un m\u00fasico israelita en la Gran Guerra: conferencia de Laure Schnapper\"}]},{\"@type\":\"WebSite\",\"@id\":\"https:\\\/\\\/www.iemj.org\\\/es\\\/#website\",\"url\":\"https:\\\/\\\/www.iemj.org\\\/es\\\/\",\"name\":\"Institut Europ\u00e9en des Musiques Juives\",\"description\":\"Des traditions musicales \u00e0 la port\u00e9e de tous\",\"publisher\":{\"@id\":\"https:\\\/\\\/www.iemj.org\\\/es\\\/#organization\"},\"potentialAction\":[{\"@type\":\"SearchAction\",\"target\":{\"@type\":\"EntryPoint\",\"urlTemplate\":\"https:\\\/\\\/www.iemj.org\\\/es\\\/?s={search_term_string}\"},\"query-input\":{\"@type\":\"PropertyValueSpecification\",\"valueRequired\":true,\"valueName\":\"search_term_string\"}}],\"inLanguage\":\"es\"},{\"@type\":\"Organization\",\"@id\":\"https:\\\/\\\/www.iemj.org\\\/es\\\/#organization\",\"name\":\"Institut Europ\u00e9en des Musiques Juives\",\"url\":\"https:\\\/\\\/www.iemj.org\\\/es\\\/\",\"logo\":{\"@type\":\"ImageObject\",\"inLanguage\":\"es\",\"@id\":\"https:\\\/\\\/www.iemj.org\\\/es\\\/#\\\/schema\\\/logo\\\/image\\\/\",\"url\":\"https:\\\/\\\/www.iemj.org\\\/wp-content\\\/uploads\\\/2021\\\/09\\\/Logo-IEMJ-Paypal.jpg\",\"contentUrl\":\"https:\\\/\\\/www.iemj.org\\\/wp-content\\\/uploads\\\/2021\\\/09\\\/Logo-IEMJ-Paypal.jpg\",\"width\":150,\"height\":50,\"caption\":\"Institut Europ\u00e9en des Musiques Juives\"},\"image\":{\"@id\":\"https:\\\/\\\/www.iemj.org\\\/es\\\/#\\\/schema\\\/logo\\\/image\\\/\"},\"sameAs\":[\"https:\\\/\\\/www.facebook.com\\\/MusiquesJuives\\\/\",\"https:\\\/\\\/www.instagram.com\\\/musiquesjuives\\\/\",\"https:\\\/\\\/www.youtube.com\\\/user\\\/musiquesjuives\"]},{\"@type\":\"Person\",\"@id\":\"https:\\\/\\\/www.iemj.org\\\/es\\\/#\\\/schema\\\/person\\\/e2ad57f2c4be119c7ed8ab79036807a9\",\"name\":\"Lea Couderc\",\"image\":{\"@type\":\"ImageObject\",\"inLanguage\":\"es\",\"@id\":\"https:\\\/\\\/secure.gravatar.com\\\/avatar\\\/46ee021475d60aeff17a7e490b79dea5a5684bb392ab7fd1494027411df8ba23?s=96&d=mm&r=g\",\"url\":\"https:\\\/\\\/secure.gravatar.com\\\/avatar\\\/46ee021475d60aeff17a7e490b79dea5a5684bb392ab7fd1494027411df8ba23?s=96&d=mm&r=g\",\"contentUrl\":\"https:\\\/\\\/secure.gravatar.com\\\/avatar\\\/46ee021475d60aeff17a7e490b79dea5a5684bb392ab7fd1494027411df8ba23?s=96&d=mm&r=g\",\"caption\":\"Lea Couderc\"}}]}<\/script>\n<!-- \/ Yoast SEO plugin. -->","yoast_head_json":{"title":"Fernand Halphen - Un m\u00fasico israelita en la Gran Guerra: conferencia de Laure Schnapper - Institut Europ\u00e9en des Musiques Juives","robots":{"index":"index","follow":"follow","max-snippet":"max-snippet:-1","max-image-preview":"max-image-preview:large","max-video-preview":"max-video-preview:-1"},"canonical":"https:\/\/www.iemj.org\/es\/fernand-halphen-un-musicien-israelite-dans-la-grande-guerre-conference-de-laure-schnapper\/","og_locale":"es_ES","og_type":"article","og_title":"Fernand Halphen - Un m\u00fasico israelita en la Gran Guerra: conferencia de Laure Schnapper - Institut Europ\u00e9en des Musiques Juives","og_description":"Presentaci\u00f3n del compositor Fernand Halphen, muerto por Francia en 1917, por Laure Schnapper, en el marco del ciclo de conferencias: arts et politique, en la EHESS","og_url":"https:\/\/www.iemj.org\/es\/fernand-halphen-un-musicien-israelite-dans-la-grande-guerre-conference-de-laure-schnapper\/","og_site_name":"Institut Europ\u00e9en des Musiques Juives","article_publisher":"https:\/\/www.facebook.com\/MusiquesJuives\/","article_published_time":"2016-02-04T08:54:41+00:00","article_modified_time":"2023-12-28T15:03:46+00:00","og_image":[{"width":463,"height":640,"url":"https:\/\/www.iemj.org\/wp-content\/uploads\/2016\/02\/arton1455.jpg","type":"image\/jpeg"}],"author":"Lea Couderc","twitter_card":"summary_large_image","twitter_misc":{"Escrito por":"Lea Couderc","Tiempo de lectura":"2 minutos"},"schema":{"@context":"https:\/\/schema.org","@graph":[{"@type":"Article","@id":"https:\/\/www.iemj.org\/es\/fernand-halphen-un-musicien-israelite-dans-la-grande-guerre-conference-de-laure-schnapper\/#article","isPartOf":{"@id":"https:\/\/www.iemj.org\/es\/fernand-halphen-un-musicien-israelite-dans-la-grande-guerre-conference-de-laure-schnapper\/"},"author":{"name":"Lea Couderc","@id":"https:\/\/www.iemj.org\/es\/#\/schema\/person\/e2ad57f2c4be119c7ed8ab79036807a9"},"headline":"Fernand Halphen &#8211; Un m\u00fasico israelita en la Gran Guerra: conferencia de Laure Schnapper","datePublished":"2016-02-04T08:54:41+00:00","dateModified":"2023-12-28T15:03:46+00:00","mainEntityOfPage":{"@id":"https:\/\/www.iemj.org\/es\/fernand-halphen-un-musicien-israelite-dans-la-grande-guerre-conference-de-laure-schnapper\/"},"wordCount":185,"publisher":{"@id":"https:\/\/www.iemj.org\/es\/#organization"},"image":{"@id":"https:\/\/www.iemj.org\/es\/fernand-halphen-un-musicien-israelite-dans-la-grande-guerre-conference-de-laure-schnapper\/#primaryimage"},"thumbnailUrl":"https:\/\/www.iemj.org\/wp-content\/uploads\/2016\/02\/arton1455.jpg","articleSection":["Clases \/ Conferencias"],"inLanguage":"es"},{"@type":"WebPage","@id":"https:\/\/www.iemj.org\/es\/fernand-halphen-un-musicien-israelite-dans-la-grande-guerre-conference-de-laure-schnapper\/","url":"https:\/\/www.iemj.org\/es\/fernand-halphen-un-musicien-israelite-dans-la-grande-guerre-conference-de-laure-schnapper\/","name":"Fernand Halphen - Un m\u00fasico israelita en la Gran Guerra: conferencia de Laure Schnapper - Institut Europ\u00e9en des Musiques Juives","isPartOf":{"@id":"https:\/\/www.iemj.org\/es\/#website"},"primaryImageOfPage":{"@id":"https:\/\/www.iemj.org\/es\/fernand-halphen-un-musicien-israelite-dans-la-grande-guerre-conference-de-laure-schnapper\/#primaryimage"},"image":{"@id":"https:\/\/www.iemj.org\/es\/fernand-halphen-un-musicien-israelite-dans-la-grande-guerre-conference-de-laure-schnapper\/#primaryimage"},"thumbnailUrl":"https:\/\/www.iemj.org\/wp-content\/uploads\/2016\/02\/arton1455.jpg","datePublished":"2016-02-04T08:54:41+00:00","dateModified":"2023-12-28T15:03:46+00:00","breadcrumb":{"@id":"https:\/\/www.iemj.org\/es\/fernand-halphen-un-musicien-israelite-dans-la-grande-guerre-conference-de-laure-schnapper\/#breadcrumb"},"inLanguage":"es","potentialAction":[{"@type":"ReadAction","target":["https:\/\/www.iemj.org\/es\/fernand-halphen-un-musicien-israelite-dans-la-grande-guerre-conference-de-laure-schnapper\/"]}]},{"@type":"ImageObject","inLanguage":"es","@id":"https:\/\/www.iemj.org\/es\/fernand-halphen-un-musicien-israelite-dans-la-grande-guerre-conference-de-laure-schnapper\/#primaryimage","url":"https:\/\/www.iemj.org\/wp-content\/uploads\/2016\/02\/arton1455.jpg","contentUrl":"https:\/\/www.iemj.org\/wp-content\/uploads\/2016\/02\/arton1455.jpg","width":463,"height":640},{"@type":"BreadcrumbList","@id":"https:\/\/www.iemj.org\/es\/fernand-halphen-un-musicien-israelite-dans-la-grande-guerre-conference-de-laure-schnapper\/#breadcrumb","itemListElement":[{"@type":"ListItem","position":1,"name":"Accueil","item":"https:\/\/www.iemj.org\/es\/"},{"@type":"ListItem","position":2,"name":"Fernand Halphen &#8211; Un m\u00fasico israelita en la Gran Guerra: conferencia de Laure Schnapper"}]},{"@type":"WebSite","@id":"https:\/\/www.iemj.org\/es\/#website","url":"https:\/\/www.iemj.org\/es\/","name":"Institut Europ\u00e9en des Musiques Juives","description":"Des traditions musicales \u00e0 la port\u00e9e de tous","publisher":{"@id":"https:\/\/www.iemj.org\/es\/#organization"},"potentialAction":[{"@type":"SearchAction","target":{"@type":"EntryPoint","urlTemplate":"https:\/\/www.iemj.org\/es\/?s={search_term_string}"},"query-input":{"@type":"PropertyValueSpecification","valueRequired":true,"valueName":"search_term_string"}}],"inLanguage":"es"},{"@type":"Organization","@id":"https:\/\/www.iemj.org\/es\/#organization","name":"Institut Europ\u00e9en des Musiques Juives","url":"https:\/\/www.iemj.org\/es\/","logo":{"@type":"ImageObject","inLanguage":"es","@id":"https:\/\/www.iemj.org\/es\/#\/schema\/logo\/image\/","url":"https:\/\/www.iemj.org\/wp-content\/uploads\/2021\/09\/Logo-IEMJ-Paypal.jpg","contentUrl":"https:\/\/www.iemj.org\/wp-content\/uploads\/2021\/09\/Logo-IEMJ-Paypal.jpg","width":150,"height":50,"caption":"Institut Europ\u00e9en des Musiques Juives"},"image":{"@id":"https:\/\/www.iemj.org\/es\/#\/schema\/logo\/image\/"},"sameAs":["https:\/\/www.facebook.com\/MusiquesJuives\/","https:\/\/www.instagram.com\/musiquesjuives\/","https:\/\/www.youtube.com\/user\/musiquesjuives"]},{"@type":"Person","@id":"https:\/\/www.iemj.org\/es\/#\/schema\/person\/e2ad57f2c4be119c7ed8ab79036807a9","name":"Lea Couderc","image":{"@type":"ImageObject","inLanguage":"es","@id":"https:\/\/secure.gravatar.com\/avatar\/46ee021475d60aeff17a7e490b79dea5a5684bb392ab7fd1494027411df8ba23?s=96&d=mm&r=g","url":"https:\/\/secure.gravatar.com\/avatar\/46ee021475d60aeff17a7e490b79dea5a5684bb392ab7fd1494027411df8ba23?s=96&d=mm&r=g","contentUrl":"https:\/\/secure.gravatar.com\/avatar\/46ee021475d60aeff17a7e490b79dea5a5684bb392ab7fd1494027411df8ba23?s=96&d=mm&r=g","caption":"Lea Couderc"}}]}},"_links":{"self":[{"href":"https:\/\/www.iemj.org\/es\/wp-json\/wp\/v2\/posts\/106664","targetHints":{"allow":["GET"]}}],"collection":[{"href":"https:\/\/www.iemj.org\/es\/wp-json\/wp\/v2\/posts"}],"about":[{"href":"https:\/\/www.iemj.org\/es\/wp-json\/wp\/v2\/types\/post"}],"author":[{"embeddable":true,"href":"https:\/\/www.iemj.org\/es\/wp-json\/wp\/v2\/users\/1052"}],"replies":[{"embeddable":true,"href":"https:\/\/www.iemj.org\/es\/wp-json\/wp\/v2\/comments?post=106664"}],"version-history":[{"count":0,"href":"https:\/\/www.iemj.org\/es\/wp-json\/wp\/v2\/posts\/106664\/revisions"}],"wp:featuredmedia":[{"embeddable":true,"href":"https:\/\/www.iemj.org\/es\/wp-json\/wp\/v2\/media\/106665"}],"wp:attachment":[{"href":"https:\/\/www.iemj.org\/es\/wp-json\/wp\/v2\/media?parent=106664"}],"wp:term":[{"taxonomy":"category","embeddable":true,"href":"https:\/\/www.iemj.org\/es\/wp-json\/wp\/v2\/categories?post=106664"},{"taxonomy":"post_tag","embeddable":true,"href":"https:\/\/www.iemj.org\/es\/wp-json\/wp\/v2\/tags?post=106664"},{"taxonomy":"technique","embeddable":true,"href":"https:\/\/www.iemj.org\/es\/wp-json\/wp\/v2\/technique?post=106664"},{"taxonomy":"squelettes","embeddable":true,"href":"https:\/\/www.iemj.org\/es\/wp-json\/wp\/v2\/squelettes?post=106664"},{"taxonomy":"sujet","embeddable":true,"href":"https:\/\/www.iemj.org\/es\/wp-json\/wp\/v2\/sujet?post=106664"},{"taxonomy":"formation","embeddable":true,"href":"https:\/\/www.iemj.org\/es\/wp-json\/wp\/v2\/formation?post=106664"},{"taxonomy":"genre","embeddable":true,"href":"https:\/\/www.iemj.org\/es\/wp-json\/wp\/v2\/genre?post=106664"},{"taxonomy":"fonds","embeddable":true,"href":"https:\/\/www.iemj.org\/es\/wp-json\/wp\/v2\/fonds?post=106664"},{"taxonomy":"tradition","embeddable":true,"href":"https:\/\/www.iemj.org\/es\/wp-json\/wp\/v2\/tradition?post=106664"},{"taxonomy":"type-de-contenu","embeddable":true,"href":"https:\/\/www.iemj.org\/es\/wp-json\/wp\/v2\/type-de-contenu?post=106664"},{"taxonomy":"interprete-compositeur","embeddable":true,"href":"https:\/\/www.iemj.org\/es\/wp-json\/wp\/v2\/interprete-compositeur?post=106664"},{"taxonomy":"frise","embeddable":true,"href":"https:\/\/www.iemj.org\/es\/wp-json\/wp\/v2\/frise?post=106664"},{"taxonomy":"type-devenement","embeddable":true,"href":"https:\/\/www.iemj.org\/es\/wp-json\/wp\/v2\/type-devenement?post=106664"},{"taxonomy":"tableaux-liens-externes","embeddable":true,"href":"https:\/\/www.iemj.org\/es\/wp-json\/wp\/v2\/tableaux-liens-externes?post=106664"}],"curies":[{"name":"wp","href":"https:\/\/api.w.org\/{rel}","templated":true}]}}