{"id":106671,"date":"2017-03-27T16:41:14","date_gmt":"2017-03-27T14:41:14","guid":{"rendered":"https:\/\/www.iemj.org\/conference-herve-roten-chansons-francaises-chansons-juives-une-interference-creative\/"},"modified":"2024-01-01T17:34:07","modified_gmt":"2024-01-01T16:34:07","slug":"conference-herve-roten-chansons-francaises-chansons-juives-une-interference-creative","status":"publish","type":"post","link":"https:\/\/www.iemj.org\/es\/conference-herve-roten-chansons-francaises-chansons-juives-une-interference-creative\/","title":{"rendered":"CONFERENCIA DE HERV\u00c9 ROTEN &#8211; CANCIONES FRANCESAS, CANCIONES JUD\u00cdAS: UNA INTERFERENCIA CREATIVA"},"content":{"rendered":"<p><!--more--><\/p>\n<p>Desde que se tiene constancia de la presencia jud\u00eda en Francia, es inevitable que haya puntos de encuentro entre las comunidades jud\u00edas y su entorno.<br \/>\nEstos intercambios se produjeron a varios niveles: comercial, cient\u00edfico, ling\u00fc\u00edstico, culinario y tambi\u00e9n musical. As\u00ed, los cantantes jud\u00edos se vieron influidos por las canciones francesas, y los artistas franceses por las canciones jud\u00edas.<\/p>\n<p>Reservas en la p\u00e1gina web <a href=\"http:\/\/www.centre-medem.org\/\">http:\/\/www.centre-medem.org\/<\/a><\/p>\n<p><a href=\"https:\/\/www.iemj.org\/wp-content\/uploads\/2017\/03\/programme_campus_en_musique-2.pdf\" target=\"_blank\" rel=\"noopener\">Descargar el programa de Campus en Musique<\/a><\/p>\n<h2><a href=\"https:\/\/www.iemj.org\/es\/conference-musique-langues-et-chansons-juives\/\" target=\"_blank\" rel=\"noopener\">Vea la conferencia (en franc\u00e9s)<\/a><\/h2>\n","protected":false},"excerpt":{"rendered":"","protected":false},"author":5,"featured_media":39517,"comment_status":"closed","ping_status":"open","sticky":false,"template":"","format":"standard","meta":{"_acf_changed":false,"footnotes":""},"categories":[1384,1372],"tags":[3422],"technique":[],"squelettes":[],"sujet":[],"formation":[],"genre":[],"fonds":[],"tradition":[],"type-de-contenu":[],"interprete-compositeur":[],"frise":[],"type-devenement":[],"tableaux-liens-externes":[],"class_list":["post-106671","post","type-post","status-publish","format-standard","has-post-thumbnail","hentry","category-clases-conferencias-es","category-manifestaciones-es","tag-eventos-asociados-es"],"acf":[],"yoast_head":"<!-- This site is optimized with the Yoast SEO plugin v27.3 - https:\/\/yoast.com\/product\/yoast-seo-wordpress\/ -->\n<title>CONFERENCIA DE HERV\u00c9 ROTEN - CANCIONES FRANCESAS, CANCIONES JUD\u00cdAS: UNA INTERFERENCIA CREATIVA - Institut Europ\u00e9en des Musiques Juives<\/title>\n<meta name=\"robots\" content=\"index, follow, max-snippet:-1, max-image-preview:large, max-video-preview:-1\" \/>\n<link rel=\"canonical\" href=\"https:\/\/www.iemj.org\/es\/conference-herve-roten-chansons-francaises-chansons-juives-une-interference-creative\/\" \/>\n<meta property=\"og:locale\" content=\"es_ES\" \/>\n<meta property=\"og:type\" content=\"article\" \/>\n<meta property=\"og:title\" content=\"CONFERENCIA DE HERV\u00c9 ROTEN - CANCIONES FRANCESAS, CANCIONES JUD\u00cdAS: UNA INTERFERENCIA CREATIVA - Institut Europ\u00e9en des Musiques Juives\" \/>\n<meta property=\"og:url\" content=\"https:\/\/www.iemj.org\/es\/conference-herve-roten-chansons-francaises-chansons-juives-une-interference-creative\/\" \/>\n<meta property=\"og:site_name\" content=\"Institut Europ\u00e9en des Musiques Juives\" \/>\n<meta property=\"article:publisher\" content=\"https:\/\/www.facebook.com\/MusiquesJuives\/\" \/>\n<meta property=\"article:published_time\" content=\"2017-03-27T14:41:14+00:00\" \/>\n<meta property=\"article:modified_time\" content=\"2024-01-01T16:34:07+00:00\" \/>\n<meta property=\"og:image\" content=\"https:\/\/www.iemj.org\/wp-content\/uploads\/2017\/03\/arton2206-e1620050707279.jpg\" \/>\n\t<meta property=\"og:image:width\" content=\"350\" \/>\n\t<meta property=\"og:image:height\" content=\"496\" \/>\n\t<meta property=\"og:image:type\" content=\"image\/jpeg\" \/>\n<meta name=\"author\" content=\"Jacqueline ROTEN\" \/>\n<meta name=\"twitter:card\" content=\"summary_large_image\" \/>\n<meta name=\"twitter:label1\" content=\"Escrito por\" \/>\n\t<meta name=\"twitter:data1\" content=\"Jacqueline ROTEN\" \/>\n\t<meta name=\"twitter:label2\" content=\"Tiempo de lectura\" \/>\n\t<meta name=\"twitter:data2\" content=\"1 minuto\" \/>\n<script type=\"application\/ld+json\" class=\"yoast-schema-graph\">{\"@context\":\"https:\\\/\\\/schema.org\",\"@graph\":[{\"@type\":\"Article\",\"@id\":\"https:\\\/\\\/www.iemj.org\\\/es\\\/conference-herve-roten-chansons-francaises-chansons-juives-une-interference-creative\\\/#article\",\"isPartOf\":{\"@id\":\"https:\\\/\\\/www.iemj.org\\\/es\\\/conference-herve-roten-chansons-francaises-chansons-juives-une-interference-creative\\\/\"},\"author\":{\"name\":\"Jacqueline ROTEN\",\"@id\":\"https:\\\/\\\/www.iemj.org\\\/es\\\/#\\\/schema\\\/person\\\/358e26c18aca017fcc4cc15437f7279c\"},\"headline\":\"CONFERENCIA DE HERV\u00c9 ROTEN &#8211; CANCIONES FRANCESAS, CANCIONES JUD\u00cdAS: UNA INTERFERENCIA CREATIVA\",\"datePublished\":\"2017-03-27T14:41:14+00:00\",\"dateModified\":\"2024-01-01T16:34:07+00:00\",\"mainEntityOfPage\":{\"@id\":\"https:\\\/\\\/www.iemj.org\\\/es\\\/conference-herve-roten-chansons-francaises-chansons-juives-une-interference-creative\\\/\"},\"wordCount\":101,\"publisher\":{\"@id\":\"https:\\\/\\\/www.iemj.org\\\/es\\\/#organization\"},\"image\":{\"@id\":\"https:\\\/\\\/www.iemj.org\\\/es\\\/conference-herve-roten-chansons-francaises-chansons-juives-une-interference-creative\\\/#primaryimage\"},\"thumbnailUrl\":\"https:\\\/\\\/www.iemj.org\\\/wp-content\\\/uploads\\\/2017\\\/03\\\/arton2206-e1620050707279.jpg\",\"keywords\":[\"Eventos asociados\"],\"articleSection\":[\"Clases \\\/ Conferencias\",\"Manifestaciones\"],\"inLanguage\":\"es\"},{\"@type\":\"WebPage\",\"@id\":\"https:\\\/\\\/www.iemj.org\\\/es\\\/conference-herve-roten-chansons-francaises-chansons-juives-une-interference-creative\\\/\",\"url\":\"https:\\\/\\\/www.iemj.org\\\/es\\\/conference-herve-roten-chansons-francaises-chansons-juives-une-interference-creative\\\/\",\"name\":\"CONFERENCIA DE HERV\u00c9 ROTEN - CANCIONES FRANCESAS, CANCIONES JUD\u00cdAS: UNA INTERFERENCIA CREATIVA - Institut Europ\u00e9en des Musiques Juives\",\"isPartOf\":{\"@id\":\"https:\\\/\\\/www.iemj.org\\\/es\\\/#website\"},\"primaryImageOfPage\":{\"@id\":\"https:\\\/\\\/www.iemj.org\\\/es\\\/conference-herve-roten-chansons-francaises-chansons-juives-une-interference-creative\\\/#primaryimage\"},\"image\":{\"@id\":\"https:\\\/\\\/www.iemj.org\\\/es\\\/conference-herve-roten-chansons-francaises-chansons-juives-une-interference-creative\\\/#primaryimage\"},\"thumbnailUrl\":\"https:\\\/\\\/www.iemj.org\\\/wp-content\\\/uploads\\\/2017\\\/03\\\/arton2206-e1620050707279.jpg\",\"datePublished\":\"2017-03-27T14:41:14+00:00\",\"dateModified\":\"2024-01-01T16:34:07+00:00\",\"breadcrumb\":{\"@id\":\"https:\\\/\\\/www.iemj.org\\\/es\\\/conference-herve-roten-chansons-francaises-chansons-juives-une-interference-creative\\\/#breadcrumb\"},\"inLanguage\":\"es\",\"potentialAction\":[{\"@type\":\"ReadAction\",\"target\":[\"https:\\\/\\\/www.iemj.org\\\/es\\\/conference-herve-roten-chansons-francaises-chansons-juives-une-interference-creative\\\/\"]}]},{\"@type\":\"ImageObject\",\"inLanguage\":\"es\",\"@id\":\"https:\\\/\\\/www.iemj.org\\\/es\\\/conference-herve-roten-chansons-francaises-chansons-juives-une-interference-creative\\\/#primaryimage\",\"url\":\"https:\\\/\\\/www.iemj.org\\\/wp-content\\\/uploads\\\/2017\\\/03\\\/arton2206-e1620050707279.jpg\",\"contentUrl\":\"https:\\\/\\\/www.iemj.org\\\/wp-content\\\/uploads\\\/2017\\\/03\\\/arton2206-e1620050707279.jpg\",\"width\":350,\"height\":496},{\"@type\":\"BreadcrumbList\",\"@id\":\"https:\\\/\\\/www.iemj.org\\\/es\\\/conference-herve-roten-chansons-francaises-chansons-juives-une-interference-creative\\\/#breadcrumb\",\"itemListElement\":[{\"@type\":\"ListItem\",\"position\":1,\"name\":\"Accueil\",\"item\":\"https:\\\/\\\/www.iemj.org\\\/es\\\/\"},{\"@type\":\"ListItem\",\"position\":2,\"name\":\"CONFERENCIA DE HERV\u00c9 ROTEN &#8211; CANCIONES FRANCESAS, CANCIONES JUD\u00cdAS: UNA INTERFERENCIA CREATIVA\"}]},{\"@type\":\"WebSite\",\"@id\":\"https:\\\/\\\/www.iemj.org\\\/es\\\/#website\",\"url\":\"https:\\\/\\\/www.iemj.org\\\/es\\\/\",\"name\":\"Institut Europ\u00e9en des Musiques Juives\",\"description\":\"Des traditions musicales \u00e0 la port\u00e9e de tous\",\"publisher\":{\"@id\":\"https:\\\/\\\/www.iemj.org\\\/es\\\/#organization\"},\"potentialAction\":[{\"@type\":\"SearchAction\",\"target\":{\"@type\":\"EntryPoint\",\"urlTemplate\":\"https:\\\/\\\/www.iemj.org\\\/es\\\/?s={search_term_string}\"},\"query-input\":{\"@type\":\"PropertyValueSpecification\",\"valueRequired\":true,\"valueName\":\"search_term_string\"}}],\"inLanguage\":\"es\"},{\"@type\":\"Organization\",\"@id\":\"https:\\\/\\\/www.iemj.org\\\/es\\\/#organization\",\"name\":\"Institut Europ\u00e9en des Musiques Juives\",\"url\":\"https:\\\/\\\/www.iemj.org\\\/es\\\/\",\"logo\":{\"@type\":\"ImageObject\",\"inLanguage\":\"es\",\"@id\":\"https:\\\/\\\/www.iemj.org\\\/es\\\/#\\\/schema\\\/logo\\\/image\\\/\",\"url\":\"https:\\\/\\\/www.iemj.org\\\/wp-content\\\/uploads\\\/2021\\\/09\\\/Logo-IEMJ-Paypal.jpg\",\"contentUrl\":\"https:\\\/\\\/www.iemj.org\\\/wp-content\\\/uploads\\\/2021\\\/09\\\/Logo-IEMJ-Paypal.jpg\",\"width\":150,\"height\":50,\"caption\":\"Institut Europ\u00e9en des Musiques Juives\"},\"image\":{\"@id\":\"https:\\\/\\\/www.iemj.org\\\/es\\\/#\\\/schema\\\/logo\\\/image\\\/\"},\"sameAs\":[\"https:\\\/\\\/www.facebook.com\\\/MusiquesJuives\\\/\",\"https:\\\/\\\/www.instagram.com\\\/musiquesjuives\\\/\",\"https:\\\/\\\/www.youtube.com\\\/user\\\/musiquesjuives\"]},{\"@type\":\"Person\",\"@id\":\"https:\\\/\\\/www.iemj.org\\\/es\\\/#\\\/schema\\\/person\\\/358e26c18aca017fcc4cc15437f7279c\",\"name\":\"Jacqueline ROTEN\",\"image\":{\"@type\":\"ImageObject\",\"inLanguage\":\"es\",\"@id\":\"https:\\\/\\\/secure.gravatar.com\\\/avatar\\\/5964256d6c6957de3a3505278957e0fb2a35119ac47ea41827a65301213c810b?s=96&d=mm&r=g\",\"url\":\"https:\\\/\\\/secure.gravatar.com\\\/avatar\\\/5964256d6c6957de3a3505278957e0fb2a35119ac47ea41827a65301213c810b?s=96&d=mm&r=g\",\"contentUrl\":\"https:\\\/\\\/secure.gravatar.com\\\/avatar\\\/5964256d6c6957de3a3505278957e0fb2a35119ac47ea41827a65301213c810b?s=96&d=mm&r=g\",\"caption\":\"Jacqueline ROTEN\"}}]}<\/script>\n<!-- \/ Yoast SEO plugin. -->","yoast_head_json":{"title":"CONFERENCIA DE HERV\u00c9 ROTEN - CANCIONES FRANCESAS, CANCIONES JUD\u00cdAS: UNA INTERFERENCIA CREATIVA - Institut Europ\u00e9en des Musiques Juives","robots":{"index":"index","follow":"follow","max-snippet":"max-snippet:-1","max-image-preview":"max-image-preview:large","max-video-preview":"max-video-preview:-1"},"canonical":"https:\/\/www.iemj.org\/es\/conference-herve-roten-chansons-francaises-chansons-juives-une-interference-creative\/","og_locale":"es_ES","og_type":"article","og_title":"CONFERENCIA DE HERV\u00c9 ROTEN - CANCIONES FRANCESAS, CANCIONES JUD\u00cdAS: UNA INTERFERENCIA CREATIVA - Institut Europ\u00e9en des Musiques Juives","og_url":"https:\/\/www.iemj.org\/es\/conference-herve-roten-chansons-francaises-chansons-juives-une-interference-creative\/","og_site_name":"Institut Europ\u00e9en des Musiques Juives","article_publisher":"https:\/\/www.facebook.com\/MusiquesJuives\/","article_published_time":"2017-03-27T14:41:14+00:00","article_modified_time":"2024-01-01T16:34:07+00:00","og_image":[{"width":350,"height":496,"url":"https:\/\/www.iemj.org\/wp-content\/uploads\/2017\/03\/arton2206-e1620050707279.jpg","type":"image\/jpeg"}],"author":"Jacqueline ROTEN","twitter_card":"summary_large_image","twitter_misc":{"Escrito por":"Jacqueline ROTEN","Tiempo de lectura":"1 minuto"},"schema":{"@context":"https:\/\/schema.org","@graph":[{"@type":"Article","@id":"https:\/\/www.iemj.org\/es\/conference-herve-roten-chansons-francaises-chansons-juives-une-interference-creative\/#article","isPartOf":{"@id":"https:\/\/www.iemj.org\/es\/conference-herve-roten-chansons-francaises-chansons-juives-une-interference-creative\/"},"author":{"name":"Jacqueline ROTEN","@id":"https:\/\/www.iemj.org\/es\/#\/schema\/person\/358e26c18aca017fcc4cc15437f7279c"},"headline":"CONFERENCIA DE HERV\u00c9 ROTEN &#8211; CANCIONES FRANCESAS, CANCIONES JUD\u00cdAS: UNA INTERFERENCIA CREATIVA","datePublished":"2017-03-27T14:41:14+00:00","dateModified":"2024-01-01T16:34:07+00:00","mainEntityOfPage":{"@id":"https:\/\/www.iemj.org\/es\/conference-herve-roten-chansons-francaises-chansons-juives-une-interference-creative\/"},"wordCount":101,"publisher":{"@id":"https:\/\/www.iemj.org\/es\/#organization"},"image":{"@id":"https:\/\/www.iemj.org\/es\/conference-herve-roten-chansons-francaises-chansons-juives-une-interference-creative\/#primaryimage"},"thumbnailUrl":"https:\/\/www.iemj.org\/wp-content\/uploads\/2017\/03\/arton2206-e1620050707279.jpg","keywords":["Eventos asociados"],"articleSection":["Clases \/ Conferencias","Manifestaciones"],"inLanguage":"es"},{"@type":"WebPage","@id":"https:\/\/www.iemj.org\/es\/conference-herve-roten-chansons-francaises-chansons-juives-une-interference-creative\/","url":"https:\/\/www.iemj.org\/es\/conference-herve-roten-chansons-francaises-chansons-juives-une-interference-creative\/","name":"CONFERENCIA DE HERV\u00c9 ROTEN - CANCIONES FRANCESAS, CANCIONES JUD\u00cdAS: UNA INTERFERENCIA CREATIVA - Institut Europ\u00e9en des Musiques Juives","isPartOf":{"@id":"https:\/\/www.iemj.org\/es\/#website"},"primaryImageOfPage":{"@id":"https:\/\/www.iemj.org\/es\/conference-herve-roten-chansons-francaises-chansons-juives-une-interference-creative\/#primaryimage"},"image":{"@id":"https:\/\/www.iemj.org\/es\/conference-herve-roten-chansons-francaises-chansons-juives-une-interference-creative\/#primaryimage"},"thumbnailUrl":"https:\/\/www.iemj.org\/wp-content\/uploads\/2017\/03\/arton2206-e1620050707279.jpg","datePublished":"2017-03-27T14:41:14+00:00","dateModified":"2024-01-01T16:34:07+00:00","breadcrumb":{"@id":"https:\/\/www.iemj.org\/es\/conference-herve-roten-chansons-francaises-chansons-juives-une-interference-creative\/#breadcrumb"},"inLanguage":"es","potentialAction":[{"@type":"ReadAction","target":["https:\/\/www.iemj.org\/es\/conference-herve-roten-chansons-francaises-chansons-juives-une-interference-creative\/"]}]},{"@type":"ImageObject","inLanguage":"es","@id":"https:\/\/www.iemj.org\/es\/conference-herve-roten-chansons-francaises-chansons-juives-une-interference-creative\/#primaryimage","url":"https:\/\/www.iemj.org\/wp-content\/uploads\/2017\/03\/arton2206-e1620050707279.jpg","contentUrl":"https:\/\/www.iemj.org\/wp-content\/uploads\/2017\/03\/arton2206-e1620050707279.jpg","width":350,"height":496},{"@type":"BreadcrumbList","@id":"https:\/\/www.iemj.org\/es\/conference-herve-roten-chansons-francaises-chansons-juives-une-interference-creative\/#breadcrumb","itemListElement":[{"@type":"ListItem","position":1,"name":"Accueil","item":"https:\/\/www.iemj.org\/es\/"},{"@type":"ListItem","position":2,"name":"CONFERENCIA DE HERV\u00c9 ROTEN &#8211; CANCIONES FRANCESAS, CANCIONES JUD\u00cdAS: UNA INTERFERENCIA CREATIVA"}]},{"@type":"WebSite","@id":"https:\/\/www.iemj.org\/es\/#website","url":"https:\/\/www.iemj.org\/es\/","name":"Institut Europ\u00e9en des Musiques Juives","description":"Des traditions musicales \u00e0 la port\u00e9e de tous","publisher":{"@id":"https:\/\/www.iemj.org\/es\/#organization"},"potentialAction":[{"@type":"SearchAction","target":{"@type":"EntryPoint","urlTemplate":"https:\/\/www.iemj.org\/es\/?s={search_term_string}"},"query-input":{"@type":"PropertyValueSpecification","valueRequired":true,"valueName":"search_term_string"}}],"inLanguage":"es"},{"@type":"Organization","@id":"https:\/\/www.iemj.org\/es\/#organization","name":"Institut Europ\u00e9en des Musiques Juives","url":"https:\/\/www.iemj.org\/es\/","logo":{"@type":"ImageObject","inLanguage":"es","@id":"https:\/\/www.iemj.org\/es\/#\/schema\/logo\/image\/","url":"https:\/\/www.iemj.org\/wp-content\/uploads\/2021\/09\/Logo-IEMJ-Paypal.jpg","contentUrl":"https:\/\/www.iemj.org\/wp-content\/uploads\/2021\/09\/Logo-IEMJ-Paypal.jpg","width":150,"height":50,"caption":"Institut Europ\u00e9en des Musiques Juives"},"image":{"@id":"https:\/\/www.iemj.org\/es\/#\/schema\/logo\/image\/"},"sameAs":["https:\/\/www.facebook.com\/MusiquesJuives\/","https:\/\/www.instagram.com\/musiquesjuives\/","https:\/\/www.youtube.com\/user\/musiquesjuives"]},{"@type":"Person","@id":"https:\/\/www.iemj.org\/es\/#\/schema\/person\/358e26c18aca017fcc4cc15437f7279c","name":"Jacqueline ROTEN","image":{"@type":"ImageObject","inLanguage":"es","@id":"https:\/\/secure.gravatar.com\/avatar\/5964256d6c6957de3a3505278957e0fb2a35119ac47ea41827a65301213c810b?s=96&d=mm&r=g","url":"https:\/\/secure.gravatar.com\/avatar\/5964256d6c6957de3a3505278957e0fb2a35119ac47ea41827a65301213c810b?s=96&d=mm&r=g","contentUrl":"https:\/\/secure.gravatar.com\/avatar\/5964256d6c6957de3a3505278957e0fb2a35119ac47ea41827a65301213c810b?s=96&d=mm&r=g","caption":"Jacqueline ROTEN"}}]}},"_links":{"self":[{"href":"https:\/\/www.iemj.org\/es\/wp-json\/wp\/v2\/posts\/106671","targetHints":{"allow":["GET"]}}],"collection":[{"href":"https:\/\/www.iemj.org\/es\/wp-json\/wp\/v2\/posts"}],"about":[{"href":"https:\/\/www.iemj.org\/es\/wp-json\/wp\/v2\/types\/post"}],"author":[{"embeddable":true,"href":"https:\/\/www.iemj.org\/es\/wp-json\/wp\/v2\/users\/5"}],"replies":[{"embeddable":true,"href":"https:\/\/www.iemj.org\/es\/wp-json\/wp\/v2\/comments?post=106671"}],"version-history":[{"count":0,"href":"https:\/\/www.iemj.org\/es\/wp-json\/wp\/v2\/posts\/106671\/revisions"}],"wp:featuredmedia":[{"embeddable":true,"href":"https:\/\/www.iemj.org\/es\/wp-json\/wp\/v2\/media\/39517"}],"wp:attachment":[{"href":"https:\/\/www.iemj.org\/es\/wp-json\/wp\/v2\/media?parent=106671"}],"wp:term":[{"taxonomy":"category","embeddable":true,"href":"https:\/\/www.iemj.org\/es\/wp-json\/wp\/v2\/categories?post=106671"},{"taxonomy":"post_tag","embeddable":true,"href":"https:\/\/www.iemj.org\/es\/wp-json\/wp\/v2\/tags?post=106671"},{"taxonomy":"technique","embeddable":true,"href":"https:\/\/www.iemj.org\/es\/wp-json\/wp\/v2\/technique?post=106671"},{"taxonomy":"squelettes","embeddable":true,"href":"https:\/\/www.iemj.org\/es\/wp-json\/wp\/v2\/squelettes?post=106671"},{"taxonomy":"sujet","embeddable":true,"href":"https:\/\/www.iemj.org\/es\/wp-json\/wp\/v2\/sujet?post=106671"},{"taxonomy":"formation","embeddable":true,"href":"https:\/\/www.iemj.org\/es\/wp-json\/wp\/v2\/formation?post=106671"},{"taxonomy":"genre","embeddable":true,"href":"https:\/\/www.iemj.org\/es\/wp-json\/wp\/v2\/genre?post=106671"},{"taxonomy":"fonds","embeddable":true,"href":"https:\/\/www.iemj.org\/es\/wp-json\/wp\/v2\/fonds?post=106671"},{"taxonomy":"tradition","embeddable":true,"href":"https:\/\/www.iemj.org\/es\/wp-json\/wp\/v2\/tradition?post=106671"},{"taxonomy":"type-de-contenu","embeddable":true,"href":"https:\/\/www.iemj.org\/es\/wp-json\/wp\/v2\/type-de-contenu?post=106671"},{"taxonomy":"interprete-compositeur","embeddable":true,"href":"https:\/\/www.iemj.org\/es\/wp-json\/wp\/v2\/interprete-compositeur?post=106671"},{"taxonomy":"frise","embeddable":true,"href":"https:\/\/www.iemj.org\/es\/wp-json\/wp\/v2\/frise?post=106671"},{"taxonomy":"type-devenement","embeddable":true,"href":"https:\/\/www.iemj.org\/es\/wp-json\/wp\/v2\/type-devenement?post=106671"},{"taxonomy":"tableaux-liens-externes","embeddable":true,"href":"https:\/\/www.iemj.org\/es\/wp-json\/wp\/v2\/tableaux-liens-externes?post=106671"}],"curies":[{"name":"wp","href":"https:\/\/api.w.org\/{rel}","templated":true}]}}